{"id":10394,"date":"2022-06-22T00:00:00","date_gmt":"2022-06-22T00:00:00","guid":{"rendered":"https:\/\/mwc-cmm.org\/gapn-webinar-do-i-stay-or-do-i-go-june-27-29-2022-3\/"},"modified":"2024-12-10T17:19:07","modified_gmt":"2024-12-10T17:19:07","slug":"webinaire-de-gapn-faut-il-rester-ou-partir-27-29-juin-2022","status":"publish","type":"post","link":"https:\/\/mwc-cmm.org\/fr\/stories\/webinaire-de-gapn-faut-il-rester-ou-partir-27-29-juin-2022\/","title":{"rendered":"Webinaire de GAPN: \u00ab\u00a0Faut-il rester, ou partir?\u00a0\u00bb 27-29 juin 2022"},"content":{"rendered":"<p>Chers amis, ch\u00e8res amies,<br \/>\n&nbsp;<br \/>\nNous aimerions vous inviter \u00e0 participer \u00e0 notre rassemblement en ligne du R\u00e9seau Anabaptiste Mondial pour la Paix (GAPN) du 27 au 29 juin 2022. Nous sommes impatients de vous rencontrer toutes et tous. Chaque jour, nous pr\u00e9voyons de nous r\u00e9unir pendant 3 heures, \u00e0 partir de 8h00 (Winnipeg\/Bogot\u00e1), 9h00 (Harrisonburg, New York), 15h00 (Amsterdam\/Berlin\/Paris), ou 20h (Bangkok\/Jakarta).&nbsp;<\/p>\n<p>Le th\u00e8me de notre rencontre GAPN sera \u00ab\u00a0Faut-il rester, ou partir?\u201d. Ce th\u00e8me est inspir\u00e9 par les paroles de nombreuses personnes dans des contextes de guerre qui se d\u00e9battent avec le dilemme de rester ou de quitter leur maison. Chaque d\u00e9cision, aussi difficile soit-elle, est porteuse d&rsquo;int\u00e9grit\u00e9 pour prot\u00e9ger la vie et les proches. De nombreuses personnes et communaut\u00e9s sont confront\u00e9es \u00e0 des situations de conflit et de violence qui n\u00e9cessitent des d\u00e9cisions difficiles.<br \/>\n&nbsp;<br \/>\nNotre rassemblement comprendra (1) des temps pour se pr\u00e9senter et apprendre \u00e0 se conna\u00eetre ; (2) les contributions de diff\u00e9rents orateurs qui exploreront ce sujet, dont Isaac Villegas et Erica Littlewolf (Am\u00e9rique du Nord) ainsi que Lakan Sumulong et Tala Alngag Bautista (Philippines). Ils et elles parleront des d\u00e9fis et des opportunit\u00e9s qu&rsquo;ils identifient dans leur propre contexte; (3) des temps pour des conversations de groupe ; (4) des temps de d\u00e9votion. L&rsquo;organisation d&rsquo;un rassemblement en ligne pose certains d\u00e9fis, notamment les diff\u00e9rences de fuseaux horaires et l&rsquo;\u00e9nergie n\u00e9cessaire pour rester concentr\u00e9 et \u00e0 l&rsquo;\u00e9coute pendant les diff\u00e9rentes sessions. C&rsquo;est pourquoi nous avons d\u00e9cid\u00e9 de combiner des segments en ligne et hors ligne, afin de multiplier les occasions d&rsquo;\u00e9changer, d&rsquo;apprendre les uns des autres et d&rsquo;engager le dialogue. Des informations plus d\u00e9taill\u00e9es seront bient\u00f4t disponibles.<br \/>\n&nbsp;<br \/>\nLes 27 et 28 juin seront consacr\u00e9s \u00e0 l&rsquo;exploration du th\u00e8me. Le 29 juin sera principalement consacr\u00e9 au discernement et \u00e0 la prise de d\u00e9cision concernant la consolidation et les prochaines \u00e9tapes du GAPN. Nous avons propos\u00e9 ce programme afin d&rsquo;inviter diff\u00e9rentes personnes et organisations int\u00e9ress\u00e9es (mais qui ne sont peut-\u00eatre pas encore membres du GAPN) \u00e0 participer aux conversations des deux premiers jours, tandis que le troisi\u00e8me jour sera r\u00e9serv\u00e9 aux membres du GAPN.<br \/>\n&nbsp;<br \/>\nPour plus d&rsquo;informations et pour vous inscrire, veuillez envoyer un courriel \u00e0 AndresPachecoLozano@mwc-cmm.org<\/p>\n","protected":false},"excerpt":{"rendered":"<p>Chers amis, ch\u00e8res amies, &nbsp; Nous aimerions vous inviter \u00e0 participer \u00e0 notre rassemblement en ligne du R\u00e9seau Anabaptiste Mondial pour la Paix (GAPN) du 27 au 29 juin 2022. Nous sommes impatients de vous rencontrer toutes et tous. Chaque jour, nous pr\u00e9voyons de nous r\u00e9unir pendant 3 heures, \u00e0 partir de 8h00 (Winnipeg\/Bogot\u00e1), 9h00 [&hellip;]<\/p>\n","protected":false},"author":1,"featured_media":91174,"comment_status":"closed","ping_status":"closed","sticky":false,"template":"","format":"standard","meta":{"_acf_changed":false,"footnotes":""},"categories":[7],"tags":[],"network":[1268],"eventcategory":[],"class_list":["post-10394","post","type-post","status-publish","format-standard","has-post-thumbnail","hentry","category-non-classifiee","network-global-anabaptist-peace-network-fr"],"acf":[],"yoast_head":"<!-- This site is optimized with the Yoast SEO plugin v27.2 - https:\/\/yoast.com\/product\/yoast-seo-wordpress\/ -->\n<title>Webinaire de GAPN: &quot;Faut-il rester, ou partir?&quot; 27-29 juin 2022 - Mennonite World Conference<\/title>\n<meta name=\"robots\" content=\"index, follow, max-snippet:-1, max-image-preview:large, max-video-preview:-1\" \/>\n<link rel=\"canonical\" href=\"https:\/\/mwc-cmm.org\/en\/stories\/gapn-webinar-do-i-stay-or-do-i-go-june-27-29-2022\/\" \/>\n<meta property=\"og:locale\" content=\"fr_FR\" \/>\n<meta property=\"og:type\" content=\"article\" \/>\n<meta property=\"og:title\" content=\"Webinaire de GAPN: &quot;Faut-il rester, ou partir?&quot; 27-29 juin 2022 - Mennonite World Conference\" \/>\n<meta property=\"og:description\" content=\"Chers amis, ch\u00e8res amies, &nbsp; Nous aimerions vous inviter \u00e0 participer \u00e0 notre rassemblement en ligne du R\u00e9seau Anabaptiste Mondial pour la Paix (GAPN) du 27 au 29 juin 2022. Nous sommes impatients de vous rencontrer toutes et tous. Chaque jour, nous pr\u00e9voyons de nous r\u00e9unir pendant 3 heures, \u00e0 partir de 8h00 (Winnipeg\/Bogot\u00e1), 9h00 [&hellip;]\" \/>\n<meta property=\"og:url\" content=\"https:\/\/mwc-cmm.org\/en\/stories\/gapn-webinar-do-i-stay-or-do-i-go-june-27-29-2022\/\" \/>\n<meta property=\"og:site_name\" content=\"Mennonite World Conference\" \/>\n<meta property=\"article:publisher\" content=\"https:\/\/www.facebook.com\/MennoniteWorldConference\" \/>\n<meta property=\"article:published_time\" content=\"2022-06-22T00:00:00+00:00\" \/>\n<meta property=\"article:modified_time\" content=\"2024-12-10T17:19:07+00:00\" \/>\n<meta property=\"og:image\" content=\"https:\/\/mwc-cmm.org\/wp-content\/uploads\/2024\/11\/gapn-anisa-andrewsuderman.jpg\" \/>\n\t<meta property=\"og:image:width\" content=\"2560\" \/>\n\t<meta property=\"og:image:height\" content=\"1920\" \/>\n\t<meta property=\"og:image:type\" content=\"image\/jpeg\" \/>\n<meta name=\"author\" content=\"mennworldcon\" \/>\n<script type=\"application\/ld+json\" class=\"yoast-schema-graph\">{\"@context\":\"https:\/\/schema.org\",\"@graph\":[{\"@type\":\"Article\",\"@id\":\"https:\/\/mwc-cmm.org\/en\/stories\/gapn-webinar-do-i-stay-or-do-i-go-june-27-29-2022\/#article\",\"isPartOf\":{\"@id\":\"https:\/\/mwc-cmm.org\/en\/stories\/gapn-webinar-do-i-stay-or-do-i-go-june-27-29-2022\/\"},\"author\":{\"name\":\"mennworldcon\",\"@id\":\"https:\/\/mwc-cmm.org\/en\/#\/schema\/person\/11f6ae0d7d1868ba20a1cc27f067c836\"},\"headline\":\"Webinaire de GAPN: \u00ab\u00a0Faut-il rester, ou partir?\u00a0\u00bb 27-29 juin 2022\",\"datePublished\":\"2022-06-22T00:00:00+00:00\",\"dateModified\":\"2024-12-10T17:19:07+00:00\",\"mainEntityOfPage\":{\"@id\":\"https:\/\/mwc-cmm.org\/en\/stories\/gapn-webinar-do-i-stay-or-do-i-go-june-27-29-2022\/\"},\"wordCount\":407,\"publisher\":{\"@id\":\"https:\/\/mwc-cmm.org\/en\/#organization\"},\"image\":{\"@id\":\"https:\/\/mwc-cmm.org\/en\/stories\/gapn-webinar-do-i-stay-or-do-i-go-june-27-29-2022\/#primaryimage\"},\"thumbnailUrl\":\"https:\/\/mwc-cmm.org\/wp-content\/uploads\/2024\/11\/gapn-anisa-andrewsuderman.jpg\",\"articleSection\":[\"Non classifi\u00e9(e)\"],\"inLanguage\":\"fr-FR\"},{\"@type\":\"WebPage\",\"@id\":\"https:\/\/mwc-cmm.org\/en\/stories\/gapn-webinar-do-i-stay-or-do-i-go-june-27-29-2022\/\",\"url\":\"https:\/\/mwc-cmm.org\/en\/stories\/gapn-webinar-do-i-stay-or-do-i-go-june-27-29-2022\/\",\"name\":\"Webinaire de GAPN: \\\"Faut-il rester, ou partir?\\\" 27-29 juin 2022 - Mennonite World Conference\",\"isPartOf\":{\"@id\":\"https:\/\/mwc-cmm.org\/en\/#website\"},\"primaryImageOfPage\":{\"@id\":\"https:\/\/mwc-cmm.org\/en\/stories\/gapn-webinar-do-i-stay-or-do-i-go-june-27-29-2022\/#primaryimage\"},\"image\":{\"@id\":\"https:\/\/mwc-cmm.org\/en\/stories\/gapn-webinar-do-i-stay-or-do-i-go-june-27-29-2022\/#primaryimage\"},\"thumbnailUrl\":\"https:\/\/mwc-cmm.org\/wp-content\/uploads\/2024\/11\/gapn-anisa-andrewsuderman.jpg\",\"datePublished\":\"2022-06-22T00:00:00+00:00\",\"dateModified\":\"2024-12-10T17:19:07+00:00\",\"breadcrumb\":{\"@id\":\"https:\/\/mwc-cmm.org\/en\/stories\/gapn-webinar-do-i-stay-or-do-i-go-june-27-29-2022\/#breadcrumb\"},\"inLanguage\":\"fr-FR\",\"potentialAction\":[{\"@type\":\"ReadAction\",\"target\":[\"https:\/\/mwc-cmm.org\/en\/stories\/gapn-webinar-do-i-stay-or-do-i-go-june-27-29-2022\/\"]}]},{\"@type\":\"ImageObject\",\"inLanguage\":\"fr-FR\",\"@id\":\"https:\/\/mwc-cmm.org\/en\/stories\/gapn-webinar-do-i-stay-or-do-i-go-june-27-29-2022\/#primaryimage\",\"url\":\"https:\/\/mwc-cmm.org\/wp-content\/uploads\/2024\/11\/gapn-anisa-andrewsuderman.jpg\",\"contentUrl\":\"https:\/\/mwc-cmm.org\/wp-content\/uploads\/2024\/11\/gapn-anisa-andrewsuderman.jpg\",\"width\":2560,\"height\":1920,\"caption\":\"\u91cd\u6d17\u6d3e\u7db2\u7d61\u5728\u5357\u975e\u958b\u666e\u9813\u805a\u96c6\u6642\uff0c\u6210\u54e1\u5011\u5f7c\u6b64\u5c0d\u8a71\u3002\u76f8\u7247\u63d0\u4f9b\uff1a: Andrew Suderman\"},{\"@type\":\"BreadcrumbList\",\"@id\":\"https:\/\/mwc-cmm.org\/en\/stories\/gapn-webinar-do-i-stay-or-do-i-go-june-27-29-2022\/#breadcrumb\",\"itemListElement\":[{\"@type\":\"ListItem\",\"position\":1,\"name\":\"Home\",\"item\":\"https:\/\/mwc-cmm.org\/fr\/\"},{\"@type\":\"ListItem\",\"position\":2,\"name\":\"Webinaire de GAPN: &#8220;Faut-il rester, ou partir?&#8221; 27-29 juin 2022\"}]},{\"@type\":\"WebSite\",\"@id\":\"https:\/\/mwc-cmm.org\/en\/#website\",\"url\":\"https:\/\/mwc-cmm.org\/en\/\",\"name\":\"Mennonite World Conference\",\"description\":\"A communion of Anabaptist-related churches\",\"publisher\":{\"@id\":\"https:\/\/mwc-cmm.org\/en\/#organization\"},\"alternateName\":\"MWC\",\"potentialAction\":[{\"@type\":\"SearchAction\",\"target\":{\"@type\":\"EntryPoint\",\"urlTemplate\":\"https:\/\/mwc-cmm.org\/en\/?s={search_term_string}\"},\"query-input\":{\"@type\":\"PropertyValueSpecification\",\"valueRequired\":true,\"valueName\":\"search_term_string\"}}],\"inLanguage\":\"fr-FR\"},{\"@type\":\"Organization\",\"@id\":\"https:\/\/mwc-cmm.org\/en\/#organization\",\"name\":\"Mennonite World Conference\",\"alternateName\":\"MWC\",\"url\":\"https:\/\/mwc-cmm.org\/en\/\",\"logo\":{\"@type\":\"ImageObject\",\"inLanguage\":\"fr-FR\",\"@id\":\"https:\/\/mwc-cmm.org\/en\/#\/schema\/logo\/image\/\",\"url\":\"https:\/\/mwc-cmm.org\/wp-content\/uploads\/2026\/01\/MWC_Sig_Blue_Horiz_webheader1-logo.svg\",\"contentUrl\":\"https:\/\/mwc-cmm.org\/wp-content\/uploads\/2026\/01\/MWC_Sig_Blue_Horiz_webheader1-logo.svg\",\"width\":786,\"height\":82,\"caption\":\"Mennonite World Conference\"},\"image\":{\"@id\":\"https:\/\/mwc-cmm.org\/en\/#\/schema\/logo\/image\/\"},\"sameAs\":[\"https:\/\/www.facebook.com\/MennoniteWorldConference\",\"https:\/\/www.linkedin.com\/company\/mennonite-world-conference-mwc\/\",\"https:\/\/www.instagram.com\/mwcmm\/\",\"https:\/\/www.youtube.com\/user\/mwccmm\",\"https:\/\/bsky.app\/profile\/mwcmm.bsky.social\"]},{\"@type\":\"Person\",\"@id\":\"https:\/\/mwc-cmm.org\/en\/#\/schema\/person\/11f6ae0d7d1868ba20a1cc27f067c836\",\"name\":\"mennworldcon\",\"image\":{\"@type\":\"ImageObject\",\"inLanguage\":\"fr-FR\",\"@id\":\"https:\/\/secure.gravatar.com\/avatar\/06fdc0dc81c157dfdb82ec42f252178a22307808988d22c043f9eb96f1e0fe80?s=96&d=mm&r=g\",\"url\":\"https:\/\/secure.gravatar.com\/avatar\/06fdc0dc81c157dfdb82ec42f252178a22307808988d22c043f9eb96f1e0fe80?s=96&d=mm&r=g\",\"contentUrl\":\"https:\/\/secure.gravatar.com\/avatar\/06fdc0dc81c157dfdb82ec42f252178a22307808988d22c043f9eb96f1e0fe80?s=96&d=mm&r=g\",\"caption\":\"mennworldcon\"},\"sameAs\":[\"https:\/\/mwc-cmm.org\"],\"url\":\"https:\/\/mwc-cmm.org\/fr\/stories\/author\/mennworldcon\/\"}]}<\/script>\n<!-- \/ Yoast SEO plugin. -->","yoast_head_json":{"title":"Webinaire de GAPN: \"Faut-il rester, ou partir?\" 27-29 juin 2022 - Mennonite World Conference","robots":{"index":"index","follow":"follow","max-snippet":"max-snippet:-1","max-image-preview":"max-image-preview:large","max-video-preview":"max-video-preview:-1"},"canonical":"https:\/\/mwc-cmm.org\/en\/stories\/gapn-webinar-do-i-stay-or-do-i-go-june-27-29-2022\/","og_locale":"fr_FR","og_type":"article","og_title":"Webinaire de GAPN: \"Faut-il rester, ou partir?\" 27-29 juin 2022 - Mennonite World Conference","og_description":"Chers amis, ch\u00e8res amies, &nbsp; Nous aimerions vous inviter \u00e0 participer \u00e0 notre rassemblement en ligne du R\u00e9seau Anabaptiste Mondial pour la Paix (GAPN) du 27 au 29 juin 2022. Nous sommes impatients de vous rencontrer toutes et tous. Chaque jour, nous pr\u00e9voyons de nous r\u00e9unir pendant 3 heures, \u00e0 partir de 8h00 (Winnipeg\/Bogot\u00e1), 9h00 [&hellip;]","og_url":"https:\/\/mwc-cmm.org\/en\/stories\/gapn-webinar-do-i-stay-or-do-i-go-june-27-29-2022\/","og_site_name":"Mennonite World Conference","article_publisher":"https:\/\/www.facebook.com\/MennoniteWorldConference","article_published_time":"2022-06-22T00:00:00+00:00","article_modified_time":"2024-12-10T17:19:07+00:00","og_image":[{"width":2560,"height":1920,"url":"https:\/\/mwc-cmm.org\/wp-content\/uploads\/2024\/11\/gapn-anisa-andrewsuderman.jpg","type":"image\/jpeg"}],"author":"mennworldcon","schema":{"@context":"https:\/\/schema.org","@graph":[{"@type":"Article","@id":"https:\/\/mwc-cmm.org\/en\/stories\/gapn-webinar-do-i-stay-or-do-i-go-june-27-29-2022\/#article","isPartOf":{"@id":"https:\/\/mwc-cmm.org\/en\/stories\/gapn-webinar-do-i-stay-or-do-i-go-june-27-29-2022\/"},"author":{"name":"mennworldcon","@id":"https:\/\/mwc-cmm.org\/en\/#\/schema\/person\/11f6ae0d7d1868ba20a1cc27f067c836"},"headline":"Webinaire de GAPN: \u00ab\u00a0Faut-il rester, ou partir?\u00a0\u00bb 27-29 juin 2022","datePublished":"2022-06-22T00:00:00+00:00","dateModified":"2024-12-10T17:19:07+00:00","mainEntityOfPage":{"@id":"https:\/\/mwc-cmm.org\/en\/stories\/gapn-webinar-do-i-stay-or-do-i-go-june-27-29-2022\/"},"wordCount":407,"publisher":{"@id":"https:\/\/mwc-cmm.org\/en\/#organization"},"image":{"@id":"https:\/\/mwc-cmm.org\/en\/stories\/gapn-webinar-do-i-stay-or-do-i-go-june-27-29-2022\/#primaryimage"},"thumbnailUrl":"https:\/\/mwc-cmm.org\/wp-content\/uploads\/2024\/11\/gapn-anisa-andrewsuderman.jpg","articleSection":["Non classifi\u00e9(e)"],"inLanguage":"fr-FR"},{"@type":"WebPage","@id":"https:\/\/mwc-cmm.org\/en\/stories\/gapn-webinar-do-i-stay-or-do-i-go-june-27-29-2022\/","url":"https:\/\/mwc-cmm.org\/en\/stories\/gapn-webinar-do-i-stay-or-do-i-go-june-27-29-2022\/","name":"Webinaire de GAPN: \"Faut-il rester, ou partir?\" 27-29 juin 2022 - Mennonite World Conference","isPartOf":{"@id":"https:\/\/mwc-cmm.org\/en\/#website"},"primaryImageOfPage":{"@id":"https:\/\/mwc-cmm.org\/en\/stories\/gapn-webinar-do-i-stay-or-do-i-go-june-27-29-2022\/#primaryimage"},"image":{"@id":"https:\/\/mwc-cmm.org\/en\/stories\/gapn-webinar-do-i-stay-or-do-i-go-june-27-29-2022\/#primaryimage"},"thumbnailUrl":"https:\/\/mwc-cmm.org\/wp-content\/uploads\/2024\/11\/gapn-anisa-andrewsuderman.jpg","datePublished":"2022-06-22T00:00:00+00:00","dateModified":"2024-12-10T17:19:07+00:00","breadcrumb":{"@id":"https:\/\/mwc-cmm.org\/en\/stories\/gapn-webinar-do-i-stay-or-do-i-go-june-27-29-2022\/#breadcrumb"},"inLanguage":"fr-FR","potentialAction":[{"@type":"ReadAction","target":["https:\/\/mwc-cmm.org\/en\/stories\/gapn-webinar-do-i-stay-or-do-i-go-june-27-29-2022\/"]}]},{"@type":"ImageObject","inLanguage":"fr-FR","@id":"https:\/\/mwc-cmm.org\/en\/stories\/gapn-webinar-do-i-stay-or-do-i-go-june-27-29-2022\/#primaryimage","url":"https:\/\/mwc-cmm.org\/wp-content\/uploads\/2024\/11\/gapn-anisa-andrewsuderman.jpg","contentUrl":"https:\/\/mwc-cmm.org\/wp-content\/uploads\/2024\/11\/gapn-anisa-andrewsuderman.jpg","width":2560,"height":1920,"caption":"\u91cd\u6d17\u6d3e\u7db2\u7d61\u5728\u5357\u975e\u958b\u666e\u9813\u805a\u96c6\u6642\uff0c\u6210\u54e1\u5011\u5f7c\u6b64\u5c0d\u8a71\u3002\u76f8\u7247\u63d0\u4f9b\uff1a: Andrew Suderman"},{"@type":"BreadcrumbList","@id":"https:\/\/mwc-cmm.org\/en\/stories\/gapn-webinar-do-i-stay-or-do-i-go-june-27-29-2022\/#breadcrumb","itemListElement":[{"@type":"ListItem","position":1,"name":"Home","item":"https:\/\/mwc-cmm.org\/fr\/"},{"@type":"ListItem","position":2,"name":"Webinaire de GAPN: &#8220;Faut-il rester, ou partir?&#8221; 27-29 juin 2022"}]},{"@type":"WebSite","@id":"https:\/\/mwc-cmm.org\/en\/#website","url":"https:\/\/mwc-cmm.org\/en\/","name":"Mennonite World Conference","description":"A communion of Anabaptist-related churches","publisher":{"@id":"https:\/\/mwc-cmm.org\/en\/#organization"},"alternateName":"MWC","potentialAction":[{"@type":"SearchAction","target":{"@type":"EntryPoint","urlTemplate":"https:\/\/mwc-cmm.org\/en\/?s={search_term_string}"},"query-input":{"@type":"PropertyValueSpecification","valueRequired":true,"valueName":"search_term_string"}}],"inLanguage":"fr-FR"},{"@type":"Organization","@id":"https:\/\/mwc-cmm.org\/en\/#organization","name":"Mennonite World Conference","alternateName":"MWC","url":"https:\/\/mwc-cmm.org\/en\/","logo":{"@type":"ImageObject","inLanguage":"fr-FR","@id":"https:\/\/mwc-cmm.org\/en\/#\/schema\/logo\/image\/","url":"https:\/\/mwc-cmm.org\/wp-content\/uploads\/2026\/01\/MWC_Sig_Blue_Horiz_webheader1-logo.svg","contentUrl":"https:\/\/mwc-cmm.org\/wp-content\/uploads\/2026\/01\/MWC_Sig_Blue_Horiz_webheader1-logo.svg","width":786,"height":82,"caption":"Mennonite World Conference"},"image":{"@id":"https:\/\/mwc-cmm.org\/en\/#\/schema\/logo\/image\/"},"sameAs":["https:\/\/www.facebook.com\/MennoniteWorldConference","https:\/\/www.linkedin.com\/company\/mennonite-world-conference-mwc\/","https:\/\/www.instagram.com\/mwcmm\/","https:\/\/www.youtube.com\/user\/mwccmm","https:\/\/bsky.app\/profile\/mwcmm.bsky.social"]},{"@type":"Person","@id":"https:\/\/mwc-cmm.org\/en\/#\/schema\/person\/11f6ae0d7d1868ba20a1cc27f067c836","name":"mennworldcon","image":{"@type":"ImageObject","inLanguage":"fr-FR","@id":"https:\/\/secure.gravatar.com\/avatar\/06fdc0dc81c157dfdb82ec42f252178a22307808988d22c043f9eb96f1e0fe80?s=96&d=mm&r=g","url":"https:\/\/secure.gravatar.com\/avatar\/06fdc0dc81c157dfdb82ec42f252178a22307808988d22c043f9eb96f1e0fe80?s=96&d=mm&r=g","contentUrl":"https:\/\/secure.gravatar.com\/avatar\/06fdc0dc81c157dfdb82ec42f252178a22307808988d22c043f9eb96f1e0fe80?s=96&d=mm&r=g","caption":"mennworldcon"},"sameAs":["https:\/\/mwc-cmm.org"],"url":"https:\/\/mwc-cmm.org\/fr\/stories\/author\/mennworldcon\/"}]}},"_links":{"self":[{"href":"https:\/\/mwc-cmm.org\/fr\/wp-json\/wp\/v2\/posts\/10394","targetHints":{"allow":["GET"]}}],"collection":[{"href":"https:\/\/mwc-cmm.org\/fr\/wp-json\/wp\/v2\/posts"}],"about":[{"href":"https:\/\/mwc-cmm.org\/fr\/wp-json\/wp\/v2\/types\/post"}],"author":[{"embeddable":true,"href":"https:\/\/mwc-cmm.org\/fr\/wp-json\/wp\/v2\/users\/1"}],"replies":[{"embeddable":true,"href":"https:\/\/mwc-cmm.org\/fr\/wp-json\/wp\/v2\/comments?post=10394"}],"version-history":[{"count":0,"href":"https:\/\/mwc-cmm.org\/fr\/wp-json\/wp\/v2\/posts\/10394\/revisions"}],"wp:featuredmedia":[{"embeddable":true,"href":"https:\/\/mwc-cmm.org\/fr\/wp-json\/wp\/v2\/media\/91174"}],"wp:attachment":[{"href":"https:\/\/mwc-cmm.org\/fr\/wp-json\/wp\/v2\/media?parent=10394"}],"wp:term":[{"taxonomy":"category","embeddable":true,"href":"https:\/\/mwc-cmm.org\/fr\/wp-json\/wp\/v2\/categories?post=10394"},{"taxonomy":"post_tag","embeddable":true,"href":"https:\/\/mwc-cmm.org\/fr\/wp-json\/wp\/v2\/tags?post=10394"},{"taxonomy":"network","embeddable":true,"href":"https:\/\/mwc-cmm.org\/fr\/wp-json\/wp\/v2\/network?post=10394"},{"taxonomy":"eventcategory","embeddable":true,"href":"https:\/\/mwc-cmm.org\/fr\/wp-json\/wp\/v2\/eventcategory?post=10394"}],"curies":[{"name":"wp","href":"https:\/\/api.w.org\/{rel}","templated":true}]}}