{"id":10392,"date":"2022-06-23T00:00:00","date_gmt":"2022-06-23T00:00:00","guid":{"rendered":"https:\/\/mwc-cmm.org\/assembly-strives-to-lower-carbon-footprint-3\/"},"modified":"2024-12-10T17:19:06","modified_gmt":"2024-12-10T17:19:06","slug":"lassemblee-sefforce-de-reduire-son-empreinte-carbone","status":"publish","type":"post","link":"https:\/\/mwc-cmm.org\/fr\/stories\/lassemblee-sefforce-de-reduire-son-empreinte-carbone\/","title":{"rendered":"L\u2019Assembl\u00e9e s\u2019efforce de r\u00e9duire son empreinte carbone"},"content":{"rendered":"<p>\u00ab&nbsp;Se rassembler&nbsp;\u00bb est devenu un concept plus important. Deux ann\u00e9es de restrictions li\u00e9es \u00e0 la pand\u00e9mie ont appris aux gens \u00e0 \u00eatre ensemble virtuellement. L\u2019Assembl\u00e9e mondiale de la Conf\u00e9rence Mennonite Mondiale b\u00e9n\u00e9ficie de cette ma\u00eetrise de Zoom. Le rassemblement de la CMM est ouvert \u00e0 toute personne du monde entier qui peut s\u2019inscrire pour participer \u00e0 ces cinq jours de fraternit\u00e9, o\u00f9 qu\u2019elle se trouve. De plus, les enregistrements sur le Portail de l\u2019Assembl\u00e9e en ligne seront disponibles jusqu\u2019au 30 septembre 2022.&nbsp;<\/p>\n<p>Ceux qui regarderont depuis chez eux limiteront l\u2019empreinte carbone de leur voyage. La CMM a \u00e9galement pris des mesures pour r\u00e9duire l\u2019empreinte carbone des personnes pr\u00e9sentes. Une entreprise de compostage enl\u00e8vera et traitera tous les d\u00e9chets organiques en vue d\u2019un recyclage optimal. Et tous les participants recevront un gobelet r\u00e9utilisable.&nbsp;<\/p>\n<figure class=\"image\" style=\"float:left\"><img decoding=\"async\" alt=\"\" height=\"200\" data-src=\"https:\/\/mwc-cmm.org\/wp-content\/uploads\/2024\/10\/dsc00434-scaled.jpg\" width=\"133\" src=\"data:image\/svg+xml;base64,PHN2ZyB3aWR0aD0iMSIgaGVpZ2h0PSIxIiB4bWxucz0iaHR0cDovL3d3dy53My5vcmcvMjAwMC9zdmciPjwvc3ZnPg==\" class=\"lazyload\" style=\"--smush-placeholder-width: 133px; --smush-placeholder-aspect-ratio: 133\/200;\"><figcaption>Photo : Preshit Rao<\/figcaption><\/figure>\n<p>Pour les participants locaux d\u2019Indon\u00e9sie, qui participeraient seulement qu\u2019un jour sur cinq, il y aura des gobelets en bambou.&nbsp;&nbsp;<\/p>\n<p>La d\u00e9forestation en Indon\u00e9sie peut entra\u00eener des glissements de terrain, de l\u2019\u00e9rosion et des inondations. Le bambou est un arbre \u00e0 croissance rapide originaire d\u2019Indon\u00e9sie. Les plantations de bambou contribuent non seulement \u00e0 r\u00e9soudre les probl\u00e8mes de d\u00e9forestation, mais fournissent \u00e9galement de la mati\u00e8re premi\u00e8re \u00e0 l\u2019industrie locale.&nbsp;<\/p>\n<p>La CMM a command\u00e9 2&nbsp;000 gobelets \u00e0 deux marchands locaux, Carang Pakang \u00e0 Jepara et <a href=\"https:\/\/www.instagram.com\/dabc.id\/?hl=en\">dAb\u2019c craft<\/a> &amp; furniture \u00e0 Yogyakarta. Ces gobelets remplaceront les bouteilles en plastique pour boire, constitueront un souvenir de la CMM et se d\u00e9composeront en substances naturelles une fois leur dur\u00e9e de vie termin\u00e9e.&nbsp;&nbsp;<\/p>\n<p>\u00ab&nbsp;Nous voulons \u00eatre de bons intendants&nbsp;\u00bb, d\u00e9clare Liesa Unger, responsable des \u00e9v\u00e9nements internationaux de la CMM.&nbsp;\u00ab&nbsp;Nous pr\u00eatons attention \u00e0 ces d\u00e9tails pour une planification durable de l\u2019Assembl\u00e9e. Et nous \u00e9tions heureux de travailler avec des artisans locaux pour soutenir leur activit\u00e9 dans l\u2019industrie verte.&nbsp;\u00bb&nbsp;<\/p>\n","protected":false},"excerpt":{"rendered":"<p>\u00ab&nbsp;Se rassembler&nbsp;\u00bb est devenu un concept plus important. Deux ann\u00e9es de restrictions li\u00e9es \u00e0 la pand\u00e9mie ont appris aux gens \u00e0 \u00eatre ensemble virtuellement. L\u2019Assembl\u00e9e mondiale de la Conf\u00e9rence Mennonite Mondiale b\u00e9n\u00e9ficie de cette ma\u00eetrise de Zoom. Le rassemblement de la CMM est ouvert \u00e0 toute personne du monde entier qui peut s\u2019inscrire pour participer [&hellip;]<\/p>\n","protected":false},"author":1,"featured_media":95163,"comment_status":"closed","ping_status":"closed","sticky":false,"template":"","format":"standard","meta":{"_acf_changed":false,"footnotes":""},"categories":[7],"tags":[498,930],"network":[],"eventcategory":[1494],"class_list":["post-10392","post","type-post","status-publish","format-standard","has-post-thumbnail","hentry","category-non-classifiee","tag-assemblee-reunie","tag-indonesie-2022","eventcategory-assembly-fr"],"acf":[],"yoast_head":"<!-- This site is optimized with the Yoast SEO plugin v27.5 - https:\/\/yoast.com\/product\/yoast-seo-wordpress\/ -->\n<title>L\u2019Assembl\u00e9e s\u2019efforce de r\u00e9duire son empreinte carbone - Mennonite World Conference<\/title>\n<meta name=\"robots\" content=\"index, follow, max-snippet:-1, max-image-preview:large, max-video-preview:-1\" \/>\n<link rel=\"canonical\" href=\"https:\/\/mwc-cmm.org\/fr\/stories\/lassemblee-sefforce-de-reduire-son-empreinte-carbone\/\" \/>\n<meta property=\"og:locale\" content=\"fr_FR\" \/>\n<meta property=\"og:type\" content=\"article\" \/>\n<meta property=\"og:title\" content=\"L\u2019Assembl\u00e9e s\u2019efforce de r\u00e9duire son empreinte carbone - Mennonite World Conference\" \/>\n<meta property=\"og:description\" content=\"\u00ab&nbsp;Se rassembler&nbsp;\u00bb est devenu un concept plus important. Deux ann\u00e9es de restrictions li\u00e9es \u00e0 la pand\u00e9mie ont appris aux gens \u00e0 \u00eatre ensemble virtuellement. L\u2019Assembl\u00e9e mondiale de la Conf\u00e9rence Mennonite Mondiale b\u00e9n\u00e9ficie de cette ma\u00eetrise de Zoom. Le rassemblement de la CMM est ouvert \u00e0 toute personne du monde entier qui peut s\u2019inscrire pour participer [&hellip;]\" \/>\n<meta property=\"og:url\" content=\"https:\/\/mwc-cmm.org\/fr\/stories\/lassemblee-sefforce-de-reduire-son-empreinte-carbone\/\" \/>\n<meta property=\"og:site_name\" content=\"Mennonite World Conference\" \/>\n<meta property=\"article:publisher\" content=\"https:\/\/www.facebook.com\/MennoniteWorldConference\" \/>\n<meta property=\"article:published_time\" content=\"2022-06-23T00:00:00+00:00\" \/>\n<meta property=\"article:modified_time\" content=\"2024-12-10T17:19:06+00:00\" \/>\n<meta property=\"og:image\" content=\"https:\/\/mwc-cmm.org\/wp-content\/uploads\/2024\/11\/dsc06007-scaled.jpg\" \/>\n\t<meta property=\"og:image:width\" content=\"2560\" \/>\n\t<meta property=\"og:image:height\" content=\"1440\" \/>\n\t<meta property=\"og:image:type\" content=\"image\/jpeg\" \/>\n<meta name=\"author\" content=\"mennworldcon\" \/>\n<script type=\"application\/ld+json\" class=\"yoast-schema-graph\">{\"@context\":\"https:\\\/\\\/schema.org\",\"@graph\":[{\"@type\":\"Article\",\"@id\":\"https:\\\/\\\/mwc-cmm.org\\\/fr\\\/stories\\\/lassemblee-sefforce-de-reduire-son-empreinte-carbone\\\/#article\",\"isPartOf\":{\"@id\":\"https:\\\/\\\/mwc-cmm.org\\\/fr\\\/stories\\\/lassemblee-sefforce-de-reduire-son-empreinte-carbone\\\/\"},\"author\":{\"name\":\"mennworldcon\",\"@id\":\"https:\\\/\\\/mwc-cmm.org\\\/en\\\/#\\\/schema\\\/person\\\/11f6ae0d7d1868ba20a1cc27f067c836\"},\"headline\":\"L\u2019Assembl\u00e9e s\u2019efforce de r\u00e9duire son empreinte carbone\",\"datePublished\":\"2022-06-23T00:00:00+00:00\",\"dateModified\":\"2024-12-10T17:19:06+00:00\",\"mainEntityOfPage\":{\"@id\":\"https:\\\/\\\/mwc-cmm.org\\\/fr\\\/stories\\\/lassemblee-sefforce-de-reduire-son-empreinte-carbone\\\/\"},\"wordCount\":357,\"publisher\":{\"@id\":\"https:\\\/\\\/mwc-cmm.org\\\/en\\\/#organization\"},\"image\":{\"@id\":\"https:\\\/\\\/mwc-cmm.org\\\/fr\\\/stories\\\/lassemblee-sefforce-de-reduire-son-empreinte-carbone\\\/#primaryimage\"},\"thumbnailUrl\":\"https:\\\/\\\/mwc-cmm.org\\\/wp-content\\\/uploads\\\/2024\\\/11\\\/dsc06007-scaled.jpg\",\"keywords\":[\"Assembl\u00e9e r\u00e9unie\",\"Indon\u00e9sie 2022\"],\"articleSection\":[\"Non classifi\u00e9(e)\"],\"inLanguage\":\"fr-FR\"},{\"@type\":\"WebPage\",\"@id\":\"https:\\\/\\\/mwc-cmm.org\\\/fr\\\/stories\\\/lassemblee-sefforce-de-reduire-son-empreinte-carbone\\\/\",\"url\":\"https:\\\/\\\/mwc-cmm.org\\\/fr\\\/stories\\\/lassemblee-sefforce-de-reduire-son-empreinte-carbone\\\/\",\"name\":\"L\u2019Assembl\u00e9e s\u2019efforce de r\u00e9duire son empreinte carbone - Mennonite World Conference\",\"isPartOf\":{\"@id\":\"https:\\\/\\\/mwc-cmm.org\\\/en\\\/#website\"},\"primaryImageOfPage\":{\"@id\":\"https:\\\/\\\/mwc-cmm.org\\\/fr\\\/stories\\\/lassemblee-sefforce-de-reduire-son-empreinte-carbone\\\/#primaryimage\"},\"image\":{\"@id\":\"https:\\\/\\\/mwc-cmm.org\\\/fr\\\/stories\\\/lassemblee-sefforce-de-reduire-son-empreinte-carbone\\\/#primaryimage\"},\"thumbnailUrl\":\"https:\\\/\\\/mwc-cmm.org\\\/wp-content\\\/uploads\\\/2024\\\/11\\\/dsc06007-scaled.jpg\",\"datePublished\":\"2022-06-23T00:00:00+00:00\",\"dateModified\":\"2024-12-10T17:19:06+00:00\",\"breadcrumb\":{\"@id\":\"https:\\\/\\\/mwc-cmm.org\\\/fr\\\/stories\\\/lassemblee-sefforce-de-reduire-son-empreinte-carbone\\\/#breadcrumb\"},\"inLanguage\":\"fr-FR\",\"potentialAction\":[{\"@type\":\"ReadAction\",\"target\":[\"https:\\\/\\\/mwc-cmm.org\\\/fr\\\/stories\\\/lassemblee-sefforce-de-reduire-son-empreinte-carbone\\\/\"]}]},{\"@type\":\"ImageObject\",\"inLanguage\":\"fr-FR\",\"@id\":\"https:\\\/\\\/mwc-cmm.org\\\/fr\\\/stories\\\/lassemblee-sefforce-de-reduire-son-empreinte-carbone\\\/#primaryimage\",\"url\":\"https:\\\/\\\/mwc-cmm.org\\\/wp-content\\\/uploads\\\/2024\\\/11\\\/dsc06007-scaled.jpg\",\"contentUrl\":\"https:\\\/\\\/mwc-cmm.org\\\/wp-content\\\/uploads\\\/2024\\\/11\\\/dsc06007-scaled.jpg\",\"width\":2560,\"height\":1440},{\"@type\":\"BreadcrumbList\",\"@id\":\"https:\\\/\\\/mwc-cmm.org\\\/fr\\\/stories\\\/lassemblee-sefforce-de-reduire-son-empreinte-carbone\\\/#breadcrumb\",\"itemListElement\":[{\"@type\":\"ListItem\",\"position\":1,\"name\":\"Home\",\"item\":\"https:\\\/\\\/mwc-cmm.org\\\/fr\\\/\"},{\"@type\":\"ListItem\",\"position\":2,\"name\":\"L\u2019Assembl\u00e9e s\u2019efforce de r\u00e9duire son empreinte carbone\"}]},{\"@type\":\"WebSite\",\"@id\":\"https:\\\/\\\/mwc-cmm.org\\\/en\\\/#website\",\"url\":\"https:\\\/\\\/mwc-cmm.org\\\/en\\\/\",\"name\":\"Mennonite World Conference\",\"description\":\"A communion of Anabaptist-related churches\",\"publisher\":{\"@id\":\"https:\\\/\\\/mwc-cmm.org\\\/en\\\/#organization\"},\"alternateName\":\"MWC\",\"potentialAction\":[{\"@type\":\"SearchAction\",\"target\":{\"@type\":\"EntryPoint\",\"urlTemplate\":\"https:\\\/\\\/mwc-cmm.org\\\/en\\\/?s={search_term_string}\"},\"query-input\":{\"@type\":\"PropertyValueSpecification\",\"valueRequired\":true,\"valueName\":\"search_term_string\"}}],\"inLanguage\":\"fr-FR\"},{\"@type\":\"Organization\",\"@id\":\"https:\\\/\\\/mwc-cmm.org\\\/en\\\/#organization\",\"name\":\"Mennonite World Conference\",\"alternateName\":\"MWC\",\"url\":\"https:\\\/\\\/mwc-cmm.org\\\/en\\\/\",\"logo\":{\"@type\":\"ImageObject\",\"inLanguage\":\"fr-FR\",\"@id\":\"https:\\\/\\\/mwc-cmm.org\\\/en\\\/#\\\/schema\\\/logo\\\/image\\\/\",\"url\":\"https:\\\/\\\/mwc-cmm.org\\\/wp-content\\\/uploads\\\/2026\\\/01\\\/MWC_Sig_Blue_Horiz_webheader1-logo.svg\",\"contentUrl\":\"https:\\\/\\\/mwc-cmm.org\\\/wp-content\\\/uploads\\\/2026\\\/01\\\/MWC_Sig_Blue_Horiz_webheader1-logo.svg\",\"width\":786,\"height\":82,\"caption\":\"Mennonite World Conference\"},\"image\":{\"@id\":\"https:\\\/\\\/mwc-cmm.org\\\/en\\\/#\\\/schema\\\/logo\\\/image\\\/\"},\"sameAs\":[\"https:\\\/\\\/www.facebook.com\\\/MennoniteWorldConference\",\"https:\\\/\\\/www.linkedin.com\\\/company\\\/mennonite-world-conference-mwc\\\/\",\"https:\\\/\\\/www.instagram.com\\\/mwcmm\\\/\",\"https:\\\/\\\/www.youtube.com\\\/user\\\/mwccmm\",\"https:\\\/\\\/bsky.app\\\/profile\\\/mwcmm.bsky.social\"]},{\"@type\":\"Person\",\"@id\":\"https:\\\/\\\/mwc-cmm.org\\\/en\\\/#\\\/schema\\\/person\\\/11f6ae0d7d1868ba20a1cc27f067c836\",\"name\":\"mennworldcon\",\"image\":{\"@type\":\"ImageObject\",\"inLanguage\":\"fr-FR\",\"@id\":\"https:\\\/\\\/secure.gravatar.com\\\/avatar\\\/06fdc0dc81c157dfdb82ec42f252178a22307808988d22c043f9eb96f1e0fe80?s=96&d=mm&r=g\",\"url\":\"https:\\\/\\\/secure.gravatar.com\\\/avatar\\\/06fdc0dc81c157dfdb82ec42f252178a22307808988d22c043f9eb96f1e0fe80?s=96&d=mm&r=g\",\"contentUrl\":\"https:\\\/\\\/secure.gravatar.com\\\/avatar\\\/06fdc0dc81c157dfdb82ec42f252178a22307808988d22c043f9eb96f1e0fe80?s=96&d=mm&r=g\",\"caption\":\"mennworldcon\"},\"sameAs\":[\"https:\\\/\\\/mwc-cmm.org\"],\"url\":\"https:\\\/\\\/mwc-cmm.org\\\/fr\\\/stories\\\/author\\\/mennworldcon\\\/\"}]}<\/script>\n<!-- \/ Yoast SEO plugin. -->","yoast_head_json":{"title":"L\u2019Assembl\u00e9e s\u2019efforce de r\u00e9duire son empreinte carbone - Mennonite World Conference","robots":{"index":"index","follow":"follow","max-snippet":"max-snippet:-1","max-image-preview":"max-image-preview:large","max-video-preview":"max-video-preview:-1"},"canonical":"https:\/\/mwc-cmm.org\/fr\/stories\/lassemblee-sefforce-de-reduire-son-empreinte-carbone\/","og_locale":"fr_FR","og_type":"article","og_title":"L\u2019Assembl\u00e9e s\u2019efforce de r\u00e9duire son empreinte carbone - Mennonite World Conference","og_description":"\u00ab&nbsp;Se rassembler&nbsp;\u00bb est devenu un concept plus important. Deux ann\u00e9es de restrictions li\u00e9es \u00e0 la pand\u00e9mie ont appris aux gens \u00e0 \u00eatre ensemble virtuellement. L\u2019Assembl\u00e9e mondiale de la Conf\u00e9rence Mennonite Mondiale b\u00e9n\u00e9ficie de cette ma\u00eetrise de Zoom. Le rassemblement de la CMM est ouvert \u00e0 toute personne du monde entier qui peut s\u2019inscrire pour participer [&hellip;]","og_url":"https:\/\/mwc-cmm.org\/fr\/stories\/lassemblee-sefforce-de-reduire-son-empreinte-carbone\/","og_site_name":"Mennonite World Conference","article_publisher":"https:\/\/www.facebook.com\/MennoniteWorldConference","article_published_time":"2022-06-23T00:00:00+00:00","article_modified_time":"2024-12-10T17:19:06+00:00","og_image":[{"width":2560,"height":1440,"url":"https:\/\/mwc-cmm.org\/wp-content\/uploads\/2024\/11\/dsc06007-scaled.jpg","type":"image\/jpeg"}],"author":"mennworldcon","schema":{"@context":"https:\/\/schema.org","@graph":[{"@type":"Article","@id":"https:\/\/mwc-cmm.org\/fr\/stories\/lassemblee-sefforce-de-reduire-son-empreinte-carbone\/#article","isPartOf":{"@id":"https:\/\/mwc-cmm.org\/fr\/stories\/lassemblee-sefforce-de-reduire-son-empreinte-carbone\/"},"author":{"name":"mennworldcon","@id":"https:\/\/mwc-cmm.org\/en\/#\/schema\/person\/11f6ae0d7d1868ba20a1cc27f067c836"},"headline":"L\u2019Assembl\u00e9e s\u2019efforce de r\u00e9duire son empreinte carbone","datePublished":"2022-06-23T00:00:00+00:00","dateModified":"2024-12-10T17:19:06+00:00","mainEntityOfPage":{"@id":"https:\/\/mwc-cmm.org\/fr\/stories\/lassemblee-sefforce-de-reduire-son-empreinte-carbone\/"},"wordCount":357,"publisher":{"@id":"https:\/\/mwc-cmm.org\/en\/#organization"},"image":{"@id":"https:\/\/mwc-cmm.org\/fr\/stories\/lassemblee-sefforce-de-reduire-son-empreinte-carbone\/#primaryimage"},"thumbnailUrl":"https:\/\/mwc-cmm.org\/wp-content\/uploads\/2024\/11\/dsc06007-scaled.jpg","keywords":["Assembl\u00e9e r\u00e9unie","Indon\u00e9sie 2022"],"articleSection":["Non classifi\u00e9(e)"],"inLanguage":"fr-FR"},{"@type":"WebPage","@id":"https:\/\/mwc-cmm.org\/fr\/stories\/lassemblee-sefforce-de-reduire-son-empreinte-carbone\/","url":"https:\/\/mwc-cmm.org\/fr\/stories\/lassemblee-sefforce-de-reduire-son-empreinte-carbone\/","name":"L\u2019Assembl\u00e9e s\u2019efforce de r\u00e9duire son empreinte carbone - Mennonite World Conference","isPartOf":{"@id":"https:\/\/mwc-cmm.org\/en\/#website"},"primaryImageOfPage":{"@id":"https:\/\/mwc-cmm.org\/fr\/stories\/lassemblee-sefforce-de-reduire-son-empreinte-carbone\/#primaryimage"},"image":{"@id":"https:\/\/mwc-cmm.org\/fr\/stories\/lassemblee-sefforce-de-reduire-son-empreinte-carbone\/#primaryimage"},"thumbnailUrl":"https:\/\/mwc-cmm.org\/wp-content\/uploads\/2024\/11\/dsc06007-scaled.jpg","datePublished":"2022-06-23T00:00:00+00:00","dateModified":"2024-12-10T17:19:06+00:00","breadcrumb":{"@id":"https:\/\/mwc-cmm.org\/fr\/stories\/lassemblee-sefforce-de-reduire-son-empreinte-carbone\/#breadcrumb"},"inLanguage":"fr-FR","potentialAction":[{"@type":"ReadAction","target":["https:\/\/mwc-cmm.org\/fr\/stories\/lassemblee-sefforce-de-reduire-son-empreinte-carbone\/"]}]},{"@type":"ImageObject","inLanguage":"fr-FR","@id":"https:\/\/mwc-cmm.org\/fr\/stories\/lassemblee-sefforce-de-reduire-son-empreinte-carbone\/#primaryimage","url":"https:\/\/mwc-cmm.org\/wp-content\/uploads\/2024\/11\/dsc06007-scaled.jpg","contentUrl":"https:\/\/mwc-cmm.org\/wp-content\/uploads\/2024\/11\/dsc06007-scaled.jpg","width":2560,"height":1440},{"@type":"BreadcrumbList","@id":"https:\/\/mwc-cmm.org\/fr\/stories\/lassemblee-sefforce-de-reduire-son-empreinte-carbone\/#breadcrumb","itemListElement":[{"@type":"ListItem","position":1,"name":"Home","item":"https:\/\/mwc-cmm.org\/fr\/"},{"@type":"ListItem","position":2,"name":"L\u2019Assembl\u00e9e s\u2019efforce de r\u00e9duire son empreinte carbone"}]},{"@type":"WebSite","@id":"https:\/\/mwc-cmm.org\/en\/#website","url":"https:\/\/mwc-cmm.org\/en\/","name":"Mennonite World Conference","description":"A communion of Anabaptist-related churches","publisher":{"@id":"https:\/\/mwc-cmm.org\/en\/#organization"},"alternateName":"MWC","potentialAction":[{"@type":"SearchAction","target":{"@type":"EntryPoint","urlTemplate":"https:\/\/mwc-cmm.org\/en\/?s={search_term_string}"},"query-input":{"@type":"PropertyValueSpecification","valueRequired":true,"valueName":"search_term_string"}}],"inLanguage":"fr-FR"},{"@type":"Organization","@id":"https:\/\/mwc-cmm.org\/en\/#organization","name":"Mennonite World Conference","alternateName":"MWC","url":"https:\/\/mwc-cmm.org\/en\/","logo":{"@type":"ImageObject","inLanguage":"fr-FR","@id":"https:\/\/mwc-cmm.org\/en\/#\/schema\/logo\/image\/","url":"https:\/\/mwc-cmm.org\/wp-content\/uploads\/2026\/01\/MWC_Sig_Blue_Horiz_webheader1-logo.svg","contentUrl":"https:\/\/mwc-cmm.org\/wp-content\/uploads\/2026\/01\/MWC_Sig_Blue_Horiz_webheader1-logo.svg","width":786,"height":82,"caption":"Mennonite World Conference"},"image":{"@id":"https:\/\/mwc-cmm.org\/en\/#\/schema\/logo\/image\/"},"sameAs":["https:\/\/www.facebook.com\/MennoniteWorldConference","https:\/\/www.linkedin.com\/company\/mennonite-world-conference-mwc\/","https:\/\/www.instagram.com\/mwcmm\/","https:\/\/www.youtube.com\/user\/mwccmm","https:\/\/bsky.app\/profile\/mwcmm.bsky.social"]},{"@type":"Person","@id":"https:\/\/mwc-cmm.org\/en\/#\/schema\/person\/11f6ae0d7d1868ba20a1cc27f067c836","name":"mennworldcon","image":{"@type":"ImageObject","inLanguage":"fr-FR","@id":"https:\/\/secure.gravatar.com\/avatar\/06fdc0dc81c157dfdb82ec42f252178a22307808988d22c043f9eb96f1e0fe80?s=96&d=mm&r=g","url":"https:\/\/secure.gravatar.com\/avatar\/06fdc0dc81c157dfdb82ec42f252178a22307808988d22c043f9eb96f1e0fe80?s=96&d=mm&r=g","contentUrl":"https:\/\/secure.gravatar.com\/avatar\/06fdc0dc81c157dfdb82ec42f252178a22307808988d22c043f9eb96f1e0fe80?s=96&d=mm&r=g","caption":"mennworldcon"},"sameAs":["https:\/\/mwc-cmm.org"],"url":"https:\/\/mwc-cmm.org\/fr\/stories\/author\/mennworldcon\/"}]}},"_links":{"self":[{"href":"https:\/\/mwc-cmm.org\/fr\/wp-json\/wp\/v2\/posts\/10392","targetHints":{"allow":["GET"]}}],"collection":[{"href":"https:\/\/mwc-cmm.org\/fr\/wp-json\/wp\/v2\/posts"}],"about":[{"href":"https:\/\/mwc-cmm.org\/fr\/wp-json\/wp\/v2\/types\/post"}],"author":[{"embeddable":true,"href":"https:\/\/mwc-cmm.org\/fr\/wp-json\/wp\/v2\/users\/1"}],"replies":[{"embeddable":true,"href":"https:\/\/mwc-cmm.org\/fr\/wp-json\/wp\/v2\/comments?post=10392"}],"version-history":[{"count":0,"href":"https:\/\/mwc-cmm.org\/fr\/wp-json\/wp\/v2\/posts\/10392\/revisions"}],"wp:featuredmedia":[{"embeddable":true,"href":"https:\/\/mwc-cmm.org\/fr\/wp-json\/wp\/v2\/media\/95163"}],"wp:attachment":[{"href":"https:\/\/mwc-cmm.org\/fr\/wp-json\/wp\/v2\/media?parent=10392"}],"wp:term":[{"taxonomy":"category","embeddable":true,"href":"https:\/\/mwc-cmm.org\/fr\/wp-json\/wp\/v2\/categories?post=10392"},{"taxonomy":"post_tag","embeddable":true,"href":"https:\/\/mwc-cmm.org\/fr\/wp-json\/wp\/v2\/tags?post=10392"},{"taxonomy":"network","embeddable":true,"href":"https:\/\/mwc-cmm.org\/fr\/wp-json\/wp\/v2\/network?post=10392"},{"taxonomy":"eventcategory","embeddable":true,"href":"https:\/\/mwc-cmm.org\/fr\/wp-json\/wp\/v2\/eventcategory?post=10392"}],"curies":[{"name":"wp","href":"https:\/\/api.w.org\/{rel}","templated":true}]}}