{"id":10391,"date":"2022-06-20T00:00:00","date_gmt":"2022-06-20T00:00:00","guid":{"rendered":"https:\/\/mwc-cmm.org\/mwc-news-conference-or-communion-3\/"},"modified":"2024-12-10T17:19:05","modified_gmt":"2024-12-10T17:19:05","slug":"infos-cmm-conference-ou-communion","status":"publish","type":"post","link":"https:\/\/mwc-cmm.org\/fr\/stories\/infos-cmm-conference-ou-communion\/","title":{"rendered":"Infos CMM: conf\u00e9rence ou communion ?"},"content":{"rendered":"<p>\u00ab&nbsp;Tu vas aller \u00e0 la CMM&nbsp;?&nbsp;\u00bb C\u2019est une question pi\u00e8ge&nbsp;: La Conf\u00e9rence Mennonite Mondiale n\u2019est pas un \u00e9v\u00e9nement, mais une famille. N\u00e9anmoins, Indon\u00e9sie 2022 \u2013 le c\u00e9l\u00e8bre \u00e9v\u00e9nement de l\u2019Assembl\u00e9e qui rassemble les anabaptistes-mennonites du monde entier &#8211; commence le 5 juillet 2022. Il y a beaucoup \u00e0 faire pour pr\u00e9parer la toute premi\u00e8re Assembl\u00e9e enti\u00e8rement hybride pour les participants sur place et en ligne.&nbsp;&nbsp;<\/p>\n<p>Le Comit\u00e9 ex\u00e9cutif s\u2019est r\u00e9uni sur Zoom en mai pour finaliser l\u2019ordre du jour des r\u00e9unions du Conseil g\u00e9n\u00e9ral qui ont lieu tous les trois ans, rattach\u00e9es une fois sur deux \u00e0 l\u2019Assembl\u00e9e.&nbsp;&nbsp;<\/p>\n<p>Autre premi\u00e8re, il y a une proposition de changement de nom pour la Conf\u00e9rence Mennonite Mondiale. Cette communaut\u00e9 de foi mondiale comprend l\u2019\u00c9glise Meserete Kristos (MKC) en Ethiopie, Amor Viviente au Honduras, Jemaat Kristen Indonesia en Asie, Algemene Doopsgezinde Societeit aux Pays-Bas et les Fr\u00e8res en Christ aux Am\u00e9riques du Sud et du Nord et en Afrique. De nombreux membres ne se disent pas \u00ab mennonites\u201d.&nbsp;<\/p>\n<p>Le Comit\u00e9 Ex\u00e9cutif a demand\u00e9 \u00e0 la Commission Foi et Vie d\u2019\u00e9tudier comment le nom de la CMM pourrait mieux refl\u00e9ter sa vision, sa mission et ses membres. Apr\u00e8s consultation, \u00e9tude et discernement, la Commission a pr\u00e9sent\u00e9 une proposition. Le Comit\u00e9 Ex\u00e9cutif propose deux options au Conseil G\u00e9n\u00e9ral : le nouveau nom \u00ab Communion Anabaptiste Mennonite Mondiale \u00bb ou aucun changement.&nbsp;&nbsp;&nbsp;<\/p>\n<p>\u00ab&nbsp;Les mots \u201canabaptiste\u201d et \u201ccommunion\u201d, ajout\u00e9s ou modifi\u00e9s, ont une signification th\u00e9ologique importante&nbsp;\u00bb, dit J. Nelson Kraybill, pr\u00e9sident de la CMM. \u00ab&nbsp;\u201dAnabaptiste\u201d fait r\u00e9f\u00e9rence \u00e0 notre h\u00e9ritage spirituel et \u201ccommunion\u201d souligne la profondeur de la communion que nous vivons en tant que corps du Christ. Notre nom doit faire comprendre que nous sommes une \u00e9glise, et pas seulement une r\u00e9union d\u2019affaires ou une entreprise \u00e9ducative.&nbsp;\u00bb&nbsp;<\/p>\n<p>\u00ab&nbsp;Ce nom rend justice \u00e0 la transformation de notre famille mondiale&nbsp;\u00bb, d\u00e9clare Carlos Mart\u00ednez-Garc\u00eda, membre du Comit\u00e9 ex\u00e9cutif, originaire du Mexique. Il note qu\u2019au Mexique, certains groupes choisissent \u00ab mennonite\u201d et d\u2019autres non. \u00ab&nbsp;\u201dAnabaptiste\u201d est plus large, plus inclusif&nbsp; \u00bb, dit-il.&nbsp;<\/p>\n<p>Apr\u00e8s discussion, les membres du Conseil G\u00e9n\u00e9ral rapporteront la proposition \u00e0 leurs assembl\u00e9es et \u00e0 leurs responsables. Le Conseil G\u00e9n\u00e9ral se r\u00e9unira \u00e0 nouveau pour voter sur le nom lors du centenaire de la CMM en 2025.&nbsp;<\/p>\n<p>Le Conseil G\u00e9n\u00e9ral doit aussi approuver l\u2019accueil de nouveaux membres, les changements de personnel au sein du Comit\u00e9 Ex\u00e9cutif et des Commissions, et approuver la place des r\u00e9seaux \u00e9mergents dans la structure de la CMM : le R\u00e9seau anabaptiste mondial pour l\u2019\u00e9ducation sup\u00e9rieure (GAHEN), le R\u00e9seau anabaptiste mondial pour l\u2019\u00e9ducation primaire et secondaire (GAPSEN), le R\u00e9seau anabaptiste mondial de sant\u00e9 (GAHN) et le R\u00e9seau anabaptiste mondial pour la paix (GAPN).&nbsp;&nbsp;<\/p>\n<p>Bien que le Conseil G\u00e9n\u00e9ral se r\u00e9unisse en personne en Indon\u00e9sie, les r\u00e9seaux se r\u00e9uniront sur Zoom dans les semaines qui pr\u00e9c\u00e8dent et qui suivent. Cependant, plusieurs d\u2019entre eux proposeront des ateliers lors de l\u2019Assembl\u00e9e qui pourront \u00eatre suivis en ligne par les personnes inscrites \u00e0 l\u2019Assembl\u00e9e.&nbsp;&nbsp;<\/p>\n<p>Depuis fevrier, Rebekah Doerksen occupe \u00e0 temps partiel le poste de coordinatrice des r\u00e9seaux. Elle aide les pr\u00e9sidents \u00e0 rassembler les documents et \u00e0 communiquer avec les membres. Elle est membre de la Crossroads Mennonite Brethren Church, Winnipeg, Manitoba, Canada.&nbsp;&nbsp;<\/p>\n<p>Bruce Campbell-Janz a rejoint l\u2019\u00e9quipe de la CMM en avril 2022 en tant que charg\u00e9 du d\u00e9veloppement. Apr\u00e8s l\u2019Assembl\u00e9e, il prendra le r\u00f4le de responsable du d\u00e9veloppement, car l\u2019engagement int\u00e9rimaire de J. Ron Byler touche \u00e0 sa fin. Bruce Campbell-Janz est membre de East Chestnut Mennonite Church, Lancaster, Pennsylvanie, \u00c9tats-Unis.&nbsp;&nbsp;<\/p>\n","protected":false},"excerpt":{"rendered":"<p>\u00ab&nbsp;Tu vas aller \u00e0 la CMM&nbsp;?&nbsp;\u00bb C\u2019est une question pi\u00e8ge&nbsp;: La Conf\u00e9rence Mennonite Mondiale n\u2019est pas un \u00e9v\u00e9nement, mais une famille. N\u00e9anmoins, Indon\u00e9sie 2022 \u2013 le c\u00e9l\u00e8bre \u00e9v\u00e9nement de l\u2019Assembl\u00e9e qui rassemble les anabaptistes-mennonites du monde entier &#8211; commence le 5 juillet 2022. Il y a beaucoup \u00e0 faire pour pr\u00e9parer la toute premi\u00e8re Assembl\u00e9e [&hellip;]<\/p>\n","protected":false},"author":1,"featured_media":95149,"comment_status":"closed","ping_status":"closed","sticky":false,"template":"","format":"standard","meta":{"_acf_changed":false,"footnotes":""},"categories":[7],"tags":[],"network":[],"eventcategory":[],"class_list":["post-10391","post","type-post","status-publish","format-standard","has-post-thumbnail","hentry","category-non-classifiee"],"acf":[],"yoast_head":"<!-- This site is optimized with the Yoast SEO plugin v27.5 - https:\/\/yoast.com\/product\/yoast-seo-wordpress\/ -->\n<title>Infos CMM: conf\u00e9rence ou communion ? - Mennonite World Conference<\/title>\n<meta name=\"robots\" content=\"index, follow, max-snippet:-1, max-image-preview:large, max-video-preview:-1\" \/>\n<link rel=\"canonical\" href=\"https:\/\/mwc-cmm.org\/fr\/stories\/infos-cmm-conference-ou-communion\/\" \/>\n<meta property=\"og:locale\" content=\"fr_FR\" \/>\n<meta property=\"og:type\" content=\"article\" \/>\n<meta property=\"og:title\" content=\"Infos CMM: conf\u00e9rence ou communion ? - Mennonite World Conference\" \/>\n<meta property=\"og:description\" content=\"\u00ab&nbsp;Tu vas aller \u00e0 la CMM&nbsp;?&nbsp;\u00bb C\u2019est une question pi\u00e8ge&nbsp;: La Conf\u00e9rence Mennonite Mondiale n\u2019est pas un \u00e9v\u00e9nement, mais une famille. N\u00e9anmoins, Indon\u00e9sie 2022 \u2013 le c\u00e9l\u00e8bre \u00e9v\u00e9nement de l\u2019Assembl\u00e9e qui rassemble les anabaptistes-mennonites du monde entier &#8211; commence le 5 juillet 2022. Il y a beaucoup \u00e0 faire pour pr\u00e9parer la toute premi\u00e8re Assembl\u00e9e [&hellip;]\" \/>\n<meta property=\"og:url\" content=\"https:\/\/mwc-cmm.org\/fr\/stories\/infos-cmm-conference-ou-communion\/\" \/>\n<meta property=\"og:site_name\" content=\"Mennonite World Conference\" \/>\n<meta property=\"article:publisher\" content=\"https:\/\/www.facebook.com\/MennoniteWorldConference\" \/>\n<meta property=\"article:published_time\" content=\"2022-06-20T00:00:00+00:00\" \/>\n<meta property=\"article:modified_time\" content=\"2024-12-10T17:19:05+00:00\" \/>\n<meta property=\"og:image\" content=\"https:\/\/mwc-cmm.org\/wp-content\/uploads\/2024\/11\/20150724_monnicafigeuroa_0605-scaled.jpg\" \/>\n\t<meta property=\"og:image:width\" content=\"2560\" \/>\n\t<meta property=\"og:image:height\" content=\"1696\" \/>\n\t<meta property=\"og:image:type\" content=\"image\/jpeg\" \/>\n<meta name=\"author\" content=\"mennworldcon\" \/>\n<script type=\"application\/ld+json\" class=\"yoast-schema-graph\">{\"@context\":\"https:\\\/\\\/schema.org\",\"@graph\":[{\"@type\":\"Article\",\"@id\":\"https:\\\/\\\/mwc-cmm.org\\\/fr\\\/stories\\\/infos-cmm-conference-ou-communion\\\/#article\",\"isPartOf\":{\"@id\":\"https:\\\/\\\/mwc-cmm.org\\\/fr\\\/stories\\\/infos-cmm-conference-ou-communion\\\/\"},\"author\":{\"name\":\"mennworldcon\",\"@id\":\"https:\\\/\\\/mwc-cmm.org\\\/en\\\/#\\\/schema\\\/person\\\/11f6ae0d7d1868ba20a1cc27f067c836\"},\"headline\":\"Infos CMM: conf\u00e9rence ou communion ?\",\"datePublished\":\"2022-06-20T00:00:00+00:00\",\"dateModified\":\"2024-12-10T17:19:05+00:00\",\"mainEntityOfPage\":{\"@id\":\"https:\\\/\\\/mwc-cmm.org\\\/fr\\\/stories\\\/infos-cmm-conference-ou-communion\\\/\"},\"wordCount\":682,\"publisher\":{\"@id\":\"https:\\\/\\\/mwc-cmm.org\\\/en\\\/#organization\"},\"image\":{\"@id\":\"https:\\\/\\\/mwc-cmm.org\\\/fr\\\/stories\\\/infos-cmm-conference-ou-communion\\\/#primaryimage\"},\"thumbnailUrl\":\"https:\\\/\\\/mwc-cmm.org\\\/wp-content\\\/uploads\\\/2024\\\/11\\\/20150724_monnicafigeuroa_0605-scaled.jpg\",\"articleSection\":[\"Non classifi\u00e9(e)\"],\"inLanguage\":\"fr-FR\"},{\"@type\":\"WebPage\",\"@id\":\"https:\\\/\\\/mwc-cmm.org\\\/fr\\\/stories\\\/infos-cmm-conference-ou-communion\\\/\",\"url\":\"https:\\\/\\\/mwc-cmm.org\\\/fr\\\/stories\\\/infos-cmm-conference-ou-communion\\\/\",\"name\":\"Infos CMM: conf\u00e9rence ou communion ? - Mennonite World Conference\",\"isPartOf\":{\"@id\":\"https:\\\/\\\/mwc-cmm.org\\\/en\\\/#website\"},\"primaryImageOfPage\":{\"@id\":\"https:\\\/\\\/mwc-cmm.org\\\/fr\\\/stories\\\/infos-cmm-conference-ou-communion\\\/#primaryimage\"},\"image\":{\"@id\":\"https:\\\/\\\/mwc-cmm.org\\\/fr\\\/stories\\\/infos-cmm-conference-ou-communion\\\/#primaryimage\"},\"thumbnailUrl\":\"https:\\\/\\\/mwc-cmm.org\\\/wp-content\\\/uploads\\\/2024\\\/11\\\/20150724_monnicafigeuroa_0605-scaled.jpg\",\"datePublished\":\"2022-06-20T00:00:00+00:00\",\"dateModified\":\"2024-12-10T17:19:05+00:00\",\"breadcrumb\":{\"@id\":\"https:\\\/\\\/mwc-cmm.org\\\/fr\\\/stories\\\/infos-cmm-conference-ou-communion\\\/#breadcrumb\"},\"inLanguage\":\"fr-FR\",\"potentialAction\":[{\"@type\":\"ReadAction\",\"target\":[\"https:\\\/\\\/mwc-cmm.org\\\/fr\\\/stories\\\/infos-cmm-conference-ou-communion\\\/\"]}]},{\"@type\":\"ImageObject\",\"inLanguage\":\"fr-FR\",\"@id\":\"https:\\\/\\\/mwc-cmm.org\\\/fr\\\/stories\\\/infos-cmm-conference-ou-communion\\\/#primaryimage\",\"url\":\"https:\\\/\\\/mwc-cmm.org\\\/wp-content\\\/uploads\\\/2024\\\/11\\\/20150724_monnicafigeuroa_0605-scaled.jpg\",\"contentUrl\":\"https:\\\/\\\/mwc-cmm.org\\\/wp-content\\\/uploads\\\/2024\\\/11\\\/20150724_monnicafigeuroa_0605-scaled.jpg\",\"width\":2560,\"height\":1696},{\"@type\":\"BreadcrumbList\",\"@id\":\"https:\\\/\\\/mwc-cmm.org\\\/fr\\\/stories\\\/infos-cmm-conference-ou-communion\\\/#breadcrumb\",\"itemListElement\":[{\"@type\":\"ListItem\",\"position\":1,\"name\":\"Home\",\"item\":\"https:\\\/\\\/mwc-cmm.org\\\/fr\\\/\"},{\"@type\":\"ListItem\",\"position\":2,\"name\":\"Infos CMM: conf\u00e9rence ou communion ?\"}]},{\"@type\":\"WebSite\",\"@id\":\"https:\\\/\\\/mwc-cmm.org\\\/en\\\/#website\",\"url\":\"https:\\\/\\\/mwc-cmm.org\\\/en\\\/\",\"name\":\"Mennonite World Conference\",\"description\":\"A communion of Anabaptist-related churches\",\"publisher\":{\"@id\":\"https:\\\/\\\/mwc-cmm.org\\\/en\\\/#organization\"},\"alternateName\":\"MWC\",\"potentialAction\":[{\"@type\":\"SearchAction\",\"target\":{\"@type\":\"EntryPoint\",\"urlTemplate\":\"https:\\\/\\\/mwc-cmm.org\\\/en\\\/?s={search_term_string}\"},\"query-input\":{\"@type\":\"PropertyValueSpecification\",\"valueRequired\":true,\"valueName\":\"search_term_string\"}}],\"inLanguage\":\"fr-FR\"},{\"@type\":\"Organization\",\"@id\":\"https:\\\/\\\/mwc-cmm.org\\\/en\\\/#organization\",\"name\":\"Mennonite World Conference\",\"alternateName\":\"MWC\",\"url\":\"https:\\\/\\\/mwc-cmm.org\\\/en\\\/\",\"logo\":{\"@type\":\"ImageObject\",\"inLanguage\":\"fr-FR\",\"@id\":\"https:\\\/\\\/mwc-cmm.org\\\/en\\\/#\\\/schema\\\/logo\\\/image\\\/\",\"url\":\"https:\\\/\\\/mwc-cmm.org\\\/wp-content\\\/uploads\\\/2026\\\/01\\\/MWC_Sig_Blue_Horiz_webheader1-logo.svg\",\"contentUrl\":\"https:\\\/\\\/mwc-cmm.org\\\/wp-content\\\/uploads\\\/2026\\\/01\\\/MWC_Sig_Blue_Horiz_webheader1-logo.svg\",\"width\":786,\"height\":82,\"caption\":\"Mennonite World Conference\"},\"image\":{\"@id\":\"https:\\\/\\\/mwc-cmm.org\\\/en\\\/#\\\/schema\\\/logo\\\/image\\\/\"},\"sameAs\":[\"https:\\\/\\\/www.facebook.com\\\/MennoniteWorldConference\",\"https:\\\/\\\/www.linkedin.com\\\/company\\\/mennonite-world-conference-mwc\\\/\",\"https:\\\/\\\/www.instagram.com\\\/mwcmm\\\/\",\"https:\\\/\\\/www.youtube.com\\\/user\\\/mwccmm\",\"https:\\\/\\\/bsky.app\\\/profile\\\/mwcmm.bsky.social\"]},{\"@type\":\"Person\",\"@id\":\"https:\\\/\\\/mwc-cmm.org\\\/en\\\/#\\\/schema\\\/person\\\/11f6ae0d7d1868ba20a1cc27f067c836\",\"name\":\"mennworldcon\",\"image\":{\"@type\":\"ImageObject\",\"inLanguage\":\"fr-FR\",\"@id\":\"https:\\\/\\\/secure.gravatar.com\\\/avatar\\\/06fdc0dc81c157dfdb82ec42f252178a22307808988d22c043f9eb96f1e0fe80?s=96&d=mm&r=g\",\"url\":\"https:\\\/\\\/secure.gravatar.com\\\/avatar\\\/06fdc0dc81c157dfdb82ec42f252178a22307808988d22c043f9eb96f1e0fe80?s=96&d=mm&r=g\",\"contentUrl\":\"https:\\\/\\\/secure.gravatar.com\\\/avatar\\\/06fdc0dc81c157dfdb82ec42f252178a22307808988d22c043f9eb96f1e0fe80?s=96&d=mm&r=g\",\"caption\":\"mennworldcon\"},\"sameAs\":[\"https:\\\/\\\/mwc-cmm.org\"],\"url\":\"https:\\\/\\\/mwc-cmm.org\\\/fr\\\/stories\\\/author\\\/mennworldcon\\\/\"}]}<\/script>\n<!-- \/ Yoast SEO plugin. -->","yoast_head_json":{"title":"Infos CMM: conf\u00e9rence ou communion ? - Mennonite World Conference","robots":{"index":"index","follow":"follow","max-snippet":"max-snippet:-1","max-image-preview":"max-image-preview:large","max-video-preview":"max-video-preview:-1"},"canonical":"https:\/\/mwc-cmm.org\/fr\/stories\/infos-cmm-conference-ou-communion\/","og_locale":"fr_FR","og_type":"article","og_title":"Infos CMM: conf\u00e9rence ou communion ? - Mennonite World Conference","og_description":"\u00ab&nbsp;Tu vas aller \u00e0 la CMM&nbsp;?&nbsp;\u00bb C\u2019est une question pi\u00e8ge&nbsp;: La Conf\u00e9rence Mennonite Mondiale n\u2019est pas un \u00e9v\u00e9nement, mais une famille. N\u00e9anmoins, Indon\u00e9sie 2022 \u2013 le c\u00e9l\u00e8bre \u00e9v\u00e9nement de l\u2019Assembl\u00e9e qui rassemble les anabaptistes-mennonites du monde entier &#8211; commence le 5 juillet 2022. Il y a beaucoup \u00e0 faire pour pr\u00e9parer la toute premi\u00e8re Assembl\u00e9e [&hellip;]","og_url":"https:\/\/mwc-cmm.org\/fr\/stories\/infos-cmm-conference-ou-communion\/","og_site_name":"Mennonite World Conference","article_publisher":"https:\/\/www.facebook.com\/MennoniteWorldConference","article_published_time":"2022-06-20T00:00:00+00:00","article_modified_time":"2024-12-10T17:19:05+00:00","og_image":[{"width":2560,"height":1696,"url":"https:\/\/mwc-cmm.org\/wp-content\/uploads\/2024\/11\/20150724_monnicafigeuroa_0605-scaled.jpg","type":"image\/jpeg"}],"author":"mennworldcon","schema":{"@context":"https:\/\/schema.org","@graph":[{"@type":"Article","@id":"https:\/\/mwc-cmm.org\/fr\/stories\/infos-cmm-conference-ou-communion\/#article","isPartOf":{"@id":"https:\/\/mwc-cmm.org\/fr\/stories\/infos-cmm-conference-ou-communion\/"},"author":{"name":"mennworldcon","@id":"https:\/\/mwc-cmm.org\/en\/#\/schema\/person\/11f6ae0d7d1868ba20a1cc27f067c836"},"headline":"Infos CMM: conf\u00e9rence ou communion ?","datePublished":"2022-06-20T00:00:00+00:00","dateModified":"2024-12-10T17:19:05+00:00","mainEntityOfPage":{"@id":"https:\/\/mwc-cmm.org\/fr\/stories\/infos-cmm-conference-ou-communion\/"},"wordCount":682,"publisher":{"@id":"https:\/\/mwc-cmm.org\/en\/#organization"},"image":{"@id":"https:\/\/mwc-cmm.org\/fr\/stories\/infos-cmm-conference-ou-communion\/#primaryimage"},"thumbnailUrl":"https:\/\/mwc-cmm.org\/wp-content\/uploads\/2024\/11\/20150724_monnicafigeuroa_0605-scaled.jpg","articleSection":["Non classifi\u00e9(e)"],"inLanguage":"fr-FR"},{"@type":"WebPage","@id":"https:\/\/mwc-cmm.org\/fr\/stories\/infos-cmm-conference-ou-communion\/","url":"https:\/\/mwc-cmm.org\/fr\/stories\/infos-cmm-conference-ou-communion\/","name":"Infos CMM: conf\u00e9rence ou communion ? - Mennonite World Conference","isPartOf":{"@id":"https:\/\/mwc-cmm.org\/en\/#website"},"primaryImageOfPage":{"@id":"https:\/\/mwc-cmm.org\/fr\/stories\/infos-cmm-conference-ou-communion\/#primaryimage"},"image":{"@id":"https:\/\/mwc-cmm.org\/fr\/stories\/infos-cmm-conference-ou-communion\/#primaryimage"},"thumbnailUrl":"https:\/\/mwc-cmm.org\/wp-content\/uploads\/2024\/11\/20150724_monnicafigeuroa_0605-scaled.jpg","datePublished":"2022-06-20T00:00:00+00:00","dateModified":"2024-12-10T17:19:05+00:00","breadcrumb":{"@id":"https:\/\/mwc-cmm.org\/fr\/stories\/infos-cmm-conference-ou-communion\/#breadcrumb"},"inLanguage":"fr-FR","potentialAction":[{"@type":"ReadAction","target":["https:\/\/mwc-cmm.org\/fr\/stories\/infos-cmm-conference-ou-communion\/"]}]},{"@type":"ImageObject","inLanguage":"fr-FR","@id":"https:\/\/mwc-cmm.org\/fr\/stories\/infos-cmm-conference-ou-communion\/#primaryimage","url":"https:\/\/mwc-cmm.org\/wp-content\/uploads\/2024\/11\/20150724_monnicafigeuroa_0605-scaled.jpg","contentUrl":"https:\/\/mwc-cmm.org\/wp-content\/uploads\/2024\/11\/20150724_monnicafigeuroa_0605-scaled.jpg","width":2560,"height":1696},{"@type":"BreadcrumbList","@id":"https:\/\/mwc-cmm.org\/fr\/stories\/infos-cmm-conference-ou-communion\/#breadcrumb","itemListElement":[{"@type":"ListItem","position":1,"name":"Home","item":"https:\/\/mwc-cmm.org\/fr\/"},{"@type":"ListItem","position":2,"name":"Infos CMM: conf\u00e9rence ou communion ?"}]},{"@type":"WebSite","@id":"https:\/\/mwc-cmm.org\/en\/#website","url":"https:\/\/mwc-cmm.org\/en\/","name":"Mennonite World Conference","description":"A communion of Anabaptist-related churches","publisher":{"@id":"https:\/\/mwc-cmm.org\/en\/#organization"},"alternateName":"MWC","potentialAction":[{"@type":"SearchAction","target":{"@type":"EntryPoint","urlTemplate":"https:\/\/mwc-cmm.org\/en\/?s={search_term_string}"},"query-input":{"@type":"PropertyValueSpecification","valueRequired":true,"valueName":"search_term_string"}}],"inLanguage":"fr-FR"},{"@type":"Organization","@id":"https:\/\/mwc-cmm.org\/en\/#organization","name":"Mennonite World Conference","alternateName":"MWC","url":"https:\/\/mwc-cmm.org\/en\/","logo":{"@type":"ImageObject","inLanguage":"fr-FR","@id":"https:\/\/mwc-cmm.org\/en\/#\/schema\/logo\/image\/","url":"https:\/\/mwc-cmm.org\/wp-content\/uploads\/2026\/01\/MWC_Sig_Blue_Horiz_webheader1-logo.svg","contentUrl":"https:\/\/mwc-cmm.org\/wp-content\/uploads\/2026\/01\/MWC_Sig_Blue_Horiz_webheader1-logo.svg","width":786,"height":82,"caption":"Mennonite World Conference"},"image":{"@id":"https:\/\/mwc-cmm.org\/en\/#\/schema\/logo\/image\/"},"sameAs":["https:\/\/www.facebook.com\/MennoniteWorldConference","https:\/\/www.linkedin.com\/company\/mennonite-world-conference-mwc\/","https:\/\/www.instagram.com\/mwcmm\/","https:\/\/www.youtube.com\/user\/mwccmm","https:\/\/bsky.app\/profile\/mwcmm.bsky.social"]},{"@type":"Person","@id":"https:\/\/mwc-cmm.org\/en\/#\/schema\/person\/11f6ae0d7d1868ba20a1cc27f067c836","name":"mennworldcon","image":{"@type":"ImageObject","inLanguage":"fr-FR","@id":"https:\/\/secure.gravatar.com\/avatar\/06fdc0dc81c157dfdb82ec42f252178a22307808988d22c043f9eb96f1e0fe80?s=96&d=mm&r=g","url":"https:\/\/secure.gravatar.com\/avatar\/06fdc0dc81c157dfdb82ec42f252178a22307808988d22c043f9eb96f1e0fe80?s=96&d=mm&r=g","contentUrl":"https:\/\/secure.gravatar.com\/avatar\/06fdc0dc81c157dfdb82ec42f252178a22307808988d22c043f9eb96f1e0fe80?s=96&d=mm&r=g","caption":"mennworldcon"},"sameAs":["https:\/\/mwc-cmm.org"],"url":"https:\/\/mwc-cmm.org\/fr\/stories\/author\/mennworldcon\/"}]}},"_links":{"self":[{"href":"https:\/\/mwc-cmm.org\/fr\/wp-json\/wp\/v2\/posts\/10391","targetHints":{"allow":["GET"]}}],"collection":[{"href":"https:\/\/mwc-cmm.org\/fr\/wp-json\/wp\/v2\/posts"}],"about":[{"href":"https:\/\/mwc-cmm.org\/fr\/wp-json\/wp\/v2\/types\/post"}],"author":[{"embeddable":true,"href":"https:\/\/mwc-cmm.org\/fr\/wp-json\/wp\/v2\/users\/1"}],"replies":[{"embeddable":true,"href":"https:\/\/mwc-cmm.org\/fr\/wp-json\/wp\/v2\/comments?post=10391"}],"version-history":[{"count":0,"href":"https:\/\/mwc-cmm.org\/fr\/wp-json\/wp\/v2\/posts\/10391\/revisions"}],"wp:featuredmedia":[{"embeddable":true,"href":"https:\/\/mwc-cmm.org\/fr\/wp-json\/wp\/v2\/media\/95149"}],"wp:attachment":[{"href":"https:\/\/mwc-cmm.org\/fr\/wp-json\/wp\/v2\/media?parent=10391"}],"wp:term":[{"taxonomy":"category","embeddable":true,"href":"https:\/\/mwc-cmm.org\/fr\/wp-json\/wp\/v2\/categories?post=10391"},{"taxonomy":"post_tag","embeddable":true,"href":"https:\/\/mwc-cmm.org\/fr\/wp-json\/wp\/v2\/tags?post=10391"},{"taxonomy":"network","embeddable":true,"href":"https:\/\/mwc-cmm.org\/fr\/wp-json\/wp\/v2\/network?post=10391"},{"taxonomy":"eventcategory","embeddable":true,"href":"https:\/\/mwc-cmm.org\/fr\/wp-json\/wp\/v2\/eventcategory?post=10391"}],"curies":[{"name":"wp","href":"https:\/\/api.w.org\/{rel}","templated":true}]}}