{"id":10384,"date":"2022-05-27T00:00:00","date_gmt":"2022-05-27T00:00:00","guid":{"rendered":"https:\/\/mwc-cmm.org\/read-with-us-3\/"},"modified":"2024-12-10T17:19:00","modified_gmt":"2024-12-10T17:19:00","slug":"lisez-avec-nous","status":"publish","type":"post","link":"https:\/\/mwc-cmm.org\/fr\/stories\/lisez-avec-nous\/","title":{"rendered":"Lisez avec nous!"},"content":{"rendered":"<p>\u00ab&nbsp;Et si nous pouvions d\u00e9velopper un rayon de livres sur des sujets cl\u00e9s pour les anabaptistes-mennonites du monde entier, \u00e9crits par des auteurs de nombreux pays diff\u00e9rents, traduits et publi\u00e9s dans le plus grand nombre possible des langues principales&nbsp;?&nbsp;\u00bb&nbsp;&nbsp;<\/p>\n<p>Merle et Phyllis Good ont eu ce r\u00eave alors qu\u2019ils participaient aux r\u00e9unions du Conseil g\u00e9n\u00e9ral de la Conf\u00e9rence mennonite mondiale au Paraguay en 1987. Des dizaines d\u2019ann\u00e9es plus tard, cette vision a pris la forme de huit titres du Rayon de Litt\u00e9rature Anabaptiste-Mennonite Mondiale et de cinq volumes de la Collection Histoire Mennonite Mondiale dans pas moins de 16 langues.&nbsp;<\/p>\n<p>\u00ab&nbsp;La vision \u00e9tait de faire en sorte que les pasteurs, les responsables et les la\u00efcs engag\u00e9s lisent les m\u00eames livres afin d\u2019avoir un langage et une compr\u00e9hension communes pour faciliter une meilleure communication internationale et approfondir notre foi mondiale,\u00bb explique Merle Good.&nbsp;<\/p>\n<p>Aujourd\u2019hui, 13 livres sont disponibles en format PDF sur le site internet de la CMM (en anglais) pour \u00eatre t\u00e9l\u00e9charg\u00e9s et lus gratuitement. Les Dons de chacun au service de tous et Le peuple de Dieu en mission&nbsp;: une perspective anabaptiste abordent les perspectives anabaptistes sur la mission, le Saint Esprit, la paix, la gouvernance et la mission.&nbsp;<\/p>\n<p>Les cinq livres d\u2019histoire offrent un aper\u00e7u de l\u2019implantation et de la croissance des \u00e9glises anabaptistes-mennonites dans les r\u00e9gions continentales. Bien que ces volumes aient plus de dix ans, ces histoires peuvent encore instruire et inspirer les lecteurs.&nbsp;<\/p>\n<p>\u00ab&nbsp;Nous sommes ravis que ces ressources pour l\u2019\u00e9glise anabaptiste mondiale soient disponibles en t\u00e9l\u00e9chargement gratuit pour tous. Lire ces ouvrages ensemble nous aidera \u00e0 grandir et \u00e0 nous remettre en question au sein de la famille des \u00e9glises de la Conf\u00e9rence Mennonite Mondiale&nbsp;\u00bb, dit Kristina Toews, responsable de la communication de la CMM. \u00ab&nbsp;Nous sommes tr\u00e8s reconnaissants envers les donateurs dont les dons g\u00e9n\u00e9reux ont permis \u00e0 cette collection d\u2019\u00eatre disponible gratuitement.&nbsp;\u00bb&nbsp;<\/p>\n<p>Cliquez sur les liens ci-dessous pour t\u00e9l\u00e9charger et lire ces livres&nbsp;<\/p>\n<p>Quelles questions vous viennent \u00e0 l\u2019esprit apr\u00e8s votre lecture&nbsp;? Apportez vos questions au Portail de l\u2019Assembl\u00e9e.&nbsp;&nbsp;<\/p>\n<table style=\"width:300px\">\n<tbody>\n<tr>\n<td>\n<h3><a href=\"https:\/\/mwc-cmm.org\/fr\/resources\/collection-histoire-mennonite-mondiale\">Collection Histoire Mennonite Mondiale<\/a><\/h3>\n<\/td>\n<\/tr>\n<\/tbody>\n<\/table>\n<p>&nbsp;<\/p>\n<table style=\"width:300px\">\n<tbody>\n<tr>\n<td>\n<h3><a href=\"https:\/\/mwc-cmm.org\/fr\/resources\/rayon-de-litterature-anabaptiste-mennonite-mondiale\">Rayon de Litt\u00e9rature Anabaptiste-Mennonite Mondiale<\/a><\/h3>\n<\/td>\n<\/tr>\n<\/tbody>\n<\/table>\n","protected":false},"excerpt":{"rendered":"<p>\u00ab&nbsp;Et si nous pouvions d\u00e9velopper un rayon de livres sur des sujets cl\u00e9s pour les anabaptistes-mennonites du monde entier, \u00e9crits par des auteurs de nombreux pays diff\u00e9rents, traduits et publi\u00e9s dans le plus grand nombre possible des langues principales&nbsp;?&nbsp;\u00bb&nbsp;&nbsp; Merle et Phyllis Good ont eu ce r\u00eave alors qu\u2019ils participaient aux r\u00e9unions du Conseil g\u00e9n\u00e9ral [&hellip;]<\/p>\n","protected":false},"author":1,"featured_media":95051,"comment_status":"closed","ping_status":"closed","sticky":false,"template":"","format":"standard","meta":{"_acf_changed":false,"footnotes":""},"categories":[7],"tags":[],"network":[],"eventcategory":[],"class_list":["post-10384","post","type-post","status-publish","format-standard","has-post-thumbnail","hentry","category-non-classifiee"],"acf":[],"yoast_head":"<!-- This site is optimized with the Yoast SEO plugin v27.2 - https:\/\/yoast.com\/product\/yoast-seo-wordpress\/ -->\n<title>Lisez avec nous! - Mennonite World Conference<\/title>\n<meta name=\"robots\" content=\"index, follow, max-snippet:-1, max-image-preview:large, max-video-preview:-1\" \/>\n<link rel=\"canonical\" href=\"https:\/\/mwc-cmm.org\/fr\/stories\/lisez-avec-nous\/\" \/>\n<meta property=\"og:locale\" content=\"fr_FR\" \/>\n<meta property=\"og:type\" content=\"article\" \/>\n<meta property=\"og:title\" content=\"Lisez avec nous! - Mennonite World Conference\" \/>\n<meta property=\"og:description\" content=\"\u00ab&nbsp;Et si nous pouvions d\u00e9velopper un rayon de livres sur des sujets cl\u00e9s pour les anabaptistes-mennonites du monde entier, \u00e9crits par des auteurs de nombreux pays diff\u00e9rents, traduits et publi\u00e9s dans le plus grand nombre possible des langues principales&nbsp;?&nbsp;\u00bb&nbsp;&nbsp; Merle et Phyllis Good ont eu ce r\u00eave alors qu\u2019ils participaient aux r\u00e9unions du Conseil g\u00e9n\u00e9ral [&hellip;]\" \/>\n<meta property=\"og:url\" content=\"https:\/\/mwc-cmm.org\/fr\/stories\/lisez-avec-nous\/\" \/>\n<meta property=\"og:site_name\" content=\"Mennonite World Conference\" \/>\n<meta property=\"article:publisher\" content=\"https:\/\/www.facebook.com\/MennoniteWorldConference\" \/>\n<meta property=\"article:published_time\" content=\"2022-05-27T00:00:00+00:00\" \/>\n<meta property=\"article:modified_time\" content=\"2024-12-10T17:19:00+00:00\" \/>\n<meta property=\"og:image\" content=\"https:\/\/mwc-cmm.org\/wp-content\/uploads\/2024\/11\/qrw6vy3g.jpeg\" \/>\n\t<meta property=\"og:image:width\" content=\"809\" \/>\n\t<meta property=\"og:image:height\" content=\"540\" \/>\n\t<meta property=\"og:image:type\" content=\"image\/jpeg\" \/>\n<meta name=\"author\" content=\"mennworldcon\" \/>\n<script type=\"application\/ld+json\" class=\"yoast-schema-graph\">{\"@context\":\"https:\/\/schema.org\",\"@graph\":[{\"@type\":\"Article\",\"@id\":\"https:\/\/mwc-cmm.org\/fr\/stories\/lisez-avec-nous\/#article\",\"isPartOf\":{\"@id\":\"https:\/\/mwc-cmm.org\/fr\/stories\/lisez-avec-nous\/\"},\"author\":{\"name\":\"mennworldcon\",\"@id\":\"https:\/\/mwc-cmm.org\/en\/#\/schema\/person\/11f6ae0d7d1868ba20a1cc27f067c836\"},\"headline\":\"Lisez avec nous!\",\"datePublished\":\"2022-05-27T00:00:00+00:00\",\"dateModified\":\"2024-12-10T17:19:00+00:00\",\"mainEntityOfPage\":{\"@id\":\"https:\/\/mwc-cmm.org\/fr\/stories\/lisez-avec-nous\/\"},\"wordCount\":404,\"publisher\":{\"@id\":\"https:\/\/mwc-cmm.org\/en\/#organization\"},\"image\":{\"@id\":\"https:\/\/mwc-cmm.org\/fr\/stories\/lisez-avec-nous\/#primaryimage\"},\"thumbnailUrl\":\"https:\/\/mwc-cmm.org\/wp-content\/uploads\/2024\/11\/qrw6vy3g.jpeg\",\"articleSection\":[\"Non classifi\u00e9(e)\"],\"inLanguage\":\"fr-FR\"},{\"@type\":\"WebPage\",\"@id\":\"https:\/\/mwc-cmm.org\/fr\/stories\/lisez-avec-nous\/\",\"url\":\"https:\/\/mwc-cmm.org\/fr\/stories\/lisez-avec-nous\/\",\"name\":\"Lisez avec nous! - Mennonite World Conference\",\"isPartOf\":{\"@id\":\"https:\/\/mwc-cmm.org\/en\/#website\"},\"primaryImageOfPage\":{\"@id\":\"https:\/\/mwc-cmm.org\/fr\/stories\/lisez-avec-nous\/#primaryimage\"},\"image\":{\"@id\":\"https:\/\/mwc-cmm.org\/fr\/stories\/lisez-avec-nous\/#primaryimage\"},\"thumbnailUrl\":\"https:\/\/mwc-cmm.org\/wp-content\/uploads\/2024\/11\/qrw6vy3g.jpeg\",\"datePublished\":\"2022-05-27T00:00:00+00:00\",\"dateModified\":\"2024-12-10T17:19:00+00:00\",\"breadcrumb\":{\"@id\":\"https:\/\/mwc-cmm.org\/fr\/stories\/lisez-avec-nous\/#breadcrumb\"},\"inLanguage\":\"fr-FR\",\"potentialAction\":[{\"@type\":\"ReadAction\",\"target\":[\"https:\/\/mwc-cmm.org\/fr\/stories\/lisez-avec-nous\/\"]}]},{\"@type\":\"ImageObject\",\"inLanguage\":\"fr-FR\",\"@id\":\"https:\/\/mwc-cmm.org\/fr\/stories\/lisez-avec-nous\/#primaryimage\",\"url\":\"https:\/\/mwc-cmm.org\/wp-content\/uploads\/2024\/11\/qrw6vy3g.jpeg\",\"contentUrl\":\"https:\/\/mwc-cmm.org\/wp-content\/uploads\/2024\/11\/qrw6vy3g.jpeg\",\"width\":809,\"height\":540},{\"@type\":\"BreadcrumbList\",\"@id\":\"https:\/\/mwc-cmm.org\/fr\/stories\/lisez-avec-nous\/#breadcrumb\",\"itemListElement\":[{\"@type\":\"ListItem\",\"position\":1,\"name\":\"Home\",\"item\":\"https:\/\/mwc-cmm.org\/fr\/\"},{\"@type\":\"ListItem\",\"position\":2,\"name\":\"Lisez avec nous!\"}]},{\"@type\":\"WebSite\",\"@id\":\"https:\/\/mwc-cmm.org\/en\/#website\",\"url\":\"https:\/\/mwc-cmm.org\/en\/\",\"name\":\"Mennonite World Conference\",\"description\":\"A communion of Anabaptist-related churches\",\"publisher\":{\"@id\":\"https:\/\/mwc-cmm.org\/en\/#organization\"},\"alternateName\":\"MWC\",\"potentialAction\":[{\"@type\":\"SearchAction\",\"target\":{\"@type\":\"EntryPoint\",\"urlTemplate\":\"https:\/\/mwc-cmm.org\/en\/?s={search_term_string}\"},\"query-input\":{\"@type\":\"PropertyValueSpecification\",\"valueRequired\":true,\"valueName\":\"search_term_string\"}}],\"inLanguage\":\"fr-FR\"},{\"@type\":\"Organization\",\"@id\":\"https:\/\/mwc-cmm.org\/en\/#organization\",\"name\":\"Mennonite World Conference\",\"alternateName\":\"MWC\",\"url\":\"https:\/\/mwc-cmm.org\/en\/\",\"logo\":{\"@type\":\"ImageObject\",\"inLanguage\":\"fr-FR\",\"@id\":\"https:\/\/mwc-cmm.org\/en\/#\/schema\/logo\/image\/\",\"url\":\"https:\/\/mwc-cmm.org\/wp-content\/uploads\/2026\/01\/MWC_Sig_Blue_Horiz_webheader1-logo.svg\",\"contentUrl\":\"https:\/\/mwc-cmm.org\/wp-content\/uploads\/2026\/01\/MWC_Sig_Blue_Horiz_webheader1-logo.svg\",\"width\":786,\"height\":82,\"caption\":\"Mennonite World Conference\"},\"image\":{\"@id\":\"https:\/\/mwc-cmm.org\/en\/#\/schema\/logo\/image\/\"},\"sameAs\":[\"https:\/\/www.facebook.com\/MennoniteWorldConference\",\"https:\/\/www.linkedin.com\/company\/mennonite-world-conference-mwc\/\",\"https:\/\/www.instagram.com\/mwcmm\/\",\"https:\/\/www.youtube.com\/user\/mwccmm\",\"https:\/\/bsky.app\/profile\/mwcmm.bsky.social\"]},{\"@type\":\"Person\",\"@id\":\"https:\/\/mwc-cmm.org\/en\/#\/schema\/person\/11f6ae0d7d1868ba20a1cc27f067c836\",\"name\":\"mennworldcon\",\"image\":{\"@type\":\"ImageObject\",\"inLanguage\":\"fr-FR\",\"@id\":\"https:\/\/secure.gravatar.com\/avatar\/06fdc0dc81c157dfdb82ec42f252178a22307808988d22c043f9eb96f1e0fe80?s=96&d=mm&r=g\",\"url\":\"https:\/\/secure.gravatar.com\/avatar\/06fdc0dc81c157dfdb82ec42f252178a22307808988d22c043f9eb96f1e0fe80?s=96&d=mm&r=g\",\"contentUrl\":\"https:\/\/secure.gravatar.com\/avatar\/06fdc0dc81c157dfdb82ec42f252178a22307808988d22c043f9eb96f1e0fe80?s=96&d=mm&r=g\",\"caption\":\"mennworldcon\"},\"sameAs\":[\"https:\/\/mwc-cmm.org\"],\"url\":\"https:\/\/mwc-cmm.org\/fr\/stories\/author\/mennworldcon\/\"}]}<\/script>\n<!-- \/ Yoast SEO plugin. -->","yoast_head_json":{"title":"Lisez avec nous! - Mennonite World Conference","robots":{"index":"index","follow":"follow","max-snippet":"max-snippet:-1","max-image-preview":"max-image-preview:large","max-video-preview":"max-video-preview:-1"},"canonical":"https:\/\/mwc-cmm.org\/fr\/stories\/lisez-avec-nous\/","og_locale":"fr_FR","og_type":"article","og_title":"Lisez avec nous! - Mennonite World Conference","og_description":"\u00ab&nbsp;Et si nous pouvions d\u00e9velopper un rayon de livres sur des sujets cl\u00e9s pour les anabaptistes-mennonites du monde entier, \u00e9crits par des auteurs de nombreux pays diff\u00e9rents, traduits et publi\u00e9s dans le plus grand nombre possible des langues principales&nbsp;?&nbsp;\u00bb&nbsp;&nbsp; Merle et Phyllis Good ont eu ce r\u00eave alors qu\u2019ils participaient aux r\u00e9unions du Conseil g\u00e9n\u00e9ral [&hellip;]","og_url":"https:\/\/mwc-cmm.org\/fr\/stories\/lisez-avec-nous\/","og_site_name":"Mennonite World Conference","article_publisher":"https:\/\/www.facebook.com\/MennoniteWorldConference","article_published_time":"2022-05-27T00:00:00+00:00","article_modified_time":"2024-12-10T17:19:00+00:00","og_image":[{"width":809,"height":540,"url":"https:\/\/mwc-cmm.org\/wp-content\/uploads\/2024\/11\/qrw6vy3g.jpeg","type":"image\/jpeg"}],"author":"mennworldcon","schema":{"@context":"https:\/\/schema.org","@graph":[{"@type":"Article","@id":"https:\/\/mwc-cmm.org\/fr\/stories\/lisez-avec-nous\/#article","isPartOf":{"@id":"https:\/\/mwc-cmm.org\/fr\/stories\/lisez-avec-nous\/"},"author":{"name":"mennworldcon","@id":"https:\/\/mwc-cmm.org\/en\/#\/schema\/person\/11f6ae0d7d1868ba20a1cc27f067c836"},"headline":"Lisez avec nous!","datePublished":"2022-05-27T00:00:00+00:00","dateModified":"2024-12-10T17:19:00+00:00","mainEntityOfPage":{"@id":"https:\/\/mwc-cmm.org\/fr\/stories\/lisez-avec-nous\/"},"wordCount":404,"publisher":{"@id":"https:\/\/mwc-cmm.org\/en\/#organization"},"image":{"@id":"https:\/\/mwc-cmm.org\/fr\/stories\/lisez-avec-nous\/#primaryimage"},"thumbnailUrl":"https:\/\/mwc-cmm.org\/wp-content\/uploads\/2024\/11\/qrw6vy3g.jpeg","articleSection":["Non classifi\u00e9(e)"],"inLanguage":"fr-FR"},{"@type":"WebPage","@id":"https:\/\/mwc-cmm.org\/fr\/stories\/lisez-avec-nous\/","url":"https:\/\/mwc-cmm.org\/fr\/stories\/lisez-avec-nous\/","name":"Lisez avec nous! - Mennonite World Conference","isPartOf":{"@id":"https:\/\/mwc-cmm.org\/en\/#website"},"primaryImageOfPage":{"@id":"https:\/\/mwc-cmm.org\/fr\/stories\/lisez-avec-nous\/#primaryimage"},"image":{"@id":"https:\/\/mwc-cmm.org\/fr\/stories\/lisez-avec-nous\/#primaryimage"},"thumbnailUrl":"https:\/\/mwc-cmm.org\/wp-content\/uploads\/2024\/11\/qrw6vy3g.jpeg","datePublished":"2022-05-27T00:00:00+00:00","dateModified":"2024-12-10T17:19:00+00:00","breadcrumb":{"@id":"https:\/\/mwc-cmm.org\/fr\/stories\/lisez-avec-nous\/#breadcrumb"},"inLanguage":"fr-FR","potentialAction":[{"@type":"ReadAction","target":["https:\/\/mwc-cmm.org\/fr\/stories\/lisez-avec-nous\/"]}]},{"@type":"ImageObject","inLanguage":"fr-FR","@id":"https:\/\/mwc-cmm.org\/fr\/stories\/lisez-avec-nous\/#primaryimage","url":"https:\/\/mwc-cmm.org\/wp-content\/uploads\/2024\/11\/qrw6vy3g.jpeg","contentUrl":"https:\/\/mwc-cmm.org\/wp-content\/uploads\/2024\/11\/qrw6vy3g.jpeg","width":809,"height":540},{"@type":"BreadcrumbList","@id":"https:\/\/mwc-cmm.org\/fr\/stories\/lisez-avec-nous\/#breadcrumb","itemListElement":[{"@type":"ListItem","position":1,"name":"Home","item":"https:\/\/mwc-cmm.org\/fr\/"},{"@type":"ListItem","position":2,"name":"Lisez avec nous!"}]},{"@type":"WebSite","@id":"https:\/\/mwc-cmm.org\/en\/#website","url":"https:\/\/mwc-cmm.org\/en\/","name":"Mennonite World Conference","description":"A communion of Anabaptist-related churches","publisher":{"@id":"https:\/\/mwc-cmm.org\/en\/#organization"},"alternateName":"MWC","potentialAction":[{"@type":"SearchAction","target":{"@type":"EntryPoint","urlTemplate":"https:\/\/mwc-cmm.org\/en\/?s={search_term_string}"},"query-input":{"@type":"PropertyValueSpecification","valueRequired":true,"valueName":"search_term_string"}}],"inLanguage":"fr-FR"},{"@type":"Organization","@id":"https:\/\/mwc-cmm.org\/en\/#organization","name":"Mennonite World Conference","alternateName":"MWC","url":"https:\/\/mwc-cmm.org\/en\/","logo":{"@type":"ImageObject","inLanguage":"fr-FR","@id":"https:\/\/mwc-cmm.org\/en\/#\/schema\/logo\/image\/","url":"https:\/\/mwc-cmm.org\/wp-content\/uploads\/2026\/01\/MWC_Sig_Blue_Horiz_webheader1-logo.svg","contentUrl":"https:\/\/mwc-cmm.org\/wp-content\/uploads\/2026\/01\/MWC_Sig_Blue_Horiz_webheader1-logo.svg","width":786,"height":82,"caption":"Mennonite World Conference"},"image":{"@id":"https:\/\/mwc-cmm.org\/en\/#\/schema\/logo\/image\/"},"sameAs":["https:\/\/www.facebook.com\/MennoniteWorldConference","https:\/\/www.linkedin.com\/company\/mennonite-world-conference-mwc\/","https:\/\/www.instagram.com\/mwcmm\/","https:\/\/www.youtube.com\/user\/mwccmm","https:\/\/bsky.app\/profile\/mwcmm.bsky.social"]},{"@type":"Person","@id":"https:\/\/mwc-cmm.org\/en\/#\/schema\/person\/11f6ae0d7d1868ba20a1cc27f067c836","name":"mennworldcon","image":{"@type":"ImageObject","inLanguage":"fr-FR","@id":"https:\/\/secure.gravatar.com\/avatar\/06fdc0dc81c157dfdb82ec42f252178a22307808988d22c043f9eb96f1e0fe80?s=96&d=mm&r=g","url":"https:\/\/secure.gravatar.com\/avatar\/06fdc0dc81c157dfdb82ec42f252178a22307808988d22c043f9eb96f1e0fe80?s=96&d=mm&r=g","contentUrl":"https:\/\/secure.gravatar.com\/avatar\/06fdc0dc81c157dfdb82ec42f252178a22307808988d22c043f9eb96f1e0fe80?s=96&d=mm&r=g","caption":"mennworldcon"},"sameAs":["https:\/\/mwc-cmm.org"],"url":"https:\/\/mwc-cmm.org\/fr\/stories\/author\/mennworldcon\/"}]}},"_links":{"self":[{"href":"https:\/\/mwc-cmm.org\/fr\/wp-json\/wp\/v2\/posts\/10384","targetHints":{"allow":["GET"]}}],"collection":[{"href":"https:\/\/mwc-cmm.org\/fr\/wp-json\/wp\/v2\/posts"}],"about":[{"href":"https:\/\/mwc-cmm.org\/fr\/wp-json\/wp\/v2\/types\/post"}],"author":[{"embeddable":true,"href":"https:\/\/mwc-cmm.org\/fr\/wp-json\/wp\/v2\/users\/1"}],"replies":[{"embeddable":true,"href":"https:\/\/mwc-cmm.org\/fr\/wp-json\/wp\/v2\/comments?post=10384"}],"version-history":[{"count":0,"href":"https:\/\/mwc-cmm.org\/fr\/wp-json\/wp\/v2\/posts\/10384\/revisions"}],"wp:featuredmedia":[{"embeddable":true,"href":"https:\/\/mwc-cmm.org\/fr\/wp-json\/wp\/v2\/media\/95051"}],"wp:attachment":[{"href":"https:\/\/mwc-cmm.org\/fr\/wp-json\/wp\/v2\/media?parent=10384"}],"wp:term":[{"taxonomy":"category","embeddable":true,"href":"https:\/\/mwc-cmm.org\/fr\/wp-json\/wp\/v2\/categories?post=10384"},{"taxonomy":"post_tag","embeddable":true,"href":"https:\/\/mwc-cmm.org\/fr\/wp-json\/wp\/v2\/tags?post=10384"},{"taxonomy":"network","embeddable":true,"href":"https:\/\/mwc-cmm.org\/fr\/wp-json\/wp\/v2\/network?post=10384"},{"taxonomy":"eventcategory","embeddable":true,"href":"https:\/\/mwc-cmm.org\/fr\/wp-json\/wp\/v2\/eventcategory?post=10384"}],"curies":[{"name":"wp","href":"https:\/\/api.w.org\/{rel}","templated":true}]}}