{"id":10381,"date":"2022-05-19T00:00:00","date_gmt":"2022-05-19T00:00:00","guid":{"rendered":"https:\/\/mwc-cmm.org\/whats-happening-in-assembly-worship-services-3\/"},"modified":"2024-12-10T17:18:59","modified_gmt":"2024-12-10T17:18:59","slug":"que-se-passe-t-il-pendant-les-cultes-de-lassemblee","status":"publish","type":"post","link":"https:\/\/mwc-cmm.org\/fr\/stories\/que-se-passe-t-il-pendant-les-cultes-de-lassemblee\/","title":{"rendered":"Que se passe-t-il pendant les cultes de l\u2019Assembl\u00e9e?"},"content":{"rendered":"<p>Cette ann\u00e9e, tout le monde peut se rendre en Indon\u00e9sie pour<a href=\"\/fr\/node\/149\"> l\u2019Assembl\u00e9e hybride<\/a> de la Conf\u00e9rence mennonite mondiale. Environ 1&nbsp;250 personnes s\u2019y rendront en personne, tandis que des milliers d\u2019autres visiteront l\u2019Indon\u00e9sie \u00e0 travers leurs \u00e9crans.&nbsp;<\/p>\n<p>Gr\u00e2ce \u00e0 une pr\u00e9sentation quotidienne de \u00ab&nbsp;Panorama Indonesia&nbsp;\u00bb, les participants <strong>suivront J\u00e9sus \u00e0 travers les <\/strong><strong>fronti\u00e8res<\/strong> en d\u00e9couvrant les activit\u00e9s multiformes des trois synodes qui les accueillent.&nbsp;<\/p>\n<p>Chaque session pl\u00e9ni\u00e8re de l\u2019Assembl\u00e9e commence avec un moment de chant. Une chorale internationale et un groupe local dirigent les chants du r\u00e9pertoire international, compil\u00e9 \u00e0 nouveau pour chaque Assembl\u00e9e. \u00ab&nbsp;Les participants reconna\u00eetront les classiques qu\u2019ils aiment et apprendront de nouveaux chants&nbsp;\u00bb, d\u00e9clare Benjamin Bergey, coordinateur musical de l\u2019Assembl\u00e9e. (Cliquez <a href=\"https:\/\/mwc-cmm.org\/fr\/stories\/partager-une-langue-nouvelle-et-unifiee\">ici<\/a> pour en savoir plus)&nbsp;<\/p>\n<p>Des intervenants passionnants de chaque continent\u2014y compris des responsables de <a href=\"\/fr\/node\/119\">Jeunes Anabaptistes (YABs) <\/a>\u2014 enseigneront sur les th\u00e8mes quotidiens. (Cliquez ici pour voir les orateurs du <a href=\"https:\/\/mwc-cmm.org\/fr\/stories\/cafe-matinal-ou-tisane-du-soir\">matin<\/a> et du <a href=\"https:\/\/mwc-cmm.org\/fr\/stories\/apprendre-ensemble-et-separement\">soir<\/a>)&nbsp;<\/p>\n<p>Lors des sessions du matin, l\u2019une des quatre commissions de la CMM parlera de son travail pour faire tomber les fronti\u00e8res et construire la communion entre les anabaptistes-mennonites du monde entier.&nbsp;<\/p>\n<p>Les sessions du soir auront lieu dans un endroit diff\u00e9rent chaque jour. \u00ab&nbsp;De cette fa\u00e7on, les participants en ligne peuvent \u2018voyager\u2019 autour de Java, en voyant l\u2019\u00e9glise locale rassembl\u00e9e pour le culte&nbsp;\u00bb, explique Liesa Unger, responsable des \u00e9v\u00e9nements internationaux. (Cliquez ici pour en savoir plus sur<a href=\"https:\/\/mwc-cmm.org\/fr\/stories\/se-connecter-aux-eglises-locales-pendant-lassemblee-en-ligne\"> les assembl\u00e9es qui accueillent <\/a>)&nbsp;<\/p>\n<ul>\n<li>Les d\u00e9l\u00e9gu\u00e9s du <a href=\"https:\/\/mwc-cmm.org\/fr\/yabs\/gys-%E2%80%93-sommet-mondial-de-la-jeunesse\">Sommet Mondial de la Jeunesse (GYS)<\/a> raconteront comment ils ont appris, servi et ador\u00e9 en \u00ab&nbsp;Vivant dans l\u2019Esprit.&nbsp;\u00bb<\/li>\n<li>Le pr\u00e9sident \u00e9lu, Henk Stenvers, des Pays-Bas, commencera son mandat.&nbsp;<\/li>\n<li>Les repr\u00e9sentants de l\u2019\u00c9glise Meserete Kristos annonceront l\u2019invitation \u00e0 la prochaine Assembl\u00e9e en Ethiopie en 2028.&nbsp;<\/li>\n<li>Les participants c\u00e9l\u00e9breront la c\u00e8ne.&nbsp;<\/li>\n<\/ul>\n<p>L\u2019\u00e9v\u00e9nement du Renouveau 2022 aura lieu lors du culte de cl\u00f4ture du dimanche matin. \u00ab&nbsp;Cette s\u00e9rie de rencontres comm\u00e9more le 500e anniversaire des d\u00e9buts du mouvement anabaptiste, en se souvenant du pass\u00e9 et en regardant vers l\u2019avenir pour voir comment Dieu nous fa\u00e7onnera&nbsp;\u00bb&nbsp;, d\u00e9clare John&nbsp;D. Roth, secr\u00e9taire de la Commission Foi et Vie et coordinateur du Renouveau 2028. (Cliquez ici pour en savoir plus sur les autres \u00e9v\u00e9nements du <a href=\"https:\/\/mwc-cmm.org\/fr\/node\/148\">Renouveau<\/a>)&nbsp;<\/p>\n<p>Il y aura cinq cultes en soir\u00e9e du 5 au 10 juillet 2022 en Indon\u00e9sie. Les diffusions en direct de ces cultes peuvent avoir lieu en milieu d\u2019apr\u00e8s-midi ou en d\u00e9but de matin\u00e9e, selon votre fuseau horaire. (Cliquez ici pour savoir comment trouver <a href=\"https:\/\/mwc-cmm.org\/fr\/resources\/quelle-heure-les-sessions-de-lassemblee-ont-elles-lieu-dans-mon-pays\">les horaires locaux des sessions de l\u2019Assembl\u00e9e<\/a>)&nbsp;<\/p>\n<p>Il y aura cinq sessions pl\u00e9ni\u00e8res matinales du 6 au 10 juillet 2022 en Indon\u00e9sie. Celles-ci peuvent \u00eatre diffus\u00e9es en direct le soir, pendant la nuit, ou t\u00f4t le matin, selon l\u00e0 o\u00f9 vous vous trouvez. (Cliquez ici pour trouver <a href=\"https:\/\/mwc-cmm.org\/fr\/resources\/quelle-heure-les-sessions-de-lassemblee-ont-elles-lieu-dans-mon-pays\">les horaires locaux des sessions de l\u2019Assembl\u00e9e.<\/a>)&nbsp;<\/p>\n<p>&nbsp;<\/p>\n<table style=\"width:500px;\" cellspacing=\"1\" cellpadding=\"1\" border=\"1\">\n<tbody>\n<tr>\n<td>\n<p><a href=\"\/fr\/node\/4109\"><strong>*Aujourd\u2019hui, il y a trois groupes anabaptistes-mennonites en Indon\u00e9sie&nbsp;:&nbsp;&nbsp;&nbsp;<\/strong><\/a><\/p>\n<ul>\n<li>Gereja Injili di Tanah Jawa (GITJ &#8211; \u00c9glise \u00e9vang\u00e9lique de Java)&nbsp;&nbsp;<\/li>\n<li>Gereja Kristen Muria Indonesia (GKMI &#8211; \u00c9glise chr\u00e9tienne de Muria d\u2019Indon\u00e9sie)&nbsp;&nbsp;&nbsp;<\/li>\n<li>Jemaat Kristen Indonesia (JKI &#8211; Assembl\u00e9e chr\u00e9tienne indon\u00e9sienne)&nbsp;<\/li>\n<\/ul>\n<\/td>\n<\/tr>\n<\/tbody>\n<\/table>\n<p style=\"text-align:center\"><a href=\"http:\/\/www.indonesia2022.mwc-cmm.org\"><img decoding=\"async\" alt=\"\" data-src=\"\/sites\/default\/files\/website_files_2020\/button_fr.png\" width=\"400\" height=\"100\" src=\"data:image\/svg+xml;base64,PHN2ZyB3aWR0aD0iMSIgaGVpZ2h0PSIxIiB4bWxucz0iaHR0cDovL3d3dy53My5vcmcvMjAwMC9zdmciPjwvc3ZnPg==\" class=\"lazyload\" style=\"--smush-placeholder-width: 400px; --smush-placeholder-aspect-ratio: 400\/100;\"><\/a><\/p>\n<p>&nbsp;<\/p>\n","protected":false},"excerpt":{"rendered":"<p>Cette ann\u00e9e, tout le monde peut se rendre en Indon\u00e9sie pour l\u2019Assembl\u00e9e hybride de la Conf\u00e9rence mennonite mondiale. Environ 1&nbsp;250 personnes s\u2019y rendront en personne, tandis que des milliers d\u2019autres visiteront l\u2019Indon\u00e9sie \u00e0 travers leurs \u00e9crans.&nbsp; Gr\u00e2ce \u00e0 une pr\u00e9sentation quotidienne de \u00ab&nbsp;Panorama Indonesia&nbsp;\u00bb, les participants suivront J\u00e9sus \u00e0 travers les fronti\u00e8res en d\u00e9couvrant les [&hellip;]<\/p>\n","protected":false},"author":1,"featured_media":95024,"comment_status":"closed","ping_status":"closed","sticky":false,"template":"","format":"standard","meta":{"_acf_changed":false,"footnotes":""},"categories":[7],"tags":[498,930],"network":[],"eventcategory":[1494],"class_list":["post-10381","post","type-post","status-publish","format-standard","has-post-thumbnail","hentry","category-non-classifiee","tag-assemblee-reunie","tag-indonesie-2022","eventcategory-assembly-fr"],"acf":[],"yoast_head":"<!-- This site is optimized with the Yoast SEO plugin v27.5 - https:\/\/yoast.com\/product\/yoast-seo-wordpress\/ -->\n<title>Que se passe-t-il pendant les cultes de l\u2019Assembl\u00e9e? - Mennonite World Conference<\/title>\n<meta name=\"robots\" content=\"index, follow, max-snippet:-1, max-image-preview:large, max-video-preview:-1\" \/>\n<link rel=\"canonical\" href=\"https:\/\/mwc-cmm.org\/en\/stories\/whats-happening-assembly-worship-services\/\" \/>\n<meta property=\"og:locale\" content=\"fr_FR\" \/>\n<meta property=\"og:type\" content=\"article\" \/>\n<meta property=\"og:title\" content=\"Que se passe-t-il pendant les cultes de l\u2019Assembl\u00e9e? - Mennonite World Conference\" \/>\n<meta property=\"og:description\" content=\"Cette ann\u00e9e, tout le monde peut se rendre en Indon\u00e9sie pour l\u2019Assembl\u00e9e hybride de la Conf\u00e9rence mennonite mondiale. Environ 1&nbsp;250 personnes s\u2019y rendront en personne, tandis que des milliers d\u2019autres visiteront l\u2019Indon\u00e9sie \u00e0 travers leurs \u00e9crans.&nbsp; Gr\u00e2ce \u00e0 une pr\u00e9sentation quotidienne de \u00ab&nbsp;Panorama Indonesia&nbsp;\u00bb, les participants suivront J\u00e9sus \u00e0 travers les fronti\u00e8res en d\u00e9couvrant les [&hellip;]\" \/>\n<meta property=\"og:url\" content=\"https:\/\/mwc-cmm.org\/en\/stories\/whats-happening-assembly-worship-services\/\" \/>\n<meta property=\"og:site_name\" content=\"Mennonite World Conference\" \/>\n<meta property=\"article:publisher\" content=\"https:\/\/www.facebook.com\/MennoniteWorldConference\" \/>\n<meta property=\"article:published_time\" content=\"2022-05-19T00:00:00+00:00\" \/>\n<meta property=\"article:modified_time\" content=\"2024-12-10T17:18:59+00:00\" \/>\n<meta property=\"og:image\" content=\"https:\/\/mwc-cmm.org\/wp-content\/uploads\/2024\/11\/20150722_jonathoncharles_1283-scaled.jpg\" \/>\n\t<meta property=\"og:image:width\" content=\"2560\" \/>\n\t<meta property=\"og:image:height\" content=\"1707\" \/>\n\t<meta property=\"og:image:type\" content=\"image\/jpeg\" \/>\n<meta name=\"author\" content=\"mennworldcon\" \/>\n<script type=\"application\/ld+json\" class=\"yoast-schema-graph\">{\"@context\":\"https:\\\/\\\/schema.org\",\"@graph\":[{\"@type\":\"Article\",\"@id\":\"https:\\\/\\\/mwc-cmm.org\\\/en\\\/stories\\\/whats-happening-assembly-worship-services\\\/#article\",\"isPartOf\":{\"@id\":\"https:\\\/\\\/mwc-cmm.org\\\/en\\\/stories\\\/whats-happening-assembly-worship-services\\\/\"},\"author\":{\"name\":\"mennworldcon\",\"@id\":\"https:\\\/\\\/mwc-cmm.org\\\/en\\\/#\\\/schema\\\/person\\\/11f6ae0d7d1868ba20a1cc27f067c836\"},\"headline\":\"Que se passe-t-il pendant les cultes de l\u2019Assembl\u00e9e?\",\"datePublished\":\"2022-05-19T00:00:00+00:00\",\"dateModified\":\"2024-12-10T17:18:59+00:00\",\"mainEntityOfPage\":{\"@id\":\"https:\\\/\\\/mwc-cmm.org\\\/en\\\/stories\\\/whats-happening-assembly-worship-services\\\/\"},\"wordCount\":602,\"publisher\":{\"@id\":\"https:\\\/\\\/mwc-cmm.org\\\/en\\\/#organization\"},\"image\":{\"@id\":\"https:\\\/\\\/mwc-cmm.org\\\/en\\\/stories\\\/whats-happening-assembly-worship-services\\\/#primaryimage\"},\"thumbnailUrl\":\"https:\\\/\\\/mwc-cmm.org\\\/wp-content\\\/uploads\\\/2024\\\/11\\\/20150722_jonathoncharles_1283-scaled.jpg\",\"keywords\":[\"Assembl\u00e9e r\u00e9unie\",\"Indon\u00e9sie 2022\"],\"articleSection\":[\"Non classifi\u00e9(e)\"],\"inLanguage\":\"fr-FR\"},{\"@type\":\"WebPage\",\"@id\":\"https:\\\/\\\/mwc-cmm.org\\\/en\\\/stories\\\/whats-happening-assembly-worship-services\\\/\",\"url\":\"https:\\\/\\\/mwc-cmm.org\\\/en\\\/stories\\\/whats-happening-assembly-worship-services\\\/\",\"name\":\"Que se passe-t-il pendant les cultes de l\u2019Assembl\u00e9e? - Mennonite World Conference\",\"isPartOf\":{\"@id\":\"https:\\\/\\\/mwc-cmm.org\\\/en\\\/#website\"},\"primaryImageOfPage\":{\"@id\":\"https:\\\/\\\/mwc-cmm.org\\\/en\\\/stories\\\/whats-happening-assembly-worship-services\\\/#primaryimage\"},\"image\":{\"@id\":\"https:\\\/\\\/mwc-cmm.org\\\/en\\\/stories\\\/whats-happening-assembly-worship-services\\\/#primaryimage\"},\"thumbnailUrl\":\"https:\\\/\\\/mwc-cmm.org\\\/wp-content\\\/uploads\\\/2024\\\/11\\\/20150722_jonathoncharles_1283-scaled.jpg\",\"datePublished\":\"2022-05-19T00:00:00+00:00\",\"dateModified\":\"2024-12-10T17:18:59+00:00\",\"breadcrumb\":{\"@id\":\"https:\\\/\\\/mwc-cmm.org\\\/en\\\/stories\\\/whats-happening-assembly-worship-services\\\/#breadcrumb\"},\"inLanguage\":\"fr-FR\",\"potentialAction\":[{\"@type\":\"ReadAction\",\"target\":[\"https:\\\/\\\/mwc-cmm.org\\\/en\\\/stories\\\/whats-happening-assembly-worship-services\\\/\"]}]},{\"@type\":\"ImageObject\",\"inLanguage\":\"fr-FR\",\"@id\":\"https:\\\/\\\/mwc-cmm.org\\\/en\\\/stories\\\/whats-happening-assembly-worship-services\\\/#primaryimage\",\"url\":\"https:\\\/\\\/mwc-cmm.org\\\/wp-content\\\/uploads\\\/2024\\\/11\\\/20150722_jonathoncharles_1283-scaled.jpg\",\"contentUrl\":\"https:\\\/\\\/mwc-cmm.org\\\/wp-content\\\/uploads\\\/2024\\\/11\\\/20150722_jonathoncharles_1283-scaled.jpg\",\"width\":2560,\"height\":1707},{\"@type\":\"BreadcrumbList\",\"@id\":\"https:\\\/\\\/mwc-cmm.org\\\/en\\\/stories\\\/whats-happening-assembly-worship-services\\\/#breadcrumb\",\"itemListElement\":[{\"@type\":\"ListItem\",\"position\":1,\"name\":\"Home\",\"item\":\"https:\\\/\\\/mwc-cmm.org\\\/fr\\\/\"},{\"@type\":\"ListItem\",\"position\":2,\"name\":\"Que se passe-t-il pendant les cultes de l\u2019Assembl\u00e9e?\"}]},{\"@type\":\"WebSite\",\"@id\":\"https:\\\/\\\/mwc-cmm.org\\\/en\\\/#website\",\"url\":\"https:\\\/\\\/mwc-cmm.org\\\/en\\\/\",\"name\":\"Mennonite World Conference\",\"description\":\"A communion of Anabaptist-related churches\",\"publisher\":{\"@id\":\"https:\\\/\\\/mwc-cmm.org\\\/en\\\/#organization\"},\"alternateName\":\"MWC\",\"potentialAction\":[{\"@type\":\"SearchAction\",\"target\":{\"@type\":\"EntryPoint\",\"urlTemplate\":\"https:\\\/\\\/mwc-cmm.org\\\/en\\\/?s={search_term_string}\"},\"query-input\":{\"@type\":\"PropertyValueSpecification\",\"valueRequired\":true,\"valueName\":\"search_term_string\"}}],\"inLanguage\":\"fr-FR\"},{\"@type\":\"Organization\",\"@id\":\"https:\\\/\\\/mwc-cmm.org\\\/en\\\/#organization\",\"name\":\"Mennonite World Conference\",\"alternateName\":\"MWC\",\"url\":\"https:\\\/\\\/mwc-cmm.org\\\/en\\\/\",\"logo\":{\"@type\":\"ImageObject\",\"inLanguage\":\"fr-FR\",\"@id\":\"https:\\\/\\\/mwc-cmm.org\\\/en\\\/#\\\/schema\\\/logo\\\/image\\\/\",\"url\":\"https:\\\/\\\/mwc-cmm.org\\\/wp-content\\\/uploads\\\/2026\\\/01\\\/MWC_Sig_Blue_Horiz_webheader1-logo.svg\",\"contentUrl\":\"https:\\\/\\\/mwc-cmm.org\\\/wp-content\\\/uploads\\\/2026\\\/01\\\/MWC_Sig_Blue_Horiz_webheader1-logo.svg\",\"width\":786,\"height\":82,\"caption\":\"Mennonite World Conference\"},\"image\":{\"@id\":\"https:\\\/\\\/mwc-cmm.org\\\/en\\\/#\\\/schema\\\/logo\\\/image\\\/\"},\"sameAs\":[\"https:\\\/\\\/www.facebook.com\\\/MennoniteWorldConference\",\"https:\\\/\\\/www.linkedin.com\\\/company\\\/mennonite-world-conference-mwc\\\/\",\"https:\\\/\\\/www.instagram.com\\\/mwcmm\\\/\",\"https:\\\/\\\/www.youtube.com\\\/user\\\/mwccmm\",\"https:\\\/\\\/bsky.app\\\/profile\\\/mwcmm.bsky.social\"]},{\"@type\":\"Person\",\"@id\":\"https:\\\/\\\/mwc-cmm.org\\\/en\\\/#\\\/schema\\\/person\\\/11f6ae0d7d1868ba20a1cc27f067c836\",\"name\":\"mennworldcon\",\"image\":{\"@type\":\"ImageObject\",\"inLanguage\":\"fr-FR\",\"@id\":\"https:\\\/\\\/secure.gravatar.com\\\/avatar\\\/06fdc0dc81c157dfdb82ec42f252178a22307808988d22c043f9eb96f1e0fe80?s=96&d=mm&r=g\",\"url\":\"https:\\\/\\\/secure.gravatar.com\\\/avatar\\\/06fdc0dc81c157dfdb82ec42f252178a22307808988d22c043f9eb96f1e0fe80?s=96&d=mm&r=g\",\"contentUrl\":\"https:\\\/\\\/secure.gravatar.com\\\/avatar\\\/06fdc0dc81c157dfdb82ec42f252178a22307808988d22c043f9eb96f1e0fe80?s=96&d=mm&r=g\",\"caption\":\"mennworldcon\"},\"sameAs\":[\"https:\\\/\\\/mwc-cmm.org\"],\"url\":\"https:\\\/\\\/mwc-cmm.org\\\/fr\\\/stories\\\/author\\\/mennworldcon\\\/\"}]}<\/script>\n<!-- \/ Yoast SEO plugin. -->","yoast_head_json":{"title":"Que se passe-t-il pendant les cultes de l\u2019Assembl\u00e9e? - Mennonite World Conference","robots":{"index":"index","follow":"follow","max-snippet":"max-snippet:-1","max-image-preview":"max-image-preview:large","max-video-preview":"max-video-preview:-1"},"canonical":"https:\/\/mwc-cmm.org\/en\/stories\/whats-happening-assembly-worship-services\/","og_locale":"fr_FR","og_type":"article","og_title":"Que se passe-t-il pendant les cultes de l\u2019Assembl\u00e9e? - Mennonite World Conference","og_description":"Cette ann\u00e9e, tout le monde peut se rendre en Indon\u00e9sie pour l\u2019Assembl\u00e9e hybride de la Conf\u00e9rence mennonite mondiale. Environ 1&nbsp;250 personnes s\u2019y rendront en personne, tandis que des milliers d\u2019autres visiteront l\u2019Indon\u00e9sie \u00e0 travers leurs \u00e9crans.&nbsp; Gr\u00e2ce \u00e0 une pr\u00e9sentation quotidienne de \u00ab&nbsp;Panorama Indonesia&nbsp;\u00bb, les participants suivront J\u00e9sus \u00e0 travers les fronti\u00e8res en d\u00e9couvrant les [&hellip;]","og_url":"https:\/\/mwc-cmm.org\/en\/stories\/whats-happening-assembly-worship-services\/","og_site_name":"Mennonite World Conference","article_publisher":"https:\/\/www.facebook.com\/MennoniteWorldConference","article_published_time":"2022-05-19T00:00:00+00:00","article_modified_time":"2024-12-10T17:18:59+00:00","og_image":[{"width":2560,"height":1707,"url":"https:\/\/mwc-cmm.org\/wp-content\/uploads\/2024\/11\/20150722_jonathoncharles_1283-scaled.jpg","type":"image\/jpeg"}],"author":"mennworldcon","schema":{"@context":"https:\/\/schema.org","@graph":[{"@type":"Article","@id":"https:\/\/mwc-cmm.org\/en\/stories\/whats-happening-assembly-worship-services\/#article","isPartOf":{"@id":"https:\/\/mwc-cmm.org\/en\/stories\/whats-happening-assembly-worship-services\/"},"author":{"name":"mennworldcon","@id":"https:\/\/mwc-cmm.org\/en\/#\/schema\/person\/11f6ae0d7d1868ba20a1cc27f067c836"},"headline":"Que se passe-t-il pendant les cultes de l\u2019Assembl\u00e9e?","datePublished":"2022-05-19T00:00:00+00:00","dateModified":"2024-12-10T17:18:59+00:00","mainEntityOfPage":{"@id":"https:\/\/mwc-cmm.org\/en\/stories\/whats-happening-assembly-worship-services\/"},"wordCount":602,"publisher":{"@id":"https:\/\/mwc-cmm.org\/en\/#organization"},"image":{"@id":"https:\/\/mwc-cmm.org\/en\/stories\/whats-happening-assembly-worship-services\/#primaryimage"},"thumbnailUrl":"https:\/\/mwc-cmm.org\/wp-content\/uploads\/2024\/11\/20150722_jonathoncharles_1283-scaled.jpg","keywords":["Assembl\u00e9e r\u00e9unie","Indon\u00e9sie 2022"],"articleSection":["Non classifi\u00e9(e)"],"inLanguage":"fr-FR"},{"@type":"WebPage","@id":"https:\/\/mwc-cmm.org\/en\/stories\/whats-happening-assembly-worship-services\/","url":"https:\/\/mwc-cmm.org\/en\/stories\/whats-happening-assembly-worship-services\/","name":"Que se passe-t-il pendant les cultes de l\u2019Assembl\u00e9e? - Mennonite World Conference","isPartOf":{"@id":"https:\/\/mwc-cmm.org\/en\/#website"},"primaryImageOfPage":{"@id":"https:\/\/mwc-cmm.org\/en\/stories\/whats-happening-assembly-worship-services\/#primaryimage"},"image":{"@id":"https:\/\/mwc-cmm.org\/en\/stories\/whats-happening-assembly-worship-services\/#primaryimage"},"thumbnailUrl":"https:\/\/mwc-cmm.org\/wp-content\/uploads\/2024\/11\/20150722_jonathoncharles_1283-scaled.jpg","datePublished":"2022-05-19T00:00:00+00:00","dateModified":"2024-12-10T17:18:59+00:00","breadcrumb":{"@id":"https:\/\/mwc-cmm.org\/en\/stories\/whats-happening-assembly-worship-services\/#breadcrumb"},"inLanguage":"fr-FR","potentialAction":[{"@type":"ReadAction","target":["https:\/\/mwc-cmm.org\/en\/stories\/whats-happening-assembly-worship-services\/"]}]},{"@type":"ImageObject","inLanguage":"fr-FR","@id":"https:\/\/mwc-cmm.org\/en\/stories\/whats-happening-assembly-worship-services\/#primaryimage","url":"https:\/\/mwc-cmm.org\/wp-content\/uploads\/2024\/11\/20150722_jonathoncharles_1283-scaled.jpg","contentUrl":"https:\/\/mwc-cmm.org\/wp-content\/uploads\/2024\/11\/20150722_jonathoncharles_1283-scaled.jpg","width":2560,"height":1707},{"@type":"BreadcrumbList","@id":"https:\/\/mwc-cmm.org\/en\/stories\/whats-happening-assembly-worship-services\/#breadcrumb","itemListElement":[{"@type":"ListItem","position":1,"name":"Home","item":"https:\/\/mwc-cmm.org\/fr\/"},{"@type":"ListItem","position":2,"name":"Que se passe-t-il pendant les cultes de l\u2019Assembl\u00e9e?"}]},{"@type":"WebSite","@id":"https:\/\/mwc-cmm.org\/en\/#website","url":"https:\/\/mwc-cmm.org\/en\/","name":"Mennonite World Conference","description":"A communion of Anabaptist-related churches","publisher":{"@id":"https:\/\/mwc-cmm.org\/en\/#organization"},"alternateName":"MWC","potentialAction":[{"@type":"SearchAction","target":{"@type":"EntryPoint","urlTemplate":"https:\/\/mwc-cmm.org\/en\/?s={search_term_string}"},"query-input":{"@type":"PropertyValueSpecification","valueRequired":true,"valueName":"search_term_string"}}],"inLanguage":"fr-FR"},{"@type":"Organization","@id":"https:\/\/mwc-cmm.org\/en\/#organization","name":"Mennonite World Conference","alternateName":"MWC","url":"https:\/\/mwc-cmm.org\/en\/","logo":{"@type":"ImageObject","inLanguage":"fr-FR","@id":"https:\/\/mwc-cmm.org\/en\/#\/schema\/logo\/image\/","url":"https:\/\/mwc-cmm.org\/wp-content\/uploads\/2026\/01\/MWC_Sig_Blue_Horiz_webheader1-logo.svg","contentUrl":"https:\/\/mwc-cmm.org\/wp-content\/uploads\/2026\/01\/MWC_Sig_Blue_Horiz_webheader1-logo.svg","width":786,"height":82,"caption":"Mennonite World Conference"},"image":{"@id":"https:\/\/mwc-cmm.org\/en\/#\/schema\/logo\/image\/"},"sameAs":["https:\/\/www.facebook.com\/MennoniteWorldConference","https:\/\/www.linkedin.com\/company\/mennonite-world-conference-mwc\/","https:\/\/www.instagram.com\/mwcmm\/","https:\/\/www.youtube.com\/user\/mwccmm","https:\/\/bsky.app\/profile\/mwcmm.bsky.social"]},{"@type":"Person","@id":"https:\/\/mwc-cmm.org\/en\/#\/schema\/person\/11f6ae0d7d1868ba20a1cc27f067c836","name":"mennworldcon","image":{"@type":"ImageObject","inLanguage":"fr-FR","@id":"https:\/\/secure.gravatar.com\/avatar\/06fdc0dc81c157dfdb82ec42f252178a22307808988d22c043f9eb96f1e0fe80?s=96&d=mm&r=g","url":"https:\/\/secure.gravatar.com\/avatar\/06fdc0dc81c157dfdb82ec42f252178a22307808988d22c043f9eb96f1e0fe80?s=96&d=mm&r=g","contentUrl":"https:\/\/secure.gravatar.com\/avatar\/06fdc0dc81c157dfdb82ec42f252178a22307808988d22c043f9eb96f1e0fe80?s=96&d=mm&r=g","caption":"mennworldcon"},"sameAs":["https:\/\/mwc-cmm.org"],"url":"https:\/\/mwc-cmm.org\/fr\/stories\/author\/mennworldcon\/"}]}},"_links":{"self":[{"href":"https:\/\/mwc-cmm.org\/fr\/wp-json\/wp\/v2\/posts\/10381","targetHints":{"allow":["GET"]}}],"collection":[{"href":"https:\/\/mwc-cmm.org\/fr\/wp-json\/wp\/v2\/posts"}],"about":[{"href":"https:\/\/mwc-cmm.org\/fr\/wp-json\/wp\/v2\/types\/post"}],"author":[{"embeddable":true,"href":"https:\/\/mwc-cmm.org\/fr\/wp-json\/wp\/v2\/users\/1"}],"replies":[{"embeddable":true,"href":"https:\/\/mwc-cmm.org\/fr\/wp-json\/wp\/v2\/comments?post=10381"}],"version-history":[{"count":0,"href":"https:\/\/mwc-cmm.org\/fr\/wp-json\/wp\/v2\/posts\/10381\/revisions"}],"wp:featuredmedia":[{"embeddable":true,"href":"https:\/\/mwc-cmm.org\/fr\/wp-json\/wp\/v2\/media\/95024"}],"wp:attachment":[{"href":"https:\/\/mwc-cmm.org\/fr\/wp-json\/wp\/v2\/media?parent=10381"}],"wp:term":[{"taxonomy":"category","embeddable":true,"href":"https:\/\/mwc-cmm.org\/fr\/wp-json\/wp\/v2\/categories?post=10381"},{"taxonomy":"post_tag","embeddable":true,"href":"https:\/\/mwc-cmm.org\/fr\/wp-json\/wp\/v2\/tags?post=10381"},{"taxonomy":"network","embeddable":true,"href":"https:\/\/mwc-cmm.org\/fr\/wp-json\/wp\/v2\/network?post=10381"},{"taxonomy":"eventcategory","embeddable":true,"href":"https:\/\/mwc-cmm.org\/fr\/wp-json\/wp\/v2\/eventcategory?post=10381"}],"curies":[{"name":"wp","href":"https:\/\/api.w.org\/{rel}","templated":true}]}}