{"id":10380,"date":"2022-05-11T00:00:00","date_gmt":"2022-05-11T00:00:00","guid":{"rendered":"https:\/\/mwc-cmm.org\/ministry-partner-update-icomb-may-2022-3\/"},"modified":"2024-12-10T17:18:58","modified_gmt":"2024-12-10T17:18:58","slug":"mise-jour-du-ministere-partenaire-icomb-mai-2022","status":"publish","type":"post","link":"https:\/\/mwc-cmm.org\/fr\/stories\/mise-jour-du-ministere-partenaire-icomb-mai-2022\/","title":{"rendered":"Mise \u00e0 jour du minist\u00e8re partenaire\u202f: ICOMB \u2013 mai 2022"},"content":{"rendered":"<h3>La puissance de l\u2019Esprit<\/h3>\n<p>\u00catre rempli de l\u2019Esprit de Dieu dans nos vies se refl\u00e8te \u00e0 la fois dans le processus de maturation par lequel nous sommes transform\u00e9s \u00e0 l\u2019image du Christ et dans la capacit\u00e9 de l\u2019Esprit \u00e0 proclamer le Christ. L\u2019Esprit est venu pour t\u00e9moigner de qui est J\u00e9sus et de son \u0153uvre salvatrice dans le monde (Jean 15\/26-27 ; 16\/8-11). L\u2019Esprit donne aussi aux disciples de J\u00e9sus le pouvoir d\u2019\u00eatre des t\u00e9moins (Actes 1\/8), t\u00e9moignant non seulement par ce qu\u2019ils disent et font (Matthieu 10\/17-20) mais aussi par le t\u00e9moignage de leur vie (2 Corinthiens 3\/2-6).<\/p>\n<p>Dans l\u2019Ancien Testament, nous voyons l\u2019Esprit venir sur le peuple de Dieu, lui permettant d\u2019agir par sa puissance ou de proph\u00e9tiser sous son influence (Judges 14\/6&nbsp;; 1&nbsp;Samuel 10\/10-11). De m\u00eame, l\u2019Esprit de Dieu a rempli les disciples de J\u00e9sus dans l\u2019\u00c9glise primitive pour accomplir son dessein de proclamer le Christ (Actes&nbsp;2\/4 ; 4\/7-8 ; 4\/31). La puissance de l\u2019Esprit de Dieu se manifestait \u00e0 la fois en paroles et en actes, ainsi que par des signes et des prodiges (Rom 15\/18-19&nbsp;; 1 Corinthiens&nbsp;2\/4-5). Cependant, la puissance de l\u2019Esprit est tr\u00e8s diff\u00e9rente des expressions de puissance du monde \u2013 J\u00e9sus est venu dans la faiblesse de la chair humaine, mais il a v\u00e9cu par la puissance de Dieu (2 Corinthiens&nbsp;13\/4). De m\u00eame, c\u2019est dans notre propre faiblesse que la puissance de Dieu se manifeste par la force de sa gr\u00e2ce et de son amour (2&nbsp;Corinthiens&nbsp;12\/ 9-10).<\/p>\n<p>La puissance de l\u2019Esprit s\u2019exprime \u00e9galement dans le don qu\u2019il fait \u00e0 tous les croyants dans le but de servir les autres et d\u2019\u00e9difier l\u2019\u00c9glise (1 Corinthiens&nbsp;12\/11). L\u2019Esprit se r\u00e9v\u00e8le par le don qu\u2019il accorde \u00e0 chaque membre du corps du Christ, qu\u2019il distribue aux hommes et aux femmes comme il l\u2019entend (1&nbsp;Corinthiens&nbsp;12\/7). Il y a une diversit\u00e9 de dons, mais la source est le m\u00eame et unique Esprit (1&nbsp;Corinthiens&nbsp;12\/4). Chaque don contribue \u00e0 l\u2019objectif de l\u2019Esprit de servir et d\u2019\u00e9difier l\u2019\u00c9glise. Puisque les dons sont une expression de la gr\u00e2ce de Dieu, l\u2019amour de Dieu doit \u00eatre la motivation pour l\u2019utilisation des dons (1&nbsp;Corinthiens&nbsp;13\/1-3).<\/p>\n<p>Puisque le Christ lui-m\u00eame a souffert, nous ne devrions pas \u00eatre surpris lorsque nous faisons \u00e9galement l\u2019exp\u00e9rience de la souffrance (1&nbsp;Pierre 2\/21&nbsp;; 3\/17-18&nbsp;; 4\/12-14). La pr\u00e9sence de l\u2019Esprit de Dieu dans nos vies nous offre r\u00e9confort et esp\u00e9rance au milieu de nos souffrances et nous aide dans notre faiblesse (Romains 8\/ 26-30). C\u2019est dans notre faiblesse que la puissance de Dieu est \u00e0 l\u2019\u0153uvre, rendant visible la vie de J\u00e9sus \u00e0 travers nous (2&nbsp;Corinthiens 4\/ 7-12).<\/p>\n<p>Comment avez-vous fait l\u2019exp\u00e9rience de la puissance de l\u2019Esprit cette semaine&nbsp;?<\/p>\n<p><strong>\u2014Doug Heidebrecht&nbsp;<\/strong><\/p>\n<hr>\n<h5><img decoding=\"async\" alt=\"ICOMB\" data-src=\"https:\/\/mwc-cmm.org\/wp-content\/uploads\/2024\/10\/icomb_new_logo.png\" width=\"691\" class=\"smush-dimensions lazyload\" style=\"--smush-image-width: 691px; --smush-image-aspect-ratio: 691\/260;\" src=\"data:image\/svg+xml;base64,PHN2ZyB3aWR0aD0iMSIgaGVpZ2h0PSIxIiB4bWxucz0iaHR0cDovL3d3dy53My5vcmcvMjAwMC9zdmciPjwvc3ZnPg==\"><\/h5>\n<h5>La Communaut\u00e9 internationale des Fr\u00e8res Mennonites (ICOMB) est compos\u00e9e de 22 \u00e9glises nationales dans 19 pays. L\u2019ICOMB compte \u00e9galement des membres associ\u00e9s dans plus de 20 pays, tous \u00e0 des stades diff\u00e9rents sur la voie de l\u2019adh\u00e9sion \u00e0 part enti\u00e8re. L\u2019ICOMB existe pour faciliter les relations et les minist\u00e8res afin d\u2019am\u00e9liorer le t\u00e9moignage et le discipulat de ses \u00e9glises nationales membres &#8211; connecter, renforcer et \u00e9largir la famille mondiale de l\u2019ICOMB.<\/h5>\n","protected":false},"excerpt":{"rendered":"<p>La puissance de l\u2019Esprit \u00catre rempli de l\u2019Esprit de Dieu dans nos vies se refl\u00e8te \u00e0 la fois dans le processus de maturation par lequel nous sommes transform\u00e9s \u00e0 l\u2019image du Christ et dans la capacit\u00e9 de l\u2019Esprit \u00e0 proclamer le Christ. L\u2019Esprit est venu pour t\u00e9moigner de qui est J\u00e9sus et de son \u0153uvre [&hellip;]<\/p>\n","protected":false},"author":1,"featured_media":95010,"comment_status":"closed","ping_status":"closed","sticky":false,"template":"","format":"standard","meta":{"_acf_changed":false,"footnotes":""},"categories":[7],"tags":[],"network":[],"eventcategory":[],"class_list":["post-10380","post","type-post","status-publish","format-standard","has-post-thumbnail","hentry","category-non-classifiee"],"acf":[],"yoast_head":"<!-- This site is optimized with the Yoast SEO plugin v27.5 - https:\/\/yoast.com\/product\/yoast-seo-wordpress\/ -->\n<title>Mise \u00e0 jour du minist\u00e8re partenaire\u202f: ICOMB \u2013 mai 2022 - Mennonite World Conference<\/title>\n<meta name=\"robots\" content=\"index, follow, max-snippet:-1, max-image-preview:large, max-video-preview:-1\" \/>\n<link rel=\"canonical\" href=\"https:\/\/mwc-cmm.org\/fr\/stories\/mise-jour-du-ministere-partenaire-icomb-mai-2022\/\" \/>\n<meta property=\"og:locale\" content=\"fr_FR\" \/>\n<meta property=\"og:type\" content=\"article\" \/>\n<meta property=\"og:title\" content=\"Mise \u00e0 jour du minist\u00e8re partenaire\u202f: ICOMB \u2013 mai 2022 - Mennonite World Conference\" \/>\n<meta property=\"og:description\" content=\"La puissance de l\u2019Esprit \u00catre rempli de l\u2019Esprit de Dieu dans nos vies se refl\u00e8te \u00e0 la fois dans le processus de maturation par lequel nous sommes transform\u00e9s \u00e0 l\u2019image du Christ et dans la capacit\u00e9 de l\u2019Esprit \u00e0 proclamer le Christ. L\u2019Esprit est venu pour t\u00e9moigner de qui est J\u00e9sus et de son \u0153uvre [&hellip;]\" \/>\n<meta property=\"og:url\" content=\"https:\/\/mwc-cmm.org\/fr\/stories\/mise-jour-du-ministere-partenaire-icomb-mai-2022\/\" \/>\n<meta property=\"og:site_name\" content=\"Mennonite World Conference\" \/>\n<meta property=\"article:publisher\" content=\"https:\/\/www.facebook.com\/MennoniteWorldConference\" \/>\n<meta property=\"article:published_time\" content=\"2022-05-11T00:00:00+00:00\" \/>\n<meta property=\"article:modified_time\" content=\"2024-12-10T17:18:58+00:00\" \/>\n<meta property=\"og:image\" content=\"https:\/\/mwc-cmm.org\/wp-content\/uploads\/2024\/11\/50719058553_da8b832143_c.jpg\" \/>\n\t<meta property=\"og:image:width\" content=\"799\" \/>\n\t<meta property=\"og:image:height\" content=\"533\" \/>\n\t<meta property=\"og:image:type\" content=\"image\/jpeg\" \/>\n<meta name=\"author\" content=\"mennworldcon\" \/>\n<script type=\"application\/ld+json\" class=\"yoast-schema-graph\">{\"@context\":\"https:\\\/\\\/schema.org\",\"@graph\":[{\"@type\":\"Article\",\"@id\":\"https:\\\/\\\/mwc-cmm.org\\\/fr\\\/stories\\\/mise-jour-du-ministere-partenaire-icomb-mai-2022\\\/#article\",\"isPartOf\":{\"@id\":\"https:\\\/\\\/mwc-cmm.org\\\/fr\\\/stories\\\/mise-jour-du-ministere-partenaire-icomb-mai-2022\\\/\"},\"author\":{\"name\":\"mennworldcon\",\"@id\":\"https:\\\/\\\/mwc-cmm.org\\\/en\\\/#\\\/schema\\\/person\\\/11f6ae0d7d1868ba20a1cc27f067c836\"},\"headline\":\"Mise \u00e0 jour du minist\u00e8re partenaire\u202f: ICOMB \u2013 mai 2022\",\"datePublished\":\"2022-05-11T00:00:00+00:00\",\"dateModified\":\"2024-12-10T17:18:58+00:00\",\"mainEntityOfPage\":{\"@id\":\"https:\\\/\\\/mwc-cmm.org\\\/fr\\\/stories\\\/mise-jour-du-ministere-partenaire-icomb-mai-2022\\\/\"},\"wordCount\":591,\"publisher\":{\"@id\":\"https:\\\/\\\/mwc-cmm.org\\\/en\\\/#organization\"},\"image\":{\"@id\":\"https:\\\/\\\/mwc-cmm.org\\\/fr\\\/stories\\\/mise-jour-du-ministere-partenaire-icomb-mai-2022\\\/#primaryimage\"},\"thumbnailUrl\":\"https:\\\/\\\/mwc-cmm.org\\\/wp-content\\\/uploads\\\/2024\\\/11\\\/50719058553_da8b832143_c.jpg\",\"articleSection\":[\"Non classifi\u00e9(e)\"],\"inLanguage\":\"fr-FR\"},{\"@type\":\"WebPage\",\"@id\":\"https:\\\/\\\/mwc-cmm.org\\\/fr\\\/stories\\\/mise-jour-du-ministere-partenaire-icomb-mai-2022\\\/\",\"url\":\"https:\\\/\\\/mwc-cmm.org\\\/fr\\\/stories\\\/mise-jour-du-ministere-partenaire-icomb-mai-2022\\\/\",\"name\":\"Mise \u00e0 jour du minist\u00e8re partenaire\u202f: ICOMB \u2013 mai 2022 - Mennonite World Conference\",\"isPartOf\":{\"@id\":\"https:\\\/\\\/mwc-cmm.org\\\/en\\\/#website\"},\"primaryImageOfPage\":{\"@id\":\"https:\\\/\\\/mwc-cmm.org\\\/fr\\\/stories\\\/mise-jour-du-ministere-partenaire-icomb-mai-2022\\\/#primaryimage\"},\"image\":{\"@id\":\"https:\\\/\\\/mwc-cmm.org\\\/fr\\\/stories\\\/mise-jour-du-ministere-partenaire-icomb-mai-2022\\\/#primaryimage\"},\"thumbnailUrl\":\"https:\\\/\\\/mwc-cmm.org\\\/wp-content\\\/uploads\\\/2024\\\/11\\\/50719058553_da8b832143_c.jpg\",\"datePublished\":\"2022-05-11T00:00:00+00:00\",\"dateModified\":\"2024-12-10T17:18:58+00:00\",\"breadcrumb\":{\"@id\":\"https:\\\/\\\/mwc-cmm.org\\\/fr\\\/stories\\\/mise-jour-du-ministere-partenaire-icomb-mai-2022\\\/#breadcrumb\"},\"inLanguage\":\"fr-FR\",\"potentialAction\":[{\"@type\":\"ReadAction\",\"target\":[\"https:\\\/\\\/mwc-cmm.org\\\/fr\\\/stories\\\/mise-jour-du-ministere-partenaire-icomb-mai-2022\\\/\"]}]},{\"@type\":\"ImageObject\",\"inLanguage\":\"fr-FR\",\"@id\":\"https:\\\/\\\/mwc-cmm.org\\\/fr\\\/stories\\\/mise-jour-du-ministere-partenaire-icomb-mai-2022\\\/#primaryimage\",\"url\":\"https:\\\/\\\/mwc-cmm.org\\\/wp-content\\\/uploads\\\/2024\\\/11\\\/50719058553_da8b832143_c.jpg\",\"contentUrl\":\"https:\\\/\\\/mwc-cmm.org\\\/wp-content\\\/uploads\\\/2024\\\/11\\\/50719058553_da8b832143_c.jpg\",\"width\":799,\"height\":533},{\"@type\":\"BreadcrumbList\",\"@id\":\"https:\\\/\\\/mwc-cmm.org\\\/fr\\\/stories\\\/mise-jour-du-ministere-partenaire-icomb-mai-2022\\\/#breadcrumb\",\"itemListElement\":[{\"@type\":\"ListItem\",\"position\":1,\"name\":\"Home\",\"item\":\"https:\\\/\\\/mwc-cmm.org\\\/fr\\\/\"},{\"@type\":\"ListItem\",\"position\":2,\"name\":\"Mise \u00e0 jour du minist\u00e8re partenaire\u202f: ICOMB \u2013 mai 2022\"}]},{\"@type\":\"WebSite\",\"@id\":\"https:\\\/\\\/mwc-cmm.org\\\/en\\\/#website\",\"url\":\"https:\\\/\\\/mwc-cmm.org\\\/en\\\/\",\"name\":\"Mennonite World Conference\",\"description\":\"A communion of Anabaptist-related churches\",\"publisher\":{\"@id\":\"https:\\\/\\\/mwc-cmm.org\\\/en\\\/#organization\"},\"alternateName\":\"MWC\",\"potentialAction\":[{\"@type\":\"SearchAction\",\"target\":{\"@type\":\"EntryPoint\",\"urlTemplate\":\"https:\\\/\\\/mwc-cmm.org\\\/en\\\/?s={search_term_string}\"},\"query-input\":{\"@type\":\"PropertyValueSpecification\",\"valueRequired\":true,\"valueName\":\"search_term_string\"}}],\"inLanguage\":\"fr-FR\"},{\"@type\":\"Organization\",\"@id\":\"https:\\\/\\\/mwc-cmm.org\\\/en\\\/#organization\",\"name\":\"Mennonite World Conference\",\"alternateName\":\"MWC\",\"url\":\"https:\\\/\\\/mwc-cmm.org\\\/en\\\/\",\"logo\":{\"@type\":\"ImageObject\",\"inLanguage\":\"fr-FR\",\"@id\":\"https:\\\/\\\/mwc-cmm.org\\\/en\\\/#\\\/schema\\\/logo\\\/image\\\/\",\"url\":\"https:\\\/\\\/mwc-cmm.org\\\/wp-content\\\/uploads\\\/2026\\\/01\\\/MWC_Sig_Blue_Horiz_webheader1-logo.svg\",\"contentUrl\":\"https:\\\/\\\/mwc-cmm.org\\\/wp-content\\\/uploads\\\/2026\\\/01\\\/MWC_Sig_Blue_Horiz_webheader1-logo.svg\",\"width\":786,\"height\":82,\"caption\":\"Mennonite World Conference\"},\"image\":{\"@id\":\"https:\\\/\\\/mwc-cmm.org\\\/en\\\/#\\\/schema\\\/logo\\\/image\\\/\"},\"sameAs\":[\"https:\\\/\\\/www.facebook.com\\\/MennoniteWorldConference\",\"https:\\\/\\\/www.linkedin.com\\\/company\\\/mennonite-world-conference-mwc\\\/\",\"https:\\\/\\\/www.instagram.com\\\/mwcmm\\\/\",\"https:\\\/\\\/www.youtube.com\\\/user\\\/mwccmm\",\"https:\\\/\\\/bsky.app\\\/profile\\\/mwcmm.bsky.social\"]},{\"@type\":\"Person\",\"@id\":\"https:\\\/\\\/mwc-cmm.org\\\/en\\\/#\\\/schema\\\/person\\\/11f6ae0d7d1868ba20a1cc27f067c836\",\"name\":\"mennworldcon\",\"image\":{\"@type\":\"ImageObject\",\"inLanguage\":\"fr-FR\",\"@id\":\"https:\\\/\\\/secure.gravatar.com\\\/avatar\\\/06fdc0dc81c157dfdb82ec42f252178a22307808988d22c043f9eb96f1e0fe80?s=96&d=mm&r=g\",\"url\":\"https:\\\/\\\/secure.gravatar.com\\\/avatar\\\/06fdc0dc81c157dfdb82ec42f252178a22307808988d22c043f9eb96f1e0fe80?s=96&d=mm&r=g\",\"contentUrl\":\"https:\\\/\\\/secure.gravatar.com\\\/avatar\\\/06fdc0dc81c157dfdb82ec42f252178a22307808988d22c043f9eb96f1e0fe80?s=96&d=mm&r=g\",\"caption\":\"mennworldcon\"},\"sameAs\":[\"https:\\\/\\\/mwc-cmm.org\"],\"url\":\"https:\\\/\\\/mwc-cmm.org\\\/fr\\\/stories\\\/author\\\/mennworldcon\\\/\"}]}<\/script>\n<!-- \/ Yoast SEO plugin. -->","yoast_head_json":{"title":"Mise \u00e0 jour du minist\u00e8re partenaire\u202f: ICOMB \u2013 mai 2022 - Mennonite World Conference","robots":{"index":"index","follow":"follow","max-snippet":"max-snippet:-1","max-image-preview":"max-image-preview:large","max-video-preview":"max-video-preview:-1"},"canonical":"https:\/\/mwc-cmm.org\/fr\/stories\/mise-jour-du-ministere-partenaire-icomb-mai-2022\/","og_locale":"fr_FR","og_type":"article","og_title":"Mise \u00e0 jour du minist\u00e8re partenaire\u202f: ICOMB \u2013 mai 2022 - Mennonite World Conference","og_description":"La puissance de l\u2019Esprit \u00catre rempli de l\u2019Esprit de Dieu dans nos vies se refl\u00e8te \u00e0 la fois dans le processus de maturation par lequel nous sommes transform\u00e9s \u00e0 l\u2019image du Christ et dans la capacit\u00e9 de l\u2019Esprit \u00e0 proclamer le Christ. L\u2019Esprit est venu pour t\u00e9moigner de qui est J\u00e9sus et de son \u0153uvre [&hellip;]","og_url":"https:\/\/mwc-cmm.org\/fr\/stories\/mise-jour-du-ministere-partenaire-icomb-mai-2022\/","og_site_name":"Mennonite World Conference","article_publisher":"https:\/\/www.facebook.com\/MennoniteWorldConference","article_published_time":"2022-05-11T00:00:00+00:00","article_modified_time":"2024-12-10T17:18:58+00:00","og_image":[{"width":799,"height":533,"url":"https:\/\/mwc-cmm.org\/wp-content\/uploads\/2024\/11\/50719058553_da8b832143_c.jpg","type":"image\/jpeg"}],"author":"mennworldcon","schema":{"@context":"https:\/\/schema.org","@graph":[{"@type":"Article","@id":"https:\/\/mwc-cmm.org\/fr\/stories\/mise-jour-du-ministere-partenaire-icomb-mai-2022\/#article","isPartOf":{"@id":"https:\/\/mwc-cmm.org\/fr\/stories\/mise-jour-du-ministere-partenaire-icomb-mai-2022\/"},"author":{"name":"mennworldcon","@id":"https:\/\/mwc-cmm.org\/en\/#\/schema\/person\/11f6ae0d7d1868ba20a1cc27f067c836"},"headline":"Mise \u00e0 jour du minist\u00e8re partenaire\u202f: ICOMB \u2013 mai 2022","datePublished":"2022-05-11T00:00:00+00:00","dateModified":"2024-12-10T17:18:58+00:00","mainEntityOfPage":{"@id":"https:\/\/mwc-cmm.org\/fr\/stories\/mise-jour-du-ministere-partenaire-icomb-mai-2022\/"},"wordCount":591,"publisher":{"@id":"https:\/\/mwc-cmm.org\/en\/#organization"},"image":{"@id":"https:\/\/mwc-cmm.org\/fr\/stories\/mise-jour-du-ministere-partenaire-icomb-mai-2022\/#primaryimage"},"thumbnailUrl":"https:\/\/mwc-cmm.org\/wp-content\/uploads\/2024\/11\/50719058553_da8b832143_c.jpg","articleSection":["Non classifi\u00e9(e)"],"inLanguage":"fr-FR"},{"@type":"WebPage","@id":"https:\/\/mwc-cmm.org\/fr\/stories\/mise-jour-du-ministere-partenaire-icomb-mai-2022\/","url":"https:\/\/mwc-cmm.org\/fr\/stories\/mise-jour-du-ministere-partenaire-icomb-mai-2022\/","name":"Mise \u00e0 jour du minist\u00e8re partenaire\u202f: ICOMB \u2013 mai 2022 - Mennonite World Conference","isPartOf":{"@id":"https:\/\/mwc-cmm.org\/en\/#website"},"primaryImageOfPage":{"@id":"https:\/\/mwc-cmm.org\/fr\/stories\/mise-jour-du-ministere-partenaire-icomb-mai-2022\/#primaryimage"},"image":{"@id":"https:\/\/mwc-cmm.org\/fr\/stories\/mise-jour-du-ministere-partenaire-icomb-mai-2022\/#primaryimage"},"thumbnailUrl":"https:\/\/mwc-cmm.org\/wp-content\/uploads\/2024\/11\/50719058553_da8b832143_c.jpg","datePublished":"2022-05-11T00:00:00+00:00","dateModified":"2024-12-10T17:18:58+00:00","breadcrumb":{"@id":"https:\/\/mwc-cmm.org\/fr\/stories\/mise-jour-du-ministere-partenaire-icomb-mai-2022\/#breadcrumb"},"inLanguage":"fr-FR","potentialAction":[{"@type":"ReadAction","target":["https:\/\/mwc-cmm.org\/fr\/stories\/mise-jour-du-ministere-partenaire-icomb-mai-2022\/"]}]},{"@type":"ImageObject","inLanguage":"fr-FR","@id":"https:\/\/mwc-cmm.org\/fr\/stories\/mise-jour-du-ministere-partenaire-icomb-mai-2022\/#primaryimage","url":"https:\/\/mwc-cmm.org\/wp-content\/uploads\/2024\/11\/50719058553_da8b832143_c.jpg","contentUrl":"https:\/\/mwc-cmm.org\/wp-content\/uploads\/2024\/11\/50719058553_da8b832143_c.jpg","width":799,"height":533},{"@type":"BreadcrumbList","@id":"https:\/\/mwc-cmm.org\/fr\/stories\/mise-jour-du-ministere-partenaire-icomb-mai-2022\/#breadcrumb","itemListElement":[{"@type":"ListItem","position":1,"name":"Home","item":"https:\/\/mwc-cmm.org\/fr\/"},{"@type":"ListItem","position":2,"name":"Mise \u00e0 jour du minist\u00e8re partenaire\u202f: ICOMB \u2013 mai 2022"}]},{"@type":"WebSite","@id":"https:\/\/mwc-cmm.org\/en\/#website","url":"https:\/\/mwc-cmm.org\/en\/","name":"Mennonite World Conference","description":"A communion of Anabaptist-related churches","publisher":{"@id":"https:\/\/mwc-cmm.org\/en\/#organization"},"alternateName":"MWC","potentialAction":[{"@type":"SearchAction","target":{"@type":"EntryPoint","urlTemplate":"https:\/\/mwc-cmm.org\/en\/?s={search_term_string}"},"query-input":{"@type":"PropertyValueSpecification","valueRequired":true,"valueName":"search_term_string"}}],"inLanguage":"fr-FR"},{"@type":"Organization","@id":"https:\/\/mwc-cmm.org\/en\/#organization","name":"Mennonite World Conference","alternateName":"MWC","url":"https:\/\/mwc-cmm.org\/en\/","logo":{"@type":"ImageObject","inLanguage":"fr-FR","@id":"https:\/\/mwc-cmm.org\/en\/#\/schema\/logo\/image\/","url":"https:\/\/mwc-cmm.org\/wp-content\/uploads\/2026\/01\/MWC_Sig_Blue_Horiz_webheader1-logo.svg","contentUrl":"https:\/\/mwc-cmm.org\/wp-content\/uploads\/2026\/01\/MWC_Sig_Blue_Horiz_webheader1-logo.svg","width":786,"height":82,"caption":"Mennonite World Conference"},"image":{"@id":"https:\/\/mwc-cmm.org\/en\/#\/schema\/logo\/image\/"},"sameAs":["https:\/\/www.facebook.com\/MennoniteWorldConference","https:\/\/www.linkedin.com\/company\/mennonite-world-conference-mwc\/","https:\/\/www.instagram.com\/mwcmm\/","https:\/\/www.youtube.com\/user\/mwccmm","https:\/\/bsky.app\/profile\/mwcmm.bsky.social"]},{"@type":"Person","@id":"https:\/\/mwc-cmm.org\/en\/#\/schema\/person\/11f6ae0d7d1868ba20a1cc27f067c836","name":"mennworldcon","image":{"@type":"ImageObject","inLanguage":"fr-FR","@id":"https:\/\/secure.gravatar.com\/avatar\/06fdc0dc81c157dfdb82ec42f252178a22307808988d22c043f9eb96f1e0fe80?s=96&d=mm&r=g","url":"https:\/\/secure.gravatar.com\/avatar\/06fdc0dc81c157dfdb82ec42f252178a22307808988d22c043f9eb96f1e0fe80?s=96&d=mm&r=g","contentUrl":"https:\/\/secure.gravatar.com\/avatar\/06fdc0dc81c157dfdb82ec42f252178a22307808988d22c043f9eb96f1e0fe80?s=96&d=mm&r=g","caption":"mennworldcon"},"sameAs":["https:\/\/mwc-cmm.org"],"url":"https:\/\/mwc-cmm.org\/fr\/stories\/author\/mennworldcon\/"}]}},"_links":{"self":[{"href":"https:\/\/mwc-cmm.org\/fr\/wp-json\/wp\/v2\/posts\/10380","targetHints":{"allow":["GET"]}}],"collection":[{"href":"https:\/\/mwc-cmm.org\/fr\/wp-json\/wp\/v2\/posts"}],"about":[{"href":"https:\/\/mwc-cmm.org\/fr\/wp-json\/wp\/v2\/types\/post"}],"author":[{"embeddable":true,"href":"https:\/\/mwc-cmm.org\/fr\/wp-json\/wp\/v2\/users\/1"}],"replies":[{"embeddable":true,"href":"https:\/\/mwc-cmm.org\/fr\/wp-json\/wp\/v2\/comments?post=10380"}],"version-history":[{"count":0,"href":"https:\/\/mwc-cmm.org\/fr\/wp-json\/wp\/v2\/posts\/10380\/revisions"}],"wp:featuredmedia":[{"embeddable":true,"href":"https:\/\/mwc-cmm.org\/fr\/wp-json\/wp\/v2\/media\/95010"}],"wp:attachment":[{"href":"https:\/\/mwc-cmm.org\/fr\/wp-json\/wp\/v2\/media?parent=10380"}],"wp:term":[{"taxonomy":"category","embeddable":true,"href":"https:\/\/mwc-cmm.org\/fr\/wp-json\/wp\/v2\/categories?post=10380"},{"taxonomy":"post_tag","embeddable":true,"href":"https:\/\/mwc-cmm.org\/fr\/wp-json\/wp\/v2\/tags?post=10380"},{"taxonomy":"network","embeddable":true,"href":"https:\/\/mwc-cmm.org\/fr\/wp-json\/wp\/v2\/network?post=10380"},{"taxonomy":"eventcategory","embeddable":true,"href":"https:\/\/mwc-cmm.org\/fr\/wp-json\/wp\/v2\/eventcategory?post=10380"}],"curies":[{"name":"wp","href":"https:\/\/api.w.org\/{rel}","templated":true}]}}