{"id":10372,"date":"2022-04-20T00:00:00","date_gmt":"2022-04-20T00:00:00","guid":{"rendered":"https:\/\/mwc-cmm.org\/join-the-mwc-assembly-together-online-3\/"},"modified":"2025-06-06T10:33:24","modified_gmt":"2025-06-06T10:33:24","slug":"rejoignez-ensemble-lassemblee-de-la-cmm-en-ligne","status":"publish","type":"post","link":"https:\/\/mwc-cmm.org\/fr\/stories\/rejoignez-ensemble-lassemblee-de-la-cmm-en-ligne\/","title":{"rendered":"Rejoignez \u2013 ensemble \u2013 l\u2019Assembl\u00e9e de la CMM en ligne !"},"content":{"rendered":"<p>\u00ab&nbsp;L\u2019Assembl\u00e9e de la Conf\u00e9rence Mennonite Mondiale est un cadre permettant d\u2019en savoir plus sur nos fr\u00e8res et s\u0153urs de diff\u00e9rentes parties du monde. Tout le monde, quel que soit son budget ou son temps de vacances, aura l\u2019occasion de se r\u00e9unir en ligne pour c\u00e9l\u00e9brer, partager et \u00e9tudier la Bible ensemble, tout en apprenant comment J\u00e9sus nous invite \u00e0 surmonter les obstacles&nbsp;\u00bb, explique Jardely Mart\u00ednez, coordinatrice du programme jeunesse.<\/p>\n<p>\u00ab&nbsp;Cette ann\u00e9e, nous pourrons en apprendre davantage sur les \u00e9glises mennonites d\u2019Indon\u00e9sie, leur culture et leur regard sur la communaut\u00e9, la foi et la vie de disciple.&nbsp;\u00bb<\/p>\n<p>Cette ann\u00e9e, lorsque vous vous inscrivez via le portail virtuel, vous recevez un laissez-passer pour l\u2019Assembl\u00e9e virtuelle. Avec votre \u00e9glise locale, vous pouvez faire partie d\u2019une grande nu\u00e9e de t\u00e9moins et vivre une exp\u00e9rience \u00e0 la fois personnelle et partag\u00e9e.<\/p>\n<p>Vous pourrez y acc\u00e9der aux diffusions en direct des sessions pl\u00e9ni\u00e8res quotidiennes, participer \u00e0 des ateliers et des discussions hybrides et en ligne, ainsi que suivre l\u2019Assembl\u00e9e sur place gr\u00e2ce \u00e0 de courtes vid\u00e9os mettant en lumi\u00e8re ce qui se passe \u00e0 chaque instant de la journ\u00e9e. Vous pourrez \u00e9galement participer \u00e0 des petits groupes m\u00ealant des participants en ligne et sur place, o\u00f9 des interpr\u00e8tes vous permettront de discuter avec des personnes du monde entier en passant d\u2019une langue \u00e0 l\u2019autre.<\/p>\n<p>Les participants inscrits auront acc\u00e8s non seulement \u00e0 tous les \u00e9v\u00e9nements en direct, mais aussi \u00e0 une base de donn\u00e9es des sessions enregistr\u00e9es qui se trouvent dans le portail virtuel. Utilisez les informations ci-dessous pour \u00e9tablir votre programme afin d\u2019assister et de participer \u00e0 toutes les sessions pl\u00e9ni\u00e8res et \u00e0 tous les ateliers disponibles. Consultez le tableau ci-dessous pour conna\u00eetre la diff\u00e9rence entre les fuseaux horaires de l\u2019Indon\u00e9sie occidentale et de votre r\u00e9gion.<\/p>\n<ul>\n<li>Les \u00ab&nbsp;sessions du matin&nbsp;\u00bb commenceront \u00e0 09h00, heure de Semarang, avec la musique de la chorale internationale, suivie d\u2019histoires d\u2019Indon\u00e9sie et de deux orateurs, pour se terminer \u00e0 11h30, heure de Semarang.<\/li>\n<li>Le \u00ab&nbsp;culte du soir&nbsp;\u00bb commencera \u00e0 19h00, heure de Semarang, et se terminera \u00e0 21h00, heure de Semarang.<\/li>\n<li>Le programme de fin de soir\u00e9e pour les jeunes se d\u00e9roulera de 21h00 \u00e0 23h00, heure de Semarang.<\/li>\n<li>Des ateliers suppl\u00e9mentaires ainsi que d\u2019autres sessions interactives seront propos\u00e9s de 0h00 \u00e0 2h00 et de 6h00 \u00e0 7h30, heure de Semarang, afin de mieux convenir aux participants des autres fuseaux horaires.<\/li>\n<\/ul>\n<p>En tant que participant \u00e0 l\u2019Assembl\u00e9e, vous avez acc\u00e8s \u00e0 toutes les vid\u00e9os et \u00e0 tous les articles jusqu\u2019\u00e0 un mois apr\u00e8s la fin de l\u2019Assembl\u00e9e.<\/p>\n<p>Nous encourageons les \u00e9glises \u00e0 se r\u00e9unir pour l\u2019Assembl\u00e9e en ligne. Veuillez envisager de faire un don \u00e0 la Conf\u00e9rence mennonite mondiale si vous participez \u00e0 une soir\u00e9e de visionnage \u00e0 laquelle vous avez acc\u00e8s avec l\u2019inscription de quelqu\u2019un d\u2019autre.<\/p>\n<p><em>\u00ca quelle heure les sessions de l\u2019Assembl\u00e9e ont-elles lieu dans mon pays ? <\/em>Cliquez <a href=\"https:\/\/mwc-cmm.org\/resources\/how-can-i-find-time-assembly-sessions\">ici<\/a> pour trouver votre heure locale.<\/p>\n<p style=\"text-align:center\"><a href=\"http:\/\/www.indonesia2022.mwc-cmm.org\"><img decoding=\"async\" alt=\"\" height=\"100\" data-src=\"\/sites\/default\/files\/website_files_2020\/button_fr.png\" width=\"400\" src=\"data:image\/svg+xml;base64,PHN2ZyB3aWR0aD0iMSIgaGVpZ2h0PSIxIiB4bWxucz0iaHR0cDovL3d3dy53My5vcmcvMjAwMC9zdmciPjwvc3ZnPg==\" class=\"lazyload\" style=\"--smush-placeholder-width: 400px; --smush-placeholder-aspect-ratio: 400\/100;\"><\/a><\/p>\n<p>&nbsp;<\/p>\n","protected":false},"excerpt":{"rendered":"<p>\u00ab&nbsp;L\u2019Assembl\u00e9e de la Conf\u00e9rence Mennonite Mondiale est un cadre permettant d\u2019en savoir plus sur nos fr\u00e8res et s\u0153urs de diff\u00e9rentes parties du monde. Tout le monde, quel que soit son budget ou son temps de vacances, aura l\u2019occasion de se r\u00e9unir en ligne pour c\u00e9l\u00e9brer, partager et \u00e9tudier la Bible ensemble, tout en apprenant comment [&hellip;]<\/p>\n","protected":false},"author":1,"featured_media":95093,"comment_status":"closed","ping_status":"closed","sticky":false,"template":"","format":"standard","meta":{"_acf_changed":false,"footnotes":""},"categories":[7],"tags":[498],"network":[],"eventcategory":[1494],"class_list":["post-10372","post","type-post","status-publish","format-standard","has-post-thumbnail","hentry","category-non-classifiee","tag-assemblee-reunie","eventcategory-assembly-fr"],"acf":[],"yoast_head":"<!-- This site is optimized with the Yoast SEO plugin v27.5 - https:\/\/yoast.com\/product\/yoast-seo-wordpress\/ -->\n<title>Rejoignez \u2013 ensemble \u2013 l\u2019Assembl\u00e9e de la CMM en ligne ! - Mennonite World Conference<\/title>\n<meta name=\"robots\" content=\"index, follow, max-snippet:-1, max-image-preview:large, max-video-preview:-1\" \/>\n<link rel=\"canonical\" href=\"https:\/\/mwc-cmm.org\/fr\/stories\/rejoignez-ensemble-lassemblee-de-la-cmm-en-ligne\/\" \/>\n<meta property=\"og:locale\" content=\"fr_FR\" \/>\n<meta property=\"og:type\" content=\"article\" \/>\n<meta property=\"og:title\" content=\"Rejoignez \u2013 ensemble \u2013 l\u2019Assembl\u00e9e de la CMM en ligne ! - Mennonite World Conference\" \/>\n<meta property=\"og:description\" content=\"\u00ab&nbsp;L\u2019Assembl\u00e9e de la Conf\u00e9rence Mennonite Mondiale est un cadre permettant d\u2019en savoir plus sur nos fr\u00e8res et s\u0153urs de diff\u00e9rentes parties du monde. Tout le monde, quel que soit son budget ou son temps de vacances, aura l\u2019occasion de se r\u00e9unir en ligne pour c\u00e9l\u00e9brer, partager et \u00e9tudier la Bible ensemble, tout en apprenant comment [&hellip;]\" \/>\n<meta property=\"og:url\" content=\"https:\/\/mwc-cmm.org\/fr\/stories\/rejoignez-ensemble-lassemblee-de-la-cmm-en-ligne\/\" \/>\n<meta property=\"og:site_name\" content=\"Mennonite World Conference\" \/>\n<meta property=\"article:publisher\" content=\"https:\/\/www.facebook.com\/MennoniteWorldConference\" \/>\n<meta property=\"article:published_time\" content=\"2022-04-20T00:00:00+00:00\" \/>\n<meta property=\"article:modified_time\" content=\"2025-06-06T10:33:24+00:00\" \/>\n<meta property=\"og:image\" content=\"https:\/\/mwc-cmm.org\/wp-content\/uploads\/2024\/11\/20150723_jonathoncharles_2565-scaled.jpg\" \/>\n\t<meta property=\"og:image:width\" content=\"2560\" \/>\n\t<meta property=\"og:image:height\" content=\"1707\" \/>\n\t<meta property=\"og:image:type\" content=\"image\/jpeg\" \/>\n<meta name=\"author\" content=\"mennworldcon\" \/>\n<script type=\"application\/ld+json\" class=\"yoast-schema-graph\">{\"@context\":\"https:\\\/\\\/schema.org\",\"@graph\":[{\"@type\":\"Article\",\"@id\":\"https:\\\/\\\/mwc-cmm.org\\\/fr\\\/stories\\\/rejoignez-ensemble-lassemblee-de-la-cmm-en-ligne\\\/#article\",\"isPartOf\":{\"@id\":\"https:\\\/\\\/mwc-cmm.org\\\/fr\\\/stories\\\/rejoignez-ensemble-lassemblee-de-la-cmm-en-ligne\\\/\"},\"author\":{\"name\":\"mennworldcon\",\"@id\":\"https:\\\/\\\/mwc-cmm.org\\\/en\\\/#\\\/schema\\\/person\\\/11f6ae0d7d1868ba20a1cc27f067c836\"},\"headline\":\"Rejoignez \u2013 ensemble \u2013 l\u2019Assembl\u00e9e de la CMM en ligne !\",\"datePublished\":\"2022-04-20T00:00:00+00:00\",\"dateModified\":\"2025-06-06T10:33:24+00:00\",\"mainEntityOfPage\":{\"@id\":\"https:\\\/\\\/mwc-cmm.org\\\/fr\\\/stories\\\/rejoignez-ensemble-lassemblee-de-la-cmm-en-ligne\\\/\"},\"wordCount\":544,\"publisher\":{\"@id\":\"https:\\\/\\\/mwc-cmm.org\\\/en\\\/#organization\"},\"image\":{\"@id\":\"https:\\\/\\\/mwc-cmm.org\\\/fr\\\/stories\\\/rejoignez-ensemble-lassemblee-de-la-cmm-en-ligne\\\/#primaryimage\"},\"thumbnailUrl\":\"https:\\\/\\\/mwc-cmm.org\\\/wp-content\\\/uploads\\\/2024\\\/11\\\/20150723_jonathoncharles_2565-scaled.jpg\",\"keywords\":[\"Assembl\u00e9e r\u00e9unie\"],\"articleSection\":[\"Non classifi\u00e9(e)\"],\"inLanguage\":\"fr-FR\"},{\"@type\":\"WebPage\",\"@id\":\"https:\\\/\\\/mwc-cmm.org\\\/fr\\\/stories\\\/rejoignez-ensemble-lassemblee-de-la-cmm-en-ligne\\\/\",\"url\":\"https:\\\/\\\/mwc-cmm.org\\\/fr\\\/stories\\\/rejoignez-ensemble-lassemblee-de-la-cmm-en-ligne\\\/\",\"name\":\"Rejoignez \u2013 ensemble \u2013 l\u2019Assembl\u00e9e de la CMM en ligne ! - Mennonite World Conference\",\"isPartOf\":{\"@id\":\"https:\\\/\\\/mwc-cmm.org\\\/en\\\/#website\"},\"primaryImageOfPage\":{\"@id\":\"https:\\\/\\\/mwc-cmm.org\\\/fr\\\/stories\\\/rejoignez-ensemble-lassemblee-de-la-cmm-en-ligne\\\/#primaryimage\"},\"image\":{\"@id\":\"https:\\\/\\\/mwc-cmm.org\\\/fr\\\/stories\\\/rejoignez-ensemble-lassemblee-de-la-cmm-en-ligne\\\/#primaryimage\"},\"thumbnailUrl\":\"https:\\\/\\\/mwc-cmm.org\\\/wp-content\\\/uploads\\\/2024\\\/11\\\/20150723_jonathoncharles_2565-scaled.jpg\",\"datePublished\":\"2022-04-20T00:00:00+00:00\",\"dateModified\":\"2025-06-06T10:33:24+00:00\",\"breadcrumb\":{\"@id\":\"https:\\\/\\\/mwc-cmm.org\\\/fr\\\/stories\\\/rejoignez-ensemble-lassemblee-de-la-cmm-en-ligne\\\/#breadcrumb\"},\"inLanguage\":\"fr-FR\",\"potentialAction\":[{\"@type\":\"ReadAction\",\"target\":[\"https:\\\/\\\/mwc-cmm.org\\\/fr\\\/stories\\\/rejoignez-ensemble-lassemblee-de-la-cmm-en-ligne\\\/\"]}]},{\"@type\":\"ImageObject\",\"inLanguage\":\"fr-FR\",\"@id\":\"https:\\\/\\\/mwc-cmm.org\\\/fr\\\/stories\\\/rejoignez-ensemble-lassemblee-de-la-cmm-en-ligne\\\/#primaryimage\",\"url\":\"https:\\\/\\\/mwc-cmm.org\\\/wp-content\\\/uploads\\\/2024\\\/11\\\/20150723_jonathoncharles_2565-scaled.jpg\",\"contentUrl\":\"https:\\\/\\\/mwc-cmm.org\\\/wp-content\\\/uploads\\\/2024\\\/11\\\/20150723_jonathoncharles_2565-scaled.jpg\",\"width\":2560,\"height\":1707},{\"@type\":\"BreadcrumbList\",\"@id\":\"https:\\\/\\\/mwc-cmm.org\\\/fr\\\/stories\\\/rejoignez-ensemble-lassemblee-de-la-cmm-en-ligne\\\/#breadcrumb\",\"itemListElement\":[{\"@type\":\"ListItem\",\"position\":1,\"name\":\"Home\",\"item\":\"https:\\\/\\\/mwc-cmm.org\\\/fr\\\/\"},{\"@type\":\"ListItem\",\"position\":2,\"name\":\"Rejoignez \u2013 ensemble \u2013 l\u2019Assembl\u00e9e de la CMM en ligne !\"}]},{\"@type\":\"WebSite\",\"@id\":\"https:\\\/\\\/mwc-cmm.org\\\/en\\\/#website\",\"url\":\"https:\\\/\\\/mwc-cmm.org\\\/en\\\/\",\"name\":\"Mennonite World Conference\",\"description\":\"A communion of Anabaptist-related churches\",\"publisher\":{\"@id\":\"https:\\\/\\\/mwc-cmm.org\\\/en\\\/#organization\"},\"alternateName\":\"MWC\",\"potentialAction\":[{\"@type\":\"SearchAction\",\"target\":{\"@type\":\"EntryPoint\",\"urlTemplate\":\"https:\\\/\\\/mwc-cmm.org\\\/en\\\/?s={search_term_string}\"},\"query-input\":{\"@type\":\"PropertyValueSpecification\",\"valueRequired\":true,\"valueName\":\"search_term_string\"}}],\"inLanguage\":\"fr-FR\"},{\"@type\":\"Organization\",\"@id\":\"https:\\\/\\\/mwc-cmm.org\\\/en\\\/#organization\",\"name\":\"Mennonite World Conference\",\"alternateName\":\"MWC\",\"url\":\"https:\\\/\\\/mwc-cmm.org\\\/en\\\/\",\"logo\":{\"@type\":\"ImageObject\",\"inLanguage\":\"fr-FR\",\"@id\":\"https:\\\/\\\/mwc-cmm.org\\\/en\\\/#\\\/schema\\\/logo\\\/image\\\/\",\"url\":\"https:\\\/\\\/mwc-cmm.org\\\/wp-content\\\/uploads\\\/2026\\\/01\\\/MWC_Sig_Blue_Horiz_webheader1-logo.svg\",\"contentUrl\":\"https:\\\/\\\/mwc-cmm.org\\\/wp-content\\\/uploads\\\/2026\\\/01\\\/MWC_Sig_Blue_Horiz_webheader1-logo.svg\",\"width\":786,\"height\":82,\"caption\":\"Mennonite World Conference\"},\"image\":{\"@id\":\"https:\\\/\\\/mwc-cmm.org\\\/en\\\/#\\\/schema\\\/logo\\\/image\\\/\"},\"sameAs\":[\"https:\\\/\\\/www.facebook.com\\\/MennoniteWorldConference\",\"https:\\\/\\\/www.linkedin.com\\\/company\\\/mennonite-world-conference-mwc\\\/\",\"https:\\\/\\\/www.instagram.com\\\/mwcmm\\\/\",\"https:\\\/\\\/www.youtube.com\\\/user\\\/mwccmm\",\"https:\\\/\\\/bsky.app\\\/profile\\\/mwcmm.bsky.social\"]},{\"@type\":\"Person\",\"@id\":\"https:\\\/\\\/mwc-cmm.org\\\/en\\\/#\\\/schema\\\/person\\\/11f6ae0d7d1868ba20a1cc27f067c836\",\"name\":\"mennworldcon\",\"image\":{\"@type\":\"ImageObject\",\"inLanguage\":\"fr-FR\",\"@id\":\"https:\\\/\\\/secure.gravatar.com\\\/avatar\\\/06fdc0dc81c157dfdb82ec42f252178a22307808988d22c043f9eb96f1e0fe80?s=96&d=mm&r=g\",\"url\":\"https:\\\/\\\/secure.gravatar.com\\\/avatar\\\/06fdc0dc81c157dfdb82ec42f252178a22307808988d22c043f9eb96f1e0fe80?s=96&d=mm&r=g\",\"contentUrl\":\"https:\\\/\\\/secure.gravatar.com\\\/avatar\\\/06fdc0dc81c157dfdb82ec42f252178a22307808988d22c043f9eb96f1e0fe80?s=96&d=mm&r=g\",\"caption\":\"mennworldcon\"},\"sameAs\":[\"https:\\\/\\\/mwc-cmm.org\"],\"url\":\"https:\\\/\\\/mwc-cmm.org\\\/fr\\\/stories\\\/author\\\/mennworldcon\\\/\"}]}<\/script>\n<!-- \/ Yoast SEO plugin. -->","yoast_head_json":{"title":"Rejoignez \u2013 ensemble \u2013 l\u2019Assembl\u00e9e de la CMM en ligne ! - Mennonite World Conference","robots":{"index":"index","follow":"follow","max-snippet":"max-snippet:-1","max-image-preview":"max-image-preview:large","max-video-preview":"max-video-preview:-1"},"canonical":"https:\/\/mwc-cmm.org\/fr\/stories\/rejoignez-ensemble-lassemblee-de-la-cmm-en-ligne\/","og_locale":"fr_FR","og_type":"article","og_title":"Rejoignez \u2013 ensemble \u2013 l\u2019Assembl\u00e9e de la CMM en ligne ! - Mennonite World Conference","og_description":"\u00ab&nbsp;L\u2019Assembl\u00e9e de la Conf\u00e9rence Mennonite Mondiale est un cadre permettant d\u2019en savoir plus sur nos fr\u00e8res et s\u0153urs de diff\u00e9rentes parties du monde. Tout le monde, quel que soit son budget ou son temps de vacances, aura l\u2019occasion de se r\u00e9unir en ligne pour c\u00e9l\u00e9brer, partager et \u00e9tudier la Bible ensemble, tout en apprenant comment [&hellip;]","og_url":"https:\/\/mwc-cmm.org\/fr\/stories\/rejoignez-ensemble-lassemblee-de-la-cmm-en-ligne\/","og_site_name":"Mennonite World Conference","article_publisher":"https:\/\/www.facebook.com\/MennoniteWorldConference","article_published_time":"2022-04-20T00:00:00+00:00","article_modified_time":"2025-06-06T10:33:24+00:00","og_image":[{"width":2560,"height":1707,"url":"https:\/\/mwc-cmm.org\/wp-content\/uploads\/2024\/11\/20150723_jonathoncharles_2565-scaled.jpg","type":"image\/jpeg"}],"author":"mennworldcon","schema":{"@context":"https:\/\/schema.org","@graph":[{"@type":"Article","@id":"https:\/\/mwc-cmm.org\/fr\/stories\/rejoignez-ensemble-lassemblee-de-la-cmm-en-ligne\/#article","isPartOf":{"@id":"https:\/\/mwc-cmm.org\/fr\/stories\/rejoignez-ensemble-lassemblee-de-la-cmm-en-ligne\/"},"author":{"name":"mennworldcon","@id":"https:\/\/mwc-cmm.org\/en\/#\/schema\/person\/11f6ae0d7d1868ba20a1cc27f067c836"},"headline":"Rejoignez \u2013 ensemble \u2013 l\u2019Assembl\u00e9e de la CMM en ligne !","datePublished":"2022-04-20T00:00:00+00:00","dateModified":"2025-06-06T10:33:24+00:00","mainEntityOfPage":{"@id":"https:\/\/mwc-cmm.org\/fr\/stories\/rejoignez-ensemble-lassemblee-de-la-cmm-en-ligne\/"},"wordCount":544,"publisher":{"@id":"https:\/\/mwc-cmm.org\/en\/#organization"},"image":{"@id":"https:\/\/mwc-cmm.org\/fr\/stories\/rejoignez-ensemble-lassemblee-de-la-cmm-en-ligne\/#primaryimage"},"thumbnailUrl":"https:\/\/mwc-cmm.org\/wp-content\/uploads\/2024\/11\/20150723_jonathoncharles_2565-scaled.jpg","keywords":["Assembl\u00e9e r\u00e9unie"],"articleSection":["Non classifi\u00e9(e)"],"inLanguage":"fr-FR"},{"@type":"WebPage","@id":"https:\/\/mwc-cmm.org\/fr\/stories\/rejoignez-ensemble-lassemblee-de-la-cmm-en-ligne\/","url":"https:\/\/mwc-cmm.org\/fr\/stories\/rejoignez-ensemble-lassemblee-de-la-cmm-en-ligne\/","name":"Rejoignez \u2013 ensemble \u2013 l\u2019Assembl\u00e9e de la CMM en ligne ! - Mennonite World Conference","isPartOf":{"@id":"https:\/\/mwc-cmm.org\/en\/#website"},"primaryImageOfPage":{"@id":"https:\/\/mwc-cmm.org\/fr\/stories\/rejoignez-ensemble-lassemblee-de-la-cmm-en-ligne\/#primaryimage"},"image":{"@id":"https:\/\/mwc-cmm.org\/fr\/stories\/rejoignez-ensemble-lassemblee-de-la-cmm-en-ligne\/#primaryimage"},"thumbnailUrl":"https:\/\/mwc-cmm.org\/wp-content\/uploads\/2024\/11\/20150723_jonathoncharles_2565-scaled.jpg","datePublished":"2022-04-20T00:00:00+00:00","dateModified":"2025-06-06T10:33:24+00:00","breadcrumb":{"@id":"https:\/\/mwc-cmm.org\/fr\/stories\/rejoignez-ensemble-lassemblee-de-la-cmm-en-ligne\/#breadcrumb"},"inLanguage":"fr-FR","potentialAction":[{"@type":"ReadAction","target":["https:\/\/mwc-cmm.org\/fr\/stories\/rejoignez-ensemble-lassemblee-de-la-cmm-en-ligne\/"]}]},{"@type":"ImageObject","inLanguage":"fr-FR","@id":"https:\/\/mwc-cmm.org\/fr\/stories\/rejoignez-ensemble-lassemblee-de-la-cmm-en-ligne\/#primaryimage","url":"https:\/\/mwc-cmm.org\/wp-content\/uploads\/2024\/11\/20150723_jonathoncharles_2565-scaled.jpg","contentUrl":"https:\/\/mwc-cmm.org\/wp-content\/uploads\/2024\/11\/20150723_jonathoncharles_2565-scaled.jpg","width":2560,"height":1707},{"@type":"BreadcrumbList","@id":"https:\/\/mwc-cmm.org\/fr\/stories\/rejoignez-ensemble-lassemblee-de-la-cmm-en-ligne\/#breadcrumb","itemListElement":[{"@type":"ListItem","position":1,"name":"Home","item":"https:\/\/mwc-cmm.org\/fr\/"},{"@type":"ListItem","position":2,"name":"Rejoignez \u2013 ensemble \u2013 l\u2019Assembl\u00e9e de la CMM en ligne !"}]},{"@type":"WebSite","@id":"https:\/\/mwc-cmm.org\/en\/#website","url":"https:\/\/mwc-cmm.org\/en\/","name":"Mennonite World Conference","description":"A communion of Anabaptist-related churches","publisher":{"@id":"https:\/\/mwc-cmm.org\/en\/#organization"},"alternateName":"MWC","potentialAction":[{"@type":"SearchAction","target":{"@type":"EntryPoint","urlTemplate":"https:\/\/mwc-cmm.org\/en\/?s={search_term_string}"},"query-input":{"@type":"PropertyValueSpecification","valueRequired":true,"valueName":"search_term_string"}}],"inLanguage":"fr-FR"},{"@type":"Organization","@id":"https:\/\/mwc-cmm.org\/en\/#organization","name":"Mennonite World Conference","alternateName":"MWC","url":"https:\/\/mwc-cmm.org\/en\/","logo":{"@type":"ImageObject","inLanguage":"fr-FR","@id":"https:\/\/mwc-cmm.org\/en\/#\/schema\/logo\/image\/","url":"https:\/\/mwc-cmm.org\/wp-content\/uploads\/2026\/01\/MWC_Sig_Blue_Horiz_webheader1-logo.svg","contentUrl":"https:\/\/mwc-cmm.org\/wp-content\/uploads\/2026\/01\/MWC_Sig_Blue_Horiz_webheader1-logo.svg","width":786,"height":82,"caption":"Mennonite World Conference"},"image":{"@id":"https:\/\/mwc-cmm.org\/en\/#\/schema\/logo\/image\/"},"sameAs":["https:\/\/www.facebook.com\/MennoniteWorldConference","https:\/\/www.linkedin.com\/company\/mennonite-world-conference-mwc\/","https:\/\/www.instagram.com\/mwcmm\/","https:\/\/www.youtube.com\/user\/mwccmm","https:\/\/bsky.app\/profile\/mwcmm.bsky.social"]},{"@type":"Person","@id":"https:\/\/mwc-cmm.org\/en\/#\/schema\/person\/11f6ae0d7d1868ba20a1cc27f067c836","name":"mennworldcon","image":{"@type":"ImageObject","inLanguage":"fr-FR","@id":"https:\/\/secure.gravatar.com\/avatar\/06fdc0dc81c157dfdb82ec42f252178a22307808988d22c043f9eb96f1e0fe80?s=96&d=mm&r=g","url":"https:\/\/secure.gravatar.com\/avatar\/06fdc0dc81c157dfdb82ec42f252178a22307808988d22c043f9eb96f1e0fe80?s=96&d=mm&r=g","contentUrl":"https:\/\/secure.gravatar.com\/avatar\/06fdc0dc81c157dfdb82ec42f252178a22307808988d22c043f9eb96f1e0fe80?s=96&d=mm&r=g","caption":"mennworldcon"},"sameAs":["https:\/\/mwc-cmm.org"],"url":"https:\/\/mwc-cmm.org\/fr\/stories\/author\/mennworldcon\/"}]}},"_links":{"self":[{"href":"https:\/\/mwc-cmm.org\/fr\/wp-json\/wp\/v2\/posts\/10372","targetHints":{"allow":["GET"]}}],"collection":[{"href":"https:\/\/mwc-cmm.org\/fr\/wp-json\/wp\/v2\/posts"}],"about":[{"href":"https:\/\/mwc-cmm.org\/fr\/wp-json\/wp\/v2\/types\/post"}],"author":[{"embeddable":true,"href":"https:\/\/mwc-cmm.org\/fr\/wp-json\/wp\/v2\/users\/1"}],"replies":[{"embeddable":true,"href":"https:\/\/mwc-cmm.org\/fr\/wp-json\/wp\/v2\/comments?post=10372"}],"version-history":[{"count":0,"href":"https:\/\/mwc-cmm.org\/fr\/wp-json\/wp\/v2\/posts\/10372\/revisions"}],"wp:featuredmedia":[{"embeddable":true,"href":"https:\/\/mwc-cmm.org\/fr\/wp-json\/wp\/v2\/media\/95093"}],"wp:attachment":[{"href":"https:\/\/mwc-cmm.org\/fr\/wp-json\/wp\/v2\/media?parent=10372"}],"wp:term":[{"taxonomy":"category","embeddable":true,"href":"https:\/\/mwc-cmm.org\/fr\/wp-json\/wp\/v2\/categories?post=10372"},{"taxonomy":"post_tag","embeddable":true,"href":"https:\/\/mwc-cmm.org\/fr\/wp-json\/wp\/v2\/tags?post=10372"},{"taxonomy":"network","embeddable":true,"href":"https:\/\/mwc-cmm.org\/fr\/wp-json\/wp\/v2\/network?post=10372"},{"taxonomy":"eventcategory","embeddable":true,"href":"https:\/\/mwc-cmm.org\/fr\/wp-json\/wp\/v2\/eventcategory?post=10372"}],"curies":[{"name":"wp","href":"https:\/\/api.w.org\/{rel}","templated":true}]}}