{"id":10370,"date":"2022-04-14T00:00:00","date_gmt":"2022-04-14T00:00:00","guid":{"rendered":"https:\/\/mwc-cmm.org\/praising-god-together-across-barriers-3\/"},"modified":"2025-03-11T19:26:22","modified_gmt":"2025-03-11T19:26:22","slug":"adorer-dieu-ensemble-au-dela-des-barrieres","status":"publish","type":"post","link":"https:\/\/mwc-cmm.org\/fr\/stories\/adorer-dieu-ensemble-au-dela-des-barrieres\/","title":{"rendered":"Adorer Dieu ensemble au-del\u00e0 des barri\u00e8res"},"content":{"rendered":"<p>\u00ab&nbsp;Je vois une seule famille avec beaucoup de membres, qui adorent le m\u00eame P\u00e8re&nbsp;\u00bb, dit Natacha Kyendrebeogo du Burkina Faso.&nbsp;<\/p>\n<p>Elle est l\u2019une des quatre jeunes qui \u0153uvrent dans le cadre de YAMEN au sein de l\u2019\u00e9quipe de l\u2019Assembl\u00e9e de la Conf\u00e9rence Mennonite Mondiale (CMM) en Indon\u00e9sie. YAMEN (R\u00e9seau Anabaptiste Mondial d\u2019Echange de Jeunes ) est un programme qui a pour objectif de promouvoir la communion entre les \u00e9glises de tradition anabaptiste, et de former de jeunes dirigeants partout dans le monde.&nbsp;<\/p>\n<p>Les quatre membres de l\u2019\u00e9quipe de l\u2019Assembl\u00e9e travaillent sur ce rassemblement mondial de la CMM qui dure cinq jours. L\u2019Assembl\u00e9e a lieu tous les six ans, et les membres de YAMEN qui font partie de l\u2019\u00e9quipe de planification se r\u00e9jouissent de participer \u00e0 la rencontre en Indon\u00e9sie des communaut\u00e9s anabaptistes-mennonites du monde entier.&nbsp;<\/p>\n<p>\u00ab&nbsp;Le Village de l\u2019\u00c9glise mondiale, les programmes, les ateliers&nbsp;: J\u2019ai l\u2019image d\u2019une foule tellement joyeuse, qui accomplit des choses ensemble&nbsp;\u00bb, dit Loyce Twongirwe d\u2019Ouganda. Cin\u00e9aste, elle fait partie du service de communication de l\u2019Assembl\u00e9e.&nbsp;<\/p>\n<p>\u00ab&nbsp;J\u2019ai h\u00e2te de cr\u00e9er des amiti\u00e9s durables : apprendre \u00e0 conna\u00eetre chaque pays, comment les gens vivent, comment ils sont en tant qu\u2019\u00e9glise&nbsp;\u00bb, d\u00e9clare Sunil Kadmaset, originaire d\u2019Inde.&nbsp;<\/p>\n<p>Alors qu\u2019ils attendaient leurs visas pour l\u2019Indon\u00e9sie, Sunil Kadmaset et Ananda Mohan Murmu ont commenc\u00e9 \u00e0 faire connaissance avec la grande famille anabaptiste en servant au sein de la Mennonite Christian Service Fellowship of India (MCSFI).&nbsp;<\/p>\n<p>Sunil Kadmaset (des Fr\u00e8res en Christ de Cuttack, Odisha) et Ananda Mohan Murmu (d\u2019une assembl\u00e9e Bharatiya Jukta Christa Prachar Mandali (BJCPM) de Balarampur, Bengale occidental) vivaient parmi les membres de l\u2019\u00c9glise mennonite indienne au Chhattisgarh. Ils ont collabor\u00e9 avec des organisations anabaptistes-mennonites de huit unions d\u2019\u00e9glises nationales en Inde et au N\u00e9pal.&nbsp;<\/p>\n<p>Ananda Mohan Murmu a \u00e9t\u00e9 attir\u00e9 par YAMEN apr\u00e8s avoir entendu parler de ses amis qui ont particip\u00e9 au programme d\u2019\u00e9change de volontaires internationaux (IVEP) du MCC et de l\u2019impact que ce programme a eu sur leur perspective. Aux c\u00f4t\u00e9s du directeur du MCSFI, Benjamin Nand, il s\u2019est occup\u00e9 de projets de jardinage et pour la paix et il a visit\u00e9 des \u00e9glises avec la repr\u00e9sentante r\u00e9gionale de la CMM, Cynthia Peacock. \u00ab&nbsp;Le bonheur des gens me procure ma plus grande joie&nbsp;\u00bb, dit-il.&nbsp;<\/p>\n<p>\u00ab&nbsp;Nous venons d\u2019\u00e9tats diff\u00e9rents, de castes diff\u00e9rentes, [pourtant] nous sommes toujours fr\u00e8res et s\u0153urs&nbsp;\u00bb, dit Sunil Kadmaset. Avec le MCSFI, il a rencontr\u00e9 des personnes qui souffraient du COVID-19, et pourtant, avec l\u2019aide de la famille mennonite et les encouragements de l\u2019Esprit, elles ont pers\u00e9v\u00e9r\u00e9. \u00ab&nbsp;Se conna\u00eetre \u00e0 travers les huit unions d\u2019\u00e9glise &#8211; voil\u00e0 de quoi me satisfaire&nbsp;\u00bb.&nbsp;<\/p>\n<p>Natacha Kyendrebeogo a \u00e9galement go\u00fbt\u00e9 \u00e0 la fraternit\u00e9 de la famille mondiale avant m\u00eame de quitter son pays. Apr\u00e8s un coup d\u2019\u00c9tat militaire au Burkina Faso, \u00ab&nbsp;j\u2019ai re\u00e7u beaucoup de courriers d\u2019encouragement de la part de personnes qui ne me connaissent pas. Ils prient pour mon pays, ils prient pour cette situation. Je ne pouvais pas imaginer cette fraternit\u00e9. J\u2019appr\u00e9cie cet amour, ces encouragements&nbsp;\u00bb, dit-elle.&nbsp;<\/p>\n<p>Dans l\u2019accomplissement de leurs t\u00e2ches, les YAMENers sont stimul\u00e9s par leurs espoirs pour l\u2019Assembl\u00e9e.&nbsp;&nbsp;<\/p>\n<p>Loyce Twongirwe, qui a commenc\u00e9 son travail dans un bureau en Ouganda, fait maintenant partie de l\u2019\u00e9quipe en Indon\u00e9sie : \u00ab&nbsp;Nous pr\u00e9parons des vid\u00e9os : comment s\u2019inscrire, comment r\u00e9server des h\u00f4tels. Ainsi, lorsque les gens arrivent \u00e0 l\u2019\u00e9v\u00e9nement, ils ne se sentent pas perdus, confus, exclus&nbsp;\u00bb, dit-elle. \u00ab&nbsp;C\u2019est une grande responsabilit\u00e9 pour nous de nous assurer que tout se passe parfaitement comme nous l\u2019imaginons.&nbsp;\u00bb&nbsp;<\/p>\n<p>\u00ab&nbsp;Quand je ferme les yeux, je vois beaucoup de gens autour de moi, \u2026 avec des gens d\u2019Afrique, des \u00c9tats-Unis, du Canada, nous sommes ensemble, nous louons Dieu. Avec eux, je suis dans ce moment, dans cet endroit, et cela me rend vraiment tr\u00e8s joyeuse&nbsp;\u00bb, dit Ananda Mohan Murmu.&nbsp;<\/p>\n<h3 class=\"rtecenter\">Participants de YAMEN&nbsp;<\/h3>\n<h4>\u00c9quipe de l\u2019Assembl\u00e9e&nbsp;<\/h4>\n<table style=\"width:100%\">\n<tbody>\n<tr>\n<th class=\"rtecenter\" style=\"width:194px\">\n<p><strong><span style=\"font-size:14px\">Nom<\/span><\/strong><\/p>\n<\/th>\n<th class=\"rtecenter\" style=\"width:160px\">\n<p><strong><span style=\"font-size:14px\">Pays d\u2019origine<\/span><\/strong><\/p>\n<\/th>\n<\/tr>\n<tr>\n<td class=\"rtecenter\" style=\"width:264px\"><span style=\"font-size:14px\">Natacha Kyendrebeogo<\/span><\/td>\n<td class=\"rtecenter\" style=\"width:222px\"><span style=\"font-size:14px\">Burkina Faso<\/span><\/td>\n<\/tr>\n<tr>\n<td class=\"rtecenter\" style=\"width:264px\"><span style=\"font-size:14px\">Sunil Kadmaset<\/span><\/td>\n<td class=\"rtecenter\" style=\"width:222px\"><span style=\"font-size:14px\">Inde<\/span><\/td>\n<\/tr>\n<tr>\n<td class=\"rtecenter\" style=\"width:264px\"><span style=\"font-size:14px\">Ananda Mohan Murmu<\/span><\/td>\n<td class=\"rtecenter\" style=\"width:222px\"><span style=\"font-size:14px\">Inde<\/span><\/td>\n<\/tr>\n<tr>\n<td class=\"rtecenter\" style=\"width:264px\"><span style=\"font-size:14px\">Loyce Twongirwe<\/span><\/td>\n<td class=\"rtecenter\" style=\"width:222px\"><span style=\"font-size:14px\">Ouganda<\/span><\/td>\n<\/tr>\n<\/tbody>\n<\/table>\n<h4>Autres YAMENers<\/h4>\n<table style=\"width:100%\">\n<tbody>\n<tr>\n<th class=\"rtecenter\" style=\"width:194px\">\n<p><strong><span style=\"font-size:14px\">Nom<\/span><\/strong><\/p>\n<\/th>\n<th class=\"rtecenter\" style=\"width:160px\">\n<p><strong><span style=\"font-size:14px\">Pays d\u2019origine<\/span><\/strong><\/p>\n<\/th>\n<th class=\"rtecenter\" style=\"width:150px\">\n<p><strong><span style=\"font-size:14px\">Pays de service<\/span><\/strong><\/p>\n<\/th>\n<th class=\"rtecenter\" style=\"width:301px\">\n<p><strong><span style=\"font-size:14px\">Membre de l\u2019eglise<\/span><\/strong><\/p>\n<p><span style=\"font-size:12px\"><em><strong>* uni\u00f3n d\u2019eglises membre de la CMM<\/strong><\/em><\/span><\/p>\n<\/th>\n<\/tr>\n<tr>\n<td class=\"rtecenter\" style=\"width:194px\"><span style=\"font-size:14px;\">(Yolanda)&nbsp;Abigail Arevalo&nbsp;Tabora<\/span><\/td>\n<td class=\"rtecenter\" style=\"width:160px\"><span style=\"font-size:14px;\">Honduras<\/span><\/td>\n<td class=\"rtecenter\" style=\"width:150px\"><span style=\"font-size:14px;\">Santa Cruz, Bolivia<\/span><\/td>\n<td class=\"rtecenter\" style=\"width:301px\"><span style=\"font-size:14px;\">Iglesia Evang\u00e9lica Menonita*&nbsp;<\/span><\/td>\n<\/tr>\n<tr>\n<td class=\"rtecenter\" style=\"width:194px\"><span style=\"font-size:14px;\">Ananda&nbsp;Murmu<\/span><\/td>\n<td class=\"rtecenter\" style=\"width:160px\"><span style=\"font-size:14px;\">India<\/span><\/td>\n<td class=\"rtecenter\" style=\"width:150px\"><span style=\"font-size:14px;\">Semarang, Central Java,Indonesia<\/span><\/td>\n<td class=\"rtecenter\" style=\"width:301px\"><span style=\"font-size:14px;\">United Missionary Church&nbsp;Balarampur&nbsp;(Bharatiya Jukta Christa Prachar Mandali)*&nbsp;<\/span><\/td>\n<\/tr>\n<tr>\n<td class=\"rtecenter\" style=\"width:194px\"><span style=\"font-size:14px;\">Anupama Mandi<\/span><\/td>\n<td class=\"rtecenter\" style=\"width:160px\"><span style=\"font-size:14px;\">India<\/span><\/td>\n<td class=\"rtecenter\" style=\"width:150px\"><span style=\"font-size:14px;\">Olepolos,&nbsp;Kenya<\/span><\/td>\n<td class=\"rtecenter\" style=\"width:301px\"><span style=\"font-size:14px;\">United Missionary Church&nbsp;Balarampur&nbsp;(Bharatiya Jukta Christa Prachar Mandali)*&nbsp;<\/span><\/td>\n<\/tr>\n<tr>\n<td class=\"rtecenter\" style=\"width:194px\"><span style=\"font-size:14px;\">Beatriz Guaza Sandoval<\/span><\/td>\n<td class=\"rtecenter\" style=\"width:160px\"><span style=\"font-size:14px;\">Colombia<\/span><\/td>\n<td class=\"rtecenter\" style=\"width:150px\"><span style=\"font-size:14px;\">San Pedro Sula,&nbsp;Honduras<\/span><\/td>\n<td class=\"rtecenter\" style=\"width:301px\"><span style=\"font-size:14px;\">Iglesia Cristiana Filipos (Asociaci\u00f3n de Iglesias Hermanos Menonitas de&nbsp;Colombia)*&nbsp;<\/span><\/td>\n<\/tr>\n<tr>\n<td class=\"rtecenter\" style=\"width:194px\"><span style=\"font-size:14px;\">Charity&nbsp;Dralega<\/span><\/td>\n<td class=\"rtecenter\" style=\"width:160px\"><span style=\"font-size:14px;\">Uganda<\/span><\/td>\n<td class=\"rtecenter\" style=\"width:150px\"><span style=\"font-size:14px;\">Beit Sahour, Palestine and Israel&nbsp;<\/span><\/td>\n<td class=\"rtecenter\" style=\"width:301px\"><span style=\"font-size:14px;\">St&nbsp;Joseph\u2019s Church of Uganda<\/span><\/td>\n<\/tr>\n<tr>\n<td class=\"rtecenter\" style=\"width:194px\"><span style=\"font-size:14px;\">Disha&nbsp;Masih<\/span><\/td>\n<td class=\"rtecenter\" style=\"width:160px\"><span style=\"font-size:14px;\">India<\/span><\/td>\n<td class=\"rtecenter\" style=\"width:150px\"><span style=\"font-size:14px;\">Prey Veng,&nbsp;Cambodia<\/span><\/td>\n<td class=\"rtecenter\" style=\"width:301px\"><span style=\"font-size:14px;\">Nazareth Mennonite Church<\/span><\/td>\n<\/tr>\n<tr>\n<td class=\"rtecenter\" style=\"width:194px\"><span style=\"font-size:14px;\">Elda Antonio Garcia<\/span><\/td>\n<td class=\"rtecenter\" style=\"width:160px\"><span style=\"font-size:14px;\">Mexico<\/span><\/td>\n<td class=\"rtecenter\" style=\"width:150px\"><span style=\"font-size:14px;\">San Pedro Sula, Honduras<\/span><\/td>\n<td style=\"width:301px\">\n<p class=\"rtecenter\"><span style=\"font-size:14px;\">Centro Internacional Monte de&nbsp;Si\u00f3n&nbsp;(Iglesia Cristiana de Paz en M\u00e9xico)&nbsp;*&nbsp;<\/span><\/p>\n<\/td>\n<\/tr>\n<tr>\n<td class=\"rtecenter\" style=\"width:194px\"><span style=\"font-size:14px;\">Finna Kristanto<\/span><\/td>\n<td class=\"rtecenter\" style=\"width:160px\"><span style=\"font-size:14px;\">Indonesia<\/span><\/td>\n<td class=\"rtecenter\" style=\"width:150px\"><span style=\"font-size:14px;\">Rajnandgaon, Chhattisgarh,&nbsp;India<\/span><\/td>\n<td class=\"rtecenter\" style=\"width:301px\"><span style=\"font-size:14px;\">GKMI Kudus, Mennonite*&nbsp;<\/span><\/td>\n<\/tr>\n<tr>\n<td class=\"rtecenter\" style=\"width:194px\"><span style=\"font-size:14px;\">Jacksha Jackson<\/span><\/td>\n<td class=\"rtecenter\" style=\"width:160px\"><span style=\"font-size:14px;\">Malawi<\/span><\/td>\n<td class=\"rtecenter\" style=\"width:150px\"><span style=\"font-size:14px;\">Phnom Penh,&nbsp;Cambodia<\/span><\/td>\n<td class=\"rtecenter\" style=\"width:301px\"><span style=\"font-size:14px;\">Malovu&nbsp;MB Church in Malawi*&nbsp;<\/span><\/td>\n<\/tr>\n<tr>\n<td class=\"rtecenter\" style=\"width:194px\"><span style=\"font-size:14px;\">Jenny&nbsp;Keang<\/span><\/td>\n<td class=\"rtecenter\" style=\"width:160px\"><span style=\"font-size:14px;\">Cambodia<\/span><\/td>\n<td class=\"rtecenter\" style=\"width:150px\"><span style=\"font-size:14px;\">Barrackpore, West Bengal,&nbsp;India<\/span><\/td>\n<td class=\"rtecenter\" style=\"width:301px\"><span style=\"font-size:14px;\">New Life Fellowship&nbsp;<\/span><\/td>\n<\/tr>\n<tr>\n<td class=\"rtecenter\" style=\"width:194px\"><span style=\"font-size:14px;\">Jinah&nbsp;Yu<\/span><\/td>\n<td class=\"rtecenter\" style=\"width:160px\"><span style=\"font-size:14px;\">South Korea<\/span><\/td>\n<td class=\"rtecenter\" style=\"width:150px\"><span style=\"font-size:14px;\">Prey Veng,&nbsp;Cambodia<\/span><\/td>\n<td class=\"rtecenter\" style=\"width:301px\"><span style=\"font-size:14px;\">Jusarang Holiness Church&nbsp;<\/span><\/td>\n<\/tr>\n<tr>\n<td class=\"rtecenter\" style=\"width:194px\"><span style=\"font-size:14px;\">Josue&nbsp;Damaio<\/span><\/td>\n<td class=\"rtecenter\" style=\"width:160px\"><span style=\"font-size:14px;\">Mozambique<\/span><\/td>\n<td class=\"rtecenter\" style=\"width:150px\"><span style=\"font-size:14px;\">Champa, Chhattisgarh,&nbsp;India<\/span><\/td>\n<td class=\"rtecenter\" style=\"width:301px\"><span style=\"font-size:14px;\">Union Baptist Church of Mozambique&nbsp;<\/span><\/td>\n<\/tr>\n<tr>\n<td class=\"rtecenter\" style=\"width:194px\"><span style=\"font-size:14px;\">Juyeong&nbsp;Lee<\/span><\/td>\n<td class=\"rtecenter\" style=\"width:160px\"><span style=\"font-size:14px;\">South Korea<\/span><\/td>\n<td class=\"rtecenter\" style=\"width:150px\"><span style=\"font-size:14px;\">Bethlehem, Palestine and Israel&nbsp;<\/span><\/td>\n<td class=\"rtecenter\" style=\"width:301px\"><span style=\"font-size:14px;\">Peace and Grace Mennonite Church&nbsp;<\/span><\/td>\n<\/tr>\n<tr>\n<td class=\"rtecenter\" style=\"width:194px\"><span style=\"font-size:14px;\">Loyce&nbsp;Twongirwe<\/span><\/td>\n<td class=\"rtecenter\" style=\"width:160px\"><span style=\"font-size:14px;\">Uganda<\/span><\/td>\n<td class=\"rtecenter\" style=\"width:150px\"><span style=\"font-size:14px;\">Semarang, Central Java,Indonesia<\/span><\/td>\n<td class=\"rtecenter\" style=\"width:301px\"><span style=\"font-size:14px;\">Victory City Church&nbsp;Ntinda&nbsp;<\/span><\/td>\n<\/tr>\n<tr>\n<td class=\"rtecenter\" style=\"width:194px\"><span style=\"font-size:14px;\">Mario Hernandez<\/span><\/td>\n<td class=\"rtecenter\" style=\"width:160px\"><span style=\"font-size:14px;\">Honduras<\/span><\/td>\n<td class=\"rtecenter\" style=\"width:150px\"><span style=\"font-size:14px;\">Montero, Santa Cruz,&nbsp;Bolivia<\/span><\/td>\n<td class=\"rtecenter\" style=\"width:301px\"><span style=\"font-size:14px;\">Iglesia&nbsp;Evangelica&nbsp;Menonita Central*&nbsp;<\/span><\/td>\n<\/tr>\n<tr>\n<td class=\"rtecenter\" style=\"width:194px\"><span style=\"font-size:14px;\">Mudimka&nbsp;Kassam<\/span><\/td>\n<td class=\"rtecenter\" style=\"width:160px\"><span style=\"font-size:14px;\">Nigeria<\/span><\/td>\n<td class=\"rtecenter\" style=\"width:150px\"><span style=\"font-size:14px;\">La Mesa,&nbsp;Colombia<\/span><\/td>\n<td class=\"rtecenter\" style=\"width:301px\"><span style=\"font-size:14px;\">Church of Christ in Nations<\/span><\/td>\n<\/tr>\n<tr>\n<td class=\"rtecenter\" style=\"width:194px\"><span style=\"font-size:14px;\">Natacha&nbsp;Kyendrebeogo<\/span><\/td>\n<td class=\"rtecenter\" style=\"width:160px\"><span style=\"font-size:14px;\">Burkina Faso<\/span><\/td>\n<td class=\"rtecenter\" style=\"width:150px\"><span style=\"font-size:14px;\">Semarang, Central Java,Indonesia<\/span><\/td>\n<td class=\"rtecenter\" style=\"width:301px\"><span style=\"font-size:14px;\">Eglise&nbsp;Apostolique&nbsp;<\/span><\/td>\n<\/tr>\n<tr>\n<td class=\"rtecenter\" style=\"width:194px\"><span style=\"font-size:14px;\">Neema&nbsp;Atieno<\/span><\/td>\n<td class=\"rtecenter\" style=\"width:160px\"><span style=\"font-size:14px;\">Kenya<\/span><\/td>\n<td class=\"rtecenter\" style=\"width:150px\"><span style=\"font-size:14px;\">Phnom Penh, Cambodia<\/span><\/td>\n<td class=\"rtecenter\" style=\"width:301px\"><span style=\"font-size:14px;\">Eastleigh Mennonite Church,&nbsp;Obwolo&nbsp;Menonite&nbsp;Church*&nbsp;<\/span><\/td>\n<\/tr>\n<tr>\n<td class=\"rtecenter\" style=\"width:194px\"><span style=\"font-size:14px;\">Sunil Kadsamet&nbsp;<\/span><\/td>\n<td class=\"rtecenter\" style=\"width:160px\"><span style=\"font-size:14px;\">India&nbsp;<\/span><\/td>\n<td class=\"rtecenter\" style=\"width:150px\"><span style=\"font-size:14px;\">Semarang, Central Java, Indonesia&nbsp;<\/span><\/td>\n<td class=\"rtecenter\" style=\"width:301px\"><span style=\"font-size:14px;\">Bethel Brethren in Christ*&nbsp;<\/span><\/td>\n<\/tr>\n<tr>\n<td class=\"rtecenter\" style=\"width:194px\"><span style=\"font-size:14px;\">Tiara Asrilita<\/span><\/td>\n<td class=\"rtecenter\" style=\"width:160px\"><span style=\"font-size:14px;\">Indonesia<\/span><\/td>\n<td class=\"rtecenter\" style=\"width:150px\"><span style=\"font-size:14px;\">Juju, Kiambu,&nbsp;Kenya<\/span><\/td>\n<td class=\"rtecenter\" style=\"width:301px\"><span style=\"font-size:14px;\">Kingdom of Glory JKI Immanuel*&nbsp;<\/span><\/td>\n<\/tr>\n<\/tbody>\n<\/table>\n<p><em>\u201a\u00c4\u00eeCommuniqu\u00e9 commun de la Conf\u00e9rence Mennonite Mondiale et du Comit\u00e9 Central Mennonite par Karla Braun, r\u00e9dacteur pour la Conf\u00e9rence Mennonite Mondiale.&nbsp;Elle vit \u00e0 Winnipeg.&nbsp;&nbsp;&nbsp;<\/em><\/p>\n<h6>Le R\u00e9seau Anabaptiste Mondial d\u2019\u00c9change de Jeunes (YAMEN) est un programme conjoint du Comit\u00e9 central mennonite et de la Conf\u00e9rence Mennonite Mondiale. Il a pour objectif de promouvoir la communion entre les \u00e9glises de la tradition anabaptiste et de former de jeunes dirigeants partout dans le monde. Les participants vivent une ann\u00e9e dans un contexte interculturel, \u00e0 compter du mois d\u2019ao\u00fbt jusqu\u2019au mois de juillet de l\u2019ann\u00e9e suivante.&nbsp;<\/h6>\n","protected":false},"excerpt":{"rendered":"<p>\u00ab&nbsp;Je vois une seule famille avec beaucoup de membres, qui adorent le m\u00eame P\u00e8re&nbsp;\u00bb, dit Natacha Kyendrebeogo du Burkina Faso.&nbsp; Elle est l\u2019une des quatre jeunes qui \u0153uvrent dans le cadre de YAMEN au sein de l\u2019\u00e9quipe de l\u2019Assembl\u00e9e de la Conf\u00e9rence Mennonite Mondiale (CMM) en Indon\u00e9sie. YAMEN (R\u00e9seau Anabaptiste Mondial d\u2019Echange de Jeunes ) [&hellip;]<\/p>\n","protected":false},"author":1,"featured_media":13011,"comment_status":"closed","ping_status":"closed","sticky":false,"template":"","format":"standard","meta":{"_acf_changed":false,"footnotes":""},"categories":[7],"tags":[396],"network":[1302,1285],"eventcategory":[],"class_list":["post-10370","post","type-post","status-publish","format-standard","has-post-thumbnail","hentry","category-non-classifiee","tag-yabs-fr","network-yamen-fr","network-young-anabaptists-fr"],"acf":[],"yoast_head":"<!-- This site is optimized with the Yoast SEO plugin v27.5 - https:\/\/yoast.com\/product\/yoast-seo-wordpress\/ -->\n<title>Adorer Dieu ensemble au-del\u00e0 des barri\u00e8res - Mennonite World Conference<\/title>\n<meta name=\"robots\" content=\"index, follow, max-snippet:-1, max-image-preview:large, max-video-preview:-1\" \/>\n<link rel=\"canonical\" href=\"https:\/\/mwc-cmm.org\/fr\/stories\/adorer-dieu-ensemble-au-dela-des-barrieres\/\" \/>\n<meta property=\"og:locale\" content=\"fr_FR\" \/>\n<meta property=\"og:type\" content=\"article\" \/>\n<meta property=\"og:title\" content=\"Adorer Dieu ensemble au-del\u00e0 des barri\u00e8res - Mennonite World Conference\" \/>\n<meta property=\"og:description\" content=\"\u00ab&nbsp;Je vois une seule famille avec beaucoup de membres, qui adorent le m\u00eame P\u00e8re&nbsp;\u00bb, dit Natacha Kyendrebeogo du Burkina Faso.&nbsp; Elle est l\u2019une des quatre jeunes qui \u0153uvrent dans le cadre de YAMEN au sein de l\u2019\u00e9quipe de l\u2019Assembl\u00e9e de la Conf\u00e9rence Mennonite Mondiale (CMM) en Indon\u00e9sie. YAMEN (R\u00e9seau Anabaptiste Mondial d\u2019Echange de Jeunes ) [&hellip;]\" \/>\n<meta property=\"og:url\" content=\"https:\/\/mwc-cmm.org\/fr\/stories\/adorer-dieu-ensemble-au-dela-des-barrieres\/\" \/>\n<meta property=\"og:site_name\" content=\"Mennonite World Conference\" \/>\n<meta property=\"article:publisher\" content=\"https:\/\/www.facebook.com\/MennoniteWorldConference\" \/>\n<meta property=\"article:published_time\" content=\"2022-04-14T00:00:00+00:00\" \/>\n<meta property=\"article:modified_time\" content=\"2025-03-11T19:26:22+00:00\" \/>\n<meta property=\"og:image\" content=\"https:\/\/mwc-cmm.org\/wp-content\/uploads\/2024\/10\/img-20220223-wa0015.jpg\" \/>\n\t<meta property=\"og:image:width\" content=\"180\" \/>\n\t<meta property=\"og:image:height\" content=\"135\" \/>\n\t<meta property=\"og:image:type\" content=\"image\/jpeg\" \/>\n<meta name=\"author\" content=\"mennworldcon\" \/>\n<script type=\"application\/ld+json\" class=\"yoast-schema-graph\">{\"@context\":\"https:\\\/\\\/schema.org\",\"@graph\":[{\"@type\":\"Article\",\"@id\":\"https:\\\/\\\/mwc-cmm.org\\\/fr\\\/stories\\\/adorer-dieu-ensemble-au-dela-des-barrieres\\\/#article\",\"isPartOf\":{\"@id\":\"https:\\\/\\\/mwc-cmm.org\\\/fr\\\/stories\\\/adorer-dieu-ensemble-au-dela-des-barrieres\\\/\"},\"author\":{\"name\":\"mennworldcon\",\"@id\":\"https:\\\/\\\/mwc-cmm.org\\\/en\\\/#\\\/schema\\\/person\\\/11f6ae0d7d1868ba20a1cc27f067c836\"},\"headline\":\"Adorer Dieu ensemble au-del\u00e0 des barri\u00e8res\",\"datePublished\":\"2022-04-14T00:00:00+00:00\",\"dateModified\":\"2025-03-11T19:26:22+00:00\",\"mainEntityOfPage\":{\"@id\":\"https:\\\/\\\/mwc-cmm.org\\\/fr\\\/stories\\\/adorer-dieu-ensemble-au-dela-des-barrieres\\\/\"},\"wordCount\":1206,\"publisher\":{\"@id\":\"https:\\\/\\\/mwc-cmm.org\\\/en\\\/#organization\"},\"image\":{\"@id\":\"https:\\\/\\\/mwc-cmm.org\\\/fr\\\/stories\\\/adorer-dieu-ensemble-au-dela-des-barrieres\\\/#primaryimage\"},\"thumbnailUrl\":\"https:\\\/\\\/mwc-cmm.org\\\/wp-content\\\/uploads\\\/2024\\\/10\\\/img-20220223-wa0015.jpg\",\"keywords\":[\"YABs\"],\"articleSection\":[\"Non classifi\u00e9(e)\"],\"inLanguage\":\"fr-FR\"},{\"@type\":\"WebPage\",\"@id\":\"https:\\\/\\\/mwc-cmm.org\\\/fr\\\/stories\\\/adorer-dieu-ensemble-au-dela-des-barrieres\\\/\",\"url\":\"https:\\\/\\\/mwc-cmm.org\\\/fr\\\/stories\\\/adorer-dieu-ensemble-au-dela-des-barrieres\\\/\",\"name\":\"Adorer Dieu ensemble au-del\u00e0 des barri\u00e8res - Mennonite World Conference\",\"isPartOf\":{\"@id\":\"https:\\\/\\\/mwc-cmm.org\\\/en\\\/#website\"},\"primaryImageOfPage\":{\"@id\":\"https:\\\/\\\/mwc-cmm.org\\\/fr\\\/stories\\\/adorer-dieu-ensemble-au-dela-des-barrieres\\\/#primaryimage\"},\"image\":{\"@id\":\"https:\\\/\\\/mwc-cmm.org\\\/fr\\\/stories\\\/adorer-dieu-ensemble-au-dela-des-barrieres\\\/#primaryimage\"},\"thumbnailUrl\":\"https:\\\/\\\/mwc-cmm.org\\\/wp-content\\\/uploads\\\/2024\\\/10\\\/img-20220223-wa0015.jpg\",\"datePublished\":\"2022-04-14T00:00:00+00:00\",\"dateModified\":\"2025-03-11T19:26:22+00:00\",\"breadcrumb\":{\"@id\":\"https:\\\/\\\/mwc-cmm.org\\\/fr\\\/stories\\\/adorer-dieu-ensemble-au-dela-des-barrieres\\\/#breadcrumb\"},\"inLanguage\":\"fr-FR\",\"potentialAction\":[{\"@type\":\"ReadAction\",\"target\":[\"https:\\\/\\\/mwc-cmm.org\\\/fr\\\/stories\\\/adorer-dieu-ensemble-au-dela-des-barrieres\\\/\"]}]},{\"@type\":\"ImageObject\",\"inLanguage\":\"fr-FR\",\"@id\":\"https:\\\/\\\/mwc-cmm.org\\\/fr\\\/stories\\\/adorer-dieu-ensemble-au-dela-des-barrieres\\\/#primaryimage\",\"url\":\"https:\\\/\\\/mwc-cmm.org\\\/wp-content\\\/uploads\\\/2024\\\/10\\\/img-20220223-wa0015.jpg\",\"contentUrl\":\"https:\\\/\\\/mwc-cmm.org\\\/wp-content\\\/uploads\\\/2024\\\/10\\\/img-20220223-wa0015.jpg\",\"width\":180,\"height\":135},{\"@type\":\"BreadcrumbList\",\"@id\":\"https:\\\/\\\/mwc-cmm.org\\\/fr\\\/stories\\\/adorer-dieu-ensemble-au-dela-des-barrieres\\\/#breadcrumb\",\"itemListElement\":[{\"@type\":\"ListItem\",\"position\":1,\"name\":\"Home\",\"item\":\"https:\\\/\\\/mwc-cmm.org\\\/fr\\\/\"},{\"@type\":\"ListItem\",\"position\":2,\"name\":\"Adorer Dieu ensemble au-del\u00e0 des barri\u00e8res\"}]},{\"@type\":\"WebSite\",\"@id\":\"https:\\\/\\\/mwc-cmm.org\\\/en\\\/#website\",\"url\":\"https:\\\/\\\/mwc-cmm.org\\\/en\\\/\",\"name\":\"Mennonite World Conference\",\"description\":\"A communion of Anabaptist-related churches\",\"publisher\":{\"@id\":\"https:\\\/\\\/mwc-cmm.org\\\/en\\\/#organization\"},\"alternateName\":\"MWC\",\"potentialAction\":[{\"@type\":\"SearchAction\",\"target\":{\"@type\":\"EntryPoint\",\"urlTemplate\":\"https:\\\/\\\/mwc-cmm.org\\\/en\\\/?s={search_term_string}\"},\"query-input\":{\"@type\":\"PropertyValueSpecification\",\"valueRequired\":true,\"valueName\":\"search_term_string\"}}],\"inLanguage\":\"fr-FR\"},{\"@type\":\"Organization\",\"@id\":\"https:\\\/\\\/mwc-cmm.org\\\/en\\\/#organization\",\"name\":\"Mennonite World Conference\",\"alternateName\":\"MWC\",\"url\":\"https:\\\/\\\/mwc-cmm.org\\\/en\\\/\",\"logo\":{\"@type\":\"ImageObject\",\"inLanguage\":\"fr-FR\",\"@id\":\"https:\\\/\\\/mwc-cmm.org\\\/en\\\/#\\\/schema\\\/logo\\\/image\\\/\",\"url\":\"https:\\\/\\\/mwc-cmm.org\\\/wp-content\\\/uploads\\\/2026\\\/01\\\/MWC_Sig_Blue_Horiz_webheader1-logo.svg\",\"contentUrl\":\"https:\\\/\\\/mwc-cmm.org\\\/wp-content\\\/uploads\\\/2026\\\/01\\\/MWC_Sig_Blue_Horiz_webheader1-logo.svg\",\"width\":786,\"height\":82,\"caption\":\"Mennonite World Conference\"},\"image\":{\"@id\":\"https:\\\/\\\/mwc-cmm.org\\\/en\\\/#\\\/schema\\\/logo\\\/image\\\/\"},\"sameAs\":[\"https:\\\/\\\/www.facebook.com\\\/MennoniteWorldConference\",\"https:\\\/\\\/www.linkedin.com\\\/company\\\/mennonite-world-conference-mwc\\\/\",\"https:\\\/\\\/www.instagram.com\\\/mwcmm\\\/\",\"https:\\\/\\\/www.youtube.com\\\/user\\\/mwccmm\",\"https:\\\/\\\/bsky.app\\\/profile\\\/mwcmm.bsky.social\"]},{\"@type\":\"Person\",\"@id\":\"https:\\\/\\\/mwc-cmm.org\\\/en\\\/#\\\/schema\\\/person\\\/11f6ae0d7d1868ba20a1cc27f067c836\",\"name\":\"mennworldcon\",\"image\":{\"@type\":\"ImageObject\",\"inLanguage\":\"fr-FR\",\"@id\":\"https:\\\/\\\/secure.gravatar.com\\\/avatar\\\/06fdc0dc81c157dfdb82ec42f252178a22307808988d22c043f9eb96f1e0fe80?s=96&d=mm&r=g\",\"url\":\"https:\\\/\\\/secure.gravatar.com\\\/avatar\\\/06fdc0dc81c157dfdb82ec42f252178a22307808988d22c043f9eb96f1e0fe80?s=96&d=mm&r=g\",\"contentUrl\":\"https:\\\/\\\/secure.gravatar.com\\\/avatar\\\/06fdc0dc81c157dfdb82ec42f252178a22307808988d22c043f9eb96f1e0fe80?s=96&d=mm&r=g\",\"caption\":\"mennworldcon\"},\"sameAs\":[\"https:\\\/\\\/mwc-cmm.org\"],\"url\":\"https:\\\/\\\/mwc-cmm.org\\\/fr\\\/stories\\\/author\\\/mennworldcon\\\/\"}]}<\/script>\n<!-- \/ Yoast SEO plugin. -->","yoast_head_json":{"title":"Adorer Dieu ensemble au-del\u00e0 des barri\u00e8res - Mennonite World Conference","robots":{"index":"index","follow":"follow","max-snippet":"max-snippet:-1","max-image-preview":"max-image-preview:large","max-video-preview":"max-video-preview:-1"},"canonical":"https:\/\/mwc-cmm.org\/fr\/stories\/adorer-dieu-ensemble-au-dela-des-barrieres\/","og_locale":"fr_FR","og_type":"article","og_title":"Adorer Dieu ensemble au-del\u00e0 des barri\u00e8res - Mennonite World Conference","og_description":"\u00ab&nbsp;Je vois une seule famille avec beaucoup de membres, qui adorent le m\u00eame P\u00e8re&nbsp;\u00bb, dit Natacha Kyendrebeogo du Burkina Faso.&nbsp; Elle est l\u2019une des quatre jeunes qui \u0153uvrent dans le cadre de YAMEN au sein de l\u2019\u00e9quipe de l\u2019Assembl\u00e9e de la Conf\u00e9rence Mennonite Mondiale (CMM) en Indon\u00e9sie. YAMEN (R\u00e9seau Anabaptiste Mondial d\u2019Echange de Jeunes ) [&hellip;]","og_url":"https:\/\/mwc-cmm.org\/fr\/stories\/adorer-dieu-ensemble-au-dela-des-barrieres\/","og_site_name":"Mennonite World Conference","article_publisher":"https:\/\/www.facebook.com\/MennoniteWorldConference","article_published_time":"2022-04-14T00:00:00+00:00","article_modified_time":"2025-03-11T19:26:22+00:00","og_image":[{"width":180,"height":135,"url":"https:\/\/mwc-cmm.org\/wp-content\/uploads\/2024\/10\/img-20220223-wa0015.jpg","type":"image\/jpeg"}],"author":"mennworldcon","schema":{"@context":"https:\/\/schema.org","@graph":[{"@type":"Article","@id":"https:\/\/mwc-cmm.org\/fr\/stories\/adorer-dieu-ensemble-au-dela-des-barrieres\/#article","isPartOf":{"@id":"https:\/\/mwc-cmm.org\/fr\/stories\/adorer-dieu-ensemble-au-dela-des-barrieres\/"},"author":{"name":"mennworldcon","@id":"https:\/\/mwc-cmm.org\/en\/#\/schema\/person\/11f6ae0d7d1868ba20a1cc27f067c836"},"headline":"Adorer Dieu ensemble au-del\u00e0 des barri\u00e8res","datePublished":"2022-04-14T00:00:00+00:00","dateModified":"2025-03-11T19:26:22+00:00","mainEntityOfPage":{"@id":"https:\/\/mwc-cmm.org\/fr\/stories\/adorer-dieu-ensemble-au-dela-des-barrieres\/"},"wordCount":1206,"publisher":{"@id":"https:\/\/mwc-cmm.org\/en\/#organization"},"image":{"@id":"https:\/\/mwc-cmm.org\/fr\/stories\/adorer-dieu-ensemble-au-dela-des-barrieres\/#primaryimage"},"thumbnailUrl":"https:\/\/mwc-cmm.org\/wp-content\/uploads\/2024\/10\/img-20220223-wa0015.jpg","keywords":["YABs"],"articleSection":["Non classifi\u00e9(e)"],"inLanguage":"fr-FR"},{"@type":"WebPage","@id":"https:\/\/mwc-cmm.org\/fr\/stories\/adorer-dieu-ensemble-au-dela-des-barrieres\/","url":"https:\/\/mwc-cmm.org\/fr\/stories\/adorer-dieu-ensemble-au-dela-des-barrieres\/","name":"Adorer Dieu ensemble au-del\u00e0 des barri\u00e8res - Mennonite World Conference","isPartOf":{"@id":"https:\/\/mwc-cmm.org\/en\/#website"},"primaryImageOfPage":{"@id":"https:\/\/mwc-cmm.org\/fr\/stories\/adorer-dieu-ensemble-au-dela-des-barrieres\/#primaryimage"},"image":{"@id":"https:\/\/mwc-cmm.org\/fr\/stories\/adorer-dieu-ensemble-au-dela-des-barrieres\/#primaryimage"},"thumbnailUrl":"https:\/\/mwc-cmm.org\/wp-content\/uploads\/2024\/10\/img-20220223-wa0015.jpg","datePublished":"2022-04-14T00:00:00+00:00","dateModified":"2025-03-11T19:26:22+00:00","breadcrumb":{"@id":"https:\/\/mwc-cmm.org\/fr\/stories\/adorer-dieu-ensemble-au-dela-des-barrieres\/#breadcrumb"},"inLanguage":"fr-FR","potentialAction":[{"@type":"ReadAction","target":["https:\/\/mwc-cmm.org\/fr\/stories\/adorer-dieu-ensemble-au-dela-des-barrieres\/"]}]},{"@type":"ImageObject","inLanguage":"fr-FR","@id":"https:\/\/mwc-cmm.org\/fr\/stories\/adorer-dieu-ensemble-au-dela-des-barrieres\/#primaryimage","url":"https:\/\/mwc-cmm.org\/wp-content\/uploads\/2024\/10\/img-20220223-wa0015.jpg","contentUrl":"https:\/\/mwc-cmm.org\/wp-content\/uploads\/2024\/10\/img-20220223-wa0015.jpg","width":180,"height":135},{"@type":"BreadcrumbList","@id":"https:\/\/mwc-cmm.org\/fr\/stories\/adorer-dieu-ensemble-au-dela-des-barrieres\/#breadcrumb","itemListElement":[{"@type":"ListItem","position":1,"name":"Home","item":"https:\/\/mwc-cmm.org\/fr\/"},{"@type":"ListItem","position":2,"name":"Adorer Dieu ensemble au-del\u00e0 des barri\u00e8res"}]},{"@type":"WebSite","@id":"https:\/\/mwc-cmm.org\/en\/#website","url":"https:\/\/mwc-cmm.org\/en\/","name":"Mennonite World Conference","description":"A communion of Anabaptist-related churches","publisher":{"@id":"https:\/\/mwc-cmm.org\/en\/#organization"},"alternateName":"MWC","potentialAction":[{"@type":"SearchAction","target":{"@type":"EntryPoint","urlTemplate":"https:\/\/mwc-cmm.org\/en\/?s={search_term_string}"},"query-input":{"@type":"PropertyValueSpecification","valueRequired":true,"valueName":"search_term_string"}}],"inLanguage":"fr-FR"},{"@type":"Organization","@id":"https:\/\/mwc-cmm.org\/en\/#organization","name":"Mennonite World Conference","alternateName":"MWC","url":"https:\/\/mwc-cmm.org\/en\/","logo":{"@type":"ImageObject","inLanguage":"fr-FR","@id":"https:\/\/mwc-cmm.org\/en\/#\/schema\/logo\/image\/","url":"https:\/\/mwc-cmm.org\/wp-content\/uploads\/2026\/01\/MWC_Sig_Blue_Horiz_webheader1-logo.svg","contentUrl":"https:\/\/mwc-cmm.org\/wp-content\/uploads\/2026\/01\/MWC_Sig_Blue_Horiz_webheader1-logo.svg","width":786,"height":82,"caption":"Mennonite World Conference"},"image":{"@id":"https:\/\/mwc-cmm.org\/en\/#\/schema\/logo\/image\/"},"sameAs":["https:\/\/www.facebook.com\/MennoniteWorldConference","https:\/\/www.linkedin.com\/company\/mennonite-world-conference-mwc\/","https:\/\/www.instagram.com\/mwcmm\/","https:\/\/www.youtube.com\/user\/mwccmm","https:\/\/bsky.app\/profile\/mwcmm.bsky.social"]},{"@type":"Person","@id":"https:\/\/mwc-cmm.org\/en\/#\/schema\/person\/11f6ae0d7d1868ba20a1cc27f067c836","name":"mennworldcon","image":{"@type":"ImageObject","inLanguage":"fr-FR","@id":"https:\/\/secure.gravatar.com\/avatar\/06fdc0dc81c157dfdb82ec42f252178a22307808988d22c043f9eb96f1e0fe80?s=96&d=mm&r=g","url":"https:\/\/secure.gravatar.com\/avatar\/06fdc0dc81c157dfdb82ec42f252178a22307808988d22c043f9eb96f1e0fe80?s=96&d=mm&r=g","contentUrl":"https:\/\/secure.gravatar.com\/avatar\/06fdc0dc81c157dfdb82ec42f252178a22307808988d22c043f9eb96f1e0fe80?s=96&d=mm&r=g","caption":"mennworldcon"},"sameAs":["https:\/\/mwc-cmm.org"],"url":"https:\/\/mwc-cmm.org\/fr\/stories\/author\/mennworldcon\/"}]}},"_links":{"self":[{"href":"https:\/\/mwc-cmm.org\/fr\/wp-json\/wp\/v2\/posts\/10370","targetHints":{"allow":["GET"]}}],"collection":[{"href":"https:\/\/mwc-cmm.org\/fr\/wp-json\/wp\/v2\/posts"}],"about":[{"href":"https:\/\/mwc-cmm.org\/fr\/wp-json\/wp\/v2\/types\/post"}],"author":[{"embeddable":true,"href":"https:\/\/mwc-cmm.org\/fr\/wp-json\/wp\/v2\/users\/1"}],"replies":[{"embeddable":true,"href":"https:\/\/mwc-cmm.org\/fr\/wp-json\/wp\/v2\/comments?post=10370"}],"version-history":[{"count":0,"href":"https:\/\/mwc-cmm.org\/fr\/wp-json\/wp\/v2\/posts\/10370\/revisions"}],"wp:featuredmedia":[{"embeddable":true,"href":"https:\/\/mwc-cmm.org\/fr\/wp-json\/wp\/v2\/media\/13011"}],"wp:attachment":[{"href":"https:\/\/mwc-cmm.org\/fr\/wp-json\/wp\/v2\/media?parent=10370"}],"wp:term":[{"taxonomy":"category","embeddable":true,"href":"https:\/\/mwc-cmm.org\/fr\/wp-json\/wp\/v2\/categories?post=10370"},{"taxonomy":"post_tag","embeddable":true,"href":"https:\/\/mwc-cmm.org\/fr\/wp-json\/wp\/v2\/tags?post=10370"},{"taxonomy":"network","embeddable":true,"href":"https:\/\/mwc-cmm.org\/fr\/wp-json\/wp\/v2\/network?post=10370"},{"taxonomy":"eventcategory","embeddable":true,"href":"https:\/\/mwc-cmm.org\/fr\/wp-json\/wp\/v2\/eventcategory?post=10370"}],"curies":[{"name":"wp","href":"https:\/\/api.w.org\/{rel}","templated":true}]}}