{"id":10357,"date":"2022-03-01T00:00:00","date_gmt":"2022-03-01T00:00:00","guid":{"rendered":"https:\/\/mwc-cmm.org\/indonesia-2022-less-on-site-more-creative-options-3\/"},"modified":"2024-12-10T17:18:45","modified_gmt":"2024-12-10T17:18:45","slug":"indonesie-2022-moins-nombreux-sur-place-mais-plus-nombreux-participer","status":"publish","type":"post","link":"https:\/\/mwc-cmm.org\/fr\/stories\/indonesie-2022-moins-nombreux-sur-place-mais-plus-nombreux-participer\/","title":{"rendered":"Indon\u00e9sie 2022 :  moins nombreux sur place, mais plus nombreux \u00e0 participer"},"content":{"rendered":"<p>Quel rassemblement pour la 17\u00e8me Assembl\u00e9e r\u00e9unie&nbsp;? Le Comit\u00e9 Ex\u00e9cutif a d\u00e9cid\u00e9 de limiter la <strong>pr\u00e9sence sur place<\/strong> \u00e0 quelques participants tout en cr\u00e9ant de nombreuses formes de <strong>participation virtuelle<\/strong> pour cette Assembl\u00e9e hybride. Les trois synodes anabaptistes-mennonites indon\u00e9siennes accueillent l\u2019Assembl\u00e9e r\u00e9unie de la CMM \u00e0 Java centrale, Indon\u00e9sie, du 5 au 10 juillet 2022.&nbsp;<\/p>\n<p>La 17\u00e8me Assembl\u00e9e r\u00e9unie de la CMM en Indon\u00e9sie accueillera <strong>700 participants sur place<\/strong>, avec quelques invit\u00e9s indon\u00e9siens suppl\u00e9mentaires lors de la soir\u00e9e d&rsquo;ouverture et le culte de cl\u00f4ture. Les mesures dues \u00e0 la COVID-19 ne permettent pas d\u2019accueillir plus de 700 personnes.&nbsp;&nbsp;<\/p>\n<p>Les inscriptions \u00e0 la participation virtuelle ont d\u00e9but\u00e9 en d\u00e9cembre 2021.<strong> Les inscriptions pour l&rsquo;Assembl\u00e9e<\/strong> <strong>sur place<\/strong> d\u00e9buteront le 8 mars 2022 \u00e0 22h00, heure de l&rsquo;Indon\u00e9sie occidentale.&nbsp;&nbsp;<\/p>\n<p>L&rsquo;Assembl\u00e9e r\u00e9unie de la Conf\u00e9rence Mennonite Mondiale, qui rassemble normalement tous les six ans des milliers d&rsquo;anabaptistes du monde entier, a \u00e9t\u00e9 report\u00e9e de 2021 \u00e0 2022 en raison de la pand\u00e9mie.&nbsp;<\/p>\n<h3>Programme&nbsp;<\/h3>\n<p>Sangkakala Seminary (STT), le s\u00e9minaire JKI situ\u00e9 \u00e0 l&rsquo;ext\u00e9rieur de Salatiga, accueillera la plupart des sessions pl\u00e9ni\u00e8res. En outre, des lieux de r\u00e9union satellites dans quatre paroisses locales diffuseront en direct les pl\u00e9ni\u00e8res du soir, tandis que la chorale internationale chantera \u00e0 STT. Le culte de cl\u00f4ture sera c\u00e9l\u00e9br\u00e9 au Saint Stade de JKI \u00e0 Semarang.&nbsp;<\/p>\n<p>Sangkakala Seminary (STT), le s\u00e9minaire JKI situ\u00e9 \u00e0 l&rsquo;ext\u00e9rieur de Salatiga, accueillera la plupart des sessions pl\u00e9ni\u00e8res. En outre, des lieux de r\u00e9union satellites dans quatre paroisses locales diffuseront en direct les pl\u00e9ni\u00e8res du soir, tandis que la chorale internationale chantera \u00e0 STT. Le culte de cl\u00f4ture sera c\u00e9l\u00e9br\u00e9 au Saint Stade de JKI \u00e0 Semarang.&nbsp;<\/p>\n<ul>\n<li>La plupart des activit\u00e9s de l&rsquo;apr\u00e8s-midi &#8212; notamment les ateliers, le Village de l&rsquo;\u00c9glise Mondiale, les divertissements et les jeux, ainsi que le programme pour les enfants &#8212; et l&rsquo;h\u00e9bergement auront lieu dans deux h\u00f4tels de Salatiga.&nbsp;&nbsp;<\/li>\n<li>Le programme pour les jeunes les matins et les fins de soir\u00e9es se d\u00e9roulera \u00e9galement dans les espaces int\u00e9rieurs et ext\u00e9rieurs de l&rsquo;h\u00f4tel.&nbsp;<\/li>\n<\/ul>\n<h3>Cat\u00e9gories d\u2019inscriptions&nbsp;&nbsp;<\/h3>\n<ul>\n<li>Un peu moins de la moiti\u00e9 des 700 places d&rsquo;inscription \u00e0 l&rsquo;Assembl\u00e9e sur place sont r\u00e9serv\u00e9es aux indon\u00e9siens, r\u00e9partis entre inscription compl\u00e8te et inscription \u00e0 la journ\u00e9e.&nbsp;.<\/li>\n<li>Les places d&rsquo;inscription restantes seront r\u00e9parties \u00e9quitablement entre les quatre cat\u00e9gories d&rsquo;inscription (en fonction du PIB national), afin de donner aux membres de chaque r\u00e9gion la possibilit\u00e9 de participer. [<a href=\"https:\/\/mwc-cmm.org\/fr\/resources\/groupes-tarifaires-de-lassemblee\">Cliquez ici pour afficher les tarifs par cat\u00e9gories<\/a>]&nbsp;<\/li>\n<\/ul>\n<p>Selon Liesa Unger, \u00ab&nbsp;cette modalit\u00e9 de rassemblement complique la logistique mais elle offre plus d\u2019opportunit\u00e9s pour les membres des \u00e9glises locales d\u2019interagir avec les visiteurs internationaux et plus de possibilit\u00e9 pour les participants en ligne de connaitre l\u2019Indon\u00e9sie. Il sera \u00e9galement plus facile de s\u2019adapter rapidement aux al\u00e9as sanitaires potentiels.&nbsp;\u00bb&nbsp;<\/p>\n<h3>GYS&nbsp;<\/h3>\n<p>Le Sommet mondial de la jeunesse sur le th\u00e8me \u00ab&nbsp;Vivre dans l\u2019Esprit&nbsp;: Apprendre. Servir. Louer.&nbsp;\u00bb accueillera les d\u00e9l\u00e9gu\u00e9s du GYS et 60 participants \u00e0 temps plein du 1er au 4 juillet 2022 \u00e0 Salatiga, dans le centre de Java. Les jeunes adultes indon\u00e9siens locaux pourront se joindre au culte du soir organis\u00e9 par les d\u00e9l\u00e9gu\u00e9s du GYS de diff\u00e9rents continents.&nbsp;&nbsp;<\/p>\n<h3>Conseil G\u00e9n\u00e9ral et autres r\u00e9unions&nbsp;&nbsp;<\/h3>\n<ul>\n<li>Les r\u00e9unions du Conseil g\u00e9n\u00e9ral se tiendront en ligne avant l\u2019Assembl\u00e9e.&nbsp;&nbsp;<\/li>\n<\/ul>\n<p>\u00ab&nbsp;Avec les visas suppl\u00e9mentaires demand\u00e9s et les p\u00e9riodes de quarantaine qui changent fr\u00e9quemment, le risque \u00e9conomique li\u00e9 \u00e0 l&rsquo;augmentation des frais d&rsquo;h\u00e9bergement et \u00e0 la reprogrammation des vols pour plus de 100 d\u00e9l\u00e9gu\u00e9s du Conseil G\u00e9n\u00e9ral est trop important&nbsp;\u00bb, explique C\u00e9sar Garc\u00eda, secr\u00e9taire g\u00e9n\u00e9ral de la CMM.&nbsp;<\/p>\n<ul>\n<li>Les r\u00e9unions du Comit\u00e9 ex\u00e9cutif, des pr\u00e9sidents et secr\u00e9taires de Commissions et du personnel de la CMM auront lieu sur place, en Indon\u00e9sie. Ces groupes, qui se r\u00e9unissent habituellement en personne, ne se sont pas vus en chair et en os depuis le d\u00e9but de la pand\u00e9mie.&nbsp;<\/li>\n<\/ul>\n<p>Plus d\u2019informations concernant les ateliers, les r\u00e9unions des r\u00e9seaux, les visites de l\u2019Assembl\u00e9e dispers\u00e9e et les options d\u2019h\u00e9bergement seront publi\u00e9es sur <a href=\"http:\/\/indonesia2022.mwc-cmm.org\">le site d\u2019inscription. &nbsp;<\/a><\/p>\n<p>\u00ab&nbsp;Nous voulons que le plus de personnes possibles viennent&nbsp;\u00bb, d\u00e9clare Paulus Widjaja, pr\u00e9sident du comit\u00e9 consultatif national en Indon\u00e9sie. \u00ab&nbsp;Nous en avons r\u00eav\u00e9 pour la premi\u00e8re fois au Paraguay en 2009. La pand\u00e9mie nous a d\u00e9courag\u00e9s, mais nous sommes toujours tr\u00e8s enthousiastes \u00e0 l&rsquo;id\u00e9e de faire venir des gens en Indon\u00e9sie.&nbsp;\u00bb&nbsp;<\/p>\n<p style=\"text-align:center\"><a href=\"http:\/\/www.indonesia2022.mwc-cmm.org\"><img decoding=\"async\" alt=\"\" height=\"100\" data-src=\"\/sites\/default\/files\/website_files_2020\/button_fr.png\" width=\"400\" src=\"data:image\/svg+xml;base64,PHN2ZyB3aWR0aD0iMSIgaGVpZ2h0PSIxIiB4bWxucz0iaHR0cDovL3d3dy53My5vcmcvMjAwMC9zdmciPjwvc3ZnPg==\" class=\"lazyload\" style=\"--smush-placeholder-width: 400px; --smush-placeholder-aspect-ratio: 400\/100;\"><\/a><\/p>\n<p>&nbsp;<\/p>\n","protected":false},"excerpt":{"rendered":"<p>Quel rassemblement pour la 17\u00e8me Assembl\u00e9e r\u00e9unie&nbsp;? Le Comit\u00e9 Ex\u00e9cutif a d\u00e9cid\u00e9 de limiter la pr\u00e9sence sur place \u00e0 quelques participants tout en cr\u00e9ant de nombreuses formes de participation virtuelle pour cette Assembl\u00e9e hybride. Les trois synodes anabaptistes-mennonites indon\u00e9siennes accueillent l\u2019Assembl\u00e9e r\u00e9unie de la CMM \u00e0 Java centrale, Indon\u00e9sie, du 5 au 10 juillet 2022.&nbsp; [&hellip;]<\/p>\n","protected":false},"author":1,"featured_media":94759,"comment_status":"closed","ping_status":"closed","sticky":false,"template":"","format":"standard","meta":{"_acf_changed":false,"footnotes":""},"categories":[7],"tags":[930],"network":[],"eventcategory":[1494],"class_list":["post-10357","post","type-post","status-publish","format-standard","has-post-thumbnail","hentry","category-non-classifiee","tag-indonesie-2022","eventcategory-assembly-fr"],"acf":[],"yoast_head":"<!-- This site is optimized with the Yoast SEO plugin v27.2 - https:\/\/yoast.com\/product\/yoast-seo-wordpress\/ -->\n<title>Indon\u00e9sie 2022 : moins nombreux sur place, mais plus nombreux \u00e0 participer - Mennonite World Conference<\/title>\n<meta name=\"robots\" content=\"index, follow, max-snippet:-1, max-image-preview:large, max-video-preview:-1\" \/>\n<link rel=\"canonical\" href=\"https:\/\/mwc-cmm.org\/fr\/stories\/indonesie-2022-moins-nombreux-sur-place-mais-plus-nombreux-participer\/\" \/>\n<meta property=\"og:locale\" content=\"fr_FR\" \/>\n<meta property=\"og:type\" content=\"article\" \/>\n<meta property=\"og:title\" content=\"Indon\u00e9sie 2022 : moins nombreux sur place, mais plus nombreux \u00e0 participer - Mennonite World Conference\" \/>\n<meta property=\"og:description\" content=\"Quel rassemblement pour la 17\u00e8me Assembl\u00e9e r\u00e9unie&nbsp;? Le Comit\u00e9 Ex\u00e9cutif a d\u00e9cid\u00e9 de limiter la pr\u00e9sence sur place \u00e0 quelques participants tout en cr\u00e9ant de nombreuses formes de participation virtuelle pour cette Assembl\u00e9e hybride. Les trois synodes anabaptistes-mennonites indon\u00e9siennes accueillent l\u2019Assembl\u00e9e r\u00e9unie de la CMM \u00e0 Java centrale, Indon\u00e9sie, du 5 au 10 juillet 2022.&nbsp; [&hellip;]\" \/>\n<meta property=\"og:url\" content=\"https:\/\/mwc-cmm.org\/fr\/stories\/indonesie-2022-moins-nombreux-sur-place-mais-plus-nombreux-participer\/\" \/>\n<meta property=\"og:site_name\" content=\"Mennonite World Conference\" \/>\n<meta property=\"article:publisher\" content=\"https:\/\/www.facebook.com\/MennoniteWorldConference\" \/>\n<meta property=\"article:published_time\" content=\"2022-03-01T00:00:00+00:00\" \/>\n<meta property=\"article:modified_time\" content=\"2024-12-10T17:18:45+00:00\" \/>\n<meta property=\"og:image\" content=\"https:\/\/mwc-cmm.org\/wp-content\/uploads\/2024\/11\/whatsapp_image_2021-11-30_at_7.06.03_pm.jpeg\" \/>\n\t<meta property=\"og:image:width\" content=\"1280\" \/>\n\t<meta property=\"og:image:height\" content=\"597\" \/>\n\t<meta property=\"og:image:type\" content=\"image\/jpeg\" \/>\n<meta name=\"author\" content=\"mennworldcon\" \/>\n<script type=\"application\/ld+json\" class=\"yoast-schema-graph\">{\"@context\":\"https:\/\/schema.org\",\"@graph\":[{\"@type\":\"Article\",\"@id\":\"https:\/\/mwc-cmm.org\/fr\/stories\/indonesie-2022-moins-nombreux-sur-place-mais-plus-nombreux-participer\/#article\",\"isPartOf\":{\"@id\":\"https:\/\/mwc-cmm.org\/fr\/stories\/indonesie-2022-moins-nombreux-sur-place-mais-plus-nombreux-participer\/\"},\"author\":{\"name\":\"mennworldcon\",\"@id\":\"https:\/\/mwc-cmm.org\/en\/#\/schema\/person\/11f6ae0d7d1868ba20a1cc27f067c836\"},\"headline\":\"Indon\u00e9sie 2022 : moins nombreux sur place, mais plus nombreux \u00e0 participer\",\"datePublished\":\"2022-03-01T00:00:00+00:00\",\"dateModified\":\"2024-12-10T17:18:45+00:00\",\"mainEntityOfPage\":{\"@id\":\"https:\/\/mwc-cmm.org\/fr\/stories\/indonesie-2022-moins-nombreux-sur-place-mais-plus-nombreux-participer\/\"},\"wordCount\":869,\"publisher\":{\"@id\":\"https:\/\/mwc-cmm.org\/en\/#organization\"},\"image\":{\"@id\":\"https:\/\/mwc-cmm.org\/fr\/stories\/indonesie-2022-moins-nombreux-sur-place-mais-plus-nombreux-participer\/#primaryimage\"},\"thumbnailUrl\":\"https:\/\/mwc-cmm.org\/wp-content\/uploads\/2024\/11\/whatsapp_image_2021-11-30_at_7.06.03_pm.jpeg\",\"keywords\":[\"Indon\u00e9sie 2022\"],\"articleSection\":[\"Non classifi\u00e9(e)\"],\"inLanguage\":\"fr-FR\"},{\"@type\":\"WebPage\",\"@id\":\"https:\/\/mwc-cmm.org\/fr\/stories\/indonesie-2022-moins-nombreux-sur-place-mais-plus-nombreux-participer\/\",\"url\":\"https:\/\/mwc-cmm.org\/fr\/stories\/indonesie-2022-moins-nombreux-sur-place-mais-plus-nombreux-participer\/\",\"name\":\"Indon\u00e9sie 2022 : moins nombreux sur place, mais plus nombreux \u00e0 participer - Mennonite World Conference\",\"isPartOf\":{\"@id\":\"https:\/\/mwc-cmm.org\/en\/#website\"},\"primaryImageOfPage\":{\"@id\":\"https:\/\/mwc-cmm.org\/fr\/stories\/indonesie-2022-moins-nombreux-sur-place-mais-plus-nombreux-participer\/#primaryimage\"},\"image\":{\"@id\":\"https:\/\/mwc-cmm.org\/fr\/stories\/indonesie-2022-moins-nombreux-sur-place-mais-plus-nombreux-participer\/#primaryimage\"},\"thumbnailUrl\":\"https:\/\/mwc-cmm.org\/wp-content\/uploads\/2024\/11\/whatsapp_image_2021-11-30_at_7.06.03_pm.jpeg\",\"datePublished\":\"2022-03-01T00:00:00+00:00\",\"dateModified\":\"2024-12-10T17:18:45+00:00\",\"breadcrumb\":{\"@id\":\"https:\/\/mwc-cmm.org\/fr\/stories\/indonesie-2022-moins-nombreux-sur-place-mais-plus-nombreux-participer\/#breadcrumb\"},\"inLanguage\":\"fr-FR\",\"potentialAction\":[{\"@type\":\"ReadAction\",\"target\":[\"https:\/\/mwc-cmm.org\/fr\/stories\/indonesie-2022-moins-nombreux-sur-place-mais-plus-nombreux-participer\/\"]}]},{\"@type\":\"ImageObject\",\"inLanguage\":\"fr-FR\",\"@id\":\"https:\/\/mwc-cmm.org\/fr\/stories\/indonesie-2022-moins-nombreux-sur-place-mais-plus-nombreux-participer\/#primaryimage\",\"url\":\"https:\/\/mwc-cmm.org\/wp-content\/uploads\/2024\/11\/whatsapp_image_2021-11-30_at_7.06.03_pm.jpeg\",\"contentUrl\":\"https:\/\/mwc-cmm.org\/wp-content\/uploads\/2024\/11\/whatsapp_image_2021-11-30_at_7.06.03_pm.jpeg\",\"width\":1280,\"height\":597},{\"@type\":\"BreadcrumbList\",\"@id\":\"https:\/\/mwc-cmm.org\/fr\/stories\/indonesie-2022-moins-nombreux-sur-place-mais-plus-nombreux-participer\/#breadcrumb\",\"itemListElement\":[{\"@type\":\"ListItem\",\"position\":1,\"name\":\"Home\",\"item\":\"https:\/\/mwc-cmm.org\/fr\/\"},{\"@type\":\"ListItem\",\"position\":2,\"name\":\"Indon\u00e9sie 2022 : moins nombreux sur place, mais plus nombreux \u00e0 participer\"}]},{\"@type\":\"WebSite\",\"@id\":\"https:\/\/mwc-cmm.org\/en\/#website\",\"url\":\"https:\/\/mwc-cmm.org\/en\/\",\"name\":\"Mennonite World Conference\",\"description\":\"A communion of Anabaptist-related churches\",\"publisher\":{\"@id\":\"https:\/\/mwc-cmm.org\/en\/#organization\"},\"alternateName\":\"MWC\",\"potentialAction\":[{\"@type\":\"SearchAction\",\"target\":{\"@type\":\"EntryPoint\",\"urlTemplate\":\"https:\/\/mwc-cmm.org\/en\/?s={search_term_string}\"},\"query-input\":{\"@type\":\"PropertyValueSpecification\",\"valueRequired\":true,\"valueName\":\"search_term_string\"}}],\"inLanguage\":\"fr-FR\"},{\"@type\":\"Organization\",\"@id\":\"https:\/\/mwc-cmm.org\/en\/#organization\",\"name\":\"Mennonite World Conference\",\"alternateName\":\"MWC\",\"url\":\"https:\/\/mwc-cmm.org\/en\/\",\"logo\":{\"@type\":\"ImageObject\",\"inLanguage\":\"fr-FR\",\"@id\":\"https:\/\/mwc-cmm.org\/en\/#\/schema\/logo\/image\/\",\"url\":\"https:\/\/mwc-cmm.org\/wp-content\/uploads\/2026\/01\/MWC_Sig_Blue_Horiz_webheader1-logo.svg\",\"contentUrl\":\"https:\/\/mwc-cmm.org\/wp-content\/uploads\/2026\/01\/MWC_Sig_Blue_Horiz_webheader1-logo.svg\",\"width\":786,\"height\":82,\"caption\":\"Mennonite World Conference\"},\"image\":{\"@id\":\"https:\/\/mwc-cmm.org\/en\/#\/schema\/logo\/image\/\"},\"sameAs\":[\"https:\/\/www.facebook.com\/MennoniteWorldConference\",\"https:\/\/www.linkedin.com\/company\/mennonite-world-conference-mwc\/\",\"https:\/\/www.instagram.com\/mwcmm\/\",\"https:\/\/www.youtube.com\/user\/mwccmm\",\"https:\/\/bsky.app\/profile\/mwcmm.bsky.social\"]},{\"@type\":\"Person\",\"@id\":\"https:\/\/mwc-cmm.org\/en\/#\/schema\/person\/11f6ae0d7d1868ba20a1cc27f067c836\",\"name\":\"mennworldcon\",\"image\":{\"@type\":\"ImageObject\",\"inLanguage\":\"fr-FR\",\"@id\":\"https:\/\/secure.gravatar.com\/avatar\/06fdc0dc81c157dfdb82ec42f252178a22307808988d22c043f9eb96f1e0fe80?s=96&d=mm&r=g\",\"url\":\"https:\/\/secure.gravatar.com\/avatar\/06fdc0dc81c157dfdb82ec42f252178a22307808988d22c043f9eb96f1e0fe80?s=96&d=mm&r=g\",\"contentUrl\":\"https:\/\/secure.gravatar.com\/avatar\/06fdc0dc81c157dfdb82ec42f252178a22307808988d22c043f9eb96f1e0fe80?s=96&d=mm&r=g\",\"caption\":\"mennworldcon\"},\"sameAs\":[\"https:\/\/mwc-cmm.org\"],\"url\":\"https:\/\/mwc-cmm.org\/fr\/stories\/author\/mennworldcon\/\"}]}<\/script>\n<!-- \/ Yoast SEO plugin. -->","yoast_head_json":{"title":"Indon\u00e9sie 2022 : moins nombreux sur place, mais plus nombreux \u00e0 participer - Mennonite World Conference","robots":{"index":"index","follow":"follow","max-snippet":"max-snippet:-1","max-image-preview":"max-image-preview:large","max-video-preview":"max-video-preview:-1"},"canonical":"https:\/\/mwc-cmm.org\/fr\/stories\/indonesie-2022-moins-nombreux-sur-place-mais-plus-nombreux-participer\/","og_locale":"fr_FR","og_type":"article","og_title":"Indon\u00e9sie 2022 : moins nombreux sur place, mais plus nombreux \u00e0 participer - Mennonite World Conference","og_description":"Quel rassemblement pour la 17\u00e8me Assembl\u00e9e r\u00e9unie&nbsp;? Le Comit\u00e9 Ex\u00e9cutif a d\u00e9cid\u00e9 de limiter la pr\u00e9sence sur place \u00e0 quelques participants tout en cr\u00e9ant de nombreuses formes de participation virtuelle pour cette Assembl\u00e9e hybride. Les trois synodes anabaptistes-mennonites indon\u00e9siennes accueillent l\u2019Assembl\u00e9e r\u00e9unie de la CMM \u00e0 Java centrale, Indon\u00e9sie, du 5 au 10 juillet 2022.&nbsp; [&hellip;]","og_url":"https:\/\/mwc-cmm.org\/fr\/stories\/indonesie-2022-moins-nombreux-sur-place-mais-plus-nombreux-participer\/","og_site_name":"Mennonite World Conference","article_publisher":"https:\/\/www.facebook.com\/MennoniteWorldConference","article_published_time":"2022-03-01T00:00:00+00:00","article_modified_time":"2024-12-10T17:18:45+00:00","og_image":[{"width":1280,"height":597,"url":"https:\/\/mwc-cmm.org\/wp-content\/uploads\/2024\/11\/whatsapp_image_2021-11-30_at_7.06.03_pm.jpeg","type":"image\/jpeg"}],"author":"mennworldcon","schema":{"@context":"https:\/\/schema.org","@graph":[{"@type":"Article","@id":"https:\/\/mwc-cmm.org\/fr\/stories\/indonesie-2022-moins-nombreux-sur-place-mais-plus-nombreux-participer\/#article","isPartOf":{"@id":"https:\/\/mwc-cmm.org\/fr\/stories\/indonesie-2022-moins-nombreux-sur-place-mais-plus-nombreux-participer\/"},"author":{"name":"mennworldcon","@id":"https:\/\/mwc-cmm.org\/en\/#\/schema\/person\/11f6ae0d7d1868ba20a1cc27f067c836"},"headline":"Indon\u00e9sie 2022 : moins nombreux sur place, mais plus nombreux \u00e0 participer","datePublished":"2022-03-01T00:00:00+00:00","dateModified":"2024-12-10T17:18:45+00:00","mainEntityOfPage":{"@id":"https:\/\/mwc-cmm.org\/fr\/stories\/indonesie-2022-moins-nombreux-sur-place-mais-plus-nombreux-participer\/"},"wordCount":869,"publisher":{"@id":"https:\/\/mwc-cmm.org\/en\/#organization"},"image":{"@id":"https:\/\/mwc-cmm.org\/fr\/stories\/indonesie-2022-moins-nombreux-sur-place-mais-plus-nombreux-participer\/#primaryimage"},"thumbnailUrl":"https:\/\/mwc-cmm.org\/wp-content\/uploads\/2024\/11\/whatsapp_image_2021-11-30_at_7.06.03_pm.jpeg","keywords":["Indon\u00e9sie 2022"],"articleSection":["Non classifi\u00e9(e)"],"inLanguage":"fr-FR"},{"@type":"WebPage","@id":"https:\/\/mwc-cmm.org\/fr\/stories\/indonesie-2022-moins-nombreux-sur-place-mais-plus-nombreux-participer\/","url":"https:\/\/mwc-cmm.org\/fr\/stories\/indonesie-2022-moins-nombreux-sur-place-mais-plus-nombreux-participer\/","name":"Indon\u00e9sie 2022 : moins nombreux sur place, mais plus nombreux \u00e0 participer - Mennonite World Conference","isPartOf":{"@id":"https:\/\/mwc-cmm.org\/en\/#website"},"primaryImageOfPage":{"@id":"https:\/\/mwc-cmm.org\/fr\/stories\/indonesie-2022-moins-nombreux-sur-place-mais-plus-nombreux-participer\/#primaryimage"},"image":{"@id":"https:\/\/mwc-cmm.org\/fr\/stories\/indonesie-2022-moins-nombreux-sur-place-mais-plus-nombreux-participer\/#primaryimage"},"thumbnailUrl":"https:\/\/mwc-cmm.org\/wp-content\/uploads\/2024\/11\/whatsapp_image_2021-11-30_at_7.06.03_pm.jpeg","datePublished":"2022-03-01T00:00:00+00:00","dateModified":"2024-12-10T17:18:45+00:00","breadcrumb":{"@id":"https:\/\/mwc-cmm.org\/fr\/stories\/indonesie-2022-moins-nombreux-sur-place-mais-plus-nombreux-participer\/#breadcrumb"},"inLanguage":"fr-FR","potentialAction":[{"@type":"ReadAction","target":["https:\/\/mwc-cmm.org\/fr\/stories\/indonesie-2022-moins-nombreux-sur-place-mais-plus-nombreux-participer\/"]}]},{"@type":"ImageObject","inLanguage":"fr-FR","@id":"https:\/\/mwc-cmm.org\/fr\/stories\/indonesie-2022-moins-nombreux-sur-place-mais-plus-nombreux-participer\/#primaryimage","url":"https:\/\/mwc-cmm.org\/wp-content\/uploads\/2024\/11\/whatsapp_image_2021-11-30_at_7.06.03_pm.jpeg","contentUrl":"https:\/\/mwc-cmm.org\/wp-content\/uploads\/2024\/11\/whatsapp_image_2021-11-30_at_7.06.03_pm.jpeg","width":1280,"height":597},{"@type":"BreadcrumbList","@id":"https:\/\/mwc-cmm.org\/fr\/stories\/indonesie-2022-moins-nombreux-sur-place-mais-plus-nombreux-participer\/#breadcrumb","itemListElement":[{"@type":"ListItem","position":1,"name":"Home","item":"https:\/\/mwc-cmm.org\/fr\/"},{"@type":"ListItem","position":2,"name":"Indon\u00e9sie 2022 : moins nombreux sur place, mais plus nombreux \u00e0 participer"}]},{"@type":"WebSite","@id":"https:\/\/mwc-cmm.org\/en\/#website","url":"https:\/\/mwc-cmm.org\/en\/","name":"Mennonite World Conference","description":"A communion of Anabaptist-related churches","publisher":{"@id":"https:\/\/mwc-cmm.org\/en\/#organization"},"alternateName":"MWC","potentialAction":[{"@type":"SearchAction","target":{"@type":"EntryPoint","urlTemplate":"https:\/\/mwc-cmm.org\/en\/?s={search_term_string}"},"query-input":{"@type":"PropertyValueSpecification","valueRequired":true,"valueName":"search_term_string"}}],"inLanguage":"fr-FR"},{"@type":"Organization","@id":"https:\/\/mwc-cmm.org\/en\/#organization","name":"Mennonite World Conference","alternateName":"MWC","url":"https:\/\/mwc-cmm.org\/en\/","logo":{"@type":"ImageObject","inLanguage":"fr-FR","@id":"https:\/\/mwc-cmm.org\/en\/#\/schema\/logo\/image\/","url":"https:\/\/mwc-cmm.org\/wp-content\/uploads\/2026\/01\/MWC_Sig_Blue_Horiz_webheader1-logo.svg","contentUrl":"https:\/\/mwc-cmm.org\/wp-content\/uploads\/2026\/01\/MWC_Sig_Blue_Horiz_webheader1-logo.svg","width":786,"height":82,"caption":"Mennonite World Conference"},"image":{"@id":"https:\/\/mwc-cmm.org\/en\/#\/schema\/logo\/image\/"},"sameAs":["https:\/\/www.facebook.com\/MennoniteWorldConference","https:\/\/www.linkedin.com\/company\/mennonite-world-conference-mwc\/","https:\/\/www.instagram.com\/mwcmm\/","https:\/\/www.youtube.com\/user\/mwccmm","https:\/\/bsky.app\/profile\/mwcmm.bsky.social"]},{"@type":"Person","@id":"https:\/\/mwc-cmm.org\/en\/#\/schema\/person\/11f6ae0d7d1868ba20a1cc27f067c836","name":"mennworldcon","image":{"@type":"ImageObject","inLanguage":"fr-FR","@id":"https:\/\/secure.gravatar.com\/avatar\/06fdc0dc81c157dfdb82ec42f252178a22307808988d22c043f9eb96f1e0fe80?s=96&d=mm&r=g","url":"https:\/\/secure.gravatar.com\/avatar\/06fdc0dc81c157dfdb82ec42f252178a22307808988d22c043f9eb96f1e0fe80?s=96&d=mm&r=g","contentUrl":"https:\/\/secure.gravatar.com\/avatar\/06fdc0dc81c157dfdb82ec42f252178a22307808988d22c043f9eb96f1e0fe80?s=96&d=mm&r=g","caption":"mennworldcon"},"sameAs":["https:\/\/mwc-cmm.org"],"url":"https:\/\/mwc-cmm.org\/fr\/stories\/author\/mennworldcon\/"}]}},"_links":{"self":[{"href":"https:\/\/mwc-cmm.org\/fr\/wp-json\/wp\/v2\/posts\/10357","targetHints":{"allow":["GET"]}}],"collection":[{"href":"https:\/\/mwc-cmm.org\/fr\/wp-json\/wp\/v2\/posts"}],"about":[{"href":"https:\/\/mwc-cmm.org\/fr\/wp-json\/wp\/v2\/types\/post"}],"author":[{"embeddable":true,"href":"https:\/\/mwc-cmm.org\/fr\/wp-json\/wp\/v2\/users\/1"}],"replies":[{"embeddable":true,"href":"https:\/\/mwc-cmm.org\/fr\/wp-json\/wp\/v2\/comments?post=10357"}],"version-history":[{"count":0,"href":"https:\/\/mwc-cmm.org\/fr\/wp-json\/wp\/v2\/posts\/10357\/revisions"}],"wp:featuredmedia":[{"embeddable":true,"href":"https:\/\/mwc-cmm.org\/fr\/wp-json\/wp\/v2\/media\/94759"}],"wp:attachment":[{"href":"https:\/\/mwc-cmm.org\/fr\/wp-json\/wp\/v2\/media?parent=10357"}],"wp:term":[{"taxonomy":"category","embeddable":true,"href":"https:\/\/mwc-cmm.org\/fr\/wp-json\/wp\/v2\/categories?post=10357"},{"taxonomy":"post_tag","embeddable":true,"href":"https:\/\/mwc-cmm.org\/fr\/wp-json\/wp\/v2\/tags?post=10357"},{"taxonomy":"network","embeddable":true,"href":"https:\/\/mwc-cmm.org\/fr\/wp-json\/wp\/v2\/network?post=10357"},{"taxonomy":"eventcategory","embeddable":true,"href":"https:\/\/mwc-cmm.org\/fr\/wp-json\/wp\/v2\/eventcategory?post=10357"}],"curies":[{"name":"wp","href":"https:\/\/api.w.org\/{rel}","templated":true}]}}