{"id":10348,"date":"2022-02-02T00:00:00","date_gmt":"2022-02-02T00:00:00","guid":{"rendered":"https:\/\/mwc-cmm.org\/crossing-climate-barriers-to-assembly-3\/"},"modified":"2024-12-10T17:18:39","modified_gmt":"2024-12-10T17:18:39","slug":"traverser-les-barrieres-climatiques-jusqua-lassemblee","status":"publish","type":"post","link":"https:\/\/mwc-cmm.org\/fr\/stories\/traverser-les-barrieres-climatiques-jusqua-lassemblee\/","title":{"rendered":"Traverser les barri\u00e8res climatiques jusqu\u2019\u00e0 l\u2019Assembl\u00e9e\u202f"},"content":{"rendered":"<p>\u00ab&nbsp;L\u2019id\u00e9e que le peuple de Dieu est partout est r\u00e9elle, d\u00e9clare Benjamin Isaak-Krau\u00df, pasteur de l\u2019\u00e9glise mennonite de Frankfort. Les Assembl\u00e9es r\u00e9unies de la Conf\u00e9rence Mennonite Mondiale, 2 fois par d\u00e9cennie, sont l\u2019occasion de se rendre compte de cette r\u00e9alit\u00e9. Mais, tandis que les membres prennent conscience de la crise climatique, certains s\u2019inqui\u00e8tent du co\u00fbt environnemental de ce voyage.&nbsp;&nbsp;<\/p>\n<p>La CMM a interrog\u00e9 deux mennonites allemands qui r\u00e9fl\u00e9chissent \u00e0 ces questions.&nbsp;<\/p>\n<h3>Pas de paix sur une plan\u00e8te trop chaude<\/h3>\n<p>\u00ab&nbsp;Le changement climatique, c\u2019est le sujet de notre \u00e9poque. Une paix juste n\u2019est pas possible sur une plan\u00e8te plus chaude de trois degr\u00e9s,&nbsp;\u00bb d\u00e9clare Benjamin Isaak-Krau\u00df.&nbsp;&nbsp;<\/p>\n<p>David Lapp Jost, un am\u00e9ricain qui travaille pour le comit\u00e9 mennonite pour la paix allemand est d\u2019accord&nbsp;: \u00ab&nbsp;Les s\u00e9cheresses et l\u2019augmentation de la temp\u00e9rature engendrent des conflits sur le terrain. C\u2019est un \u00e9l\u00e9ment de la guerre en Syrie\u2026 et cela jouera certainement un r\u00f4le dans bien d\u2019autres guerres. Le d\u00e9placement de personnes, la souffrance, c\u2019est terrible. \u00bb&nbsp;<\/p>\n<h3>Une incarnation de la Pentec\u00f4te&nbsp;&nbsp;&nbsp;<\/h3>\n<p>De plus, dans un monde globalis\u00e9 et avec la mont\u00e9e des nationalismes, il est important \u00ab&nbsp;d\u2019avoir cette exp\u00e9rience concr\u00e8te de pouvoir louer avec des chr\u00e9tiens de partout dans le monde qui ont l\u2019air diff\u00e9rents et parlent diff\u00e9remment et croient diff\u00e9remment mais qui sont tout de m\u00eame li\u00e9s les uns aux autres par J\u00e9sus et le Saint Esprit,&nbsp;\u00bb t\u00e9moigne Benjamin Isaak-Krau\u00df.&nbsp;<\/p>\n<blockquote>\n<p>\u00ab&nbsp;Dans un monde de plus en plus cliv\u00e9, les espaces qui favorisent le dialogue constructif au-del\u00e0 des diff\u00e9rences nationales, sociales et politiques se font rares,&nbsp;\u00bb d\u00e9clare David Lapp Jost. \u00ab&nbsp;J\u2019esp\u00e8re que la CMM est un rassemblement de personnes qui choisissent d\u2019\u00eatre ensemble et peuvent s\u2019enrichir mutuellement et partager leurs vies les uns avec les autres.&nbsp;\u00bb&nbsp;<\/p>\n<\/blockquote>\n<p>\u00ab&nbsp;J\u2019aimerais beaucoup aller en Indon\u00e9sie pour pouvoir rencontrer toutes ces personnes qui, d\u2019une certaine fa\u00e7on, me montrent la voie, m\u2019apprennent \u00e0 \u00eatre ouvert \u00e0 des amiti\u00e9s malgr\u00e9 la diff\u00e9rence.&nbsp;\u00bb&nbsp;<\/p>\n<p>L\u2019\u00c9glise travaille surtout au niveau local, mais si nous n\u2019\u00e9tions pas reli\u00e9s \u00e0 l\u2019\u00c9glise mondiale, nous ne pourrions pas connaitre le Saint Esprit comme il a \u00e9t\u00e9 incarn\u00e9 \u00e0 la Pentec\u00f4te, selon David Lapp Jost.&nbsp;&nbsp;<\/p>\n<p>\u00ca partir de la Pentec\u00f4te, l\u2019\u00c9glise est une institution \u00e0 l\u2019intention claire. \u00ab&nbsp;Au c\u0153ur de la mission de l\u2019\u00c9glise il y a cette unit\u00e9 au-del\u00e0 des divisions nationales et l\u2019enrichissement mutuel.&nbsp;\u00bb&nbsp;<\/p>\n<h3>Une communion mondiale de vraies personnes&nbsp;&nbsp;<\/h3>\n<p>Adolescent, Benjamin Isaak-Krau\u00df ne s&rsquo;est pas content\u00e9 d&rsquo;assister au Sommet Mondial de la Jeunesse et \u00e0 la 15e Assembl\u00e9e r\u00e9unie au Paraguay ; il a pass\u00e9 six mois dans ce pays pour apprendre \u00e0 conna\u00eetre les communaut\u00e9s mennonites locales.&nbsp;&nbsp;<\/p>\n<p>En participant \u00e0 l\u2019Assembl\u00e9e de la CMM, son sentiment de communaut\u00e9 est pass\u00e9 du local au mondial. Il a nou\u00e9 des amiti\u00e9s durables et, pour la 16e Assembl\u00e9e, il a organis\u00e9 un minitour pour de jeunes Allemands qui ont pass\u00e9 plusieurs semaines aux \u00c9tats-Unis \u00e0 faire connaissance avec les communaut\u00e9s mennonites locales &#8211; urbaines et rurales, conservatrices et progressistes.&nbsp;<\/p>\n<p>Ce fut une exp\u00e9rience transformatrice \u00ab&nbsp;de voir des fr\u00e8res et s\u0153urs en Christ dans un autre endroit&nbsp;\u00bb, qui a culmin\u00e9 au GYS \u00ab&nbsp;avec tous ces gens de mon \u00e2ge, venus du monde entier, et ensuite, l&rsquo;Assembl\u00e9e avec encore plus de monde.&nbsp; Le concept de communion mondiale devient une r\u00e9alit\u00e9 palpable, avec laquelle vous pouvez interagir \u2013 des vraies personnes&nbsp;!&nbsp;\u00bb&nbsp;&nbsp;<\/p>\n<p>\u00ab&nbsp;Ce qui nous transforme, ce ne sont pas les \u00e9v\u00e9nements planifi\u00e9es, ce sont les rencontres&nbsp;\u00bb, selon Benjamin Isaak-Krau\u00df. Ces rencontres sont plus faciles lors de rassemblements en personne, mais m\u00eame une Assembl\u00e9e en ligne, bien pens\u00e9e, peut donner lieu \u00e0 cette intersection entre les chemins que nous avons choisis et ceux des autres que nous y croisons.&nbsp;\u00bb&nbsp;&nbsp;<\/p>\n<h3>Changement climatique et Assembl\u00e9e r\u00e9unie&nbsp;<\/h3>\n<p>\u00ca pr\u00e9sent, lorsqu\u2019il y a des catastrophes naturelles dans le monde, elles&nbsp; se produisent l\u00e0 o\u00f9 vivent nos amis.&nbsp;&nbsp;<\/p>\n<p>L&rsquo;aspect communautaire qui est au c\u0153ur de la foi et de la pratique mennonites est essentiel \u00e0 notre approche du changement climatique.&nbsp;&nbsp;<\/p>\n<p>David Lapp Jost esp\u00e8re que la CMM pourra \u00ab&nbsp;faciliter la conversation sur les cons\u00e9quences du changement climatique sur les pays du Sud, et comment amener les pays du Nord \u00e0 \u00eatre solidaires.&nbsp;\u00bb&nbsp;&nbsp;<\/p>\n<p>\u00ab&nbsp;Il serait vraiment dommage que les personnes pr\u00e9occup\u00e9es par les questions climatiques n\u2019aillent plus aux rencontres de la CMM&nbsp;\u00bb, d\u00e9clare Benjamin Isaak-Krau\u00df. \u00ab&nbsp;Je crois qu\u2019il faut continuer de venir pour nous confronter au fait que nous formons un seul corps avec tous ceux qui sont touch\u00e9s par le changement climatique.&nbsp;\u00bb&nbsp;<\/p>\n<p>En tant qu&rsquo;\u00c9glise de paix, les membres de la Conf\u00e9rence Mennonite Mondiale doivent \u00ab&nbsp;se demander comment nous participer \u00e0 ce mouvement mondial en nous repentant et en changeant nos mauvais syst\u00e8mes.&nbsp;\u00bb&nbsp;<\/p>\n<p>\u00ab&nbsp;Esp\u00e9rons que le Saint-Esprit y parviendra&nbsp;\u00bb, d\u00e9clare David Lapp Jost.&nbsp;<\/p>\n<h3>\u00c9tapes concr\u00e8tes&nbsp;&nbsp;<\/h3>\n<ul>\n<li>Les membres de la paroisse renoncent \u00e0 une chose \u2013 que ce soient la consommation de viande, l&rsquo;utilisation de v\u00e9hicules priv\u00e9s, partir en vacances en avion, etc&#8230; &#8211; pour compenser les \u00e9missions carbones des membres qui assisteront \u00e0 l&rsquo;Assembl\u00e9e.&nbsp;<\/li>\n<li>Dialoguez avec les agriculteurs des bonnes pratiques. Achetez vos produits au march\u00e9.&nbsp;&nbsp;<\/li>\n<li>Vivez simplement. R\u00e9utilisez et r\u00e9parez quand c\u2019est possible. R\u00e9duisez l&rsquo;utilisation des combustibles fossiles dans vos transports et votre chauffage.&nbsp;&nbsp;<\/li>\n<li>Renseignez-vous sur les probl\u00e8mes li\u00e9s au climat en Indon\u00e9sie, par exemple la d\u00e9forestation et la pollution g\u00e9n\u00e9r\u00e9e par les d\u00e9charges provenant des pays occidentaux.&nbsp;&nbsp;<\/li>\n<li>Pr\u00e9voyez d\u00e9j\u00e0 la prochaine assembl\u00e9e en Afrique en investissant dans des relations et des initiatives durables sur place, et en planifiant des d\u00e9placements \u00e0 faible \u00e9mission de carbone (\u00e0 v\u00e9lo, par exemple).&nbsp;&nbsp;<\/li>\n<\/ul>\n<p style=\"text-align:center\"><a href=\"http:\/\/www.indonesia2022.mwc-cmm.org\"><img decoding=\"async\" alt=\"\" height=\"100\" data-src=\"\/sites\/default\/files\/website_files_2020\/button_fr.png\" width=\"400\" src=\"data:image\/svg+xml;base64,PHN2ZyB3aWR0aD0iMSIgaGVpZ2h0PSIxIiB4bWxucz0iaHR0cDovL3d3dy53My5vcmcvMjAwMC9zdmciPjwvc3ZnPg==\" class=\"lazyload\" style=\"--smush-placeholder-width: 400px; --smush-placeholder-aspect-ratio: 400\/100;\"><\/a><\/p>\n<p>&nbsp;<\/p>\n","protected":false},"excerpt":{"rendered":"<p>\u00ab&nbsp;L\u2019id\u00e9e que le peuple de Dieu est partout est r\u00e9elle, d\u00e9clare Benjamin Isaak-Krau\u00df, pasteur de l\u2019\u00e9glise mennonite de Frankfort. Les Assembl\u00e9es r\u00e9unies de la Conf\u00e9rence Mennonite Mondiale, 2 fois par d\u00e9cennie, sont l\u2019occasion de se rendre compte de cette r\u00e9alit\u00e9. Mais, tandis que les membres prennent conscience de la crise climatique, certains s\u2019inqui\u00e8tent du co\u00fbt [&hellip;]<\/p>\n","protected":false},"author":1,"featured_media":94619,"comment_status":"closed","ping_status":"closed","sticky":false,"template":"","format":"standard","meta":{"_acf_changed":false,"footnotes":""},"categories":[7],"tags":[498],"network":[],"eventcategory":[],"class_list":["post-10348","post","type-post","status-publish","format-standard","has-post-thumbnail","hentry","category-non-classifiee","tag-assemblee-reunie"],"acf":[],"yoast_head":"<!-- This site is optimized with the Yoast SEO plugin v27.2 - https:\/\/yoast.com\/product\/yoast-seo-wordpress\/ -->\n<title>Traverser les barri\u00e8res climatiques jusqu\u2019\u00e0 l\u2019Assembl\u00e9e\u202f - Mennonite World Conference<\/title>\n<meta name=\"robots\" content=\"index, follow, max-snippet:-1, max-image-preview:large, max-video-preview:-1\" \/>\n<link rel=\"canonical\" href=\"https:\/\/mwc-cmm.org\/en\/stories\/crossing-climate-barriers-assembly\/\" \/>\n<meta property=\"og:locale\" content=\"fr_FR\" \/>\n<meta property=\"og:type\" content=\"article\" \/>\n<meta property=\"og:title\" content=\"Traverser les barri\u00e8res climatiques jusqu\u2019\u00e0 l\u2019Assembl\u00e9e\u202f - Mennonite World Conference\" \/>\n<meta property=\"og:description\" content=\"\u00ab&nbsp;L\u2019id\u00e9e que le peuple de Dieu est partout est r\u00e9elle, d\u00e9clare Benjamin Isaak-Krau\u00df, pasteur de l\u2019\u00e9glise mennonite de Frankfort. Les Assembl\u00e9es r\u00e9unies de la Conf\u00e9rence Mennonite Mondiale, 2 fois par d\u00e9cennie, sont l\u2019occasion de se rendre compte de cette r\u00e9alit\u00e9. Mais, tandis que les membres prennent conscience de la crise climatique, certains s\u2019inqui\u00e8tent du co\u00fbt [&hellip;]\" \/>\n<meta property=\"og:url\" content=\"https:\/\/mwc-cmm.org\/en\/stories\/crossing-climate-barriers-assembly\/\" \/>\n<meta property=\"og:site_name\" content=\"Mennonite World Conference\" \/>\n<meta property=\"article:publisher\" content=\"https:\/\/www.facebook.com\/MennoniteWorldConference\" \/>\n<meta property=\"article:published_time\" content=\"2022-02-02T00:00:00+00:00\" \/>\n<meta property=\"article:modified_time\" content=\"2024-12-10T17:18:39+00:00\" \/>\n<meta property=\"og:image\" content=\"https:\/\/mwc-cmm.org\/wp-content\/uploads\/2024\/11\/capture.jpg\" \/>\n\t<meta property=\"og:image:width\" content=\"647\" \/>\n\t<meta property=\"og:image:height\" content=\"502\" \/>\n\t<meta property=\"og:image:type\" content=\"image\/jpeg\" \/>\n<meta name=\"author\" content=\"mennworldcon\" \/>\n<script type=\"application\/ld+json\" class=\"yoast-schema-graph\">{\"@context\":\"https:\/\/schema.org\",\"@graph\":[{\"@type\":\"Article\",\"@id\":\"https:\/\/mwc-cmm.org\/en\/stories\/crossing-climate-barriers-assembly\/#article\",\"isPartOf\":{\"@id\":\"https:\/\/mwc-cmm.org\/en\/stories\/crossing-climate-barriers-assembly\/\"},\"author\":{\"name\":\"mennworldcon\",\"@id\":\"https:\/\/mwc-cmm.org\/en\/#\/schema\/person\/11f6ae0d7d1868ba20a1cc27f067c836\"},\"headline\":\"Traverser les barri\u00e8res climatiques jusqu\u2019\u00e0 l\u2019Assembl\u00e9e\u202f\",\"datePublished\":\"2022-02-02T00:00:00+00:00\",\"dateModified\":\"2024-12-10T17:18:39+00:00\",\"mainEntityOfPage\":{\"@id\":\"https:\/\/mwc-cmm.org\/en\/stories\/crossing-climate-barriers-assembly\/\"},\"wordCount\":1095,\"publisher\":{\"@id\":\"https:\/\/mwc-cmm.org\/en\/#organization\"},\"image\":{\"@id\":\"https:\/\/mwc-cmm.org\/en\/stories\/crossing-climate-barriers-assembly\/#primaryimage\"},\"thumbnailUrl\":\"https:\/\/mwc-cmm.org\/wp-content\/uploads\/2024\/11\/capture.jpg\",\"keywords\":[\"Assembl\u00e9e r\u00e9unie\"],\"articleSection\":[\"Non classifi\u00e9(e)\"],\"inLanguage\":\"fr-FR\"},{\"@type\":\"WebPage\",\"@id\":\"https:\/\/mwc-cmm.org\/en\/stories\/crossing-climate-barriers-assembly\/\",\"url\":\"https:\/\/mwc-cmm.org\/en\/stories\/crossing-climate-barriers-assembly\/\",\"name\":\"Traverser les barri\u00e8res climatiques jusqu\u2019\u00e0 l\u2019Assembl\u00e9e\u202f - Mennonite World Conference\",\"isPartOf\":{\"@id\":\"https:\/\/mwc-cmm.org\/en\/#website\"},\"primaryImageOfPage\":{\"@id\":\"https:\/\/mwc-cmm.org\/en\/stories\/crossing-climate-barriers-assembly\/#primaryimage\"},\"image\":{\"@id\":\"https:\/\/mwc-cmm.org\/en\/stories\/crossing-climate-barriers-assembly\/#primaryimage\"},\"thumbnailUrl\":\"https:\/\/mwc-cmm.org\/wp-content\/uploads\/2024\/11\/capture.jpg\",\"datePublished\":\"2022-02-02T00:00:00+00:00\",\"dateModified\":\"2024-12-10T17:18:39+00:00\",\"breadcrumb\":{\"@id\":\"https:\/\/mwc-cmm.org\/en\/stories\/crossing-climate-barriers-assembly\/#breadcrumb\"},\"inLanguage\":\"fr-FR\",\"potentialAction\":[{\"@type\":\"ReadAction\",\"target\":[\"https:\/\/mwc-cmm.org\/en\/stories\/crossing-climate-barriers-assembly\/\"]}]},{\"@type\":\"ImageObject\",\"inLanguage\":\"fr-FR\",\"@id\":\"https:\/\/mwc-cmm.org\/en\/stories\/crossing-climate-barriers-assembly\/#primaryimage\",\"url\":\"https:\/\/mwc-cmm.org\/wp-content\/uploads\/2024\/11\/capture.jpg\",\"contentUrl\":\"https:\/\/mwc-cmm.org\/wp-content\/uploads\/2024\/11\/capture.jpg\",\"width\":647,\"height\":502},{\"@type\":\"BreadcrumbList\",\"@id\":\"https:\/\/mwc-cmm.org\/en\/stories\/crossing-climate-barriers-assembly\/#breadcrumb\",\"itemListElement\":[{\"@type\":\"ListItem\",\"position\":1,\"name\":\"Home\",\"item\":\"https:\/\/mwc-cmm.org\/fr\/\"},{\"@type\":\"ListItem\",\"position\":2,\"name\":\"Traverser les barri\u00e8res climatiques jusqu\u2019\u00e0 l\u2019Assembl\u00e9e\u202f\"}]},{\"@type\":\"WebSite\",\"@id\":\"https:\/\/mwc-cmm.org\/en\/#website\",\"url\":\"https:\/\/mwc-cmm.org\/en\/\",\"name\":\"Mennonite World Conference\",\"description\":\"A communion of Anabaptist-related churches\",\"publisher\":{\"@id\":\"https:\/\/mwc-cmm.org\/en\/#organization\"},\"alternateName\":\"MWC\",\"potentialAction\":[{\"@type\":\"SearchAction\",\"target\":{\"@type\":\"EntryPoint\",\"urlTemplate\":\"https:\/\/mwc-cmm.org\/en\/?s={search_term_string}\"},\"query-input\":{\"@type\":\"PropertyValueSpecification\",\"valueRequired\":true,\"valueName\":\"search_term_string\"}}],\"inLanguage\":\"fr-FR\"},{\"@type\":\"Organization\",\"@id\":\"https:\/\/mwc-cmm.org\/en\/#organization\",\"name\":\"Mennonite World Conference\",\"alternateName\":\"MWC\",\"url\":\"https:\/\/mwc-cmm.org\/en\/\",\"logo\":{\"@type\":\"ImageObject\",\"inLanguage\":\"fr-FR\",\"@id\":\"https:\/\/mwc-cmm.org\/en\/#\/schema\/logo\/image\/\",\"url\":\"https:\/\/mwc-cmm.org\/wp-content\/uploads\/2026\/01\/MWC_Sig_Blue_Horiz_webheader1-logo.svg\",\"contentUrl\":\"https:\/\/mwc-cmm.org\/wp-content\/uploads\/2026\/01\/MWC_Sig_Blue_Horiz_webheader1-logo.svg\",\"width\":786,\"height\":82,\"caption\":\"Mennonite World Conference\"},\"image\":{\"@id\":\"https:\/\/mwc-cmm.org\/en\/#\/schema\/logo\/image\/\"},\"sameAs\":[\"https:\/\/www.facebook.com\/MennoniteWorldConference\",\"https:\/\/www.linkedin.com\/company\/mennonite-world-conference-mwc\/\",\"https:\/\/www.instagram.com\/mwcmm\/\",\"https:\/\/www.youtube.com\/user\/mwccmm\",\"https:\/\/bsky.app\/profile\/mwcmm.bsky.social\"]},{\"@type\":\"Person\",\"@id\":\"https:\/\/mwc-cmm.org\/en\/#\/schema\/person\/11f6ae0d7d1868ba20a1cc27f067c836\",\"name\":\"mennworldcon\",\"image\":{\"@type\":\"ImageObject\",\"inLanguage\":\"fr-FR\",\"@id\":\"https:\/\/secure.gravatar.com\/avatar\/06fdc0dc81c157dfdb82ec42f252178a22307808988d22c043f9eb96f1e0fe80?s=96&d=mm&r=g\",\"url\":\"https:\/\/secure.gravatar.com\/avatar\/06fdc0dc81c157dfdb82ec42f252178a22307808988d22c043f9eb96f1e0fe80?s=96&d=mm&r=g\",\"contentUrl\":\"https:\/\/secure.gravatar.com\/avatar\/06fdc0dc81c157dfdb82ec42f252178a22307808988d22c043f9eb96f1e0fe80?s=96&d=mm&r=g\",\"caption\":\"mennworldcon\"},\"sameAs\":[\"https:\/\/mwc-cmm.org\"],\"url\":\"https:\/\/mwc-cmm.org\/fr\/stories\/author\/mennworldcon\/\"}]}<\/script>\n<!-- \/ Yoast SEO plugin. -->","yoast_head_json":{"title":"Traverser les barri\u00e8res climatiques jusqu\u2019\u00e0 l\u2019Assembl\u00e9e\u202f - Mennonite World Conference","robots":{"index":"index","follow":"follow","max-snippet":"max-snippet:-1","max-image-preview":"max-image-preview:large","max-video-preview":"max-video-preview:-1"},"canonical":"https:\/\/mwc-cmm.org\/en\/stories\/crossing-climate-barriers-assembly\/","og_locale":"fr_FR","og_type":"article","og_title":"Traverser les barri\u00e8res climatiques jusqu\u2019\u00e0 l\u2019Assembl\u00e9e\u202f - Mennonite World Conference","og_description":"\u00ab&nbsp;L\u2019id\u00e9e que le peuple de Dieu est partout est r\u00e9elle, d\u00e9clare Benjamin Isaak-Krau\u00df, pasteur de l\u2019\u00e9glise mennonite de Frankfort. Les Assembl\u00e9es r\u00e9unies de la Conf\u00e9rence Mennonite Mondiale, 2 fois par d\u00e9cennie, sont l\u2019occasion de se rendre compte de cette r\u00e9alit\u00e9. Mais, tandis que les membres prennent conscience de la crise climatique, certains s\u2019inqui\u00e8tent du co\u00fbt [&hellip;]","og_url":"https:\/\/mwc-cmm.org\/en\/stories\/crossing-climate-barriers-assembly\/","og_site_name":"Mennonite World Conference","article_publisher":"https:\/\/www.facebook.com\/MennoniteWorldConference","article_published_time":"2022-02-02T00:00:00+00:00","article_modified_time":"2024-12-10T17:18:39+00:00","og_image":[{"width":647,"height":502,"url":"https:\/\/mwc-cmm.org\/wp-content\/uploads\/2024\/11\/capture.jpg","type":"image\/jpeg"}],"author":"mennworldcon","schema":{"@context":"https:\/\/schema.org","@graph":[{"@type":"Article","@id":"https:\/\/mwc-cmm.org\/en\/stories\/crossing-climate-barriers-assembly\/#article","isPartOf":{"@id":"https:\/\/mwc-cmm.org\/en\/stories\/crossing-climate-barriers-assembly\/"},"author":{"name":"mennworldcon","@id":"https:\/\/mwc-cmm.org\/en\/#\/schema\/person\/11f6ae0d7d1868ba20a1cc27f067c836"},"headline":"Traverser les barri\u00e8res climatiques jusqu\u2019\u00e0 l\u2019Assembl\u00e9e\u202f","datePublished":"2022-02-02T00:00:00+00:00","dateModified":"2024-12-10T17:18:39+00:00","mainEntityOfPage":{"@id":"https:\/\/mwc-cmm.org\/en\/stories\/crossing-climate-barriers-assembly\/"},"wordCount":1095,"publisher":{"@id":"https:\/\/mwc-cmm.org\/en\/#organization"},"image":{"@id":"https:\/\/mwc-cmm.org\/en\/stories\/crossing-climate-barriers-assembly\/#primaryimage"},"thumbnailUrl":"https:\/\/mwc-cmm.org\/wp-content\/uploads\/2024\/11\/capture.jpg","keywords":["Assembl\u00e9e r\u00e9unie"],"articleSection":["Non classifi\u00e9(e)"],"inLanguage":"fr-FR"},{"@type":"WebPage","@id":"https:\/\/mwc-cmm.org\/en\/stories\/crossing-climate-barriers-assembly\/","url":"https:\/\/mwc-cmm.org\/en\/stories\/crossing-climate-barriers-assembly\/","name":"Traverser les barri\u00e8res climatiques jusqu\u2019\u00e0 l\u2019Assembl\u00e9e\u202f - Mennonite World Conference","isPartOf":{"@id":"https:\/\/mwc-cmm.org\/en\/#website"},"primaryImageOfPage":{"@id":"https:\/\/mwc-cmm.org\/en\/stories\/crossing-climate-barriers-assembly\/#primaryimage"},"image":{"@id":"https:\/\/mwc-cmm.org\/en\/stories\/crossing-climate-barriers-assembly\/#primaryimage"},"thumbnailUrl":"https:\/\/mwc-cmm.org\/wp-content\/uploads\/2024\/11\/capture.jpg","datePublished":"2022-02-02T00:00:00+00:00","dateModified":"2024-12-10T17:18:39+00:00","breadcrumb":{"@id":"https:\/\/mwc-cmm.org\/en\/stories\/crossing-climate-barriers-assembly\/#breadcrumb"},"inLanguage":"fr-FR","potentialAction":[{"@type":"ReadAction","target":["https:\/\/mwc-cmm.org\/en\/stories\/crossing-climate-barriers-assembly\/"]}]},{"@type":"ImageObject","inLanguage":"fr-FR","@id":"https:\/\/mwc-cmm.org\/en\/stories\/crossing-climate-barriers-assembly\/#primaryimage","url":"https:\/\/mwc-cmm.org\/wp-content\/uploads\/2024\/11\/capture.jpg","contentUrl":"https:\/\/mwc-cmm.org\/wp-content\/uploads\/2024\/11\/capture.jpg","width":647,"height":502},{"@type":"BreadcrumbList","@id":"https:\/\/mwc-cmm.org\/en\/stories\/crossing-climate-barriers-assembly\/#breadcrumb","itemListElement":[{"@type":"ListItem","position":1,"name":"Home","item":"https:\/\/mwc-cmm.org\/fr\/"},{"@type":"ListItem","position":2,"name":"Traverser les barri\u00e8res climatiques jusqu\u2019\u00e0 l\u2019Assembl\u00e9e\u202f"}]},{"@type":"WebSite","@id":"https:\/\/mwc-cmm.org\/en\/#website","url":"https:\/\/mwc-cmm.org\/en\/","name":"Mennonite World Conference","description":"A communion of Anabaptist-related churches","publisher":{"@id":"https:\/\/mwc-cmm.org\/en\/#organization"},"alternateName":"MWC","potentialAction":[{"@type":"SearchAction","target":{"@type":"EntryPoint","urlTemplate":"https:\/\/mwc-cmm.org\/en\/?s={search_term_string}"},"query-input":{"@type":"PropertyValueSpecification","valueRequired":true,"valueName":"search_term_string"}}],"inLanguage":"fr-FR"},{"@type":"Organization","@id":"https:\/\/mwc-cmm.org\/en\/#organization","name":"Mennonite World Conference","alternateName":"MWC","url":"https:\/\/mwc-cmm.org\/en\/","logo":{"@type":"ImageObject","inLanguage":"fr-FR","@id":"https:\/\/mwc-cmm.org\/en\/#\/schema\/logo\/image\/","url":"https:\/\/mwc-cmm.org\/wp-content\/uploads\/2026\/01\/MWC_Sig_Blue_Horiz_webheader1-logo.svg","contentUrl":"https:\/\/mwc-cmm.org\/wp-content\/uploads\/2026\/01\/MWC_Sig_Blue_Horiz_webheader1-logo.svg","width":786,"height":82,"caption":"Mennonite World Conference"},"image":{"@id":"https:\/\/mwc-cmm.org\/en\/#\/schema\/logo\/image\/"},"sameAs":["https:\/\/www.facebook.com\/MennoniteWorldConference","https:\/\/www.linkedin.com\/company\/mennonite-world-conference-mwc\/","https:\/\/www.instagram.com\/mwcmm\/","https:\/\/www.youtube.com\/user\/mwccmm","https:\/\/bsky.app\/profile\/mwcmm.bsky.social"]},{"@type":"Person","@id":"https:\/\/mwc-cmm.org\/en\/#\/schema\/person\/11f6ae0d7d1868ba20a1cc27f067c836","name":"mennworldcon","image":{"@type":"ImageObject","inLanguage":"fr-FR","@id":"https:\/\/secure.gravatar.com\/avatar\/06fdc0dc81c157dfdb82ec42f252178a22307808988d22c043f9eb96f1e0fe80?s=96&d=mm&r=g","url":"https:\/\/secure.gravatar.com\/avatar\/06fdc0dc81c157dfdb82ec42f252178a22307808988d22c043f9eb96f1e0fe80?s=96&d=mm&r=g","contentUrl":"https:\/\/secure.gravatar.com\/avatar\/06fdc0dc81c157dfdb82ec42f252178a22307808988d22c043f9eb96f1e0fe80?s=96&d=mm&r=g","caption":"mennworldcon"},"sameAs":["https:\/\/mwc-cmm.org"],"url":"https:\/\/mwc-cmm.org\/fr\/stories\/author\/mennworldcon\/"}]}},"_links":{"self":[{"href":"https:\/\/mwc-cmm.org\/fr\/wp-json\/wp\/v2\/posts\/10348","targetHints":{"allow":["GET"]}}],"collection":[{"href":"https:\/\/mwc-cmm.org\/fr\/wp-json\/wp\/v2\/posts"}],"about":[{"href":"https:\/\/mwc-cmm.org\/fr\/wp-json\/wp\/v2\/types\/post"}],"author":[{"embeddable":true,"href":"https:\/\/mwc-cmm.org\/fr\/wp-json\/wp\/v2\/users\/1"}],"replies":[{"embeddable":true,"href":"https:\/\/mwc-cmm.org\/fr\/wp-json\/wp\/v2\/comments?post=10348"}],"version-history":[{"count":0,"href":"https:\/\/mwc-cmm.org\/fr\/wp-json\/wp\/v2\/posts\/10348\/revisions"}],"wp:featuredmedia":[{"embeddable":true,"href":"https:\/\/mwc-cmm.org\/fr\/wp-json\/wp\/v2\/media\/94619"}],"wp:attachment":[{"href":"https:\/\/mwc-cmm.org\/fr\/wp-json\/wp\/v2\/media?parent=10348"}],"wp:term":[{"taxonomy":"category","embeddable":true,"href":"https:\/\/mwc-cmm.org\/fr\/wp-json\/wp\/v2\/categories?post=10348"},{"taxonomy":"post_tag","embeddable":true,"href":"https:\/\/mwc-cmm.org\/fr\/wp-json\/wp\/v2\/tags?post=10348"},{"taxonomy":"network","embeddable":true,"href":"https:\/\/mwc-cmm.org\/fr\/wp-json\/wp\/v2\/network?post=10348"},{"taxonomy":"eventcategory","embeddable":true,"href":"https:\/\/mwc-cmm.org\/fr\/wp-json\/wp\/v2\/eventcategory?post=10348"}],"curies":[{"name":"wp","href":"https:\/\/api.w.org\/{rel}","templated":true}]}}