{"id":10346,"date":"2022-01-31T00:00:00","date_gmt":"2022-01-31T00:00:00","guid":{"rendered":"https:\/\/mwc-cmm.org\/calling-for-christians-3\/"},"modified":"2024-12-10T17:18:38","modified_gmt":"2024-12-10T17:18:38","slug":"appel-aux-chretiens","status":"publish","type":"post","link":"https:\/\/mwc-cmm.org\/fr\/stories\/appel-aux-chretiens\/","title":{"rendered":"Appel aux chr\u00e9tiens"},"content":{"rendered":"<p>Les discours de haine et d\u2019intol\u00e9rance ne faisant que s\u2019amplifier autour de nous, notre communaut\u00e9 chr\u00e9tienne d\u2019Indon\u00e9sie a une vocation difficile. De nombreux groupes ainsi que des \u00e9coles islamiques travaillent activement \u00e0 faire de la R\u00e9publique d\u2019Indon\u00e9sie un pays ayant une id\u00e9ologie religieuse nationale : un pays islamique. Ce mouvement s\u2019est renforc\u00e9 ces 10 derni\u00e8res ann\u00e9es avec l\u2019\u00e9mergence de politiques identitaires lors des \u00e9lections l\u00e9gislatives centrales et r\u00e9gionales.<\/p>\n<p>Pourtant, Dieu ne s\u2019est pas tromp\u00e9 en nous pla\u00e7ant ici et maintenant, dans ce pays ayant la plus grande population musulmane du monde (environ 229 millions de musulmans sur une population de 271 millions de personnes, soit environ 84%). Notre appel est de faire briller la lumi\u00e8re de Dieu au sein de cette nation.<\/p>\n<p>Comment vivre notre vocation parmi nos fr\u00e8res et s\u0153urs musulmans ? Le passage de Gen\u00e8se 12\/1-5 nous enseigne certains principes qui, si nous les appliquons s\u00e9rieusement, nous encouragent \u00e0 pers\u00e9v\u00e9rer dans notre appel, m\u00eame si les difficult\u00e9s et les oppositions sont nombreuses.<\/p>\n<h3>1.&nbsp;Le Dieu qui nous appelle est Emmanuel<\/h3>\n<p>S\u0153urs et fr\u00e8res, notre texte nous d\u00e9crit l\u2019appel d\u2019Abram \u00e0 quitter sa communaut\u00e9 d\u2019origine, sa famille et son pays. Cet appel lui a co\u00fbt\u00e9 beaucoup.<\/p>\n<p>Abram a d\u00fb quitter tout ce qui lui \u00e9tait familier, une vie bien install\u00e9e et une famille de sculpteurs. Les sp\u00e9cialistes de la Bible expliquent que la famille d\u2019Abram avait une entreprise prosp\u00e8re de fabricant d\u2019idoles. Nous savons tous que quitter un lieu familier et partir loin pour commencer une nouvelle vie n\u2019est pas facile. C\u2019est ainsi que nous apprenons le sens de l\u2019ob\u00e9issance aux commandements de Dieu.<\/p>\n<p>Abram a d\u00fb quitter sa famille \u00e9largie. La cons\u00e9quence de ce commandement est qu\u2019il s\u2019est coup\u00e9 de ses racines culturelles et de sa communaut\u00e9 d\u2019origine. Quitter ses amis, sa famille et tous ses souvenirs a \u00e9t\u00e9 tr\u00e8s douloureux. C\u2019est cela, ob\u00e9ir \u00e0 un commandement.<\/p>\n<p>Aura-t-il une vie meilleure ailleurs ? Pourra-t-il retrouver une communaut\u00e9 aussi fraternelle que celle qu\u2019il avait ? Peut-on cr\u00e9er une entreprise si tard dans la vie ? Bien s\u00fbr, Abram se posait toutes ces questions. Mais nous voyons qu\u2019Abram a vraiment fait confiance au Dieu qui l\u2019avait appel\u00e9 et qui l\u2019a fid\u00e8lement accompagn\u00e9.<\/p>\n<p>Nous aussi, nous sommes invit\u00e9s \u00e0 croire que le Dieu qui a appel\u00e9 Abram est le m\u00eame Dieu qui nous appelle \u00e0 vivre selon sa volont\u00e9 et sa gloire l\u00e0 o\u00f9 nous sommes. Dieu veut que nous soyons ses repr\u00e9sentants, que nous diffusions sa v\u00e9rit\u00e9 et que nous parlions de Dieu \u00e0 tous ceux qui nous entourent. Comme Abram, nous savons que cet appel n\u2019est pas facile et qu\u2019il n\u00e9cessite un v\u00e9ritable effort. Nous croyons que si Dieu \u00e9tait avec Abram tout au long de sa vie, Dieu sera \u00e9galement avec nous tout au long de notre vie. Dieu est Emmanuel, Dieu avec nous.<\/p>\n<h3>2.&nbsp;Le Dieu qui nous appelle est Fid\u00e8le<\/h3>\n<p>Un ami m\u2019a dit un jour que la v\u00e9rit\u00e9 se r\u00e9v\u00e8le \u00e0 l\u2019\u00e9preuve du temps. Apr\u00e8s avoir \u00e9tudi\u00e9 l\u2019histoire de la vie d\u2019Abram, j\u2019ai mieux compris le sens de cette phrase. Nous y voyons la preuve que le Dieu qui a appel\u00e9 Abram est un Dieu qui tient ses promesses.<\/p>\n<p>Non seulement Dieu a \u00e9t\u00e9 pr\u00e9sent tout au long du voyage, mais il a aussi pris soin de sa famille \u00e9largie. Remarquez comment Dieu a b\u00e9ni sa famille lorsqu\u2019il vivait dans le N\u00e9guev o\u00f9 il y avait une famine (Gen\u00e8se 12\/10-20), puis lorsqu\u2019il s\u2019est enfui en \u00c9gypte, et pendant son exil en \u00c9gypte. Remarquez aussi comment Dieu a d\u00e9livr\u00e9 sa famille de la captivit\u00e9 des rois (Gen\u00e8se 14\/1-16); et comment Dieu a sauv\u00e9 Lot de Sodome et Gomorrhe (Gen\u00e8se 19\/1-29). Dieu a aussi sauv\u00e9 et prot\u00e9g\u00e9 la femme d\u2019Abram, Agar (Gen\u00e8se 16\/1-14) et leur fils Isma\u00ebl (Gen\u00e8se 21\/14-20).<\/p>\n<p>Fr\u00e8res et s\u0153urs, nous sommes conscients que r\u00e9pondre \u00e0 l\u2019appel de Dieu dans nos vies ne fait pas dispara\u00eetre les probl\u00e8mes. Au contraire, alors que nous essayons de r\u00e9pondre de tout notre c\u0153ur \u00e0 son appel, de nouveaux probl\u00e8mes surviennent. Aujourd\u2019hui, le parcours de vie d\u2019Abram nous montre que lorsqu\u2019il essaie d\u2019ob\u00e9ir aux commandements de Dieu de tout son c\u0153ur, Dieu est fid\u00e8le et \u201cfait sa part\u201d. Dieu soutient, aide, accompagne et b\u00e9nit Abram.<\/p>\n<p>Nous, chr\u00e9tiens qui vivons au milieu d\u2019une nation dont la majorit\u00e9 ne conna\u00eet pas le vrai Dieu, connaissons l\u2019intimidation. Nous rencontrons des probl\u00e8mes suppl\u00e9mentaires pour obtenir des permis pour la construction de lieux de culte, ou bien il arrive que des lieux de culte ayant \u00e9t\u00e9 utilis\u00e9s depuis des d\u00e9cennies soient soudainement ferm\u00e9s sans raison valable. Nous savons que des chr\u00e9tiens n\u2019ont pas \u00e9t\u00e9 promus parce qu\u2019en tant que croyants fid\u00e8les, ils ne voulaient pas participer \u00e0 la malhonn\u00eatet\u00e9, \u00e0 la corruption et au compromis. Mais nous croyons que la puissance de Dieu est plus forte. Les gens peuvent essayer de nous emp\u00eacher d\u2019\u00eatre b\u00e9nis, mais le Seigneur J\u00e9sus trouvera toujours une mani\u00e8re de nous b\u00e9nir. Dieu nous appelle \u00e0 vivre pour Lui, et est s\u00fbrement responsable des cons\u00e9quences de nos d\u00e9cisions.<\/p>\n<h3>3.&nbsp;Dieu qui nous appelle nous demande de r\u00e9pondre par l\u2019ob\u00e9issance<\/h3>\n<p>S\u0153urs et fr\u00e8res, nous comprenons tous que depuis le tout d\u00e9but, lorsque Dieu a cr\u00e9\u00e9 l\u2019humanit\u00e9, Dieu a voulu faire de l\u2019homme l\u2019objet de son amour. Avant que les \u00eatres humains ne tombent dans le p\u00e9ch\u00e9, nous lisons de belles histoires touchantes sur la relation \u00e9troite qui existait entre les \u00eatres humains et Dieu. Dieu veut que les relations bris\u00e9es soient r\u00e9par\u00e9es et que les images d\u00e9form\u00e9es que l\u2019on a de soi soient restaur\u00e9es. Dieu veut \u00eatre ob\u00e9i.<\/p>\n<p>L\u2019histoire d\u2019Abram, qui a ob\u00e9i aux commandements de Dieu, devient pour nous un mod\u00e8le \u00e0 imiter. Tout comme nous, Abram \u00e0 son \u00e9poque, a fait face \u00e0 de nombreuses difficult\u00e9s et tentations. L\u2019une des souffrances d\u2019Abram \u00e9tait que lui et sa partenaire (Sara\u00ef) n\u2019avaient pas eu l\u2019enfant promis par Dieu (Gen\u00e8se 18\/11). M\u00eame lorsque Dieu a r\u00e9p\u00e9t\u00e9 sa promesse (Gen\u00e8se 17\/17), Abram avait des doutes. Mais Abram a choisi de continuer \u00e0 faire confiance \u00e0 Dieu, ob\u00e9issant de tout son c\u0153ur, jusqu\u2019\u00e0 ce que Dieu lui donne finalement Isaac. Mais le d\u00e9fi de l\u2019ob\u00e9issance d\u2019Abram n\u2019\u00e9tait pas termin\u00e9, car Dieu l\u2019a de nouveau test\u00e9 en lui demandant de&nbsp;sacrifier Isaac sur le mont Moriah (Gen\u00e8se 22\/1- 12). De nouveau, nous constatons l\u2019ob\u00e9issance absolue et inconditionnelle d\u2019Abram \u00e0 l\u2019appel du Seigneur Dieu.<\/p>\n<p>Fr\u00e8res et s\u0153urs, je crois que Dieu ne nous a jamais appel\u00e9s ou plac\u00e9s \u00e0 tort dans ce pays o\u00f9 la majorit\u00e9 de la population ne sait pas qui est le Seigneur J\u00e9sus-Christ, o\u00f9 les disciples de J\u00e9sus sont ridiculis\u00e9s et intimid\u00e9s. C\u2019est ainsi que notre ob\u00e9issance est mise \u00e0 l\u2019\u00e9preuve. Nous avons le choix : abandonner face aux d\u00e9fis et aux oppositions, ou ob\u00e9ir \u00e0 Dieu quel qu\u2019en soit le prix.<\/p>\n<p>L\u2019Indon\u00e9sie a besoin de notre t\u00e9moignage en tant qu\u2019enfants de Dieu qui osent vivre l\u2019ob\u00e9issance \u00e0 la v\u00e9rit\u00e9 de Dieu, mettant en pratique cette v\u00e9rit\u00e9 dans la vie quotidienne. Dans nos communaut\u00e9s, nous sommes appel\u00e9s \u00e0 \u00eatre des agents de paix pleins d\u2019amour. Ob\u00e9ir \u00e0 Dieu ne signifie pas que nous n\u2019aurons pas de probl\u00e8mes, mais Dieu nous b\u00e9nira.<\/p>\n<hr>\n<p><strong>\u2014Natanael Sukamto, pasteur de la paroisse GITJ (Gereja Injili di Tanah Jawa) \u00e0 Sembaturagung, Pati, Java central (Indon\u00e9sie).<\/strong><\/p>\n<p style=\"text-align:center\"><a href=\"https:\/\/mwc-cmm.org\/fr\/resources\/dimanche-de-la-fraternite-anabaptiste-mondiale-2022\"><img decoding=\"async\" alt=\"\" height=\"200\" data-src=\"https:\/\/mwc-cmm.org\/wp-content\/uploads\/2024\/11\/fr_0.jpg\" width=\"600\" src=\"data:image\/svg+xml;base64,PHN2ZyB3aWR0aD0iMSIgaGVpZ2h0PSIxIiB4bWxucz0iaHR0cDovL3d3dy53My5vcmcvMjAwMC9zdmciPjwvc3ZnPg==\" class=\"lazyload\" style=\"--smush-placeholder-width: 600px; --smush-placeholder-aspect-ratio: 600\/200;\"><\/a><\/p>\n","protected":false},"excerpt":{"rendered":"<p>Les discours de haine et d\u2019intol\u00e9rance ne faisant que s\u2019amplifier autour de nous, notre communaut\u00e9 chr\u00e9tienne d\u2019Indon\u00e9sie a une vocation difficile. De nombreux groupes ainsi que des \u00e9coles islamiques travaillent activement \u00e0 faire de la R\u00e9publique d\u2019Indon\u00e9sie un pays ayant une id\u00e9ologie religieuse nationale : un pays islamique. Ce mouvement s\u2019est renforc\u00e9 ces 10 derni\u00e8res [&hellip;]<\/p>\n","protected":false},"author":1,"featured_media":94591,"comment_status":"closed","ping_status":"closed","sticky":false,"template":"","format":"standard","meta":{"_acf_changed":false,"footnotes":""},"categories":[7],"tags":[],"network":[],"eventcategory":[1500],"class_list":["post-10346","post","type-post","status-publish","format-standard","has-post-thumbnail","hentry","category-non-classifiee","eventcategory-anabaptist-world-fellowship-sunday-fr"],"acf":[],"yoast_head":"<!-- This site is optimized with the Yoast SEO plugin v27.5 - https:\/\/yoast.com\/product\/yoast-seo-wordpress\/ -->\n<title>Appel aux chr\u00e9tiens - Mennonite World Conference<\/title>\n<meta name=\"robots\" content=\"index, follow, max-snippet:-1, max-image-preview:large, max-video-preview:-1\" \/>\n<link rel=\"canonical\" href=\"https:\/\/mwc-cmm.org\/en\/stories\/calling-christians\/\" \/>\n<meta property=\"og:locale\" content=\"fr_FR\" \/>\n<meta property=\"og:type\" content=\"article\" \/>\n<meta property=\"og:title\" content=\"Appel aux chr\u00e9tiens - Mennonite World Conference\" \/>\n<meta property=\"og:description\" content=\"Les discours de haine et d\u2019intol\u00e9rance ne faisant que s\u2019amplifier autour de nous, notre communaut\u00e9 chr\u00e9tienne d\u2019Indon\u00e9sie a une vocation difficile. De nombreux groupes ainsi que des \u00e9coles islamiques travaillent activement \u00e0 faire de la R\u00e9publique d\u2019Indon\u00e9sie un pays ayant une id\u00e9ologie religieuse nationale : un pays islamique. Ce mouvement s\u2019est renforc\u00e9 ces 10 derni\u00e8res [&hellip;]\" \/>\n<meta property=\"og:url\" content=\"https:\/\/mwc-cmm.org\/en\/stories\/calling-christians\/\" \/>\n<meta property=\"og:site_name\" content=\"Mennonite World Conference\" \/>\n<meta property=\"article:publisher\" content=\"https:\/\/www.facebook.com\/MennoniteWorldConference\" \/>\n<meta property=\"article:published_time\" content=\"2022-01-31T00:00:00+00:00\" \/>\n<meta property=\"article:modified_time\" content=\"2024-12-10T17:18:38+00:00\" \/>\n<meta property=\"og:image\" content=\"https:\/\/mwc-cmm.org\/wp-content\/uploads\/2024\/11\/outdoor_fellowship_at_gitj_source_gitj_synod.jpg\" \/>\n\t<meta property=\"og:image:width\" content=\"1280\" \/>\n\t<meta property=\"og:image:height\" content=\"720\" \/>\n\t<meta property=\"og:image:type\" content=\"image\/jpeg\" \/>\n<meta name=\"author\" content=\"mennworldcon\" \/>\n<script type=\"application\/ld+json\" class=\"yoast-schema-graph\">{\"@context\":\"https:\\\/\\\/schema.org\",\"@graph\":[{\"@type\":\"Article\",\"@id\":\"https:\\\/\\\/mwc-cmm.org\\\/en\\\/stories\\\/calling-christians\\\/#article\",\"isPartOf\":{\"@id\":\"https:\\\/\\\/mwc-cmm.org\\\/en\\\/stories\\\/calling-christians\\\/\"},\"author\":{\"name\":\"mennworldcon\",\"@id\":\"https:\\\/\\\/mwc-cmm.org\\\/en\\\/#\\\/schema\\\/person\\\/11f6ae0d7d1868ba20a1cc27f067c836\"},\"headline\":\"Appel aux chr\u00e9tiens\",\"datePublished\":\"2022-01-31T00:00:00+00:00\",\"dateModified\":\"2024-12-10T17:18:38+00:00\",\"mainEntityOfPage\":{\"@id\":\"https:\\\/\\\/mwc-cmm.org\\\/en\\\/stories\\\/calling-christians\\\/\"},\"wordCount\":1368,\"publisher\":{\"@id\":\"https:\\\/\\\/mwc-cmm.org\\\/en\\\/#organization\"},\"image\":{\"@id\":\"https:\\\/\\\/mwc-cmm.org\\\/en\\\/stories\\\/calling-christians\\\/#primaryimage\"},\"thumbnailUrl\":\"https:\\\/\\\/mwc-cmm.org\\\/wp-content\\\/uploads\\\/2024\\\/11\\\/outdoor_fellowship_at_gitj_source_gitj_synod.jpg\",\"articleSection\":[\"Non classifi\u00e9(e)\"],\"inLanguage\":\"fr-FR\"},{\"@type\":\"WebPage\",\"@id\":\"https:\\\/\\\/mwc-cmm.org\\\/en\\\/stories\\\/calling-christians\\\/\",\"url\":\"https:\\\/\\\/mwc-cmm.org\\\/en\\\/stories\\\/calling-christians\\\/\",\"name\":\"Appel aux chr\u00e9tiens - Mennonite World Conference\",\"isPartOf\":{\"@id\":\"https:\\\/\\\/mwc-cmm.org\\\/en\\\/#website\"},\"primaryImageOfPage\":{\"@id\":\"https:\\\/\\\/mwc-cmm.org\\\/en\\\/stories\\\/calling-christians\\\/#primaryimage\"},\"image\":{\"@id\":\"https:\\\/\\\/mwc-cmm.org\\\/en\\\/stories\\\/calling-christians\\\/#primaryimage\"},\"thumbnailUrl\":\"https:\\\/\\\/mwc-cmm.org\\\/wp-content\\\/uploads\\\/2024\\\/11\\\/outdoor_fellowship_at_gitj_source_gitj_synod.jpg\",\"datePublished\":\"2022-01-31T00:00:00+00:00\",\"dateModified\":\"2024-12-10T17:18:38+00:00\",\"breadcrumb\":{\"@id\":\"https:\\\/\\\/mwc-cmm.org\\\/en\\\/stories\\\/calling-christians\\\/#breadcrumb\"},\"inLanguage\":\"fr-FR\",\"potentialAction\":[{\"@type\":\"ReadAction\",\"target\":[\"https:\\\/\\\/mwc-cmm.org\\\/en\\\/stories\\\/calling-christians\\\/\"]}]},{\"@type\":\"ImageObject\",\"inLanguage\":\"fr-FR\",\"@id\":\"https:\\\/\\\/mwc-cmm.org\\\/en\\\/stories\\\/calling-christians\\\/#primaryimage\",\"url\":\"https:\\\/\\\/mwc-cmm.org\\\/wp-content\\\/uploads\\\/2024\\\/11\\\/outdoor_fellowship_at_gitj_source_gitj_synod.jpg\",\"contentUrl\":\"https:\\\/\\\/mwc-cmm.org\\\/wp-content\\\/uploads\\\/2024\\\/11\\\/outdoor_fellowship_at_gitj_source_gitj_synod.jpg\",\"width\":1280,\"height\":720},{\"@type\":\"BreadcrumbList\",\"@id\":\"https:\\\/\\\/mwc-cmm.org\\\/en\\\/stories\\\/calling-christians\\\/#breadcrumb\",\"itemListElement\":[{\"@type\":\"ListItem\",\"position\":1,\"name\":\"Home\",\"item\":\"https:\\\/\\\/mwc-cmm.org\\\/fr\\\/\"},{\"@type\":\"ListItem\",\"position\":2,\"name\":\"Appel aux chr\u00e9tiens\"}]},{\"@type\":\"WebSite\",\"@id\":\"https:\\\/\\\/mwc-cmm.org\\\/en\\\/#website\",\"url\":\"https:\\\/\\\/mwc-cmm.org\\\/en\\\/\",\"name\":\"Mennonite World Conference\",\"description\":\"A communion of Anabaptist-related churches\",\"publisher\":{\"@id\":\"https:\\\/\\\/mwc-cmm.org\\\/en\\\/#organization\"},\"alternateName\":\"MWC\",\"potentialAction\":[{\"@type\":\"SearchAction\",\"target\":{\"@type\":\"EntryPoint\",\"urlTemplate\":\"https:\\\/\\\/mwc-cmm.org\\\/en\\\/?s={search_term_string}\"},\"query-input\":{\"@type\":\"PropertyValueSpecification\",\"valueRequired\":true,\"valueName\":\"search_term_string\"}}],\"inLanguage\":\"fr-FR\"},{\"@type\":\"Organization\",\"@id\":\"https:\\\/\\\/mwc-cmm.org\\\/en\\\/#organization\",\"name\":\"Mennonite World Conference\",\"alternateName\":\"MWC\",\"url\":\"https:\\\/\\\/mwc-cmm.org\\\/en\\\/\",\"logo\":{\"@type\":\"ImageObject\",\"inLanguage\":\"fr-FR\",\"@id\":\"https:\\\/\\\/mwc-cmm.org\\\/en\\\/#\\\/schema\\\/logo\\\/image\\\/\",\"url\":\"https:\\\/\\\/mwc-cmm.org\\\/wp-content\\\/uploads\\\/2026\\\/01\\\/MWC_Sig_Blue_Horiz_webheader1-logo.svg\",\"contentUrl\":\"https:\\\/\\\/mwc-cmm.org\\\/wp-content\\\/uploads\\\/2026\\\/01\\\/MWC_Sig_Blue_Horiz_webheader1-logo.svg\",\"width\":786,\"height\":82,\"caption\":\"Mennonite World Conference\"},\"image\":{\"@id\":\"https:\\\/\\\/mwc-cmm.org\\\/en\\\/#\\\/schema\\\/logo\\\/image\\\/\"},\"sameAs\":[\"https:\\\/\\\/www.facebook.com\\\/MennoniteWorldConference\",\"https:\\\/\\\/www.linkedin.com\\\/company\\\/mennonite-world-conference-mwc\\\/\",\"https:\\\/\\\/www.instagram.com\\\/mwcmm\\\/\",\"https:\\\/\\\/www.youtube.com\\\/user\\\/mwccmm\",\"https:\\\/\\\/bsky.app\\\/profile\\\/mwcmm.bsky.social\"]},{\"@type\":\"Person\",\"@id\":\"https:\\\/\\\/mwc-cmm.org\\\/en\\\/#\\\/schema\\\/person\\\/11f6ae0d7d1868ba20a1cc27f067c836\",\"name\":\"mennworldcon\",\"image\":{\"@type\":\"ImageObject\",\"inLanguage\":\"fr-FR\",\"@id\":\"https:\\\/\\\/secure.gravatar.com\\\/avatar\\\/06fdc0dc81c157dfdb82ec42f252178a22307808988d22c043f9eb96f1e0fe80?s=96&d=mm&r=g\",\"url\":\"https:\\\/\\\/secure.gravatar.com\\\/avatar\\\/06fdc0dc81c157dfdb82ec42f252178a22307808988d22c043f9eb96f1e0fe80?s=96&d=mm&r=g\",\"contentUrl\":\"https:\\\/\\\/secure.gravatar.com\\\/avatar\\\/06fdc0dc81c157dfdb82ec42f252178a22307808988d22c043f9eb96f1e0fe80?s=96&d=mm&r=g\",\"caption\":\"mennworldcon\"},\"sameAs\":[\"https:\\\/\\\/mwc-cmm.org\"],\"url\":\"https:\\\/\\\/mwc-cmm.org\\\/fr\\\/stories\\\/author\\\/mennworldcon\\\/\"}]}<\/script>\n<!-- \/ Yoast SEO plugin. -->","yoast_head_json":{"title":"Appel aux chr\u00e9tiens - Mennonite World Conference","robots":{"index":"index","follow":"follow","max-snippet":"max-snippet:-1","max-image-preview":"max-image-preview:large","max-video-preview":"max-video-preview:-1"},"canonical":"https:\/\/mwc-cmm.org\/en\/stories\/calling-christians\/","og_locale":"fr_FR","og_type":"article","og_title":"Appel aux chr\u00e9tiens - Mennonite World Conference","og_description":"Les discours de haine et d\u2019intol\u00e9rance ne faisant que s\u2019amplifier autour de nous, notre communaut\u00e9 chr\u00e9tienne d\u2019Indon\u00e9sie a une vocation difficile. De nombreux groupes ainsi que des \u00e9coles islamiques travaillent activement \u00e0 faire de la R\u00e9publique d\u2019Indon\u00e9sie un pays ayant une id\u00e9ologie religieuse nationale : un pays islamique. Ce mouvement s\u2019est renforc\u00e9 ces 10 derni\u00e8res [&hellip;]","og_url":"https:\/\/mwc-cmm.org\/en\/stories\/calling-christians\/","og_site_name":"Mennonite World Conference","article_publisher":"https:\/\/www.facebook.com\/MennoniteWorldConference","article_published_time":"2022-01-31T00:00:00+00:00","article_modified_time":"2024-12-10T17:18:38+00:00","og_image":[{"width":1280,"height":720,"url":"https:\/\/mwc-cmm.org\/wp-content\/uploads\/2024\/11\/outdoor_fellowship_at_gitj_source_gitj_synod.jpg","type":"image\/jpeg"}],"author":"mennworldcon","schema":{"@context":"https:\/\/schema.org","@graph":[{"@type":"Article","@id":"https:\/\/mwc-cmm.org\/en\/stories\/calling-christians\/#article","isPartOf":{"@id":"https:\/\/mwc-cmm.org\/en\/stories\/calling-christians\/"},"author":{"name":"mennworldcon","@id":"https:\/\/mwc-cmm.org\/en\/#\/schema\/person\/11f6ae0d7d1868ba20a1cc27f067c836"},"headline":"Appel aux chr\u00e9tiens","datePublished":"2022-01-31T00:00:00+00:00","dateModified":"2024-12-10T17:18:38+00:00","mainEntityOfPage":{"@id":"https:\/\/mwc-cmm.org\/en\/stories\/calling-christians\/"},"wordCount":1368,"publisher":{"@id":"https:\/\/mwc-cmm.org\/en\/#organization"},"image":{"@id":"https:\/\/mwc-cmm.org\/en\/stories\/calling-christians\/#primaryimage"},"thumbnailUrl":"https:\/\/mwc-cmm.org\/wp-content\/uploads\/2024\/11\/outdoor_fellowship_at_gitj_source_gitj_synod.jpg","articleSection":["Non classifi\u00e9(e)"],"inLanguage":"fr-FR"},{"@type":"WebPage","@id":"https:\/\/mwc-cmm.org\/en\/stories\/calling-christians\/","url":"https:\/\/mwc-cmm.org\/en\/stories\/calling-christians\/","name":"Appel aux chr\u00e9tiens - Mennonite World Conference","isPartOf":{"@id":"https:\/\/mwc-cmm.org\/en\/#website"},"primaryImageOfPage":{"@id":"https:\/\/mwc-cmm.org\/en\/stories\/calling-christians\/#primaryimage"},"image":{"@id":"https:\/\/mwc-cmm.org\/en\/stories\/calling-christians\/#primaryimage"},"thumbnailUrl":"https:\/\/mwc-cmm.org\/wp-content\/uploads\/2024\/11\/outdoor_fellowship_at_gitj_source_gitj_synod.jpg","datePublished":"2022-01-31T00:00:00+00:00","dateModified":"2024-12-10T17:18:38+00:00","breadcrumb":{"@id":"https:\/\/mwc-cmm.org\/en\/stories\/calling-christians\/#breadcrumb"},"inLanguage":"fr-FR","potentialAction":[{"@type":"ReadAction","target":["https:\/\/mwc-cmm.org\/en\/stories\/calling-christians\/"]}]},{"@type":"ImageObject","inLanguage":"fr-FR","@id":"https:\/\/mwc-cmm.org\/en\/stories\/calling-christians\/#primaryimage","url":"https:\/\/mwc-cmm.org\/wp-content\/uploads\/2024\/11\/outdoor_fellowship_at_gitj_source_gitj_synod.jpg","contentUrl":"https:\/\/mwc-cmm.org\/wp-content\/uploads\/2024\/11\/outdoor_fellowship_at_gitj_source_gitj_synod.jpg","width":1280,"height":720},{"@type":"BreadcrumbList","@id":"https:\/\/mwc-cmm.org\/en\/stories\/calling-christians\/#breadcrumb","itemListElement":[{"@type":"ListItem","position":1,"name":"Home","item":"https:\/\/mwc-cmm.org\/fr\/"},{"@type":"ListItem","position":2,"name":"Appel aux chr\u00e9tiens"}]},{"@type":"WebSite","@id":"https:\/\/mwc-cmm.org\/en\/#website","url":"https:\/\/mwc-cmm.org\/en\/","name":"Mennonite World Conference","description":"A communion of Anabaptist-related churches","publisher":{"@id":"https:\/\/mwc-cmm.org\/en\/#organization"},"alternateName":"MWC","potentialAction":[{"@type":"SearchAction","target":{"@type":"EntryPoint","urlTemplate":"https:\/\/mwc-cmm.org\/en\/?s={search_term_string}"},"query-input":{"@type":"PropertyValueSpecification","valueRequired":true,"valueName":"search_term_string"}}],"inLanguage":"fr-FR"},{"@type":"Organization","@id":"https:\/\/mwc-cmm.org\/en\/#organization","name":"Mennonite World Conference","alternateName":"MWC","url":"https:\/\/mwc-cmm.org\/en\/","logo":{"@type":"ImageObject","inLanguage":"fr-FR","@id":"https:\/\/mwc-cmm.org\/en\/#\/schema\/logo\/image\/","url":"https:\/\/mwc-cmm.org\/wp-content\/uploads\/2026\/01\/MWC_Sig_Blue_Horiz_webheader1-logo.svg","contentUrl":"https:\/\/mwc-cmm.org\/wp-content\/uploads\/2026\/01\/MWC_Sig_Blue_Horiz_webheader1-logo.svg","width":786,"height":82,"caption":"Mennonite World Conference"},"image":{"@id":"https:\/\/mwc-cmm.org\/en\/#\/schema\/logo\/image\/"},"sameAs":["https:\/\/www.facebook.com\/MennoniteWorldConference","https:\/\/www.linkedin.com\/company\/mennonite-world-conference-mwc\/","https:\/\/www.instagram.com\/mwcmm\/","https:\/\/www.youtube.com\/user\/mwccmm","https:\/\/bsky.app\/profile\/mwcmm.bsky.social"]},{"@type":"Person","@id":"https:\/\/mwc-cmm.org\/en\/#\/schema\/person\/11f6ae0d7d1868ba20a1cc27f067c836","name":"mennworldcon","image":{"@type":"ImageObject","inLanguage":"fr-FR","@id":"https:\/\/secure.gravatar.com\/avatar\/06fdc0dc81c157dfdb82ec42f252178a22307808988d22c043f9eb96f1e0fe80?s=96&d=mm&r=g","url":"https:\/\/secure.gravatar.com\/avatar\/06fdc0dc81c157dfdb82ec42f252178a22307808988d22c043f9eb96f1e0fe80?s=96&d=mm&r=g","contentUrl":"https:\/\/secure.gravatar.com\/avatar\/06fdc0dc81c157dfdb82ec42f252178a22307808988d22c043f9eb96f1e0fe80?s=96&d=mm&r=g","caption":"mennworldcon"},"sameAs":["https:\/\/mwc-cmm.org"],"url":"https:\/\/mwc-cmm.org\/fr\/stories\/author\/mennworldcon\/"}]}},"_links":{"self":[{"href":"https:\/\/mwc-cmm.org\/fr\/wp-json\/wp\/v2\/posts\/10346","targetHints":{"allow":["GET"]}}],"collection":[{"href":"https:\/\/mwc-cmm.org\/fr\/wp-json\/wp\/v2\/posts"}],"about":[{"href":"https:\/\/mwc-cmm.org\/fr\/wp-json\/wp\/v2\/types\/post"}],"author":[{"embeddable":true,"href":"https:\/\/mwc-cmm.org\/fr\/wp-json\/wp\/v2\/users\/1"}],"replies":[{"embeddable":true,"href":"https:\/\/mwc-cmm.org\/fr\/wp-json\/wp\/v2\/comments?post=10346"}],"version-history":[{"count":0,"href":"https:\/\/mwc-cmm.org\/fr\/wp-json\/wp\/v2\/posts\/10346\/revisions"}],"wp:featuredmedia":[{"embeddable":true,"href":"https:\/\/mwc-cmm.org\/fr\/wp-json\/wp\/v2\/media\/94591"}],"wp:attachment":[{"href":"https:\/\/mwc-cmm.org\/fr\/wp-json\/wp\/v2\/media?parent=10346"}],"wp:term":[{"taxonomy":"category","embeddable":true,"href":"https:\/\/mwc-cmm.org\/fr\/wp-json\/wp\/v2\/categories?post=10346"},{"taxonomy":"post_tag","embeddable":true,"href":"https:\/\/mwc-cmm.org\/fr\/wp-json\/wp\/v2\/tags?post=10346"},{"taxonomy":"network","embeddable":true,"href":"https:\/\/mwc-cmm.org\/fr\/wp-json\/wp\/v2\/network?post=10346"},{"taxonomy":"eventcategory","embeddable":true,"href":"https:\/\/mwc-cmm.org\/fr\/wp-json\/wp\/v2\/eventcategory?post=10346"}],"curies":[{"name":"wp","href":"https:\/\/api.w.org\/{rel}","templated":true}]}}