{"id":10333,"date":"2022-01-04T00:00:00","date_gmt":"2022-01-04T00:00:00","guid":{"rendered":"https:\/\/mwc-cmm.org\/how-mennonites-came-to-be-5\/"},"modified":"2024-12-10T17:18:32","modified_gmt":"2024-12-10T17:18:32","slug":"comment-sont-apparus-les-mennonites","status":"publish","type":"post","link":"https:\/\/mwc-cmm.org\/fr\/stories\/comment-sont-apparus-les-mennonites\/","title":{"rendered":"Comment sont apparus les mennonites"},"content":{"rendered":"<h3>Contexte historique pour le Dimanche de la Fraternit\u00e9 Anabaptiste Mondiale<\/h3>\n<p>L\u2019anabaptisme est un mouvement chr\u00e9tien dont les origines remontent \u00e0 la R\u00e9forme radicale. La date la plus largement reconnue de la naissance de l\u2019anabaptisme est le 21 janvier 1525, lorsque Conrad Grebel baptisa George Blaurock dans la maison de Felix Manz \u00e0 Zurich, en Suisse. George Blaurock baptisa imm\u00e9diatement plusieurs autres personnes apr\u00e8s confession de leur foi. Ces bapt\u00eames sont les premiers \u00ab rebapt\u00eames \u00bb connus de notre mouvement.<\/p>\n<p>L\u2019anabaptisme a donn\u00e9 naissance \u00e0 plusieurs groupes en Europe au cours des ann\u00e9es 1500 &#8211; y compris aux mennonites (du nom de Menno Simons des Pays-Bas) &#8211; et s\u2019est r\u00e9pandu dans plusieurs endroits. Les membres de ce mouvement ont continu\u00e9 \u00e0 se d\u00e9placer et \u00e0 cro\u00eetre en nombre \u00e0 travers le monde au cours des si\u00e8cles suivants.<\/p>\n<p>La Conf\u00e9rence Mennonite Mondiale a commenc\u00e9 en 1925 comme un moyen de rassembler les nombreuses \u00c9glises de diff\u00e9rents courants anabaptistes. Aujourd\u2019hui, la CMM compte des \u00c9glises membres dans 58 pays, chacune avec sa propre histoire de naissance et d\u2019adh\u00e9sion&nbsp;\u00e0 la communion anabaptiste. Le Dimanche de la Fraternit\u00e9 Anabaptiste Mondiale est un \u00e9v\u00e9nement annuel pour les paroisses membres de la CMM du monde entier, l\u2019occasion de louer ensemble en esprit en utilisant le m\u00eame mat\u00e9riel pour le culte, conscients que nous nous appartenons les uns aux autres dans cette famille mondiale de foi.<\/p>\n<p style=\"text-align:center\"><a href=\"https:\/\/mwc-cmm.org\/fr\/resources\/dimanche-de-la-fraternite-anabaptiste-mondiale-2022\"><img decoding=\"async\" alt=\"\" height=\"200\" data-src=\"https:\/\/mwc-cmm.org\/wp-content\/uploads\/2024\/11\/fr_0.jpg\" width=\"600\" src=\"data:image\/svg+xml;base64,PHN2ZyB3aWR0aD0iMSIgaGVpZ2h0PSIxIiB4bWxucz0iaHR0cDovL3d3dy53My5vcmcvMjAwMC9zdmciPjwvc3ZnPg==\" class=\"lazyload\" style=\"--smush-placeholder-width: 600px; --smush-placeholder-aspect-ratio: 600\/200;\"><\/a><\/p>\n<hr>\n<h2>Comment sont apparus les mennonites<\/h2>\n<p>Le mouvement anabaptiste a commenc\u00e9 dans le cadre d\u2019un mouvement de renouveau au sein de l\u2019\u00c9glise catholique en Europe au d\u00e9but du XVIe si\u00e8cle. Une partie de son inspiration vient de la tradition catholique : le fort sens de la discipline et de la communaut\u00e9 que l\u2019on retrouve dans le monachisme, par exemple, l\u2019attention port\u00e9e sur le Saint-Esprit que l\u2019on pourrait trouver dans le mysticisme catholique, ou l\u2019accent mis sur le fait de suivre J\u00e9sus dans la vie quotidienne dans L\u2019Imitation du Christ, de Thomas \u00e1 Kempis. L\u2019anabaptisme doit \u00e9galement beaucoup \u00e0 Martin Luther et au premier mouvement de la R\u00e9forme, en particulier en ce qui concerne l\u2019accent mis par Luther sur l\u2019autorit\u00e9 des \u00c9critures et son insistance sur la libert\u00e9 de la conscience chr\u00e9tienne. Ce mouvement a aussi \u00e9t\u00e9 fa\u00e7onn\u00e9 par de profonds troubles sociaux et \u00e9conomiques de l\u2019\u00e9poque, menant \u00e0 la guerre des paysans de 1524-1525.<\/p>\n<p>Les anabaptistes eux-m\u00eames, cependant, auraient dit qu\u2019ils essayaient simplement d\u2019\u00eatre de fid\u00e8les disciples des enseignements de J\u00e9sus et de suivre l\u2019exemple de l\u2019\u00e9glise primitive.<\/p>\n<p>Bien que les dates soient quelque peu arbitraires, le mouvement anabaptiste a \u00ab officiellement \u00bb commenc\u00e9 le 21 janvier 1525 lorsqu\u2019un petit groupe de r\u00e9formateurs chr\u00e9tiens s\u2019est r\u00e9uni pour un culte secret \u00e0 Zurich, en&nbsp;Suisse. Le groupe \u00e9tait frustr\u00e9 par l\u2019h\u00e9sitation de leur chef, Ulrich Zwingli, \u00e0 adopter les changements aux rituels catholiques qu\u2019ils \u00e9taient tous convaincus que la Bible exigeait, en particulier en ce qui concerne la messe et le bapt\u00eame des enfants. D\u2019apr\u00e8s leur lecture des \u00c9critures, le vrai bapt\u00eame chr\u00e9tien suppose un engagement conscient \u00e0 suivre J\u00e9sus \u2013 ce dont aucun enfant n\u2019est capable. Ainsi, le 21 janvier 1525, ce petit groupe accepta de se baptiser \u00e0 l\u2019\u00e2ge adulte. Bien qu\u2019il faille un certain temps avant que la pleine signification du bapt\u00eame ne devienne claire, les premiers anabaptistes avaient compris que cet acte symbolisait la pr\u00e9sence du Saint-Esprit dans le don de la gr\u00e2ce de Dieu, un engagement \u00e0 mener une vie de disciple au quotidien et l\u2019appartenance \u00e0 un nouvelle communaut\u00e9 du peuple de Dieu.<\/p>\n<p>Les membres du mouvement se d\u00e9signaient g\u00e9n\u00e9ralement eux-m\u00eames sous le nom de \u00ab Fr\u00e8res \u00bb (Br\u00fcder) \u2013 ou plus tard par le terme plus descriptif \u00ab du bapt\u00eame \u00bb (Taufgesinnten). Leurs opposants les ont qualifi\u00e9s d\u2019anabaptistes (= rebaptiseurs), en partie parce que le \u00ab rebapt\u00eame \u00bb \u00e9tait une infraction p\u00e9nale dans le Saint Empire romain, passible de la peine de mort. Au d\u00e9but, le groupe a r\u00e9sist\u00e9 au terme \u00ab anabaptiste \u00bb car dans leur esprit, ils ne rebaptisaient pas, mais baptisaient correctement pour la premi\u00e8re fois. Mais avec le temps, le nom est rest\u00e9. Aujourd\u2019hui, anabaptiste est un terme fran\u00e7ais qui englobe tous les groupes issus de la R\u00e9forme qui pratiquaient le bapt\u00eame des croyants (plut\u00f4t que des enfants), et les d\u00e9nominations qui en descendent comme les Amish, les Mennonites et les Hutt\u00e9rites.<\/p>\n<p>Au fil du temps, cependant, un mouvement coh\u00e9rent a \u00e9merg\u00e9. Son identit\u00e9 s\u2019est forg\u00e9e, en partie au moins, de par la n\u00e9cessit\u00e9 de r\u00e9pondre \u00e0 plusieurs besoins sp\u00e9cifiques. Premi\u00e8rement, en r\u00e9ponse aux accusations d\u2019h\u00e9r\u00e9sie par les autorit\u00e9s religieuses et politiques dans la premi\u00e8re moiti\u00e9 du XVIe si\u00e8cle, les anabaptistes&nbsp;se sont rapidement d\u00e9finis comme des chr\u00e9tiens fid\u00e8les et croyant en la Bible. Deuxi\u00e8mement, des voix militantes parmi eux, pr\u00eates \u00e0 imposer le changement social et religieux par la violence, ont forc\u00e9 les anabaptistes \u00e0 clarifier leur identit\u00e9 en tant que chr\u00e9tiens pacifiques, respectueux des lois et non r\u00e9sistants dont la seule arme \u00e9tait l\u2019amour. Et enfin, face aux dissidents spiritualistes qui privil\u00e9giaient une exp\u00e9rience religieuse interne qui pouvait \u00e9viter les disputes th\u00e9ologiques et passer inaper\u00e7ues par les autorit\u00e9s, les anabaptistes ont \u00e9t\u00e9 oblig\u00e9s de d\u00e9fendre la nature publique et visible de l\u2019\u00e9glise.<\/p>\n<p>Malgr\u00e9 la diversit\u00e9 \u00e9vidente de la th\u00e9ologie et de la pratique parmi la premi\u00e8re g\u00e9n\u00e9ration d\u2019anabaptistes, trois groupes coh\u00e9rents ont \u00e9merg\u00e9 dans les ann\u00e9es 1540 : les Fr\u00e8res suisses dans les territoires germanophones ; les Hutt\u00e9rites en Moravie ; et les mennonites des Pays-Bas et de l\u2019Allemagne du Nord qui guid\u00e9s par Menno Simons. Bien que ces groupes diff\u00e8rent sur des points importants, ils se reconnaissent n\u00e9anmoins comme membres de la m\u00eame tradition religieuse, de sorte que leurs d\u00e9saccords internes prennent souvent la forme d\u2019une querelle de famille.<\/p>\n<hr>\n<h5><img decoding=\"async\" alt=\"\" height=\"75\" data-src=\"https:\/\/mwc-cmm.org\/wp-content\/uploads\/2024\/10\/2022-awfs-stories-book_cover.jpg\" style=\"--smush-placeholder-width: 52px; --smush-placeholder-aspect-ratio: 52\/75;float:left\" width=\"52\" src=\"data:image\/svg+xml;base64,PHN2ZyB3aWR0aD0iMSIgaGVpZ2h0PSIxIiB4bWxucz0iaHR0cDovL3d3dy53My5vcmcvMjAwMC9zdmciPjwvc3ZnPg==\" class=\"lazyload\">Extraits de <a href=\"https:\/\/heraldpress.com\/books\/stories-how-mennonites-came-to-be\/\"><em>Stories: How Mennonites Came to Be<\/em><\/a>, de John D. Roth, Herald Press, 2006. Adapt\u00e9 et utilis\u00e9 avec la permission de l\u2019auteur<\/h5>\n<p>&nbsp;<\/p>\n<p>&nbsp;<\/p>\n<h6><a href=\"https:\/\/mwc-cmm.org\/fr\/resources\/dimanche-de-la-fraternite-anabaptiste-mondiale-2022\">Mat\u00e9riaux du dimanche de la fraternit\u00e9 Anabaptiste mondiale<\/a><\/h6>\n<h6>#DimancheFraterniteAnabaptisteMondiale #mwcmm<\/h6>\n","protected":false},"excerpt":{"rendered":"<p>Contexte historique pour le Dimanche de la Fraternit\u00e9 Anabaptiste Mondiale L\u2019anabaptisme est un mouvement chr\u00e9tien dont les origines remontent \u00e0 la R\u00e9forme radicale. La date la plus largement reconnue de la naissance de l\u2019anabaptisme est le 21 janvier 1525, lorsque Conrad Grebel baptisa George Blaurock dans la maison de Felix Manz \u00e0 Zurich, en Suisse. [&hellip;]<\/p>\n","protected":false},"author":1,"featured_media":94438,"comment_status":"closed","ping_status":"closed","sticky":false,"template":"","format":"standard","meta":{"_acf_changed":false,"footnotes":""},"categories":[7],"tags":[939,444,491,442],"network":[],"eventcategory":[1500],"class_list":["post-10333","post","type-post","status-publish","format-standard","has-post-thumbnail","hentry","category-non-classifiee","tag-anabaptiste","tag-awfs-fr","tag-dimanche-fraternite-anabaptiste-mondiale","tag-history-fr","eventcategory-anabaptist-world-fellowship-sunday-fr"],"acf":[],"yoast_head":"<!-- This site is optimized with the Yoast SEO plugin v27.5 - https:\/\/yoast.com\/product\/yoast-seo-wordpress\/ -->\n<title>Comment sont apparus les mennonites - Mennonite World Conference<\/title>\n<meta name=\"robots\" content=\"index, follow, max-snippet:-1, max-image-preview:large, max-video-preview:-1\" \/>\n<link rel=\"canonical\" href=\"https:\/\/mwc-cmm.org\/fr\/stories\/comment-sont-apparus-les-mennonites\/\" \/>\n<meta property=\"og:locale\" content=\"fr_FR\" \/>\n<meta property=\"og:type\" content=\"article\" \/>\n<meta property=\"og:title\" content=\"Comment sont apparus les mennonites - Mennonite World Conference\" \/>\n<meta property=\"og:description\" content=\"Contexte historique pour le Dimanche de la Fraternit\u00e9 Anabaptiste Mondiale L\u2019anabaptisme est un mouvement chr\u00e9tien dont les origines remontent \u00e0 la R\u00e9forme radicale. La date la plus largement reconnue de la naissance de l\u2019anabaptisme est le 21 janvier 1525, lorsque Conrad Grebel baptisa George Blaurock dans la maison de Felix Manz \u00e0 Zurich, en Suisse. [&hellip;]\" \/>\n<meta property=\"og:url\" content=\"https:\/\/mwc-cmm.org\/fr\/stories\/comment-sont-apparus-les-mennonites\/\" \/>\n<meta property=\"og:site_name\" content=\"Mennonite World Conference\" \/>\n<meta property=\"article:publisher\" content=\"https:\/\/www.facebook.com\/MennoniteWorldConference\" \/>\n<meta property=\"article:published_time\" content=\"2022-01-04T00:00:00+00:00\" \/>\n<meta property=\"article:modified_time\" content=\"2024-12-10T17:18:32+00:00\" \/>\n<meta property=\"og:image\" content=\"https:\/\/mwc-cmm.org\/wp-content\/uploads\/2024\/11\/51372254326_10b2ef2ae2_k.jpg\" \/>\n\t<meta property=\"og:image:width\" content=\"2048\" \/>\n\t<meta property=\"og:image:height\" content=\"1536\" \/>\n\t<meta property=\"og:image:type\" content=\"image\/jpeg\" \/>\n<meta name=\"author\" content=\"mennworldcon\" \/>\n<script type=\"application\/ld+json\" class=\"yoast-schema-graph\">{\"@context\":\"https:\\\/\\\/schema.org\",\"@graph\":[{\"@type\":\"Article\",\"@id\":\"https:\\\/\\\/mwc-cmm.org\\\/fr\\\/stories\\\/comment-sont-apparus-les-mennonites\\\/#article\",\"isPartOf\":{\"@id\":\"https:\\\/\\\/mwc-cmm.org\\\/fr\\\/stories\\\/comment-sont-apparus-les-mennonites\\\/\"},\"author\":{\"name\":\"mennworldcon\",\"@id\":\"https:\\\/\\\/mwc-cmm.org\\\/en\\\/#\\\/schema\\\/person\\\/11f6ae0d7d1868ba20a1cc27f067c836\"},\"headline\":\"Comment sont apparus les mennonites\",\"datePublished\":\"2022-01-04T00:00:00+00:00\",\"dateModified\":\"2024-12-10T17:18:32+00:00\",\"mainEntityOfPage\":{\"@id\":\"https:\\\/\\\/mwc-cmm.org\\\/fr\\\/stories\\\/comment-sont-apparus-les-mennonites\\\/\"},\"wordCount\":1073,\"publisher\":{\"@id\":\"https:\\\/\\\/mwc-cmm.org\\\/en\\\/#organization\"},\"image\":{\"@id\":\"https:\\\/\\\/mwc-cmm.org\\\/fr\\\/stories\\\/comment-sont-apparus-les-mennonites\\\/#primaryimage\"},\"thumbnailUrl\":\"https:\\\/\\\/mwc-cmm.org\\\/wp-content\\\/uploads\\\/2024\\\/11\\\/51372254326_10b2ef2ae2_k.jpg\",\"keywords\":[\"anabaptiste\",\"AWFS\",\"Dimanche de la Fraternit\u00e9 Anabaptiste Mondiale\",\"histoire\"],\"articleSection\":[\"Non classifi\u00e9(e)\"],\"inLanguage\":\"fr-FR\"},{\"@type\":\"WebPage\",\"@id\":\"https:\\\/\\\/mwc-cmm.org\\\/fr\\\/stories\\\/comment-sont-apparus-les-mennonites\\\/\",\"url\":\"https:\\\/\\\/mwc-cmm.org\\\/fr\\\/stories\\\/comment-sont-apparus-les-mennonites\\\/\",\"name\":\"Comment sont apparus les mennonites - Mennonite World Conference\",\"isPartOf\":{\"@id\":\"https:\\\/\\\/mwc-cmm.org\\\/en\\\/#website\"},\"primaryImageOfPage\":{\"@id\":\"https:\\\/\\\/mwc-cmm.org\\\/fr\\\/stories\\\/comment-sont-apparus-les-mennonites\\\/#primaryimage\"},\"image\":{\"@id\":\"https:\\\/\\\/mwc-cmm.org\\\/fr\\\/stories\\\/comment-sont-apparus-les-mennonites\\\/#primaryimage\"},\"thumbnailUrl\":\"https:\\\/\\\/mwc-cmm.org\\\/wp-content\\\/uploads\\\/2024\\\/11\\\/51372254326_10b2ef2ae2_k.jpg\",\"datePublished\":\"2022-01-04T00:00:00+00:00\",\"dateModified\":\"2024-12-10T17:18:32+00:00\",\"breadcrumb\":{\"@id\":\"https:\\\/\\\/mwc-cmm.org\\\/fr\\\/stories\\\/comment-sont-apparus-les-mennonites\\\/#breadcrumb\"},\"inLanguage\":\"fr-FR\",\"potentialAction\":[{\"@type\":\"ReadAction\",\"target\":[\"https:\\\/\\\/mwc-cmm.org\\\/fr\\\/stories\\\/comment-sont-apparus-les-mennonites\\\/\"]}]},{\"@type\":\"ImageObject\",\"inLanguage\":\"fr-FR\",\"@id\":\"https:\\\/\\\/mwc-cmm.org\\\/fr\\\/stories\\\/comment-sont-apparus-les-mennonites\\\/#primaryimage\",\"url\":\"https:\\\/\\\/mwc-cmm.org\\\/wp-content\\\/uploads\\\/2024\\\/11\\\/51372254326_10b2ef2ae2_k.jpg\",\"contentUrl\":\"https:\\\/\\\/mwc-cmm.org\\\/wp-content\\\/uploads\\\/2024\\\/11\\\/51372254326_10b2ef2ae2_k.jpg\",\"width\":2048,\"height\":1536},{\"@type\":\"BreadcrumbList\",\"@id\":\"https:\\\/\\\/mwc-cmm.org\\\/fr\\\/stories\\\/comment-sont-apparus-les-mennonites\\\/#breadcrumb\",\"itemListElement\":[{\"@type\":\"ListItem\",\"position\":1,\"name\":\"Home\",\"item\":\"https:\\\/\\\/mwc-cmm.org\\\/fr\\\/\"},{\"@type\":\"ListItem\",\"position\":2,\"name\":\"Comment sont apparus les mennonites\"}]},{\"@type\":\"WebSite\",\"@id\":\"https:\\\/\\\/mwc-cmm.org\\\/en\\\/#website\",\"url\":\"https:\\\/\\\/mwc-cmm.org\\\/en\\\/\",\"name\":\"Mennonite World Conference\",\"description\":\"A communion of Anabaptist-related churches\",\"publisher\":{\"@id\":\"https:\\\/\\\/mwc-cmm.org\\\/en\\\/#organization\"},\"alternateName\":\"MWC\",\"potentialAction\":[{\"@type\":\"SearchAction\",\"target\":{\"@type\":\"EntryPoint\",\"urlTemplate\":\"https:\\\/\\\/mwc-cmm.org\\\/en\\\/?s={search_term_string}\"},\"query-input\":{\"@type\":\"PropertyValueSpecification\",\"valueRequired\":true,\"valueName\":\"search_term_string\"}}],\"inLanguage\":\"fr-FR\"},{\"@type\":\"Organization\",\"@id\":\"https:\\\/\\\/mwc-cmm.org\\\/en\\\/#organization\",\"name\":\"Mennonite World Conference\",\"alternateName\":\"MWC\",\"url\":\"https:\\\/\\\/mwc-cmm.org\\\/en\\\/\",\"logo\":{\"@type\":\"ImageObject\",\"inLanguage\":\"fr-FR\",\"@id\":\"https:\\\/\\\/mwc-cmm.org\\\/en\\\/#\\\/schema\\\/logo\\\/image\\\/\",\"url\":\"https:\\\/\\\/mwc-cmm.org\\\/wp-content\\\/uploads\\\/2026\\\/01\\\/MWC_Sig_Blue_Horiz_webheader1-logo.svg\",\"contentUrl\":\"https:\\\/\\\/mwc-cmm.org\\\/wp-content\\\/uploads\\\/2026\\\/01\\\/MWC_Sig_Blue_Horiz_webheader1-logo.svg\",\"width\":786,\"height\":82,\"caption\":\"Mennonite World Conference\"},\"image\":{\"@id\":\"https:\\\/\\\/mwc-cmm.org\\\/en\\\/#\\\/schema\\\/logo\\\/image\\\/\"},\"sameAs\":[\"https:\\\/\\\/www.facebook.com\\\/MennoniteWorldConference\",\"https:\\\/\\\/www.linkedin.com\\\/company\\\/mennonite-world-conference-mwc\\\/\",\"https:\\\/\\\/www.instagram.com\\\/mwcmm\\\/\",\"https:\\\/\\\/www.youtube.com\\\/user\\\/mwccmm\",\"https:\\\/\\\/bsky.app\\\/profile\\\/mwcmm.bsky.social\"]},{\"@type\":\"Person\",\"@id\":\"https:\\\/\\\/mwc-cmm.org\\\/en\\\/#\\\/schema\\\/person\\\/11f6ae0d7d1868ba20a1cc27f067c836\",\"name\":\"mennworldcon\",\"image\":{\"@type\":\"ImageObject\",\"inLanguage\":\"fr-FR\",\"@id\":\"https:\\\/\\\/secure.gravatar.com\\\/avatar\\\/06fdc0dc81c157dfdb82ec42f252178a22307808988d22c043f9eb96f1e0fe80?s=96&d=mm&r=g\",\"url\":\"https:\\\/\\\/secure.gravatar.com\\\/avatar\\\/06fdc0dc81c157dfdb82ec42f252178a22307808988d22c043f9eb96f1e0fe80?s=96&d=mm&r=g\",\"contentUrl\":\"https:\\\/\\\/secure.gravatar.com\\\/avatar\\\/06fdc0dc81c157dfdb82ec42f252178a22307808988d22c043f9eb96f1e0fe80?s=96&d=mm&r=g\",\"caption\":\"mennworldcon\"},\"sameAs\":[\"https:\\\/\\\/mwc-cmm.org\"],\"url\":\"https:\\\/\\\/mwc-cmm.org\\\/fr\\\/stories\\\/author\\\/mennworldcon\\\/\"}]}<\/script>\n<!-- \/ Yoast SEO plugin. -->","yoast_head_json":{"title":"Comment sont apparus les mennonites - Mennonite World Conference","robots":{"index":"index","follow":"follow","max-snippet":"max-snippet:-1","max-image-preview":"max-image-preview:large","max-video-preview":"max-video-preview:-1"},"canonical":"https:\/\/mwc-cmm.org\/fr\/stories\/comment-sont-apparus-les-mennonites\/","og_locale":"fr_FR","og_type":"article","og_title":"Comment sont apparus les mennonites - Mennonite World Conference","og_description":"Contexte historique pour le Dimanche de la Fraternit\u00e9 Anabaptiste Mondiale L\u2019anabaptisme est un mouvement chr\u00e9tien dont les origines remontent \u00e0 la R\u00e9forme radicale. La date la plus largement reconnue de la naissance de l\u2019anabaptisme est le 21 janvier 1525, lorsque Conrad Grebel baptisa George Blaurock dans la maison de Felix Manz \u00e0 Zurich, en Suisse. [&hellip;]","og_url":"https:\/\/mwc-cmm.org\/fr\/stories\/comment-sont-apparus-les-mennonites\/","og_site_name":"Mennonite World Conference","article_publisher":"https:\/\/www.facebook.com\/MennoniteWorldConference","article_published_time":"2022-01-04T00:00:00+00:00","article_modified_time":"2024-12-10T17:18:32+00:00","og_image":[{"width":2048,"height":1536,"url":"https:\/\/mwc-cmm.org\/wp-content\/uploads\/2024\/11\/51372254326_10b2ef2ae2_k.jpg","type":"image\/jpeg"}],"author":"mennworldcon","schema":{"@context":"https:\/\/schema.org","@graph":[{"@type":"Article","@id":"https:\/\/mwc-cmm.org\/fr\/stories\/comment-sont-apparus-les-mennonites\/#article","isPartOf":{"@id":"https:\/\/mwc-cmm.org\/fr\/stories\/comment-sont-apparus-les-mennonites\/"},"author":{"name":"mennworldcon","@id":"https:\/\/mwc-cmm.org\/en\/#\/schema\/person\/11f6ae0d7d1868ba20a1cc27f067c836"},"headline":"Comment sont apparus les mennonites","datePublished":"2022-01-04T00:00:00+00:00","dateModified":"2024-12-10T17:18:32+00:00","mainEntityOfPage":{"@id":"https:\/\/mwc-cmm.org\/fr\/stories\/comment-sont-apparus-les-mennonites\/"},"wordCount":1073,"publisher":{"@id":"https:\/\/mwc-cmm.org\/en\/#organization"},"image":{"@id":"https:\/\/mwc-cmm.org\/fr\/stories\/comment-sont-apparus-les-mennonites\/#primaryimage"},"thumbnailUrl":"https:\/\/mwc-cmm.org\/wp-content\/uploads\/2024\/11\/51372254326_10b2ef2ae2_k.jpg","keywords":["anabaptiste","AWFS","Dimanche de la Fraternit\u00e9 Anabaptiste Mondiale","histoire"],"articleSection":["Non classifi\u00e9(e)"],"inLanguage":"fr-FR"},{"@type":"WebPage","@id":"https:\/\/mwc-cmm.org\/fr\/stories\/comment-sont-apparus-les-mennonites\/","url":"https:\/\/mwc-cmm.org\/fr\/stories\/comment-sont-apparus-les-mennonites\/","name":"Comment sont apparus les mennonites - Mennonite World Conference","isPartOf":{"@id":"https:\/\/mwc-cmm.org\/en\/#website"},"primaryImageOfPage":{"@id":"https:\/\/mwc-cmm.org\/fr\/stories\/comment-sont-apparus-les-mennonites\/#primaryimage"},"image":{"@id":"https:\/\/mwc-cmm.org\/fr\/stories\/comment-sont-apparus-les-mennonites\/#primaryimage"},"thumbnailUrl":"https:\/\/mwc-cmm.org\/wp-content\/uploads\/2024\/11\/51372254326_10b2ef2ae2_k.jpg","datePublished":"2022-01-04T00:00:00+00:00","dateModified":"2024-12-10T17:18:32+00:00","breadcrumb":{"@id":"https:\/\/mwc-cmm.org\/fr\/stories\/comment-sont-apparus-les-mennonites\/#breadcrumb"},"inLanguage":"fr-FR","potentialAction":[{"@type":"ReadAction","target":["https:\/\/mwc-cmm.org\/fr\/stories\/comment-sont-apparus-les-mennonites\/"]}]},{"@type":"ImageObject","inLanguage":"fr-FR","@id":"https:\/\/mwc-cmm.org\/fr\/stories\/comment-sont-apparus-les-mennonites\/#primaryimage","url":"https:\/\/mwc-cmm.org\/wp-content\/uploads\/2024\/11\/51372254326_10b2ef2ae2_k.jpg","contentUrl":"https:\/\/mwc-cmm.org\/wp-content\/uploads\/2024\/11\/51372254326_10b2ef2ae2_k.jpg","width":2048,"height":1536},{"@type":"BreadcrumbList","@id":"https:\/\/mwc-cmm.org\/fr\/stories\/comment-sont-apparus-les-mennonites\/#breadcrumb","itemListElement":[{"@type":"ListItem","position":1,"name":"Home","item":"https:\/\/mwc-cmm.org\/fr\/"},{"@type":"ListItem","position":2,"name":"Comment sont apparus les mennonites"}]},{"@type":"WebSite","@id":"https:\/\/mwc-cmm.org\/en\/#website","url":"https:\/\/mwc-cmm.org\/en\/","name":"Mennonite World Conference","description":"A communion of Anabaptist-related churches","publisher":{"@id":"https:\/\/mwc-cmm.org\/en\/#organization"},"alternateName":"MWC","potentialAction":[{"@type":"SearchAction","target":{"@type":"EntryPoint","urlTemplate":"https:\/\/mwc-cmm.org\/en\/?s={search_term_string}"},"query-input":{"@type":"PropertyValueSpecification","valueRequired":true,"valueName":"search_term_string"}}],"inLanguage":"fr-FR"},{"@type":"Organization","@id":"https:\/\/mwc-cmm.org\/en\/#organization","name":"Mennonite World Conference","alternateName":"MWC","url":"https:\/\/mwc-cmm.org\/en\/","logo":{"@type":"ImageObject","inLanguage":"fr-FR","@id":"https:\/\/mwc-cmm.org\/en\/#\/schema\/logo\/image\/","url":"https:\/\/mwc-cmm.org\/wp-content\/uploads\/2026\/01\/MWC_Sig_Blue_Horiz_webheader1-logo.svg","contentUrl":"https:\/\/mwc-cmm.org\/wp-content\/uploads\/2026\/01\/MWC_Sig_Blue_Horiz_webheader1-logo.svg","width":786,"height":82,"caption":"Mennonite World Conference"},"image":{"@id":"https:\/\/mwc-cmm.org\/en\/#\/schema\/logo\/image\/"},"sameAs":["https:\/\/www.facebook.com\/MennoniteWorldConference","https:\/\/www.linkedin.com\/company\/mennonite-world-conference-mwc\/","https:\/\/www.instagram.com\/mwcmm\/","https:\/\/www.youtube.com\/user\/mwccmm","https:\/\/bsky.app\/profile\/mwcmm.bsky.social"]},{"@type":"Person","@id":"https:\/\/mwc-cmm.org\/en\/#\/schema\/person\/11f6ae0d7d1868ba20a1cc27f067c836","name":"mennworldcon","image":{"@type":"ImageObject","inLanguage":"fr-FR","@id":"https:\/\/secure.gravatar.com\/avatar\/06fdc0dc81c157dfdb82ec42f252178a22307808988d22c043f9eb96f1e0fe80?s=96&d=mm&r=g","url":"https:\/\/secure.gravatar.com\/avatar\/06fdc0dc81c157dfdb82ec42f252178a22307808988d22c043f9eb96f1e0fe80?s=96&d=mm&r=g","contentUrl":"https:\/\/secure.gravatar.com\/avatar\/06fdc0dc81c157dfdb82ec42f252178a22307808988d22c043f9eb96f1e0fe80?s=96&d=mm&r=g","caption":"mennworldcon"},"sameAs":["https:\/\/mwc-cmm.org"],"url":"https:\/\/mwc-cmm.org\/fr\/stories\/author\/mennworldcon\/"}]}},"_links":{"self":[{"href":"https:\/\/mwc-cmm.org\/fr\/wp-json\/wp\/v2\/posts\/10333","targetHints":{"allow":["GET"]}}],"collection":[{"href":"https:\/\/mwc-cmm.org\/fr\/wp-json\/wp\/v2\/posts"}],"about":[{"href":"https:\/\/mwc-cmm.org\/fr\/wp-json\/wp\/v2\/types\/post"}],"author":[{"embeddable":true,"href":"https:\/\/mwc-cmm.org\/fr\/wp-json\/wp\/v2\/users\/1"}],"replies":[{"embeddable":true,"href":"https:\/\/mwc-cmm.org\/fr\/wp-json\/wp\/v2\/comments?post=10333"}],"version-history":[{"count":0,"href":"https:\/\/mwc-cmm.org\/fr\/wp-json\/wp\/v2\/posts\/10333\/revisions"}],"wp:featuredmedia":[{"embeddable":true,"href":"https:\/\/mwc-cmm.org\/fr\/wp-json\/wp\/v2\/media\/94438"}],"wp:attachment":[{"href":"https:\/\/mwc-cmm.org\/fr\/wp-json\/wp\/v2\/media?parent=10333"}],"wp:term":[{"taxonomy":"category","embeddable":true,"href":"https:\/\/mwc-cmm.org\/fr\/wp-json\/wp\/v2\/categories?post=10333"},{"taxonomy":"post_tag","embeddable":true,"href":"https:\/\/mwc-cmm.org\/fr\/wp-json\/wp\/v2\/tags?post=10333"},{"taxonomy":"network","embeddable":true,"href":"https:\/\/mwc-cmm.org\/fr\/wp-json\/wp\/v2\/network?post=10333"},{"taxonomy":"eventcategory","embeddable":true,"href":"https:\/\/mwc-cmm.org\/fr\/wp-json\/wp\/v2\/eventcategory?post=10333"}],"curies":[{"name":"wp","href":"https:\/\/api.w.org\/{rel}","templated":true}]}}