{"id":10332,"date":"2022-01-04T00:00:00","date_gmt":"2022-01-04T00:00:00","guid":{"rendered":"https:\/\/mwc-cmm.org\/with-jesus-through-the-storm-3\/"},"modified":"2024-12-10T17:18:31","modified_gmt":"2024-12-10T17:18:31","slug":"avec-jesus-au-coeur-de-la-tempete","status":"publish","type":"post","link":"https:\/\/mwc-cmm.org\/fr\/stories\/avec-jesus-au-coeur-de-la-tempete\/","title":{"rendered":"Avec J\u00e9sus au c\u0153ur de la temp\u00eate"},"content":{"rendered":"<p>Cela fait deux ans que nous, o\u00f9 que nous soyons dans le monde, sommes confront\u00e9s \u00e0 cette p\u00e9riode de pand\u00e9mie. Ces temps ont \u00e9t\u00e9 difficiles avec des fermetures et beaucoup de pertes &#8211; des emplois et m\u00eame des personnes que nous aimons profond\u00e9ment. Personne n\u2019aurait pu imaginer en 2019 que cette p\u00e9riode chaotique allait bouleverser le monde si rapidement.&nbsp;&nbsp;<\/p>\n<p>Tout ce qui s\u2019est pass\u00e9 pourrait nous faire perdre notre paix et notre s\u00e9r\u00e9nit\u00e9. Nous pourrions \u00eatre remplis de peur et d\u2019inqui\u00e9tude face \u00e0 l\u2019avenir. Dans ma contemplation de cette situation difficile, je me souviens de l\u2019histoire de J\u00e9sus qui calme la temp\u00eate.&nbsp;&nbsp;<\/p>\n<h4>J\u00e9sus calme la temp\u00eate&nbsp;<\/h4>\n<blockquote>\n<p>Ce jour-l\u00e0, le soir venu, J\u00e9sus leur dit&nbsp;: \u00ab&nbsp;Passons sur l\u2019autre rive.&nbsp;\u00bb&nbsp;&nbsp;<\/p>\n<p>Quittant la foule, ils emm\u00e8nent J\u00e9sus dans la barque o\u00f9 il se trouvait, et il y avait d\u2019autres barques avec lui.&nbsp;&nbsp;<\/p>\n<p>Survient un grand tourbillon de vent. Les vagues se jetaient sur la barque, au point que d\u00e9j\u00e0 la barque se remplissait.&nbsp;&nbsp;<\/p>\n<p>Et lui, \u00e0 l\u2019arri\u00e8re, sur le coussin, dormait. Ils le r\u00e9veillent et lui disent&nbsp;: \u00ab&nbsp;Ma\u00eetre, cela ne te fait rien que nous p\u00e9rissions&nbsp;?&nbsp;\u00bb&nbsp;&nbsp;<\/p>\n<p>R\u00e9veill\u00e9, il mena\u00e7a le vent et dit \u00e0 la mer&nbsp;: \u00ab&nbsp;Silence&nbsp;! Tais-toi&nbsp;!&nbsp;\u00bb Le vent tomba, et il se fit un grand calme.&nbsp;&nbsp;<\/p>\n<p>J\u00e9sus leur dit&nbsp;: \u00ab&nbsp;Pourquoi avez-vous si peur&nbsp;? Vous n\u2019avez pas encore de foi&nbsp;?&nbsp;\u00bb&nbsp;&nbsp;<\/p>\n<p>Ils furent saisis d\u2019une grande crainte, et ils se disaient entre eux&nbsp;: \u00ab&nbsp;Qui donc est-il, pour que m\u00eame le vent et la mer lui ob\u00e9issent&nbsp;?&nbsp;\u00bb&nbsp;<\/p>\n<p>Marc&nbsp;4\/35-41 (TOB)&nbsp;<\/p>\n<\/blockquote>\n<p>Dans la lecture ci-dessus, plusieurs choses attirent mon attention. La premi\u00e8re est que J\u00e9sus lui-m\u00eame invite ses disciples \u00e0 aller de l\u2019autre c\u00f4t\u00e9 de la mer, mais au milieu du voyage, un ouragan s\u2019abat sur le bateau, de sorte que celui-ci commence \u00e0 se remplir d\u2019eau.&nbsp;&nbsp;<\/p>\n<p><strong>Un<\/strong> premier \u00e9l\u00e9ment \u00e0 retenir est que, bien que les disciples soient avec J\u00e9sus sur le bateau, cela ne signifie pas qu\u2019ils soient \u00e0 l\u2019abri des probl\u00e8mes. Cela ne signifie pas que leur voyage se fera sans heurts, sans obstacles ni probl\u00e8mes. En r\u00e9alit\u00e9, ce n\u2019est pas ce \u00e0 quoi ils s\u2019attendaient. Ce n\u2019\u00e9tait pas une brise paisible qui venait les aider \u00e0 se d\u00e9tendre, mais un vent dangereux et puissant !&nbsp;&nbsp;<\/p>\n<p>Dieu n\u2019a jamais promis que lorsque nous suivrons Dieu, tout ira bien, sans probl\u00e8mes et en toute s\u00e9curit\u00e9. Non ! Ce que Dieu promet, c\u2019est \u00ab&nbsp;Non, je ne te l\u00e2cherai pas, je ne t\u2019abandonnerai pas&nbsp;!&nbsp;\u00bb (H\u00e9breux&nbsp;13\/5b) Quelle que soit la situation dans laquelle nous nous trouvons, Dieu est l\u00e0 avec nous.&nbsp;<\/p>\n<p>Un <strong>deuxi\u00e8me<\/strong> \u00e9l\u00e9ment int\u00e9ressant est que J\u00e9sus s\u2019endort \u00e0 l\u2019arri\u00e8re du bateau jusqu\u2019\u00e0 ce que ses disciples le r\u00e9veillent.&nbsp;<\/p>\n<p>Pourquoi J\u00e9sus dort-il alors que la situation est si chaotique, avec des vagues qui s\u2019\u00e9crasent sur le bateau ? Pour J\u00e9sus, les vagues, le typhon, le vent ne sont pas un probl\u00e8me. Peut-\u00eatre que pour nous, ces choses sont effrayantes et potentiellement mortelles. C\u2019est ce que les disciples ont ressenti. Mais \u00e0 nouveau, je veux souligner que pour J\u00e9sus, c\u2019est une mince affaire.&nbsp;&nbsp;<\/p>\n<p>Pourquoi J\u00e9sus finit-il par se r\u00e9veiller ? J\u00e9sus se r\u00e9veille non pas \u00e0 cause de la temp\u00eate, mais lorsque ses disciples l\u2019appellent \u00e0 l\u2019aide. Incroyable ! Ce n\u2019est pas \u00e0 cause de la temp\u00eate que J\u00e9sus r\u00e9agit, mais parce que son peuple l\u2019appelle \u00e0 l\u2019aide. Cela l\u2019\u00e9meut. J\u00e9sus nous aime tellement.&nbsp;&nbsp;<\/p>\n<p>Nous savons qu\u2019\u00e0 la fin, J\u00e9sus menace le vent et dit \u00e0 la mer de se calmer. Puis le vent tombe et il se fait un grand calme.&nbsp;<\/p>\n<p style=\"text-align:center\"><a href=\"https:\/\/mwc-cmm.org\/fr\/resources\/dimanche-de-la-fraternite-anabaptiste-mondiale-2022\"><img decoding=\"async\" alt=\"\" height=\"200\" data-src=\"https:\/\/mwc-cmm.org\/wp-content\/uploads\/2024\/11\/fr_0.jpg\" width=\"600\" src=\"data:image\/svg+xml;base64,PHN2ZyB3aWR0aD0iMSIgaGVpZ2h0PSIxIiB4bWxucz0iaHR0cDovL3d3dy53My5vcmcvMjAwMC9zdmciPjwvc3ZnPg==\" class=\"lazyload\" style=\"--smush-placeholder-width: 600px; --smush-placeholder-aspect-ratio: 600\/200;\"><\/a><\/p>\n<h4>J\u00e9sus est pr\u00e9sent&nbsp;<\/h4>\n<p>J\u00e9sus se tourne vers ses disciples et leur rappelle qu\u2019ils sont avec lui sur le bateau. Oui, nous oublions si souvent, au milieu de nos luttes, que J\u00e9sus ne va nulle part. Il est avec nous et ne nous quitte jamais.&nbsp;&nbsp;<\/p>\n<p>Une fois encore, J\u00e9sus n\u2019a jamais promis que nous ne serions pas confront\u00e9s \u00e0 tout cela, mais il a promis que, quelle que soit notre situation, il est l\u00e0. J\u00e9sus est pr\u00e9sent. Il ne nous quittera jamais car il nous a toujours en t\u00eate et \u00e0 c\u0153ur.&nbsp;<\/p>\n<p>Le principal n\u2019est-il pas que J\u00e9sus marche \u00e0 nos c\u00f4t\u00e9s ? Et le J\u00e9sus qui marche \u00e0 nos c\u00f4t\u00e9s vous dit aujourd\u2019hui&nbsp;: \u00ab&nbsp;N\u2019ayez pas peur.&nbsp;\u00bb&nbsp;&nbsp;<\/p>\n<p>Parce que le Dieu qui marche avec vous est plus puissant que n\u2019importe quel probl\u00e8me auquel vous \u00eates confront\u00e9s.&nbsp;&nbsp;<\/p>\n<p>Ce n\u2019est pas une promesse vide &#8211; les promesses de Dieu sont \u00ab&nbsp;Oui&nbsp;\u00bb et \u00ab&nbsp;Amen&nbsp;\u00bb&nbsp;! (2&nbsp;Corinthiens&nbsp;1\/20). Les disciples sont terrifi\u00e9s et se disent les uns aux autres : \u00ab&nbsp;M\u00eame le vent et les vagues lui ob\u00e9issent !&nbsp;\u00bb Oui&nbsp;! La puissance de J\u00e9sus surmonte tous nos probl\u00e8mes.&nbsp;&nbsp;<\/p>\n<p>Je prie pour que, dans ce court message, nous puissions r\u00e9aliser que la pr\u00e9sence de J\u00e9sus dans nos vies est plus importante que toutes les difficult\u00e9s que nous pouvons rencontrer. Lorsque nous r\u00e9alisons que J\u00e9sus est avec nous, nous trouvons la paix et la force et non plus la peur.&nbsp;&nbsp;<\/p>\n<p>M\u00eame si la situation n\u2019est pas facile, nous pouvons toujours nous rappeler avec qui nous marchons. C\u2019est bien plus important.<\/p>\n<p>C\u2019est l\u00e0 que notre c\u0153ur trouvera la paix et le calme, m\u00eame dans les situations difficiles. N\u2019ayez pas peur, mais croyez&nbsp;!<\/p>\n<blockquote>\n<p><strong>\u00ab&nbsp;Quel que soit nos probl\u00e8mes et nos difficult\u00e9s, la solution est d\u00e9j\u00e0 avec vous et son nom est J\u00e9sus&nbsp;!&nbsp;\u00bb&nbsp;<\/strong><\/p>\n<\/blockquote>\n<hr>\n<h5>\u2014Anton Kurniawan Sidharta&nbsp;est membre de l\u2019\u00e9quipe de responsables de JKI (Jemaat Kristen Indonesia) Maranatha et fondateur de la rencontre de jeunes Unlimited Fire.&nbsp;<\/h5>\n<p>&nbsp;<\/p>\n<h6><a href=\"https:\/\/mwc-cmm.org\/fr\/resources\/dimanche-de-la-fraternite-anabaptiste-mondiale-2022\">Mat\u00e9riaux du dimanche de la fraternit\u00e9 Anabaptiste mondiale<\/a><\/h6>\n<h6>#DimancheFraterniteAnabaptisteMondiale #mwcmm<\/h6>\n","protected":false},"excerpt":{"rendered":"<p>Cela fait deux ans que nous, o\u00f9 que nous soyons dans le monde, sommes confront\u00e9s \u00e0 cette p\u00e9riode de pand\u00e9mie. Ces temps ont \u00e9t\u00e9 difficiles avec des fermetures et beaucoup de pertes &#8211; des emplois et m\u00eame des personnes que nous aimons profond\u00e9ment. Personne n\u2019aurait pu imaginer en 2019 que cette p\u00e9riode chaotique allait bouleverser [&hellip;]<\/p>\n","protected":false},"author":1,"featured_media":94424,"comment_status":"closed","ping_status":"closed","sticky":false,"template":"","format":"standard","meta":{"_acf_changed":false,"footnotes":""},"categories":[7],"tags":[],"network":[],"eventcategory":[1500],"class_list":["post-10332","post","type-post","status-publish","format-standard","has-post-thumbnail","hentry","category-non-classifiee","eventcategory-anabaptist-world-fellowship-sunday-fr"],"acf":[],"yoast_head":"<!-- This site is optimized with the Yoast SEO plugin v27.2 - https:\/\/yoast.com\/product\/yoast-seo-wordpress\/ -->\n<title>Avec J\u00e9sus au c\u0153ur de la temp\u00eate - Mennonite World Conference<\/title>\n<meta name=\"robots\" content=\"index, follow, max-snippet:-1, max-image-preview:large, max-video-preview:-1\" \/>\n<link rel=\"canonical\" href=\"https:\/\/mwc-cmm.org\/fr\/stories\/avec-jesus-au-coeur-de-la-tempete\/\" \/>\n<meta property=\"og:locale\" content=\"fr_FR\" \/>\n<meta property=\"og:type\" content=\"article\" \/>\n<meta property=\"og:title\" content=\"Avec J\u00e9sus au c\u0153ur de la temp\u00eate - Mennonite World Conference\" \/>\n<meta property=\"og:description\" content=\"Cela fait deux ans que nous, o\u00f9 que nous soyons dans le monde, sommes confront\u00e9s \u00e0 cette p\u00e9riode de pand\u00e9mie. Ces temps ont \u00e9t\u00e9 difficiles avec des fermetures et beaucoup de pertes &#8211; des emplois et m\u00eame des personnes que nous aimons profond\u00e9ment. Personne n\u2019aurait pu imaginer en 2019 que cette p\u00e9riode chaotique allait bouleverser [&hellip;]\" \/>\n<meta property=\"og:url\" content=\"https:\/\/mwc-cmm.org\/fr\/stories\/avec-jesus-au-coeur-de-la-tempete\/\" \/>\n<meta property=\"og:site_name\" content=\"Mennonite World Conference\" \/>\n<meta property=\"article:publisher\" content=\"https:\/\/www.facebook.com\/MennoniteWorldConference\" \/>\n<meta property=\"article:published_time\" content=\"2022-01-04T00:00:00+00:00\" \/>\n<meta property=\"article:modified_time\" content=\"2024-12-10T17:18:31+00:00\" \/>\n<meta property=\"og:image\" content=\"https:\/\/mwc-cmm.org\/wp-content\/uploads\/2024\/11\/51372488548_cac5755659_b.jpg\" \/>\n\t<meta property=\"og:image:width\" content=\"1024\" \/>\n\t<meta property=\"og:image:height\" content=\"570\" \/>\n\t<meta property=\"og:image:type\" content=\"image\/jpeg\" \/>\n<meta name=\"author\" content=\"mennworldcon\" \/>\n<script type=\"application\/ld+json\" class=\"yoast-schema-graph\">{\"@context\":\"https:\/\/schema.org\",\"@graph\":[{\"@type\":\"Article\",\"@id\":\"https:\/\/mwc-cmm.org\/fr\/stories\/avec-jesus-au-coeur-de-la-tempete\/#article\",\"isPartOf\":{\"@id\":\"https:\/\/mwc-cmm.org\/fr\/stories\/avec-jesus-au-coeur-de-la-tempete\/\"},\"author\":{\"name\":\"mennworldcon\",\"@id\":\"https:\/\/mwc-cmm.org\/en\/#\/schema\/person\/11f6ae0d7d1868ba20a1cc27f067c836\"},\"headline\":\"Avec J\u00e9sus au c\u0153ur de la temp\u00eate\",\"datePublished\":\"2022-01-04T00:00:00+00:00\",\"dateModified\":\"2024-12-10T17:18:31+00:00\",\"mainEntityOfPage\":{\"@id\":\"https:\/\/mwc-cmm.org\/fr\/stories\/avec-jesus-au-coeur-de-la-tempete\/\"},\"wordCount\":1113,\"publisher\":{\"@id\":\"https:\/\/mwc-cmm.org\/en\/#organization\"},\"image\":{\"@id\":\"https:\/\/mwc-cmm.org\/fr\/stories\/avec-jesus-au-coeur-de-la-tempete\/#primaryimage\"},\"thumbnailUrl\":\"https:\/\/mwc-cmm.org\/wp-content\/uploads\/2024\/11\/51372488548_cac5755659_b.jpg\",\"articleSection\":[\"Non classifi\u00e9(e)\"],\"inLanguage\":\"fr-FR\"},{\"@type\":\"WebPage\",\"@id\":\"https:\/\/mwc-cmm.org\/fr\/stories\/avec-jesus-au-coeur-de-la-tempete\/\",\"url\":\"https:\/\/mwc-cmm.org\/fr\/stories\/avec-jesus-au-coeur-de-la-tempete\/\",\"name\":\"Avec J\u00e9sus au c\u0153ur de la temp\u00eate - Mennonite World Conference\",\"isPartOf\":{\"@id\":\"https:\/\/mwc-cmm.org\/en\/#website\"},\"primaryImageOfPage\":{\"@id\":\"https:\/\/mwc-cmm.org\/fr\/stories\/avec-jesus-au-coeur-de-la-tempete\/#primaryimage\"},\"image\":{\"@id\":\"https:\/\/mwc-cmm.org\/fr\/stories\/avec-jesus-au-coeur-de-la-tempete\/#primaryimage\"},\"thumbnailUrl\":\"https:\/\/mwc-cmm.org\/wp-content\/uploads\/2024\/11\/51372488548_cac5755659_b.jpg\",\"datePublished\":\"2022-01-04T00:00:00+00:00\",\"dateModified\":\"2024-12-10T17:18:31+00:00\",\"breadcrumb\":{\"@id\":\"https:\/\/mwc-cmm.org\/fr\/stories\/avec-jesus-au-coeur-de-la-tempete\/#breadcrumb\"},\"inLanguage\":\"fr-FR\",\"potentialAction\":[{\"@type\":\"ReadAction\",\"target\":[\"https:\/\/mwc-cmm.org\/fr\/stories\/avec-jesus-au-coeur-de-la-tempete\/\"]}]},{\"@type\":\"ImageObject\",\"inLanguage\":\"fr-FR\",\"@id\":\"https:\/\/mwc-cmm.org\/fr\/stories\/avec-jesus-au-coeur-de-la-tempete\/#primaryimage\",\"url\":\"https:\/\/mwc-cmm.org\/wp-content\/uploads\/2024\/11\/51372488548_cac5755659_b.jpg\",\"contentUrl\":\"https:\/\/mwc-cmm.org\/wp-content\/uploads\/2024\/11\/51372488548_cac5755659_b.jpg\",\"width\":1024,\"height\":570},{\"@type\":\"BreadcrumbList\",\"@id\":\"https:\/\/mwc-cmm.org\/fr\/stories\/avec-jesus-au-coeur-de-la-tempete\/#breadcrumb\",\"itemListElement\":[{\"@type\":\"ListItem\",\"position\":1,\"name\":\"Home\",\"item\":\"https:\/\/mwc-cmm.org\/fr\/\"},{\"@type\":\"ListItem\",\"position\":2,\"name\":\"Avec J\u00e9sus au c\u0153ur de la temp\u00eate\"}]},{\"@type\":\"WebSite\",\"@id\":\"https:\/\/mwc-cmm.org\/en\/#website\",\"url\":\"https:\/\/mwc-cmm.org\/en\/\",\"name\":\"Mennonite World Conference\",\"description\":\"A communion of Anabaptist-related churches\",\"publisher\":{\"@id\":\"https:\/\/mwc-cmm.org\/en\/#organization\"},\"alternateName\":\"MWC\",\"potentialAction\":[{\"@type\":\"SearchAction\",\"target\":{\"@type\":\"EntryPoint\",\"urlTemplate\":\"https:\/\/mwc-cmm.org\/en\/?s={search_term_string}\"},\"query-input\":{\"@type\":\"PropertyValueSpecification\",\"valueRequired\":true,\"valueName\":\"search_term_string\"}}],\"inLanguage\":\"fr-FR\"},{\"@type\":\"Organization\",\"@id\":\"https:\/\/mwc-cmm.org\/en\/#organization\",\"name\":\"Mennonite World Conference\",\"alternateName\":\"MWC\",\"url\":\"https:\/\/mwc-cmm.org\/en\/\",\"logo\":{\"@type\":\"ImageObject\",\"inLanguage\":\"fr-FR\",\"@id\":\"https:\/\/mwc-cmm.org\/en\/#\/schema\/logo\/image\/\",\"url\":\"https:\/\/mwc-cmm.org\/wp-content\/uploads\/2026\/01\/MWC_Sig_Blue_Horiz_webheader1-logo.svg\",\"contentUrl\":\"https:\/\/mwc-cmm.org\/wp-content\/uploads\/2026\/01\/MWC_Sig_Blue_Horiz_webheader1-logo.svg\",\"width\":786,\"height\":82,\"caption\":\"Mennonite World Conference\"},\"image\":{\"@id\":\"https:\/\/mwc-cmm.org\/en\/#\/schema\/logo\/image\/\"},\"sameAs\":[\"https:\/\/www.facebook.com\/MennoniteWorldConference\",\"https:\/\/www.linkedin.com\/company\/mennonite-world-conference-mwc\/\",\"https:\/\/www.instagram.com\/mwcmm\/\",\"https:\/\/www.youtube.com\/user\/mwccmm\",\"https:\/\/bsky.app\/profile\/mwcmm.bsky.social\"]},{\"@type\":\"Person\",\"@id\":\"https:\/\/mwc-cmm.org\/en\/#\/schema\/person\/11f6ae0d7d1868ba20a1cc27f067c836\",\"name\":\"mennworldcon\",\"image\":{\"@type\":\"ImageObject\",\"inLanguage\":\"fr-FR\",\"@id\":\"https:\/\/secure.gravatar.com\/avatar\/06fdc0dc81c157dfdb82ec42f252178a22307808988d22c043f9eb96f1e0fe80?s=96&d=mm&r=g\",\"url\":\"https:\/\/secure.gravatar.com\/avatar\/06fdc0dc81c157dfdb82ec42f252178a22307808988d22c043f9eb96f1e0fe80?s=96&d=mm&r=g\",\"contentUrl\":\"https:\/\/secure.gravatar.com\/avatar\/06fdc0dc81c157dfdb82ec42f252178a22307808988d22c043f9eb96f1e0fe80?s=96&d=mm&r=g\",\"caption\":\"mennworldcon\"},\"sameAs\":[\"https:\/\/mwc-cmm.org\"],\"url\":\"https:\/\/mwc-cmm.org\/fr\/stories\/author\/mennworldcon\/\"}]}<\/script>\n<!-- \/ Yoast SEO plugin. -->","yoast_head_json":{"title":"Avec J\u00e9sus au c\u0153ur de la temp\u00eate - Mennonite World Conference","robots":{"index":"index","follow":"follow","max-snippet":"max-snippet:-1","max-image-preview":"max-image-preview:large","max-video-preview":"max-video-preview:-1"},"canonical":"https:\/\/mwc-cmm.org\/fr\/stories\/avec-jesus-au-coeur-de-la-tempete\/","og_locale":"fr_FR","og_type":"article","og_title":"Avec J\u00e9sus au c\u0153ur de la temp\u00eate - Mennonite World Conference","og_description":"Cela fait deux ans que nous, o\u00f9 que nous soyons dans le monde, sommes confront\u00e9s \u00e0 cette p\u00e9riode de pand\u00e9mie. Ces temps ont \u00e9t\u00e9 difficiles avec des fermetures et beaucoup de pertes &#8211; des emplois et m\u00eame des personnes que nous aimons profond\u00e9ment. Personne n\u2019aurait pu imaginer en 2019 que cette p\u00e9riode chaotique allait bouleverser [&hellip;]","og_url":"https:\/\/mwc-cmm.org\/fr\/stories\/avec-jesus-au-coeur-de-la-tempete\/","og_site_name":"Mennonite World Conference","article_publisher":"https:\/\/www.facebook.com\/MennoniteWorldConference","article_published_time":"2022-01-04T00:00:00+00:00","article_modified_time":"2024-12-10T17:18:31+00:00","og_image":[{"width":1024,"height":570,"url":"https:\/\/mwc-cmm.org\/wp-content\/uploads\/2024\/11\/51372488548_cac5755659_b.jpg","type":"image\/jpeg"}],"author":"mennworldcon","schema":{"@context":"https:\/\/schema.org","@graph":[{"@type":"Article","@id":"https:\/\/mwc-cmm.org\/fr\/stories\/avec-jesus-au-coeur-de-la-tempete\/#article","isPartOf":{"@id":"https:\/\/mwc-cmm.org\/fr\/stories\/avec-jesus-au-coeur-de-la-tempete\/"},"author":{"name":"mennworldcon","@id":"https:\/\/mwc-cmm.org\/en\/#\/schema\/person\/11f6ae0d7d1868ba20a1cc27f067c836"},"headline":"Avec J\u00e9sus au c\u0153ur de la temp\u00eate","datePublished":"2022-01-04T00:00:00+00:00","dateModified":"2024-12-10T17:18:31+00:00","mainEntityOfPage":{"@id":"https:\/\/mwc-cmm.org\/fr\/stories\/avec-jesus-au-coeur-de-la-tempete\/"},"wordCount":1113,"publisher":{"@id":"https:\/\/mwc-cmm.org\/en\/#organization"},"image":{"@id":"https:\/\/mwc-cmm.org\/fr\/stories\/avec-jesus-au-coeur-de-la-tempete\/#primaryimage"},"thumbnailUrl":"https:\/\/mwc-cmm.org\/wp-content\/uploads\/2024\/11\/51372488548_cac5755659_b.jpg","articleSection":["Non classifi\u00e9(e)"],"inLanguage":"fr-FR"},{"@type":"WebPage","@id":"https:\/\/mwc-cmm.org\/fr\/stories\/avec-jesus-au-coeur-de-la-tempete\/","url":"https:\/\/mwc-cmm.org\/fr\/stories\/avec-jesus-au-coeur-de-la-tempete\/","name":"Avec J\u00e9sus au c\u0153ur de la temp\u00eate - Mennonite World Conference","isPartOf":{"@id":"https:\/\/mwc-cmm.org\/en\/#website"},"primaryImageOfPage":{"@id":"https:\/\/mwc-cmm.org\/fr\/stories\/avec-jesus-au-coeur-de-la-tempete\/#primaryimage"},"image":{"@id":"https:\/\/mwc-cmm.org\/fr\/stories\/avec-jesus-au-coeur-de-la-tempete\/#primaryimage"},"thumbnailUrl":"https:\/\/mwc-cmm.org\/wp-content\/uploads\/2024\/11\/51372488548_cac5755659_b.jpg","datePublished":"2022-01-04T00:00:00+00:00","dateModified":"2024-12-10T17:18:31+00:00","breadcrumb":{"@id":"https:\/\/mwc-cmm.org\/fr\/stories\/avec-jesus-au-coeur-de-la-tempete\/#breadcrumb"},"inLanguage":"fr-FR","potentialAction":[{"@type":"ReadAction","target":["https:\/\/mwc-cmm.org\/fr\/stories\/avec-jesus-au-coeur-de-la-tempete\/"]}]},{"@type":"ImageObject","inLanguage":"fr-FR","@id":"https:\/\/mwc-cmm.org\/fr\/stories\/avec-jesus-au-coeur-de-la-tempete\/#primaryimage","url":"https:\/\/mwc-cmm.org\/wp-content\/uploads\/2024\/11\/51372488548_cac5755659_b.jpg","contentUrl":"https:\/\/mwc-cmm.org\/wp-content\/uploads\/2024\/11\/51372488548_cac5755659_b.jpg","width":1024,"height":570},{"@type":"BreadcrumbList","@id":"https:\/\/mwc-cmm.org\/fr\/stories\/avec-jesus-au-coeur-de-la-tempete\/#breadcrumb","itemListElement":[{"@type":"ListItem","position":1,"name":"Home","item":"https:\/\/mwc-cmm.org\/fr\/"},{"@type":"ListItem","position":2,"name":"Avec J\u00e9sus au c\u0153ur de la temp\u00eate"}]},{"@type":"WebSite","@id":"https:\/\/mwc-cmm.org\/en\/#website","url":"https:\/\/mwc-cmm.org\/en\/","name":"Mennonite World Conference","description":"A communion of Anabaptist-related churches","publisher":{"@id":"https:\/\/mwc-cmm.org\/en\/#organization"},"alternateName":"MWC","potentialAction":[{"@type":"SearchAction","target":{"@type":"EntryPoint","urlTemplate":"https:\/\/mwc-cmm.org\/en\/?s={search_term_string}"},"query-input":{"@type":"PropertyValueSpecification","valueRequired":true,"valueName":"search_term_string"}}],"inLanguage":"fr-FR"},{"@type":"Organization","@id":"https:\/\/mwc-cmm.org\/en\/#organization","name":"Mennonite World Conference","alternateName":"MWC","url":"https:\/\/mwc-cmm.org\/en\/","logo":{"@type":"ImageObject","inLanguage":"fr-FR","@id":"https:\/\/mwc-cmm.org\/en\/#\/schema\/logo\/image\/","url":"https:\/\/mwc-cmm.org\/wp-content\/uploads\/2026\/01\/MWC_Sig_Blue_Horiz_webheader1-logo.svg","contentUrl":"https:\/\/mwc-cmm.org\/wp-content\/uploads\/2026\/01\/MWC_Sig_Blue_Horiz_webheader1-logo.svg","width":786,"height":82,"caption":"Mennonite World Conference"},"image":{"@id":"https:\/\/mwc-cmm.org\/en\/#\/schema\/logo\/image\/"},"sameAs":["https:\/\/www.facebook.com\/MennoniteWorldConference","https:\/\/www.linkedin.com\/company\/mennonite-world-conference-mwc\/","https:\/\/www.instagram.com\/mwcmm\/","https:\/\/www.youtube.com\/user\/mwccmm","https:\/\/bsky.app\/profile\/mwcmm.bsky.social"]},{"@type":"Person","@id":"https:\/\/mwc-cmm.org\/en\/#\/schema\/person\/11f6ae0d7d1868ba20a1cc27f067c836","name":"mennworldcon","image":{"@type":"ImageObject","inLanguage":"fr-FR","@id":"https:\/\/secure.gravatar.com\/avatar\/06fdc0dc81c157dfdb82ec42f252178a22307808988d22c043f9eb96f1e0fe80?s=96&d=mm&r=g","url":"https:\/\/secure.gravatar.com\/avatar\/06fdc0dc81c157dfdb82ec42f252178a22307808988d22c043f9eb96f1e0fe80?s=96&d=mm&r=g","contentUrl":"https:\/\/secure.gravatar.com\/avatar\/06fdc0dc81c157dfdb82ec42f252178a22307808988d22c043f9eb96f1e0fe80?s=96&d=mm&r=g","caption":"mennworldcon"},"sameAs":["https:\/\/mwc-cmm.org"],"url":"https:\/\/mwc-cmm.org\/fr\/stories\/author\/mennworldcon\/"}]}},"_links":{"self":[{"href":"https:\/\/mwc-cmm.org\/fr\/wp-json\/wp\/v2\/posts\/10332","targetHints":{"allow":["GET"]}}],"collection":[{"href":"https:\/\/mwc-cmm.org\/fr\/wp-json\/wp\/v2\/posts"}],"about":[{"href":"https:\/\/mwc-cmm.org\/fr\/wp-json\/wp\/v2\/types\/post"}],"author":[{"embeddable":true,"href":"https:\/\/mwc-cmm.org\/fr\/wp-json\/wp\/v2\/users\/1"}],"replies":[{"embeddable":true,"href":"https:\/\/mwc-cmm.org\/fr\/wp-json\/wp\/v2\/comments?post=10332"}],"version-history":[{"count":0,"href":"https:\/\/mwc-cmm.org\/fr\/wp-json\/wp\/v2\/posts\/10332\/revisions"}],"wp:featuredmedia":[{"embeddable":true,"href":"https:\/\/mwc-cmm.org\/fr\/wp-json\/wp\/v2\/media\/94424"}],"wp:attachment":[{"href":"https:\/\/mwc-cmm.org\/fr\/wp-json\/wp\/v2\/media?parent=10332"}],"wp:term":[{"taxonomy":"category","embeddable":true,"href":"https:\/\/mwc-cmm.org\/fr\/wp-json\/wp\/v2\/categories?post=10332"},{"taxonomy":"post_tag","embeddable":true,"href":"https:\/\/mwc-cmm.org\/fr\/wp-json\/wp\/v2\/tags?post=10332"},{"taxonomy":"network","embeddable":true,"href":"https:\/\/mwc-cmm.org\/fr\/wp-json\/wp\/v2\/network?post=10332"},{"taxonomy":"eventcategory","embeddable":true,"href":"https:\/\/mwc-cmm.org\/fr\/wp-json\/wp\/v2\/eventcategory?post=10332"}],"curies":[{"name":"wp","href":"https:\/\/api.w.org\/{rel}","templated":true}]}}