{"id":10331,"date":"2021-12-23T00:00:00","date_gmt":"2021-12-23T00:00:00","guid":{"rendered":"https:\/\/mwc-cmm.org\/dialogue-through-the-word-3\/"},"modified":"2024-12-10T17:18:29","modified_gmt":"2024-12-10T17:18:29","slug":"dialogue-par-la-parole","status":"publish","type":"post","link":"https:\/\/mwc-cmm.org\/fr\/stories\/dialogue-par-la-parole\/","title":{"rendered":"Dialogue : \u00ab Par la Parole \u00bb"},"content":{"rendered":"<p>\u00ab Pour ceux qui ne veulent pas croire, aucun argument n\u2019est valable, et pour ceux qui veulent croire, les arguments ne sont pas n\u00e9cessaires. \u00bb<\/p>\n<p>J\u2019ai r\u00e9p\u00e9t\u00e9 cette phrase (d\u2019un auteur inconnu) \u00e0 un ami en Ontario il y a quelques jours. Nous \u00e9tions d\u2019accord qu\u2019il \u00e9tait vraiment difficile que quelqu\u2019un change de position \u2013 quel que soit le sujet \u2013 en raison d\u2019une conversation contenant des arguments logiques et rationnels. En mati\u00e8re de foi, c\u2019est encore plus compliqu\u00e9, car g\u00e9n\u00e9ralement, dans une discussion sur des questions doctrinales ou \u00e9thiques, chaque partie croit avoir raison.<\/p>\n<p>Connaissez-vous quelqu\u2019un qui a chang\u00e9 sa fa\u00e7on de penser apr\u00e8s avoir entendu un d\u00e9bat logique ?<\/p>\n<p>On ne s\u2019attend pas \u00e0 entendre : \u00ab Oh oui, j\u2019\u00e9tais s\u00fbr de ce que je croyais, mais apr\u00e8s vous avoir \u00e9cout\u00e9, j\u2019ai chang\u00e9 mon point de vue \u00bb. Au lieu de cela, les discussions se chargent d\u2019\u00e9motions, on \u00e9l\u00e8ve la voix et les interlocuteurs deviennent incapables de s\u2019\u00e9couter et de se comprendre dans leur empressement \u00e0 r\u00e9pondre et \u00e0 contredire.<\/p>\n<p>Lors de mon entretien avec mon ami, nous avons conclu que changer notre fa\u00e7on de voir est surtout un processus \u00e0 long terme. Souvent, cela n\u00e9cessite au moins une relation r\u00e9guli\u00e8re et cordiale plut\u00f4t que des arguments logiques et bien structur\u00e9s.<\/p>\n<p>Cependant, le dialogue entre nous, disciples de J\u00e9sus, est essentiel pour renforcer notre identit\u00e9 et favoriser l\u2019unit\u00e9 dans le corps du Christ.<\/p>\n<p>Nous en trouvons un exemple dans l\u2019\u00c9vangile de Luc, chapitre 24. Aux versets 13-35, deux disciples se disputent, assez \u00e2prement, sur la personne de J\u00e9sus et les \u00e9v\u00e9nements concernant sa mort. Cette conversation \u00e9tait indispensable pour le d\u00e9veloppement de leur identit\u00e9 en tant que disciples du ressuscit\u00e9. Elle \u00e9tait aussi vitale pour leur unit\u00e9, retrouv\u00e9e dans la communion ou la fraction du pain avec le Christ.<\/p>\n<p>Et si les disciples n\u2019avaient pas voulu avoir cette conversation, \u00e9tant donn\u00e9 la fermet\u00e9 de leurs convictions ? Parler avec le d\u00e9sir sinc\u00e8re d\u2019\u00e9couter et de comprendre l\u2019autre demande un tr\u00e8s grand degr\u00e9 d\u2019humilit\u00e9 et d\u2019ouverture. Sans cette attitude, les deux composantes du discipulat de J\u00e9sus \u2013 identit\u00e9 et unit\u00e9 \u2013 sont impossibles, selon le texte de Luc.<\/p>\n<p>Les dialogues \u00e9thiques et doctrinaux que nous avons \u00e0 l\u2019int\u00e9rieur et \u00e0 l\u2019ext\u00e9rieur de notre communion \u00e0 la Conf\u00e9rence Mennonite Mondiale (dans les conversations officielles inter\u00e9glises, par exemple) ont pour but de d\u00e9velopper notre identit\u00e9 et de maintenir le don de l\u2019unit\u00e9 que seul l\u2019Esprit de Dieu rend possible. Le dialogue entre les \u00c9glises exige que nous ayons de la clart\u00e9 et de la fermet\u00e9 dans nos convictions, et de l\u2019humilit\u00e9 et de l\u2019ouverture dans nos conversations.<\/p>\n<p>C\u2019est pourquoi dans ce num\u00e9ro du Courrier, nous rapportons les conversations que nous avons eues ces derni\u00e8res ann\u00e9es au sein de notre communion concernant le bapt\u00eame et le dialogue inter-\u00e9glises avec l\u2019\u00c9glise catholique et avec la F\u00e9d\u00e9ration luth\u00e9rienne mondiale.<\/p>\n<p>Ma pri\u00e8re est que dans notre \u00c9glise mondiale, nous maintenions des positions claires et fermes dans un cadre d\u2019humilit\u00e9 et d\u2019ouverture pour que notre identit\u00e9 et notre unit\u00e9 de disciples du Christ grandissent. Que nos convictions continuent d\u2019\u00eatre \u00e9clair\u00e9e par la pr\u00e9sence de J\u00e9sus, et que nos c\u0153urs continuent de br\u00fbler alors que l\u2019Esprit agit dans nos vies et nos relations !<\/p>\n<hr>\n<p>&nbsp;<\/p>\n<table style=\"width:100%\">\n<tbody>\n<tr>\n<td style=\"width:278px\">\n<p style=\"text-align:center\"><img decoding=\"async\" alt=\"\" height=\"150\" data-src=\"https:\/\/mwc-cmm.org\/wp-content\/uploads\/2024\/10\/2020-cesargarcia-scaled.jpg\" width=\"100\" src=\"data:image\/svg+xml;base64,PHN2ZyB3aWR0aD0iMSIgaGVpZ2h0PSIxIiB4bWxucz0iaHR0cDovL3d3dy53My5vcmcvMjAwMC9zdmciPjwvc3ZnPg==\" class=\"lazyload\" style=\"--smush-placeholder-width: 100px; --smush-placeholder-aspect-ratio: 100\/150;\"><\/p>\n<p>&nbsp;<\/p>\n<\/td>\n<td style=\"width:770px\">C\u00e9sar Garc\u00eda, secr\u00e9taire g\u00e9n\u00e9ral de la CMM, originaire de Colombie, vit \u00e0 Kitchener (Ontario, Canada).<\/td>\n<\/tr>\n<\/tbody>\n<\/table>\n<h5>Cet article est paru pour la premi\u00e8re fois dans le num\u00e9ro <a href=\"https:\/\/mwc-cmm.org\/fr\/resources\/courrier-2021-2-octobre\"><em>d\u2019octobre&nbsp;2021 de&nbsp;Courier\/Correo\/Courrier.<\/em><\/a><\/h5>\n","protected":false},"excerpt":{"rendered":"<p>\u00ab Pour ceux qui ne veulent pas croire, aucun argument n\u2019est valable, et pour ceux qui veulent croire, les arguments ne sont pas n\u00e9cessaires. \u00bb J\u2019ai r\u00e9p\u00e9t\u00e9 cette phrase (d\u2019un auteur inconnu) \u00e0 un ami en Ontario il y a quelques jours. Nous \u00e9tions d\u2019accord qu\u2019il \u00e9tait vraiment difficile que quelqu\u2019un change de position \u2013 [&hellip;]<\/p>\n","protected":false},"author":1,"featured_media":94396,"comment_status":"closed","ping_status":"closed","sticky":false,"template":"","format":"standard","meta":{"_acf_changed":false,"footnotes":""},"categories":[7],"tags":[],"network":[1307],"eventcategory":[],"class_list":["post-10331","post","type-post","status-publish","format-standard","has-post-thumbnail","hentry","category-non-classifiee","network-courier-fr"],"acf":[],"yoast_head":"<!-- This site is optimized with the Yoast SEO plugin v27.5 - https:\/\/yoast.com\/product\/yoast-seo-wordpress\/ -->\n<title>Dialogue : \u00ab Par la Parole \u00bb - Mennonite World Conference<\/title>\n<meta name=\"robots\" content=\"index, follow, max-snippet:-1, max-image-preview:large, max-video-preview:-1\" \/>\n<link rel=\"canonical\" href=\"https:\/\/mwc-cmm.org\/fr\/stories\/dialogue-par-la-parole\/\" \/>\n<meta property=\"og:locale\" content=\"fr_FR\" \/>\n<meta property=\"og:type\" content=\"article\" \/>\n<meta property=\"og:title\" content=\"Dialogue : \u00ab Par la Parole \u00bb - Mennonite World Conference\" \/>\n<meta property=\"og:description\" content=\"\u00ab Pour ceux qui ne veulent pas croire, aucun argument n\u2019est valable, et pour ceux qui veulent croire, les arguments ne sont pas n\u00e9cessaires. \u00bb J\u2019ai r\u00e9p\u00e9t\u00e9 cette phrase (d\u2019un auteur inconnu) \u00e0 un ami en Ontario il y a quelques jours. Nous \u00e9tions d\u2019accord qu\u2019il \u00e9tait vraiment difficile que quelqu\u2019un change de position \u2013 [&hellip;]\" \/>\n<meta property=\"og:url\" content=\"https:\/\/mwc-cmm.org\/fr\/stories\/dialogue-par-la-parole\/\" \/>\n<meta property=\"og:site_name\" content=\"Mennonite World Conference\" \/>\n<meta property=\"article:publisher\" content=\"https:\/\/www.facebook.com\/MennoniteWorldConference\" \/>\n<meta property=\"article:published_time\" content=\"2021-12-23T00:00:00+00:00\" \/>\n<meta property=\"article:modified_time\" content=\"2024-12-10T17:18:29+00:00\" \/>\n<meta property=\"og:image\" content=\"https:\/\/mwc-cmm.org\/wp-content\/uploads\/2024\/11\/51127901236_23bd9b95f3_c.jpg\" \/>\n\t<meta property=\"og:image:width\" content=\"800\" \/>\n\t<meta property=\"og:image:height\" content=\"600\" \/>\n\t<meta property=\"og:image:type\" content=\"image\/jpeg\" \/>\n<meta name=\"author\" content=\"mennworldcon\" \/>\n<script type=\"application\/ld+json\" class=\"yoast-schema-graph\">{\"@context\":\"https:\\\/\\\/schema.org\",\"@graph\":[{\"@type\":\"Article\",\"@id\":\"https:\\\/\\\/mwc-cmm.org\\\/fr\\\/stories\\\/dialogue-par-la-parole\\\/#article\",\"isPartOf\":{\"@id\":\"https:\\\/\\\/mwc-cmm.org\\\/fr\\\/stories\\\/dialogue-par-la-parole\\\/\"},\"author\":{\"name\":\"mennworldcon\",\"@id\":\"https:\\\/\\\/mwc-cmm.org\\\/en\\\/#\\\/schema\\\/person\\\/11f6ae0d7d1868ba20a1cc27f067c836\"},\"headline\":\"Dialogue : \u00ab Par la Parole \u00bb\",\"datePublished\":\"2021-12-23T00:00:00+00:00\",\"dateModified\":\"2024-12-10T17:18:29+00:00\",\"mainEntityOfPage\":{\"@id\":\"https:\\\/\\\/mwc-cmm.org\\\/fr\\\/stories\\\/dialogue-par-la-parole\\\/\"},\"wordCount\":642,\"publisher\":{\"@id\":\"https:\\\/\\\/mwc-cmm.org\\\/en\\\/#organization\"},\"image\":{\"@id\":\"https:\\\/\\\/mwc-cmm.org\\\/fr\\\/stories\\\/dialogue-par-la-parole\\\/#primaryimage\"},\"thumbnailUrl\":\"https:\\\/\\\/mwc-cmm.org\\\/wp-content\\\/uploads\\\/2024\\\/11\\\/51127901236_23bd9b95f3_c.jpg\",\"articleSection\":[\"Non classifi\u00e9(e)\"],\"inLanguage\":\"fr-FR\"},{\"@type\":\"WebPage\",\"@id\":\"https:\\\/\\\/mwc-cmm.org\\\/fr\\\/stories\\\/dialogue-par-la-parole\\\/\",\"url\":\"https:\\\/\\\/mwc-cmm.org\\\/fr\\\/stories\\\/dialogue-par-la-parole\\\/\",\"name\":\"Dialogue : \u00ab Par la Parole \u00bb - Mennonite World Conference\",\"isPartOf\":{\"@id\":\"https:\\\/\\\/mwc-cmm.org\\\/en\\\/#website\"},\"primaryImageOfPage\":{\"@id\":\"https:\\\/\\\/mwc-cmm.org\\\/fr\\\/stories\\\/dialogue-par-la-parole\\\/#primaryimage\"},\"image\":{\"@id\":\"https:\\\/\\\/mwc-cmm.org\\\/fr\\\/stories\\\/dialogue-par-la-parole\\\/#primaryimage\"},\"thumbnailUrl\":\"https:\\\/\\\/mwc-cmm.org\\\/wp-content\\\/uploads\\\/2024\\\/11\\\/51127901236_23bd9b95f3_c.jpg\",\"datePublished\":\"2021-12-23T00:00:00+00:00\",\"dateModified\":\"2024-12-10T17:18:29+00:00\",\"breadcrumb\":{\"@id\":\"https:\\\/\\\/mwc-cmm.org\\\/fr\\\/stories\\\/dialogue-par-la-parole\\\/#breadcrumb\"},\"inLanguage\":\"fr-FR\",\"potentialAction\":[{\"@type\":\"ReadAction\",\"target\":[\"https:\\\/\\\/mwc-cmm.org\\\/fr\\\/stories\\\/dialogue-par-la-parole\\\/\"]}]},{\"@type\":\"ImageObject\",\"inLanguage\":\"fr-FR\",\"@id\":\"https:\\\/\\\/mwc-cmm.org\\\/fr\\\/stories\\\/dialogue-par-la-parole\\\/#primaryimage\",\"url\":\"https:\\\/\\\/mwc-cmm.org\\\/wp-content\\\/uploads\\\/2024\\\/11\\\/51127901236_23bd9b95f3_c.jpg\",\"contentUrl\":\"https:\\\/\\\/mwc-cmm.org\\\/wp-content\\\/uploads\\\/2024\\\/11\\\/51127901236_23bd9b95f3_c.jpg\",\"width\":800,\"height\":600},{\"@type\":\"BreadcrumbList\",\"@id\":\"https:\\\/\\\/mwc-cmm.org\\\/fr\\\/stories\\\/dialogue-par-la-parole\\\/#breadcrumb\",\"itemListElement\":[{\"@type\":\"ListItem\",\"position\":1,\"name\":\"Home\",\"item\":\"https:\\\/\\\/mwc-cmm.org\\\/fr\\\/\"},{\"@type\":\"ListItem\",\"position\":2,\"name\":\"Dialogue : \u00ab Par la Parole \u00bb\"}]},{\"@type\":\"WebSite\",\"@id\":\"https:\\\/\\\/mwc-cmm.org\\\/en\\\/#website\",\"url\":\"https:\\\/\\\/mwc-cmm.org\\\/en\\\/\",\"name\":\"Mennonite World Conference\",\"description\":\"A communion of Anabaptist-related churches\",\"publisher\":{\"@id\":\"https:\\\/\\\/mwc-cmm.org\\\/en\\\/#organization\"},\"alternateName\":\"MWC\",\"potentialAction\":[{\"@type\":\"SearchAction\",\"target\":{\"@type\":\"EntryPoint\",\"urlTemplate\":\"https:\\\/\\\/mwc-cmm.org\\\/en\\\/?s={search_term_string}\"},\"query-input\":{\"@type\":\"PropertyValueSpecification\",\"valueRequired\":true,\"valueName\":\"search_term_string\"}}],\"inLanguage\":\"fr-FR\"},{\"@type\":\"Organization\",\"@id\":\"https:\\\/\\\/mwc-cmm.org\\\/en\\\/#organization\",\"name\":\"Mennonite World Conference\",\"alternateName\":\"MWC\",\"url\":\"https:\\\/\\\/mwc-cmm.org\\\/en\\\/\",\"logo\":{\"@type\":\"ImageObject\",\"inLanguage\":\"fr-FR\",\"@id\":\"https:\\\/\\\/mwc-cmm.org\\\/en\\\/#\\\/schema\\\/logo\\\/image\\\/\",\"url\":\"https:\\\/\\\/mwc-cmm.org\\\/wp-content\\\/uploads\\\/2026\\\/01\\\/MWC_Sig_Blue_Horiz_webheader1-logo.svg\",\"contentUrl\":\"https:\\\/\\\/mwc-cmm.org\\\/wp-content\\\/uploads\\\/2026\\\/01\\\/MWC_Sig_Blue_Horiz_webheader1-logo.svg\",\"width\":786,\"height\":82,\"caption\":\"Mennonite World Conference\"},\"image\":{\"@id\":\"https:\\\/\\\/mwc-cmm.org\\\/en\\\/#\\\/schema\\\/logo\\\/image\\\/\"},\"sameAs\":[\"https:\\\/\\\/www.facebook.com\\\/MennoniteWorldConference\",\"https:\\\/\\\/www.linkedin.com\\\/company\\\/mennonite-world-conference-mwc\\\/\",\"https:\\\/\\\/www.instagram.com\\\/mwcmm\\\/\",\"https:\\\/\\\/www.youtube.com\\\/user\\\/mwccmm\",\"https:\\\/\\\/bsky.app\\\/profile\\\/mwcmm.bsky.social\"]},{\"@type\":\"Person\",\"@id\":\"https:\\\/\\\/mwc-cmm.org\\\/en\\\/#\\\/schema\\\/person\\\/11f6ae0d7d1868ba20a1cc27f067c836\",\"name\":\"mennworldcon\",\"image\":{\"@type\":\"ImageObject\",\"inLanguage\":\"fr-FR\",\"@id\":\"https:\\\/\\\/secure.gravatar.com\\\/avatar\\\/06fdc0dc81c157dfdb82ec42f252178a22307808988d22c043f9eb96f1e0fe80?s=96&d=mm&r=g\",\"url\":\"https:\\\/\\\/secure.gravatar.com\\\/avatar\\\/06fdc0dc81c157dfdb82ec42f252178a22307808988d22c043f9eb96f1e0fe80?s=96&d=mm&r=g\",\"contentUrl\":\"https:\\\/\\\/secure.gravatar.com\\\/avatar\\\/06fdc0dc81c157dfdb82ec42f252178a22307808988d22c043f9eb96f1e0fe80?s=96&d=mm&r=g\",\"caption\":\"mennworldcon\"},\"sameAs\":[\"https:\\\/\\\/mwc-cmm.org\"],\"url\":\"https:\\\/\\\/mwc-cmm.org\\\/fr\\\/stories\\\/author\\\/mennworldcon\\\/\"}]}<\/script>\n<!-- \/ Yoast SEO plugin. -->","yoast_head_json":{"title":"Dialogue : \u00ab Par la Parole \u00bb - Mennonite World Conference","robots":{"index":"index","follow":"follow","max-snippet":"max-snippet:-1","max-image-preview":"max-image-preview:large","max-video-preview":"max-video-preview:-1"},"canonical":"https:\/\/mwc-cmm.org\/fr\/stories\/dialogue-par-la-parole\/","og_locale":"fr_FR","og_type":"article","og_title":"Dialogue : \u00ab Par la Parole \u00bb - Mennonite World Conference","og_description":"\u00ab Pour ceux qui ne veulent pas croire, aucun argument n\u2019est valable, et pour ceux qui veulent croire, les arguments ne sont pas n\u00e9cessaires. \u00bb J\u2019ai r\u00e9p\u00e9t\u00e9 cette phrase (d\u2019un auteur inconnu) \u00e0 un ami en Ontario il y a quelques jours. Nous \u00e9tions d\u2019accord qu\u2019il \u00e9tait vraiment difficile que quelqu\u2019un change de position \u2013 [&hellip;]","og_url":"https:\/\/mwc-cmm.org\/fr\/stories\/dialogue-par-la-parole\/","og_site_name":"Mennonite World Conference","article_publisher":"https:\/\/www.facebook.com\/MennoniteWorldConference","article_published_time":"2021-12-23T00:00:00+00:00","article_modified_time":"2024-12-10T17:18:29+00:00","og_image":[{"width":800,"height":600,"url":"https:\/\/mwc-cmm.org\/wp-content\/uploads\/2024\/11\/51127901236_23bd9b95f3_c.jpg","type":"image\/jpeg"}],"author":"mennworldcon","schema":{"@context":"https:\/\/schema.org","@graph":[{"@type":"Article","@id":"https:\/\/mwc-cmm.org\/fr\/stories\/dialogue-par-la-parole\/#article","isPartOf":{"@id":"https:\/\/mwc-cmm.org\/fr\/stories\/dialogue-par-la-parole\/"},"author":{"name":"mennworldcon","@id":"https:\/\/mwc-cmm.org\/en\/#\/schema\/person\/11f6ae0d7d1868ba20a1cc27f067c836"},"headline":"Dialogue : \u00ab Par la Parole \u00bb","datePublished":"2021-12-23T00:00:00+00:00","dateModified":"2024-12-10T17:18:29+00:00","mainEntityOfPage":{"@id":"https:\/\/mwc-cmm.org\/fr\/stories\/dialogue-par-la-parole\/"},"wordCount":642,"publisher":{"@id":"https:\/\/mwc-cmm.org\/en\/#organization"},"image":{"@id":"https:\/\/mwc-cmm.org\/fr\/stories\/dialogue-par-la-parole\/#primaryimage"},"thumbnailUrl":"https:\/\/mwc-cmm.org\/wp-content\/uploads\/2024\/11\/51127901236_23bd9b95f3_c.jpg","articleSection":["Non classifi\u00e9(e)"],"inLanguage":"fr-FR"},{"@type":"WebPage","@id":"https:\/\/mwc-cmm.org\/fr\/stories\/dialogue-par-la-parole\/","url":"https:\/\/mwc-cmm.org\/fr\/stories\/dialogue-par-la-parole\/","name":"Dialogue : \u00ab Par la Parole \u00bb - Mennonite World Conference","isPartOf":{"@id":"https:\/\/mwc-cmm.org\/en\/#website"},"primaryImageOfPage":{"@id":"https:\/\/mwc-cmm.org\/fr\/stories\/dialogue-par-la-parole\/#primaryimage"},"image":{"@id":"https:\/\/mwc-cmm.org\/fr\/stories\/dialogue-par-la-parole\/#primaryimage"},"thumbnailUrl":"https:\/\/mwc-cmm.org\/wp-content\/uploads\/2024\/11\/51127901236_23bd9b95f3_c.jpg","datePublished":"2021-12-23T00:00:00+00:00","dateModified":"2024-12-10T17:18:29+00:00","breadcrumb":{"@id":"https:\/\/mwc-cmm.org\/fr\/stories\/dialogue-par-la-parole\/#breadcrumb"},"inLanguage":"fr-FR","potentialAction":[{"@type":"ReadAction","target":["https:\/\/mwc-cmm.org\/fr\/stories\/dialogue-par-la-parole\/"]}]},{"@type":"ImageObject","inLanguage":"fr-FR","@id":"https:\/\/mwc-cmm.org\/fr\/stories\/dialogue-par-la-parole\/#primaryimage","url":"https:\/\/mwc-cmm.org\/wp-content\/uploads\/2024\/11\/51127901236_23bd9b95f3_c.jpg","contentUrl":"https:\/\/mwc-cmm.org\/wp-content\/uploads\/2024\/11\/51127901236_23bd9b95f3_c.jpg","width":800,"height":600},{"@type":"BreadcrumbList","@id":"https:\/\/mwc-cmm.org\/fr\/stories\/dialogue-par-la-parole\/#breadcrumb","itemListElement":[{"@type":"ListItem","position":1,"name":"Home","item":"https:\/\/mwc-cmm.org\/fr\/"},{"@type":"ListItem","position":2,"name":"Dialogue : \u00ab Par la Parole \u00bb"}]},{"@type":"WebSite","@id":"https:\/\/mwc-cmm.org\/en\/#website","url":"https:\/\/mwc-cmm.org\/en\/","name":"Mennonite World Conference","description":"A communion of Anabaptist-related churches","publisher":{"@id":"https:\/\/mwc-cmm.org\/en\/#organization"},"alternateName":"MWC","potentialAction":[{"@type":"SearchAction","target":{"@type":"EntryPoint","urlTemplate":"https:\/\/mwc-cmm.org\/en\/?s={search_term_string}"},"query-input":{"@type":"PropertyValueSpecification","valueRequired":true,"valueName":"search_term_string"}}],"inLanguage":"fr-FR"},{"@type":"Organization","@id":"https:\/\/mwc-cmm.org\/en\/#organization","name":"Mennonite World Conference","alternateName":"MWC","url":"https:\/\/mwc-cmm.org\/en\/","logo":{"@type":"ImageObject","inLanguage":"fr-FR","@id":"https:\/\/mwc-cmm.org\/en\/#\/schema\/logo\/image\/","url":"https:\/\/mwc-cmm.org\/wp-content\/uploads\/2026\/01\/MWC_Sig_Blue_Horiz_webheader1-logo.svg","contentUrl":"https:\/\/mwc-cmm.org\/wp-content\/uploads\/2026\/01\/MWC_Sig_Blue_Horiz_webheader1-logo.svg","width":786,"height":82,"caption":"Mennonite World Conference"},"image":{"@id":"https:\/\/mwc-cmm.org\/en\/#\/schema\/logo\/image\/"},"sameAs":["https:\/\/www.facebook.com\/MennoniteWorldConference","https:\/\/www.linkedin.com\/company\/mennonite-world-conference-mwc\/","https:\/\/www.instagram.com\/mwcmm\/","https:\/\/www.youtube.com\/user\/mwccmm","https:\/\/bsky.app\/profile\/mwcmm.bsky.social"]},{"@type":"Person","@id":"https:\/\/mwc-cmm.org\/en\/#\/schema\/person\/11f6ae0d7d1868ba20a1cc27f067c836","name":"mennworldcon","image":{"@type":"ImageObject","inLanguage":"fr-FR","@id":"https:\/\/secure.gravatar.com\/avatar\/06fdc0dc81c157dfdb82ec42f252178a22307808988d22c043f9eb96f1e0fe80?s=96&d=mm&r=g","url":"https:\/\/secure.gravatar.com\/avatar\/06fdc0dc81c157dfdb82ec42f252178a22307808988d22c043f9eb96f1e0fe80?s=96&d=mm&r=g","contentUrl":"https:\/\/secure.gravatar.com\/avatar\/06fdc0dc81c157dfdb82ec42f252178a22307808988d22c043f9eb96f1e0fe80?s=96&d=mm&r=g","caption":"mennworldcon"},"sameAs":["https:\/\/mwc-cmm.org"],"url":"https:\/\/mwc-cmm.org\/fr\/stories\/author\/mennworldcon\/"}]}},"_links":{"self":[{"href":"https:\/\/mwc-cmm.org\/fr\/wp-json\/wp\/v2\/posts\/10331","targetHints":{"allow":["GET"]}}],"collection":[{"href":"https:\/\/mwc-cmm.org\/fr\/wp-json\/wp\/v2\/posts"}],"about":[{"href":"https:\/\/mwc-cmm.org\/fr\/wp-json\/wp\/v2\/types\/post"}],"author":[{"embeddable":true,"href":"https:\/\/mwc-cmm.org\/fr\/wp-json\/wp\/v2\/users\/1"}],"replies":[{"embeddable":true,"href":"https:\/\/mwc-cmm.org\/fr\/wp-json\/wp\/v2\/comments?post=10331"}],"version-history":[{"count":0,"href":"https:\/\/mwc-cmm.org\/fr\/wp-json\/wp\/v2\/posts\/10331\/revisions"}],"wp:featuredmedia":[{"embeddable":true,"href":"https:\/\/mwc-cmm.org\/fr\/wp-json\/wp\/v2\/media\/94396"}],"wp:attachment":[{"href":"https:\/\/mwc-cmm.org\/fr\/wp-json\/wp\/v2\/media?parent=10331"}],"wp:term":[{"taxonomy":"category","embeddable":true,"href":"https:\/\/mwc-cmm.org\/fr\/wp-json\/wp\/v2\/categories?post=10331"},{"taxonomy":"post_tag","embeddable":true,"href":"https:\/\/mwc-cmm.org\/fr\/wp-json\/wp\/v2\/tags?post=10331"},{"taxonomy":"network","embeddable":true,"href":"https:\/\/mwc-cmm.org\/fr\/wp-json\/wp\/v2\/network?post=10331"},{"taxonomy":"eventcategory","embeddable":true,"href":"https:\/\/mwc-cmm.org\/fr\/wp-json\/wp\/v2\/eventcategory?post=10331"}],"curies":[{"name":"wp","href":"https:\/\/api.w.org\/{rel}","templated":true}]}}