{"id":10330,"date":"2021-12-21T00:00:00","date_gmt":"2021-12-21T00:00:00","guid":{"rendered":"https:\/\/mwc-cmm.org\/mwc-update-december-2021-3\/"},"modified":"2024-12-10T17:18:29","modified_gmt":"2024-12-10T17:18:29","slug":"nouvelles-de-la-cmm-decembre-2021","status":"publish","type":"post","link":"https:\/\/mwc-cmm.org\/fr\/stories\/nouvelles-de-la-cmm-decembre-2021\/","title":{"rendered":"Nouvelles de la CMM \u2013 Decembre 2021"},"content":{"rendered":"<p>Les relations au sein de la&nbsp;Conf\u00e9rence&nbsp;Mennonite Mondiale ne&nbsp;cessent&nbsp;de se&nbsp;d\u00e9velopper. Des&nbsp;\u00e9glises&nbsp;membres&nbsp;qui&nbsp;composent&nbsp;la CMM&nbsp;jusqu\u2019aux&nbsp;r\u00e9seaux&nbsp;\u00e9mergents&nbsp;reliant les&nbsp;agences&nbsp;soutenues&nbsp;par les&nbsp;\u00e9glises, la CMM&nbsp;facilite&nbsp;les relations entre les organisations&nbsp;anabaptistes.&nbsp;&nbsp;<\/p>\n<ul>\n<li>Stephanie Setiawan rejoint&nbsp;l\u2019\u00e9quipe&nbsp;de la CMM&nbsp;en&nbsp;tant&nbsp;qu\u2019assistante&nbsp;de communication web. Membre de GKMI&nbsp;Sidoarjo,&nbsp;en&nbsp;Indon\u00e9sie,&nbsp;o\u00f9&nbsp;elle&nbsp;est&nbsp;monitrice de&nbsp;l\u2019\u00e9cole&nbsp;du&nbsp;dimanche,&nbsp;elle&nbsp;a de&nbsp;l\u2019exp\u00e9rience&nbsp;dans la gestion des&nbsp;r\u00e9seaux&nbsp;sociaux&nbsp;et des sites internet. Elle a&nbsp;travaill\u00e9&nbsp;avec des enfants&nbsp;en&nbsp;Colombie&nbsp;dans le cadre du programme conjoint YAMEN de la CMM et du MCC, et a&nbsp;r\u00e9cemment&nbsp;\u00e9t\u00e9&nbsp;charg\u00e9e&nbsp;de mission&nbsp;pour&nbsp;Global Ministries (Eglise&nbsp;M\u00e9thodiste&nbsp;Unie)&nbsp;en&nbsp;Argentine.&nbsp;&nbsp;<\/li>\n<li>L\u2019\u00e9quipe&nbsp;de communication&nbsp;remercie&nbsp;Alexandro Marthin, stagiaire YAMEN de 2018-2019, qui a&nbsp;continu\u00e9&nbsp;\u00e0 se porter&nbsp;volontaire&nbsp;pour la communication web&nbsp;jusqu\u2019en&nbsp;2021.&nbsp;&nbsp;<\/li>\n<\/ul>\n<table style=\"width:100%\">\n<tbody>\n<tr style=\"border:none\">\n<td style=\"border:none\">\n<div style=\"text-align:center\">\n<figure class=\"image\" style=\"display:inline-block\"><img decoding=\"async\" alt=\"\" data-src=\"https:\/\/mwc-cmm.org\/wp-content\/uploads\/2024\/10\/whatsapp_image_2019-09-13_at_3.13.38_pm.jpeg\" width=\"200\" height=\"200\" src=\"data:image\/svg+xml;base64,PHN2ZyB3aWR0aD0iMSIgaGVpZ2h0PSIxIiB4bWxucz0iaHR0cDovL3d3dy53My5vcmcvMjAwMC9zdmciPjwvc3ZnPg==\" class=\"lazyload\" style=\"--smush-placeholder-width: 200px; --smush-placeholder-aspect-ratio: 200\/200;\"><figcaption>Stephanie Setiawan<\/figcaption><\/figure>\n<\/p><\/div>\n<\/td>\n<td style=\"border:none\">\n<div style=\"text-align:center\">\n<figure class=\"image\" style=\"display:inline-block\"><img decoding=\"async\" alt=\"\" data-src=\"https:\/\/mwc-cmm.org\/wp-content\/uploads\/2024\/10\/img_20211221_151858_804_720.jpg\" width=\"205\" height=\"200\" src=\"data:image\/svg+xml;base64,PHN2ZyB3aWR0aD0iMSIgaGVpZ2h0PSIxIiB4bWxucz0iaHR0cDovL3d3dy53My5vcmcvMjAwMC9zdmciPjwvc3ZnPg==\" class=\"lazyload\" style=\"--smush-placeholder-width: 205px; --smush-placeholder-aspect-ratio: 205\/200;\"><figcaption>Alexandro Marthin<\/figcaption><\/figure>\n<\/p><\/div>\n<\/td>\n<\/tr>\n<\/tbody>\n<\/table>\n<ul>\n<li>\n<p>Les&nbsp;membres&nbsp;du bureau du&nbsp;comit\u00e9&nbsp;ex\u00e9cutif&nbsp;de la CMM, J. Nelson Kraybill (pr\u00e9sident), Henk&nbsp;Stenvers&nbsp;(pr\u00e9sident&nbsp;\u00e9lu),&nbsp;Sunoko&nbsp;Lin (tr\u00e9sorier) et C\u00e9sar Garc\u00eda (secr\u00e9taire&nbsp;g\u00e9n\u00e9ral) se&nbsp;sont&nbsp;r\u00e9unis&nbsp;en&nbsp;novembre&nbsp;2021 pour la premi\u00e8re rencontre&nbsp;en&nbsp;personne&nbsp;du bureau&nbsp;depuis&nbsp;2019. La vice-pr\u00e9sidente&nbsp;Rebecca&nbsp;Osiro&nbsp;n\u2019a&nbsp;pas&nbsp;pu&nbsp;assister \u00e0 la&nbsp;r\u00e9union.&nbsp;<\/p>\n<\/li>\n<li>\n<p>Le Fonds de Partage de&nbsp;l\u2019\u00c9glise&nbsp;Mondiale (GCSF)&nbsp;est&nbsp;g\u00e9r\u00e9&nbsp;par la Commission&nbsp;Diacres&nbsp;afin&nbsp;de&nbsp;distribuer&nbsp;des&nbsp;ressources&nbsp;financi\u00e8res&nbsp;pour des&nbsp;besoins&nbsp;sp\u00e9cifiques&nbsp;dans&nbsp;l\u2019\u00c9glise. En 2021,&nbsp;huit&nbsp;projets&nbsp;ont&nbsp;re\u00e7u&nbsp;une&nbsp;subvention du GCSF&nbsp;en&nbsp;Angola, au Belize, \u00e0 Cuba,&nbsp;en&nbsp;\u00c9thiopie,&nbsp;en&nbsp;Inde,&nbsp;en&nbsp;Indon\u00e9sie, au Kenya et&nbsp;en&nbsp;Tanzanie&nbsp;pour le&nbsp;soutien&nbsp;alimentaire, la construction de&nbsp;b\u00e2timents&nbsp;d\u2019\u00e9glise&nbsp;et la&nbsp;clinique&nbsp;de vaccination COVID-19.&nbsp;<\/p>\n<\/li>\n<li>\n<p>En&nbsp;d\u00e9cembre, les <a href=\"\/fr\/node\/4169\">inscriptions&nbsp;en&nbsp;ligne&nbsp;ont&nbsp;\u00e9t\u00e9&nbsp;ouvertes <\/a>pour la 17e Assembl\u00e9e&nbsp;en&nbsp;Indon\u00e9sie&nbsp;en&nbsp;2022.<\/p>\n<\/li>\n<\/ul>\n<p>\u00ab Nous&nbsp;nous&nbsp;r\u00e9jouissons&nbsp;des&nbsp;amiti\u00e9s&nbsp;interculturelles&nbsp;qui se&nbsp;sont&nbsp;cr\u00e9\u00e9es&nbsp;entre les&nbsp;anabaptistes&nbsp;mennonites&nbsp;du monde&nbsp;entier&nbsp;gr\u00e2ce aux&nbsp;activit\u00e9s&nbsp;de la&nbsp;Conf\u00e9rence&nbsp;Mennonite Mondiale, car nous&nbsp;partageons&nbsp;nos&nbsp;joies&nbsp;et&nbsp;nos&nbsp;peines&nbsp;dans la&nbsp;pri\u00e8re&nbsp;et la&nbsp;solidarit\u00e9&nbsp;\u00bb,&nbsp;dit&nbsp;C\u00e9sar Garc\u00eda,&nbsp;secr\u00e9taire&nbsp;g\u00e9n\u00e9ral&nbsp;de la CMM.&nbsp;<\/p>\n","protected":false},"excerpt":{"rendered":"<p>Les relations au sein de la&nbsp;Conf\u00e9rence&nbsp;Mennonite Mondiale ne&nbsp;cessent&nbsp;de se&nbsp;d\u00e9velopper. Des&nbsp;\u00e9glises&nbsp;membres&nbsp;qui&nbsp;composent&nbsp;la CMM&nbsp;jusqu\u2019aux&nbsp;r\u00e9seaux&nbsp;\u00e9mergents&nbsp;reliant les&nbsp;agences&nbsp;soutenues&nbsp;par les&nbsp;\u00e9glises, la CMM&nbsp;facilite&nbsp;les relations entre les organisations&nbsp;anabaptistes.&nbsp;&nbsp; Stephanie Setiawan rejoint&nbsp;l\u2019\u00e9quipe&nbsp;de la CMM&nbsp;en&nbsp;tant&nbsp;qu\u2019assistante&nbsp;de communication web. Membre de GKMI&nbsp;Sidoarjo,&nbsp;en&nbsp;Indon\u00e9sie,&nbsp;o\u00f9&nbsp;elle&nbsp;est&nbsp;monitrice de&nbsp;l\u2019\u00e9cole&nbsp;du&nbsp;dimanche,&nbsp;elle&nbsp;a de&nbsp;l\u2019exp\u00e9rience&nbsp;dans la gestion des&nbsp;r\u00e9seaux&nbsp;sociaux&nbsp;et des sites internet. Elle a&nbsp;travaill\u00e9&nbsp;avec des enfants&nbsp;en&nbsp;Colombie&nbsp;dans le cadre du programme conjoint YAMEN de la CMM et du MCC, et a&nbsp;r\u00e9cemment&nbsp;\u00e9t\u00e9&nbsp;charg\u00e9e&nbsp;de [&hellip;]<\/p>\n","protected":false},"author":1,"featured_media":94382,"comment_status":"closed","ping_status":"closed","sticky":false,"template":"","format":"standard","meta":{"_acf_changed":false,"footnotes":""},"categories":[7],"tags":[],"network":[],"eventcategory":[],"class_list":["post-10330","post","type-post","status-publish","format-standard","has-post-thumbnail","hentry","category-non-classifiee"],"acf":[],"yoast_head":"<!-- This site is optimized with the Yoast SEO plugin v27.5 - https:\/\/yoast.com\/product\/yoast-seo-wordpress\/ -->\n<title>Nouvelles de la CMM \u2013 Decembre 2021 - Mennonite World Conference<\/title>\n<meta name=\"robots\" content=\"index, follow, max-snippet:-1, max-image-preview:large, max-video-preview:-1\" \/>\n<link rel=\"canonical\" href=\"https:\/\/mwc-cmm.org\/fr\/stories\/nouvelles-de-la-cmm-decembre-2021\/\" \/>\n<meta property=\"og:locale\" content=\"fr_FR\" \/>\n<meta property=\"og:type\" content=\"article\" \/>\n<meta property=\"og:title\" content=\"Nouvelles de la CMM \u2013 Decembre 2021 - Mennonite World Conference\" \/>\n<meta property=\"og:description\" content=\"Les relations au sein de la&nbsp;Conf\u00e9rence&nbsp;Mennonite Mondiale ne&nbsp;cessent&nbsp;de se&nbsp;d\u00e9velopper. Des&nbsp;\u00e9glises&nbsp;membres&nbsp;qui&nbsp;composent&nbsp;la CMM&nbsp;jusqu\u2019aux&nbsp;r\u00e9seaux&nbsp;\u00e9mergents&nbsp;reliant les&nbsp;agences&nbsp;soutenues&nbsp;par les&nbsp;\u00e9glises, la CMM&nbsp;facilite&nbsp;les relations entre les organisations&nbsp;anabaptistes.&nbsp;&nbsp; Stephanie Setiawan rejoint&nbsp;l\u2019\u00e9quipe&nbsp;de la CMM&nbsp;en&nbsp;tant&nbsp;qu\u2019assistante&nbsp;de communication web. Membre de GKMI&nbsp;Sidoarjo,&nbsp;en&nbsp;Indon\u00e9sie,&nbsp;o\u00f9&nbsp;elle&nbsp;est&nbsp;monitrice de&nbsp;l\u2019\u00e9cole&nbsp;du&nbsp;dimanche,&nbsp;elle&nbsp;a de&nbsp;l\u2019exp\u00e9rience&nbsp;dans la gestion des&nbsp;r\u00e9seaux&nbsp;sociaux&nbsp;et des sites internet. Elle a&nbsp;travaill\u00e9&nbsp;avec des enfants&nbsp;en&nbsp;Colombie&nbsp;dans le cadre du programme conjoint YAMEN de la CMM et du MCC, et a&nbsp;r\u00e9cemment&nbsp;\u00e9t\u00e9&nbsp;charg\u00e9e&nbsp;de [&hellip;]\" \/>\n<meta property=\"og:url\" content=\"https:\/\/mwc-cmm.org\/fr\/stories\/nouvelles-de-la-cmm-decembre-2021\/\" \/>\n<meta property=\"og:site_name\" content=\"Mennonite World Conference\" \/>\n<meta property=\"article:publisher\" content=\"https:\/\/www.facebook.com\/MennoniteWorldConference\" \/>\n<meta property=\"article:published_time\" content=\"2021-12-21T00:00:00+00:00\" \/>\n<meta property=\"article:modified_time\" content=\"2024-12-10T17:18:29+00:00\" \/>\n<meta property=\"og:image\" content=\"https:\/\/mwc-cmm.org\/wp-content\/uploads\/2024\/11\/nov5-6-officersvisit-6-scaled.jpg\" \/>\n\t<meta property=\"og:image:width\" content=\"2560\" \/>\n\t<meta property=\"og:image:height\" content=\"1920\" \/>\n\t<meta property=\"og:image:type\" content=\"image\/jpeg\" \/>\n<meta name=\"author\" content=\"mennworldcon\" \/>\n<script type=\"application\/ld+json\" class=\"yoast-schema-graph\">{\"@context\":\"https:\\\/\\\/schema.org\",\"@graph\":[{\"@type\":\"Article\",\"@id\":\"https:\\\/\\\/mwc-cmm.org\\\/fr\\\/stories\\\/nouvelles-de-la-cmm-decembre-2021\\\/#article\",\"isPartOf\":{\"@id\":\"https:\\\/\\\/mwc-cmm.org\\\/fr\\\/stories\\\/nouvelles-de-la-cmm-decembre-2021\\\/\"},\"author\":{\"name\":\"mennworldcon\",\"@id\":\"https:\\\/\\\/mwc-cmm.org\\\/en\\\/#\\\/schema\\\/person\\\/11f6ae0d7d1868ba20a1cc27f067c836\"},\"headline\":\"Nouvelles de la CMM \u2013 Decembre 2021\",\"datePublished\":\"2021-12-21T00:00:00+00:00\",\"dateModified\":\"2024-12-10T17:18:29+00:00\",\"mainEntityOfPage\":{\"@id\":\"https:\\\/\\\/mwc-cmm.org\\\/fr\\\/stories\\\/nouvelles-de-la-cmm-decembre-2021\\\/\"},\"wordCount\":570,\"publisher\":{\"@id\":\"https:\\\/\\\/mwc-cmm.org\\\/en\\\/#organization\"},\"image\":{\"@id\":\"https:\\\/\\\/mwc-cmm.org\\\/fr\\\/stories\\\/nouvelles-de-la-cmm-decembre-2021\\\/#primaryimage\"},\"thumbnailUrl\":\"https:\\\/\\\/mwc-cmm.org\\\/wp-content\\\/uploads\\\/2024\\\/11\\\/nov5-6-officersvisit-6-scaled.jpg\",\"articleSection\":[\"Non classifi\u00e9(e)\"],\"inLanguage\":\"fr-FR\"},{\"@type\":\"WebPage\",\"@id\":\"https:\\\/\\\/mwc-cmm.org\\\/fr\\\/stories\\\/nouvelles-de-la-cmm-decembre-2021\\\/\",\"url\":\"https:\\\/\\\/mwc-cmm.org\\\/fr\\\/stories\\\/nouvelles-de-la-cmm-decembre-2021\\\/\",\"name\":\"Nouvelles de la CMM \u2013 Decembre 2021 - Mennonite World Conference\",\"isPartOf\":{\"@id\":\"https:\\\/\\\/mwc-cmm.org\\\/en\\\/#website\"},\"primaryImageOfPage\":{\"@id\":\"https:\\\/\\\/mwc-cmm.org\\\/fr\\\/stories\\\/nouvelles-de-la-cmm-decembre-2021\\\/#primaryimage\"},\"image\":{\"@id\":\"https:\\\/\\\/mwc-cmm.org\\\/fr\\\/stories\\\/nouvelles-de-la-cmm-decembre-2021\\\/#primaryimage\"},\"thumbnailUrl\":\"https:\\\/\\\/mwc-cmm.org\\\/wp-content\\\/uploads\\\/2024\\\/11\\\/nov5-6-officersvisit-6-scaled.jpg\",\"datePublished\":\"2021-12-21T00:00:00+00:00\",\"dateModified\":\"2024-12-10T17:18:29+00:00\",\"breadcrumb\":{\"@id\":\"https:\\\/\\\/mwc-cmm.org\\\/fr\\\/stories\\\/nouvelles-de-la-cmm-decembre-2021\\\/#breadcrumb\"},\"inLanguage\":\"fr-FR\",\"potentialAction\":[{\"@type\":\"ReadAction\",\"target\":[\"https:\\\/\\\/mwc-cmm.org\\\/fr\\\/stories\\\/nouvelles-de-la-cmm-decembre-2021\\\/\"]}]},{\"@type\":\"ImageObject\",\"inLanguage\":\"fr-FR\",\"@id\":\"https:\\\/\\\/mwc-cmm.org\\\/fr\\\/stories\\\/nouvelles-de-la-cmm-decembre-2021\\\/#primaryimage\",\"url\":\"https:\\\/\\\/mwc-cmm.org\\\/wp-content\\\/uploads\\\/2024\\\/11\\\/nov5-6-officersvisit-6-scaled.jpg\",\"contentUrl\":\"https:\\\/\\\/mwc-cmm.org\\\/wp-content\\\/uploads\\\/2024\\\/11\\\/nov5-6-officersvisit-6-scaled.jpg\",\"width\":2560,\"height\":1920},{\"@type\":\"BreadcrumbList\",\"@id\":\"https:\\\/\\\/mwc-cmm.org\\\/fr\\\/stories\\\/nouvelles-de-la-cmm-decembre-2021\\\/#breadcrumb\",\"itemListElement\":[{\"@type\":\"ListItem\",\"position\":1,\"name\":\"Home\",\"item\":\"https:\\\/\\\/mwc-cmm.org\\\/fr\\\/\"},{\"@type\":\"ListItem\",\"position\":2,\"name\":\"Nouvelles de la CMM \u2013 Decembre 2021\"}]},{\"@type\":\"WebSite\",\"@id\":\"https:\\\/\\\/mwc-cmm.org\\\/en\\\/#website\",\"url\":\"https:\\\/\\\/mwc-cmm.org\\\/en\\\/\",\"name\":\"Mennonite World Conference\",\"description\":\"A communion of Anabaptist-related churches\",\"publisher\":{\"@id\":\"https:\\\/\\\/mwc-cmm.org\\\/en\\\/#organization\"},\"alternateName\":\"MWC\",\"potentialAction\":[{\"@type\":\"SearchAction\",\"target\":{\"@type\":\"EntryPoint\",\"urlTemplate\":\"https:\\\/\\\/mwc-cmm.org\\\/en\\\/?s={search_term_string}\"},\"query-input\":{\"@type\":\"PropertyValueSpecification\",\"valueRequired\":true,\"valueName\":\"search_term_string\"}}],\"inLanguage\":\"fr-FR\"},{\"@type\":\"Organization\",\"@id\":\"https:\\\/\\\/mwc-cmm.org\\\/en\\\/#organization\",\"name\":\"Mennonite World Conference\",\"alternateName\":\"MWC\",\"url\":\"https:\\\/\\\/mwc-cmm.org\\\/en\\\/\",\"logo\":{\"@type\":\"ImageObject\",\"inLanguage\":\"fr-FR\",\"@id\":\"https:\\\/\\\/mwc-cmm.org\\\/en\\\/#\\\/schema\\\/logo\\\/image\\\/\",\"url\":\"https:\\\/\\\/mwc-cmm.org\\\/wp-content\\\/uploads\\\/2026\\\/01\\\/MWC_Sig_Blue_Horiz_webheader1-logo.svg\",\"contentUrl\":\"https:\\\/\\\/mwc-cmm.org\\\/wp-content\\\/uploads\\\/2026\\\/01\\\/MWC_Sig_Blue_Horiz_webheader1-logo.svg\",\"width\":786,\"height\":82,\"caption\":\"Mennonite World Conference\"},\"image\":{\"@id\":\"https:\\\/\\\/mwc-cmm.org\\\/en\\\/#\\\/schema\\\/logo\\\/image\\\/\"},\"sameAs\":[\"https:\\\/\\\/www.facebook.com\\\/MennoniteWorldConference\",\"https:\\\/\\\/www.linkedin.com\\\/company\\\/mennonite-world-conference-mwc\\\/\",\"https:\\\/\\\/www.instagram.com\\\/mwcmm\\\/\",\"https:\\\/\\\/www.youtube.com\\\/user\\\/mwccmm\",\"https:\\\/\\\/bsky.app\\\/profile\\\/mwcmm.bsky.social\"]},{\"@type\":\"Person\",\"@id\":\"https:\\\/\\\/mwc-cmm.org\\\/en\\\/#\\\/schema\\\/person\\\/11f6ae0d7d1868ba20a1cc27f067c836\",\"name\":\"mennworldcon\",\"image\":{\"@type\":\"ImageObject\",\"inLanguage\":\"fr-FR\",\"@id\":\"https:\\\/\\\/secure.gravatar.com\\\/avatar\\\/06fdc0dc81c157dfdb82ec42f252178a22307808988d22c043f9eb96f1e0fe80?s=96&d=mm&r=g\",\"url\":\"https:\\\/\\\/secure.gravatar.com\\\/avatar\\\/06fdc0dc81c157dfdb82ec42f252178a22307808988d22c043f9eb96f1e0fe80?s=96&d=mm&r=g\",\"contentUrl\":\"https:\\\/\\\/secure.gravatar.com\\\/avatar\\\/06fdc0dc81c157dfdb82ec42f252178a22307808988d22c043f9eb96f1e0fe80?s=96&d=mm&r=g\",\"caption\":\"mennworldcon\"},\"sameAs\":[\"https:\\\/\\\/mwc-cmm.org\"],\"url\":\"https:\\\/\\\/mwc-cmm.org\\\/fr\\\/stories\\\/author\\\/mennworldcon\\\/\"}]}<\/script>\n<!-- \/ Yoast SEO plugin. -->","yoast_head_json":{"title":"Nouvelles de la CMM \u2013 Decembre 2021 - Mennonite World Conference","robots":{"index":"index","follow":"follow","max-snippet":"max-snippet:-1","max-image-preview":"max-image-preview:large","max-video-preview":"max-video-preview:-1"},"canonical":"https:\/\/mwc-cmm.org\/fr\/stories\/nouvelles-de-la-cmm-decembre-2021\/","og_locale":"fr_FR","og_type":"article","og_title":"Nouvelles de la CMM \u2013 Decembre 2021 - Mennonite World Conference","og_description":"Les relations au sein de la&nbsp;Conf\u00e9rence&nbsp;Mennonite Mondiale ne&nbsp;cessent&nbsp;de se&nbsp;d\u00e9velopper. Des&nbsp;\u00e9glises&nbsp;membres&nbsp;qui&nbsp;composent&nbsp;la CMM&nbsp;jusqu\u2019aux&nbsp;r\u00e9seaux&nbsp;\u00e9mergents&nbsp;reliant les&nbsp;agences&nbsp;soutenues&nbsp;par les&nbsp;\u00e9glises, la CMM&nbsp;facilite&nbsp;les relations entre les organisations&nbsp;anabaptistes.&nbsp;&nbsp; Stephanie Setiawan rejoint&nbsp;l\u2019\u00e9quipe&nbsp;de la CMM&nbsp;en&nbsp;tant&nbsp;qu\u2019assistante&nbsp;de communication web. Membre de GKMI&nbsp;Sidoarjo,&nbsp;en&nbsp;Indon\u00e9sie,&nbsp;o\u00f9&nbsp;elle&nbsp;est&nbsp;monitrice de&nbsp;l\u2019\u00e9cole&nbsp;du&nbsp;dimanche,&nbsp;elle&nbsp;a de&nbsp;l\u2019exp\u00e9rience&nbsp;dans la gestion des&nbsp;r\u00e9seaux&nbsp;sociaux&nbsp;et des sites internet. Elle a&nbsp;travaill\u00e9&nbsp;avec des enfants&nbsp;en&nbsp;Colombie&nbsp;dans le cadre du programme conjoint YAMEN de la CMM et du MCC, et a&nbsp;r\u00e9cemment&nbsp;\u00e9t\u00e9&nbsp;charg\u00e9e&nbsp;de [&hellip;]","og_url":"https:\/\/mwc-cmm.org\/fr\/stories\/nouvelles-de-la-cmm-decembre-2021\/","og_site_name":"Mennonite World Conference","article_publisher":"https:\/\/www.facebook.com\/MennoniteWorldConference","article_published_time":"2021-12-21T00:00:00+00:00","article_modified_time":"2024-12-10T17:18:29+00:00","og_image":[{"width":2560,"height":1920,"url":"https:\/\/mwc-cmm.org\/wp-content\/uploads\/2024\/11\/nov5-6-officersvisit-6-scaled.jpg","type":"image\/jpeg"}],"author":"mennworldcon","schema":{"@context":"https:\/\/schema.org","@graph":[{"@type":"Article","@id":"https:\/\/mwc-cmm.org\/fr\/stories\/nouvelles-de-la-cmm-decembre-2021\/#article","isPartOf":{"@id":"https:\/\/mwc-cmm.org\/fr\/stories\/nouvelles-de-la-cmm-decembre-2021\/"},"author":{"name":"mennworldcon","@id":"https:\/\/mwc-cmm.org\/en\/#\/schema\/person\/11f6ae0d7d1868ba20a1cc27f067c836"},"headline":"Nouvelles de la CMM \u2013 Decembre 2021","datePublished":"2021-12-21T00:00:00+00:00","dateModified":"2024-12-10T17:18:29+00:00","mainEntityOfPage":{"@id":"https:\/\/mwc-cmm.org\/fr\/stories\/nouvelles-de-la-cmm-decembre-2021\/"},"wordCount":570,"publisher":{"@id":"https:\/\/mwc-cmm.org\/en\/#organization"},"image":{"@id":"https:\/\/mwc-cmm.org\/fr\/stories\/nouvelles-de-la-cmm-decembre-2021\/#primaryimage"},"thumbnailUrl":"https:\/\/mwc-cmm.org\/wp-content\/uploads\/2024\/11\/nov5-6-officersvisit-6-scaled.jpg","articleSection":["Non classifi\u00e9(e)"],"inLanguage":"fr-FR"},{"@type":"WebPage","@id":"https:\/\/mwc-cmm.org\/fr\/stories\/nouvelles-de-la-cmm-decembre-2021\/","url":"https:\/\/mwc-cmm.org\/fr\/stories\/nouvelles-de-la-cmm-decembre-2021\/","name":"Nouvelles de la CMM \u2013 Decembre 2021 - Mennonite World Conference","isPartOf":{"@id":"https:\/\/mwc-cmm.org\/en\/#website"},"primaryImageOfPage":{"@id":"https:\/\/mwc-cmm.org\/fr\/stories\/nouvelles-de-la-cmm-decembre-2021\/#primaryimage"},"image":{"@id":"https:\/\/mwc-cmm.org\/fr\/stories\/nouvelles-de-la-cmm-decembre-2021\/#primaryimage"},"thumbnailUrl":"https:\/\/mwc-cmm.org\/wp-content\/uploads\/2024\/11\/nov5-6-officersvisit-6-scaled.jpg","datePublished":"2021-12-21T00:00:00+00:00","dateModified":"2024-12-10T17:18:29+00:00","breadcrumb":{"@id":"https:\/\/mwc-cmm.org\/fr\/stories\/nouvelles-de-la-cmm-decembre-2021\/#breadcrumb"},"inLanguage":"fr-FR","potentialAction":[{"@type":"ReadAction","target":["https:\/\/mwc-cmm.org\/fr\/stories\/nouvelles-de-la-cmm-decembre-2021\/"]}]},{"@type":"ImageObject","inLanguage":"fr-FR","@id":"https:\/\/mwc-cmm.org\/fr\/stories\/nouvelles-de-la-cmm-decembre-2021\/#primaryimage","url":"https:\/\/mwc-cmm.org\/wp-content\/uploads\/2024\/11\/nov5-6-officersvisit-6-scaled.jpg","contentUrl":"https:\/\/mwc-cmm.org\/wp-content\/uploads\/2024\/11\/nov5-6-officersvisit-6-scaled.jpg","width":2560,"height":1920},{"@type":"BreadcrumbList","@id":"https:\/\/mwc-cmm.org\/fr\/stories\/nouvelles-de-la-cmm-decembre-2021\/#breadcrumb","itemListElement":[{"@type":"ListItem","position":1,"name":"Home","item":"https:\/\/mwc-cmm.org\/fr\/"},{"@type":"ListItem","position":2,"name":"Nouvelles de la CMM \u2013 Decembre 2021"}]},{"@type":"WebSite","@id":"https:\/\/mwc-cmm.org\/en\/#website","url":"https:\/\/mwc-cmm.org\/en\/","name":"Mennonite World Conference","description":"A communion of Anabaptist-related churches","publisher":{"@id":"https:\/\/mwc-cmm.org\/en\/#organization"},"alternateName":"MWC","potentialAction":[{"@type":"SearchAction","target":{"@type":"EntryPoint","urlTemplate":"https:\/\/mwc-cmm.org\/en\/?s={search_term_string}"},"query-input":{"@type":"PropertyValueSpecification","valueRequired":true,"valueName":"search_term_string"}}],"inLanguage":"fr-FR"},{"@type":"Organization","@id":"https:\/\/mwc-cmm.org\/en\/#organization","name":"Mennonite World Conference","alternateName":"MWC","url":"https:\/\/mwc-cmm.org\/en\/","logo":{"@type":"ImageObject","inLanguage":"fr-FR","@id":"https:\/\/mwc-cmm.org\/en\/#\/schema\/logo\/image\/","url":"https:\/\/mwc-cmm.org\/wp-content\/uploads\/2026\/01\/MWC_Sig_Blue_Horiz_webheader1-logo.svg","contentUrl":"https:\/\/mwc-cmm.org\/wp-content\/uploads\/2026\/01\/MWC_Sig_Blue_Horiz_webheader1-logo.svg","width":786,"height":82,"caption":"Mennonite World Conference"},"image":{"@id":"https:\/\/mwc-cmm.org\/en\/#\/schema\/logo\/image\/"},"sameAs":["https:\/\/www.facebook.com\/MennoniteWorldConference","https:\/\/www.linkedin.com\/company\/mennonite-world-conference-mwc\/","https:\/\/www.instagram.com\/mwcmm\/","https:\/\/www.youtube.com\/user\/mwccmm","https:\/\/bsky.app\/profile\/mwcmm.bsky.social"]},{"@type":"Person","@id":"https:\/\/mwc-cmm.org\/en\/#\/schema\/person\/11f6ae0d7d1868ba20a1cc27f067c836","name":"mennworldcon","image":{"@type":"ImageObject","inLanguage":"fr-FR","@id":"https:\/\/secure.gravatar.com\/avatar\/06fdc0dc81c157dfdb82ec42f252178a22307808988d22c043f9eb96f1e0fe80?s=96&d=mm&r=g","url":"https:\/\/secure.gravatar.com\/avatar\/06fdc0dc81c157dfdb82ec42f252178a22307808988d22c043f9eb96f1e0fe80?s=96&d=mm&r=g","contentUrl":"https:\/\/secure.gravatar.com\/avatar\/06fdc0dc81c157dfdb82ec42f252178a22307808988d22c043f9eb96f1e0fe80?s=96&d=mm&r=g","caption":"mennworldcon"},"sameAs":["https:\/\/mwc-cmm.org"],"url":"https:\/\/mwc-cmm.org\/fr\/stories\/author\/mennworldcon\/"}]}},"_links":{"self":[{"href":"https:\/\/mwc-cmm.org\/fr\/wp-json\/wp\/v2\/posts\/10330","targetHints":{"allow":["GET"]}}],"collection":[{"href":"https:\/\/mwc-cmm.org\/fr\/wp-json\/wp\/v2\/posts"}],"about":[{"href":"https:\/\/mwc-cmm.org\/fr\/wp-json\/wp\/v2\/types\/post"}],"author":[{"embeddable":true,"href":"https:\/\/mwc-cmm.org\/fr\/wp-json\/wp\/v2\/users\/1"}],"replies":[{"embeddable":true,"href":"https:\/\/mwc-cmm.org\/fr\/wp-json\/wp\/v2\/comments?post=10330"}],"version-history":[{"count":0,"href":"https:\/\/mwc-cmm.org\/fr\/wp-json\/wp\/v2\/posts\/10330\/revisions"}],"wp:featuredmedia":[{"embeddable":true,"href":"https:\/\/mwc-cmm.org\/fr\/wp-json\/wp\/v2\/media\/94382"}],"wp:attachment":[{"href":"https:\/\/mwc-cmm.org\/fr\/wp-json\/wp\/v2\/media?parent=10330"}],"wp:term":[{"taxonomy":"category","embeddable":true,"href":"https:\/\/mwc-cmm.org\/fr\/wp-json\/wp\/v2\/categories?post=10330"},{"taxonomy":"post_tag","embeddable":true,"href":"https:\/\/mwc-cmm.org\/fr\/wp-json\/wp\/v2\/tags?post=10330"},{"taxonomy":"network","embeddable":true,"href":"https:\/\/mwc-cmm.org\/fr\/wp-json\/wp\/v2\/network?post=10330"},{"taxonomy":"eventcategory","embeddable":true,"href":"https:\/\/mwc-cmm.org\/fr\/wp-json\/wp\/v2\/eventcategory?post=10330"}],"curies":[{"name":"wp","href":"https:\/\/api.w.org\/{rel}","templated":true}]}}