{"id":10327,"date":"2021-12-14T00:00:00","date_gmt":"2021-12-14T00:00:00","guid":{"rendered":"https:\/\/mwc-cmm.org\/registration-for-mwc-assembly-opens-for-online-participation-3\/"},"modified":"2025-06-06T10:33:24","modified_gmt":"2025-06-06T10:33:24","slug":"ouverture-des-inscriptions-pour-la-participation-en-ligne-lassemblee-de-la-cmm","status":"publish","type":"post","link":"https:\/\/mwc-cmm.org\/fr\/stories\/ouverture-des-inscriptions-pour-la-participation-en-ligne-lassemblee-de-la-cmm\/","title":{"rendered":"Ouverture des inscriptions pour la participation en ligne \u00e0 l&rsquo;Assembl\u00e9e de la CMM"},"content":{"rendered":"<p>A partir du 24 d\u00e9cembre 2021, le site d&rsquo;inscription de la Conf\u00e9rence Mennonite Mondiale (CMM) accepte les inscriptions des participants en ligne&nbsp;pour <a href=\"https:\/\/indonesia2022.mwc-cmm.org\">indonesia2022.mwc-cmm.org<\/a><\/p>\n<p>\u00ab&nbsp;L&rsquo;Assembl\u00e9e privil\u00e9giera d&rsquo;abord les inscriptions en ligne, et \u00e0 partir de fin f\u00e9vrier&nbsp;2022, les gens pourront s&rsquo;inscrire pour participer en personne&nbsp;\u00bb, explique&nbsp;Liesa&nbsp;Unger, responsable des&nbsp;\u00e9v\u00e9nements&nbsp;internationaux&nbsp;du MWC.&nbsp;&nbsp;<\/p>\n<p>\u00ab Une&nbsp;fois&nbsp;inscrits, les&nbsp;participants&nbsp;en&nbsp;ligne&nbsp;auront&nbsp;la&nbsp;priorit\u00e9&nbsp;pour&nbsp;passer&nbsp;de la&nbsp;participation&nbsp;en&nbsp;ligne&nbsp;\u00e0 la&nbsp;participation&nbsp;en&nbsp;personne&nbsp;lorsque&nbsp;les&nbsp;exigences&nbsp;en&nbsp;mati\u00e8re&nbsp;de&nbsp;voyage&nbsp;deviendront&nbsp;claires&nbsp;\u00bb,&nbsp;poursuit&nbsp;Liesa.&nbsp;<\/p>\n<p>Les&nbsp;frais&nbsp;d&rsquo;inscription&nbsp;varient&nbsp;en&nbsp;fonction&nbsp;du&nbsp;pays&nbsp;d&rsquo;origine&nbsp;afin&nbsp;de garantir un&nbsp;acc\u00e8s&nbsp;\u00e9quitable&nbsp;\u00e0 ce&nbsp;rassemblement&nbsp;mondial. La CMM&nbsp;suit&nbsp;sa&nbsp;politique&nbsp;de \u00ab&nbsp;part&nbsp;\u00e9quitable&nbsp;\u00bb&nbsp;pour&nbsp;les&nbsp;frais&nbsp;d&rsquo;adh\u00e9sion&nbsp;et&nbsp;d&rsquo;inscription&nbsp;aux&nbsp;\u00e9v\u00e9nements.&nbsp;\u00ab En&nbsp;fonction&nbsp;du&nbsp;niveau&nbsp;de&nbsp;revenu&nbsp;de chaque&nbsp;pays, les&nbsp;frais&nbsp;d&rsquo;inscription&nbsp;en&nbsp;ligne&nbsp;varient&nbsp;de la&nbsp;gratuit\u00e9&nbsp;\u00e0 150 USD par&nbsp;personne&nbsp;\u00bb,&nbsp;poursuit&nbsp;Liesa.&nbsp;&nbsp;&nbsp;<\/p>\n<p>Les&nbsp;personnes&nbsp;qui&nbsp;s&rsquo;inscrivent&nbsp;avant&nbsp;le 30&nbsp;avril&nbsp;2022&nbsp;b\u00e9n\u00e9ficieront&nbsp;\u00e9galement&nbsp;de&nbsp;tarifs&nbsp;pr\u00e9f\u00e9rentiels.&nbsp;<\/p>\n<p>Les&nbsp;Eglises, les&nbsp;groupes&nbsp;d&rsquo;\u00e9tudes&nbsp;bibliques&nbsp;et les&nbsp;groupes&nbsp;de&nbsp;jeunes&nbsp;peuvent&nbsp;\u00e9galement&nbsp;prendre&nbsp;part&nbsp;\u00e0&nbsp;l&rsquo;exp\u00e9rience&nbsp;virtuelle.&nbsp;\u00ab Nous&nbsp;encourageons&nbsp;toute&nbsp;l&rsquo;\u00e9glise&nbsp;\u00e0&nbsp;s&rsquo;inscrire&nbsp;en&nbsp;ligne&nbsp;et \u00e0&nbsp;programmer&nbsp;un&nbsp;moment&nbsp;pour&nbsp;se&nbsp;r\u00e9unir&nbsp;et&nbsp;participer&nbsp;au&nbsp;culte,&nbsp;aux&nbsp;activit\u00e9s&nbsp;de&nbsp;groupe&nbsp;et&nbsp;aux&nbsp;ateliers&nbsp;avec&nbsp;les&nbsp;participants&nbsp;sur&nbsp;place \u00bb, explique&nbsp;Liesa&nbsp;Unger.&nbsp;<\/p>\n<p>Avec&nbsp;un&nbsp;peu&nbsp;d&rsquo;anticipation, les&nbsp;\u00c9glises&nbsp;peuvent&nbsp;tirer&nbsp;le&nbsp;meilleur&nbsp;de&nbsp;cette&nbsp;communion&nbsp;hybride&nbsp;avec&nbsp;leur&nbsp;famille&nbsp;mondiale. Par&nbsp;exemple:&nbsp;<\/p>\n<ul>\n<li>En&nbsp;planifiant&nbsp;\u00e0&nbsp;l&rsquo;avance&nbsp;les&nbsp;sessions&nbsp;auxquelles&nbsp;elles&nbsp;veulent&nbsp;participer.&nbsp;<\/li>\n<li>En&nbsp;tenant&nbsp;compte&nbsp;du&nbsp;calendrier&nbsp;de&nbsp;l&rsquo;Assembl\u00e9e&nbsp;lors&nbsp;de&nbsp;l&rsquo;organisation&nbsp;des&nbsp;activit\u00e9s&nbsp;parall\u00e8les.&nbsp;<\/li>\n<li>En&nbsp;retrouvant&nbsp;quelque&nbsp;part&nbsp;d&rsquo;autres&nbsp;participants&nbsp;\u00e0&nbsp;l&rsquo;Assembl\u00e9e&nbsp;en&nbsp;ligne&nbsp;<\/li>\n<\/ul>\n<p>Participer&nbsp;\u00e0&nbsp;l&rsquo;Assembl\u00e9e&nbsp;en&nbsp;tant&nbsp;que&nbsp;groupe&nbsp;pr\u00e9sente&nbsp;plusieurs&nbsp;avantages. La&nbsp;meilleure&nbsp;connexion&nbsp;Internet&nbsp;peut&nbsp;servir \u00e0&nbsp;plusieurs&nbsp;participants, ce qui&nbsp;r\u00e9duit&nbsp;les&nbsp;co\u00fbts&nbsp;et facilite le&nbsp;d\u00e9pannage&nbsp;technique. Les&nbsp;groupes&nbsp;auront&nbsp;un&nbsp;sentiment&nbsp;d&rsquo;unit\u00e9&nbsp;en se&nbsp;retrouvant&nbsp;dans&nbsp;le&nbsp;m\u00eame&nbsp;espace&nbsp;avec&nbsp;des&nbsp;personnes&nbsp;qu&rsquo;ils&nbsp;connaissent&nbsp;et en&nbsp;interagissant&nbsp;avec&nbsp;une&nbsp;communaut\u00e9&nbsp;mondiale.&nbsp;L&rsquo;Assembl\u00e9e&nbsp;ne&nbsp;doit&nbsp;pas&nbsp;\u00eatre&nbsp;une&nbsp;exp\u00e9rience&nbsp;solitaire.&nbsp;&nbsp;<\/p>\n<p>\u00ab Nous&nbsp;voulons&nbsp;nous&nbsp;assurer&nbsp;que&nbsp;l&rsquo;exp\u00e9rience&nbsp;mondiale&nbsp;en&nbsp;ligne&nbsp;n&rsquo;est&nbsp;pas&nbsp;limit\u00e9e&nbsp;aux&nbsp;pays&nbsp;o\u00f9&nbsp;l&rsquo;internet&nbsp;est&nbsp;disponible&nbsp;dans&nbsp;chaque foyer. Nous&nbsp;encourageons&nbsp;donc&nbsp;les&nbsp;congr\u00e9gations&nbsp;\u00e0&nbsp;suivre&nbsp;ensemble&nbsp;l&rsquo;Assembl\u00e9e&nbsp;par le&nbsp;biais&nbsp;de&nbsp;l&rsquo;inscription&nbsp;d&rsquo;une&nbsp;seule&nbsp;personne,&nbsp;mais&nbsp;\u00e0 faire une&nbsp;offrande&nbsp;pour&nbsp;le&nbsp;fonds&nbsp;de&nbsp;l&rsquo;Assembl\u00e9e&nbsp;de la&nbsp;Conf\u00e9rence&nbsp;mennonite&nbsp;mondiale&nbsp;au&nbsp;lieu&nbsp;d&rsquo;inscrire&nbsp;chaque&nbsp;personne&nbsp;de&nbsp;l&rsquo;\u00e9glise&nbsp;qui y&nbsp;assiste&nbsp;virtuellement&nbsp;\u00bb, explique&nbsp;Liesa&nbsp;Unger.&nbsp;<\/p>\n<p>\u00ab&nbsp;J&rsquo;encourage&nbsp;chacun&nbsp;d&rsquo;entre&nbsp;nous&nbsp;\u00e0&nbsp;prendre&nbsp;courage&nbsp;et \u00e0 savoir que&nbsp;Dieu&nbsp;est&nbsp;aux&nbsp;commandes.&nbsp;Depuis&nbsp;le&nbsp;d\u00e9but&nbsp;de la&nbsp;pand\u00e9mie,&nbsp;nous&nbsp;avons&nbsp;appris&nbsp;que les&nbsp;situations&nbsp;peuvent&nbsp;changer&nbsp;tr\u00e8s&nbsp;rapidement, et en&nbsp;r\u00e9ponse,&nbsp;nous&nbsp;apprenons&nbsp;de&nbsp;nouvelles&nbsp;choses&nbsp;pour&nbsp;faire&nbsp;face&nbsp;\u00e0 ces&nbsp;changements. Sur place&nbsp;ou&nbsp;en&nbsp;ligne,&nbsp;nous&nbsp;pouvons&nbsp;suivre&nbsp;J\u00e9sus&nbsp;ensemble,&nbsp;au-del\u00e0&nbsp;des&nbsp;barri\u00e8res, en&nbsp;tant&nbsp;que&nbsp;famille&nbsp;mondiale&nbsp;de la&nbsp;foi&nbsp;\u00bb,&nbsp;d\u00e9clare&nbsp;Janti&nbsp;Widjaja, responsable de&nbsp;l&rsquo;\u00e9glise&nbsp;GKMI.&nbsp;<\/p>\n<p style=\"text-align:center\"><a href=\"http:\/\/www.indonesia2022.mwc-cmm.org\"><img decoding=\"async\" alt=\"\" height=\"100\" data-src=\"\/sites\/default\/files\/website_files_2020\/button_fr.png\" width=\"400\" src=\"data:image\/svg+xml;base64,PHN2ZyB3aWR0aD0iMSIgaGVpZ2h0PSIxIiB4bWxucz0iaHR0cDovL3d3dy53My5vcmcvMjAwMC9zdmciPjwvc3ZnPg==\" class=\"lazyload\" style=\"--smush-placeholder-width: 400px; --smush-placeholder-aspect-ratio: 400\/100;\"><\/a><\/p>\n<p>Pour&nbsp;vous&nbsp;inscrire,&nbsp;scannez&nbsp;le&nbsp;code&nbsp;ci-dessous&nbsp;ou&nbsp;rendez-vous&nbsp;sur <a href=\"https:\/\/indonesia2022.mwc-cmm.org\">indonesia2022.mwc-cmm.org<\/a><\/p>\n<p><a href=\"https:\/\/indonesia2022.mwc-cmm.org\"><img decoding=\"async\" alt=\"\" height=\"256\" data-src=\"https:\/\/mwc-cmm.org\/wp-content\/uploads\/2024\/10\/qr-assembly-website.png\" style=\"--smush-placeholder-width: 256px; --smush-placeholder-aspect-ratio: 256\/256;float:left\" width=\"256\" src=\"data:image\/svg+xml;base64,PHN2ZyB3aWR0aD0iMSIgaGVpZ2h0PSIxIiB4bWxucz0iaHR0cDovL3d3dy53My5vcmcvMjAwMC9zdmciPjwvc3ZnPg==\" class=\"lazyload\"><\/a><\/p>\n<p>&nbsp;<\/p>\n","protected":false},"excerpt":{"rendered":"<p>A partir du 24 d\u00e9cembre 2021, le site d&rsquo;inscription de la Conf\u00e9rence Mennonite Mondiale (CMM) accepte les inscriptions des participants en ligne&nbsp;pour indonesia2022.mwc-cmm.org \u00ab&nbsp;L&rsquo;Assembl\u00e9e privil\u00e9giera d&rsquo;abord les inscriptions en ligne, et \u00e0 partir de fin f\u00e9vrier&nbsp;2022, les gens pourront s&rsquo;inscrire pour participer en personne&nbsp;\u00bb, explique&nbsp;Liesa&nbsp;Unger, responsable des&nbsp;\u00e9v\u00e9nements&nbsp;internationaux&nbsp;du MWC.&nbsp;&nbsp; \u00ab Une&nbsp;fois&nbsp;inscrits, les&nbsp;participants&nbsp;en&nbsp;ligne&nbsp;auront&nbsp;la&nbsp;priorit\u00e9&nbsp;pour&nbsp;passer&nbsp;de la&nbsp;participation&nbsp;en&nbsp;ligne&nbsp;\u00e0 la&nbsp;participation&nbsp;en&nbsp;personne&nbsp;lorsque&nbsp;les&nbsp;exigences&nbsp;en&nbsp;mati\u00e8re&nbsp;de&nbsp;voyage&nbsp;deviendront&nbsp;claires&nbsp;\u00bb,&nbsp;poursuit&nbsp;Liesa.&nbsp; Les&nbsp;frais&nbsp;d&rsquo;inscription&nbsp;varient&nbsp;en&nbsp;fonction&nbsp;du&nbsp;pays&nbsp;d&rsquo;origine&nbsp;afin&nbsp;de garantir [&hellip;]<\/p>\n","protected":false},"author":1,"featured_media":94340,"comment_status":"closed","ping_status":"closed","sticky":false,"template":"","format":"standard","meta":{"_acf_changed":false,"footnotes":""},"categories":[7],"tags":[498],"network":[],"eventcategory":[1494],"class_list":["post-10327","post","type-post","status-publish","format-standard","has-post-thumbnail","hentry","category-non-classifiee","tag-assemblee-reunie","eventcategory-assembly-fr"],"acf":[],"yoast_head":"<!-- This site is optimized with the Yoast SEO plugin v27.5 - https:\/\/yoast.com\/product\/yoast-seo-wordpress\/ -->\n<title>Ouverture des inscriptions pour la participation en ligne \u00e0 l&#039;Assembl\u00e9e de la CMM - Mennonite World Conference<\/title>\n<meta name=\"robots\" content=\"index, follow, max-snippet:-1, max-image-preview:large, max-video-preview:-1\" \/>\n<link rel=\"canonical\" href=\"https:\/\/mwc-cmm.org\/fr\/stories\/ouverture-des-inscriptions-pour-la-participation-en-ligne-lassemblee-de-la-cmm\/\" \/>\n<meta property=\"og:locale\" content=\"fr_FR\" \/>\n<meta property=\"og:type\" content=\"article\" \/>\n<meta property=\"og:title\" content=\"Ouverture des inscriptions pour la participation en ligne \u00e0 l&#039;Assembl\u00e9e de la CMM - Mennonite World Conference\" \/>\n<meta property=\"og:description\" content=\"A partir du 24 d\u00e9cembre 2021, le site d&rsquo;inscription de la Conf\u00e9rence Mennonite Mondiale (CMM) accepte les inscriptions des participants en ligne&nbsp;pour indonesia2022.mwc-cmm.org \u00ab&nbsp;L&rsquo;Assembl\u00e9e privil\u00e9giera d&rsquo;abord les inscriptions en ligne, et \u00e0 partir de fin f\u00e9vrier&nbsp;2022, les gens pourront s&rsquo;inscrire pour participer en personne&nbsp;\u00bb, explique&nbsp;Liesa&nbsp;Unger, responsable des&nbsp;\u00e9v\u00e9nements&nbsp;internationaux&nbsp;du MWC.&nbsp;&nbsp; \u00ab Une&nbsp;fois&nbsp;inscrits, les&nbsp;participants&nbsp;en&nbsp;ligne&nbsp;auront&nbsp;la&nbsp;priorit\u00e9&nbsp;pour&nbsp;passer&nbsp;de la&nbsp;participation&nbsp;en&nbsp;ligne&nbsp;\u00e0 la&nbsp;participation&nbsp;en&nbsp;personne&nbsp;lorsque&nbsp;les&nbsp;exigences&nbsp;en&nbsp;mati\u00e8re&nbsp;de&nbsp;voyage&nbsp;deviendront&nbsp;claires&nbsp;\u00bb,&nbsp;poursuit&nbsp;Liesa.&nbsp; Les&nbsp;frais&nbsp;d&rsquo;inscription&nbsp;varient&nbsp;en&nbsp;fonction&nbsp;du&nbsp;pays&nbsp;d&rsquo;origine&nbsp;afin&nbsp;de garantir [&hellip;]\" \/>\n<meta property=\"og:url\" content=\"https:\/\/mwc-cmm.org\/fr\/stories\/ouverture-des-inscriptions-pour-la-participation-en-ligne-lassemblee-de-la-cmm\/\" \/>\n<meta property=\"og:site_name\" content=\"Mennonite World Conference\" \/>\n<meta property=\"article:publisher\" content=\"https:\/\/www.facebook.com\/MennoniteWorldConference\" \/>\n<meta property=\"article:published_time\" content=\"2021-12-14T00:00:00+00:00\" \/>\n<meta property=\"article:modified_time\" content=\"2025-06-06T10:33:24+00:00\" \/>\n<meta property=\"og:image\" content=\"https:\/\/mwc-cmm.org\/wp-content\/uploads\/2024\/11\/51474630727_da68e19576_k.jpg\" \/>\n\t<meta property=\"og:image:width\" content=\"1448\" \/>\n\t<meta property=\"og:image:height\" content=\"2048\" \/>\n\t<meta property=\"og:image:type\" content=\"image\/jpeg\" \/>\n<meta name=\"author\" content=\"mennworldcon\" \/>\n<script type=\"application\/ld+json\" class=\"yoast-schema-graph\">{\"@context\":\"https:\\\/\\\/schema.org\",\"@graph\":[{\"@type\":\"Article\",\"@id\":\"https:\\\/\\\/mwc-cmm.org\\\/fr\\\/stories\\\/ouverture-des-inscriptions-pour-la-participation-en-ligne-lassemblee-de-la-cmm\\\/#article\",\"isPartOf\":{\"@id\":\"https:\\\/\\\/mwc-cmm.org\\\/fr\\\/stories\\\/ouverture-des-inscriptions-pour-la-participation-en-ligne-lassemblee-de-la-cmm\\\/\"},\"author\":{\"name\":\"mennworldcon\",\"@id\":\"https:\\\/\\\/mwc-cmm.org\\\/en\\\/#\\\/schema\\\/person\\\/11f6ae0d7d1868ba20a1cc27f067c836\"},\"headline\":\"Ouverture des inscriptions pour la participation en ligne \u00e0 l&rsquo;Assembl\u00e9e de la CMM\",\"datePublished\":\"2021-12-14T00:00:00+00:00\",\"dateModified\":\"2025-06-06T10:33:24+00:00\",\"mainEntityOfPage\":{\"@id\":\"https:\\\/\\\/mwc-cmm.org\\\/fr\\\/stories\\\/ouverture-des-inscriptions-pour-la-participation-en-ligne-lassemblee-de-la-cmm\\\/\"},\"wordCount\":948,\"publisher\":{\"@id\":\"https:\\\/\\\/mwc-cmm.org\\\/en\\\/#organization\"},\"image\":{\"@id\":\"https:\\\/\\\/mwc-cmm.org\\\/fr\\\/stories\\\/ouverture-des-inscriptions-pour-la-participation-en-ligne-lassemblee-de-la-cmm\\\/#primaryimage\"},\"thumbnailUrl\":\"https:\\\/\\\/mwc-cmm.org\\\/wp-content\\\/uploads\\\/2024\\\/11\\\/51474630727_da68e19576_k.jpg\",\"keywords\":[\"Assembl\u00e9e r\u00e9unie\"],\"articleSection\":[\"Non classifi\u00e9(e)\"],\"inLanguage\":\"fr-FR\"},{\"@type\":\"WebPage\",\"@id\":\"https:\\\/\\\/mwc-cmm.org\\\/fr\\\/stories\\\/ouverture-des-inscriptions-pour-la-participation-en-ligne-lassemblee-de-la-cmm\\\/\",\"url\":\"https:\\\/\\\/mwc-cmm.org\\\/fr\\\/stories\\\/ouverture-des-inscriptions-pour-la-participation-en-ligne-lassemblee-de-la-cmm\\\/\",\"name\":\"Ouverture des inscriptions pour la participation en ligne \u00e0 l'Assembl\u00e9e de la CMM - Mennonite World Conference\",\"isPartOf\":{\"@id\":\"https:\\\/\\\/mwc-cmm.org\\\/en\\\/#website\"},\"primaryImageOfPage\":{\"@id\":\"https:\\\/\\\/mwc-cmm.org\\\/fr\\\/stories\\\/ouverture-des-inscriptions-pour-la-participation-en-ligne-lassemblee-de-la-cmm\\\/#primaryimage\"},\"image\":{\"@id\":\"https:\\\/\\\/mwc-cmm.org\\\/fr\\\/stories\\\/ouverture-des-inscriptions-pour-la-participation-en-ligne-lassemblee-de-la-cmm\\\/#primaryimage\"},\"thumbnailUrl\":\"https:\\\/\\\/mwc-cmm.org\\\/wp-content\\\/uploads\\\/2024\\\/11\\\/51474630727_da68e19576_k.jpg\",\"datePublished\":\"2021-12-14T00:00:00+00:00\",\"dateModified\":\"2025-06-06T10:33:24+00:00\",\"breadcrumb\":{\"@id\":\"https:\\\/\\\/mwc-cmm.org\\\/fr\\\/stories\\\/ouverture-des-inscriptions-pour-la-participation-en-ligne-lassemblee-de-la-cmm\\\/#breadcrumb\"},\"inLanguage\":\"fr-FR\",\"potentialAction\":[{\"@type\":\"ReadAction\",\"target\":[\"https:\\\/\\\/mwc-cmm.org\\\/fr\\\/stories\\\/ouverture-des-inscriptions-pour-la-participation-en-ligne-lassemblee-de-la-cmm\\\/\"]}]},{\"@type\":\"ImageObject\",\"inLanguage\":\"fr-FR\",\"@id\":\"https:\\\/\\\/mwc-cmm.org\\\/fr\\\/stories\\\/ouverture-des-inscriptions-pour-la-participation-en-ligne-lassemblee-de-la-cmm\\\/#primaryimage\",\"url\":\"https:\\\/\\\/mwc-cmm.org\\\/wp-content\\\/uploads\\\/2024\\\/11\\\/51474630727_da68e19576_k.jpg\",\"contentUrl\":\"https:\\\/\\\/mwc-cmm.org\\\/wp-content\\\/uploads\\\/2024\\\/11\\\/51474630727_da68e19576_k.jpg\",\"width\":1448,\"height\":2048},{\"@type\":\"BreadcrumbList\",\"@id\":\"https:\\\/\\\/mwc-cmm.org\\\/fr\\\/stories\\\/ouverture-des-inscriptions-pour-la-participation-en-ligne-lassemblee-de-la-cmm\\\/#breadcrumb\",\"itemListElement\":[{\"@type\":\"ListItem\",\"position\":1,\"name\":\"Home\",\"item\":\"https:\\\/\\\/mwc-cmm.org\\\/fr\\\/\"},{\"@type\":\"ListItem\",\"position\":2,\"name\":\"Ouverture des inscriptions pour la participation en ligne \u00e0 l&#8217;Assembl\u00e9e de la CMM\"}]},{\"@type\":\"WebSite\",\"@id\":\"https:\\\/\\\/mwc-cmm.org\\\/en\\\/#website\",\"url\":\"https:\\\/\\\/mwc-cmm.org\\\/en\\\/\",\"name\":\"Mennonite World Conference\",\"description\":\"A communion of Anabaptist-related churches\",\"publisher\":{\"@id\":\"https:\\\/\\\/mwc-cmm.org\\\/en\\\/#organization\"},\"alternateName\":\"MWC\",\"potentialAction\":[{\"@type\":\"SearchAction\",\"target\":{\"@type\":\"EntryPoint\",\"urlTemplate\":\"https:\\\/\\\/mwc-cmm.org\\\/en\\\/?s={search_term_string}\"},\"query-input\":{\"@type\":\"PropertyValueSpecification\",\"valueRequired\":true,\"valueName\":\"search_term_string\"}}],\"inLanguage\":\"fr-FR\"},{\"@type\":\"Organization\",\"@id\":\"https:\\\/\\\/mwc-cmm.org\\\/en\\\/#organization\",\"name\":\"Mennonite World Conference\",\"alternateName\":\"MWC\",\"url\":\"https:\\\/\\\/mwc-cmm.org\\\/en\\\/\",\"logo\":{\"@type\":\"ImageObject\",\"inLanguage\":\"fr-FR\",\"@id\":\"https:\\\/\\\/mwc-cmm.org\\\/en\\\/#\\\/schema\\\/logo\\\/image\\\/\",\"url\":\"https:\\\/\\\/mwc-cmm.org\\\/wp-content\\\/uploads\\\/2026\\\/01\\\/MWC_Sig_Blue_Horiz_webheader1-logo.svg\",\"contentUrl\":\"https:\\\/\\\/mwc-cmm.org\\\/wp-content\\\/uploads\\\/2026\\\/01\\\/MWC_Sig_Blue_Horiz_webheader1-logo.svg\",\"width\":786,\"height\":82,\"caption\":\"Mennonite World Conference\"},\"image\":{\"@id\":\"https:\\\/\\\/mwc-cmm.org\\\/en\\\/#\\\/schema\\\/logo\\\/image\\\/\"},\"sameAs\":[\"https:\\\/\\\/www.facebook.com\\\/MennoniteWorldConference\",\"https:\\\/\\\/www.linkedin.com\\\/company\\\/mennonite-world-conference-mwc\\\/\",\"https:\\\/\\\/www.instagram.com\\\/mwcmm\\\/\",\"https:\\\/\\\/www.youtube.com\\\/user\\\/mwccmm\",\"https:\\\/\\\/bsky.app\\\/profile\\\/mwcmm.bsky.social\"]},{\"@type\":\"Person\",\"@id\":\"https:\\\/\\\/mwc-cmm.org\\\/en\\\/#\\\/schema\\\/person\\\/11f6ae0d7d1868ba20a1cc27f067c836\",\"name\":\"mennworldcon\",\"image\":{\"@type\":\"ImageObject\",\"inLanguage\":\"fr-FR\",\"@id\":\"https:\\\/\\\/secure.gravatar.com\\\/avatar\\\/06fdc0dc81c157dfdb82ec42f252178a22307808988d22c043f9eb96f1e0fe80?s=96&d=mm&r=g\",\"url\":\"https:\\\/\\\/secure.gravatar.com\\\/avatar\\\/06fdc0dc81c157dfdb82ec42f252178a22307808988d22c043f9eb96f1e0fe80?s=96&d=mm&r=g\",\"contentUrl\":\"https:\\\/\\\/secure.gravatar.com\\\/avatar\\\/06fdc0dc81c157dfdb82ec42f252178a22307808988d22c043f9eb96f1e0fe80?s=96&d=mm&r=g\",\"caption\":\"mennworldcon\"},\"sameAs\":[\"https:\\\/\\\/mwc-cmm.org\"],\"url\":\"https:\\\/\\\/mwc-cmm.org\\\/fr\\\/stories\\\/author\\\/mennworldcon\\\/\"}]}<\/script>\n<!-- \/ Yoast SEO plugin. -->","yoast_head_json":{"title":"Ouverture des inscriptions pour la participation en ligne \u00e0 l'Assembl\u00e9e de la CMM - Mennonite World Conference","robots":{"index":"index","follow":"follow","max-snippet":"max-snippet:-1","max-image-preview":"max-image-preview:large","max-video-preview":"max-video-preview:-1"},"canonical":"https:\/\/mwc-cmm.org\/fr\/stories\/ouverture-des-inscriptions-pour-la-participation-en-ligne-lassemblee-de-la-cmm\/","og_locale":"fr_FR","og_type":"article","og_title":"Ouverture des inscriptions pour la participation en ligne \u00e0 l'Assembl\u00e9e de la CMM - Mennonite World Conference","og_description":"A partir du 24 d\u00e9cembre 2021, le site d&rsquo;inscription de la Conf\u00e9rence Mennonite Mondiale (CMM) accepte les inscriptions des participants en ligne&nbsp;pour indonesia2022.mwc-cmm.org \u00ab&nbsp;L&rsquo;Assembl\u00e9e privil\u00e9giera d&rsquo;abord les inscriptions en ligne, et \u00e0 partir de fin f\u00e9vrier&nbsp;2022, les gens pourront s&rsquo;inscrire pour participer en personne&nbsp;\u00bb, explique&nbsp;Liesa&nbsp;Unger, responsable des&nbsp;\u00e9v\u00e9nements&nbsp;internationaux&nbsp;du MWC.&nbsp;&nbsp; \u00ab Une&nbsp;fois&nbsp;inscrits, les&nbsp;participants&nbsp;en&nbsp;ligne&nbsp;auront&nbsp;la&nbsp;priorit\u00e9&nbsp;pour&nbsp;passer&nbsp;de la&nbsp;participation&nbsp;en&nbsp;ligne&nbsp;\u00e0 la&nbsp;participation&nbsp;en&nbsp;personne&nbsp;lorsque&nbsp;les&nbsp;exigences&nbsp;en&nbsp;mati\u00e8re&nbsp;de&nbsp;voyage&nbsp;deviendront&nbsp;claires&nbsp;\u00bb,&nbsp;poursuit&nbsp;Liesa.&nbsp; Les&nbsp;frais&nbsp;d&rsquo;inscription&nbsp;varient&nbsp;en&nbsp;fonction&nbsp;du&nbsp;pays&nbsp;d&rsquo;origine&nbsp;afin&nbsp;de garantir [&hellip;]","og_url":"https:\/\/mwc-cmm.org\/fr\/stories\/ouverture-des-inscriptions-pour-la-participation-en-ligne-lassemblee-de-la-cmm\/","og_site_name":"Mennonite World Conference","article_publisher":"https:\/\/www.facebook.com\/MennoniteWorldConference","article_published_time":"2021-12-14T00:00:00+00:00","article_modified_time":"2025-06-06T10:33:24+00:00","og_image":[{"width":1448,"height":2048,"url":"https:\/\/mwc-cmm.org\/wp-content\/uploads\/2024\/11\/51474630727_da68e19576_k.jpg","type":"image\/jpeg"}],"author":"mennworldcon","schema":{"@context":"https:\/\/schema.org","@graph":[{"@type":"Article","@id":"https:\/\/mwc-cmm.org\/fr\/stories\/ouverture-des-inscriptions-pour-la-participation-en-ligne-lassemblee-de-la-cmm\/#article","isPartOf":{"@id":"https:\/\/mwc-cmm.org\/fr\/stories\/ouverture-des-inscriptions-pour-la-participation-en-ligne-lassemblee-de-la-cmm\/"},"author":{"name":"mennworldcon","@id":"https:\/\/mwc-cmm.org\/en\/#\/schema\/person\/11f6ae0d7d1868ba20a1cc27f067c836"},"headline":"Ouverture des inscriptions pour la participation en ligne \u00e0 l&rsquo;Assembl\u00e9e de la CMM","datePublished":"2021-12-14T00:00:00+00:00","dateModified":"2025-06-06T10:33:24+00:00","mainEntityOfPage":{"@id":"https:\/\/mwc-cmm.org\/fr\/stories\/ouverture-des-inscriptions-pour-la-participation-en-ligne-lassemblee-de-la-cmm\/"},"wordCount":948,"publisher":{"@id":"https:\/\/mwc-cmm.org\/en\/#organization"},"image":{"@id":"https:\/\/mwc-cmm.org\/fr\/stories\/ouverture-des-inscriptions-pour-la-participation-en-ligne-lassemblee-de-la-cmm\/#primaryimage"},"thumbnailUrl":"https:\/\/mwc-cmm.org\/wp-content\/uploads\/2024\/11\/51474630727_da68e19576_k.jpg","keywords":["Assembl\u00e9e r\u00e9unie"],"articleSection":["Non classifi\u00e9(e)"],"inLanguage":"fr-FR"},{"@type":"WebPage","@id":"https:\/\/mwc-cmm.org\/fr\/stories\/ouverture-des-inscriptions-pour-la-participation-en-ligne-lassemblee-de-la-cmm\/","url":"https:\/\/mwc-cmm.org\/fr\/stories\/ouverture-des-inscriptions-pour-la-participation-en-ligne-lassemblee-de-la-cmm\/","name":"Ouverture des inscriptions pour la participation en ligne \u00e0 l'Assembl\u00e9e de la CMM - Mennonite World Conference","isPartOf":{"@id":"https:\/\/mwc-cmm.org\/en\/#website"},"primaryImageOfPage":{"@id":"https:\/\/mwc-cmm.org\/fr\/stories\/ouverture-des-inscriptions-pour-la-participation-en-ligne-lassemblee-de-la-cmm\/#primaryimage"},"image":{"@id":"https:\/\/mwc-cmm.org\/fr\/stories\/ouverture-des-inscriptions-pour-la-participation-en-ligne-lassemblee-de-la-cmm\/#primaryimage"},"thumbnailUrl":"https:\/\/mwc-cmm.org\/wp-content\/uploads\/2024\/11\/51474630727_da68e19576_k.jpg","datePublished":"2021-12-14T00:00:00+00:00","dateModified":"2025-06-06T10:33:24+00:00","breadcrumb":{"@id":"https:\/\/mwc-cmm.org\/fr\/stories\/ouverture-des-inscriptions-pour-la-participation-en-ligne-lassemblee-de-la-cmm\/#breadcrumb"},"inLanguage":"fr-FR","potentialAction":[{"@type":"ReadAction","target":["https:\/\/mwc-cmm.org\/fr\/stories\/ouverture-des-inscriptions-pour-la-participation-en-ligne-lassemblee-de-la-cmm\/"]}]},{"@type":"ImageObject","inLanguage":"fr-FR","@id":"https:\/\/mwc-cmm.org\/fr\/stories\/ouverture-des-inscriptions-pour-la-participation-en-ligne-lassemblee-de-la-cmm\/#primaryimage","url":"https:\/\/mwc-cmm.org\/wp-content\/uploads\/2024\/11\/51474630727_da68e19576_k.jpg","contentUrl":"https:\/\/mwc-cmm.org\/wp-content\/uploads\/2024\/11\/51474630727_da68e19576_k.jpg","width":1448,"height":2048},{"@type":"BreadcrumbList","@id":"https:\/\/mwc-cmm.org\/fr\/stories\/ouverture-des-inscriptions-pour-la-participation-en-ligne-lassemblee-de-la-cmm\/#breadcrumb","itemListElement":[{"@type":"ListItem","position":1,"name":"Home","item":"https:\/\/mwc-cmm.org\/fr\/"},{"@type":"ListItem","position":2,"name":"Ouverture des inscriptions pour la participation en ligne \u00e0 l&#8217;Assembl\u00e9e de la CMM"}]},{"@type":"WebSite","@id":"https:\/\/mwc-cmm.org\/en\/#website","url":"https:\/\/mwc-cmm.org\/en\/","name":"Mennonite World Conference","description":"A communion of Anabaptist-related churches","publisher":{"@id":"https:\/\/mwc-cmm.org\/en\/#organization"},"alternateName":"MWC","potentialAction":[{"@type":"SearchAction","target":{"@type":"EntryPoint","urlTemplate":"https:\/\/mwc-cmm.org\/en\/?s={search_term_string}"},"query-input":{"@type":"PropertyValueSpecification","valueRequired":true,"valueName":"search_term_string"}}],"inLanguage":"fr-FR"},{"@type":"Organization","@id":"https:\/\/mwc-cmm.org\/en\/#organization","name":"Mennonite World Conference","alternateName":"MWC","url":"https:\/\/mwc-cmm.org\/en\/","logo":{"@type":"ImageObject","inLanguage":"fr-FR","@id":"https:\/\/mwc-cmm.org\/en\/#\/schema\/logo\/image\/","url":"https:\/\/mwc-cmm.org\/wp-content\/uploads\/2026\/01\/MWC_Sig_Blue_Horiz_webheader1-logo.svg","contentUrl":"https:\/\/mwc-cmm.org\/wp-content\/uploads\/2026\/01\/MWC_Sig_Blue_Horiz_webheader1-logo.svg","width":786,"height":82,"caption":"Mennonite World Conference"},"image":{"@id":"https:\/\/mwc-cmm.org\/en\/#\/schema\/logo\/image\/"},"sameAs":["https:\/\/www.facebook.com\/MennoniteWorldConference","https:\/\/www.linkedin.com\/company\/mennonite-world-conference-mwc\/","https:\/\/www.instagram.com\/mwcmm\/","https:\/\/www.youtube.com\/user\/mwccmm","https:\/\/bsky.app\/profile\/mwcmm.bsky.social"]},{"@type":"Person","@id":"https:\/\/mwc-cmm.org\/en\/#\/schema\/person\/11f6ae0d7d1868ba20a1cc27f067c836","name":"mennworldcon","image":{"@type":"ImageObject","inLanguage":"fr-FR","@id":"https:\/\/secure.gravatar.com\/avatar\/06fdc0dc81c157dfdb82ec42f252178a22307808988d22c043f9eb96f1e0fe80?s=96&d=mm&r=g","url":"https:\/\/secure.gravatar.com\/avatar\/06fdc0dc81c157dfdb82ec42f252178a22307808988d22c043f9eb96f1e0fe80?s=96&d=mm&r=g","contentUrl":"https:\/\/secure.gravatar.com\/avatar\/06fdc0dc81c157dfdb82ec42f252178a22307808988d22c043f9eb96f1e0fe80?s=96&d=mm&r=g","caption":"mennworldcon"},"sameAs":["https:\/\/mwc-cmm.org"],"url":"https:\/\/mwc-cmm.org\/fr\/stories\/author\/mennworldcon\/"}]}},"_links":{"self":[{"href":"https:\/\/mwc-cmm.org\/fr\/wp-json\/wp\/v2\/posts\/10327","targetHints":{"allow":["GET"]}}],"collection":[{"href":"https:\/\/mwc-cmm.org\/fr\/wp-json\/wp\/v2\/posts"}],"about":[{"href":"https:\/\/mwc-cmm.org\/fr\/wp-json\/wp\/v2\/types\/post"}],"author":[{"embeddable":true,"href":"https:\/\/mwc-cmm.org\/fr\/wp-json\/wp\/v2\/users\/1"}],"replies":[{"embeddable":true,"href":"https:\/\/mwc-cmm.org\/fr\/wp-json\/wp\/v2\/comments?post=10327"}],"version-history":[{"count":0,"href":"https:\/\/mwc-cmm.org\/fr\/wp-json\/wp\/v2\/posts\/10327\/revisions"}],"wp:featuredmedia":[{"embeddable":true,"href":"https:\/\/mwc-cmm.org\/fr\/wp-json\/wp\/v2\/media\/94340"}],"wp:attachment":[{"href":"https:\/\/mwc-cmm.org\/fr\/wp-json\/wp\/v2\/media?parent=10327"}],"wp:term":[{"taxonomy":"category","embeddable":true,"href":"https:\/\/mwc-cmm.org\/fr\/wp-json\/wp\/v2\/categories?post=10327"},{"taxonomy":"post_tag","embeddable":true,"href":"https:\/\/mwc-cmm.org\/fr\/wp-json\/wp\/v2\/tags?post=10327"},{"taxonomy":"network","embeddable":true,"href":"https:\/\/mwc-cmm.org\/fr\/wp-json\/wp\/v2\/network?post=10327"},{"taxonomy":"eventcategory","embeddable":true,"href":"https:\/\/mwc-cmm.org\/fr\/wp-json\/wp\/v2\/eventcategory?post=10327"}],"curies":[{"name":"wp","href":"https:\/\/api.w.org\/{rel}","templated":true}]}}