{"id":10322,"date":"2021-11-30T00:00:00","date_gmt":"2021-11-30T00:00:00","guid":{"rendered":"https:\/\/mwc-cmm.org\/a-pastoral-letter-for-anabaptist-mennonites-in-british-columbia-3\/"},"modified":"2025-04-08T19:45:14","modified_gmt":"2025-04-08T19:45:14","slug":"lettre-pastorale-aux-anabaptistes-mennonites-en-colombie-britannique-canada","status":"publish","type":"post","link":"https:\/\/mwc-cmm.org\/fr\/stories\/lettre-pastorale-aux-anabaptistes-mennonites-en-colombie-britannique-canada\/","title":{"rendered":"Lettre pastorale aux anabaptistes en Colombie-Britannique"},"content":{"rendered":"<p>S\u0153urs et fr\u00e8res bien-aim\u00e9s :<\/p>\n<p>Ayons une pens\u00e9e pour les habitants de la Colombie-Britannique, dans l\u2019ouest du Canada. Apr\u00e8s un \u00e9t\u00e9 de canicule et de feux de for\u00eat, une s\u00e9rie de temp\u00eates s\u2019abat sur la r\u00e9gion, provoquant de graves inondations et des glissements de terrain. Des milliers de maisons et de fermes sont touch\u00e9es dans cette r\u00e9gion o\u00f9 vivent et travaillent de nombreux membres des \u00e9glises mennonites et fr\u00e8res mennonites.<\/p>\n<p>Le proph\u00e8te Jonas d\u00e9crit ainsi son exp\u00e9rience de la temp\u00eate\u00a0:<\/p>\n<p>Les eaux m\u2019arrivent \u00e0 la gorge<br \/>\ntandis que les flots de l\u2019ab\u00eeme m\u2019encerclent\u00a0;<br \/>\nles algues sont entrelac\u00e9es autour de ma t\u00eate.<br \/>\nJe suis descendu jusqu\u2019\u00e0 la matrice des montagnes\u00a0;<br \/>\n\u00e0 jamais les verrous du pays \u2013\u00a0de la Mort\u00a0\u2013 sont tir\u00e9s sur moi.<br \/>\nMais de la Fosse tu m\u2019as fait remonter vivant,<br \/>\n\u00f4 SEIGNEUR, mon Dieu\u00a0!\u00a0(Jonas\u00a02\/6-7)<\/p>\n<p>Dieu mis\u00e9ricordieux, d\u00e9livre les habitants en Colombie-Britannique de la temp\u00eate et du gouffre du\u00a0d\u00e9sespoir\u00a0!\u00a0\u00ca mesure que les eaux se retirent, pourvois aux ressources mat\u00e9rielles et au soutien spirituel n\u00e9cessaires au r\u00e9tablissement.<\/p>\n<p>Que ton nom soit glorifi\u00e9 par la g\u00e9n\u00e9rosit\u00e9 de tous ceux et celles qui viennent en aide aux personnes qui souffrent.<\/p>\n<p>Au nom de J\u00e9sus qui a calm\u00e9 la temp\u00eate, amen.<\/p>\n<p>J. Nelson Kraybill<br \/>\nPr\u00e9sident, Conf\u00e9rence Mennonite Mondiale<\/p>\n","protected":false},"excerpt":{"rendered":"<p>S\u0153urs et fr\u00e8res bien-aim\u00e9s : Ayons une pens\u00e9e pour les habitants de la Colombie-Britannique, dans l\u2019ouest du Canada. Apr\u00e8s un \u00e9t\u00e9 de canicule et de feux de for\u00eat, une s\u00e9rie de temp\u00eates s\u2019abat sur la r\u00e9gion, provoquant de graves inondations et des glissements de terrain. Des milliers de maisons et de fermes sont touch\u00e9es dans [&hellip;]<\/p>\n","protected":false},"author":1,"featured_media":71132,"comment_status":"closed","ping_status":"closed","sticky":false,"template":"","format":"standard","meta":{"_acf_changed":false,"footnotes":""},"categories":[7,458],"tags":[523,524],"network":[],"eventcategory":[],"class_list":["post-10322","post","type-post","status-publish","format-standard","has-post-thumbnail","hentry","category-non-classifiee","category-priere-urgente","tag-pastoral-letter-fr","tag-prayer-fr"],"acf":[],"yoast_head":"<!-- This site is optimized with the Yoast SEO plugin v27.5 - https:\/\/yoast.com\/product\/yoast-seo-wordpress\/ -->\n<title>Lettre pastorale aux anabaptistes en Colombie-Britannique - Mennonite World Conference<\/title>\n<meta name=\"description\" content=\"Ayons une pens\u00e9e pour les habitants de la Colombie-Britannique, dans l\u2019ouest du Canada. Des milliers de maisons et de fermes sont touch\u00e9es dans cette r\u00e9gion o\u00f9 vivent et travaillent de nombreux membres des \u00e9glises mennonites et fr\u00e8res mennonites.\u00a0\u00a0\u00a0\" \/>\n<meta name=\"robots\" content=\"index, follow, max-snippet:-1, max-image-preview:large, max-video-preview:-1\" \/>\n<link rel=\"canonical\" href=\"https:\/\/mwc-cmm.org\/fr\/stories\/lettre-pastorale-aux-anabaptistes-mennonites-en-colombie-britannique-canada\/\" \/>\n<meta property=\"og:locale\" content=\"fr_FR\" \/>\n<meta property=\"og:type\" content=\"article\" \/>\n<meta property=\"og:title\" content=\"Lettre pastorale aux anabaptistes en Colombie-Britannique - Mennonite World Conference\" \/>\n<meta property=\"og:description\" content=\"Ayons une pens\u00e9e pour les habitants de la Colombie-Britannique, dans l\u2019ouest du Canada. Des milliers de maisons et de fermes sont touch\u00e9es dans cette r\u00e9gion o\u00f9 vivent et travaillent de nombreux membres des \u00e9glises mennonites et fr\u00e8res mennonites.\u00a0\u00a0\u00a0\" \/>\n<meta property=\"og:url\" content=\"https:\/\/mwc-cmm.org\/fr\/stories\/lettre-pastorale-aux-anabaptistes-mennonites-en-colombie-britannique-canada\/\" \/>\n<meta property=\"og:site_name\" content=\"Mennonite World Conference\" \/>\n<meta property=\"article:publisher\" content=\"https:\/\/www.facebook.com\/MennoniteWorldConference\" \/>\n<meta property=\"article:published_time\" content=\"2021-11-30T00:00:00+00:00\" \/>\n<meta property=\"article:modified_time\" content=\"2025-04-08T19:45:14+00:00\" \/>\n<meta property=\"og:image\" content=\"https:\/\/mwc-cmm.org\/wp-content\/uploads\/2024\/11\/261801951_634985730974173_5254626586749002810_n-scaled.jpg\" \/>\n\t<meta property=\"og:image:width\" content=\"2560\" \/>\n\t<meta property=\"og:image:height\" content=\"1920\" \/>\n\t<meta property=\"og:image:type\" content=\"image\/jpeg\" \/>\n<meta name=\"author\" content=\"mennworldcon\" \/>\n<script type=\"application\/ld+json\" class=\"yoast-schema-graph\">{\"@context\":\"https:\\\/\\\/schema.org\",\"@graph\":[{\"@type\":\"Article\",\"@id\":\"https:\\\/\\\/mwc-cmm.org\\\/fr\\\/stories\\\/lettre-pastorale-aux-anabaptistes-mennonites-en-colombie-britannique-canada\\\/#article\",\"isPartOf\":{\"@id\":\"https:\\\/\\\/mwc-cmm.org\\\/fr\\\/stories\\\/lettre-pastorale-aux-anabaptistes-mennonites-en-colombie-britannique-canada\\\/\"},\"author\":{\"name\":\"mennworldcon\",\"@id\":\"https:\\\/\\\/mwc-cmm.org\\\/en\\\/#\\\/schema\\\/person\\\/11f6ae0d7d1868ba20a1cc27f067c836\"},\"headline\":\"Lettre pastorale aux anabaptistes en Colombie-Britannique\",\"datePublished\":\"2021-11-30T00:00:00+00:00\",\"dateModified\":\"2025-04-08T19:45:14+00:00\",\"mainEntityOfPage\":{\"@id\":\"https:\\\/\\\/mwc-cmm.org\\\/fr\\\/stories\\\/lettre-pastorale-aux-anabaptistes-mennonites-en-colombie-britannique-canada\\\/\"},\"wordCount\":248,\"publisher\":{\"@id\":\"https:\\\/\\\/mwc-cmm.org\\\/en\\\/#organization\"},\"image\":{\"@id\":\"https:\\\/\\\/mwc-cmm.org\\\/fr\\\/stories\\\/lettre-pastorale-aux-anabaptistes-mennonites-en-colombie-britannique-canada\\\/#primaryimage\"},\"thumbnailUrl\":\"https:\\\/\\\/mwc-cmm.org\\\/wp-content\\\/uploads\\\/2024\\\/11\\\/261801951_634985730974173_5254626586749002810_n-scaled.jpg\",\"keywords\":[\"pastoral letter\",\"prayer\"],\"articleSection\":[\"Non classifi\u00e9(e)\",\"Pri\u00e8re urgente\"],\"inLanguage\":\"fr-FR\"},{\"@type\":\"WebPage\",\"@id\":\"https:\\\/\\\/mwc-cmm.org\\\/fr\\\/stories\\\/lettre-pastorale-aux-anabaptistes-mennonites-en-colombie-britannique-canada\\\/\",\"url\":\"https:\\\/\\\/mwc-cmm.org\\\/fr\\\/stories\\\/lettre-pastorale-aux-anabaptistes-mennonites-en-colombie-britannique-canada\\\/\",\"name\":\"Lettre pastorale aux anabaptistes en Colombie-Britannique - Mennonite World Conference\",\"isPartOf\":{\"@id\":\"https:\\\/\\\/mwc-cmm.org\\\/en\\\/#website\"},\"primaryImageOfPage\":{\"@id\":\"https:\\\/\\\/mwc-cmm.org\\\/fr\\\/stories\\\/lettre-pastorale-aux-anabaptistes-mennonites-en-colombie-britannique-canada\\\/#primaryimage\"},\"image\":{\"@id\":\"https:\\\/\\\/mwc-cmm.org\\\/fr\\\/stories\\\/lettre-pastorale-aux-anabaptistes-mennonites-en-colombie-britannique-canada\\\/#primaryimage\"},\"thumbnailUrl\":\"https:\\\/\\\/mwc-cmm.org\\\/wp-content\\\/uploads\\\/2024\\\/11\\\/261801951_634985730974173_5254626586749002810_n-scaled.jpg\",\"datePublished\":\"2021-11-30T00:00:00+00:00\",\"dateModified\":\"2025-04-08T19:45:14+00:00\",\"description\":\"Ayons une pens\u00e9e pour les habitants de la Colombie-Britannique, dans l\u2019ouest du Canada. Des milliers de maisons et de fermes sont touch\u00e9es dans cette r\u00e9gion o\u00f9 vivent et travaillent de nombreux membres des \u00e9glises mennonites et fr\u00e8res mennonites.\u00a0\u00a0\u00a0\",\"breadcrumb\":{\"@id\":\"https:\\\/\\\/mwc-cmm.org\\\/fr\\\/stories\\\/lettre-pastorale-aux-anabaptistes-mennonites-en-colombie-britannique-canada\\\/#breadcrumb\"},\"inLanguage\":\"fr-FR\",\"potentialAction\":[{\"@type\":\"ReadAction\",\"target\":[\"https:\\\/\\\/mwc-cmm.org\\\/fr\\\/stories\\\/lettre-pastorale-aux-anabaptistes-mennonites-en-colombie-britannique-canada\\\/\"]}]},{\"@type\":\"ImageObject\",\"inLanguage\":\"fr-FR\",\"@id\":\"https:\\\/\\\/mwc-cmm.org\\\/fr\\\/stories\\\/lettre-pastorale-aux-anabaptistes-mennonites-en-colombie-britannique-canada\\\/#primaryimage\",\"url\":\"https:\\\/\\\/mwc-cmm.org\\\/wp-content\\\/uploads\\\/2024\\\/11\\\/261801951_634985730974173_5254626586749002810_n-scaled.jpg\",\"contentUrl\":\"https:\\\/\\\/mwc-cmm.org\\\/wp-content\\\/uploads\\\/2024\\\/11\\\/261801951_634985730974173_5254626586749002810_n-scaled.jpg\",\"width\":2560,\"height\":1920},{\"@type\":\"BreadcrumbList\",\"@id\":\"https:\\\/\\\/mwc-cmm.org\\\/fr\\\/stories\\\/lettre-pastorale-aux-anabaptistes-mennonites-en-colombie-britannique-canada\\\/#breadcrumb\",\"itemListElement\":[{\"@type\":\"ListItem\",\"position\":1,\"name\":\"Home\",\"item\":\"https:\\\/\\\/mwc-cmm.org\\\/fr\\\/\"},{\"@type\":\"ListItem\",\"position\":2,\"name\":\"Lettre pastorale aux anabaptistes en Colombie-Britannique\"}]},{\"@type\":\"WebSite\",\"@id\":\"https:\\\/\\\/mwc-cmm.org\\\/en\\\/#website\",\"url\":\"https:\\\/\\\/mwc-cmm.org\\\/en\\\/\",\"name\":\"Mennonite World Conference\",\"description\":\"A communion of Anabaptist-related churches\",\"publisher\":{\"@id\":\"https:\\\/\\\/mwc-cmm.org\\\/en\\\/#organization\"},\"alternateName\":\"MWC\",\"potentialAction\":[{\"@type\":\"SearchAction\",\"target\":{\"@type\":\"EntryPoint\",\"urlTemplate\":\"https:\\\/\\\/mwc-cmm.org\\\/en\\\/?s={search_term_string}\"},\"query-input\":{\"@type\":\"PropertyValueSpecification\",\"valueRequired\":true,\"valueName\":\"search_term_string\"}}],\"inLanguage\":\"fr-FR\"},{\"@type\":\"Organization\",\"@id\":\"https:\\\/\\\/mwc-cmm.org\\\/en\\\/#organization\",\"name\":\"Mennonite World Conference\",\"alternateName\":\"MWC\",\"url\":\"https:\\\/\\\/mwc-cmm.org\\\/en\\\/\",\"logo\":{\"@type\":\"ImageObject\",\"inLanguage\":\"fr-FR\",\"@id\":\"https:\\\/\\\/mwc-cmm.org\\\/en\\\/#\\\/schema\\\/logo\\\/image\\\/\",\"url\":\"https:\\\/\\\/mwc-cmm.org\\\/wp-content\\\/uploads\\\/2026\\\/01\\\/MWC_Sig_Blue_Horiz_webheader1-logo.svg\",\"contentUrl\":\"https:\\\/\\\/mwc-cmm.org\\\/wp-content\\\/uploads\\\/2026\\\/01\\\/MWC_Sig_Blue_Horiz_webheader1-logo.svg\",\"width\":786,\"height\":82,\"caption\":\"Mennonite World Conference\"},\"image\":{\"@id\":\"https:\\\/\\\/mwc-cmm.org\\\/en\\\/#\\\/schema\\\/logo\\\/image\\\/\"},\"sameAs\":[\"https:\\\/\\\/www.facebook.com\\\/MennoniteWorldConference\",\"https:\\\/\\\/www.linkedin.com\\\/company\\\/mennonite-world-conference-mwc\\\/\",\"https:\\\/\\\/www.instagram.com\\\/mwcmm\\\/\",\"https:\\\/\\\/www.youtube.com\\\/user\\\/mwccmm\",\"https:\\\/\\\/bsky.app\\\/profile\\\/mwcmm.bsky.social\"]},{\"@type\":\"Person\",\"@id\":\"https:\\\/\\\/mwc-cmm.org\\\/en\\\/#\\\/schema\\\/person\\\/11f6ae0d7d1868ba20a1cc27f067c836\",\"name\":\"mennworldcon\",\"image\":{\"@type\":\"ImageObject\",\"inLanguage\":\"fr-FR\",\"@id\":\"https:\\\/\\\/secure.gravatar.com\\\/avatar\\\/06fdc0dc81c157dfdb82ec42f252178a22307808988d22c043f9eb96f1e0fe80?s=96&d=mm&r=g\",\"url\":\"https:\\\/\\\/secure.gravatar.com\\\/avatar\\\/06fdc0dc81c157dfdb82ec42f252178a22307808988d22c043f9eb96f1e0fe80?s=96&d=mm&r=g\",\"contentUrl\":\"https:\\\/\\\/secure.gravatar.com\\\/avatar\\\/06fdc0dc81c157dfdb82ec42f252178a22307808988d22c043f9eb96f1e0fe80?s=96&d=mm&r=g\",\"caption\":\"mennworldcon\"},\"sameAs\":[\"https:\\\/\\\/mwc-cmm.org\"],\"url\":\"https:\\\/\\\/mwc-cmm.org\\\/fr\\\/stories\\\/author\\\/mennworldcon\\\/\"}]}<\/script>\n<!-- \/ Yoast SEO plugin. -->","yoast_head_json":{"title":"Lettre pastorale aux anabaptistes en Colombie-Britannique - Mennonite World Conference","description":"Ayons une pens\u00e9e pour les habitants de la Colombie-Britannique, dans l\u2019ouest du Canada. Des milliers de maisons et de fermes sont touch\u00e9es dans cette r\u00e9gion o\u00f9 vivent et travaillent de nombreux membres des \u00e9glises mennonites et fr\u00e8res mennonites.\u00a0\u00a0\u00a0","robots":{"index":"index","follow":"follow","max-snippet":"max-snippet:-1","max-image-preview":"max-image-preview:large","max-video-preview":"max-video-preview:-1"},"canonical":"https:\/\/mwc-cmm.org\/fr\/stories\/lettre-pastorale-aux-anabaptistes-mennonites-en-colombie-britannique-canada\/","og_locale":"fr_FR","og_type":"article","og_title":"Lettre pastorale aux anabaptistes en Colombie-Britannique - Mennonite World Conference","og_description":"Ayons une pens\u00e9e pour les habitants de la Colombie-Britannique, dans l\u2019ouest du Canada. Des milliers de maisons et de fermes sont touch\u00e9es dans cette r\u00e9gion o\u00f9 vivent et travaillent de nombreux membres des \u00e9glises mennonites et fr\u00e8res mennonites.\u00a0\u00a0\u00a0","og_url":"https:\/\/mwc-cmm.org\/fr\/stories\/lettre-pastorale-aux-anabaptistes-mennonites-en-colombie-britannique-canada\/","og_site_name":"Mennonite World Conference","article_publisher":"https:\/\/www.facebook.com\/MennoniteWorldConference","article_published_time":"2021-11-30T00:00:00+00:00","article_modified_time":"2025-04-08T19:45:14+00:00","og_image":[{"width":2560,"height":1920,"url":"https:\/\/mwc-cmm.org\/wp-content\/uploads\/2024\/11\/261801951_634985730974173_5254626586749002810_n-scaled.jpg","type":"image\/jpeg"}],"author":"mennworldcon","schema":{"@context":"https:\/\/schema.org","@graph":[{"@type":"Article","@id":"https:\/\/mwc-cmm.org\/fr\/stories\/lettre-pastorale-aux-anabaptistes-mennonites-en-colombie-britannique-canada\/#article","isPartOf":{"@id":"https:\/\/mwc-cmm.org\/fr\/stories\/lettre-pastorale-aux-anabaptistes-mennonites-en-colombie-britannique-canada\/"},"author":{"name":"mennworldcon","@id":"https:\/\/mwc-cmm.org\/en\/#\/schema\/person\/11f6ae0d7d1868ba20a1cc27f067c836"},"headline":"Lettre pastorale aux anabaptistes en Colombie-Britannique","datePublished":"2021-11-30T00:00:00+00:00","dateModified":"2025-04-08T19:45:14+00:00","mainEntityOfPage":{"@id":"https:\/\/mwc-cmm.org\/fr\/stories\/lettre-pastorale-aux-anabaptistes-mennonites-en-colombie-britannique-canada\/"},"wordCount":248,"publisher":{"@id":"https:\/\/mwc-cmm.org\/en\/#organization"},"image":{"@id":"https:\/\/mwc-cmm.org\/fr\/stories\/lettre-pastorale-aux-anabaptistes-mennonites-en-colombie-britannique-canada\/#primaryimage"},"thumbnailUrl":"https:\/\/mwc-cmm.org\/wp-content\/uploads\/2024\/11\/261801951_634985730974173_5254626586749002810_n-scaled.jpg","keywords":["pastoral letter","prayer"],"articleSection":["Non classifi\u00e9(e)","Pri\u00e8re urgente"],"inLanguage":"fr-FR"},{"@type":"WebPage","@id":"https:\/\/mwc-cmm.org\/fr\/stories\/lettre-pastorale-aux-anabaptistes-mennonites-en-colombie-britannique-canada\/","url":"https:\/\/mwc-cmm.org\/fr\/stories\/lettre-pastorale-aux-anabaptistes-mennonites-en-colombie-britannique-canada\/","name":"Lettre pastorale aux anabaptistes en Colombie-Britannique - Mennonite World Conference","isPartOf":{"@id":"https:\/\/mwc-cmm.org\/en\/#website"},"primaryImageOfPage":{"@id":"https:\/\/mwc-cmm.org\/fr\/stories\/lettre-pastorale-aux-anabaptistes-mennonites-en-colombie-britannique-canada\/#primaryimage"},"image":{"@id":"https:\/\/mwc-cmm.org\/fr\/stories\/lettre-pastorale-aux-anabaptistes-mennonites-en-colombie-britannique-canada\/#primaryimage"},"thumbnailUrl":"https:\/\/mwc-cmm.org\/wp-content\/uploads\/2024\/11\/261801951_634985730974173_5254626586749002810_n-scaled.jpg","datePublished":"2021-11-30T00:00:00+00:00","dateModified":"2025-04-08T19:45:14+00:00","description":"Ayons une pens\u00e9e pour les habitants de la Colombie-Britannique, dans l\u2019ouest du Canada. Des milliers de maisons et de fermes sont touch\u00e9es dans cette r\u00e9gion o\u00f9 vivent et travaillent de nombreux membres des \u00e9glises mennonites et fr\u00e8res mennonites.\u00a0\u00a0\u00a0","breadcrumb":{"@id":"https:\/\/mwc-cmm.org\/fr\/stories\/lettre-pastorale-aux-anabaptistes-mennonites-en-colombie-britannique-canada\/#breadcrumb"},"inLanguage":"fr-FR","potentialAction":[{"@type":"ReadAction","target":["https:\/\/mwc-cmm.org\/fr\/stories\/lettre-pastorale-aux-anabaptistes-mennonites-en-colombie-britannique-canada\/"]}]},{"@type":"ImageObject","inLanguage":"fr-FR","@id":"https:\/\/mwc-cmm.org\/fr\/stories\/lettre-pastorale-aux-anabaptistes-mennonites-en-colombie-britannique-canada\/#primaryimage","url":"https:\/\/mwc-cmm.org\/wp-content\/uploads\/2024\/11\/261801951_634985730974173_5254626586749002810_n-scaled.jpg","contentUrl":"https:\/\/mwc-cmm.org\/wp-content\/uploads\/2024\/11\/261801951_634985730974173_5254626586749002810_n-scaled.jpg","width":2560,"height":1920},{"@type":"BreadcrumbList","@id":"https:\/\/mwc-cmm.org\/fr\/stories\/lettre-pastorale-aux-anabaptistes-mennonites-en-colombie-britannique-canada\/#breadcrumb","itemListElement":[{"@type":"ListItem","position":1,"name":"Home","item":"https:\/\/mwc-cmm.org\/fr\/"},{"@type":"ListItem","position":2,"name":"Lettre pastorale aux anabaptistes en Colombie-Britannique"}]},{"@type":"WebSite","@id":"https:\/\/mwc-cmm.org\/en\/#website","url":"https:\/\/mwc-cmm.org\/en\/","name":"Mennonite World Conference","description":"A communion of Anabaptist-related churches","publisher":{"@id":"https:\/\/mwc-cmm.org\/en\/#organization"},"alternateName":"MWC","potentialAction":[{"@type":"SearchAction","target":{"@type":"EntryPoint","urlTemplate":"https:\/\/mwc-cmm.org\/en\/?s={search_term_string}"},"query-input":{"@type":"PropertyValueSpecification","valueRequired":true,"valueName":"search_term_string"}}],"inLanguage":"fr-FR"},{"@type":"Organization","@id":"https:\/\/mwc-cmm.org\/en\/#organization","name":"Mennonite World Conference","alternateName":"MWC","url":"https:\/\/mwc-cmm.org\/en\/","logo":{"@type":"ImageObject","inLanguage":"fr-FR","@id":"https:\/\/mwc-cmm.org\/en\/#\/schema\/logo\/image\/","url":"https:\/\/mwc-cmm.org\/wp-content\/uploads\/2026\/01\/MWC_Sig_Blue_Horiz_webheader1-logo.svg","contentUrl":"https:\/\/mwc-cmm.org\/wp-content\/uploads\/2026\/01\/MWC_Sig_Blue_Horiz_webheader1-logo.svg","width":786,"height":82,"caption":"Mennonite World Conference"},"image":{"@id":"https:\/\/mwc-cmm.org\/en\/#\/schema\/logo\/image\/"},"sameAs":["https:\/\/www.facebook.com\/MennoniteWorldConference","https:\/\/www.linkedin.com\/company\/mennonite-world-conference-mwc\/","https:\/\/www.instagram.com\/mwcmm\/","https:\/\/www.youtube.com\/user\/mwccmm","https:\/\/bsky.app\/profile\/mwcmm.bsky.social"]},{"@type":"Person","@id":"https:\/\/mwc-cmm.org\/en\/#\/schema\/person\/11f6ae0d7d1868ba20a1cc27f067c836","name":"mennworldcon","image":{"@type":"ImageObject","inLanguage":"fr-FR","@id":"https:\/\/secure.gravatar.com\/avatar\/06fdc0dc81c157dfdb82ec42f252178a22307808988d22c043f9eb96f1e0fe80?s=96&d=mm&r=g","url":"https:\/\/secure.gravatar.com\/avatar\/06fdc0dc81c157dfdb82ec42f252178a22307808988d22c043f9eb96f1e0fe80?s=96&d=mm&r=g","contentUrl":"https:\/\/secure.gravatar.com\/avatar\/06fdc0dc81c157dfdb82ec42f252178a22307808988d22c043f9eb96f1e0fe80?s=96&d=mm&r=g","caption":"mennworldcon"},"sameAs":["https:\/\/mwc-cmm.org"],"url":"https:\/\/mwc-cmm.org\/fr\/stories\/author\/mennworldcon\/"}]}},"_links":{"self":[{"href":"https:\/\/mwc-cmm.org\/fr\/wp-json\/wp\/v2\/posts\/10322","targetHints":{"allow":["GET"]}}],"collection":[{"href":"https:\/\/mwc-cmm.org\/fr\/wp-json\/wp\/v2\/posts"}],"about":[{"href":"https:\/\/mwc-cmm.org\/fr\/wp-json\/wp\/v2\/types\/post"}],"author":[{"embeddable":true,"href":"https:\/\/mwc-cmm.org\/fr\/wp-json\/wp\/v2\/users\/1"}],"replies":[{"embeddable":true,"href":"https:\/\/mwc-cmm.org\/fr\/wp-json\/wp\/v2\/comments?post=10322"}],"version-history":[{"count":0,"href":"https:\/\/mwc-cmm.org\/fr\/wp-json\/wp\/v2\/posts\/10322\/revisions"}],"wp:featuredmedia":[{"embeddable":true,"href":"https:\/\/mwc-cmm.org\/fr\/wp-json\/wp\/v2\/media\/71132"}],"wp:attachment":[{"href":"https:\/\/mwc-cmm.org\/fr\/wp-json\/wp\/v2\/media?parent=10322"}],"wp:term":[{"taxonomy":"category","embeddable":true,"href":"https:\/\/mwc-cmm.org\/fr\/wp-json\/wp\/v2\/categories?post=10322"},{"taxonomy":"post_tag","embeddable":true,"href":"https:\/\/mwc-cmm.org\/fr\/wp-json\/wp\/v2\/tags?post=10322"},{"taxonomy":"network","embeddable":true,"href":"https:\/\/mwc-cmm.org\/fr\/wp-json\/wp\/v2\/network?post=10322"},{"taxonomy":"eventcategory","embeddable":true,"href":"https:\/\/mwc-cmm.org\/fr\/wp-json\/wp\/v2\/eventcategory?post=10322"}],"curies":[{"name":"wp","href":"https:\/\/api.w.org\/{rel}","templated":true}]}}