{"id":10310,"date":"2021-10-22T00:00:00","date_gmt":"2021-10-22T00:00:00","guid":{"rendered":"https:\/\/mwc-cmm.org\/a-pastoral-letter-for-the-healing-of-haiti-4\/"},"modified":"2024-12-10T17:18:18","modified_gmt":"2024-12-10T17:18:18","slug":"lettre-pastorale-pour-la-guerison-dhaiti","status":"publish","type":"post","link":"https:\/\/mwc-cmm.org\/fr\/stories\/lettre-pastorale-pour-la-guerison-dhaiti\/","title":{"rendered":"Lettre pastorale pour la gu\u00e9rison d\u2019Ha\u00efti"},"content":{"rendered":"<p>S\u0153urs et fr\u00e8res bien-aim\u00e9s&nbsp;:<\/p>\n<p>Prions ensemble pour la paix et la stabilit\u00e9 en Ha\u00efti&nbsp;! La nation insulaire est en difficult\u00e9 apr\u00e8s l\u2019assassinat de son pr\u00e9sident en juillet, un tremblement de terre d\u00e9vastateur en ao\u00fbt et les effets persistants de la pand\u00e9mie de coronavirus. La corruption du gouvernement et la violence incontr\u00f4l\u00e9e des gangs ont ajout\u00e9 \u00e0 la souffrance. La pauvret\u00e9 et la faim sont g\u00e9n\u00e9ralis\u00e9es.<\/p>\n<p>Dix-sept membres d\u2019un groupe de missionnaires, dont cinq enfants, ont \u00e9t\u00e9 enlev\u00e9s en Ha\u00efti le 16 octobre 2021. Prions pour les personnes impliqu\u00e9es de pr\u00e8s ou de loin dans cet enl\u00e8vement. Pour tous ceux qui, en Ha\u00efti, sont pris au pi\u00e8ge de la pauvret\u00e9, de la violence ou des enl\u00e8vements, joignons-nous \u00e0 la requ\u00eate du psalmiste :<\/p>\n<p class=\"rteindent1\">O Dieu, viens me d\u00e9livrer,<br \/>\nSEIGNEUR, viens vite \u00e0 mon aide&nbsp;!<br \/>\nJe suis pauvre et humili\u00e9&nbsp;;<br \/>\nDieu, viens vite \u00e0 moi&nbsp;!<br \/>\nTu es mon aide et mon lib\u00e9rateur&nbsp;:<br \/>\nSEIGNEUR, ne tarde pas&nbsp;! (Psaume 70\/2,6).<\/p>\n<p>Dans le nom de J\u00e9sus,&nbsp;Amen.<\/p>\n<p>J. Nelson Kraybill&nbsp;<br \/>\nPr\u00e9sident, Conf\u00e9rence Mennonite Mondiale&nbsp;&nbsp;<\/p>\n<hr \/>\n<p>Lire la suite<\/p>\n<table style=\"width:300px\">\n<tbody>\n<tr>\n<td>\n<h4><a href=\"\/fr\/node\/516\">Un miracle en Ha\u00efti<\/a><\/h4>\n<\/td>\n<\/tr>\n<\/tbody>\n<\/table>\n<p>&nbsp;<\/p>\n","protected":false},"excerpt":{"rendered":"<p>S\u0153urs et fr\u00e8res bien-aim\u00e9s&nbsp;: Prions ensemble pour la paix et la stabilit\u00e9 en Ha\u00efti&nbsp;! La nation insulaire est en difficult\u00e9 apr\u00e8s l\u2019assassinat de son pr\u00e9sident en juillet, un tremblement de terre d\u00e9vastateur en ao\u00fbt et les effets persistants de la pand\u00e9mie de coronavirus. La corruption du gouvernement et la violence incontr\u00f4l\u00e9e des gangs ont ajout\u00e9 [&hellip;]<\/p>\n","protected":false},"author":1,"featured_media":94158,"comment_status":"closed","ping_status":"closed","sticky":false,"template":"","format":"standard","meta":{"_acf_changed":false,"footnotes":""},"categories":[7,458],"tags":[523,524],"network":[],"eventcategory":[],"class_list":["post-10310","post","type-post","status-publish","format-standard","has-post-thumbnail","hentry","category-non-classifiee","category-priere-urgente","tag-pastoral-letter-fr","tag-prayer-fr"],"acf":[],"yoast_head":"<!-- This site is optimized with the Yoast SEO plugin v27.2 - https:\/\/yoast.com\/product\/yoast-seo-wordpress\/ -->\n<title>Lettre pastorale pour la gu\u00e9rison d\u2019Ha\u00efti - Mennonite World Conference<\/title>\n<meta name=\"robots\" content=\"index, follow, max-snippet:-1, max-image-preview:large, max-video-preview:-1\" \/>\n<link rel=\"canonical\" href=\"https:\/\/mwc-cmm.org\/en\/stories\/a-pastoral-letter-for-the-healing-of-haiti-2\/\" \/>\n<meta property=\"og:locale\" content=\"fr_FR\" \/>\n<meta property=\"og:type\" content=\"article\" \/>\n<meta property=\"og:title\" content=\"Lettre pastorale pour la gu\u00e9rison d\u2019Ha\u00efti - Mennonite World Conference\" \/>\n<meta property=\"og:description\" content=\"S\u0153urs et fr\u00e8res bien-aim\u00e9s&nbsp;: Prions ensemble pour la paix et la stabilit\u00e9 en Ha\u00efti&nbsp;! La nation insulaire est en difficult\u00e9 apr\u00e8s l\u2019assassinat de son pr\u00e9sident en juillet, un tremblement de terre d\u00e9vastateur en ao\u00fbt et les effets persistants de la pand\u00e9mie de coronavirus. La corruption du gouvernement et la violence incontr\u00f4l\u00e9e des gangs ont ajout\u00e9 [&hellip;]\" \/>\n<meta property=\"og:url\" content=\"https:\/\/mwc-cmm.org\/en\/stories\/a-pastoral-letter-for-the-healing-of-haiti-2\/\" \/>\n<meta property=\"og:site_name\" content=\"Mennonite World Conference\" \/>\n<meta property=\"article:publisher\" content=\"https:\/\/www.facebook.com\/MennoniteWorldConference\" \/>\n<meta property=\"article:published_time\" content=\"2021-10-22T00:00:00+00:00\" \/>\n<meta property=\"article:modified_time\" content=\"2024-12-10T17:18:18+00:00\" \/>\n<meta property=\"og:image\" content=\"https:\/\/mwc-cmm.org\/wp-content\/uploads\/2024\/11\/50119954273_77a70dbfab_c.jpg\" \/>\n\t<meta property=\"og:image:width\" content=\"799\" \/>\n\t<meta property=\"og:image:height\" content=\"600\" \/>\n\t<meta property=\"og:image:type\" content=\"image\/jpeg\" \/>\n<meta name=\"author\" content=\"mennworldcon\" \/>\n<script type=\"application\/ld+json\" class=\"yoast-schema-graph\">{\"@context\":\"https:\/\/schema.org\",\"@graph\":[{\"@type\":\"Article\",\"@id\":\"https:\/\/mwc-cmm.org\/en\/stories\/a-pastoral-letter-for-the-healing-of-haiti-2\/#article\",\"isPartOf\":{\"@id\":\"https:\/\/mwc-cmm.org\/en\/stories\/a-pastoral-letter-for-the-healing-of-haiti-2\/\"},\"author\":{\"name\":\"mennworldcon\",\"@id\":\"https:\/\/mwc-cmm.org\/en\/#\/schema\/person\/11f6ae0d7d1868ba20a1cc27f067c836\"},\"headline\":\"Lettre pastorale pour la gu\u00e9rison d\u2019Ha\u00efti\",\"datePublished\":\"2021-10-22T00:00:00+00:00\",\"dateModified\":\"2024-12-10T17:18:18+00:00\",\"mainEntityOfPage\":{\"@id\":\"https:\/\/mwc-cmm.org\/en\/stories\/a-pastoral-letter-for-the-healing-of-haiti-2\/\"},\"wordCount\":220,\"publisher\":{\"@id\":\"https:\/\/mwc-cmm.org\/en\/#organization\"},\"image\":{\"@id\":\"https:\/\/mwc-cmm.org\/en\/stories\/a-pastoral-letter-for-the-healing-of-haiti-2\/#primaryimage\"},\"thumbnailUrl\":\"https:\/\/mwc-cmm.org\/wp-content\/uploads\/2024\/11\/50119954273_77a70dbfab_c.jpg\",\"keywords\":[\"pastoral letter\",\"prayer\"],\"articleSection\":[\"Non classifi\u00e9(e)\",\"Pri\u00e8re urgente\"],\"inLanguage\":\"fr-FR\"},{\"@type\":\"WebPage\",\"@id\":\"https:\/\/mwc-cmm.org\/en\/stories\/a-pastoral-letter-for-the-healing-of-haiti-2\/\",\"url\":\"https:\/\/mwc-cmm.org\/en\/stories\/a-pastoral-letter-for-the-healing-of-haiti-2\/\",\"name\":\"Lettre pastorale pour la gu\u00e9rison d\u2019Ha\u00efti - Mennonite World Conference\",\"isPartOf\":{\"@id\":\"https:\/\/mwc-cmm.org\/en\/#website\"},\"primaryImageOfPage\":{\"@id\":\"https:\/\/mwc-cmm.org\/en\/stories\/a-pastoral-letter-for-the-healing-of-haiti-2\/#primaryimage\"},\"image\":{\"@id\":\"https:\/\/mwc-cmm.org\/en\/stories\/a-pastoral-letter-for-the-healing-of-haiti-2\/#primaryimage\"},\"thumbnailUrl\":\"https:\/\/mwc-cmm.org\/wp-content\/uploads\/2024\/11\/50119954273_77a70dbfab_c.jpg\",\"datePublished\":\"2021-10-22T00:00:00+00:00\",\"dateModified\":\"2024-12-10T17:18:18+00:00\",\"breadcrumb\":{\"@id\":\"https:\/\/mwc-cmm.org\/en\/stories\/a-pastoral-letter-for-the-healing-of-haiti-2\/#breadcrumb\"},\"inLanguage\":\"fr-FR\",\"potentialAction\":[{\"@type\":\"ReadAction\",\"target\":[\"https:\/\/mwc-cmm.org\/en\/stories\/a-pastoral-letter-for-the-healing-of-haiti-2\/\"]}]},{\"@type\":\"ImageObject\",\"inLanguage\":\"fr-FR\",\"@id\":\"https:\/\/mwc-cmm.org\/en\/stories\/a-pastoral-letter-for-the-healing-of-haiti-2\/#primaryimage\",\"url\":\"https:\/\/mwc-cmm.org\/wp-content\/uploads\/2024\/11\/50119954273_77a70dbfab_c.jpg\",\"contentUrl\":\"https:\/\/mwc-cmm.org\/wp-content\/uploads\/2024\/11\/50119954273_77a70dbfab_c.jpg\",\"width\":799,\"height\":600},{\"@type\":\"BreadcrumbList\",\"@id\":\"https:\/\/mwc-cmm.org\/en\/stories\/a-pastoral-letter-for-the-healing-of-haiti-2\/#breadcrumb\",\"itemListElement\":[{\"@type\":\"ListItem\",\"position\":1,\"name\":\"Home\",\"item\":\"https:\/\/mwc-cmm.org\/fr\/\"},{\"@type\":\"ListItem\",\"position\":2,\"name\":\"Lettre pastorale pour la gu\u00e9rison d\u2019Ha\u00efti\"}]},{\"@type\":\"WebSite\",\"@id\":\"https:\/\/mwc-cmm.org\/en\/#website\",\"url\":\"https:\/\/mwc-cmm.org\/en\/\",\"name\":\"Mennonite World Conference\",\"description\":\"A communion of Anabaptist-related churches\",\"publisher\":{\"@id\":\"https:\/\/mwc-cmm.org\/en\/#organization\"},\"alternateName\":\"MWC\",\"potentialAction\":[{\"@type\":\"SearchAction\",\"target\":{\"@type\":\"EntryPoint\",\"urlTemplate\":\"https:\/\/mwc-cmm.org\/en\/?s={search_term_string}\"},\"query-input\":{\"@type\":\"PropertyValueSpecification\",\"valueRequired\":true,\"valueName\":\"search_term_string\"}}],\"inLanguage\":\"fr-FR\"},{\"@type\":\"Organization\",\"@id\":\"https:\/\/mwc-cmm.org\/en\/#organization\",\"name\":\"Mennonite World Conference\",\"alternateName\":\"MWC\",\"url\":\"https:\/\/mwc-cmm.org\/en\/\",\"logo\":{\"@type\":\"ImageObject\",\"inLanguage\":\"fr-FR\",\"@id\":\"https:\/\/mwc-cmm.org\/en\/#\/schema\/logo\/image\/\",\"url\":\"https:\/\/mwc-cmm.org\/wp-content\/uploads\/2026\/01\/MWC_Sig_Blue_Horiz_webheader1-logo.svg\",\"contentUrl\":\"https:\/\/mwc-cmm.org\/wp-content\/uploads\/2026\/01\/MWC_Sig_Blue_Horiz_webheader1-logo.svg\",\"width\":786,\"height\":82,\"caption\":\"Mennonite World Conference\"},\"image\":{\"@id\":\"https:\/\/mwc-cmm.org\/en\/#\/schema\/logo\/image\/\"},\"sameAs\":[\"https:\/\/www.facebook.com\/MennoniteWorldConference\",\"https:\/\/www.linkedin.com\/company\/mennonite-world-conference-mwc\/\",\"https:\/\/www.instagram.com\/mwcmm\/\",\"https:\/\/www.youtube.com\/user\/mwccmm\",\"https:\/\/bsky.app\/profile\/mwcmm.bsky.social\"]},{\"@type\":\"Person\",\"@id\":\"https:\/\/mwc-cmm.org\/en\/#\/schema\/person\/11f6ae0d7d1868ba20a1cc27f067c836\",\"name\":\"mennworldcon\",\"image\":{\"@type\":\"ImageObject\",\"inLanguage\":\"fr-FR\",\"@id\":\"https:\/\/secure.gravatar.com\/avatar\/06fdc0dc81c157dfdb82ec42f252178a22307808988d22c043f9eb96f1e0fe80?s=96&d=mm&r=g\",\"url\":\"https:\/\/secure.gravatar.com\/avatar\/06fdc0dc81c157dfdb82ec42f252178a22307808988d22c043f9eb96f1e0fe80?s=96&d=mm&r=g\",\"contentUrl\":\"https:\/\/secure.gravatar.com\/avatar\/06fdc0dc81c157dfdb82ec42f252178a22307808988d22c043f9eb96f1e0fe80?s=96&d=mm&r=g\",\"caption\":\"mennworldcon\"},\"sameAs\":[\"https:\/\/mwc-cmm.org\"],\"url\":\"https:\/\/mwc-cmm.org\/fr\/stories\/author\/mennworldcon\/\"}]}<\/script>\n<!-- \/ Yoast SEO plugin. -->","yoast_head_json":{"title":"Lettre pastorale pour la gu\u00e9rison d\u2019Ha\u00efti - Mennonite World Conference","robots":{"index":"index","follow":"follow","max-snippet":"max-snippet:-1","max-image-preview":"max-image-preview:large","max-video-preview":"max-video-preview:-1"},"canonical":"https:\/\/mwc-cmm.org\/en\/stories\/a-pastoral-letter-for-the-healing-of-haiti-2\/","og_locale":"fr_FR","og_type":"article","og_title":"Lettre pastorale pour la gu\u00e9rison d\u2019Ha\u00efti - Mennonite World Conference","og_description":"S\u0153urs et fr\u00e8res bien-aim\u00e9s&nbsp;: Prions ensemble pour la paix et la stabilit\u00e9 en Ha\u00efti&nbsp;! La nation insulaire est en difficult\u00e9 apr\u00e8s l\u2019assassinat de son pr\u00e9sident en juillet, un tremblement de terre d\u00e9vastateur en ao\u00fbt et les effets persistants de la pand\u00e9mie de coronavirus. La corruption du gouvernement et la violence incontr\u00f4l\u00e9e des gangs ont ajout\u00e9 [&hellip;]","og_url":"https:\/\/mwc-cmm.org\/en\/stories\/a-pastoral-letter-for-the-healing-of-haiti-2\/","og_site_name":"Mennonite World Conference","article_publisher":"https:\/\/www.facebook.com\/MennoniteWorldConference","article_published_time":"2021-10-22T00:00:00+00:00","article_modified_time":"2024-12-10T17:18:18+00:00","og_image":[{"width":799,"height":600,"url":"https:\/\/mwc-cmm.org\/wp-content\/uploads\/2024\/11\/50119954273_77a70dbfab_c.jpg","type":"image\/jpeg"}],"author":"mennworldcon","schema":{"@context":"https:\/\/schema.org","@graph":[{"@type":"Article","@id":"https:\/\/mwc-cmm.org\/en\/stories\/a-pastoral-letter-for-the-healing-of-haiti-2\/#article","isPartOf":{"@id":"https:\/\/mwc-cmm.org\/en\/stories\/a-pastoral-letter-for-the-healing-of-haiti-2\/"},"author":{"name":"mennworldcon","@id":"https:\/\/mwc-cmm.org\/en\/#\/schema\/person\/11f6ae0d7d1868ba20a1cc27f067c836"},"headline":"Lettre pastorale pour la gu\u00e9rison d\u2019Ha\u00efti","datePublished":"2021-10-22T00:00:00+00:00","dateModified":"2024-12-10T17:18:18+00:00","mainEntityOfPage":{"@id":"https:\/\/mwc-cmm.org\/en\/stories\/a-pastoral-letter-for-the-healing-of-haiti-2\/"},"wordCount":220,"publisher":{"@id":"https:\/\/mwc-cmm.org\/en\/#organization"},"image":{"@id":"https:\/\/mwc-cmm.org\/en\/stories\/a-pastoral-letter-for-the-healing-of-haiti-2\/#primaryimage"},"thumbnailUrl":"https:\/\/mwc-cmm.org\/wp-content\/uploads\/2024\/11\/50119954273_77a70dbfab_c.jpg","keywords":["pastoral letter","prayer"],"articleSection":["Non classifi\u00e9(e)","Pri\u00e8re urgente"],"inLanguage":"fr-FR"},{"@type":"WebPage","@id":"https:\/\/mwc-cmm.org\/en\/stories\/a-pastoral-letter-for-the-healing-of-haiti-2\/","url":"https:\/\/mwc-cmm.org\/en\/stories\/a-pastoral-letter-for-the-healing-of-haiti-2\/","name":"Lettre pastorale pour la gu\u00e9rison d\u2019Ha\u00efti - Mennonite World Conference","isPartOf":{"@id":"https:\/\/mwc-cmm.org\/en\/#website"},"primaryImageOfPage":{"@id":"https:\/\/mwc-cmm.org\/en\/stories\/a-pastoral-letter-for-the-healing-of-haiti-2\/#primaryimage"},"image":{"@id":"https:\/\/mwc-cmm.org\/en\/stories\/a-pastoral-letter-for-the-healing-of-haiti-2\/#primaryimage"},"thumbnailUrl":"https:\/\/mwc-cmm.org\/wp-content\/uploads\/2024\/11\/50119954273_77a70dbfab_c.jpg","datePublished":"2021-10-22T00:00:00+00:00","dateModified":"2024-12-10T17:18:18+00:00","breadcrumb":{"@id":"https:\/\/mwc-cmm.org\/en\/stories\/a-pastoral-letter-for-the-healing-of-haiti-2\/#breadcrumb"},"inLanguage":"fr-FR","potentialAction":[{"@type":"ReadAction","target":["https:\/\/mwc-cmm.org\/en\/stories\/a-pastoral-letter-for-the-healing-of-haiti-2\/"]}]},{"@type":"ImageObject","inLanguage":"fr-FR","@id":"https:\/\/mwc-cmm.org\/en\/stories\/a-pastoral-letter-for-the-healing-of-haiti-2\/#primaryimage","url":"https:\/\/mwc-cmm.org\/wp-content\/uploads\/2024\/11\/50119954273_77a70dbfab_c.jpg","contentUrl":"https:\/\/mwc-cmm.org\/wp-content\/uploads\/2024\/11\/50119954273_77a70dbfab_c.jpg","width":799,"height":600},{"@type":"BreadcrumbList","@id":"https:\/\/mwc-cmm.org\/en\/stories\/a-pastoral-letter-for-the-healing-of-haiti-2\/#breadcrumb","itemListElement":[{"@type":"ListItem","position":1,"name":"Home","item":"https:\/\/mwc-cmm.org\/fr\/"},{"@type":"ListItem","position":2,"name":"Lettre pastorale pour la gu\u00e9rison d\u2019Ha\u00efti"}]},{"@type":"WebSite","@id":"https:\/\/mwc-cmm.org\/en\/#website","url":"https:\/\/mwc-cmm.org\/en\/","name":"Mennonite World Conference","description":"A communion of Anabaptist-related churches","publisher":{"@id":"https:\/\/mwc-cmm.org\/en\/#organization"},"alternateName":"MWC","potentialAction":[{"@type":"SearchAction","target":{"@type":"EntryPoint","urlTemplate":"https:\/\/mwc-cmm.org\/en\/?s={search_term_string}"},"query-input":{"@type":"PropertyValueSpecification","valueRequired":true,"valueName":"search_term_string"}}],"inLanguage":"fr-FR"},{"@type":"Organization","@id":"https:\/\/mwc-cmm.org\/en\/#organization","name":"Mennonite World Conference","alternateName":"MWC","url":"https:\/\/mwc-cmm.org\/en\/","logo":{"@type":"ImageObject","inLanguage":"fr-FR","@id":"https:\/\/mwc-cmm.org\/en\/#\/schema\/logo\/image\/","url":"https:\/\/mwc-cmm.org\/wp-content\/uploads\/2026\/01\/MWC_Sig_Blue_Horiz_webheader1-logo.svg","contentUrl":"https:\/\/mwc-cmm.org\/wp-content\/uploads\/2026\/01\/MWC_Sig_Blue_Horiz_webheader1-logo.svg","width":786,"height":82,"caption":"Mennonite World Conference"},"image":{"@id":"https:\/\/mwc-cmm.org\/en\/#\/schema\/logo\/image\/"},"sameAs":["https:\/\/www.facebook.com\/MennoniteWorldConference","https:\/\/www.linkedin.com\/company\/mennonite-world-conference-mwc\/","https:\/\/www.instagram.com\/mwcmm\/","https:\/\/www.youtube.com\/user\/mwccmm","https:\/\/bsky.app\/profile\/mwcmm.bsky.social"]},{"@type":"Person","@id":"https:\/\/mwc-cmm.org\/en\/#\/schema\/person\/11f6ae0d7d1868ba20a1cc27f067c836","name":"mennworldcon","image":{"@type":"ImageObject","inLanguage":"fr-FR","@id":"https:\/\/secure.gravatar.com\/avatar\/06fdc0dc81c157dfdb82ec42f252178a22307808988d22c043f9eb96f1e0fe80?s=96&d=mm&r=g","url":"https:\/\/secure.gravatar.com\/avatar\/06fdc0dc81c157dfdb82ec42f252178a22307808988d22c043f9eb96f1e0fe80?s=96&d=mm&r=g","contentUrl":"https:\/\/secure.gravatar.com\/avatar\/06fdc0dc81c157dfdb82ec42f252178a22307808988d22c043f9eb96f1e0fe80?s=96&d=mm&r=g","caption":"mennworldcon"},"sameAs":["https:\/\/mwc-cmm.org"],"url":"https:\/\/mwc-cmm.org\/fr\/stories\/author\/mennworldcon\/"}]}},"_links":{"self":[{"href":"https:\/\/mwc-cmm.org\/fr\/wp-json\/wp\/v2\/posts\/10310","targetHints":{"allow":["GET"]}}],"collection":[{"href":"https:\/\/mwc-cmm.org\/fr\/wp-json\/wp\/v2\/posts"}],"about":[{"href":"https:\/\/mwc-cmm.org\/fr\/wp-json\/wp\/v2\/types\/post"}],"author":[{"embeddable":true,"href":"https:\/\/mwc-cmm.org\/fr\/wp-json\/wp\/v2\/users\/1"}],"replies":[{"embeddable":true,"href":"https:\/\/mwc-cmm.org\/fr\/wp-json\/wp\/v2\/comments?post=10310"}],"version-history":[{"count":0,"href":"https:\/\/mwc-cmm.org\/fr\/wp-json\/wp\/v2\/posts\/10310\/revisions"}],"wp:featuredmedia":[{"embeddable":true,"href":"https:\/\/mwc-cmm.org\/fr\/wp-json\/wp\/v2\/media\/94158"}],"wp:attachment":[{"href":"https:\/\/mwc-cmm.org\/fr\/wp-json\/wp\/v2\/media?parent=10310"}],"wp:term":[{"taxonomy":"category","embeddable":true,"href":"https:\/\/mwc-cmm.org\/fr\/wp-json\/wp\/v2\/categories?post=10310"},{"taxonomy":"post_tag","embeddable":true,"href":"https:\/\/mwc-cmm.org\/fr\/wp-json\/wp\/v2\/tags?post=10310"},{"taxonomy":"network","embeddable":true,"href":"https:\/\/mwc-cmm.org\/fr\/wp-json\/wp\/v2\/network?post=10310"},{"taxonomy":"eventcategory","embeddable":true,"href":"https:\/\/mwc-cmm.org\/fr\/wp-json\/wp\/v2\/eventcategory?post=10310"}],"curies":[{"name":"wp","href":"https:\/\/api.w.org\/{rel}","templated":true}]}}