{"id":10309,"date":"2021-10-21T00:00:00","date_gmt":"2021-10-21T00:00:00","guid":{"rendered":"https:\/\/mwc-cmm.org\/ongoing-conflict-cuts-off-congregations-4\/"},"modified":"2024-12-10T17:18:18","modified_gmt":"2024-12-10T17:18:18","slug":"le-conflit-continu-isole-les-eglises","status":"publish","type":"post","link":"https:\/\/mwc-cmm.org\/fr\/stories\/le-conflit-continu-isole-les-eglises\/","title":{"rendered":"Le conflit continu isole les \u00e9glises"},"content":{"rendered":"<p>\u00ab&nbsp;Meserete Kristos Church (MKC) a essay\u00e9 d\u2019aider les membres de la MKC qui ont \u00e9t\u00e9 gravement touch\u00e9s dans des parties de l\u2019\u00c9thiopie qui ne rel\u00e8vent pas actuellement du Front de lib\u00e9ration du peuple du Tigr\u00e9&nbsp;\u00bb, d\u00e9clare Desalegn Abebe, pr\u00e9sident de l\u2019\u00e9glise mennonite en \u00c9thiopie, Meserete Kristos Church (MKC).<\/p>\n<p>En novembre&nbsp;2020, des combats ont \u00e9clat\u00e9 entre les forces gouvernementales \u00e9thiopiennes et le Front de lib\u00e9ration du peuple du Tigr\u00e9. Bien qu\u2019un cessez-le-feu le 28&nbsp;juin&nbsp;2021 ait mis fin aux combats, le secr\u00e9taire g\u00e9n\u00e9ral des Nations Unies, en octobre 2021, met en garde contre une crise humanitaire, avec quelque 400&nbsp;000 personnes vivant dans des conditions de famine.<\/p>\n<h3>21 \u00e9glises touch\u00e9es<\/h3>\n<p>Six \u00e9glises locales de la MKC et 15 centres d\u2019implantation d\u2019\u00e9glises dans la r\u00e9gion ont \u00e9t\u00e9 touch\u00e9s&nbsp;: des membres d\u00e9plac\u00e9s, des b\u00e2timents br\u00fbl\u00e9s, tous d\u00e9sorient\u00e9s par le conflit.<\/p>\n<p>\u00ab&nbsp;Quand le r\u00e9seau de communication fonctionnait, on nous a inform\u00e9s qu\u2019un travailleur d\u2019une \u00e9glise de la MKC \u00e0 Wukro est mort pendant le conflit&nbsp;\u00bb, d\u00e9clare Desalegn Abebe. Maintenant, dit-il, il n\u2019y a aucun moyen direct d\u2019entendre parler des conditions pour les croyants au Tigr\u00e9.<\/p>\n<p>L\u2019association Secours et D\u00e9veloppement de la MKC a men\u00e9 des activit\u00e9s de secours dans le nord de l\u2019\u00c9thiopie, mais n\u2019a pas pu acc\u00e9der \u00e0 l\u2019\u00c9tat du Tigr\u00e9.&nbsp;<\/p>\n<p>Une \u00e9quipe de dirigeants de la MKC a visit\u00e9 la r\u00e9gion nord-ouest de l\u2019\u00c9thiopie au d\u00e9but du mois de juin pour encourager les croyants, apporter de l\u2019aide de Mission Evangelium et effectuer une formation sur le leadership.&nbsp;<\/p>\n<p>\u00ab&nbsp;Les gens se d\u00e9pla\u00e7aient d\u2019un endroit \u00e0 l\u2019autre en transportant des armes m\u00eame dans les transports publics&nbsp;\u00bb, explique Abayneh Anjulo, \u00e9vang\u00e9liste de la MKC et directeur de l\u2019implantation d\u2019\u00e9glise. \u00ab&nbsp;Nous avons mis notre confiance dans le Seigneur et avons visit\u00e9 nos fr\u00e8res et s\u0153urs.&nbsp;\u00bb&nbsp;<\/p>\n<p>Ces r\u00e9gions actuellement touch\u00e9es par la violence sont strat\u00e9giques pour la diffusion de l\u2019\u00c9vangile et l\u2019implantation d\u2019\u00e9glises au Soudan voisin.<\/p>\n<p>\u00ab&nbsp;J\u2019ai \u00e9t\u00e9 \u00e9mu de voir ces fid\u00e8les croyants qui adorent et servent le Christ avec joie [malgr\u00e9 la pers\u00e9cution]&nbsp;\u00bb, dit Desalegn Abebe.&nbsp;<\/p>\n<h3>Pri\u00e8res pour la paix<\/h3>\n<p>La MKC participe \u00e0 une initiative de consolidation de la paix qui rassemble des dirigeants d\u2019autres traditions chr\u00e9tiennes en \u00c9thiopie pour une r\u00e9ponse unifi\u00e9e \u00e0 la violence dans le pays.<\/p>\n<p>\u00ab&nbsp;La MKC n\u2019appuie ni ne s\u2019oppose \u00e0 aucun parti politique ou faction en guerre&nbsp;\u00bb, affirme Desalegn Abebe. \u00ab&nbsp;L\u2019\u00e9glise pr\u00eache et enseigne la paix, encourage les dirigeants de l\u2019\u00c9glise \u00e0 mobiliser leurs membres pour qu\u2019ils prient avec ferveur pour la paix, soutient les membres dans les zones de conflit en partageant des ressources et entreprend des activit\u00e9s de consolidation de la paix dans les zones de conflit, en particulier dans la zone de Metekel de l\u2019\u00c9tat r\u00e9gional du Benishangul Gumuz.&nbsp;\u00bb<\/p>\n<p>\u00ab&nbsp;Priez pour que la MKC continue \u00e0 participer \u00e0 des activit\u00e9s de consolidation de la paix, priez pour que l\u2019\u00c9glise obtienne des ressources \u00e0 partager avec les personnes les plus touch\u00e9es dans les zones de conflit et entreprenne davantage d\u2019activit\u00e9s de paix dans les zones de conflit&nbsp;\u00bb, dit-il.<\/p>\n","protected":false},"excerpt":{"rendered":"<p>\u00ab&nbsp;Meserete Kristos Church (MKC) a essay\u00e9 d\u2019aider les membres de la MKC qui ont \u00e9t\u00e9 gravement touch\u00e9s dans des parties de l\u2019\u00c9thiopie qui ne rel\u00e8vent pas actuellement du Front de lib\u00e9ration du peuple du Tigr\u00e9&nbsp;\u00bb, d\u00e9clare Desalegn Abebe, pr\u00e9sident de l\u2019\u00e9glise mennonite en \u00c9thiopie, Meserete Kristos Church (MKC). En novembre&nbsp;2020, des combats ont \u00e9clat\u00e9 entre [&hellip;]<\/p>\n","protected":false},"author":1,"featured_media":94144,"comment_status":"closed","ping_status":"closed","sticky":false,"template":"","format":"standard","meta":{"_acf_changed":false,"footnotes":""},"categories":[7],"tags":[],"network":[],"eventcategory":[],"class_list":["post-10309","post","type-post","status-publish","format-standard","has-post-thumbnail","hentry","category-non-classifiee"],"acf":[],"yoast_head":"<!-- This site is optimized with the Yoast SEO plugin v27.5 - https:\/\/yoast.com\/product\/yoast-seo-wordpress\/ -->\n<title>Le conflit continu isole les \u00e9glises - Mennonite World Conference<\/title>\n<meta name=\"robots\" content=\"index, follow, max-snippet:-1, max-image-preview:large, max-video-preview:-1\" \/>\n<link rel=\"canonical\" href=\"https:\/\/mwc-cmm.org\/fr\/stories\/le-conflit-continu-isole-les-eglises\/\" \/>\n<meta property=\"og:locale\" content=\"fr_FR\" \/>\n<meta property=\"og:type\" content=\"article\" \/>\n<meta property=\"og:title\" content=\"Le conflit continu isole les \u00e9glises - Mennonite World Conference\" \/>\n<meta property=\"og:description\" content=\"\u00ab&nbsp;Meserete Kristos Church (MKC) a essay\u00e9 d\u2019aider les membres de la MKC qui ont \u00e9t\u00e9 gravement touch\u00e9s dans des parties de l\u2019\u00c9thiopie qui ne rel\u00e8vent pas actuellement du Front de lib\u00e9ration du peuple du Tigr\u00e9&nbsp;\u00bb, d\u00e9clare Desalegn Abebe, pr\u00e9sident de l\u2019\u00e9glise mennonite en \u00c9thiopie, Meserete Kristos Church (MKC). En novembre&nbsp;2020, des combats ont \u00e9clat\u00e9 entre [&hellip;]\" \/>\n<meta property=\"og:url\" content=\"https:\/\/mwc-cmm.org\/fr\/stories\/le-conflit-continu-isole-les-eglises\/\" \/>\n<meta property=\"og:site_name\" content=\"Mennonite World Conference\" \/>\n<meta property=\"article:publisher\" content=\"https:\/\/www.facebook.com\/MennoniteWorldConference\" \/>\n<meta property=\"article:published_time\" content=\"2021-10-21T00:00:00+00:00\" \/>\n<meta property=\"article:modified_time\" content=\"2024-12-10T17:18:18+00:00\" \/>\n<meta property=\"og:image\" content=\"https:\/\/mwc-cmm.org\/wp-content\/uploads\/2024\/11\/20210603_091712-scaled.jpg\" \/>\n\t<meta property=\"og:image:width\" content=\"2560\" \/>\n\t<meta property=\"og:image:height\" content=\"1181\" \/>\n\t<meta property=\"og:image:type\" content=\"image\/jpeg\" \/>\n<meta name=\"author\" content=\"mennworldcon\" \/>\n<script type=\"application\/ld+json\" class=\"yoast-schema-graph\">{\"@context\":\"https:\\\/\\\/schema.org\",\"@graph\":[{\"@type\":\"Article\",\"@id\":\"https:\\\/\\\/mwc-cmm.org\\\/fr\\\/stories\\\/le-conflit-continu-isole-les-eglises\\\/#article\",\"isPartOf\":{\"@id\":\"https:\\\/\\\/mwc-cmm.org\\\/fr\\\/stories\\\/le-conflit-continu-isole-les-eglises\\\/\"},\"author\":{\"name\":\"mennworldcon\",\"@id\":\"https:\\\/\\\/mwc-cmm.org\\\/en\\\/#\\\/schema\\\/person\\\/11f6ae0d7d1868ba20a1cc27f067c836\"},\"headline\":\"Le conflit continu isole les \u00e9glises\",\"datePublished\":\"2021-10-21T00:00:00+00:00\",\"dateModified\":\"2024-12-10T17:18:18+00:00\",\"mainEntityOfPage\":{\"@id\":\"https:\\\/\\\/mwc-cmm.org\\\/fr\\\/stories\\\/le-conflit-continu-isole-les-eglises\\\/\"},\"wordCount\":588,\"publisher\":{\"@id\":\"https:\\\/\\\/mwc-cmm.org\\\/en\\\/#organization\"},\"image\":{\"@id\":\"https:\\\/\\\/mwc-cmm.org\\\/fr\\\/stories\\\/le-conflit-continu-isole-les-eglises\\\/#primaryimage\"},\"thumbnailUrl\":\"https:\\\/\\\/mwc-cmm.org\\\/wp-content\\\/uploads\\\/2024\\\/11\\\/20210603_091712-scaled.jpg\",\"articleSection\":[\"Non classifi\u00e9(e)\"],\"inLanguage\":\"fr-FR\"},{\"@type\":\"WebPage\",\"@id\":\"https:\\\/\\\/mwc-cmm.org\\\/fr\\\/stories\\\/le-conflit-continu-isole-les-eglises\\\/\",\"url\":\"https:\\\/\\\/mwc-cmm.org\\\/fr\\\/stories\\\/le-conflit-continu-isole-les-eglises\\\/\",\"name\":\"Le conflit continu isole les \u00e9glises - Mennonite World Conference\",\"isPartOf\":{\"@id\":\"https:\\\/\\\/mwc-cmm.org\\\/en\\\/#website\"},\"primaryImageOfPage\":{\"@id\":\"https:\\\/\\\/mwc-cmm.org\\\/fr\\\/stories\\\/le-conflit-continu-isole-les-eglises\\\/#primaryimage\"},\"image\":{\"@id\":\"https:\\\/\\\/mwc-cmm.org\\\/fr\\\/stories\\\/le-conflit-continu-isole-les-eglises\\\/#primaryimage\"},\"thumbnailUrl\":\"https:\\\/\\\/mwc-cmm.org\\\/wp-content\\\/uploads\\\/2024\\\/11\\\/20210603_091712-scaled.jpg\",\"datePublished\":\"2021-10-21T00:00:00+00:00\",\"dateModified\":\"2024-12-10T17:18:18+00:00\",\"breadcrumb\":{\"@id\":\"https:\\\/\\\/mwc-cmm.org\\\/fr\\\/stories\\\/le-conflit-continu-isole-les-eglises\\\/#breadcrumb\"},\"inLanguage\":\"fr-FR\",\"potentialAction\":[{\"@type\":\"ReadAction\",\"target\":[\"https:\\\/\\\/mwc-cmm.org\\\/fr\\\/stories\\\/le-conflit-continu-isole-les-eglises\\\/\"]}]},{\"@type\":\"ImageObject\",\"inLanguage\":\"fr-FR\",\"@id\":\"https:\\\/\\\/mwc-cmm.org\\\/fr\\\/stories\\\/le-conflit-continu-isole-les-eglises\\\/#primaryimage\",\"url\":\"https:\\\/\\\/mwc-cmm.org\\\/wp-content\\\/uploads\\\/2024\\\/11\\\/20210603_091712-scaled.jpg\",\"contentUrl\":\"https:\\\/\\\/mwc-cmm.org\\\/wp-content\\\/uploads\\\/2024\\\/11\\\/20210603_091712-scaled.jpg\",\"width\":2560,\"height\":1181},{\"@type\":\"BreadcrumbList\",\"@id\":\"https:\\\/\\\/mwc-cmm.org\\\/fr\\\/stories\\\/le-conflit-continu-isole-les-eglises\\\/#breadcrumb\",\"itemListElement\":[{\"@type\":\"ListItem\",\"position\":1,\"name\":\"Home\",\"item\":\"https:\\\/\\\/mwc-cmm.org\\\/fr\\\/\"},{\"@type\":\"ListItem\",\"position\":2,\"name\":\"Le conflit continu isole les \u00e9glises\"}]},{\"@type\":\"WebSite\",\"@id\":\"https:\\\/\\\/mwc-cmm.org\\\/en\\\/#website\",\"url\":\"https:\\\/\\\/mwc-cmm.org\\\/en\\\/\",\"name\":\"Mennonite World Conference\",\"description\":\"A communion of Anabaptist-related churches\",\"publisher\":{\"@id\":\"https:\\\/\\\/mwc-cmm.org\\\/en\\\/#organization\"},\"alternateName\":\"MWC\",\"potentialAction\":[{\"@type\":\"SearchAction\",\"target\":{\"@type\":\"EntryPoint\",\"urlTemplate\":\"https:\\\/\\\/mwc-cmm.org\\\/en\\\/?s={search_term_string}\"},\"query-input\":{\"@type\":\"PropertyValueSpecification\",\"valueRequired\":true,\"valueName\":\"search_term_string\"}}],\"inLanguage\":\"fr-FR\"},{\"@type\":\"Organization\",\"@id\":\"https:\\\/\\\/mwc-cmm.org\\\/en\\\/#organization\",\"name\":\"Mennonite World Conference\",\"alternateName\":\"MWC\",\"url\":\"https:\\\/\\\/mwc-cmm.org\\\/en\\\/\",\"logo\":{\"@type\":\"ImageObject\",\"inLanguage\":\"fr-FR\",\"@id\":\"https:\\\/\\\/mwc-cmm.org\\\/en\\\/#\\\/schema\\\/logo\\\/image\\\/\",\"url\":\"https:\\\/\\\/mwc-cmm.org\\\/wp-content\\\/uploads\\\/2026\\\/01\\\/MWC_Sig_Blue_Horiz_webheader1-logo.svg\",\"contentUrl\":\"https:\\\/\\\/mwc-cmm.org\\\/wp-content\\\/uploads\\\/2026\\\/01\\\/MWC_Sig_Blue_Horiz_webheader1-logo.svg\",\"width\":786,\"height\":82,\"caption\":\"Mennonite World Conference\"},\"image\":{\"@id\":\"https:\\\/\\\/mwc-cmm.org\\\/en\\\/#\\\/schema\\\/logo\\\/image\\\/\"},\"sameAs\":[\"https:\\\/\\\/www.facebook.com\\\/MennoniteWorldConference\",\"https:\\\/\\\/www.linkedin.com\\\/company\\\/mennonite-world-conference-mwc\\\/\",\"https:\\\/\\\/www.instagram.com\\\/mwcmm\\\/\",\"https:\\\/\\\/www.youtube.com\\\/user\\\/mwccmm\",\"https:\\\/\\\/bsky.app\\\/profile\\\/mwcmm.bsky.social\"]},{\"@type\":\"Person\",\"@id\":\"https:\\\/\\\/mwc-cmm.org\\\/en\\\/#\\\/schema\\\/person\\\/11f6ae0d7d1868ba20a1cc27f067c836\",\"name\":\"mennworldcon\",\"image\":{\"@type\":\"ImageObject\",\"inLanguage\":\"fr-FR\",\"@id\":\"https:\\\/\\\/secure.gravatar.com\\\/avatar\\\/06fdc0dc81c157dfdb82ec42f252178a22307808988d22c043f9eb96f1e0fe80?s=96&d=mm&r=g\",\"url\":\"https:\\\/\\\/secure.gravatar.com\\\/avatar\\\/06fdc0dc81c157dfdb82ec42f252178a22307808988d22c043f9eb96f1e0fe80?s=96&d=mm&r=g\",\"contentUrl\":\"https:\\\/\\\/secure.gravatar.com\\\/avatar\\\/06fdc0dc81c157dfdb82ec42f252178a22307808988d22c043f9eb96f1e0fe80?s=96&d=mm&r=g\",\"caption\":\"mennworldcon\"},\"sameAs\":[\"https:\\\/\\\/mwc-cmm.org\"],\"url\":\"https:\\\/\\\/mwc-cmm.org\\\/fr\\\/stories\\\/author\\\/mennworldcon\\\/\"}]}<\/script>\n<!-- \/ Yoast SEO plugin. -->","yoast_head_json":{"title":"Le conflit continu isole les \u00e9glises - Mennonite World Conference","robots":{"index":"index","follow":"follow","max-snippet":"max-snippet:-1","max-image-preview":"max-image-preview:large","max-video-preview":"max-video-preview:-1"},"canonical":"https:\/\/mwc-cmm.org\/fr\/stories\/le-conflit-continu-isole-les-eglises\/","og_locale":"fr_FR","og_type":"article","og_title":"Le conflit continu isole les \u00e9glises - Mennonite World Conference","og_description":"\u00ab&nbsp;Meserete Kristos Church (MKC) a essay\u00e9 d\u2019aider les membres de la MKC qui ont \u00e9t\u00e9 gravement touch\u00e9s dans des parties de l\u2019\u00c9thiopie qui ne rel\u00e8vent pas actuellement du Front de lib\u00e9ration du peuple du Tigr\u00e9&nbsp;\u00bb, d\u00e9clare Desalegn Abebe, pr\u00e9sident de l\u2019\u00e9glise mennonite en \u00c9thiopie, Meserete Kristos Church (MKC). En novembre&nbsp;2020, des combats ont \u00e9clat\u00e9 entre [&hellip;]","og_url":"https:\/\/mwc-cmm.org\/fr\/stories\/le-conflit-continu-isole-les-eglises\/","og_site_name":"Mennonite World Conference","article_publisher":"https:\/\/www.facebook.com\/MennoniteWorldConference","article_published_time":"2021-10-21T00:00:00+00:00","article_modified_time":"2024-12-10T17:18:18+00:00","og_image":[{"width":2560,"height":1181,"url":"https:\/\/mwc-cmm.org\/wp-content\/uploads\/2024\/11\/20210603_091712-scaled.jpg","type":"image\/jpeg"}],"author":"mennworldcon","schema":{"@context":"https:\/\/schema.org","@graph":[{"@type":"Article","@id":"https:\/\/mwc-cmm.org\/fr\/stories\/le-conflit-continu-isole-les-eglises\/#article","isPartOf":{"@id":"https:\/\/mwc-cmm.org\/fr\/stories\/le-conflit-continu-isole-les-eglises\/"},"author":{"name":"mennworldcon","@id":"https:\/\/mwc-cmm.org\/en\/#\/schema\/person\/11f6ae0d7d1868ba20a1cc27f067c836"},"headline":"Le conflit continu isole les \u00e9glises","datePublished":"2021-10-21T00:00:00+00:00","dateModified":"2024-12-10T17:18:18+00:00","mainEntityOfPage":{"@id":"https:\/\/mwc-cmm.org\/fr\/stories\/le-conflit-continu-isole-les-eglises\/"},"wordCount":588,"publisher":{"@id":"https:\/\/mwc-cmm.org\/en\/#organization"},"image":{"@id":"https:\/\/mwc-cmm.org\/fr\/stories\/le-conflit-continu-isole-les-eglises\/#primaryimage"},"thumbnailUrl":"https:\/\/mwc-cmm.org\/wp-content\/uploads\/2024\/11\/20210603_091712-scaled.jpg","articleSection":["Non classifi\u00e9(e)"],"inLanguage":"fr-FR"},{"@type":"WebPage","@id":"https:\/\/mwc-cmm.org\/fr\/stories\/le-conflit-continu-isole-les-eglises\/","url":"https:\/\/mwc-cmm.org\/fr\/stories\/le-conflit-continu-isole-les-eglises\/","name":"Le conflit continu isole les \u00e9glises - Mennonite World Conference","isPartOf":{"@id":"https:\/\/mwc-cmm.org\/en\/#website"},"primaryImageOfPage":{"@id":"https:\/\/mwc-cmm.org\/fr\/stories\/le-conflit-continu-isole-les-eglises\/#primaryimage"},"image":{"@id":"https:\/\/mwc-cmm.org\/fr\/stories\/le-conflit-continu-isole-les-eglises\/#primaryimage"},"thumbnailUrl":"https:\/\/mwc-cmm.org\/wp-content\/uploads\/2024\/11\/20210603_091712-scaled.jpg","datePublished":"2021-10-21T00:00:00+00:00","dateModified":"2024-12-10T17:18:18+00:00","breadcrumb":{"@id":"https:\/\/mwc-cmm.org\/fr\/stories\/le-conflit-continu-isole-les-eglises\/#breadcrumb"},"inLanguage":"fr-FR","potentialAction":[{"@type":"ReadAction","target":["https:\/\/mwc-cmm.org\/fr\/stories\/le-conflit-continu-isole-les-eglises\/"]}]},{"@type":"ImageObject","inLanguage":"fr-FR","@id":"https:\/\/mwc-cmm.org\/fr\/stories\/le-conflit-continu-isole-les-eglises\/#primaryimage","url":"https:\/\/mwc-cmm.org\/wp-content\/uploads\/2024\/11\/20210603_091712-scaled.jpg","contentUrl":"https:\/\/mwc-cmm.org\/wp-content\/uploads\/2024\/11\/20210603_091712-scaled.jpg","width":2560,"height":1181},{"@type":"BreadcrumbList","@id":"https:\/\/mwc-cmm.org\/fr\/stories\/le-conflit-continu-isole-les-eglises\/#breadcrumb","itemListElement":[{"@type":"ListItem","position":1,"name":"Home","item":"https:\/\/mwc-cmm.org\/fr\/"},{"@type":"ListItem","position":2,"name":"Le conflit continu isole les \u00e9glises"}]},{"@type":"WebSite","@id":"https:\/\/mwc-cmm.org\/en\/#website","url":"https:\/\/mwc-cmm.org\/en\/","name":"Mennonite World Conference","description":"A communion of Anabaptist-related churches","publisher":{"@id":"https:\/\/mwc-cmm.org\/en\/#organization"},"alternateName":"MWC","potentialAction":[{"@type":"SearchAction","target":{"@type":"EntryPoint","urlTemplate":"https:\/\/mwc-cmm.org\/en\/?s={search_term_string}"},"query-input":{"@type":"PropertyValueSpecification","valueRequired":true,"valueName":"search_term_string"}}],"inLanguage":"fr-FR"},{"@type":"Organization","@id":"https:\/\/mwc-cmm.org\/en\/#organization","name":"Mennonite World Conference","alternateName":"MWC","url":"https:\/\/mwc-cmm.org\/en\/","logo":{"@type":"ImageObject","inLanguage":"fr-FR","@id":"https:\/\/mwc-cmm.org\/en\/#\/schema\/logo\/image\/","url":"https:\/\/mwc-cmm.org\/wp-content\/uploads\/2026\/01\/MWC_Sig_Blue_Horiz_webheader1-logo.svg","contentUrl":"https:\/\/mwc-cmm.org\/wp-content\/uploads\/2026\/01\/MWC_Sig_Blue_Horiz_webheader1-logo.svg","width":786,"height":82,"caption":"Mennonite World Conference"},"image":{"@id":"https:\/\/mwc-cmm.org\/en\/#\/schema\/logo\/image\/"},"sameAs":["https:\/\/www.facebook.com\/MennoniteWorldConference","https:\/\/www.linkedin.com\/company\/mennonite-world-conference-mwc\/","https:\/\/www.instagram.com\/mwcmm\/","https:\/\/www.youtube.com\/user\/mwccmm","https:\/\/bsky.app\/profile\/mwcmm.bsky.social"]},{"@type":"Person","@id":"https:\/\/mwc-cmm.org\/en\/#\/schema\/person\/11f6ae0d7d1868ba20a1cc27f067c836","name":"mennworldcon","image":{"@type":"ImageObject","inLanguage":"fr-FR","@id":"https:\/\/secure.gravatar.com\/avatar\/06fdc0dc81c157dfdb82ec42f252178a22307808988d22c043f9eb96f1e0fe80?s=96&d=mm&r=g","url":"https:\/\/secure.gravatar.com\/avatar\/06fdc0dc81c157dfdb82ec42f252178a22307808988d22c043f9eb96f1e0fe80?s=96&d=mm&r=g","contentUrl":"https:\/\/secure.gravatar.com\/avatar\/06fdc0dc81c157dfdb82ec42f252178a22307808988d22c043f9eb96f1e0fe80?s=96&d=mm&r=g","caption":"mennworldcon"},"sameAs":["https:\/\/mwc-cmm.org"],"url":"https:\/\/mwc-cmm.org\/fr\/stories\/author\/mennworldcon\/"}]}},"_links":{"self":[{"href":"https:\/\/mwc-cmm.org\/fr\/wp-json\/wp\/v2\/posts\/10309","targetHints":{"allow":["GET"]}}],"collection":[{"href":"https:\/\/mwc-cmm.org\/fr\/wp-json\/wp\/v2\/posts"}],"about":[{"href":"https:\/\/mwc-cmm.org\/fr\/wp-json\/wp\/v2\/types\/post"}],"author":[{"embeddable":true,"href":"https:\/\/mwc-cmm.org\/fr\/wp-json\/wp\/v2\/users\/1"}],"replies":[{"embeddable":true,"href":"https:\/\/mwc-cmm.org\/fr\/wp-json\/wp\/v2\/comments?post=10309"}],"version-history":[{"count":0,"href":"https:\/\/mwc-cmm.org\/fr\/wp-json\/wp\/v2\/posts\/10309\/revisions"}],"wp:featuredmedia":[{"embeddable":true,"href":"https:\/\/mwc-cmm.org\/fr\/wp-json\/wp\/v2\/media\/94144"}],"wp:attachment":[{"href":"https:\/\/mwc-cmm.org\/fr\/wp-json\/wp\/v2\/media?parent=10309"}],"wp:term":[{"taxonomy":"category","embeddable":true,"href":"https:\/\/mwc-cmm.org\/fr\/wp-json\/wp\/v2\/categories?post=10309"},{"taxonomy":"post_tag","embeddable":true,"href":"https:\/\/mwc-cmm.org\/fr\/wp-json\/wp\/v2\/tags?post=10309"},{"taxonomy":"network","embeddable":true,"href":"https:\/\/mwc-cmm.org\/fr\/wp-json\/wp\/v2\/network?post=10309"},{"taxonomy":"eventcategory","embeddable":true,"href":"https:\/\/mwc-cmm.org\/fr\/wp-json\/wp\/v2\/eventcategory?post=10309"}],"curies":[{"name":"wp","href":"https:\/\/api.w.org\/{rel}","templated":true}]}}