{"id":10306,"date":"2021-10-05T00:00:00","date_gmt":"2021-10-05T00:00:00","guid":{"rendered":"https:\/\/mwc-cmm.org\/how-do-environmental-problems-make-people-feel-4\/"},"modified":"2024-12-10T17:18:17","modified_gmt":"2024-12-10T17:18:17","slug":"que-ressent-face-aux-problemes-environnementaux","status":"publish","type":"post","link":"https:\/\/mwc-cmm.org\/fr\/stories\/que-ressent-face-aux-problemes-environnementaux\/","title":{"rendered":"Que ressent-on face aux probl\u00e8mes environnementaux ?"},"content":{"rendered":"<h2>(&#8230;Et pourquoi c\u2019est important)<\/h2>\n<p>\u00ab&nbsp;Je suis tr\u00e8s triste de voir les cons\u00e9quences de la d\u00e9t\u00e9rioration de l\u2019environnement \u00e0 travers le monde. Nous n\u2019avons pas bien pris soin de ce que Dieu nous a laiss\u00e9, de sa cr\u00e9ation, au contraire, nous la d\u00e9truisons et je me sens coupable parce que je participe aussi au probl\u00e8me et non pas \u00e0 la solution,&nbsp;\u00bb t\u00e9moigne Sara Viteri, membre de Iglesia Evang\u00e9lica Mennonita Jes\u00fas el Buen Pastor, Guayaquil, \u00c9quateur.<\/p>\n<p>Que ressentez-vous face au changement climatique ou \u00e0 d\u2019autres probl\u00e8mes environnementaux comme la pollution&nbsp;? Ces sentiments vous motivent-ils \u00e0 agir&nbsp;?&nbsp;<\/p>\n<p>Pour ceux qui \u00e9tudient la d\u00e9gradation de l\u2019environnement, ces questions commencent \u00e0 prendre de l\u2019importance. Il est crucial de comprendre nos r\u00e9actions \u00e9motionnelles pour agir face aux probl\u00e8mes comme le changement climatique.&nbsp;<\/p>\n<figure class=\"image\" style=\"float:right\"><img decoding=\"async\" alt=\"Sara Viteri\" height=\"200\" data-src=\"https:\/\/mwc-cmm.org\/wp-content\/uploads\/2024\/10\/2021-cctf2-sara-viteri-in-guayaquil-sunset-squarecrop.jpg\" width=\"200\" src=\"data:image\/svg+xml;base64,PHN2ZyB3aWR0aD0iMSIgaGVpZ2h0PSIxIiB4bWxucz0iaHR0cDovL3d3dy53My5vcmcvMjAwMC9zdmciPjwvc3ZnPg==\" class=\"lazyload\" style=\"--smush-placeholder-width: 200px; --smush-placeholder-aspect-ratio: 200\/200;\"><figcaption>Sara Viteri, \u00c9quateur<\/figcaption><\/figure>\n<p>Dans le questionnaire de la CMM sur la protection de la cr\u00e9ation, une des questions pos\u00e9es par le groupe de travail pour la protection de la cr\u00e9ation \u00e9tait que ressentez-vous face \u00e0 la d\u00e9gradation de l\u2019environnement dont vous \u00eates t\u00e9moins. Nous avons regroup\u00e9 les r\u00e9ponses pour mieux comprendre ce que ressentent les gens.&nbsp;<\/p>\n<p>Mais comment cela aide-t-il les \u00e9glises \u00e0 agir plus efficacement&nbsp;?&nbsp;<\/p>\n<h3><strong>1. La peur et la tristesse sont les sentiments dominants<\/strong><\/h3>\n<p>Les r\u00e9actions les plus fr\u00e9quentes aux probl\u00e8mes environnementaux sont la peur et la tristesse.&nbsp;<\/p>\n<p>Rien de surprenant. Les sondages sur les \u00e9motions li\u00e9es au climat montrent que lorsque l\u2019on assiste personnellement aux cons\u00e9quences de la d\u00e9gradation de l\u2019environnement, on ressent de l\u2019incertitude et de la peur.&nbsp;<\/p>\n<p>Les \u00e9tudes r\u00e9centes en psychologie de l\u2019environnement montrent que ces sentiments peuvent provoquer un \u00ab&nbsp;d\u00e9ni implicite&nbsp;\u00bb des probl\u00e8mes environnementaux&nbsp;: nous savons que les changements ont lieu, mais nous nous sentons d\u00e9pass\u00e9s et impuissants donc nous choisissons d\u2019\u00e9viter de faire face aux probl\u00e8mes.<\/p>\n<p>Il est int\u00e9ressant de constater que les sentiments de peur et de tristesse sont tout aussi courants dans les r\u00e9gions riches que dans les r\u00e9gions disposant de moins de ressources. En g\u00e9n\u00e9ral, 30 \u00e0 50 pourcents des personnes interrog\u00e9es originaires de r\u00e9gions les plus riches (Europe et USA\/Canada) comme des r\u00e9gions g\u00e9n\u00e9ralement moins riches (Afrique, Am\u00e9rique latine et Asie) ont affirm\u00e9 ressentir de la peur.&nbsp;<\/p>\n<p>Les mentions de tristesse sont plus disparates mais ne refl\u00e8tent pas non plus une diff\u00e9rence entre niveaux de richesse (les Asiatiques en particulier, ont exprim\u00e9 un niveau \u00e9lev\u00e9 de tristesse alors que ce n\u2019\u00e9tait pas le cas pour les Europ\u00e9ens et les Latino-Am\u00e9ricains).<\/p>\n<p>Donc, m\u00eame si certains sont plus touch\u00e9s par les effets du changement climatique que d\u2019autres, nous exprimons tous des \u00e9motions similaires comme la peur et la tristesse.&nbsp;<\/p>\n<h3><strong>2. L\u2019espoir n\u2019est pas souvent mentionn\u00e9<\/strong><strong> <\/strong><\/h3>\n<p style=\"text-align:center\"><img decoding=\"async\" alt=\"\" height=\"135\" data-src=\"https:\/\/mwc-cmm.org\/wp-content\/uploads\/2024\/12\/cctf2-chart-fre.png\" width=\"500\" src=\"data:image\/svg+xml;base64,PHN2ZyB3aWR0aD0iMSIgaGVpZ2h0PSIxIiB4bWxucz0iaHR0cDovL3d3dy53My5vcmcvMjAwMC9zdmciPjwvc3ZnPg==\" class=\"lazyload\" style=\"--smush-placeholder-width: 500px; --smush-placeholder-aspect-ratio: 500\/135;\"><\/p>\n<figure class=\"image\" style=\"float:right\"><img decoding=\"async\" alt=\"Mark Ruzzel\" height=\"200\" data-src=\"https:\/\/mwc-cmm.org\/wp-content\/uploads\/2024\/10\/2021-cctf2-mark_ruzzel-230847-squarecrop.jpg\" width=\"200\" src=\"data:image\/svg+xml;base64,PHN2ZyB3aWR0aD0iMSIgaGVpZ2h0PSIxIiB4bWxucz0iaHR0cDovL3d3dy53My5vcmcvMjAwMC9zdmciPjwvc3ZnPg==\" class=\"lazyload\" style=\"--smush-placeholder-width: 200px; --smush-placeholder-aspect-ratio: 200\/200;\"><figcaption>Mark Ruzzel Victoria, Philippines<\/figcaption><\/figure>\n<p>Comment arriver \u00e0 des actions concr\u00e8tes face aux probl\u00e8mes environnementaux&nbsp;? M\u00eame si les \u00e9tudes sugg\u00e8rent qu\u2019il n\u2019existe pas de solution miracle, il est prouv\u00e9 que l\u2019on r\u00e9agit plus efficacement lorsque nous avons l\u2019espoir d\u2019avoir un impact.&nbsp;<\/p>\n<p>Dans cette enqu\u00eate, certains ont affirm\u00e9 qu\u2019ils se sentaient motiv\u00e9s par l\u2019observation directe des probl\u00e8mes et par les \u00e9motions qui l\u2019accompagnent.<\/p>\n<p>\u00ab&nbsp;J\u2019ai peur et pourtant je suis motiv\u00e9 parce que si j\u2019agis avec coh\u00e9rence, pour l\u2019am\u00e9lioration de l\u2019environnement, alors je peux changer les choses,&nbsp;\u00bb d\u00e9clare Mark Ruzzel Victoria, de Lumban Mennonite Bible Church, aux Philippines.<\/p>\n<p>Cependant, tr\u00e8s peu de personnes ont affirmer ressentir de l\u2019espoir ou de la motivation. Il est possible que les sentiments de peur et de tristesses emp\u00eachent d\u2019agir efficacement.&nbsp;<\/p>\n<p>De plus, peu de personne toutes r\u00e9gions confondues, ont affirm\u00e9 ressentir de la honte ou de la culpabilit\u00e9, m\u00eame dans les pays riches qui ont une plus grande responsabilit\u00e9. C\u2019est peut-\u00eatre une autre indication de notre tentative d\u2019\u00e9viter ce probl\u00e8me qui nous d\u00e9passe, ou de notre sentiment d\u2019impuissance au niveau personnel.<\/p>\n<h3><strong>3. La famille et la communaut\u00e9&nbsp;: facteurs cl\u00e9s de la motivation<\/strong><\/h3>\n<figure class=\"image\" style=\"float:right\"><img decoding=\"async\" alt=\"Joan Buckert\" height=\"200\" data-src=\"https:\/\/mwc-cmm.org\/wp-content\/uploads\/2024\/10\/cctf-joan-bueckert-merbleuebog-ottawa-squarecrop.jpg\" width=\"200\" src=\"data:image\/svg+xml;base64,PHN2ZyB3aWR0aD0iMSIgaGVpZ2h0PSIxIiB4bWxucz0iaHR0cDovL3d3dy53My5vcmcvMjAwMC9zdmciPjwvc3ZnPg==\" class=\"lazyload\" style=\"--smush-placeholder-width: 200px; --smush-placeholder-aspect-ratio: 200\/200;\"><figcaption><strong>Joan Bueckert, Canada<\/strong><\/figcaption><\/figure>\n<p>\u00ab&nbsp;Je ne sais pas quel monde je vais laisser \u00e0 mes enfants et mes futurs petits-enfants,&nbsp;\u00bb avoue Joan Bueckert, membre de Ottawa Mennonite Church, Ontario, Canada.&nbsp;<\/p>\n<p>De nombreuses personnes interrog\u00e9es \u00e9voquent leurs \u00e9motions dans le contexte de leur communaut\u00e9. Elles parlent des autres, comme leurs petits-enfants, les membres de leur paroisse et ceux qui sont les plus touch\u00e9s par le changement climatique ailleurs dans le monde.&nbsp;&nbsp;<\/p>\n<p>Les r\u00e9sultats montrent que l\u2019\u00c9glise est bien plac\u00e9e pour nous aider \u00e0 bien r\u00e9agir en nous aidant \u00e0 comprendre nos \u00e9motions en lien avec les personnes que nous aimons. La col\u00e8re, par exemple, peut nous pousser \u00e0 agir avec passion face \u00e0 ce que nous voyons.&nbsp;&nbsp;<\/p>\n<p>Nous vous lan\u00e7ons un d\u00e9fi&nbsp;: n\u2019\u00e9vitez pas les \u00e9motions provoqu\u00e9es par les cons\u00e9quences du changement climatique. Apprenez \u00e0 comprendre vos sentiments et puis, transformez-les en motivation pour agir.<\/p>\n<hr>\n<h2>Priere<\/h2>\n<figure class=\"image\" style=\"float:right\"><img decoding=\"async\" alt=\"\" height=\"355\" data-src=\"https:\/\/mwc-cmm.org\/wp-content\/uploads\/2024\/10\/2021-cctf2-sara-viteri-flooding-in-guayaquil-caused-by-garbage-in-sewers.jpg\" width=\"200\" src=\"data:image\/svg+xml;base64,PHN2ZyB3aWR0aD0iMSIgaGVpZ2h0PSIxIiB4bWxucz0iaHR0cDovL3d3dy53My5vcmcvMjAwMC9zdmciPjwvc3ZnPg==\" class=\"lazyload\" style=\"--smush-placeholder-width: 200px; --smush-placeholder-aspect-ratio: 200\/355;\"><figcaption>Cons\u00e9quence du changement climatique&nbsp;: les inondations en \u00c9quateur.<\/figcaption><\/figure>\n<table style=\"width:100%\">\n<tbody>\n<tr>\n<td>\n<h2>Ceci est une s\u00e9rie de publications sur les probl\u00e8mes environnementaux et l\u2019\u00c9glise mondiale.<\/h2>\n<p>Ces t\u00e9moignages mettent en lumi\u00e8re&nbsp;:&nbsp;<\/p>\n<p>a) l\u2019impact&nbsp;des d\u00e9gradations environnementales sur les anabaptistes-mennonites,<br \/>\n\t\t\tb) ce&nbsp;que les anabaptistes-mennonites pensent des probl\u00e8mes environnementaux,<br \/>\n\t\t\tc) ce&nbsp;que font les anabaptiste-mennonites en r\u00e9ponse.&nbsp;<\/p>\n<h5>Histoire #1: <a href=\"https:\/\/mwc-cmm.org\/fr\/stories\/limpact-des-crises-environmentales-sur-la-communaute-des-eglises\">L\u2019impact des crises environmentales sur la communaut\u00e9 des \u00e9glises<\/a><\/h5>\n<h5>Histoire #2:&nbsp;<a href=\"https:\/\/mwc-cmm.org\/fr\/stories\/que-ressent-face-aux-problemes-environnementaux\">Que ressent-on face aux probl\u00e8mes environnementaux ?<\/a><\/h5>\n<h5>Histoire #3:&nbsp;<a href=\"https:\/\/mwc-cmm.org\/fr\/stories\/quelles-sont-les-interactions-entre-le-changement-climatique-et-les-autres-enjeux\">Quelles sont les interactions entre le changement climatique et les autres enjeux communautaires ?<\/a><\/h5>\n<h5>Histoire #4:&nbsp;<a href=\"https:\/\/mwc-cmm.org\/fr\/stories\/nos-eglises-et-nos-responsables-sont-ils-actifs-au-service-de-la-creation\">Nos \u00e9glises et nos responsables sont-ils actifs au service de la cr\u00e9ation&nbsp;?<\/a><\/h5>\n<h5>Histoire #5:&nbsp;<a href=\"https:\/\/mwc-cmm.org\/fr\/stories\/comment-les-eglises-prennent-elles-soin-de-la-creation\">Comment les \u00e9glises prennent-elles soin de la Cr\u00e9ation&nbsp;?<\/a><\/h5>\n<h5>Histoire #6:&nbsp;<a href=\"https:\/\/mwc-cmm.org\/fr\/stories\/quest-ce-qui-aiderait-les-eglises-sengager-davantage-dans-la-protection-de-la-creation\">Qu\u2019est-ce qui aiderait les \u00c9glises \u00e0 s\u2019engager davantage dans la protection de la cr\u00e9ation&nbsp;?<\/a><\/h5>\n<\/td>\n<\/tr>\n<\/tbody>\n<\/table>\n","protected":false},"excerpt":{"rendered":"<p>(&#8230;Et pourquoi c\u2019est important) \u00ab&nbsp;Je suis tr\u00e8s triste de voir les cons\u00e9quences de la d\u00e9t\u00e9rioration de l\u2019environnement \u00e0 travers le monde. Nous n\u2019avons pas bien pris soin de ce que Dieu nous a laiss\u00e9, de sa cr\u00e9ation, au contraire, nous la d\u00e9truisons et je me sens coupable parce que je participe aussi au probl\u00e8me et [&hellip;]<\/p>\n","protected":false},"author":1,"featured_media":94102,"comment_status":"closed","ping_status":"closed","sticky":false,"template":"","format":"standard","meta":{"_acf_changed":false,"footnotes":""},"categories":[7],"tags":[],"network":[1307,1249],"eventcategory":[],"class_list":["post-10306","post","type-post","status-publish","format-standard","has-post-thumbnail","hentry","category-non-classifiee","network-courier-fr","network-creation-care-task-force-fr"],"acf":[],"yoast_head":"<!-- This site is optimized with the Yoast SEO plugin v27.2 - https:\/\/yoast.com\/product\/yoast-seo-wordpress\/ -->\n<title>Que ressent-on face aux probl\u00e8mes environnementaux ? - Mennonite World Conference<\/title>\n<meta name=\"robots\" content=\"index, follow, max-snippet:-1, max-image-preview:large, max-video-preview:-1\" \/>\n<link rel=\"canonical\" href=\"https:\/\/mwc-cmm.org\/en\/stories\/how-do-environmental-problems-make-people-feel-2\/\" \/>\n<meta property=\"og:locale\" content=\"fr_FR\" \/>\n<meta property=\"og:type\" content=\"article\" \/>\n<meta property=\"og:title\" content=\"Que ressent-on face aux probl\u00e8mes environnementaux ? - Mennonite World Conference\" \/>\n<meta property=\"og:description\" content=\"(&#8230;Et pourquoi c\u2019est important) \u00ab&nbsp;Je suis tr\u00e8s triste de voir les cons\u00e9quences de la d\u00e9t\u00e9rioration de l\u2019environnement \u00e0 travers le monde. Nous n\u2019avons pas bien pris soin de ce que Dieu nous a laiss\u00e9, de sa cr\u00e9ation, au contraire, nous la d\u00e9truisons et je me sens coupable parce que je participe aussi au probl\u00e8me et [&hellip;]\" \/>\n<meta property=\"og:url\" content=\"https:\/\/mwc-cmm.org\/en\/stories\/how-do-environmental-problems-make-people-feel-2\/\" \/>\n<meta property=\"og:site_name\" content=\"Mennonite World Conference\" \/>\n<meta property=\"article:publisher\" content=\"https:\/\/www.facebook.com\/MennoniteWorldConference\" \/>\n<meta property=\"article:published_time\" content=\"2021-10-05T00:00:00+00:00\" \/>\n<meta property=\"article:modified_time\" content=\"2024-12-10T17:18:17+00:00\" \/>\n<meta property=\"og:image\" content=\"https:\/\/mwc-cmm.org\/wp-content\/uploads\/2024\/11\/2021-cctf2-xyra_ortiz-deforestation_in_philippines.jpg\" \/>\n\t<meta property=\"og:image:width\" content=\"1080\" \/>\n\t<meta property=\"og:image:height\" content=\"810\" \/>\n\t<meta property=\"og:image:type\" content=\"image\/jpeg\" \/>\n<meta name=\"author\" content=\"mennworldcon\" \/>\n<script type=\"application\/ld+json\" class=\"yoast-schema-graph\">{\"@context\":\"https:\/\/schema.org\",\"@graph\":[{\"@type\":\"Article\",\"@id\":\"https:\/\/mwc-cmm.org\/en\/stories\/how-do-environmental-problems-make-people-feel-2\/#article\",\"isPartOf\":{\"@id\":\"https:\/\/mwc-cmm.org\/en\/stories\/how-do-environmental-problems-make-people-feel-2\/\"},\"author\":{\"name\":\"mennworldcon\",\"@id\":\"https:\/\/mwc-cmm.org\/en\/#\/schema\/person\/11f6ae0d7d1868ba20a1cc27f067c836\"},\"headline\":\"Que ressent-on face aux probl\u00e8mes environnementaux ?\",\"datePublished\":\"2021-10-05T00:00:00+00:00\",\"dateModified\":\"2024-12-10T17:18:17+00:00\",\"mainEntityOfPage\":{\"@id\":\"https:\/\/mwc-cmm.org\/en\/stories\/how-do-environmental-problems-make-people-feel-2\/\"},\"wordCount\":1041,\"publisher\":{\"@id\":\"https:\/\/mwc-cmm.org\/en\/#organization\"},\"image\":{\"@id\":\"https:\/\/mwc-cmm.org\/en\/stories\/how-do-environmental-problems-make-people-feel-2\/#primaryimage\"},\"thumbnailUrl\":\"https:\/\/mwc-cmm.org\/wp-content\/uploads\/2024\/11\/2021-cctf2-xyra_ortiz-deforestation_in_philippines.jpg\",\"articleSection\":[\"Non classifi\u00e9(e)\"],\"inLanguage\":\"fr-FR\"},{\"@type\":\"WebPage\",\"@id\":\"https:\/\/mwc-cmm.org\/en\/stories\/how-do-environmental-problems-make-people-feel-2\/\",\"url\":\"https:\/\/mwc-cmm.org\/en\/stories\/how-do-environmental-problems-make-people-feel-2\/\",\"name\":\"Que ressent-on face aux probl\u00e8mes environnementaux ? - Mennonite World Conference\",\"isPartOf\":{\"@id\":\"https:\/\/mwc-cmm.org\/en\/#website\"},\"primaryImageOfPage\":{\"@id\":\"https:\/\/mwc-cmm.org\/en\/stories\/how-do-environmental-problems-make-people-feel-2\/#primaryimage\"},\"image\":{\"@id\":\"https:\/\/mwc-cmm.org\/en\/stories\/how-do-environmental-problems-make-people-feel-2\/#primaryimage\"},\"thumbnailUrl\":\"https:\/\/mwc-cmm.org\/wp-content\/uploads\/2024\/11\/2021-cctf2-xyra_ortiz-deforestation_in_philippines.jpg\",\"datePublished\":\"2021-10-05T00:00:00+00:00\",\"dateModified\":\"2024-12-10T17:18:17+00:00\",\"breadcrumb\":{\"@id\":\"https:\/\/mwc-cmm.org\/en\/stories\/how-do-environmental-problems-make-people-feel-2\/#breadcrumb\"},\"inLanguage\":\"fr-FR\",\"potentialAction\":[{\"@type\":\"ReadAction\",\"target\":[\"https:\/\/mwc-cmm.org\/en\/stories\/how-do-environmental-problems-make-people-feel-2\/\"]}]},{\"@type\":\"ImageObject\",\"inLanguage\":\"fr-FR\",\"@id\":\"https:\/\/mwc-cmm.org\/en\/stories\/how-do-environmental-problems-make-people-feel-2\/#primaryimage\",\"url\":\"https:\/\/mwc-cmm.org\/wp-content\/uploads\/2024\/11\/2021-cctf2-xyra_ortiz-deforestation_in_philippines.jpg\",\"contentUrl\":\"https:\/\/mwc-cmm.org\/wp-content\/uploads\/2024\/11\/2021-cctf2-xyra_ortiz-deforestation_in_philippines.jpg\",\"width\":1080,\"height\":810},{\"@type\":\"BreadcrumbList\",\"@id\":\"https:\/\/mwc-cmm.org\/en\/stories\/how-do-environmental-problems-make-people-feel-2\/#breadcrumb\",\"itemListElement\":[{\"@type\":\"ListItem\",\"position\":1,\"name\":\"Home\",\"item\":\"https:\/\/mwc-cmm.org\/fr\/\"},{\"@type\":\"ListItem\",\"position\":2,\"name\":\"Que ressent-on face aux probl\u00e8mes environnementaux ?\"}]},{\"@type\":\"WebSite\",\"@id\":\"https:\/\/mwc-cmm.org\/en\/#website\",\"url\":\"https:\/\/mwc-cmm.org\/en\/\",\"name\":\"Mennonite World Conference\",\"description\":\"A communion of Anabaptist-related churches\",\"publisher\":{\"@id\":\"https:\/\/mwc-cmm.org\/en\/#organization\"},\"alternateName\":\"MWC\",\"potentialAction\":[{\"@type\":\"SearchAction\",\"target\":{\"@type\":\"EntryPoint\",\"urlTemplate\":\"https:\/\/mwc-cmm.org\/en\/?s={search_term_string}\"},\"query-input\":{\"@type\":\"PropertyValueSpecification\",\"valueRequired\":true,\"valueName\":\"search_term_string\"}}],\"inLanguage\":\"fr-FR\"},{\"@type\":\"Organization\",\"@id\":\"https:\/\/mwc-cmm.org\/en\/#organization\",\"name\":\"Mennonite World Conference\",\"alternateName\":\"MWC\",\"url\":\"https:\/\/mwc-cmm.org\/en\/\",\"logo\":{\"@type\":\"ImageObject\",\"inLanguage\":\"fr-FR\",\"@id\":\"https:\/\/mwc-cmm.org\/en\/#\/schema\/logo\/image\/\",\"url\":\"https:\/\/mwc-cmm.org\/wp-content\/uploads\/2026\/01\/MWC_Sig_Blue_Horiz_webheader1-logo.svg\",\"contentUrl\":\"https:\/\/mwc-cmm.org\/wp-content\/uploads\/2026\/01\/MWC_Sig_Blue_Horiz_webheader1-logo.svg\",\"width\":786,\"height\":82,\"caption\":\"Mennonite World Conference\"},\"image\":{\"@id\":\"https:\/\/mwc-cmm.org\/en\/#\/schema\/logo\/image\/\"},\"sameAs\":[\"https:\/\/www.facebook.com\/MennoniteWorldConference\",\"https:\/\/www.linkedin.com\/company\/mennonite-world-conference-mwc\/\",\"https:\/\/www.instagram.com\/mwcmm\/\",\"https:\/\/www.youtube.com\/user\/mwccmm\",\"https:\/\/bsky.app\/profile\/mwcmm.bsky.social\"]},{\"@type\":\"Person\",\"@id\":\"https:\/\/mwc-cmm.org\/en\/#\/schema\/person\/11f6ae0d7d1868ba20a1cc27f067c836\",\"name\":\"mennworldcon\",\"image\":{\"@type\":\"ImageObject\",\"inLanguage\":\"fr-FR\",\"@id\":\"https:\/\/secure.gravatar.com\/avatar\/06fdc0dc81c157dfdb82ec42f252178a22307808988d22c043f9eb96f1e0fe80?s=96&d=mm&r=g\",\"url\":\"https:\/\/secure.gravatar.com\/avatar\/06fdc0dc81c157dfdb82ec42f252178a22307808988d22c043f9eb96f1e0fe80?s=96&d=mm&r=g\",\"contentUrl\":\"https:\/\/secure.gravatar.com\/avatar\/06fdc0dc81c157dfdb82ec42f252178a22307808988d22c043f9eb96f1e0fe80?s=96&d=mm&r=g\",\"caption\":\"mennworldcon\"},\"sameAs\":[\"https:\/\/mwc-cmm.org\"],\"url\":\"https:\/\/mwc-cmm.org\/fr\/stories\/author\/mennworldcon\/\"}]}<\/script>\n<!-- \/ Yoast SEO plugin. -->","yoast_head_json":{"title":"Que ressent-on face aux probl\u00e8mes environnementaux ? - Mennonite World Conference","robots":{"index":"index","follow":"follow","max-snippet":"max-snippet:-1","max-image-preview":"max-image-preview:large","max-video-preview":"max-video-preview:-1"},"canonical":"https:\/\/mwc-cmm.org\/en\/stories\/how-do-environmental-problems-make-people-feel-2\/","og_locale":"fr_FR","og_type":"article","og_title":"Que ressent-on face aux probl\u00e8mes environnementaux ? - Mennonite World Conference","og_description":"(&#8230;Et pourquoi c\u2019est important) \u00ab&nbsp;Je suis tr\u00e8s triste de voir les cons\u00e9quences de la d\u00e9t\u00e9rioration de l\u2019environnement \u00e0 travers le monde. Nous n\u2019avons pas bien pris soin de ce que Dieu nous a laiss\u00e9, de sa cr\u00e9ation, au contraire, nous la d\u00e9truisons et je me sens coupable parce que je participe aussi au probl\u00e8me et [&hellip;]","og_url":"https:\/\/mwc-cmm.org\/en\/stories\/how-do-environmental-problems-make-people-feel-2\/","og_site_name":"Mennonite World Conference","article_publisher":"https:\/\/www.facebook.com\/MennoniteWorldConference","article_published_time":"2021-10-05T00:00:00+00:00","article_modified_time":"2024-12-10T17:18:17+00:00","og_image":[{"width":1080,"height":810,"url":"https:\/\/mwc-cmm.org\/wp-content\/uploads\/2024\/11\/2021-cctf2-xyra_ortiz-deforestation_in_philippines.jpg","type":"image\/jpeg"}],"author":"mennworldcon","schema":{"@context":"https:\/\/schema.org","@graph":[{"@type":"Article","@id":"https:\/\/mwc-cmm.org\/en\/stories\/how-do-environmental-problems-make-people-feel-2\/#article","isPartOf":{"@id":"https:\/\/mwc-cmm.org\/en\/stories\/how-do-environmental-problems-make-people-feel-2\/"},"author":{"name":"mennworldcon","@id":"https:\/\/mwc-cmm.org\/en\/#\/schema\/person\/11f6ae0d7d1868ba20a1cc27f067c836"},"headline":"Que ressent-on face aux probl\u00e8mes environnementaux ?","datePublished":"2021-10-05T00:00:00+00:00","dateModified":"2024-12-10T17:18:17+00:00","mainEntityOfPage":{"@id":"https:\/\/mwc-cmm.org\/en\/stories\/how-do-environmental-problems-make-people-feel-2\/"},"wordCount":1041,"publisher":{"@id":"https:\/\/mwc-cmm.org\/en\/#organization"},"image":{"@id":"https:\/\/mwc-cmm.org\/en\/stories\/how-do-environmental-problems-make-people-feel-2\/#primaryimage"},"thumbnailUrl":"https:\/\/mwc-cmm.org\/wp-content\/uploads\/2024\/11\/2021-cctf2-xyra_ortiz-deforestation_in_philippines.jpg","articleSection":["Non classifi\u00e9(e)"],"inLanguage":"fr-FR"},{"@type":"WebPage","@id":"https:\/\/mwc-cmm.org\/en\/stories\/how-do-environmental-problems-make-people-feel-2\/","url":"https:\/\/mwc-cmm.org\/en\/stories\/how-do-environmental-problems-make-people-feel-2\/","name":"Que ressent-on face aux probl\u00e8mes environnementaux ? - Mennonite World Conference","isPartOf":{"@id":"https:\/\/mwc-cmm.org\/en\/#website"},"primaryImageOfPage":{"@id":"https:\/\/mwc-cmm.org\/en\/stories\/how-do-environmental-problems-make-people-feel-2\/#primaryimage"},"image":{"@id":"https:\/\/mwc-cmm.org\/en\/stories\/how-do-environmental-problems-make-people-feel-2\/#primaryimage"},"thumbnailUrl":"https:\/\/mwc-cmm.org\/wp-content\/uploads\/2024\/11\/2021-cctf2-xyra_ortiz-deforestation_in_philippines.jpg","datePublished":"2021-10-05T00:00:00+00:00","dateModified":"2024-12-10T17:18:17+00:00","breadcrumb":{"@id":"https:\/\/mwc-cmm.org\/en\/stories\/how-do-environmental-problems-make-people-feel-2\/#breadcrumb"},"inLanguage":"fr-FR","potentialAction":[{"@type":"ReadAction","target":["https:\/\/mwc-cmm.org\/en\/stories\/how-do-environmental-problems-make-people-feel-2\/"]}]},{"@type":"ImageObject","inLanguage":"fr-FR","@id":"https:\/\/mwc-cmm.org\/en\/stories\/how-do-environmental-problems-make-people-feel-2\/#primaryimage","url":"https:\/\/mwc-cmm.org\/wp-content\/uploads\/2024\/11\/2021-cctf2-xyra_ortiz-deforestation_in_philippines.jpg","contentUrl":"https:\/\/mwc-cmm.org\/wp-content\/uploads\/2024\/11\/2021-cctf2-xyra_ortiz-deforestation_in_philippines.jpg","width":1080,"height":810},{"@type":"BreadcrumbList","@id":"https:\/\/mwc-cmm.org\/en\/stories\/how-do-environmental-problems-make-people-feel-2\/#breadcrumb","itemListElement":[{"@type":"ListItem","position":1,"name":"Home","item":"https:\/\/mwc-cmm.org\/fr\/"},{"@type":"ListItem","position":2,"name":"Que ressent-on face aux probl\u00e8mes environnementaux ?"}]},{"@type":"WebSite","@id":"https:\/\/mwc-cmm.org\/en\/#website","url":"https:\/\/mwc-cmm.org\/en\/","name":"Mennonite World Conference","description":"A communion of Anabaptist-related churches","publisher":{"@id":"https:\/\/mwc-cmm.org\/en\/#organization"},"alternateName":"MWC","potentialAction":[{"@type":"SearchAction","target":{"@type":"EntryPoint","urlTemplate":"https:\/\/mwc-cmm.org\/en\/?s={search_term_string}"},"query-input":{"@type":"PropertyValueSpecification","valueRequired":true,"valueName":"search_term_string"}}],"inLanguage":"fr-FR"},{"@type":"Organization","@id":"https:\/\/mwc-cmm.org\/en\/#organization","name":"Mennonite World Conference","alternateName":"MWC","url":"https:\/\/mwc-cmm.org\/en\/","logo":{"@type":"ImageObject","inLanguage":"fr-FR","@id":"https:\/\/mwc-cmm.org\/en\/#\/schema\/logo\/image\/","url":"https:\/\/mwc-cmm.org\/wp-content\/uploads\/2026\/01\/MWC_Sig_Blue_Horiz_webheader1-logo.svg","contentUrl":"https:\/\/mwc-cmm.org\/wp-content\/uploads\/2026\/01\/MWC_Sig_Blue_Horiz_webheader1-logo.svg","width":786,"height":82,"caption":"Mennonite World Conference"},"image":{"@id":"https:\/\/mwc-cmm.org\/en\/#\/schema\/logo\/image\/"},"sameAs":["https:\/\/www.facebook.com\/MennoniteWorldConference","https:\/\/www.linkedin.com\/company\/mennonite-world-conference-mwc\/","https:\/\/www.instagram.com\/mwcmm\/","https:\/\/www.youtube.com\/user\/mwccmm","https:\/\/bsky.app\/profile\/mwcmm.bsky.social"]},{"@type":"Person","@id":"https:\/\/mwc-cmm.org\/en\/#\/schema\/person\/11f6ae0d7d1868ba20a1cc27f067c836","name":"mennworldcon","image":{"@type":"ImageObject","inLanguage":"fr-FR","@id":"https:\/\/secure.gravatar.com\/avatar\/06fdc0dc81c157dfdb82ec42f252178a22307808988d22c043f9eb96f1e0fe80?s=96&d=mm&r=g","url":"https:\/\/secure.gravatar.com\/avatar\/06fdc0dc81c157dfdb82ec42f252178a22307808988d22c043f9eb96f1e0fe80?s=96&d=mm&r=g","contentUrl":"https:\/\/secure.gravatar.com\/avatar\/06fdc0dc81c157dfdb82ec42f252178a22307808988d22c043f9eb96f1e0fe80?s=96&d=mm&r=g","caption":"mennworldcon"},"sameAs":["https:\/\/mwc-cmm.org"],"url":"https:\/\/mwc-cmm.org\/fr\/stories\/author\/mennworldcon\/"}]}},"_links":{"self":[{"href":"https:\/\/mwc-cmm.org\/fr\/wp-json\/wp\/v2\/posts\/10306","targetHints":{"allow":["GET"]}}],"collection":[{"href":"https:\/\/mwc-cmm.org\/fr\/wp-json\/wp\/v2\/posts"}],"about":[{"href":"https:\/\/mwc-cmm.org\/fr\/wp-json\/wp\/v2\/types\/post"}],"author":[{"embeddable":true,"href":"https:\/\/mwc-cmm.org\/fr\/wp-json\/wp\/v2\/users\/1"}],"replies":[{"embeddable":true,"href":"https:\/\/mwc-cmm.org\/fr\/wp-json\/wp\/v2\/comments?post=10306"}],"version-history":[{"count":0,"href":"https:\/\/mwc-cmm.org\/fr\/wp-json\/wp\/v2\/posts\/10306\/revisions"}],"wp:featuredmedia":[{"embeddable":true,"href":"https:\/\/mwc-cmm.org\/fr\/wp-json\/wp\/v2\/media\/94102"}],"wp:attachment":[{"href":"https:\/\/mwc-cmm.org\/fr\/wp-json\/wp\/v2\/media?parent=10306"}],"wp:term":[{"taxonomy":"category","embeddable":true,"href":"https:\/\/mwc-cmm.org\/fr\/wp-json\/wp\/v2\/categories?post=10306"},{"taxonomy":"post_tag","embeddable":true,"href":"https:\/\/mwc-cmm.org\/fr\/wp-json\/wp\/v2\/tags?post=10306"},{"taxonomy":"network","embeddable":true,"href":"https:\/\/mwc-cmm.org\/fr\/wp-json\/wp\/v2\/network?post=10306"},{"taxonomy":"eventcategory","embeddable":true,"href":"https:\/\/mwc-cmm.org\/fr\/wp-json\/wp\/v2\/eventcategory?post=10306"}],"curies":[{"name":"wp","href":"https:\/\/api.w.org\/{rel}","templated":true}]}}