{"id":10286,"date":"2021-07-14T00:00:00","date_gmt":"2021-07-14T00:00:00","guid":{"rendered":"https:\/\/mwc-cmm.org\/we-are-with-you-4\/"},"modified":"2024-12-10T17:18:06","modified_gmt":"2024-12-10T17:18:06","slug":"we-are-with-you-4","status":"publish","type":"post","link":"https:\/\/mwc-cmm.org\/fr\/stories\/we-are-with-you-4\/","title":{"rendered":"\u00ab Nous sommes avec vous \u00bb"},"content":{"rendered":"<h5>Comme les quatre cavit\u00e9s du c\u0153ur, les quatre commissions de la CMM servent la communaut\u00e9 mondiale des \u00e9glises anabaptistes dans les domaines suivants : diacres, foi et vie, paix et mission. Les commissions pr\u00e9parent du mat\u00e9riel \u00e0 l\u2019intention du Conseil G\u00e9n\u00e9ral, donnent des conseils et proposent des ressources aux \u00e9glises membres et facilitent le travail des r\u00e9seaux ou des fraternit\u00e9s de la CMM qui \u0153uvrent ensemble sur des questions et des pr\u00e9occupations d\u2019int\u00e9r\u00eat commun.<\/h5>\n<hr \/>\n<h2>\u00ab&nbsp;Suivre le Christ am\u00e8ne toujours \u00e0 devenir diacre&nbsp;\u00bb<\/h2>\n<p>Faites connaissance avec un membre d\u2019une des Commissions:<br \/>\n<strong>J\u00fcrg Br\u00e4ker, <a href=\"\/fr\/node\/132\">Commission Diacres<\/a><\/strong><\/p>\n<h3>Comment la Commission est-elle ensemble en Christ&nbsp;?<\/h3>\n<p>Lors de nos r\u00e9unions, nous incarnons le travail diaconal&nbsp;: nous \u00e9coutons les t\u00e9moignages les uns des autres, nous nous tenons aux c\u00f4t\u00e9s de l\u2019autre dans la souffrance et dans la joie.&nbsp;<\/p>\n<p>Le <a href=\"\/fr\/node\/70\">Fonds de Partage de l\u2019\u00c9glise Mondiale <\/a>(g\u00e9r\u00e9 par la Commission Diacres) n\u2019est pas suffisant pour apporter des changements mat\u00e9riels importants, mais c\u2019est une fa\u00e7on symbolique de montrer que \u00ab&nbsp;nous sommes avec vous&nbsp;\u00bb.&nbsp;<\/p>\n<p>La Commission Diacres envoie aussi ce m\u00eame message dans des lettres de solidarit\u00e9 envers nos \u00e9glises \u00e0 travers le monde lorsqu\u2019elles sont dans la souffrance.<\/p>\n<h3>Donnez-nous un exemple de cette fa\u00e7on d\u2019\u00eatre ensemble \u00e0 la Commission&nbsp;?<\/h3>\n<p>Prier ensemble&nbsp;: notamment pendant les r\u00e9unions zoom qui rassemblent pr\u00e8s de 100 personnes de tous les continents.&nbsp;<\/p>\n<p>Les visites de d\u00e9l\u00e9gations&nbsp;: j\u2019ai l\u2019impression d\u2019avoir participer \u00e0 chacune d\u2019entre elles parce que j\u2019en ai entendu les r\u00e9cits. La d\u00e9l\u00e9gation rassemble les gens&nbsp;: on commence par \u00e9couter l\u2019autre. Nous pleurons ensemble. Apr\u00e8s, les relations tiss\u00e9es peuvent aller dans l\u2019autre direction.&nbsp;&nbsp;&nbsp;&nbsp;<\/p>\n<p>Lors de ma participation \u00e0 la <a href=\"\/fr\/node\/3589\">d\u00e9l\u00e9gation au Burkina Faso <\/a>(d\u00e9but 2020), j\u2019ai \u00e9t\u00e9 touch\u00e9 par la culture de paix parmi les religions. Les peuples ont appris \u00e0 vivre ensemble, en renon\u00e7ant \u00e0 la violence, en g\u00e9rant les tensions locales. Ils affirment avec force&nbsp;: \u00ab&nbsp;Cette violence n\u2019a rien \u00e0 voir avec la religion ou la foi&nbsp;: c\u2019est du terrorisme. Nous ne la laissons pas nous diviser.&nbsp;\u00bb<\/p>\n<div style=\"text-align:center\">\n<figure class=\"image\" style=\"display:inline-block\"><img decoding=\"async\" alt=\"men in matching African cloth shirts\" height=\"292\" data-src=\"https:\/\/mwc-cmm.org\/wp-content\/uploads\/2024\/10\/2020-juergbraker-burkinadelegation-scaled.jpg\" width=\"600\" src=\"data:image\/svg+xml;base64,PHN2ZyB3aWR0aD0iMSIgaGVpZ2h0PSIxIiB4bWxucz0iaHR0cDovL3d3dy53My5vcmcvMjAwMC9zdmciPjwvc3ZnPg==\" class=\"lazyload\" style=\"--smush-placeholder-width: 600px; --smush-placeholder-aspect-ratio: 600\/292;\" \/><figcaption>La d\u00e9l\u00e9gation de la Commission Diacres au Burkina Faso en 2020 (g-\u00e0-d)&nbsp;: Juerg Braeker (Suisse), L\u00e9onard Kiswangi (RDC), Nelson Kraybill (USA), Didier Bellefleur (France), Jean Paul Pelsy (France).&nbsp;<\/figcaption><\/figure>\n<\/div>\n<h3>Pourquoi aimez-vous servir au sein de cette Commission&nbsp;?<\/h3>\n<p>C\u2019est r\u00f4le de la Commission Diacres de faire prendre conscience que le diaconat fait partie de tout ce que nous faisons dans le corps du Christ. La Mission, la paix, la th\u00e9ologie \u2013 nous sommes toujours diacres.&nbsp;<\/p>\n<p>Partager ou donner&nbsp;: c\u2019est au c\u0153ur de la mission du diacre. Vous ne partez pas pour trouver des solutions, vous partez pour \u00e9couter et transmettre ce que vous avez re\u00e7u.&nbsp;<\/p>\n<p>Je suis tr\u00e8s encourag\u00e9 en rendant visite ou en \u00e9coutant les t\u00e9moignages des uns et des autres. Je n\u2019apporte pas grand-chose. Je re\u00e7ois et je suis encourag\u00e9.&nbsp;<\/p>\n<h3>Quel est le nom de votre paroisse&nbsp;?&nbsp;<\/h3>\n<p>Mennoniten Gemeinde Bern (Altt\u00e4ufer) (\u00e9glise mennonite de Bern, anabaptiste ancien), Suisse.<\/p>\n<h3>Comment servez-vous l\u2019\u00c9glise mennonite dans votre vie quotidienne en dehors de votre engagement aupr\u00e8s de la Commission&nbsp;?&nbsp;&nbsp;<\/h3>\n<p>Je suis ancien dans ma paroisse et je travaille en tant que th\u00e9ologien (pasteur). Je pr\u00eache, je rends visite \u00e0 domicile, je coordonne les activit\u00e9s des jeunes, je mets en lien des groupes et repr\u00e9sente mon \u00e9glise lors de r\u00e9unions \u0153cum\u00e9niques.&nbsp;<\/p>\n<p>Je suis \u00e9galement secr\u00e9taire g\u00e9n\u00e9ral de l\u2019union d\u2019\u00e9glises mennonites de Suisse (\u00e0 temps partiel). Nos \u00e9glises sont ind\u00e9pendantes en ce qui concerne la th\u00e9ologie et l\u2019organisation mais, malgr\u00e9 notre grande diversit\u00e9, nous formons l\u2019\u00c9glise, ensemble.&nbsp;&nbsp;&nbsp;<\/p>\n<h3>De quelle fa\u00e7on sentez-vous que vous \u00eates ensemble en Christ dans votre vie quotidienne&nbsp;?&nbsp;<\/h3>\n<p>Je sens que nous sommes ensemble gr\u00e2ce aux conversations, non seulement au niveau national mais local \u00e9galement, o\u00f9 il y a aussi une grande diversit\u00e9. L\u2019unit\u00e9 y est d\u2019autant plus importante que nous travaillons ensemble au quotidien.&nbsp;<\/p>\n<p>Pendant la pand\u00e9mie, nous avons chang\u00e9 nos modes de r\u00e9union et nous nous sommes appuy\u00e9s sur l\u2019exp\u00e9rience d\u2019organisation de chaque \u00e9glise.&nbsp;<\/p>\n<p>L\u2019action construit l\u2019unit\u00e9&nbsp;: la collecte de mat\u00e9riel \u2013 tricoter ou coudre pour le MCC. Cela facilite les conversations th\u00e9ologiques parce que, m\u00eame lorsque vous \u00eates en d\u00e9saccord, vous pouvez tout de m\u00eame travailler ensemble et cr\u00e9er un socle d\u2019amiti\u00e9 pour avoir ces conversations. L\u2019amour que nous portons aux autres nous rassemble aussi.&nbsp;<\/p>\n<h3>Faire partie de la CMM, qu\u2019est-ce que \u00e7a change pour votre paroisse&nbsp;?&nbsp;<\/h3>\n<p>Je suis la \u00ab&nbsp;troisi\u00e8me g\u00e9n\u00e9ration&nbsp;\u00bb de repr\u00e9sentants du MCC \u00e0 la paroisse de Bern. Nous c\u00e9l\u00e9brons le Dimanche de la Fraternit\u00e9 Anabaptiste Mondiale, le Dimanche de la Paix. Je rapporte souvent des exemples de r\u00e9unions interculturelles&nbsp;: c\u2019est l\u00e0 que je vois la beaut\u00e9 de la rencontre avec l\u2019autre.&nbsp;&nbsp;<\/p>\n<p>Il y a quelques ann\u00e9es, nous avons re\u00e7u <a href=\"\/fr\/node\/501\">la visite de Steven Mang\u2019ana (repr\u00e9sentant du comit\u00e9 ex\u00e9cutif pour l\u2019Afrique) et Lisa Carr Pries (repr\u00e9sentante du comit\u00e9 ex\u00e9cutif pour l\u2019Am\u00e9rique du Nord)<\/a>. On s\u2019en souvient encore.&nbsp;<\/p>\n<p>La COVID-19 nous a oblig\u00e9 \u00e0 un repli sur nos \u00e9glises locales. Les liens avec la CMM nous aident \u00e0 nous ouvrir et \u00e0 voir les difficult\u00e9s li\u00e9es \u00e0 la pand\u00e9mie ailleurs dans le monde. Lors de notre premier culte (apr\u00e8s les confinements, bien s\u00fbr), la collecte a \u00e9t\u00e9 d\u00e9di\u00e9e \u00e0 nos s\u0153urs et fr\u00e8res \u00e0 l\u2019\u00e9tranger et non pas sur nos propres besoins.&nbsp;<\/p>\n<hr \/>\n<p>Lire la suite<\/p>\n<table style=\"width:300px\">\n<tbody>\n<tr>\n<td><a href=\"\/fr\/node\/3915\">Invitez un orateur de la CMM<\/a><\/td>\n<\/tr>\n<\/tbody>\n<\/table>\n<p>&nbsp;<\/p>\n<table style=\"width:300px\">\n<tbody>\n<tr>\n<td><a href=\"\/fr\/node\/3720\">Heure de pri\u00e8re en ligne<\/a><\/td>\n<\/tr>\n<\/tbody>\n<\/table>\n","protected":false},"excerpt":{"rendered":"<p>Comme les quatre cavit\u00e9s du c\u0153ur, les quatre commissions de la CMM servent la communaut\u00e9 mondiale des \u00e9glises anabaptistes dans les domaines suivants : diacres, foi et vie, paix et mission. Les commissions pr\u00e9parent du mat\u00e9riel \u00e0 l\u2019intention du Conseil G\u00e9n\u00e9ral, donnent des conseils et proposent des ressources aux \u00e9glises membres et facilitent le travail [&hellip;]<\/p>\n","protected":false},"author":1,"featured_media":93824,"comment_status":"closed","ping_status":"closed","sticky":false,"template":"","format":"standard","meta":{"_acf_changed":false,"footnotes":""},"categories":[7],"tags":[],"network":[1262],"eventcategory":[],"class_list":["post-10286","post","type-post","status-publish","format-standard","has-post-thumbnail","hentry","category-non-classifiee","network-deacons-commission-fr"],"acf":[],"yoast_head":"<!-- This site is optimized with the Yoast SEO plugin v27.5 - https:\/\/yoast.com\/product\/yoast-seo-wordpress\/ -->\n<title>\u00ab Nous sommes avec vous \u00bb - Mennonite World Conference<\/title>\n<meta name=\"robots\" content=\"index, follow, max-snippet:-1, max-image-preview:large, max-video-preview:-1\" \/>\n<link rel=\"canonical\" href=\"https:\/\/mwc-cmm.org\/fr\/stories\/we-are-with-you-4\/\" \/>\n<meta property=\"og:locale\" content=\"fr_FR\" \/>\n<meta property=\"og:type\" content=\"article\" \/>\n<meta property=\"og:title\" content=\"\u00ab Nous sommes avec vous \u00bb - Mennonite World Conference\" \/>\n<meta property=\"og:description\" content=\"Comme les quatre cavit\u00e9s du c\u0153ur, les quatre commissions de la CMM servent la communaut\u00e9 mondiale des \u00e9glises anabaptistes dans les domaines suivants : diacres, foi et vie, paix et mission. Les commissions pr\u00e9parent du mat\u00e9riel \u00e0 l\u2019intention du Conseil G\u00e9n\u00e9ral, donnent des conseils et proposent des ressources aux \u00e9glises membres et facilitent le travail [&hellip;]\" \/>\n<meta property=\"og:url\" content=\"https:\/\/mwc-cmm.org\/fr\/stories\/we-are-with-you-4\/\" \/>\n<meta property=\"og:site_name\" content=\"Mennonite World Conference\" \/>\n<meta property=\"article:publisher\" content=\"https:\/\/www.facebook.com\/MennoniteWorldConference\" \/>\n<meta property=\"article:published_time\" content=\"2021-07-14T00:00:00+00:00\" \/>\n<meta property=\"article:modified_time\" content=\"2024-12-10T17:18:06+00:00\" \/>\n<meta property=\"og:image\" content=\"https:\/\/mwc-cmm.org\/wp-content\/uploads\/2024\/11\/2015-quilting-rs52226-scaled.jpg\" \/>\n\t<meta property=\"og:image:width\" content=\"2560\" \/>\n\t<meta property=\"og:image:height\" content=\"1706\" \/>\n\t<meta property=\"og:image:type\" content=\"image\/jpeg\" \/>\n<meta name=\"author\" content=\"mennworldcon\" \/>\n<script type=\"application\/ld+json\" class=\"yoast-schema-graph\">{\"@context\":\"https:\\\/\\\/schema.org\",\"@graph\":[{\"@type\":\"Article\",\"@id\":\"https:\\\/\\\/mwc-cmm.org\\\/fr\\\/stories\\\/we-are-with-you-4\\\/#article\",\"isPartOf\":{\"@id\":\"https:\\\/\\\/mwc-cmm.org\\\/fr\\\/stories\\\/we-are-with-you-4\\\/\"},\"author\":{\"name\":\"mennworldcon\",\"@id\":\"https:\\\/\\\/mwc-cmm.org\\\/en\\\/#\\\/schema\\\/person\\\/11f6ae0d7d1868ba20a1cc27f067c836\"},\"headline\":\"\u00ab Nous sommes avec vous \u00bb\",\"datePublished\":\"2021-07-14T00:00:00+00:00\",\"dateModified\":\"2024-12-10T17:18:06+00:00\",\"mainEntityOfPage\":{\"@id\":\"https:\\\/\\\/mwc-cmm.org\\\/fr\\\/stories\\\/we-are-with-you-4\\\/\"},\"wordCount\":1036,\"publisher\":{\"@id\":\"https:\\\/\\\/mwc-cmm.org\\\/en\\\/#organization\"},\"image\":{\"@id\":\"https:\\\/\\\/mwc-cmm.org\\\/fr\\\/stories\\\/we-are-with-you-4\\\/#primaryimage\"},\"thumbnailUrl\":\"https:\\\/\\\/mwc-cmm.org\\\/wp-content\\\/uploads\\\/2024\\\/11\\\/2015-quilting-rs52226-scaled.jpg\",\"articleSection\":[\"Non classifi\u00e9(e)\"],\"inLanguage\":\"fr-FR\"},{\"@type\":\"WebPage\",\"@id\":\"https:\\\/\\\/mwc-cmm.org\\\/fr\\\/stories\\\/we-are-with-you-4\\\/\",\"url\":\"https:\\\/\\\/mwc-cmm.org\\\/fr\\\/stories\\\/we-are-with-you-4\\\/\",\"name\":\"\u00ab Nous sommes avec vous \u00bb - Mennonite World Conference\",\"isPartOf\":{\"@id\":\"https:\\\/\\\/mwc-cmm.org\\\/en\\\/#website\"},\"primaryImageOfPage\":{\"@id\":\"https:\\\/\\\/mwc-cmm.org\\\/fr\\\/stories\\\/we-are-with-you-4\\\/#primaryimage\"},\"image\":{\"@id\":\"https:\\\/\\\/mwc-cmm.org\\\/fr\\\/stories\\\/we-are-with-you-4\\\/#primaryimage\"},\"thumbnailUrl\":\"https:\\\/\\\/mwc-cmm.org\\\/wp-content\\\/uploads\\\/2024\\\/11\\\/2015-quilting-rs52226-scaled.jpg\",\"datePublished\":\"2021-07-14T00:00:00+00:00\",\"dateModified\":\"2024-12-10T17:18:06+00:00\",\"breadcrumb\":{\"@id\":\"https:\\\/\\\/mwc-cmm.org\\\/fr\\\/stories\\\/we-are-with-you-4\\\/#breadcrumb\"},\"inLanguage\":\"fr-FR\",\"potentialAction\":[{\"@type\":\"ReadAction\",\"target\":[\"https:\\\/\\\/mwc-cmm.org\\\/fr\\\/stories\\\/we-are-with-you-4\\\/\"]}]},{\"@type\":\"ImageObject\",\"inLanguage\":\"fr-FR\",\"@id\":\"https:\\\/\\\/mwc-cmm.org\\\/fr\\\/stories\\\/we-are-with-you-4\\\/#primaryimage\",\"url\":\"https:\\\/\\\/mwc-cmm.org\\\/wp-content\\\/uploads\\\/2024\\\/11\\\/2015-quilting-rs52226-scaled.jpg\",\"contentUrl\":\"https:\\\/\\\/mwc-cmm.org\\\/wp-content\\\/uploads\\\/2024\\\/11\\\/2015-quilting-rs52226-scaled.jpg\",\"width\":2560,\"height\":1706},{\"@type\":\"BreadcrumbList\",\"@id\":\"https:\\\/\\\/mwc-cmm.org\\\/fr\\\/stories\\\/we-are-with-you-4\\\/#breadcrumb\",\"itemListElement\":[{\"@type\":\"ListItem\",\"position\":1,\"name\":\"Home\",\"item\":\"https:\\\/\\\/mwc-cmm.org\\\/fr\\\/\"},{\"@type\":\"ListItem\",\"position\":2,\"name\":\"\u00ab Nous sommes avec vous \u00bb\"}]},{\"@type\":\"WebSite\",\"@id\":\"https:\\\/\\\/mwc-cmm.org\\\/en\\\/#website\",\"url\":\"https:\\\/\\\/mwc-cmm.org\\\/en\\\/\",\"name\":\"Mennonite World Conference\",\"description\":\"A communion of Anabaptist-related churches\",\"publisher\":{\"@id\":\"https:\\\/\\\/mwc-cmm.org\\\/en\\\/#organization\"},\"alternateName\":\"MWC\",\"potentialAction\":[{\"@type\":\"SearchAction\",\"target\":{\"@type\":\"EntryPoint\",\"urlTemplate\":\"https:\\\/\\\/mwc-cmm.org\\\/en\\\/?s={search_term_string}\"},\"query-input\":{\"@type\":\"PropertyValueSpecification\",\"valueRequired\":true,\"valueName\":\"search_term_string\"}}],\"inLanguage\":\"fr-FR\"},{\"@type\":\"Organization\",\"@id\":\"https:\\\/\\\/mwc-cmm.org\\\/en\\\/#organization\",\"name\":\"Mennonite World Conference\",\"alternateName\":\"MWC\",\"url\":\"https:\\\/\\\/mwc-cmm.org\\\/en\\\/\",\"logo\":{\"@type\":\"ImageObject\",\"inLanguage\":\"fr-FR\",\"@id\":\"https:\\\/\\\/mwc-cmm.org\\\/en\\\/#\\\/schema\\\/logo\\\/image\\\/\",\"url\":\"https:\\\/\\\/mwc-cmm.org\\\/wp-content\\\/uploads\\\/2026\\\/01\\\/MWC_Sig_Blue_Horiz_webheader1-logo.svg\",\"contentUrl\":\"https:\\\/\\\/mwc-cmm.org\\\/wp-content\\\/uploads\\\/2026\\\/01\\\/MWC_Sig_Blue_Horiz_webheader1-logo.svg\",\"width\":786,\"height\":82,\"caption\":\"Mennonite World Conference\"},\"image\":{\"@id\":\"https:\\\/\\\/mwc-cmm.org\\\/en\\\/#\\\/schema\\\/logo\\\/image\\\/\"},\"sameAs\":[\"https:\\\/\\\/www.facebook.com\\\/MennoniteWorldConference\",\"https:\\\/\\\/www.linkedin.com\\\/company\\\/mennonite-world-conference-mwc\\\/\",\"https:\\\/\\\/www.instagram.com\\\/mwcmm\\\/\",\"https:\\\/\\\/www.youtube.com\\\/user\\\/mwccmm\",\"https:\\\/\\\/bsky.app\\\/profile\\\/mwcmm.bsky.social\"]},{\"@type\":\"Person\",\"@id\":\"https:\\\/\\\/mwc-cmm.org\\\/en\\\/#\\\/schema\\\/person\\\/11f6ae0d7d1868ba20a1cc27f067c836\",\"name\":\"mennworldcon\",\"image\":{\"@type\":\"ImageObject\",\"inLanguage\":\"fr-FR\",\"@id\":\"https:\\\/\\\/secure.gravatar.com\\\/avatar\\\/06fdc0dc81c157dfdb82ec42f252178a22307808988d22c043f9eb96f1e0fe80?s=96&d=mm&r=g\",\"url\":\"https:\\\/\\\/secure.gravatar.com\\\/avatar\\\/06fdc0dc81c157dfdb82ec42f252178a22307808988d22c043f9eb96f1e0fe80?s=96&d=mm&r=g\",\"contentUrl\":\"https:\\\/\\\/secure.gravatar.com\\\/avatar\\\/06fdc0dc81c157dfdb82ec42f252178a22307808988d22c043f9eb96f1e0fe80?s=96&d=mm&r=g\",\"caption\":\"mennworldcon\"},\"sameAs\":[\"https:\\\/\\\/mwc-cmm.org\"],\"url\":\"https:\\\/\\\/mwc-cmm.org\\\/fr\\\/stories\\\/author\\\/mennworldcon\\\/\"}]}<\/script>\n<!-- \/ Yoast SEO plugin. -->","yoast_head_json":{"title":"\u00ab Nous sommes avec vous \u00bb - Mennonite World Conference","robots":{"index":"index","follow":"follow","max-snippet":"max-snippet:-1","max-image-preview":"max-image-preview:large","max-video-preview":"max-video-preview:-1"},"canonical":"https:\/\/mwc-cmm.org\/fr\/stories\/we-are-with-you-4\/","og_locale":"fr_FR","og_type":"article","og_title":"\u00ab Nous sommes avec vous \u00bb - Mennonite World Conference","og_description":"Comme les quatre cavit\u00e9s du c\u0153ur, les quatre commissions de la CMM servent la communaut\u00e9 mondiale des \u00e9glises anabaptistes dans les domaines suivants : diacres, foi et vie, paix et mission. Les commissions pr\u00e9parent du mat\u00e9riel \u00e0 l\u2019intention du Conseil G\u00e9n\u00e9ral, donnent des conseils et proposent des ressources aux \u00e9glises membres et facilitent le travail [&hellip;]","og_url":"https:\/\/mwc-cmm.org\/fr\/stories\/we-are-with-you-4\/","og_site_name":"Mennonite World Conference","article_publisher":"https:\/\/www.facebook.com\/MennoniteWorldConference","article_published_time":"2021-07-14T00:00:00+00:00","article_modified_time":"2024-12-10T17:18:06+00:00","og_image":[{"width":2560,"height":1706,"url":"https:\/\/mwc-cmm.org\/wp-content\/uploads\/2024\/11\/2015-quilting-rs52226-scaled.jpg","type":"image\/jpeg"}],"author":"mennworldcon","schema":{"@context":"https:\/\/schema.org","@graph":[{"@type":"Article","@id":"https:\/\/mwc-cmm.org\/fr\/stories\/we-are-with-you-4\/#article","isPartOf":{"@id":"https:\/\/mwc-cmm.org\/fr\/stories\/we-are-with-you-4\/"},"author":{"name":"mennworldcon","@id":"https:\/\/mwc-cmm.org\/en\/#\/schema\/person\/11f6ae0d7d1868ba20a1cc27f067c836"},"headline":"\u00ab Nous sommes avec vous \u00bb","datePublished":"2021-07-14T00:00:00+00:00","dateModified":"2024-12-10T17:18:06+00:00","mainEntityOfPage":{"@id":"https:\/\/mwc-cmm.org\/fr\/stories\/we-are-with-you-4\/"},"wordCount":1036,"publisher":{"@id":"https:\/\/mwc-cmm.org\/en\/#organization"},"image":{"@id":"https:\/\/mwc-cmm.org\/fr\/stories\/we-are-with-you-4\/#primaryimage"},"thumbnailUrl":"https:\/\/mwc-cmm.org\/wp-content\/uploads\/2024\/11\/2015-quilting-rs52226-scaled.jpg","articleSection":["Non classifi\u00e9(e)"],"inLanguage":"fr-FR"},{"@type":"WebPage","@id":"https:\/\/mwc-cmm.org\/fr\/stories\/we-are-with-you-4\/","url":"https:\/\/mwc-cmm.org\/fr\/stories\/we-are-with-you-4\/","name":"\u00ab Nous sommes avec vous \u00bb - Mennonite World Conference","isPartOf":{"@id":"https:\/\/mwc-cmm.org\/en\/#website"},"primaryImageOfPage":{"@id":"https:\/\/mwc-cmm.org\/fr\/stories\/we-are-with-you-4\/#primaryimage"},"image":{"@id":"https:\/\/mwc-cmm.org\/fr\/stories\/we-are-with-you-4\/#primaryimage"},"thumbnailUrl":"https:\/\/mwc-cmm.org\/wp-content\/uploads\/2024\/11\/2015-quilting-rs52226-scaled.jpg","datePublished":"2021-07-14T00:00:00+00:00","dateModified":"2024-12-10T17:18:06+00:00","breadcrumb":{"@id":"https:\/\/mwc-cmm.org\/fr\/stories\/we-are-with-you-4\/#breadcrumb"},"inLanguage":"fr-FR","potentialAction":[{"@type":"ReadAction","target":["https:\/\/mwc-cmm.org\/fr\/stories\/we-are-with-you-4\/"]}]},{"@type":"ImageObject","inLanguage":"fr-FR","@id":"https:\/\/mwc-cmm.org\/fr\/stories\/we-are-with-you-4\/#primaryimage","url":"https:\/\/mwc-cmm.org\/wp-content\/uploads\/2024\/11\/2015-quilting-rs52226-scaled.jpg","contentUrl":"https:\/\/mwc-cmm.org\/wp-content\/uploads\/2024\/11\/2015-quilting-rs52226-scaled.jpg","width":2560,"height":1706},{"@type":"BreadcrumbList","@id":"https:\/\/mwc-cmm.org\/fr\/stories\/we-are-with-you-4\/#breadcrumb","itemListElement":[{"@type":"ListItem","position":1,"name":"Home","item":"https:\/\/mwc-cmm.org\/fr\/"},{"@type":"ListItem","position":2,"name":"\u00ab Nous sommes avec vous \u00bb"}]},{"@type":"WebSite","@id":"https:\/\/mwc-cmm.org\/en\/#website","url":"https:\/\/mwc-cmm.org\/en\/","name":"Mennonite World Conference","description":"A communion of Anabaptist-related churches","publisher":{"@id":"https:\/\/mwc-cmm.org\/en\/#organization"},"alternateName":"MWC","potentialAction":[{"@type":"SearchAction","target":{"@type":"EntryPoint","urlTemplate":"https:\/\/mwc-cmm.org\/en\/?s={search_term_string}"},"query-input":{"@type":"PropertyValueSpecification","valueRequired":true,"valueName":"search_term_string"}}],"inLanguage":"fr-FR"},{"@type":"Organization","@id":"https:\/\/mwc-cmm.org\/en\/#organization","name":"Mennonite World Conference","alternateName":"MWC","url":"https:\/\/mwc-cmm.org\/en\/","logo":{"@type":"ImageObject","inLanguage":"fr-FR","@id":"https:\/\/mwc-cmm.org\/en\/#\/schema\/logo\/image\/","url":"https:\/\/mwc-cmm.org\/wp-content\/uploads\/2026\/01\/MWC_Sig_Blue_Horiz_webheader1-logo.svg","contentUrl":"https:\/\/mwc-cmm.org\/wp-content\/uploads\/2026\/01\/MWC_Sig_Blue_Horiz_webheader1-logo.svg","width":786,"height":82,"caption":"Mennonite World Conference"},"image":{"@id":"https:\/\/mwc-cmm.org\/en\/#\/schema\/logo\/image\/"},"sameAs":["https:\/\/www.facebook.com\/MennoniteWorldConference","https:\/\/www.linkedin.com\/company\/mennonite-world-conference-mwc\/","https:\/\/www.instagram.com\/mwcmm\/","https:\/\/www.youtube.com\/user\/mwccmm","https:\/\/bsky.app\/profile\/mwcmm.bsky.social"]},{"@type":"Person","@id":"https:\/\/mwc-cmm.org\/en\/#\/schema\/person\/11f6ae0d7d1868ba20a1cc27f067c836","name":"mennworldcon","image":{"@type":"ImageObject","inLanguage":"fr-FR","@id":"https:\/\/secure.gravatar.com\/avatar\/06fdc0dc81c157dfdb82ec42f252178a22307808988d22c043f9eb96f1e0fe80?s=96&d=mm&r=g","url":"https:\/\/secure.gravatar.com\/avatar\/06fdc0dc81c157dfdb82ec42f252178a22307808988d22c043f9eb96f1e0fe80?s=96&d=mm&r=g","contentUrl":"https:\/\/secure.gravatar.com\/avatar\/06fdc0dc81c157dfdb82ec42f252178a22307808988d22c043f9eb96f1e0fe80?s=96&d=mm&r=g","caption":"mennworldcon"},"sameAs":["https:\/\/mwc-cmm.org"],"url":"https:\/\/mwc-cmm.org\/fr\/stories\/author\/mennworldcon\/"}]}},"_links":{"self":[{"href":"https:\/\/mwc-cmm.org\/fr\/wp-json\/wp\/v2\/posts\/10286","targetHints":{"allow":["GET"]}}],"collection":[{"href":"https:\/\/mwc-cmm.org\/fr\/wp-json\/wp\/v2\/posts"}],"about":[{"href":"https:\/\/mwc-cmm.org\/fr\/wp-json\/wp\/v2\/types\/post"}],"author":[{"embeddable":true,"href":"https:\/\/mwc-cmm.org\/fr\/wp-json\/wp\/v2\/users\/1"}],"replies":[{"embeddable":true,"href":"https:\/\/mwc-cmm.org\/fr\/wp-json\/wp\/v2\/comments?post=10286"}],"version-history":[{"count":0,"href":"https:\/\/mwc-cmm.org\/fr\/wp-json\/wp\/v2\/posts\/10286\/revisions"}],"wp:featuredmedia":[{"embeddable":true,"href":"https:\/\/mwc-cmm.org\/fr\/wp-json\/wp\/v2\/media\/93824"}],"wp:attachment":[{"href":"https:\/\/mwc-cmm.org\/fr\/wp-json\/wp\/v2\/media?parent=10286"}],"wp:term":[{"taxonomy":"category","embeddable":true,"href":"https:\/\/mwc-cmm.org\/fr\/wp-json\/wp\/v2\/categories?post=10286"},{"taxonomy":"post_tag","embeddable":true,"href":"https:\/\/mwc-cmm.org\/fr\/wp-json\/wp\/v2\/tags?post=10286"},{"taxonomy":"network","embeddable":true,"href":"https:\/\/mwc-cmm.org\/fr\/wp-json\/wp\/v2\/network?post=10286"},{"taxonomy":"eventcategory","embeddable":true,"href":"https:\/\/mwc-cmm.org\/fr\/wp-json\/wp\/v2\/eventcategory?post=10286"}],"curies":[{"name":"wp","href":"https:\/\/api.w.org\/{rel}","templated":true}]}}