{"id":10285,"date":"2021-07-09T00:00:00","date_gmt":"2021-07-09T00:00:00","guid":{"rendered":"https:\/\/mwc-cmm.org\/ministry-partner-update-icomb-july-2021-4\/"},"modified":"2024-12-10T17:18:05","modified_gmt":"2024-12-10T17:18:05","slug":"mise-a-jour-du-ministere-partenaire-icomb-d-juillet-2021","status":"publish","type":"post","link":"https:\/\/mwc-cmm.org\/fr\/stories\/mise-a-jour-du-ministere-partenaire-icomb-d-juillet-2021\/","title":{"rendered":"Mise \u00e0 jour du minist\u00e8re partenaire : ICOMB \u2013 Juillet 2021"},"content":{"rendered":"<p>Du 23 au 25 juin, les leaders de FM du monde entier, notre staff et nos invit\u00e9s sp\u00e9ciaux se sont r\u00e9unis lors de notre sommet en ligne pour fraterniser, prendre des d\u00e9cisions et partager comment Dieu travaille dans la famille mondiale de l&rsquo;ICOMB. Nous avons entendu des rapports de Conf\u00e9rences et des groupes d&rsquo;\u00e9glises \u00e9mergentes, Multiply et CMM, et d&rsquo;autres domaines de travail. Nous avons \u00e9largi la structure de l&rsquo;ICOMB, nous avons confirm\u00e9 des leaders pour la prochaine saison et nous terminons notre temps ensemble avec la Sainte-C\u00e8ne. Nous sommes reconnaissants d&rsquo;avoir pu le faire en ligne et sommes impatients de vous rencontrer en personne l&rsquo;ann\u00e9e prochaine.&nbsp;<\/p>\n<hr \/>\n<p>Ce sommet a \u00e9t\u00e9 un grand moment d&rsquo;inspiration. C&rsquo;\u00e9tait merveilleux de voir le corps diversifi\u00e9 du Christ uni et concentr\u00e9 sur J\u00e9sus et l&rsquo;\u00c9vangile ; Bien qu&rsquo;ils aient tous travers\u00e9 une ann\u00e9e intense de d\u00e9fis avec la pand\u00e9mie, ils semblaient tr\u00e8s encourag\u00e9s \u00e0 continuer avec la bonne nouvelle de J\u00e9sus-Christ. Les histoires de salut et de bapt\u00eames ont montr\u00e9 comment Dieu est mis\u00e9ricordieux et continue \u00e0 travailler. M\u00eame dans des moments difficiles comme celui-ci, Son salut continue d&rsquo;agir. Dieu est bon!<br \/>\n<em>\u2013Marques Mente (Portugal)<\/em><\/p>\n<hr \/>\n<p>Nous sommes heureux d&rsquo;annoncer le nouveau logo de l&rsquo;ICOMB, qui a \u00e9t\u00e9 d\u00e9voil\u00e9 lors de notre Sommet mondial. Notre pri\u00e8re est que cette nouvelle image nous inspire et nous repr\u00e9sente tous ensemble en tant que Famille mondiale. Nous sommes une communaut\u00e9 de personnes de diff\u00e9rents pays, nations, cultures et continents. Nous sommes unis par l&rsquo;\u0153uvre de salut du Christ et nous sommes guid\u00e9s par lui. Et la Parole \u00e9crite de Dieu est la base de notre compr\u00e9hension de Sa volont\u00e9 pour Son \u00e9glise et l&rsquo;humanit\u00e9.<\/p>\n<p>Pouvez-vous voir cela dans le logo?<\/p>\n<p><img decoding=\"async\" alt=\"ICOMB\" height=\"188\" data-src=\"https:\/\/mwc-cmm.org\/wp-content\/uploads\/2024\/10\/icomb_new_logo.png\" style=\"--smush-placeholder-width: 500px; --smush-placeholder-aspect-ratio: 500\/188;float:left\" width=\"500\" src=\"data:image\/svg+xml;base64,PHN2ZyB3aWR0aD0iMSIgaGVpZ2h0PSIxIiB4bWxucz0iaHR0cDovL3d3dy53My5vcmcvMjAwMC9zdmciPjwvc3ZnPg==\" class=\"lazyload\" \/><\/p>\n<p>&nbsp;<\/p>\n<hr \/>\n<p>&nbsp;<\/p>\n<h5>La International Community of Mennonite Brethren (ICOMB, ou Communaut\u00e9 internationale des Fr\u00e8res Mennonites) est form\u00e9e de 22 communaut\u00e9s d\u2019\u00e9glises dans 19 pays, avec approximativement 450 000 membres. ICOMB veut faciliter les relations entre les diff\u00e9rents minist\u00e8res, et am\u00e9liorer le t\u00e9moignage et le discipulat de ses communaut\u00e9s d\u2019\u00e9glises membres : connecter, renforcer, r\u00e9pandre.<\/h5>\n","protected":false},"excerpt":{"rendered":"<p>Du 23 au 25 juin, les leaders de FM du monde entier, notre staff et nos invit\u00e9s sp\u00e9ciaux se sont r\u00e9unis lors de notre sommet en ligne pour fraterniser, prendre des d\u00e9cisions et partager comment Dieu travaille dans la famille mondiale de l&rsquo;ICOMB. Nous avons entendu des rapports de Conf\u00e9rences et des groupes d&rsquo;\u00e9glises \u00e9mergentes, [&hellip;]<\/p>\n","protected":false},"author":1,"featured_media":93810,"comment_status":"closed","ping_status":"closed","sticky":false,"template":"","format":"standard","meta":{"_acf_changed":false,"footnotes":""},"categories":[7],"tags":[],"network":[],"eventcategory":[],"class_list":["post-10285","post","type-post","status-publish","format-standard","has-post-thumbnail","hentry","category-non-classifiee"],"acf":[],"yoast_head":"<!-- This site is optimized with the Yoast SEO plugin v27.2 - https:\/\/yoast.com\/product\/yoast-seo-wordpress\/ -->\n<title>Mise \u00e0 jour du minist\u00e8re partenaire : ICOMB \u2013 Juillet 2021 - Mennonite World Conference<\/title>\n<meta name=\"robots\" content=\"index, follow, max-snippet:-1, max-image-preview:large, max-video-preview:-1\" \/>\n<link rel=\"canonical\" href=\"https:\/\/mwc-cmm.org\/fr\/stories\/mise-a-jour-du-ministere-partenaire-icomb-d-juillet-2021\/\" \/>\n<meta property=\"og:locale\" content=\"fr_FR\" \/>\n<meta property=\"og:type\" content=\"article\" \/>\n<meta property=\"og:title\" content=\"Mise \u00e0 jour du minist\u00e8re partenaire : ICOMB \u2013 Juillet 2021 - Mennonite World Conference\" \/>\n<meta property=\"og:description\" content=\"Du 23 au 25 juin, les leaders de FM du monde entier, notre staff et nos invit\u00e9s sp\u00e9ciaux se sont r\u00e9unis lors de notre sommet en ligne pour fraterniser, prendre des d\u00e9cisions et partager comment Dieu travaille dans la famille mondiale de l&rsquo;ICOMB. Nous avons entendu des rapports de Conf\u00e9rences et des groupes d&rsquo;\u00e9glises \u00e9mergentes, [&hellip;]\" \/>\n<meta property=\"og:url\" content=\"https:\/\/mwc-cmm.org\/fr\/stories\/mise-a-jour-du-ministere-partenaire-icomb-d-juillet-2021\/\" \/>\n<meta property=\"og:site_name\" content=\"Mennonite World Conference\" \/>\n<meta property=\"article:publisher\" content=\"https:\/\/www.facebook.com\/MennoniteWorldConference\" \/>\n<meta property=\"article:published_time\" content=\"2021-07-09T00:00:00+00:00\" \/>\n<meta property=\"article:modified_time\" content=\"2024-12-10T17:18:05+00:00\" \/>\n<meta property=\"og:image\" content=\"https:\/\/mwc-cmm.org\/wp-content\/uploads\/2024\/11\/icomb_zoom.jpg\" \/>\n\t<meta property=\"og:image:width\" content=\"2111\" \/>\n\t<meta property=\"og:image:height\" content=\"1195\" \/>\n\t<meta property=\"og:image:type\" content=\"image\/jpeg\" \/>\n<meta name=\"author\" content=\"mennworldcon\" \/>\n<script type=\"application\/ld+json\" class=\"yoast-schema-graph\">{\"@context\":\"https:\/\/schema.org\",\"@graph\":[{\"@type\":\"Article\",\"@id\":\"https:\/\/mwc-cmm.org\/fr\/stories\/mise-a-jour-du-ministere-partenaire-icomb-d-juillet-2021\/#article\",\"isPartOf\":{\"@id\":\"https:\/\/mwc-cmm.org\/fr\/stories\/mise-a-jour-du-ministere-partenaire-icomb-d-juillet-2021\/\"},\"author\":{\"name\":\"mennworldcon\",\"@id\":\"https:\/\/mwc-cmm.org\/en\/#\/schema\/person\/11f6ae0d7d1868ba20a1cc27f067c836\"},\"headline\":\"Mise \u00e0 jour du minist\u00e8re partenaire : ICOMB \u2013 Juillet 2021\",\"datePublished\":\"2021-07-09T00:00:00+00:00\",\"dateModified\":\"2024-12-10T17:18:05+00:00\",\"mainEntityOfPage\":{\"@id\":\"https:\/\/mwc-cmm.org\/fr\/stories\/mise-a-jour-du-ministere-partenaire-icomb-d-juillet-2021\/\"},\"wordCount\":384,\"publisher\":{\"@id\":\"https:\/\/mwc-cmm.org\/en\/#organization\"},\"image\":{\"@id\":\"https:\/\/mwc-cmm.org\/fr\/stories\/mise-a-jour-du-ministere-partenaire-icomb-d-juillet-2021\/#primaryimage\"},\"thumbnailUrl\":\"https:\/\/mwc-cmm.org\/wp-content\/uploads\/2024\/11\/icomb_zoom.jpg\",\"articleSection\":[\"Non classifi\u00e9(e)\"],\"inLanguage\":\"fr-FR\"},{\"@type\":\"WebPage\",\"@id\":\"https:\/\/mwc-cmm.org\/fr\/stories\/mise-a-jour-du-ministere-partenaire-icomb-d-juillet-2021\/\",\"url\":\"https:\/\/mwc-cmm.org\/fr\/stories\/mise-a-jour-du-ministere-partenaire-icomb-d-juillet-2021\/\",\"name\":\"Mise \u00e0 jour du minist\u00e8re partenaire : ICOMB \u2013 Juillet 2021 - Mennonite World Conference\",\"isPartOf\":{\"@id\":\"https:\/\/mwc-cmm.org\/en\/#website\"},\"primaryImageOfPage\":{\"@id\":\"https:\/\/mwc-cmm.org\/fr\/stories\/mise-a-jour-du-ministere-partenaire-icomb-d-juillet-2021\/#primaryimage\"},\"image\":{\"@id\":\"https:\/\/mwc-cmm.org\/fr\/stories\/mise-a-jour-du-ministere-partenaire-icomb-d-juillet-2021\/#primaryimage\"},\"thumbnailUrl\":\"https:\/\/mwc-cmm.org\/wp-content\/uploads\/2024\/11\/icomb_zoom.jpg\",\"datePublished\":\"2021-07-09T00:00:00+00:00\",\"dateModified\":\"2024-12-10T17:18:05+00:00\",\"breadcrumb\":{\"@id\":\"https:\/\/mwc-cmm.org\/fr\/stories\/mise-a-jour-du-ministere-partenaire-icomb-d-juillet-2021\/#breadcrumb\"},\"inLanguage\":\"fr-FR\",\"potentialAction\":[{\"@type\":\"ReadAction\",\"target\":[\"https:\/\/mwc-cmm.org\/fr\/stories\/mise-a-jour-du-ministere-partenaire-icomb-d-juillet-2021\/\"]}]},{\"@type\":\"ImageObject\",\"inLanguage\":\"fr-FR\",\"@id\":\"https:\/\/mwc-cmm.org\/fr\/stories\/mise-a-jour-du-ministere-partenaire-icomb-d-juillet-2021\/#primaryimage\",\"url\":\"https:\/\/mwc-cmm.org\/wp-content\/uploads\/2024\/11\/icomb_zoom.jpg\",\"contentUrl\":\"https:\/\/mwc-cmm.org\/wp-content\/uploads\/2024\/11\/icomb_zoom.jpg\",\"width\":2111,\"height\":1195},{\"@type\":\"BreadcrumbList\",\"@id\":\"https:\/\/mwc-cmm.org\/fr\/stories\/mise-a-jour-du-ministere-partenaire-icomb-d-juillet-2021\/#breadcrumb\",\"itemListElement\":[{\"@type\":\"ListItem\",\"position\":1,\"name\":\"Home\",\"item\":\"https:\/\/mwc-cmm.org\/fr\/\"},{\"@type\":\"ListItem\",\"position\":2,\"name\":\"Mise \u00e0 jour du minist\u00e8re partenaire : ICOMB \u2013 Juillet 2021\"}]},{\"@type\":\"WebSite\",\"@id\":\"https:\/\/mwc-cmm.org\/en\/#website\",\"url\":\"https:\/\/mwc-cmm.org\/en\/\",\"name\":\"Mennonite World Conference\",\"description\":\"A communion of Anabaptist-related churches\",\"publisher\":{\"@id\":\"https:\/\/mwc-cmm.org\/en\/#organization\"},\"alternateName\":\"MWC\",\"potentialAction\":[{\"@type\":\"SearchAction\",\"target\":{\"@type\":\"EntryPoint\",\"urlTemplate\":\"https:\/\/mwc-cmm.org\/en\/?s={search_term_string}\"},\"query-input\":{\"@type\":\"PropertyValueSpecification\",\"valueRequired\":true,\"valueName\":\"search_term_string\"}}],\"inLanguage\":\"fr-FR\"},{\"@type\":\"Organization\",\"@id\":\"https:\/\/mwc-cmm.org\/en\/#organization\",\"name\":\"Mennonite World Conference\",\"alternateName\":\"MWC\",\"url\":\"https:\/\/mwc-cmm.org\/en\/\",\"logo\":{\"@type\":\"ImageObject\",\"inLanguage\":\"fr-FR\",\"@id\":\"https:\/\/mwc-cmm.org\/en\/#\/schema\/logo\/image\/\",\"url\":\"https:\/\/mwc-cmm.org\/wp-content\/uploads\/2026\/01\/MWC_Sig_Blue_Horiz_webheader1-logo.svg\",\"contentUrl\":\"https:\/\/mwc-cmm.org\/wp-content\/uploads\/2026\/01\/MWC_Sig_Blue_Horiz_webheader1-logo.svg\",\"width\":786,\"height\":82,\"caption\":\"Mennonite World Conference\"},\"image\":{\"@id\":\"https:\/\/mwc-cmm.org\/en\/#\/schema\/logo\/image\/\"},\"sameAs\":[\"https:\/\/www.facebook.com\/MennoniteWorldConference\",\"https:\/\/www.linkedin.com\/company\/mennonite-world-conference-mwc\/\",\"https:\/\/www.instagram.com\/mwcmm\/\",\"https:\/\/www.youtube.com\/user\/mwccmm\",\"https:\/\/bsky.app\/profile\/mwcmm.bsky.social\"]},{\"@type\":\"Person\",\"@id\":\"https:\/\/mwc-cmm.org\/en\/#\/schema\/person\/11f6ae0d7d1868ba20a1cc27f067c836\",\"name\":\"mennworldcon\",\"image\":{\"@type\":\"ImageObject\",\"inLanguage\":\"fr-FR\",\"@id\":\"https:\/\/secure.gravatar.com\/avatar\/06fdc0dc81c157dfdb82ec42f252178a22307808988d22c043f9eb96f1e0fe80?s=96&d=mm&r=g\",\"url\":\"https:\/\/secure.gravatar.com\/avatar\/06fdc0dc81c157dfdb82ec42f252178a22307808988d22c043f9eb96f1e0fe80?s=96&d=mm&r=g\",\"contentUrl\":\"https:\/\/secure.gravatar.com\/avatar\/06fdc0dc81c157dfdb82ec42f252178a22307808988d22c043f9eb96f1e0fe80?s=96&d=mm&r=g\",\"caption\":\"mennworldcon\"},\"sameAs\":[\"https:\/\/mwc-cmm.org\"],\"url\":\"https:\/\/mwc-cmm.org\/fr\/stories\/author\/mennworldcon\/\"}]}<\/script>\n<!-- \/ Yoast SEO plugin. -->","yoast_head_json":{"title":"Mise \u00e0 jour du minist\u00e8re partenaire : ICOMB \u2013 Juillet 2021 - Mennonite World Conference","robots":{"index":"index","follow":"follow","max-snippet":"max-snippet:-1","max-image-preview":"max-image-preview:large","max-video-preview":"max-video-preview:-1"},"canonical":"https:\/\/mwc-cmm.org\/fr\/stories\/mise-a-jour-du-ministere-partenaire-icomb-d-juillet-2021\/","og_locale":"fr_FR","og_type":"article","og_title":"Mise \u00e0 jour du minist\u00e8re partenaire : ICOMB \u2013 Juillet 2021 - Mennonite World Conference","og_description":"Du 23 au 25 juin, les leaders de FM du monde entier, notre staff et nos invit\u00e9s sp\u00e9ciaux se sont r\u00e9unis lors de notre sommet en ligne pour fraterniser, prendre des d\u00e9cisions et partager comment Dieu travaille dans la famille mondiale de l&rsquo;ICOMB. Nous avons entendu des rapports de Conf\u00e9rences et des groupes d&rsquo;\u00e9glises \u00e9mergentes, [&hellip;]","og_url":"https:\/\/mwc-cmm.org\/fr\/stories\/mise-a-jour-du-ministere-partenaire-icomb-d-juillet-2021\/","og_site_name":"Mennonite World Conference","article_publisher":"https:\/\/www.facebook.com\/MennoniteWorldConference","article_published_time":"2021-07-09T00:00:00+00:00","article_modified_time":"2024-12-10T17:18:05+00:00","og_image":[{"width":2111,"height":1195,"url":"https:\/\/mwc-cmm.org\/wp-content\/uploads\/2024\/11\/icomb_zoom.jpg","type":"image\/jpeg"}],"author":"mennworldcon","schema":{"@context":"https:\/\/schema.org","@graph":[{"@type":"Article","@id":"https:\/\/mwc-cmm.org\/fr\/stories\/mise-a-jour-du-ministere-partenaire-icomb-d-juillet-2021\/#article","isPartOf":{"@id":"https:\/\/mwc-cmm.org\/fr\/stories\/mise-a-jour-du-ministere-partenaire-icomb-d-juillet-2021\/"},"author":{"name":"mennworldcon","@id":"https:\/\/mwc-cmm.org\/en\/#\/schema\/person\/11f6ae0d7d1868ba20a1cc27f067c836"},"headline":"Mise \u00e0 jour du minist\u00e8re partenaire : ICOMB \u2013 Juillet 2021","datePublished":"2021-07-09T00:00:00+00:00","dateModified":"2024-12-10T17:18:05+00:00","mainEntityOfPage":{"@id":"https:\/\/mwc-cmm.org\/fr\/stories\/mise-a-jour-du-ministere-partenaire-icomb-d-juillet-2021\/"},"wordCount":384,"publisher":{"@id":"https:\/\/mwc-cmm.org\/en\/#organization"},"image":{"@id":"https:\/\/mwc-cmm.org\/fr\/stories\/mise-a-jour-du-ministere-partenaire-icomb-d-juillet-2021\/#primaryimage"},"thumbnailUrl":"https:\/\/mwc-cmm.org\/wp-content\/uploads\/2024\/11\/icomb_zoom.jpg","articleSection":["Non classifi\u00e9(e)"],"inLanguage":"fr-FR"},{"@type":"WebPage","@id":"https:\/\/mwc-cmm.org\/fr\/stories\/mise-a-jour-du-ministere-partenaire-icomb-d-juillet-2021\/","url":"https:\/\/mwc-cmm.org\/fr\/stories\/mise-a-jour-du-ministere-partenaire-icomb-d-juillet-2021\/","name":"Mise \u00e0 jour du minist\u00e8re partenaire : ICOMB \u2013 Juillet 2021 - Mennonite World Conference","isPartOf":{"@id":"https:\/\/mwc-cmm.org\/en\/#website"},"primaryImageOfPage":{"@id":"https:\/\/mwc-cmm.org\/fr\/stories\/mise-a-jour-du-ministere-partenaire-icomb-d-juillet-2021\/#primaryimage"},"image":{"@id":"https:\/\/mwc-cmm.org\/fr\/stories\/mise-a-jour-du-ministere-partenaire-icomb-d-juillet-2021\/#primaryimage"},"thumbnailUrl":"https:\/\/mwc-cmm.org\/wp-content\/uploads\/2024\/11\/icomb_zoom.jpg","datePublished":"2021-07-09T00:00:00+00:00","dateModified":"2024-12-10T17:18:05+00:00","breadcrumb":{"@id":"https:\/\/mwc-cmm.org\/fr\/stories\/mise-a-jour-du-ministere-partenaire-icomb-d-juillet-2021\/#breadcrumb"},"inLanguage":"fr-FR","potentialAction":[{"@type":"ReadAction","target":["https:\/\/mwc-cmm.org\/fr\/stories\/mise-a-jour-du-ministere-partenaire-icomb-d-juillet-2021\/"]}]},{"@type":"ImageObject","inLanguage":"fr-FR","@id":"https:\/\/mwc-cmm.org\/fr\/stories\/mise-a-jour-du-ministere-partenaire-icomb-d-juillet-2021\/#primaryimage","url":"https:\/\/mwc-cmm.org\/wp-content\/uploads\/2024\/11\/icomb_zoom.jpg","contentUrl":"https:\/\/mwc-cmm.org\/wp-content\/uploads\/2024\/11\/icomb_zoom.jpg","width":2111,"height":1195},{"@type":"BreadcrumbList","@id":"https:\/\/mwc-cmm.org\/fr\/stories\/mise-a-jour-du-ministere-partenaire-icomb-d-juillet-2021\/#breadcrumb","itemListElement":[{"@type":"ListItem","position":1,"name":"Home","item":"https:\/\/mwc-cmm.org\/fr\/"},{"@type":"ListItem","position":2,"name":"Mise \u00e0 jour du minist\u00e8re partenaire : ICOMB \u2013 Juillet 2021"}]},{"@type":"WebSite","@id":"https:\/\/mwc-cmm.org\/en\/#website","url":"https:\/\/mwc-cmm.org\/en\/","name":"Mennonite World Conference","description":"A communion of Anabaptist-related churches","publisher":{"@id":"https:\/\/mwc-cmm.org\/en\/#organization"},"alternateName":"MWC","potentialAction":[{"@type":"SearchAction","target":{"@type":"EntryPoint","urlTemplate":"https:\/\/mwc-cmm.org\/en\/?s={search_term_string}"},"query-input":{"@type":"PropertyValueSpecification","valueRequired":true,"valueName":"search_term_string"}}],"inLanguage":"fr-FR"},{"@type":"Organization","@id":"https:\/\/mwc-cmm.org\/en\/#organization","name":"Mennonite World Conference","alternateName":"MWC","url":"https:\/\/mwc-cmm.org\/en\/","logo":{"@type":"ImageObject","inLanguage":"fr-FR","@id":"https:\/\/mwc-cmm.org\/en\/#\/schema\/logo\/image\/","url":"https:\/\/mwc-cmm.org\/wp-content\/uploads\/2026\/01\/MWC_Sig_Blue_Horiz_webheader1-logo.svg","contentUrl":"https:\/\/mwc-cmm.org\/wp-content\/uploads\/2026\/01\/MWC_Sig_Blue_Horiz_webheader1-logo.svg","width":786,"height":82,"caption":"Mennonite World Conference"},"image":{"@id":"https:\/\/mwc-cmm.org\/en\/#\/schema\/logo\/image\/"},"sameAs":["https:\/\/www.facebook.com\/MennoniteWorldConference","https:\/\/www.linkedin.com\/company\/mennonite-world-conference-mwc\/","https:\/\/www.instagram.com\/mwcmm\/","https:\/\/www.youtube.com\/user\/mwccmm","https:\/\/bsky.app\/profile\/mwcmm.bsky.social"]},{"@type":"Person","@id":"https:\/\/mwc-cmm.org\/en\/#\/schema\/person\/11f6ae0d7d1868ba20a1cc27f067c836","name":"mennworldcon","image":{"@type":"ImageObject","inLanguage":"fr-FR","@id":"https:\/\/secure.gravatar.com\/avatar\/06fdc0dc81c157dfdb82ec42f252178a22307808988d22c043f9eb96f1e0fe80?s=96&d=mm&r=g","url":"https:\/\/secure.gravatar.com\/avatar\/06fdc0dc81c157dfdb82ec42f252178a22307808988d22c043f9eb96f1e0fe80?s=96&d=mm&r=g","contentUrl":"https:\/\/secure.gravatar.com\/avatar\/06fdc0dc81c157dfdb82ec42f252178a22307808988d22c043f9eb96f1e0fe80?s=96&d=mm&r=g","caption":"mennworldcon"},"sameAs":["https:\/\/mwc-cmm.org"],"url":"https:\/\/mwc-cmm.org\/fr\/stories\/author\/mennworldcon\/"}]}},"_links":{"self":[{"href":"https:\/\/mwc-cmm.org\/fr\/wp-json\/wp\/v2\/posts\/10285","targetHints":{"allow":["GET"]}}],"collection":[{"href":"https:\/\/mwc-cmm.org\/fr\/wp-json\/wp\/v2\/posts"}],"about":[{"href":"https:\/\/mwc-cmm.org\/fr\/wp-json\/wp\/v2\/types\/post"}],"author":[{"embeddable":true,"href":"https:\/\/mwc-cmm.org\/fr\/wp-json\/wp\/v2\/users\/1"}],"replies":[{"embeddable":true,"href":"https:\/\/mwc-cmm.org\/fr\/wp-json\/wp\/v2\/comments?post=10285"}],"version-history":[{"count":0,"href":"https:\/\/mwc-cmm.org\/fr\/wp-json\/wp\/v2\/posts\/10285\/revisions"}],"wp:featuredmedia":[{"embeddable":true,"href":"https:\/\/mwc-cmm.org\/fr\/wp-json\/wp\/v2\/media\/93810"}],"wp:attachment":[{"href":"https:\/\/mwc-cmm.org\/fr\/wp-json\/wp\/v2\/media?parent=10285"}],"wp:term":[{"taxonomy":"category","embeddable":true,"href":"https:\/\/mwc-cmm.org\/fr\/wp-json\/wp\/v2\/categories?post=10285"},{"taxonomy":"post_tag","embeddable":true,"href":"https:\/\/mwc-cmm.org\/fr\/wp-json\/wp\/v2\/tags?post=10285"},{"taxonomy":"network","embeddable":true,"href":"https:\/\/mwc-cmm.org\/fr\/wp-json\/wp\/v2\/network?post=10285"},{"taxonomy":"eventcategory","embeddable":true,"href":"https:\/\/mwc-cmm.org\/fr\/wp-json\/wp\/v2\/eventcategory?post=10285"}],"curies":[{"name":"wp","href":"https:\/\/api.w.org\/{rel}","templated":true}]}}