{"id":10284,"date":"2021-07-02T00:00:00","date_gmt":"2021-07-02T00:00:00","guid":{"rendered":"https:\/\/mwc-cmm.org\/is-church-online-for-good-4\/"},"modified":"2024-12-10T17:18:05","modified_gmt":"2024-12-10T17:18:05","slug":"leglise-en-ligne-pour-de-bon","status":"publish","type":"post","link":"https:\/\/mwc-cmm.org\/fr\/stories\/leglise-en-ligne-pour-de-bon\/","title":{"rendered":"L\u2019\u00c9glise en ligne\u2026 pour de bon ?"},"content":{"rendered":"<p>\u00ab&nbsp;Nous traversons tous la m\u00eame temp\u00eate, mais nous ne sommes pas tous dans le m\u00eame bateau. Le contexte change tout.&nbsp;\u00bb&nbsp;<\/p>\n<p>Ces paroles, prononc\u00e9es par un pasteur nord-am\u00e9ricain, font \u00e9tat des diff\u00e9rentes r\u00e9ponses \u00e0 la pand\u00e9mie de COVID-19. De nombreuses \u00e9glises au Canada et aux \u00c9tats-Unis subissent encore des restrictions sanitaires pour les r\u00e9unions en personnes, tandis que d\u2019autres ont le feu vert pour se r\u00e9unir de nouveau en toute s\u00e9curit\u00e9.&nbsp;<\/p>\n<p>On reconna\u00eet \u00e9galement, de fa\u00e7on g\u00e9n\u00e9rale, que les Nord-Am\u00e9ricains ont re\u00e7u un pourcentage disproportionn\u00e9 de l\u2019approvisionnement mondial en vaccins, ce qui laisse beaucoup de gens soulever la question de l\u2019injustice li\u00e9e \u00e0 nos privil\u00e8ges et \u00e0 notre richesse et aux libert\u00e9s qui en d\u00e9coulent.&nbsp;<\/p>\n<h3>La communication en constante \u00e9volution<\/h3>\n<p>En mars&nbsp;2020, le Canada et les \u00c9tats-Unis ont mis en place des proc\u00e9dures de confinement. Les rassemblements publics, y compris ceux \u00e0 l\u2019\u00e9glise, ont \u00e9t\u00e9 interrompus. Les \u00e9glises se sont empress\u00e9es d\u2019offrir les cultes en ligne. Les pasteurs travaillaient de la maison, plusieurs se d\u00e9menant pour ma\u00eetriser des outils de communication en constante \u00e9volution.&nbsp;<\/p>\n<p>Les dirigeants des unions d\u2019\u00e9glises et leur personnel ont travaill\u00e9 fort pour soutenir les \u00e9glises locales en leur fournissant des ressources pour la vid\u00e9o et les m\u00e9dias sociaux. Les \u00e9glises locales ont fait preuve de cr\u00e9ativit\u00e9 en communiquant avec les gens par t\u00e9l\u00e9phone, par des r\u00e9seaux en ligne et des \u00e9changes sur le perron d\u2019\u00e9glise virtuel&nbsp;\u2013&nbsp;tous des contacts respectant la distanciation sociale. Nous avons \u00e9galement \u00e9t\u00e9 plus en relation avec la communion mondiale des \u00e9glises gr\u00e2ce \u00e0 des communiqu\u00e9s de presse plus fr\u00e9quents et des communications en ligne.<\/p>\n<p>\u00ab&nbsp;En g\u00e9n\u00e9ral, nous dirigeons d\u2019apr\u00e8s notre exp\u00e9rience, mais aucun d\u2019entre nous n\u2019a d\u00e9j\u00e0 \u00e9t\u00e9 dans cette situation, alors nous inventons au fur et \u00e0 mesure&nbsp;\u00bb, dit un pasteur. \u00ab&nbsp;Nous sommes devenus profond\u00e9ment d\u00e9pendants de l\u2019Esprit Saint pour savoir comment diriger et enseigner la communaut\u00e9 eccl\u00e9siale.&nbsp;\u00bb<\/p>\n<h3>\u00catre pr\u00e9sent en ligne, une n\u00e9cessit\u00e9<\/h3>\n<p>La pr\u00e9sence en ligne est devenue plus qu\u2019une commodit\u00e9. Certains l\u2019ont d\u00e9crite comme une n\u00e9cessit\u00e9 sociale et spirituelle pour \u00e9tablir des liens, en particulier pour ceux et celles qui sont isol\u00e9s socialement, handicap\u00e9s physiquement, diminu\u00e9s \u00e9motionnellement et appauvris financi\u00e8rement.&nbsp;<\/p>\n<p>En plus d\u2019apporter une forme de fraternit\u00e9, les connexions \u00e9lectroniques s\u2019attaquent au probl\u00e8me de l\u2019accessibilit\u00e9, notamment l\u2019inaccessibilit\u00e9 en raison de l\u2019\u00e2ge, de la sant\u00e9 et de la mobilit\u00e9. Nombreuses sont les personnes qui ont \u00e9t\u00e9 rel\u00e9gu\u00e9es en marge de la vie sociale et qui peuvent d\u00e9sormais participer l\u00e0 o\u00f9 elles \u00e9taient auparavant exclues.&nbsp;&nbsp;&nbsp;<\/p>\n<p>En r\u00e9ponse \u00e0 cette situation, certaines \u00e9glises ont fourni \u00e0 leurs membres un acc\u00e8s \u00e0 l\u2019Internet et des dispositifs permettant d\u2019\u00e9tablir des liens avec les familles et avec l\u2019ensemble de la communaut\u00e9.&nbsp;<\/p>\n<p>Les pasteurs signalent que la majorit\u00e9 des participants \u00e0 l\u2019\u00e9glise virtuelle sont des adultes plus \u00e2g\u00e9s. Les responsables d\u2019\u00e9glise d\u00e9couvrent \u00e9galement que l\u2019auditoire plus jeune ne se connecte pas. Il ne participe pas aux rassemblements en ligne comme on l\u2019avait pr\u00e9vu.&nbsp;<\/p>\n<h3>Quand nous nous r\u00e9unirons \u00e0 nouveau<\/h3>\n<p>Au d\u00e9but de la pand\u00e9mie, les gens attendaient impatiemment le moment o\u00f9 nous pourrions nous r\u00e9unir \u00e0 nouveau. Plus d\u2019un an plus tard, il existe de l\u2019h\u00e9sitation, de la peur, de la prudence et de la retenue. Les fid\u00e8les sont lents \u00e0 rejoindre les r\u00e9unions de groupe.<\/p>\n<p>La saison de la pand\u00e9mie a \u00e9t\u00e9 suffisamment longue pour que les gens \u00e9tablissent de nouveaux mod\u00e8les de vie et cr\u00e9ent de nouvelles habitudes.&nbsp;<\/p>\n<ul>\n<li>Ce mod\u00e8le hybride de rencontres en ligne et en personne est-il l\u00e0 pour de bon&nbsp;?<\/li>\n<li>Les jeunes familles et les adultes \u00e9mergents reviendront-ils&nbsp;?&nbsp;\u2013&nbsp; avec ou sans option en ligne&nbsp;?&nbsp;<\/li>\n<li>Plus important encore&nbsp;: comment les gens pratiqueront-ils leur foi chr\u00e9tienne en p\u00e9riode postpand\u00e9mique&nbsp;?&nbsp;<\/li>\n<\/ul>\n<p>Les mod\u00e8les hybrides seront peut-\u00eatre la voie de l\u2019avenir. Les options en ligne offrent la possibilit\u00e9 de faire participer ceux et celles qui sont autrement physiquement isol\u00e9s de la communaut\u00e9. Une fa\u00e7on de se connecter avec l\u2019\u00c9glise mondiale est d\u2019inviter un conf\u00e9rencier de la CMM \u00e0 \u00eatre virtuellement pr\u00e9sent avec votre \u00e9glise.<\/p>\n<table style=\"width:300px\">\n<tbody>\n<tr>\n<td>\n<h3>Voir <a href=\"\/node\/3918\">liste des conf\u00e9renciers-conf\u00e9renci\u00e8res<\/a><\/h3>\n<\/td>\n<\/tr>\n<\/tbody>\n<\/table>\n<p>Les connexions mondiales nous fournissent des nouvelles de nos s\u0153urs et fr\u00e8res du monde entier, afin que nous puissions offrir des pri\u00e8res d\u2019intercession \u00e9clair\u00e9es et r\u00e9pondre aux besoins des autres en temps voulu. La CMM a r\u00e9pondu \u00e0 la pand\u00e9mie par des \u00e9v\u00e9nements en ligne tels que des <a href=\"\/fr\/node\/3720\">rencontres de pri\u00e8re, des <\/a><a href=\"https:\/\/mwc-cmm.org\/node\/3973\">webinaires<\/a> et des <a href=\"https:\/\/youtube.com\/playlist?list=PLrO98PUzjOB2OI2f16qF14iWZej1DCeBw\">vid\u00e9os<\/a> sur notre cha\u00eene YouTube.&nbsp;<\/p>\n<p>\u00ab&nbsp;L\u2019\u00c9glise virtuelle&nbsp;\u00bb ne suffit pas, dit un autre pasteur. \u00ab&nbsp;Nous avons besoin d\u2019une pr\u00e9sence incarn\u00e9e. Nous devons vivre publiquement l\u2019\u00c9vangile de J\u00e9sus-Christ avec nos fr\u00e8res et s\u0153urs du monde entier.&nbsp;\u00bb&nbsp;<\/p>\n<p>Ensemble, nous demeurons l\u2019\u00c9glise de J\u00e9sus-Christ&nbsp;\u2013&nbsp;r\u00e9unie et dispers\u00e9e. Merci \u00e0 Dieu.&nbsp;<\/p>\n<div><em>\u2014Gerald Hildebrand est le repr\u00e9sentant r\u00e9gional de la CMM pour l\u2019Am\u00e9rique du Nord. Il vit \u00e0 Winnipeg au Manitoba (Canada) o\u00f9 il est membre de l\u2019\u00c9glise River East, une \u00e9glise des fr\u00e8res mennonites.&nbsp;<\/em><\/div>\n","protected":false},"excerpt":{"rendered":"<p>\u00ab&nbsp;Nous traversons tous la m\u00eame temp\u00eate, mais nous ne sommes pas tous dans le m\u00eame bateau. Le contexte change tout.&nbsp;\u00bb&nbsp; Ces paroles, prononc\u00e9es par un pasteur nord-am\u00e9ricain, font \u00e9tat des diff\u00e9rentes r\u00e9ponses \u00e0 la pand\u00e9mie de COVID-19. De nombreuses \u00e9glises au Canada et aux \u00c9tats-Unis subissent encore des restrictions sanitaires pour les r\u00e9unions en personnes, [&hellip;]<\/p>\n","protected":false},"author":1,"featured_media":93796,"comment_status":"closed","ping_status":"closed","sticky":false,"template":"","format":"standard","meta":{"_acf_changed":false,"footnotes":""},"categories":[7],"tags":[],"network":[],"eventcategory":[],"class_list":["post-10284","post","type-post","status-publish","format-standard","has-post-thumbnail","hentry","category-non-classifiee"],"acf":[],"yoast_head":"<!-- This site is optimized with the Yoast SEO plugin v27.2 - https:\/\/yoast.com\/product\/yoast-seo-wordpress\/ -->\n<title>L\u2019\u00c9glise en ligne\u2026 pour de bon ? - Mennonite World Conference<\/title>\n<meta name=\"robots\" content=\"index, follow, max-snippet:-1, max-image-preview:large, max-video-preview:-1\" \/>\n<link rel=\"canonical\" href=\"https:\/\/mwc-cmm.org\/en\/stories\/is-church-online-for-good-2\/\" \/>\n<meta property=\"og:locale\" content=\"fr_FR\" \/>\n<meta property=\"og:type\" content=\"article\" \/>\n<meta property=\"og:title\" content=\"L\u2019\u00c9glise en ligne\u2026 pour de bon ? - Mennonite World Conference\" \/>\n<meta property=\"og:description\" content=\"\u00ab&nbsp;Nous traversons tous la m\u00eame temp\u00eate, mais nous ne sommes pas tous dans le m\u00eame bateau. Le contexte change tout.&nbsp;\u00bb&nbsp; Ces paroles, prononc\u00e9es par un pasteur nord-am\u00e9ricain, font \u00e9tat des diff\u00e9rentes r\u00e9ponses \u00e0 la pand\u00e9mie de COVID-19. De nombreuses \u00e9glises au Canada et aux \u00c9tats-Unis subissent encore des restrictions sanitaires pour les r\u00e9unions en personnes, [&hellip;]\" \/>\n<meta property=\"og:url\" content=\"https:\/\/mwc-cmm.org\/en\/stories\/is-church-online-for-good-2\/\" \/>\n<meta property=\"og:site_name\" content=\"Mennonite World Conference\" \/>\n<meta property=\"article:publisher\" content=\"https:\/\/www.facebook.com\/MennoniteWorldConference\" \/>\n<meta property=\"article:published_time\" content=\"2021-07-02T00:00:00+00:00\" \/>\n<meta property=\"article:modified_time\" content=\"2024-12-10T17:18:05+00:00\" \/>\n<meta property=\"og:image\" content=\"https:\/\/mwc-cmm.org\/wp-content\/uploads\/2024\/11\/202102_alfred_lozano_aran_c60d9106-4c94-429b-a957-4de2fb427be4.jpeg\" \/>\n\t<meta property=\"og:image:width\" content=\"818\" \/>\n\t<meta property=\"og:image:height\" content=\"900\" \/>\n\t<meta property=\"og:image:type\" content=\"image\/jpeg\" \/>\n<meta name=\"author\" content=\"mennworldcon\" \/>\n<script type=\"application\/ld+json\" class=\"yoast-schema-graph\">{\"@context\":\"https:\/\/schema.org\",\"@graph\":[{\"@type\":\"Article\",\"@id\":\"https:\/\/mwc-cmm.org\/en\/stories\/is-church-online-for-good-2\/#article\",\"isPartOf\":{\"@id\":\"https:\/\/mwc-cmm.org\/en\/stories\/is-church-online-for-good-2\/\"},\"author\":{\"name\":\"mennworldcon\",\"@id\":\"https:\/\/mwc-cmm.org\/en\/#\/schema\/person\/11f6ae0d7d1868ba20a1cc27f067c836\"},\"headline\":\"L\u2019\u00c9glise en ligne\u2026 pour de bon ?\",\"datePublished\":\"2021-07-02T00:00:00+00:00\",\"dateModified\":\"2024-12-10T17:18:05+00:00\",\"mainEntityOfPage\":{\"@id\":\"https:\/\/mwc-cmm.org\/en\/stories\/is-church-online-for-good-2\/\"},\"wordCount\":960,\"publisher\":{\"@id\":\"https:\/\/mwc-cmm.org\/en\/#organization\"},\"image\":{\"@id\":\"https:\/\/mwc-cmm.org\/en\/stories\/is-church-online-for-good-2\/#primaryimage\"},\"thumbnailUrl\":\"https:\/\/mwc-cmm.org\/wp-content\/uploads\/2024\/11\/202102_alfred_lozano_aran_c60d9106-4c94-429b-a957-4de2fb427be4.jpeg\",\"articleSection\":[\"Non classifi\u00e9(e)\"],\"inLanguage\":\"fr-FR\"},{\"@type\":\"WebPage\",\"@id\":\"https:\/\/mwc-cmm.org\/en\/stories\/is-church-online-for-good-2\/\",\"url\":\"https:\/\/mwc-cmm.org\/en\/stories\/is-church-online-for-good-2\/\",\"name\":\"L\u2019\u00c9glise en ligne\u2026 pour de bon ? - Mennonite World Conference\",\"isPartOf\":{\"@id\":\"https:\/\/mwc-cmm.org\/en\/#website\"},\"primaryImageOfPage\":{\"@id\":\"https:\/\/mwc-cmm.org\/en\/stories\/is-church-online-for-good-2\/#primaryimage\"},\"image\":{\"@id\":\"https:\/\/mwc-cmm.org\/en\/stories\/is-church-online-for-good-2\/#primaryimage\"},\"thumbnailUrl\":\"https:\/\/mwc-cmm.org\/wp-content\/uploads\/2024\/11\/202102_alfred_lozano_aran_c60d9106-4c94-429b-a957-4de2fb427be4.jpeg\",\"datePublished\":\"2021-07-02T00:00:00+00:00\",\"dateModified\":\"2024-12-10T17:18:05+00:00\",\"breadcrumb\":{\"@id\":\"https:\/\/mwc-cmm.org\/en\/stories\/is-church-online-for-good-2\/#breadcrumb\"},\"inLanguage\":\"fr-FR\",\"potentialAction\":[{\"@type\":\"ReadAction\",\"target\":[\"https:\/\/mwc-cmm.org\/en\/stories\/is-church-online-for-good-2\/\"]}]},{\"@type\":\"ImageObject\",\"inLanguage\":\"fr-FR\",\"@id\":\"https:\/\/mwc-cmm.org\/en\/stories\/is-church-online-for-good-2\/#primaryimage\",\"url\":\"https:\/\/mwc-cmm.org\/wp-content\/uploads\/2024\/11\/202102_alfred_lozano_aran_c60d9106-4c94-429b-a957-4de2fb427be4.jpeg\",\"contentUrl\":\"https:\/\/mwc-cmm.org\/wp-content\/uploads\/2024\/11\/202102_alfred_lozano_aran_c60d9106-4c94-429b-a957-4de2fb427be4.jpeg\",\"width\":818,\"height\":900},{\"@type\":\"BreadcrumbList\",\"@id\":\"https:\/\/mwc-cmm.org\/en\/stories\/is-church-online-for-good-2\/#breadcrumb\",\"itemListElement\":[{\"@type\":\"ListItem\",\"position\":1,\"name\":\"Home\",\"item\":\"https:\/\/mwc-cmm.org\/fr\/\"},{\"@type\":\"ListItem\",\"position\":2,\"name\":\"L\u2019\u00c9glise en ligne\u2026 pour de bon ?\"}]},{\"@type\":\"WebSite\",\"@id\":\"https:\/\/mwc-cmm.org\/en\/#website\",\"url\":\"https:\/\/mwc-cmm.org\/en\/\",\"name\":\"Mennonite World Conference\",\"description\":\"A communion of Anabaptist-related churches\",\"publisher\":{\"@id\":\"https:\/\/mwc-cmm.org\/en\/#organization\"},\"alternateName\":\"MWC\",\"potentialAction\":[{\"@type\":\"SearchAction\",\"target\":{\"@type\":\"EntryPoint\",\"urlTemplate\":\"https:\/\/mwc-cmm.org\/en\/?s={search_term_string}\"},\"query-input\":{\"@type\":\"PropertyValueSpecification\",\"valueRequired\":true,\"valueName\":\"search_term_string\"}}],\"inLanguage\":\"fr-FR\"},{\"@type\":\"Organization\",\"@id\":\"https:\/\/mwc-cmm.org\/en\/#organization\",\"name\":\"Mennonite World Conference\",\"alternateName\":\"MWC\",\"url\":\"https:\/\/mwc-cmm.org\/en\/\",\"logo\":{\"@type\":\"ImageObject\",\"inLanguage\":\"fr-FR\",\"@id\":\"https:\/\/mwc-cmm.org\/en\/#\/schema\/logo\/image\/\",\"url\":\"https:\/\/mwc-cmm.org\/wp-content\/uploads\/2026\/01\/MWC_Sig_Blue_Horiz_webheader1-logo.svg\",\"contentUrl\":\"https:\/\/mwc-cmm.org\/wp-content\/uploads\/2026\/01\/MWC_Sig_Blue_Horiz_webheader1-logo.svg\",\"width\":786,\"height\":82,\"caption\":\"Mennonite World Conference\"},\"image\":{\"@id\":\"https:\/\/mwc-cmm.org\/en\/#\/schema\/logo\/image\/\"},\"sameAs\":[\"https:\/\/www.facebook.com\/MennoniteWorldConference\",\"https:\/\/www.linkedin.com\/company\/mennonite-world-conference-mwc\/\",\"https:\/\/www.instagram.com\/mwcmm\/\",\"https:\/\/www.youtube.com\/user\/mwccmm\",\"https:\/\/bsky.app\/profile\/mwcmm.bsky.social\"]},{\"@type\":\"Person\",\"@id\":\"https:\/\/mwc-cmm.org\/en\/#\/schema\/person\/11f6ae0d7d1868ba20a1cc27f067c836\",\"name\":\"mennworldcon\",\"image\":{\"@type\":\"ImageObject\",\"inLanguage\":\"fr-FR\",\"@id\":\"https:\/\/secure.gravatar.com\/avatar\/06fdc0dc81c157dfdb82ec42f252178a22307808988d22c043f9eb96f1e0fe80?s=96&d=mm&r=g\",\"url\":\"https:\/\/secure.gravatar.com\/avatar\/06fdc0dc81c157dfdb82ec42f252178a22307808988d22c043f9eb96f1e0fe80?s=96&d=mm&r=g\",\"contentUrl\":\"https:\/\/secure.gravatar.com\/avatar\/06fdc0dc81c157dfdb82ec42f252178a22307808988d22c043f9eb96f1e0fe80?s=96&d=mm&r=g\",\"caption\":\"mennworldcon\"},\"sameAs\":[\"https:\/\/mwc-cmm.org\"],\"url\":\"https:\/\/mwc-cmm.org\/fr\/stories\/author\/mennworldcon\/\"}]}<\/script>\n<!-- \/ Yoast SEO plugin. -->","yoast_head_json":{"title":"L\u2019\u00c9glise en ligne\u2026 pour de bon ? - Mennonite World Conference","robots":{"index":"index","follow":"follow","max-snippet":"max-snippet:-1","max-image-preview":"max-image-preview:large","max-video-preview":"max-video-preview:-1"},"canonical":"https:\/\/mwc-cmm.org\/en\/stories\/is-church-online-for-good-2\/","og_locale":"fr_FR","og_type":"article","og_title":"L\u2019\u00c9glise en ligne\u2026 pour de bon ? - Mennonite World Conference","og_description":"\u00ab&nbsp;Nous traversons tous la m\u00eame temp\u00eate, mais nous ne sommes pas tous dans le m\u00eame bateau. Le contexte change tout.&nbsp;\u00bb&nbsp; Ces paroles, prononc\u00e9es par un pasteur nord-am\u00e9ricain, font \u00e9tat des diff\u00e9rentes r\u00e9ponses \u00e0 la pand\u00e9mie de COVID-19. De nombreuses \u00e9glises au Canada et aux \u00c9tats-Unis subissent encore des restrictions sanitaires pour les r\u00e9unions en personnes, [&hellip;]","og_url":"https:\/\/mwc-cmm.org\/en\/stories\/is-church-online-for-good-2\/","og_site_name":"Mennonite World Conference","article_publisher":"https:\/\/www.facebook.com\/MennoniteWorldConference","article_published_time":"2021-07-02T00:00:00+00:00","article_modified_time":"2024-12-10T17:18:05+00:00","og_image":[{"width":818,"height":900,"url":"https:\/\/mwc-cmm.org\/wp-content\/uploads\/2024\/11\/202102_alfred_lozano_aran_c60d9106-4c94-429b-a957-4de2fb427be4.jpeg","type":"image\/jpeg"}],"author":"mennworldcon","schema":{"@context":"https:\/\/schema.org","@graph":[{"@type":"Article","@id":"https:\/\/mwc-cmm.org\/en\/stories\/is-church-online-for-good-2\/#article","isPartOf":{"@id":"https:\/\/mwc-cmm.org\/en\/stories\/is-church-online-for-good-2\/"},"author":{"name":"mennworldcon","@id":"https:\/\/mwc-cmm.org\/en\/#\/schema\/person\/11f6ae0d7d1868ba20a1cc27f067c836"},"headline":"L\u2019\u00c9glise en ligne\u2026 pour de bon ?","datePublished":"2021-07-02T00:00:00+00:00","dateModified":"2024-12-10T17:18:05+00:00","mainEntityOfPage":{"@id":"https:\/\/mwc-cmm.org\/en\/stories\/is-church-online-for-good-2\/"},"wordCount":960,"publisher":{"@id":"https:\/\/mwc-cmm.org\/en\/#organization"},"image":{"@id":"https:\/\/mwc-cmm.org\/en\/stories\/is-church-online-for-good-2\/#primaryimage"},"thumbnailUrl":"https:\/\/mwc-cmm.org\/wp-content\/uploads\/2024\/11\/202102_alfred_lozano_aran_c60d9106-4c94-429b-a957-4de2fb427be4.jpeg","articleSection":["Non classifi\u00e9(e)"],"inLanguage":"fr-FR"},{"@type":"WebPage","@id":"https:\/\/mwc-cmm.org\/en\/stories\/is-church-online-for-good-2\/","url":"https:\/\/mwc-cmm.org\/en\/stories\/is-church-online-for-good-2\/","name":"L\u2019\u00c9glise en ligne\u2026 pour de bon ? - Mennonite World Conference","isPartOf":{"@id":"https:\/\/mwc-cmm.org\/en\/#website"},"primaryImageOfPage":{"@id":"https:\/\/mwc-cmm.org\/en\/stories\/is-church-online-for-good-2\/#primaryimage"},"image":{"@id":"https:\/\/mwc-cmm.org\/en\/stories\/is-church-online-for-good-2\/#primaryimage"},"thumbnailUrl":"https:\/\/mwc-cmm.org\/wp-content\/uploads\/2024\/11\/202102_alfred_lozano_aran_c60d9106-4c94-429b-a957-4de2fb427be4.jpeg","datePublished":"2021-07-02T00:00:00+00:00","dateModified":"2024-12-10T17:18:05+00:00","breadcrumb":{"@id":"https:\/\/mwc-cmm.org\/en\/stories\/is-church-online-for-good-2\/#breadcrumb"},"inLanguage":"fr-FR","potentialAction":[{"@type":"ReadAction","target":["https:\/\/mwc-cmm.org\/en\/stories\/is-church-online-for-good-2\/"]}]},{"@type":"ImageObject","inLanguage":"fr-FR","@id":"https:\/\/mwc-cmm.org\/en\/stories\/is-church-online-for-good-2\/#primaryimage","url":"https:\/\/mwc-cmm.org\/wp-content\/uploads\/2024\/11\/202102_alfred_lozano_aran_c60d9106-4c94-429b-a957-4de2fb427be4.jpeg","contentUrl":"https:\/\/mwc-cmm.org\/wp-content\/uploads\/2024\/11\/202102_alfred_lozano_aran_c60d9106-4c94-429b-a957-4de2fb427be4.jpeg","width":818,"height":900},{"@type":"BreadcrumbList","@id":"https:\/\/mwc-cmm.org\/en\/stories\/is-church-online-for-good-2\/#breadcrumb","itemListElement":[{"@type":"ListItem","position":1,"name":"Home","item":"https:\/\/mwc-cmm.org\/fr\/"},{"@type":"ListItem","position":2,"name":"L\u2019\u00c9glise en ligne\u2026 pour de bon ?"}]},{"@type":"WebSite","@id":"https:\/\/mwc-cmm.org\/en\/#website","url":"https:\/\/mwc-cmm.org\/en\/","name":"Mennonite World Conference","description":"A communion of Anabaptist-related churches","publisher":{"@id":"https:\/\/mwc-cmm.org\/en\/#organization"},"alternateName":"MWC","potentialAction":[{"@type":"SearchAction","target":{"@type":"EntryPoint","urlTemplate":"https:\/\/mwc-cmm.org\/en\/?s={search_term_string}"},"query-input":{"@type":"PropertyValueSpecification","valueRequired":true,"valueName":"search_term_string"}}],"inLanguage":"fr-FR"},{"@type":"Organization","@id":"https:\/\/mwc-cmm.org\/en\/#organization","name":"Mennonite World Conference","alternateName":"MWC","url":"https:\/\/mwc-cmm.org\/en\/","logo":{"@type":"ImageObject","inLanguage":"fr-FR","@id":"https:\/\/mwc-cmm.org\/en\/#\/schema\/logo\/image\/","url":"https:\/\/mwc-cmm.org\/wp-content\/uploads\/2026\/01\/MWC_Sig_Blue_Horiz_webheader1-logo.svg","contentUrl":"https:\/\/mwc-cmm.org\/wp-content\/uploads\/2026\/01\/MWC_Sig_Blue_Horiz_webheader1-logo.svg","width":786,"height":82,"caption":"Mennonite World Conference"},"image":{"@id":"https:\/\/mwc-cmm.org\/en\/#\/schema\/logo\/image\/"},"sameAs":["https:\/\/www.facebook.com\/MennoniteWorldConference","https:\/\/www.linkedin.com\/company\/mennonite-world-conference-mwc\/","https:\/\/www.instagram.com\/mwcmm\/","https:\/\/www.youtube.com\/user\/mwccmm","https:\/\/bsky.app\/profile\/mwcmm.bsky.social"]},{"@type":"Person","@id":"https:\/\/mwc-cmm.org\/en\/#\/schema\/person\/11f6ae0d7d1868ba20a1cc27f067c836","name":"mennworldcon","image":{"@type":"ImageObject","inLanguage":"fr-FR","@id":"https:\/\/secure.gravatar.com\/avatar\/06fdc0dc81c157dfdb82ec42f252178a22307808988d22c043f9eb96f1e0fe80?s=96&d=mm&r=g","url":"https:\/\/secure.gravatar.com\/avatar\/06fdc0dc81c157dfdb82ec42f252178a22307808988d22c043f9eb96f1e0fe80?s=96&d=mm&r=g","contentUrl":"https:\/\/secure.gravatar.com\/avatar\/06fdc0dc81c157dfdb82ec42f252178a22307808988d22c043f9eb96f1e0fe80?s=96&d=mm&r=g","caption":"mennworldcon"},"sameAs":["https:\/\/mwc-cmm.org"],"url":"https:\/\/mwc-cmm.org\/fr\/stories\/author\/mennworldcon\/"}]}},"_links":{"self":[{"href":"https:\/\/mwc-cmm.org\/fr\/wp-json\/wp\/v2\/posts\/10284","targetHints":{"allow":["GET"]}}],"collection":[{"href":"https:\/\/mwc-cmm.org\/fr\/wp-json\/wp\/v2\/posts"}],"about":[{"href":"https:\/\/mwc-cmm.org\/fr\/wp-json\/wp\/v2\/types\/post"}],"author":[{"embeddable":true,"href":"https:\/\/mwc-cmm.org\/fr\/wp-json\/wp\/v2\/users\/1"}],"replies":[{"embeddable":true,"href":"https:\/\/mwc-cmm.org\/fr\/wp-json\/wp\/v2\/comments?post=10284"}],"version-history":[{"count":0,"href":"https:\/\/mwc-cmm.org\/fr\/wp-json\/wp\/v2\/posts\/10284\/revisions"}],"wp:featuredmedia":[{"embeddable":true,"href":"https:\/\/mwc-cmm.org\/fr\/wp-json\/wp\/v2\/media\/93796"}],"wp:attachment":[{"href":"https:\/\/mwc-cmm.org\/fr\/wp-json\/wp\/v2\/media?parent=10284"}],"wp:term":[{"taxonomy":"category","embeddable":true,"href":"https:\/\/mwc-cmm.org\/fr\/wp-json\/wp\/v2\/categories?post=10284"},{"taxonomy":"post_tag","embeddable":true,"href":"https:\/\/mwc-cmm.org\/fr\/wp-json\/wp\/v2\/tags?post=10284"},{"taxonomy":"network","embeddable":true,"href":"https:\/\/mwc-cmm.org\/fr\/wp-json\/wp\/v2\/network?post=10284"},{"taxonomy":"eventcategory","embeddable":true,"href":"https:\/\/mwc-cmm.org\/fr\/wp-json\/wp\/v2\/eventcategory?post=10284"}],"curies":[{"name":"wp","href":"https:\/\/api.w.org\/{rel}","templated":true}]}}