{"id":10282,"date":"2021-06-15T00:00:00","date_gmt":"2021-06-15T00:00:00","guid":{"rendered":"https:\/\/mwc-cmm.org\/4-rituals-to-mark-the-pandemic-year-4\/"},"modified":"2024-12-10T17:18:04","modified_gmt":"2024-12-10T17:18:04","slug":"4-activites-pour-le-culte-en-annee-de-pandemie","status":"publish","type":"post","link":"https:\/\/mwc-cmm.org\/fr\/stories\/4-activites-pour-le-culte-en-annee-de-pandemie\/","title":{"rendered":"4 activit\u00e9s pour le culte en ann\u00e9e de pand\u00e9mie"},"content":{"rendered":"<p>\u00ab&nbsp;Le culte, c\u2019est une s\u00e9rie d\u2019actions&nbsp;: se rassembler, louer, se r\u00e9concilier, prier,&nbsp;\u00bb selon Katie Graber, co-directrice du Anabaptist Worship Network (r\u00e9seau anabaptiste du culte).&nbsp;<\/p>\n<p>Jouer de la musique, bouger le corps, allumer une bougie, \u00e9crire une pri\u00e8re, tout cela peut \u00eatre int\u00e9gr\u00e9 \u00e0 la liturgie du culte pour aider l\u2019assembl\u00e9e \u00e0 joindre un geste \u00e0 sa r\u00e9flexion.&nbsp;<\/p>\n<p>Voici quatre propositions du R\u00e9seau Anabaptiste du Culte pour aborder la pand\u00e9mie dans le culte.&nbsp;<\/p>\n<h3>1. C\u00e9l\u00e9brez les joies<\/h3>\n<p>Certaines paroisses ont repris les cultes sur place et pour beaucoup de membres des \u00e9glises, c\u2019est la premi\u00e8re qu\u2019ils se revoient en chair et en os depuis plus d\u2019un an. Prenez un temps pour exprimer la joie de se retrouver. \u00c9voquez les \u00e9v\u00e9nements qui n\u2019ont pas pu \u00eatre c\u00e9l\u00e9br\u00e9s ensemble.<\/p>\n<h3>2. Reconnaissez les moments difficiles<\/h3>\n<p>Certains membres bien-aim\u00e9 de nos paroisses ne seront peut-\u00eatre plus parmi nous. Certains ont peut-\u00eatre perdu leurs revenus. D\u2019autres doivent faire le deuil des opportunit\u00e9s ou des projets qui ont \u00e9t\u00e9 annul\u00e9s \u00e0 cause des restrictions sanitaires.<\/p>\n<h3>3. Faites le deuil<\/h3>\n<p>Beloved members of the congregation may be missing. Members may have lost their livelihood. Others are grieving opportunities and gatherings that were passed over or cancelled due to pandemic restrictions.<\/p>\n<h3>4. Parlez des changements<\/h3>\n<p>Les membres continuent d\u2019apprendre et de grandir&nbsp;: certains ont obtenu un dipl\u00f4me, trouv\u00e9 un travail, accueilli un nouveau membre de la famille&nbsp;; d\u2019autres sont parti ailleurs.&nbsp;<\/p>\n<p>Le retour aux rassemblements collectifs apr\u00e8s cette p\u00e9riode perturb\u00e9e est une opportunit\u00e9 de faire le bilan, selon Katie Graber. \u00ab&nbsp;L\u2019ann\u00e9e derni\u00e8re, nous avons tous effectu\u00e9 des changements. D\u00e9sormais, nous avons adopt\u00e9 une nouvelle normalit\u00e9.&nbsp;\u00bb&nbsp;&nbsp;<\/p>\n<p>R\u00e9fl\u00e9chissez \u00e0 ce qui est essentiel et qui a du sens parmi les rites que nous conservons&nbsp;; qu\u2019avons-nous appris des changements impos\u00e9s \u00e0 nos pratiques et que nous voudrions garder dans le retour au pr\u00e9sentiel&nbsp;? \u00ca quoi accordons-nous de l\u2019importance gr\u00e2ce \u00e0 cette exp\u00e9rience&nbsp;? Quelles nouvelles pratiques voudrions-nous int\u00e9grer \u00e0 nos cultes pr\u00e9sentiels&nbsp;?&nbsp;&nbsp;<\/p>\n<p>Regardez le webinaire du Anabaptist Worship Network ou consultez le mat\u00e9riel pour le culte ici&nbsp;:&nbsp;<\/p>\n<table style=\"width:300px\">\n<tbody>\n<tr>\n<td><a href=\"http:\/\/anabaptistworship.net\/\">http:\/\/anabaptistworship.net\/<\/a><\/td>\n<\/tr>\n<\/tbody>\n<\/table>\n<p>&nbsp;<\/p>\n","protected":false},"excerpt":{"rendered":"<p>\u00ab&nbsp;Le culte, c\u2019est une s\u00e9rie d\u2019actions&nbsp;: se rassembler, louer, se r\u00e9concilier, prier,&nbsp;\u00bb selon Katie Graber, co-directrice du Anabaptist Worship Network (r\u00e9seau anabaptiste du culte).&nbsp; Jouer de la musique, bouger le corps, allumer une bougie, \u00e9crire une pri\u00e8re, tout cela peut \u00eatre int\u00e9gr\u00e9 \u00e0 la liturgie du culte pour aider l\u2019assembl\u00e9e \u00e0 joindre un geste \u00e0 [&hellip;]<\/p>\n","protected":false},"author":1,"featured_media":93754,"comment_status":"closed","ping_status":"closed","sticky":false,"template":"","format":"standard","meta":{"_acf_changed":false,"footnotes":""},"categories":[7],"tags":[],"network":[],"eventcategory":[],"class_list":["post-10282","post","type-post","status-publish","format-standard","has-post-thumbnail","hentry","category-non-classifiee"],"acf":[],"yoast_head":"<!-- This site is optimized with the Yoast SEO plugin v27.5 - https:\/\/yoast.com\/product\/yoast-seo-wordpress\/ -->\n<title>4 activit\u00e9s pour le culte en ann\u00e9e de pand\u00e9mie - Mennonite World Conference<\/title>\n<meta name=\"robots\" content=\"index, follow, max-snippet:-1, max-image-preview:large, max-video-preview:-1\" \/>\n<link rel=\"canonical\" href=\"https:\/\/mwc-cmm.org\/en\/stories\/4-rituals-to-mark-the-pandemic-year-2\/\" \/>\n<meta property=\"og:locale\" content=\"fr_FR\" \/>\n<meta property=\"og:type\" content=\"article\" \/>\n<meta property=\"og:title\" content=\"4 activit\u00e9s pour le culte en ann\u00e9e de pand\u00e9mie - Mennonite World Conference\" \/>\n<meta property=\"og:description\" content=\"\u00ab&nbsp;Le culte, c\u2019est une s\u00e9rie d\u2019actions&nbsp;: se rassembler, louer, se r\u00e9concilier, prier,&nbsp;\u00bb selon Katie Graber, co-directrice du Anabaptist Worship Network (r\u00e9seau anabaptiste du culte).&nbsp; Jouer de la musique, bouger le corps, allumer une bougie, \u00e9crire une pri\u00e8re, tout cela peut \u00eatre int\u00e9gr\u00e9 \u00e0 la liturgie du culte pour aider l\u2019assembl\u00e9e \u00e0 joindre un geste \u00e0 [&hellip;]\" \/>\n<meta property=\"og:url\" content=\"https:\/\/mwc-cmm.org\/en\/stories\/4-rituals-to-mark-the-pandemic-year-2\/\" \/>\n<meta property=\"og:site_name\" content=\"Mennonite World Conference\" \/>\n<meta property=\"article:publisher\" content=\"https:\/\/www.facebook.com\/MennoniteWorldConference\" \/>\n<meta property=\"article:published_time\" content=\"2021-06-15T00:00:00+00:00\" \/>\n<meta property=\"article:modified_time\" content=\"2024-12-10T17:18:04+00:00\" \/>\n<meta property=\"og:image\" content=\"https:\/\/mwc-cmm.org\/wp-content\/uploads\/2024\/11\/img_5022-scaled.jpg\" \/>\n\t<meta property=\"og:image:width\" content=\"2560\" \/>\n\t<meta property=\"og:image:height\" content=\"1707\" \/>\n\t<meta property=\"og:image:type\" content=\"image\/jpeg\" \/>\n<meta name=\"author\" content=\"mennworldcon\" \/>\n<script type=\"application\/ld+json\" class=\"yoast-schema-graph\">{\"@context\":\"https:\\\/\\\/schema.org\",\"@graph\":[{\"@type\":\"Article\",\"@id\":\"https:\\\/\\\/mwc-cmm.org\\\/en\\\/stories\\\/4-rituals-to-mark-the-pandemic-year-2\\\/#article\",\"isPartOf\":{\"@id\":\"https:\\\/\\\/mwc-cmm.org\\\/en\\\/stories\\\/4-rituals-to-mark-the-pandemic-year-2\\\/\"},\"author\":{\"name\":\"mennworldcon\",\"@id\":\"https:\\\/\\\/mwc-cmm.org\\\/en\\\/#\\\/schema\\\/person\\\/11f6ae0d7d1868ba20a1cc27f067c836\"},\"headline\":\"4 activit\u00e9s pour le culte en ann\u00e9e de pand\u00e9mie\",\"datePublished\":\"2021-06-15T00:00:00+00:00\",\"dateModified\":\"2024-12-10T17:18:04+00:00\",\"mainEntityOfPage\":{\"@id\":\"https:\\\/\\\/mwc-cmm.org\\\/en\\\/stories\\\/4-rituals-to-mark-the-pandemic-year-2\\\/\"},\"wordCount\":406,\"publisher\":{\"@id\":\"https:\\\/\\\/mwc-cmm.org\\\/en\\\/#organization\"},\"image\":{\"@id\":\"https:\\\/\\\/mwc-cmm.org\\\/en\\\/stories\\\/4-rituals-to-mark-the-pandemic-year-2\\\/#primaryimage\"},\"thumbnailUrl\":\"https:\\\/\\\/mwc-cmm.org\\\/wp-content\\\/uploads\\\/2024\\\/11\\\/img_5022-scaled.jpg\",\"articleSection\":[\"Non classifi\u00e9(e)\"],\"inLanguage\":\"fr-FR\"},{\"@type\":\"WebPage\",\"@id\":\"https:\\\/\\\/mwc-cmm.org\\\/en\\\/stories\\\/4-rituals-to-mark-the-pandemic-year-2\\\/\",\"url\":\"https:\\\/\\\/mwc-cmm.org\\\/en\\\/stories\\\/4-rituals-to-mark-the-pandemic-year-2\\\/\",\"name\":\"4 activit\u00e9s pour le culte en ann\u00e9e de pand\u00e9mie - Mennonite World Conference\",\"isPartOf\":{\"@id\":\"https:\\\/\\\/mwc-cmm.org\\\/en\\\/#website\"},\"primaryImageOfPage\":{\"@id\":\"https:\\\/\\\/mwc-cmm.org\\\/en\\\/stories\\\/4-rituals-to-mark-the-pandemic-year-2\\\/#primaryimage\"},\"image\":{\"@id\":\"https:\\\/\\\/mwc-cmm.org\\\/en\\\/stories\\\/4-rituals-to-mark-the-pandemic-year-2\\\/#primaryimage\"},\"thumbnailUrl\":\"https:\\\/\\\/mwc-cmm.org\\\/wp-content\\\/uploads\\\/2024\\\/11\\\/img_5022-scaled.jpg\",\"datePublished\":\"2021-06-15T00:00:00+00:00\",\"dateModified\":\"2024-12-10T17:18:04+00:00\",\"breadcrumb\":{\"@id\":\"https:\\\/\\\/mwc-cmm.org\\\/en\\\/stories\\\/4-rituals-to-mark-the-pandemic-year-2\\\/#breadcrumb\"},\"inLanguage\":\"fr-FR\",\"potentialAction\":[{\"@type\":\"ReadAction\",\"target\":[\"https:\\\/\\\/mwc-cmm.org\\\/en\\\/stories\\\/4-rituals-to-mark-the-pandemic-year-2\\\/\"]}]},{\"@type\":\"ImageObject\",\"inLanguage\":\"fr-FR\",\"@id\":\"https:\\\/\\\/mwc-cmm.org\\\/en\\\/stories\\\/4-rituals-to-mark-the-pandemic-year-2\\\/#primaryimage\",\"url\":\"https:\\\/\\\/mwc-cmm.org\\\/wp-content\\\/uploads\\\/2024\\\/11\\\/img_5022-scaled.jpg\",\"contentUrl\":\"https:\\\/\\\/mwc-cmm.org\\\/wp-content\\\/uploads\\\/2024\\\/11\\\/img_5022-scaled.jpg\",\"width\":2560,\"height\":1707},{\"@type\":\"BreadcrumbList\",\"@id\":\"https:\\\/\\\/mwc-cmm.org\\\/en\\\/stories\\\/4-rituals-to-mark-the-pandemic-year-2\\\/#breadcrumb\",\"itemListElement\":[{\"@type\":\"ListItem\",\"position\":1,\"name\":\"Home\",\"item\":\"https:\\\/\\\/mwc-cmm.org\\\/fr\\\/\"},{\"@type\":\"ListItem\",\"position\":2,\"name\":\"4 activit\u00e9s pour le culte en ann\u00e9e de pand\u00e9mie\"}]},{\"@type\":\"WebSite\",\"@id\":\"https:\\\/\\\/mwc-cmm.org\\\/en\\\/#website\",\"url\":\"https:\\\/\\\/mwc-cmm.org\\\/en\\\/\",\"name\":\"Mennonite World Conference\",\"description\":\"A communion of Anabaptist-related churches\",\"publisher\":{\"@id\":\"https:\\\/\\\/mwc-cmm.org\\\/en\\\/#organization\"},\"alternateName\":\"MWC\",\"potentialAction\":[{\"@type\":\"SearchAction\",\"target\":{\"@type\":\"EntryPoint\",\"urlTemplate\":\"https:\\\/\\\/mwc-cmm.org\\\/en\\\/?s={search_term_string}\"},\"query-input\":{\"@type\":\"PropertyValueSpecification\",\"valueRequired\":true,\"valueName\":\"search_term_string\"}}],\"inLanguage\":\"fr-FR\"},{\"@type\":\"Organization\",\"@id\":\"https:\\\/\\\/mwc-cmm.org\\\/en\\\/#organization\",\"name\":\"Mennonite World Conference\",\"alternateName\":\"MWC\",\"url\":\"https:\\\/\\\/mwc-cmm.org\\\/en\\\/\",\"logo\":{\"@type\":\"ImageObject\",\"inLanguage\":\"fr-FR\",\"@id\":\"https:\\\/\\\/mwc-cmm.org\\\/en\\\/#\\\/schema\\\/logo\\\/image\\\/\",\"url\":\"https:\\\/\\\/mwc-cmm.org\\\/wp-content\\\/uploads\\\/2026\\\/01\\\/MWC_Sig_Blue_Horiz_webheader1-logo.svg\",\"contentUrl\":\"https:\\\/\\\/mwc-cmm.org\\\/wp-content\\\/uploads\\\/2026\\\/01\\\/MWC_Sig_Blue_Horiz_webheader1-logo.svg\",\"width\":786,\"height\":82,\"caption\":\"Mennonite World Conference\"},\"image\":{\"@id\":\"https:\\\/\\\/mwc-cmm.org\\\/en\\\/#\\\/schema\\\/logo\\\/image\\\/\"},\"sameAs\":[\"https:\\\/\\\/www.facebook.com\\\/MennoniteWorldConference\",\"https:\\\/\\\/www.linkedin.com\\\/company\\\/mennonite-world-conference-mwc\\\/\",\"https:\\\/\\\/www.instagram.com\\\/mwcmm\\\/\",\"https:\\\/\\\/www.youtube.com\\\/user\\\/mwccmm\",\"https:\\\/\\\/bsky.app\\\/profile\\\/mwcmm.bsky.social\"]},{\"@type\":\"Person\",\"@id\":\"https:\\\/\\\/mwc-cmm.org\\\/en\\\/#\\\/schema\\\/person\\\/11f6ae0d7d1868ba20a1cc27f067c836\",\"name\":\"mennworldcon\",\"image\":{\"@type\":\"ImageObject\",\"inLanguage\":\"fr-FR\",\"@id\":\"https:\\\/\\\/secure.gravatar.com\\\/avatar\\\/06fdc0dc81c157dfdb82ec42f252178a22307808988d22c043f9eb96f1e0fe80?s=96&d=mm&r=g\",\"url\":\"https:\\\/\\\/secure.gravatar.com\\\/avatar\\\/06fdc0dc81c157dfdb82ec42f252178a22307808988d22c043f9eb96f1e0fe80?s=96&d=mm&r=g\",\"contentUrl\":\"https:\\\/\\\/secure.gravatar.com\\\/avatar\\\/06fdc0dc81c157dfdb82ec42f252178a22307808988d22c043f9eb96f1e0fe80?s=96&d=mm&r=g\",\"caption\":\"mennworldcon\"},\"sameAs\":[\"https:\\\/\\\/mwc-cmm.org\"],\"url\":\"https:\\\/\\\/mwc-cmm.org\\\/fr\\\/stories\\\/author\\\/mennworldcon\\\/\"}]}<\/script>\n<!-- \/ Yoast SEO plugin. -->","yoast_head_json":{"title":"4 activit\u00e9s pour le culte en ann\u00e9e de pand\u00e9mie - Mennonite World Conference","robots":{"index":"index","follow":"follow","max-snippet":"max-snippet:-1","max-image-preview":"max-image-preview:large","max-video-preview":"max-video-preview:-1"},"canonical":"https:\/\/mwc-cmm.org\/en\/stories\/4-rituals-to-mark-the-pandemic-year-2\/","og_locale":"fr_FR","og_type":"article","og_title":"4 activit\u00e9s pour le culte en ann\u00e9e de pand\u00e9mie - Mennonite World Conference","og_description":"\u00ab&nbsp;Le culte, c\u2019est une s\u00e9rie d\u2019actions&nbsp;: se rassembler, louer, se r\u00e9concilier, prier,&nbsp;\u00bb selon Katie Graber, co-directrice du Anabaptist Worship Network (r\u00e9seau anabaptiste du culte).&nbsp; Jouer de la musique, bouger le corps, allumer une bougie, \u00e9crire une pri\u00e8re, tout cela peut \u00eatre int\u00e9gr\u00e9 \u00e0 la liturgie du culte pour aider l\u2019assembl\u00e9e \u00e0 joindre un geste \u00e0 [&hellip;]","og_url":"https:\/\/mwc-cmm.org\/en\/stories\/4-rituals-to-mark-the-pandemic-year-2\/","og_site_name":"Mennonite World Conference","article_publisher":"https:\/\/www.facebook.com\/MennoniteWorldConference","article_published_time":"2021-06-15T00:00:00+00:00","article_modified_time":"2024-12-10T17:18:04+00:00","og_image":[{"width":2560,"height":1707,"url":"https:\/\/mwc-cmm.org\/wp-content\/uploads\/2024\/11\/img_5022-scaled.jpg","type":"image\/jpeg"}],"author":"mennworldcon","schema":{"@context":"https:\/\/schema.org","@graph":[{"@type":"Article","@id":"https:\/\/mwc-cmm.org\/en\/stories\/4-rituals-to-mark-the-pandemic-year-2\/#article","isPartOf":{"@id":"https:\/\/mwc-cmm.org\/en\/stories\/4-rituals-to-mark-the-pandemic-year-2\/"},"author":{"name":"mennworldcon","@id":"https:\/\/mwc-cmm.org\/en\/#\/schema\/person\/11f6ae0d7d1868ba20a1cc27f067c836"},"headline":"4 activit\u00e9s pour le culte en ann\u00e9e de pand\u00e9mie","datePublished":"2021-06-15T00:00:00+00:00","dateModified":"2024-12-10T17:18:04+00:00","mainEntityOfPage":{"@id":"https:\/\/mwc-cmm.org\/en\/stories\/4-rituals-to-mark-the-pandemic-year-2\/"},"wordCount":406,"publisher":{"@id":"https:\/\/mwc-cmm.org\/en\/#organization"},"image":{"@id":"https:\/\/mwc-cmm.org\/en\/stories\/4-rituals-to-mark-the-pandemic-year-2\/#primaryimage"},"thumbnailUrl":"https:\/\/mwc-cmm.org\/wp-content\/uploads\/2024\/11\/img_5022-scaled.jpg","articleSection":["Non classifi\u00e9(e)"],"inLanguage":"fr-FR"},{"@type":"WebPage","@id":"https:\/\/mwc-cmm.org\/en\/stories\/4-rituals-to-mark-the-pandemic-year-2\/","url":"https:\/\/mwc-cmm.org\/en\/stories\/4-rituals-to-mark-the-pandemic-year-2\/","name":"4 activit\u00e9s pour le culte en ann\u00e9e de pand\u00e9mie - Mennonite World Conference","isPartOf":{"@id":"https:\/\/mwc-cmm.org\/en\/#website"},"primaryImageOfPage":{"@id":"https:\/\/mwc-cmm.org\/en\/stories\/4-rituals-to-mark-the-pandemic-year-2\/#primaryimage"},"image":{"@id":"https:\/\/mwc-cmm.org\/en\/stories\/4-rituals-to-mark-the-pandemic-year-2\/#primaryimage"},"thumbnailUrl":"https:\/\/mwc-cmm.org\/wp-content\/uploads\/2024\/11\/img_5022-scaled.jpg","datePublished":"2021-06-15T00:00:00+00:00","dateModified":"2024-12-10T17:18:04+00:00","breadcrumb":{"@id":"https:\/\/mwc-cmm.org\/en\/stories\/4-rituals-to-mark-the-pandemic-year-2\/#breadcrumb"},"inLanguage":"fr-FR","potentialAction":[{"@type":"ReadAction","target":["https:\/\/mwc-cmm.org\/en\/stories\/4-rituals-to-mark-the-pandemic-year-2\/"]}]},{"@type":"ImageObject","inLanguage":"fr-FR","@id":"https:\/\/mwc-cmm.org\/en\/stories\/4-rituals-to-mark-the-pandemic-year-2\/#primaryimage","url":"https:\/\/mwc-cmm.org\/wp-content\/uploads\/2024\/11\/img_5022-scaled.jpg","contentUrl":"https:\/\/mwc-cmm.org\/wp-content\/uploads\/2024\/11\/img_5022-scaled.jpg","width":2560,"height":1707},{"@type":"BreadcrumbList","@id":"https:\/\/mwc-cmm.org\/en\/stories\/4-rituals-to-mark-the-pandemic-year-2\/#breadcrumb","itemListElement":[{"@type":"ListItem","position":1,"name":"Home","item":"https:\/\/mwc-cmm.org\/fr\/"},{"@type":"ListItem","position":2,"name":"4 activit\u00e9s pour le culte en ann\u00e9e de pand\u00e9mie"}]},{"@type":"WebSite","@id":"https:\/\/mwc-cmm.org\/en\/#website","url":"https:\/\/mwc-cmm.org\/en\/","name":"Mennonite World Conference","description":"A communion of Anabaptist-related churches","publisher":{"@id":"https:\/\/mwc-cmm.org\/en\/#organization"},"alternateName":"MWC","potentialAction":[{"@type":"SearchAction","target":{"@type":"EntryPoint","urlTemplate":"https:\/\/mwc-cmm.org\/en\/?s={search_term_string}"},"query-input":{"@type":"PropertyValueSpecification","valueRequired":true,"valueName":"search_term_string"}}],"inLanguage":"fr-FR"},{"@type":"Organization","@id":"https:\/\/mwc-cmm.org\/en\/#organization","name":"Mennonite World Conference","alternateName":"MWC","url":"https:\/\/mwc-cmm.org\/en\/","logo":{"@type":"ImageObject","inLanguage":"fr-FR","@id":"https:\/\/mwc-cmm.org\/en\/#\/schema\/logo\/image\/","url":"https:\/\/mwc-cmm.org\/wp-content\/uploads\/2026\/01\/MWC_Sig_Blue_Horiz_webheader1-logo.svg","contentUrl":"https:\/\/mwc-cmm.org\/wp-content\/uploads\/2026\/01\/MWC_Sig_Blue_Horiz_webheader1-logo.svg","width":786,"height":82,"caption":"Mennonite World Conference"},"image":{"@id":"https:\/\/mwc-cmm.org\/en\/#\/schema\/logo\/image\/"},"sameAs":["https:\/\/www.facebook.com\/MennoniteWorldConference","https:\/\/www.linkedin.com\/company\/mennonite-world-conference-mwc\/","https:\/\/www.instagram.com\/mwcmm\/","https:\/\/www.youtube.com\/user\/mwccmm","https:\/\/bsky.app\/profile\/mwcmm.bsky.social"]},{"@type":"Person","@id":"https:\/\/mwc-cmm.org\/en\/#\/schema\/person\/11f6ae0d7d1868ba20a1cc27f067c836","name":"mennworldcon","image":{"@type":"ImageObject","inLanguage":"fr-FR","@id":"https:\/\/secure.gravatar.com\/avatar\/06fdc0dc81c157dfdb82ec42f252178a22307808988d22c043f9eb96f1e0fe80?s=96&d=mm&r=g","url":"https:\/\/secure.gravatar.com\/avatar\/06fdc0dc81c157dfdb82ec42f252178a22307808988d22c043f9eb96f1e0fe80?s=96&d=mm&r=g","contentUrl":"https:\/\/secure.gravatar.com\/avatar\/06fdc0dc81c157dfdb82ec42f252178a22307808988d22c043f9eb96f1e0fe80?s=96&d=mm&r=g","caption":"mennworldcon"},"sameAs":["https:\/\/mwc-cmm.org"],"url":"https:\/\/mwc-cmm.org\/fr\/stories\/author\/mennworldcon\/"}]}},"_links":{"self":[{"href":"https:\/\/mwc-cmm.org\/fr\/wp-json\/wp\/v2\/posts\/10282","targetHints":{"allow":["GET"]}}],"collection":[{"href":"https:\/\/mwc-cmm.org\/fr\/wp-json\/wp\/v2\/posts"}],"about":[{"href":"https:\/\/mwc-cmm.org\/fr\/wp-json\/wp\/v2\/types\/post"}],"author":[{"embeddable":true,"href":"https:\/\/mwc-cmm.org\/fr\/wp-json\/wp\/v2\/users\/1"}],"replies":[{"embeddable":true,"href":"https:\/\/mwc-cmm.org\/fr\/wp-json\/wp\/v2\/comments?post=10282"}],"version-history":[{"count":0,"href":"https:\/\/mwc-cmm.org\/fr\/wp-json\/wp\/v2\/posts\/10282\/revisions"}],"wp:featuredmedia":[{"embeddable":true,"href":"https:\/\/mwc-cmm.org\/fr\/wp-json\/wp\/v2\/media\/93754"}],"wp:attachment":[{"href":"https:\/\/mwc-cmm.org\/fr\/wp-json\/wp\/v2\/media?parent=10282"}],"wp:term":[{"taxonomy":"category","embeddable":true,"href":"https:\/\/mwc-cmm.org\/fr\/wp-json\/wp\/v2\/categories?post=10282"},{"taxonomy":"post_tag","embeddable":true,"href":"https:\/\/mwc-cmm.org\/fr\/wp-json\/wp\/v2\/tags?post=10282"},{"taxonomy":"network","embeddable":true,"href":"https:\/\/mwc-cmm.org\/fr\/wp-json\/wp\/v2\/network?post=10282"},{"taxonomy":"eventcategory","embeddable":true,"href":"https:\/\/mwc-cmm.org\/fr\/wp-json\/wp\/v2\/eventcategory?post=10282"}],"curies":[{"name":"wp","href":"https:\/\/api.w.org\/{rel}","templated":true}]}}