{"id":10268,"date":"2021-04-29T00:00:00","date_gmt":"2021-04-29T00:00:00","guid":{"rendered":"https:\/\/mwc-cmm.org\/a-pastoral-letter-to-anabaptist-mennonites-of-india-4\/"},"modified":"2024-12-10T17:17:56","modified_gmt":"2024-12-10T17:17:56","slug":"lettre-pastorale-aux-anabaptistes-mennonites-en-inde","status":"publish","type":"post","link":"https:\/\/mwc-cmm.org\/fr\/stories\/lettre-pastorale-aux-anabaptistes-mennonites-en-inde\/","title":{"rendered":"Lettre pastorale aux anabaptistes-mennonites en Inde"},"content":{"rendered":"<p>Ch\u00e8res s\u0153urs et chers fr\u00e8res :<\/p>\n<p>Les mennonites du monde entier ont vu avec angoisse la souffrance de l\u2019Inde, frapp\u00e9e par une vague d\u2019infections d\u00e9vastatrice et meurtri\u00e8re. Nous sommes avec vous dans le deuil, votre douleur atteint tous les membres du corps du Christ.<\/p>\n<p>\u00ab&nbsp;Les liens de la mort m\u2019ont enserr\u00e9, &nbsp;\u00bb d\u00e9clare le psalmiste, \u00ab&nbsp;Dans ma d\u00e9tresse, j\u2019ai appel\u00e9 le SEIGNEUR,&nbsp;\u00bb Psaume 18\/5,7.<\/p>\n<p>La Conf\u00e9rence Mennonite Mondiale implore le Seigneur pour l\u2019Inde et pour tous les pays en d\u00e9tresse \u00e0 cause de la pand\u00e9mie :<\/p>\n<p class=\"rteindent1\">Dieu vivant, combien de temps encore, ce tsunami de souffrance et de mort va-t-il durer ? \u00c9tends ta main d\u2019en haut pour sortir tes enfants des grandes eaux.<\/p>\n<p class=\"rteindent1\">Apporte la gu\u00e9rison et le salut.<\/p>\n<p class=\"rteindent1\">Redonne des forces aux pasteurs, soignants et aidants \u00e9puis\u00e9s.<\/p>\n<p class=\"rteindent1\">R\u00e9conforte ceux qui sont dans le deuil et donne \u00e0 chaque nation ce dont elle a besoin pour sortir de cette tourmente.<\/p>\n<p class=\"rteindent1\">Seigneur, entends notre appel \u00e0 l\u2019aide et aie piti\u00e9.<\/p>\n<p class=\"rteindent1\">Dans le nom de J\u00e9sus,<\/p>\n<p>J. Nelson Kraybill<br \/>\nPr\u00e9sident, Conf\u00e9rence Mennonite Mondiale<\/p>\n","protected":false},"excerpt":{"rendered":"<p>Ch\u00e8res s\u0153urs et chers fr\u00e8res : Les mennonites du monde entier ont vu avec angoisse la souffrance de l\u2019Inde, frapp\u00e9e par une vague d\u2019infections d\u00e9vastatrice et meurtri\u00e8re. Nous sommes avec vous dans le deuil, votre douleur atteint tous les membres du corps du Christ. \u00ab&nbsp;Les liens de la mort m\u2019ont enserr\u00e9, &nbsp;\u00bb d\u00e9clare le psalmiste, [&hellip;]<\/p>\n","protected":false},"author":1,"featured_media":93586,"comment_status":"closed","ping_status":"closed","sticky":false,"template":"","format":"standard","meta":{"_acf_changed":false,"footnotes":""},"categories":[7,458],"tags":[523,524],"network":[],"eventcategory":[],"class_list":["post-10268","post","type-post","status-publish","format-standard","has-post-thumbnail","hentry","category-non-classifiee","category-priere-urgente","tag-pastoral-letter-fr","tag-prayer-fr"],"acf":[],"yoast_head":"<!-- This site is optimized with the Yoast SEO plugin v27.5 - https:\/\/yoast.com\/product\/yoast-seo-wordpress\/ -->\n<title>Lettre pastorale aux anabaptistes-mennonites en Inde - Mennonite World Conference<\/title>\n<meta name=\"robots\" content=\"index, follow, max-snippet:-1, max-image-preview:large, max-video-preview:-1\" \/>\n<link rel=\"canonical\" href=\"https:\/\/mwc-cmm.org\/fr\/stories\/lettre-pastorale-aux-anabaptistes-mennonites-en-inde\/\" \/>\n<meta property=\"og:locale\" content=\"fr_FR\" \/>\n<meta property=\"og:type\" content=\"article\" \/>\n<meta property=\"og:title\" content=\"Lettre pastorale aux anabaptistes-mennonites en Inde - Mennonite World Conference\" \/>\n<meta property=\"og:description\" content=\"Ch\u00e8res s\u0153urs et chers fr\u00e8res : Les mennonites du monde entier ont vu avec angoisse la souffrance de l\u2019Inde, frapp\u00e9e par une vague d\u2019infections d\u00e9vastatrice et meurtri\u00e8re. Nous sommes avec vous dans le deuil, votre douleur atteint tous les membres du corps du Christ. \u00ab&nbsp;Les liens de la mort m\u2019ont enserr\u00e9, &nbsp;\u00bb d\u00e9clare le psalmiste, [&hellip;]\" \/>\n<meta property=\"og:url\" content=\"https:\/\/mwc-cmm.org\/fr\/stories\/lettre-pastorale-aux-anabaptistes-mennonites-en-inde\/\" \/>\n<meta property=\"og:site_name\" content=\"Mennonite World Conference\" \/>\n<meta property=\"article:publisher\" content=\"https:\/\/www.facebook.com\/MennoniteWorldConference\" \/>\n<meta property=\"article:published_time\" content=\"2021-04-29T00:00:00+00:00\" \/>\n<meta property=\"article:modified_time\" content=\"2024-12-10T17:17:56+00:00\" \/>\n<meta property=\"og:image\" content=\"https:\/\/mwc-cmm.org\/wp-content\/uploads\/2024\/11\/20201004_ashish_milap-peacesunday-113748.jpg\" \/>\n\t<meta property=\"og:image:width\" content=\"1891\" \/>\n\t<meta property=\"og:image:height\" content=\"1063\" \/>\n\t<meta property=\"og:image:type\" content=\"image\/jpeg\" \/>\n<meta name=\"author\" content=\"mennworldcon\" \/>\n<script type=\"application\/ld+json\" class=\"yoast-schema-graph\">{\"@context\":\"https:\\\/\\\/schema.org\",\"@graph\":[{\"@type\":\"Article\",\"@id\":\"https:\\\/\\\/mwc-cmm.org\\\/fr\\\/stories\\\/lettre-pastorale-aux-anabaptistes-mennonites-en-inde\\\/#article\",\"isPartOf\":{\"@id\":\"https:\\\/\\\/mwc-cmm.org\\\/fr\\\/stories\\\/lettre-pastorale-aux-anabaptistes-mennonites-en-inde\\\/\"},\"author\":{\"name\":\"mennworldcon\",\"@id\":\"https:\\\/\\\/mwc-cmm.org\\\/en\\\/#\\\/schema\\\/person\\\/11f6ae0d7d1868ba20a1cc27f067c836\"},\"headline\":\"Lettre pastorale aux anabaptistes-mennonites en Inde\",\"datePublished\":\"2021-04-29T00:00:00+00:00\",\"dateModified\":\"2024-12-10T17:17:56+00:00\",\"mainEntityOfPage\":{\"@id\":\"https:\\\/\\\/mwc-cmm.org\\\/fr\\\/stories\\\/lettre-pastorale-aux-anabaptistes-mennonites-en-inde\\\/\"},\"wordCount\":198,\"publisher\":{\"@id\":\"https:\\\/\\\/mwc-cmm.org\\\/en\\\/#organization\"},\"image\":{\"@id\":\"https:\\\/\\\/mwc-cmm.org\\\/fr\\\/stories\\\/lettre-pastorale-aux-anabaptistes-mennonites-en-inde\\\/#primaryimage\"},\"thumbnailUrl\":\"https:\\\/\\\/mwc-cmm.org\\\/wp-content\\\/uploads\\\/2024\\\/11\\\/20201004_ashish_milap-peacesunday-113748.jpg\",\"keywords\":[\"pastoral letter\",\"prayer\"],\"articleSection\":[\"Non classifi\u00e9(e)\",\"Pri\u00e8re urgente\"],\"inLanguage\":\"fr-FR\"},{\"@type\":\"WebPage\",\"@id\":\"https:\\\/\\\/mwc-cmm.org\\\/fr\\\/stories\\\/lettre-pastorale-aux-anabaptistes-mennonites-en-inde\\\/\",\"url\":\"https:\\\/\\\/mwc-cmm.org\\\/fr\\\/stories\\\/lettre-pastorale-aux-anabaptistes-mennonites-en-inde\\\/\",\"name\":\"Lettre pastorale aux anabaptistes-mennonites en Inde - Mennonite World Conference\",\"isPartOf\":{\"@id\":\"https:\\\/\\\/mwc-cmm.org\\\/en\\\/#website\"},\"primaryImageOfPage\":{\"@id\":\"https:\\\/\\\/mwc-cmm.org\\\/fr\\\/stories\\\/lettre-pastorale-aux-anabaptistes-mennonites-en-inde\\\/#primaryimage\"},\"image\":{\"@id\":\"https:\\\/\\\/mwc-cmm.org\\\/fr\\\/stories\\\/lettre-pastorale-aux-anabaptistes-mennonites-en-inde\\\/#primaryimage\"},\"thumbnailUrl\":\"https:\\\/\\\/mwc-cmm.org\\\/wp-content\\\/uploads\\\/2024\\\/11\\\/20201004_ashish_milap-peacesunday-113748.jpg\",\"datePublished\":\"2021-04-29T00:00:00+00:00\",\"dateModified\":\"2024-12-10T17:17:56+00:00\",\"breadcrumb\":{\"@id\":\"https:\\\/\\\/mwc-cmm.org\\\/fr\\\/stories\\\/lettre-pastorale-aux-anabaptistes-mennonites-en-inde\\\/#breadcrumb\"},\"inLanguage\":\"fr-FR\",\"potentialAction\":[{\"@type\":\"ReadAction\",\"target\":[\"https:\\\/\\\/mwc-cmm.org\\\/fr\\\/stories\\\/lettre-pastorale-aux-anabaptistes-mennonites-en-inde\\\/\"]}]},{\"@type\":\"ImageObject\",\"inLanguage\":\"fr-FR\",\"@id\":\"https:\\\/\\\/mwc-cmm.org\\\/fr\\\/stories\\\/lettre-pastorale-aux-anabaptistes-mennonites-en-inde\\\/#primaryimage\",\"url\":\"https:\\\/\\\/mwc-cmm.org\\\/wp-content\\\/uploads\\\/2024\\\/11\\\/20201004_ashish_milap-peacesunday-113748.jpg\",\"contentUrl\":\"https:\\\/\\\/mwc-cmm.org\\\/wp-content\\\/uploads\\\/2024\\\/11\\\/20201004_ashish_milap-peacesunday-113748.jpg\",\"width\":1891,\"height\":1063},{\"@type\":\"BreadcrumbList\",\"@id\":\"https:\\\/\\\/mwc-cmm.org\\\/fr\\\/stories\\\/lettre-pastorale-aux-anabaptistes-mennonites-en-inde\\\/#breadcrumb\",\"itemListElement\":[{\"@type\":\"ListItem\",\"position\":1,\"name\":\"Home\",\"item\":\"https:\\\/\\\/mwc-cmm.org\\\/fr\\\/\"},{\"@type\":\"ListItem\",\"position\":2,\"name\":\"Lettre pastorale aux anabaptistes-mennonites en Inde\"}]},{\"@type\":\"WebSite\",\"@id\":\"https:\\\/\\\/mwc-cmm.org\\\/en\\\/#website\",\"url\":\"https:\\\/\\\/mwc-cmm.org\\\/en\\\/\",\"name\":\"Mennonite World Conference\",\"description\":\"A communion of Anabaptist-related churches\",\"publisher\":{\"@id\":\"https:\\\/\\\/mwc-cmm.org\\\/en\\\/#organization\"},\"alternateName\":\"MWC\",\"potentialAction\":[{\"@type\":\"SearchAction\",\"target\":{\"@type\":\"EntryPoint\",\"urlTemplate\":\"https:\\\/\\\/mwc-cmm.org\\\/en\\\/?s={search_term_string}\"},\"query-input\":{\"@type\":\"PropertyValueSpecification\",\"valueRequired\":true,\"valueName\":\"search_term_string\"}}],\"inLanguage\":\"fr-FR\"},{\"@type\":\"Organization\",\"@id\":\"https:\\\/\\\/mwc-cmm.org\\\/en\\\/#organization\",\"name\":\"Mennonite World Conference\",\"alternateName\":\"MWC\",\"url\":\"https:\\\/\\\/mwc-cmm.org\\\/en\\\/\",\"logo\":{\"@type\":\"ImageObject\",\"inLanguage\":\"fr-FR\",\"@id\":\"https:\\\/\\\/mwc-cmm.org\\\/en\\\/#\\\/schema\\\/logo\\\/image\\\/\",\"url\":\"https:\\\/\\\/mwc-cmm.org\\\/wp-content\\\/uploads\\\/2026\\\/01\\\/MWC_Sig_Blue_Horiz_webheader1-logo.svg\",\"contentUrl\":\"https:\\\/\\\/mwc-cmm.org\\\/wp-content\\\/uploads\\\/2026\\\/01\\\/MWC_Sig_Blue_Horiz_webheader1-logo.svg\",\"width\":786,\"height\":82,\"caption\":\"Mennonite World Conference\"},\"image\":{\"@id\":\"https:\\\/\\\/mwc-cmm.org\\\/en\\\/#\\\/schema\\\/logo\\\/image\\\/\"},\"sameAs\":[\"https:\\\/\\\/www.facebook.com\\\/MennoniteWorldConference\",\"https:\\\/\\\/www.linkedin.com\\\/company\\\/mennonite-world-conference-mwc\\\/\",\"https:\\\/\\\/www.instagram.com\\\/mwcmm\\\/\",\"https:\\\/\\\/www.youtube.com\\\/user\\\/mwccmm\",\"https:\\\/\\\/bsky.app\\\/profile\\\/mwcmm.bsky.social\"]},{\"@type\":\"Person\",\"@id\":\"https:\\\/\\\/mwc-cmm.org\\\/en\\\/#\\\/schema\\\/person\\\/11f6ae0d7d1868ba20a1cc27f067c836\",\"name\":\"mennworldcon\",\"image\":{\"@type\":\"ImageObject\",\"inLanguage\":\"fr-FR\",\"@id\":\"https:\\\/\\\/secure.gravatar.com\\\/avatar\\\/06fdc0dc81c157dfdb82ec42f252178a22307808988d22c043f9eb96f1e0fe80?s=96&d=mm&r=g\",\"url\":\"https:\\\/\\\/secure.gravatar.com\\\/avatar\\\/06fdc0dc81c157dfdb82ec42f252178a22307808988d22c043f9eb96f1e0fe80?s=96&d=mm&r=g\",\"contentUrl\":\"https:\\\/\\\/secure.gravatar.com\\\/avatar\\\/06fdc0dc81c157dfdb82ec42f252178a22307808988d22c043f9eb96f1e0fe80?s=96&d=mm&r=g\",\"caption\":\"mennworldcon\"},\"sameAs\":[\"https:\\\/\\\/mwc-cmm.org\"],\"url\":\"https:\\\/\\\/mwc-cmm.org\\\/fr\\\/stories\\\/author\\\/mennworldcon\\\/\"}]}<\/script>\n<!-- \/ Yoast SEO plugin. -->","yoast_head_json":{"title":"Lettre pastorale aux anabaptistes-mennonites en Inde - Mennonite World Conference","robots":{"index":"index","follow":"follow","max-snippet":"max-snippet:-1","max-image-preview":"max-image-preview:large","max-video-preview":"max-video-preview:-1"},"canonical":"https:\/\/mwc-cmm.org\/fr\/stories\/lettre-pastorale-aux-anabaptistes-mennonites-en-inde\/","og_locale":"fr_FR","og_type":"article","og_title":"Lettre pastorale aux anabaptistes-mennonites en Inde - Mennonite World Conference","og_description":"Ch\u00e8res s\u0153urs et chers fr\u00e8res : Les mennonites du monde entier ont vu avec angoisse la souffrance de l\u2019Inde, frapp\u00e9e par une vague d\u2019infections d\u00e9vastatrice et meurtri\u00e8re. Nous sommes avec vous dans le deuil, votre douleur atteint tous les membres du corps du Christ. \u00ab&nbsp;Les liens de la mort m\u2019ont enserr\u00e9, &nbsp;\u00bb d\u00e9clare le psalmiste, [&hellip;]","og_url":"https:\/\/mwc-cmm.org\/fr\/stories\/lettre-pastorale-aux-anabaptistes-mennonites-en-inde\/","og_site_name":"Mennonite World Conference","article_publisher":"https:\/\/www.facebook.com\/MennoniteWorldConference","article_published_time":"2021-04-29T00:00:00+00:00","article_modified_time":"2024-12-10T17:17:56+00:00","og_image":[{"width":1891,"height":1063,"url":"https:\/\/mwc-cmm.org\/wp-content\/uploads\/2024\/11\/20201004_ashish_milap-peacesunday-113748.jpg","type":"image\/jpeg"}],"author":"mennworldcon","schema":{"@context":"https:\/\/schema.org","@graph":[{"@type":"Article","@id":"https:\/\/mwc-cmm.org\/fr\/stories\/lettre-pastorale-aux-anabaptistes-mennonites-en-inde\/#article","isPartOf":{"@id":"https:\/\/mwc-cmm.org\/fr\/stories\/lettre-pastorale-aux-anabaptistes-mennonites-en-inde\/"},"author":{"name":"mennworldcon","@id":"https:\/\/mwc-cmm.org\/en\/#\/schema\/person\/11f6ae0d7d1868ba20a1cc27f067c836"},"headline":"Lettre pastorale aux anabaptistes-mennonites en Inde","datePublished":"2021-04-29T00:00:00+00:00","dateModified":"2024-12-10T17:17:56+00:00","mainEntityOfPage":{"@id":"https:\/\/mwc-cmm.org\/fr\/stories\/lettre-pastorale-aux-anabaptistes-mennonites-en-inde\/"},"wordCount":198,"publisher":{"@id":"https:\/\/mwc-cmm.org\/en\/#organization"},"image":{"@id":"https:\/\/mwc-cmm.org\/fr\/stories\/lettre-pastorale-aux-anabaptistes-mennonites-en-inde\/#primaryimage"},"thumbnailUrl":"https:\/\/mwc-cmm.org\/wp-content\/uploads\/2024\/11\/20201004_ashish_milap-peacesunday-113748.jpg","keywords":["pastoral letter","prayer"],"articleSection":["Non classifi\u00e9(e)","Pri\u00e8re urgente"],"inLanguage":"fr-FR"},{"@type":"WebPage","@id":"https:\/\/mwc-cmm.org\/fr\/stories\/lettre-pastorale-aux-anabaptistes-mennonites-en-inde\/","url":"https:\/\/mwc-cmm.org\/fr\/stories\/lettre-pastorale-aux-anabaptistes-mennonites-en-inde\/","name":"Lettre pastorale aux anabaptistes-mennonites en Inde - Mennonite World Conference","isPartOf":{"@id":"https:\/\/mwc-cmm.org\/en\/#website"},"primaryImageOfPage":{"@id":"https:\/\/mwc-cmm.org\/fr\/stories\/lettre-pastorale-aux-anabaptistes-mennonites-en-inde\/#primaryimage"},"image":{"@id":"https:\/\/mwc-cmm.org\/fr\/stories\/lettre-pastorale-aux-anabaptistes-mennonites-en-inde\/#primaryimage"},"thumbnailUrl":"https:\/\/mwc-cmm.org\/wp-content\/uploads\/2024\/11\/20201004_ashish_milap-peacesunday-113748.jpg","datePublished":"2021-04-29T00:00:00+00:00","dateModified":"2024-12-10T17:17:56+00:00","breadcrumb":{"@id":"https:\/\/mwc-cmm.org\/fr\/stories\/lettre-pastorale-aux-anabaptistes-mennonites-en-inde\/#breadcrumb"},"inLanguage":"fr-FR","potentialAction":[{"@type":"ReadAction","target":["https:\/\/mwc-cmm.org\/fr\/stories\/lettre-pastorale-aux-anabaptistes-mennonites-en-inde\/"]}]},{"@type":"ImageObject","inLanguage":"fr-FR","@id":"https:\/\/mwc-cmm.org\/fr\/stories\/lettre-pastorale-aux-anabaptistes-mennonites-en-inde\/#primaryimage","url":"https:\/\/mwc-cmm.org\/wp-content\/uploads\/2024\/11\/20201004_ashish_milap-peacesunday-113748.jpg","contentUrl":"https:\/\/mwc-cmm.org\/wp-content\/uploads\/2024\/11\/20201004_ashish_milap-peacesunday-113748.jpg","width":1891,"height":1063},{"@type":"BreadcrumbList","@id":"https:\/\/mwc-cmm.org\/fr\/stories\/lettre-pastorale-aux-anabaptistes-mennonites-en-inde\/#breadcrumb","itemListElement":[{"@type":"ListItem","position":1,"name":"Home","item":"https:\/\/mwc-cmm.org\/fr\/"},{"@type":"ListItem","position":2,"name":"Lettre pastorale aux anabaptistes-mennonites en Inde"}]},{"@type":"WebSite","@id":"https:\/\/mwc-cmm.org\/en\/#website","url":"https:\/\/mwc-cmm.org\/en\/","name":"Mennonite World Conference","description":"A communion of Anabaptist-related churches","publisher":{"@id":"https:\/\/mwc-cmm.org\/en\/#organization"},"alternateName":"MWC","potentialAction":[{"@type":"SearchAction","target":{"@type":"EntryPoint","urlTemplate":"https:\/\/mwc-cmm.org\/en\/?s={search_term_string}"},"query-input":{"@type":"PropertyValueSpecification","valueRequired":true,"valueName":"search_term_string"}}],"inLanguage":"fr-FR"},{"@type":"Organization","@id":"https:\/\/mwc-cmm.org\/en\/#organization","name":"Mennonite World Conference","alternateName":"MWC","url":"https:\/\/mwc-cmm.org\/en\/","logo":{"@type":"ImageObject","inLanguage":"fr-FR","@id":"https:\/\/mwc-cmm.org\/en\/#\/schema\/logo\/image\/","url":"https:\/\/mwc-cmm.org\/wp-content\/uploads\/2026\/01\/MWC_Sig_Blue_Horiz_webheader1-logo.svg","contentUrl":"https:\/\/mwc-cmm.org\/wp-content\/uploads\/2026\/01\/MWC_Sig_Blue_Horiz_webheader1-logo.svg","width":786,"height":82,"caption":"Mennonite World Conference"},"image":{"@id":"https:\/\/mwc-cmm.org\/en\/#\/schema\/logo\/image\/"},"sameAs":["https:\/\/www.facebook.com\/MennoniteWorldConference","https:\/\/www.linkedin.com\/company\/mennonite-world-conference-mwc\/","https:\/\/www.instagram.com\/mwcmm\/","https:\/\/www.youtube.com\/user\/mwccmm","https:\/\/bsky.app\/profile\/mwcmm.bsky.social"]},{"@type":"Person","@id":"https:\/\/mwc-cmm.org\/en\/#\/schema\/person\/11f6ae0d7d1868ba20a1cc27f067c836","name":"mennworldcon","image":{"@type":"ImageObject","inLanguage":"fr-FR","@id":"https:\/\/secure.gravatar.com\/avatar\/06fdc0dc81c157dfdb82ec42f252178a22307808988d22c043f9eb96f1e0fe80?s=96&d=mm&r=g","url":"https:\/\/secure.gravatar.com\/avatar\/06fdc0dc81c157dfdb82ec42f252178a22307808988d22c043f9eb96f1e0fe80?s=96&d=mm&r=g","contentUrl":"https:\/\/secure.gravatar.com\/avatar\/06fdc0dc81c157dfdb82ec42f252178a22307808988d22c043f9eb96f1e0fe80?s=96&d=mm&r=g","caption":"mennworldcon"},"sameAs":["https:\/\/mwc-cmm.org"],"url":"https:\/\/mwc-cmm.org\/fr\/stories\/author\/mennworldcon\/"}]}},"_links":{"self":[{"href":"https:\/\/mwc-cmm.org\/fr\/wp-json\/wp\/v2\/posts\/10268","targetHints":{"allow":["GET"]}}],"collection":[{"href":"https:\/\/mwc-cmm.org\/fr\/wp-json\/wp\/v2\/posts"}],"about":[{"href":"https:\/\/mwc-cmm.org\/fr\/wp-json\/wp\/v2\/types\/post"}],"author":[{"embeddable":true,"href":"https:\/\/mwc-cmm.org\/fr\/wp-json\/wp\/v2\/users\/1"}],"replies":[{"embeddable":true,"href":"https:\/\/mwc-cmm.org\/fr\/wp-json\/wp\/v2\/comments?post=10268"}],"version-history":[{"count":0,"href":"https:\/\/mwc-cmm.org\/fr\/wp-json\/wp\/v2\/posts\/10268\/revisions"}],"wp:featuredmedia":[{"embeddable":true,"href":"https:\/\/mwc-cmm.org\/fr\/wp-json\/wp\/v2\/media\/93586"}],"wp:attachment":[{"href":"https:\/\/mwc-cmm.org\/fr\/wp-json\/wp\/v2\/media?parent=10268"}],"wp:term":[{"taxonomy":"category","embeddable":true,"href":"https:\/\/mwc-cmm.org\/fr\/wp-json\/wp\/v2\/categories?post=10268"},{"taxonomy":"post_tag","embeddable":true,"href":"https:\/\/mwc-cmm.org\/fr\/wp-json\/wp\/v2\/tags?post=10268"},{"taxonomy":"network","embeddable":true,"href":"https:\/\/mwc-cmm.org\/fr\/wp-json\/wp\/v2\/network?post=10268"},{"taxonomy":"eventcategory","embeddable":true,"href":"https:\/\/mwc-cmm.org\/fr\/wp-json\/wp\/v2\/eventcategory?post=10268"}],"curies":[{"name":"wp","href":"https:\/\/api.w.org\/{rel}","templated":true}]}}