{"id":10238,"date":"2021-01-19T00:00:00","date_gmt":"2021-01-19T00:00:00","guid":{"rendered":"https:\/\/mwc-cmm.org\/grieving-in-the-time-of-covid-19-4\/"},"modified":"2024-12-10T17:17:42","modified_gmt":"2024-12-10T17:17:42","slug":"grieving-in-the-time-of-covid-19-4","status":"publish","type":"post","link":"https:\/\/mwc-cmm.org\/fr\/stories\/grieving-in-the-time-of-covid-19-4\/","title":{"rendered":"Le deuil au temps de la COVID-19"},"content":{"rendered":"<h2>Une solidarit\u00e9 nouvelle, des moyens diff\u00e9rents<\/h2>\n<p>Notre communaut\u00e9 mennonite de Pfastatt se situe \u00e0 5 minutes d\u2019une megachurch qui a \u00e9t\u00e9 l\u2019un des plus importants foyers d\u2019\u00e9pid\u00e9mie de COVID-19, lors d\u2019une semaine de je\u00fbne et pri\u00e8re dans leurs locaux. Ils furent pendant longtemps injustement accus\u00e9s d\u2019avoir provoqu\u00e9 la plus importante propagation du virus en France. La m\u00e9fiance des autorit\u00e9s vis-\u00e0-vis des \u00e9glises \u00e9vang\u00e9liques subsiste encore.<\/p>\n<h3>Une situation in\u00e9dite<\/h3>\n<p>Nous avons, comme tout le monde, \u00e9t\u00e9 surpris et d\u00e9contenanc\u00e9s par l\u2019ordonnance de confinement du gouvernement. C\u2019\u00e9tait une situation in\u00e9dite et nous n\u2019avions aucun rep\u00e8re.<\/p>\n<p>La n\u00e9cessit\u00e9 de garder le lien fraternel s\u2019est pos\u00e9e tout de suite, surtout pour les quelques personnes isol\u00e9es qui n\u2019\u00e9taient pas connect\u00e9es \u00e0 internet. Il fallait trouver des moyens nouveaux pour soutenir et nourrir spirituellement les membres de la communaut\u00e9.<\/p>\n<p>En tant que pasteur, je devais apprendre \u00e0 prendre soin des gens, leur apporter un enseignement par t\u00e9l\u00e9phone ou Internet. Ceci d\u2019autant plus que je suivais des jeunes converties depuis peu, et il m\u2019a fallu attendre le d\u00e9confinement pour les rencontrer et mieux les conna\u00eetre.<\/p>\n<p>Afin d\u2019\u00eatre disponible et efficace \u00e0 chaque instant, le Coll\u00e8ge (les anciens et diacres de l\u2019assembl\u00e9e) se r\u00e9unissait toutes les semaines par vid\u00e9oconf\u00e9rence. On s\u2019organisait pour prendre r\u00e9guli\u00e8rement des nouvelles de tous, en se r\u00e9partissant les contacts, pour offrir des m\u00e9ditations bibliques chaque semaine par courriel et courrier postal, pour encourager et nourrir chacun. Certaines personnes ont souffert d\u2019angoisse, de d\u00e9pression, d\u2019autres allaient plut\u00f4t bien durant ce temps, mais les sentiments de mal-\u00eatre \u00e9taient \u00e9tranges et jusque-l\u00e0 inconnus.<\/p>\n<h3>\u00ab&nbsp;Nous n\u2019avions jamais autant pri\u00e9 avant cela&nbsp;\u00bb<\/h3>\n<p>Une cha\u00eene de pri\u00e8re fut mise en place sur WhatsApp par une personne de l\u2019\u00e9glise, et montra sa pleine efficacit\u00e9. Des membres m\u2019ont dit&nbsp;: \u00ab&nbsp;nous n\u2019avions jamais autant pri\u00e9, et pour tellement de gens, avant cela&nbsp;!&nbsp;\u00bb<\/p>\n<p>Un autre groupe WhatsApp Parents-Enfants fut cr\u00e9\u00e9, afin d\u2019aider les familles dans la scolarit\u00e9 de leurs enfants, avec la vie quotidienne en confinement, pour sugg\u00e9rer les id\u00e9es pour l\u2019enseignement biblique et l\u2019animation. Beaucoup en ont profit\u00e9.<\/p>\n<p>Une semaine de jeune et pri\u00e8re a \u00e9t\u00e9 maintenue malgr\u00e9 la situation, par le billet de canevas quotidiens distribu\u00e9s par courriel, et plusieurs communiquaient leur v\u00e9cu par le groupe Cha\u00eene de pri\u00e8res. Ensemble nous avons pu suivre de pr\u00e8s l\u2019\u00e9volution de la sant\u00e9 d\u2019une des personnes \u00e2g\u00e9es de notre assembl\u00e9e, atteinte gravement du Coronavirus, et constat\u00e9 comment les \u00e9v\u00e8nements ont \u00e9t\u00e9 conduits afin qu\u2019on la voie revenir parmi les siens, et retrouver la sant\u00e9.<\/p>\n<h3>La douleur du deuil<\/h3>\n<p>Durant ce temps, j\u2019ai pr\u00e9sid\u00e9 \u00e0 deux enterrements pour des personnes d\u00e9c\u00e9d\u00e9es du COVID. Le nombre de personnes autoris\u00e9es \u00e0 y assister \u00e9tait limit\u00e9 \u00e0 25 maximum, et le temps de pr\u00e9sence \u00e0 une demi-heure \u00e0 l\u2019ext\u00e9rieur dans le cimeti\u00e8re. Certains membres de la famille ne purent venir et ce fut difficile, en particulier pour exprimer la douleur du deuil et les \u00e9motions.<\/p>\n<p>Les gens ont appris une solidarit\u00e9 nouvelle, des moyens diff\u00e9rents de se soutenir les uns les autres. Les personnes ont \u00e9t\u00e9 conduites, dans leur solitude, \u00e0 retrouver une relation personnelle avec Dieu, et aussi \u00e0 vivre dans le cercle familial un culte, des \u00e9changes qu\u2019ils n\u2019avaient plus, et qui leur manquaient beaucoup.<\/p>\n<p>Au d\u00e9part, les cultes dominicaux v\u00e9cus en utilisant Zoom et YouTube \u00e9taient une vraie bouff\u00e9e d\u2019oxyg\u00e8ne, voir les visages de nos fr\u00e8res et s\u0153urs rassembl\u00e9s, entendre leurs voix \u00e9tait un vrai sujet de joie.<\/p>\n<p>Mais rien ne remplace une vraie rencontre, en \u00ab&nbsp;pr\u00e9sence r\u00e9elle&nbsp;\u00bb. M\u00eame avec toutes les consignes \u00e0 suivre, les gestes barri\u00e8re \u00e0 respecter, se retrouver \u00e0 nouveau dans notre chapelle, s\u2019entendre chanter et louer ensemble, se saluer, est devenu un vrai luxe. Ceci dit, il n\u2019est pas encore facile pour tout le monde de revenir au culte&nbsp;; c\u2019est un nouveau d\u00e9fi pour les responsables&nbsp;; les habitudes, le format, l\u2019enseignement pour les enfants, tout ceci n\u00e9cessite des inventions nouvelles.<\/p>\n<p>Notre assurance est que notre Dieu Lui, n\u2019est jamais pris au d\u00e9pourvu, et que la venue de son Royaume n\u2019a jamais autant \u00e9t\u00e9 d\u2019actualit\u00e9.<\/p>\n<p><em>Philippe Figui\u00e8re est pasteur, membre du Coll\u00e8ge de l\u2019\u00c9glise \u00c9vang\u00e9lique Mennonite de Pfastatt (Haut-Rhin, France).<\/em><\/p>\n<h2>Touch\u00e9 par le t\u00e9moignage<\/h2>\n<p>Notre assembl\u00e9e locale (Birkenhof) se trouve \u00e0 une trentaine de km de Mulhouse (France), et nous avons eu quatre d\u00e9c\u00e8s dus au COVID-19 avant ao\u00fbt. Trois personnes avaient entre 75 et 80 ans et une 86 ans. Les enterrements se sont pass\u00e9s en plein air devant le cimeti\u00e8re ou au cimeti\u00e8re m\u00eame, en cercle restreint.<\/p>\n<p>Accompagner les familles en deuil dans de telles circonstances est vraiment particulier. L\u2019absence des membres de la famille \u00e9largie, de l\u2019assembl\u00e9e, des amis, des voisins, et une c\u00e9r\u00e9monie en format r\u00e9duit sont v\u00e9cues douloureusement par les personnes frapp\u00e9es par l&rsquo;\u00e9preuve. Il ne leur est pas possible de vivre le deuil dans des conditions normales. La s\u00e9paration est donc d\u2019autant plus difficile.<\/p>\n<p>Prendre des nouvelles, donner des coups de fil, envoyer des messages, exprimer l\u2019affection et le soutien aux personnes endeuill\u00e9s est tr\u00e8s important.<\/p>\n<p>\u00ca deux reprises, les services d\u2019enterrement ont pu \u00eatre film\u00e9s puis mis \u00e0 disposition de ceux qui n\u2019ont pas pu y assister. Nous sommes \u00e9tonn\u00e9s du nombre de vues que l\u2019une de ces vid\u00e9os a atteint. Alors que nous sommes une assembl\u00e9e de 130 membres, le service d\u2019enterrement d\u2019un membre a enregistr\u00e9 785 vues avant ao\u00fbt. Nous osons croire qu\u2019un public non chr\u00e9tien a aussi \u00e9t\u00e9 touch\u00e9 par le t\u00e9moignage laiss\u00e9 par ce fr\u00e8re d\u00e9c\u00e9d\u00e9.<\/p>\n<p><em>Luc Nussbaumer est <\/em><em>pasteur de l\u2019\u00c9glise \u00c9vang\u00e9lique Mennonite de Birkenhof (France).<\/em><\/p>\n<hr \/>\n<h5>Cet article est paru pour la premi\u00e8re fois dans le num\u00e9ro d\u2019octobre 2019 de <a href=\"\/fr\/node\/146\"><em>Courier\/Correo\/Courrier<\/em><\/a>.<\/h5>\n","protected":false},"excerpt":{"rendered":"<p>Une solidarit\u00e9 nouvelle, des moyens diff\u00e9rents Notre communaut\u00e9 mennonite de Pfastatt se situe \u00e0 5 minutes d\u2019une megachurch qui a \u00e9t\u00e9 l\u2019un des plus importants foyers d\u2019\u00e9pid\u00e9mie de COVID-19, lors d\u2019une semaine de je\u00fbne et pri\u00e8re dans leurs locaux. Ils furent pendant longtemps injustement accus\u00e9s d\u2019avoir provoqu\u00e9 la plus importante propagation du virus en France. [&hellip;]<\/p>\n","protected":false},"author":1,"featured_media":93209,"comment_status":"closed","ping_status":"closed","sticky":false,"template":"","format":"standard","meta":{"_acf_changed":false,"footnotes":""},"categories":[7],"tags":[],"network":[1307],"eventcategory":[],"class_list":["post-10238","post","type-post","status-publish","format-standard","has-post-thumbnail","hentry","category-non-classifiee","network-courier-fr"],"acf":[],"yoast_head":"<!-- This site is optimized with the Yoast SEO plugin v27.2 - https:\/\/yoast.com\/product\/yoast-seo-wordpress\/ -->\n<title>Le deuil au temps de la COVID-19 - Mennonite World Conference<\/title>\n<meta name=\"robots\" content=\"index, follow, max-snippet:-1, max-image-preview:large, max-video-preview:-1\" \/>\n<link rel=\"canonical\" href=\"https:\/\/mwc-cmm.org\/en\/stories\/grieving-in-the-time-of-covid-19-2\/\" \/>\n<meta property=\"og:locale\" content=\"fr_FR\" \/>\n<meta property=\"og:type\" content=\"article\" \/>\n<meta property=\"og:title\" content=\"Le deuil au temps de la COVID-19 - Mennonite World Conference\" \/>\n<meta property=\"og:description\" content=\"Une solidarit\u00e9 nouvelle, des moyens diff\u00e9rents Notre communaut\u00e9 mennonite de Pfastatt se situe \u00e0 5 minutes d\u2019une megachurch qui a \u00e9t\u00e9 l\u2019un des plus importants foyers d\u2019\u00e9pid\u00e9mie de COVID-19, lors d\u2019une semaine de je\u00fbne et pri\u00e8re dans leurs locaux. Ils furent pendant longtemps injustement accus\u00e9s d\u2019avoir provoqu\u00e9 la plus importante propagation du virus en France. [&hellip;]\" \/>\n<meta property=\"og:url\" content=\"https:\/\/mwc-cmm.org\/en\/stories\/grieving-in-the-time-of-covid-19-2\/\" \/>\n<meta property=\"og:site_name\" content=\"Mennonite World Conference\" \/>\n<meta property=\"article:publisher\" content=\"https:\/\/www.facebook.com\/MennoniteWorldConference\" \/>\n<meta property=\"article:published_time\" content=\"2021-01-19T00:00:00+00:00\" \/>\n<meta property=\"article:modified_time\" content=\"2024-12-10T17:17:42+00:00\" \/>\n<meta property=\"og:image\" content=\"https:\/\/mwc-cmm.org\/wp-content\/uploads\/2024\/11\/img_4485-scaled.jpg\" \/>\n\t<meta property=\"og:image:width\" content=\"2560\" \/>\n\t<meta property=\"og:image:height\" content=\"1707\" \/>\n\t<meta property=\"og:image:type\" content=\"image\/jpeg\" \/>\n<meta name=\"author\" content=\"mennworldcon\" \/>\n<script type=\"application\/ld+json\" class=\"yoast-schema-graph\">{\"@context\":\"https:\/\/schema.org\",\"@graph\":[{\"@type\":\"Article\",\"@id\":\"https:\/\/mwc-cmm.org\/en\/stories\/grieving-in-the-time-of-covid-19-2\/#article\",\"isPartOf\":{\"@id\":\"https:\/\/mwc-cmm.org\/en\/stories\/grieving-in-the-time-of-covid-19-2\/\"},\"author\":{\"name\":\"mennworldcon\",\"@id\":\"https:\/\/mwc-cmm.org\/en\/#\/schema\/person\/11f6ae0d7d1868ba20a1cc27f067c836\"},\"headline\":\"Le deuil au temps de la COVID-19\",\"datePublished\":\"2021-01-19T00:00:00+00:00\",\"dateModified\":\"2024-12-10T17:17:42+00:00\",\"mainEntityOfPage\":{\"@id\":\"https:\/\/mwc-cmm.org\/en\/stories\/grieving-in-the-time-of-covid-19-2\/\"},\"wordCount\":1072,\"publisher\":{\"@id\":\"https:\/\/mwc-cmm.org\/en\/#organization\"},\"image\":{\"@id\":\"https:\/\/mwc-cmm.org\/en\/stories\/grieving-in-the-time-of-covid-19-2\/#primaryimage\"},\"thumbnailUrl\":\"https:\/\/mwc-cmm.org\/wp-content\/uploads\/2024\/11\/img_4485-scaled.jpg\",\"articleSection\":[\"Non classifi\u00e9(e)\"],\"inLanguage\":\"fr-FR\"},{\"@type\":\"WebPage\",\"@id\":\"https:\/\/mwc-cmm.org\/en\/stories\/grieving-in-the-time-of-covid-19-2\/\",\"url\":\"https:\/\/mwc-cmm.org\/en\/stories\/grieving-in-the-time-of-covid-19-2\/\",\"name\":\"Le deuil au temps de la COVID-19 - Mennonite World Conference\",\"isPartOf\":{\"@id\":\"https:\/\/mwc-cmm.org\/en\/#website\"},\"primaryImageOfPage\":{\"@id\":\"https:\/\/mwc-cmm.org\/en\/stories\/grieving-in-the-time-of-covid-19-2\/#primaryimage\"},\"image\":{\"@id\":\"https:\/\/mwc-cmm.org\/en\/stories\/grieving-in-the-time-of-covid-19-2\/#primaryimage\"},\"thumbnailUrl\":\"https:\/\/mwc-cmm.org\/wp-content\/uploads\/2024\/11\/img_4485-scaled.jpg\",\"datePublished\":\"2021-01-19T00:00:00+00:00\",\"dateModified\":\"2024-12-10T17:17:42+00:00\",\"breadcrumb\":{\"@id\":\"https:\/\/mwc-cmm.org\/en\/stories\/grieving-in-the-time-of-covid-19-2\/#breadcrumb\"},\"inLanguage\":\"fr-FR\",\"potentialAction\":[{\"@type\":\"ReadAction\",\"target\":[\"https:\/\/mwc-cmm.org\/en\/stories\/grieving-in-the-time-of-covid-19-2\/\"]}]},{\"@type\":\"ImageObject\",\"inLanguage\":\"fr-FR\",\"@id\":\"https:\/\/mwc-cmm.org\/en\/stories\/grieving-in-the-time-of-covid-19-2\/#primaryimage\",\"url\":\"https:\/\/mwc-cmm.org\/wp-content\/uploads\/2024\/11\/img_4485-scaled.jpg\",\"contentUrl\":\"https:\/\/mwc-cmm.org\/wp-content\/uploads\/2024\/11\/img_4485-scaled.jpg\",\"width\":2560,\"height\":1707},{\"@type\":\"BreadcrumbList\",\"@id\":\"https:\/\/mwc-cmm.org\/en\/stories\/grieving-in-the-time-of-covid-19-2\/#breadcrumb\",\"itemListElement\":[{\"@type\":\"ListItem\",\"position\":1,\"name\":\"Home\",\"item\":\"https:\/\/mwc-cmm.org\/fr\/\"},{\"@type\":\"ListItem\",\"position\":2,\"name\":\"Le deuil au temps de la COVID-19\"}]},{\"@type\":\"WebSite\",\"@id\":\"https:\/\/mwc-cmm.org\/en\/#website\",\"url\":\"https:\/\/mwc-cmm.org\/en\/\",\"name\":\"Mennonite World Conference\",\"description\":\"A communion of Anabaptist-related churches\",\"publisher\":{\"@id\":\"https:\/\/mwc-cmm.org\/en\/#organization\"},\"alternateName\":\"MWC\",\"potentialAction\":[{\"@type\":\"SearchAction\",\"target\":{\"@type\":\"EntryPoint\",\"urlTemplate\":\"https:\/\/mwc-cmm.org\/en\/?s={search_term_string}\"},\"query-input\":{\"@type\":\"PropertyValueSpecification\",\"valueRequired\":true,\"valueName\":\"search_term_string\"}}],\"inLanguage\":\"fr-FR\"},{\"@type\":\"Organization\",\"@id\":\"https:\/\/mwc-cmm.org\/en\/#organization\",\"name\":\"Mennonite World Conference\",\"alternateName\":\"MWC\",\"url\":\"https:\/\/mwc-cmm.org\/en\/\",\"logo\":{\"@type\":\"ImageObject\",\"inLanguage\":\"fr-FR\",\"@id\":\"https:\/\/mwc-cmm.org\/en\/#\/schema\/logo\/image\/\",\"url\":\"https:\/\/mwc-cmm.org\/wp-content\/uploads\/2026\/01\/MWC_Sig_Blue_Horiz_webheader1-logo.svg\",\"contentUrl\":\"https:\/\/mwc-cmm.org\/wp-content\/uploads\/2026\/01\/MWC_Sig_Blue_Horiz_webheader1-logo.svg\",\"width\":786,\"height\":82,\"caption\":\"Mennonite World Conference\"},\"image\":{\"@id\":\"https:\/\/mwc-cmm.org\/en\/#\/schema\/logo\/image\/\"},\"sameAs\":[\"https:\/\/www.facebook.com\/MennoniteWorldConference\",\"https:\/\/www.linkedin.com\/company\/mennonite-world-conference-mwc\/\",\"https:\/\/www.instagram.com\/mwcmm\/\",\"https:\/\/www.youtube.com\/user\/mwccmm\",\"https:\/\/bsky.app\/profile\/mwcmm.bsky.social\"]},{\"@type\":\"Person\",\"@id\":\"https:\/\/mwc-cmm.org\/en\/#\/schema\/person\/11f6ae0d7d1868ba20a1cc27f067c836\",\"name\":\"mennworldcon\",\"image\":{\"@type\":\"ImageObject\",\"inLanguage\":\"fr-FR\",\"@id\":\"https:\/\/secure.gravatar.com\/avatar\/06fdc0dc81c157dfdb82ec42f252178a22307808988d22c043f9eb96f1e0fe80?s=96&d=mm&r=g\",\"url\":\"https:\/\/secure.gravatar.com\/avatar\/06fdc0dc81c157dfdb82ec42f252178a22307808988d22c043f9eb96f1e0fe80?s=96&d=mm&r=g\",\"contentUrl\":\"https:\/\/secure.gravatar.com\/avatar\/06fdc0dc81c157dfdb82ec42f252178a22307808988d22c043f9eb96f1e0fe80?s=96&d=mm&r=g\",\"caption\":\"mennworldcon\"},\"sameAs\":[\"https:\/\/mwc-cmm.org\"],\"url\":\"https:\/\/mwc-cmm.org\/fr\/stories\/author\/mennworldcon\/\"}]}<\/script>\n<!-- \/ Yoast SEO plugin. -->","yoast_head_json":{"title":"Le deuil au temps de la COVID-19 - Mennonite World Conference","robots":{"index":"index","follow":"follow","max-snippet":"max-snippet:-1","max-image-preview":"max-image-preview:large","max-video-preview":"max-video-preview:-1"},"canonical":"https:\/\/mwc-cmm.org\/en\/stories\/grieving-in-the-time-of-covid-19-2\/","og_locale":"fr_FR","og_type":"article","og_title":"Le deuil au temps de la COVID-19 - Mennonite World Conference","og_description":"Une solidarit\u00e9 nouvelle, des moyens diff\u00e9rents Notre communaut\u00e9 mennonite de Pfastatt se situe \u00e0 5 minutes d\u2019une megachurch qui a \u00e9t\u00e9 l\u2019un des plus importants foyers d\u2019\u00e9pid\u00e9mie de COVID-19, lors d\u2019une semaine de je\u00fbne et pri\u00e8re dans leurs locaux. Ils furent pendant longtemps injustement accus\u00e9s d\u2019avoir provoqu\u00e9 la plus importante propagation du virus en France. [&hellip;]","og_url":"https:\/\/mwc-cmm.org\/en\/stories\/grieving-in-the-time-of-covid-19-2\/","og_site_name":"Mennonite World Conference","article_publisher":"https:\/\/www.facebook.com\/MennoniteWorldConference","article_published_time":"2021-01-19T00:00:00+00:00","article_modified_time":"2024-12-10T17:17:42+00:00","og_image":[{"width":2560,"height":1707,"url":"https:\/\/mwc-cmm.org\/wp-content\/uploads\/2024\/11\/img_4485-scaled.jpg","type":"image\/jpeg"}],"author":"mennworldcon","schema":{"@context":"https:\/\/schema.org","@graph":[{"@type":"Article","@id":"https:\/\/mwc-cmm.org\/en\/stories\/grieving-in-the-time-of-covid-19-2\/#article","isPartOf":{"@id":"https:\/\/mwc-cmm.org\/en\/stories\/grieving-in-the-time-of-covid-19-2\/"},"author":{"name":"mennworldcon","@id":"https:\/\/mwc-cmm.org\/en\/#\/schema\/person\/11f6ae0d7d1868ba20a1cc27f067c836"},"headline":"Le deuil au temps de la COVID-19","datePublished":"2021-01-19T00:00:00+00:00","dateModified":"2024-12-10T17:17:42+00:00","mainEntityOfPage":{"@id":"https:\/\/mwc-cmm.org\/en\/stories\/grieving-in-the-time-of-covid-19-2\/"},"wordCount":1072,"publisher":{"@id":"https:\/\/mwc-cmm.org\/en\/#organization"},"image":{"@id":"https:\/\/mwc-cmm.org\/en\/stories\/grieving-in-the-time-of-covid-19-2\/#primaryimage"},"thumbnailUrl":"https:\/\/mwc-cmm.org\/wp-content\/uploads\/2024\/11\/img_4485-scaled.jpg","articleSection":["Non classifi\u00e9(e)"],"inLanguage":"fr-FR"},{"@type":"WebPage","@id":"https:\/\/mwc-cmm.org\/en\/stories\/grieving-in-the-time-of-covid-19-2\/","url":"https:\/\/mwc-cmm.org\/en\/stories\/grieving-in-the-time-of-covid-19-2\/","name":"Le deuil au temps de la COVID-19 - Mennonite World Conference","isPartOf":{"@id":"https:\/\/mwc-cmm.org\/en\/#website"},"primaryImageOfPage":{"@id":"https:\/\/mwc-cmm.org\/en\/stories\/grieving-in-the-time-of-covid-19-2\/#primaryimage"},"image":{"@id":"https:\/\/mwc-cmm.org\/en\/stories\/grieving-in-the-time-of-covid-19-2\/#primaryimage"},"thumbnailUrl":"https:\/\/mwc-cmm.org\/wp-content\/uploads\/2024\/11\/img_4485-scaled.jpg","datePublished":"2021-01-19T00:00:00+00:00","dateModified":"2024-12-10T17:17:42+00:00","breadcrumb":{"@id":"https:\/\/mwc-cmm.org\/en\/stories\/grieving-in-the-time-of-covid-19-2\/#breadcrumb"},"inLanguage":"fr-FR","potentialAction":[{"@type":"ReadAction","target":["https:\/\/mwc-cmm.org\/en\/stories\/grieving-in-the-time-of-covid-19-2\/"]}]},{"@type":"ImageObject","inLanguage":"fr-FR","@id":"https:\/\/mwc-cmm.org\/en\/stories\/grieving-in-the-time-of-covid-19-2\/#primaryimage","url":"https:\/\/mwc-cmm.org\/wp-content\/uploads\/2024\/11\/img_4485-scaled.jpg","contentUrl":"https:\/\/mwc-cmm.org\/wp-content\/uploads\/2024\/11\/img_4485-scaled.jpg","width":2560,"height":1707},{"@type":"BreadcrumbList","@id":"https:\/\/mwc-cmm.org\/en\/stories\/grieving-in-the-time-of-covid-19-2\/#breadcrumb","itemListElement":[{"@type":"ListItem","position":1,"name":"Home","item":"https:\/\/mwc-cmm.org\/fr\/"},{"@type":"ListItem","position":2,"name":"Le deuil au temps de la COVID-19"}]},{"@type":"WebSite","@id":"https:\/\/mwc-cmm.org\/en\/#website","url":"https:\/\/mwc-cmm.org\/en\/","name":"Mennonite World Conference","description":"A communion of Anabaptist-related churches","publisher":{"@id":"https:\/\/mwc-cmm.org\/en\/#organization"},"alternateName":"MWC","potentialAction":[{"@type":"SearchAction","target":{"@type":"EntryPoint","urlTemplate":"https:\/\/mwc-cmm.org\/en\/?s={search_term_string}"},"query-input":{"@type":"PropertyValueSpecification","valueRequired":true,"valueName":"search_term_string"}}],"inLanguage":"fr-FR"},{"@type":"Organization","@id":"https:\/\/mwc-cmm.org\/en\/#organization","name":"Mennonite World Conference","alternateName":"MWC","url":"https:\/\/mwc-cmm.org\/en\/","logo":{"@type":"ImageObject","inLanguage":"fr-FR","@id":"https:\/\/mwc-cmm.org\/en\/#\/schema\/logo\/image\/","url":"https:\/\/mwc-cmm.org\/wp-content\/uploads\/2026\/01\/MWC_Sig_Blue_Horiz_webheader1-logo.svg","contentUrl":"https:\/\/mwc-cmm.org\/wp-content\/uploads\/2026\/01\/MWC_Sig_Blue_Horiz_webheader1-logo.svg","width":786,"height":82,"caption":"Mennonite World Conference"},"image":{"@id":"https:\/\/mwc-cmm.org\/en\/#\/schema\/logo\/image\/"},"sameAs":["https:\/\/www.facebook.com\/MennoniteWorldConference","https:\/\/www.linkedin.com\/company\/mennonite-world-conference-mwc\/","https:\/\/www.instagram.com\/mwcmm\/","https:\/\/www.youtube.com\/user\/mwccmm","https:\/\/bsky.app\/profile\/mwcmm.bsky.social"]},{"@type":"Person","@id":"https:\/\/mwc-cmm.org\/en\/#\/schema\/person\/11f6ae0d7d1868ba20a1cc27f067c836","name":"mennworldcon","image":{"@type":"ImageObject","inLanguage":"fr-FR","@id":"https:\/\/secure.gravatar.com\/avatar\/06fdc0dc81c157dfdb82ec42f252178a22307808988d22c043f9eb96f1e0fe80?s=96&d=mm&r=g","url":"https:\/\/secure.gravatar.com\/avatar\/06fdc0dc81c157dfdb82ec42f252178a22307808988d22c043f9eb96f1e0fe80?s=96&d=mm&r=g","contentUrl":"https:\/\/secure.gravatar.com\/avatar\/06fdc0dc81c157dfdb82ec42f252178a22307808988d22c043f9eb96f1e0fe80?s=96&d=mm&r=g","caption":"mennworldcon"},"sameAs":["https:\/\/mwc-cmm.org"],"url":"https:\/\/mwc-cmm.org\/fr\/stories\/author\/mennworldcon\/"}]}},"_links":{"self":[{"href":"https:\/\/mwc-cmm.org\/fr\/wp-json\/wp\/v2\/posts\/10238","targetHints":{"allow":["GET"]}}],"collection":[{"href":"https:\/\/mwc-cmm.org\/fr\/wp-json\/wp\/v2\/posts"}],"about":[{"href":"https:\/\/mwc-cmm.org\/fr\/wp-json\/wp\/v2\/types\/post"}],"author":[{"embeddable":true,"href":"https:\/\/mwc-cmm.org\/fr\/wp-json\/wp\/v2\/users\/1"}],"replies":[{"embeddable":true,"href":"https:\/\/mwc-cmm.org\/fr\/wp-json\/wp\/v2\/comments?post=10238"}],"version-history":[{"count":0,"href":"https:\/\/mwc-cmm.org\/fr\/wp-json\/wp\/v2\/posts\/10238\/revisions"}],"wp:featuredmedia":[{"embeddable":true,"href":"https:\/\/mwc-cmm.org\/fr\/wp-json\/wp\/v2\/media\/93209"}],"wp:attachment":[{"href":"https:\/\/mwc-cmm.org\/fr\/wp-json\/wp\/v2\/media?parent=10238"}],"wp:term":[{"taxonomy":"category","embeddable":true,"href":"https:\/\/mwc-cmm.org\/fr\/wp-json\/wp\/v2\/categories?post=10238"},{"taxonomy":"post_tag","embeddable":true,"href":"https:\/\/mwc-cmm.org\/fr\/wp-json\/wp\/v2\/tags?post=10238"},{"taxonomy":"network","embeddable":true,"href":"https:\/\/mwc-cmm.org\/fr\/wp-json\/wp\/v2\/network?post=10238"},{"taxonomy":"eventcategory","embeddable":true,"href":"https:\/\/mwc-cmm.org\/fr\/wp-json\/wp\/v2\/eventcategory?post=10238"}],"curies":[{"name":"wp","href":"https:\/\/api.w.org\/{rel}","templated":true}]}}