{"id":10214,"date":"2020-10-20T00:00:00","date_gmt":"2020-10-20T00:00:00","guid":{"rendered":"https:\/\/mwc-cmm.org\/ministerial-credentials-terminated-4\/"},"modified":"2024-12-10T17:17:27","modified_gmt":"2024-12-10T17:17:27","slug":"fonctions-pastorales-terminees","status":"publish","type":"post","link":"https:\/\/mwc-cmm.org\/fr\/stories\/fonctions-pastorales-terminees\/","title":{"rendered":"Fonctions pastorales termin\u00e9es"},"content":{"rendered":"<p>Les unions d\u2019\u00e9glises Mennonite Church Canada et Mennonite Church USA et la Conf\u00e9rence Mennonite Mondiale ont \u00e9t\u00e9 mises au courant par l\u2019union d\u2019\u00e9glises Mennonite Church Eastern Canada (MCEC) de la r\u00e9vocation des fonctions pastorales de John D. Rempel, de Niagara-on-the-Lake, Ontario, pour inconduite sexuelle et faute dans l\u2019exercice de son minist\u00e8re.<\/p>\n<p>Nous, les institutions d\u2019\u00e9glise qui avons \u00e9troitement travaill\u00e9 avec John Rempel au cours de sa carri\u00e8re de pasteur, de professeur et de th\u00e9ologien, nous pleurons avec les victimes et les survivantes que John Rempel a bless\u00e9 par ses actions et nous honorons le courage dont elles ont fait preuve en parlant. Cette nouvelle met en \u00e9vidence l\u2019injustice subie par d\u2019autres dans notre communaut\u00e9 de foi et nous le reconnaissons. Nous pleurons aussi avec le Corps de l\u2019\u00e9glise dans lequel John Rempel a trouv\u00e9 un soutien et un sentiment d\u2019appartenance.<\/p>\n<p>Nous qui suivons J\u00e9sus Christ, nous sommes appel\u00e9s \u00e0 prendre part au minist\u00e8re du Christ, minist\u00e8re de bonne nouvelle, de gu\u00e9rison, d\u2019espoir, de paix et de justice. Face \u00e0 la violence, y compris aux abus sexuels, nous sommes appel\u00e9s \u00e0 t\u00e9moigner de l\u2019amour du Christ qui gu\u00e9rit.<\/p>\n<p>En tant qu\u2019institutions confessionnelles nationales et internationales, nous saluons la d\u00e9cision, prise par MCEC, d\u2019agir rapidement et publiquement et d\u2019accompagner les victimes-survivantes sur le chemin de la gu\u00e9rison et de la reconstruction. M\u00eame s\u2019il ne sera pas possible de le r\u00e9tablir dans ses fonctions pastorales au vu des circonstances, nous esp\u00e9rons que John Rempel puisse vivre le pardon.<\/p>\n<p>Aux c\u00f4t\u00e9s de MCEC, nous nous tournons vers Dieu dans la pri\u00e8re, et nous demandons sa gr\u00e2ce et son amour compatissant sur toutes celles qui ont \u00e9t\u00e9 affect\u00e9es.&nbsp;<\/p>\n<p><em>\u2014Communiqu\u00e9 de la Conf\u00e9rence Mennonite Mondiale<\/em><\/p>\n","protected":false},"excerpt":{"rendered":"<p>Les unions d\u2019\u00e9glises Mennonite Church Canada et Mennonite Church USA et la Conf\u00e9rence Mennonite Mondiale ont \u00e9t\u00e9 mises au courant par l\u2019union d\u2019\u00e9glises Mennonite Church Eastern Canada (MCEC) de la r\u00e9vocation des fonctions pastorales de John D. Rempel, de Niagara-on-the-Lake, Ontario, pour inconduite sexuelle et faute dans l\u2019exercice de son minist\u00e8re. Nous, les institutions d\u2019\u00e9glise [&hellip;]<\/p>\n","protected":false},"author":1,"featured_media":92204,"comment_status":"closed","ping_status":"closed","sticky":false,"template":"","format":"standard","meta":{"_acf_changed":false,"footnotes":""},"categories":[7],"tags":[],"network":[],"eventcategory":[],"class_list":["post-10214","post","type-post","status-publish","format-standard","has-post-thumbnail","hentry","category-non-classifiee"],"acf":[],"yoast_head":"<!-- This site is optimized with the Yoast SEO plugin v27.5 - https:\/\/yoast.com\/product\/yoast-seo-wordpress\/ -->\n<title>Fonctions pastorales termin\u00e9es - Mennonite World Conference<\/title>\n<meta name=\"robots\" content=\"index, follow, max-snippet:-1, max-image-preview:large, max-video-preview:-1\" \/>\n<link rel=\"canonical\" href=\"https:\/\/mwc-cmm.org\/fr\/stories\/fonctions-pastorales-terminees\/\" \/>\n<meta property=\"og:locale\" content=\"fr_FR\" \/>\n<meta property=\"og:type\" content=\"article\" \/>\n<meta property=\"og:title\" content=\"Fonctions pastorales termin\u00e9es - Mennonite World Conference\" \/>\n<meta property=\"og:description\" content=\"Les unions d\u2019\u00e9glises Mennonite Church Canada et Mennonite Church USA et la Conf\u00e9rence Mennonite Mondiale ont \u00e9t\u00e9 mises au courant par l\u2019union d\u2019\u00e9glises Mennonite Church Eastern Canada (MCEC) de la r\u00e9vocation des fonctions pastorales de John D. Rempel, de Niagara-on-the-Lake, Ontario, pour inconduite sexuelle et faute dans l\u2019exercice de son minist\u00e8re. Nous, les institutions d\u2019\u00e9glise [&hellip;]\" \/>\n<meta property=\"og:url\" content=\"https:\/\/mwc-cmm.org\/fr\/stories\/fonctions-pastorales-terminees\/\" \/>\n<meta property=\"og:site_name\" content=\"Mennonite World Conference\" \/>\n<meta property=\"article:publisher\" content=\"https:\/\/www.facebook.com\/MennoniteWorldConference\" \/>\n<meta property=\"article:published_time\" content=\"2020-10-20T00:00:00+00:00\" \/>\n<meta property=\"article:modified_time\" content=\"2024-12-10T17:17:27+00:00\" \/>\n<meta property=\"og:image\" content=\"https:\/\/mwc-cmm.org\/wp-content\/uploads\/2024\/11\/mwc_logo-600px_blue.png\" \/>\n\t<meta property=\"og:image:width\" content=\"600\" \/>\n\t<meta property=\"og:image:height\" content=\"600\" \/>\n\t<meta property=\"og:image:type\" content=\"image\/png\" \/>\n<meta name=\"author\" content=\"mennworldcon\" \/>\n<script type=\"application\/ld+json\" class=\"yoast-schema-graph\">{\"@context\":\"https:\\\/\\\/schema.org\",\"@graph\":[{\"@type\":\"Article\",\"@id\":\"https:\\\/\\\/mwc-cmm.org\\\/fr\\\/stories\\\/fonctions-pastorales-terminees\\\/#article\",\"isPartOf\":{\"@id\":\"https:\\\/\\\/mwc-cmm.org\\\/fr\\\/stories\\\/fonctions-pastorales-terminees\\\/\"},\"author\":{\"name\":\"mennworldcon\",\"@id\":\"https:\\\/\\\/mwc-cmm.org\\\/en\\\/#\\\/schema\\\/person\\\/11f6ae0d7d1868ba20a1cc27f067c836\"},\"headline\":\"Fonctions pastorales termin\u00e9es\",\"datePublished\":\"2020-10-20T00:00:00+00:00\",\"dateModified\":\"2024-12-10T17:17:27+00:00\",\"mainEntityOfPage\":{\"@id\":\"https:\\\/\\\/mwc-cmm.org\\\/fr\\\/stories\\\/fonctions-pastorales-terminees\\\/\"},\"wordCount\":320,\"publisher\":{\"@id\":\"https:\\\/\\\/mwc-cmm.org\\\/en\\\/#organization\"},\"image\":{\"@id\":\"https:\\\/\\\/mwc-cmm.org\\\/fr\\\/stories\\\/fonctions-pastorales-terminees\\\/#primaryimage\"},\"thumbnailUrl\":\"https:\\\/\\\/mwc-cmm.org\\\/wp-content\\\/uploads\\\/2024\\\/11\\\/mwc_logo-600px_blue.png\",\"articleSection\":[\"Non classifi\u00e9(e)\"],\"inLanguage\":\"fr-FR\"},{\"@type\":\"WebPage\",\"@id\":\"https:\\\/\\\/mwc-cmm.org\\\/fr\\\/stories\\\/fonctions-pastorales-terminees\\\/\",\"url\":\"https:\\\/\\\/mwc-cmm.org\\\/fr\\\/stories\\\/fonctions-pastorales-terminees\\\/\",\"name\":\"Fonctions pastorales termin\u00e9es - Mennonite World Conference\",\"isPartOf\":{\"@id\":\"https:\\\/\\\/mwc-cmm.org\\\/en\\\/#website\"},\"primaryImageOfPage\":{\"@id\":\"https:\\\/\\\/mwc-cmm.org\\\/fr\\\/stories\\\/fonctions-pastorales-terminees\\\/#primaryimage\"},\"image\":{\"@id\":\"https:\\\/\\\/mwc-cmm.org\\\/fr\\\/stories\\\/fonctions-pastorales-terminees\\\/#primaryimage\"},\"thumbnailUrl\":\"https:\\\/\\\/mwc-cmm.org\\\/wp-content\\\/uploads\\\/2024\\\/11\\\/mwc_logo-600px_blue.png\",\"datePublished\":\"2020-10-20T00:00:00+00:00\",\"dateModified\":\"2024-12-10T17:17:27+00:00\",\"breadcrumb\":{\"@id\":\"https:\\\/\\\/mwc-cmm.org\\\/fr\\\/stories\\\/fonctions-pastorales-terminees\\\/#breadcrumb\"},\"inLanguage\":\"fr-FR\",\"potentialAction\":[{\"@type\":\"ReadAction\",\"target\":[\"https:\\\/\\\/mwc-cmm.org\\\/fr\\\/stories\\\/fonctions-pastorales-terminees\\\/\"]}]},{\"@type\":\"ImageObject\",\"inLanguage\":\"fr-FR\",\"@id\":\"https:\\\/\\\/mwc-cmm.org\\\/fr\\\/stories\\\/fonctions-pastorales-terminees\\\/#primaryimage\",\"url\":\"https:\\\/\\\/mwc-cmm.org\\\/wp-content\\\/uploads\\\/2024\\\/11\\\/mwc_logo-600px_blue.png\",\"contentUrl\":\"https:\\\/\\\/mwc-cmm.org\\\/wp-content\\\/uploads\\\/2024\\\/11\\\/mwc_logo-600px_blue.png\",\"width\":600,\"height\":600},{\"@type\":\"BreadcrumbList\",\"@id\":\"https:\\\/\\\/mwc-cmm.org\\\/fr\\\/stories\\\/fonctions-pastorales-terminees\\\/#breadcrumb\",\"itemListElement\":[{\"@type\":\"ListItem\",\"position\":1,\"name\":\"Home\",\"item\":\"https:\\\/\\\/mwc-cmm.org\\\/fr\\\/\"},{\"@type\":\"ListItem\",\"position\":2,\"name\":\"Fonctions pastorales termin\u00e9es\"}]},{\"@type\":\"WebSite\",\"@id\":\"https:\\\/\\\/mwc-cmm.org\\\/en\\\/#website\",\"url\":\"https:\\\/\\\/mwc-cmm.org\\\/en\\\/\",\"name\":\"Mennonite World Conference\",\"description\":\"A communion of Anabaptist-related churches\",\"publisher\":{\"@id\":\"https:\\\/\\\/mwc-cmm.org\\\/en\\\/#organization\"},\"alternateName\":\"MWC\",\"potentialAction\":[{\"@type\":\"SearchAction\",\"target\":{\"@type\":\"EntryPoint\",\"urlTemplate\":\"https:\\\/\\\/mwc-cmm.org\\\/en\\\/?s={search_term_string}\"},\"query-input\":{\"@type\":\"PropertyValueSpecification\",\"valueRequired\":true,\"valueName\":\"search_term_string\"}}],\"inLanguage\":\"fr-FR\"},{\"@type\":\"Organization\",\"@id\":\"https:\\\/\\\/mwc-cmm.org\\\/en\\\/#organization\",\"name\":\"Mennonite World Conference\",\"alternateName\":\"MWC\",\"url\":\"https:\\\/\\\/mwc-cmm.org\\\/en\\\/\",\"logo\":{\"@type\":\"ImageObject\",\"inLanguage\":\"fr-FR\",\"@id\":\"https:\\\/\\\/mwc-cmm.org\\\/en\\\/#\\\/schema\\\/logo\\\/image\\\/\",\"url\":\"https:\\\/\\\/mwc-cmm.org\\\/wp-content\\\/uploads\\\/2026\\\/01\\\/MWC_Sig_Blue_Horiz_webheader1-logo.svg\",\"contentUrl\":\"https:\\\/\\\/mwc-cmm.org\\\/wp-content\\\/uploads\\\/2026\\\/01\\\/MWC_Sig_Blue_Horiz_webheader1-logo.svg\",\"width\":786,\"height\":82,\"caption\":\"Mennonite World Conference\"},\"image\":{\"@id\":\"https:\\\/\\\/mwc-cmm.org\\\/en\\\/#\\\/schema\\\/logo\\\/image\\\/\"},\"sameAs\":[\"https:\\\/\\\/www.facebook.com\\\/MennoniteWorldConference\",\"https:\\\/\\\/www.linkedin.com\\\/company\\\/mennonite-world-conference-mwc\\\/\",\"https:\\\/\\\/www.instagram.com\\\/mwcmm\\\/\",\"https:\\\/\\\/www.youtube.com\\\/user\\\/mwccmm\",\"https:\\\/\\\/bsky.app\\\/profile\\\/mwcmm.bsky.social\"]},{\"@type\":\"Person\",\"@id\":\"https:\\\/\\\/mwc-cmm.org\\\/en\\\/#\\\/schema\\\/person\\\/11f6ae0d7d1868ba20a1cc27f067c836\",\"name\":\"mennworldcon\",\"image\":{\"@type\":\"ImageObject\",\"inLanguage\":\"fr-FR\",\"@id\":\"https:\\\/\\\/secure.gravatar.com\\\/avatar\\\/06fdc0dc81c157dfdb82ec42f252178a22307808988d22c043f9eb96f1e0fe80?s=96&d=mm&r=g\",\"url\":\"https:\\\/\\\/secure.gravatar.com\\\/avatar\\\/06fdc0dc81c157dfdb82ec42f252178a22307808988d22c043f9eb96f1e0fe80?s=96&d=mm&r=g\",\"contentUrl\":\"https:\\\/\\\/secure.gravatar.com\\\/avatar\\\/06fdc0dc81c157dfdb82ec42f252178a22307808988d22c043f9eb96f1e0fe80?s=96&d=mm&r=g\",\"caption\":\"mennworldcon\"},\"sameAs\":[\"https:\\\/\\\/mwc-cmm.org\"],\"url\":\"https:\\\/\\\/mwc-cmm.org\\\/fr\\\/stories\\\/author\\\/mennworldcon\\\/\"}]}<\/script>\n<!-- \/ Yoast SEO plugin. -->","yoast_head_json":{"title":"Fonctions pastorales termin\u00e9es - Mennonite World Conference","robots":{"index":"index","follow":"follow","max-snippet":"max-snippet:-1","max-image-preview":"max-image-preview:large","max-video-preview":"max-video-preview:-1"},"canonical":"https:\/\/mwc-cmm.org\/fr\/stories\/fonctions-pastorales-terminees\/","og_locale":"fr_FR","og_type":"article","og_title":"Fonctions pastorales termin\u00e9es - Mennonite World Conference","og_description":"Les unions d\u2019\u00e9glises Mennonite Church Canada et Mennonite Church USA et la Conf\u00e9rence Mennonite Mondiale ont \u00e9t\u00e9 mises au courant par l\u2019union d\u2019\u00e9glises Mennonite Church Eastern Canada (MCEC) de la r\u00e9vocation des fonctions pastorales de John D. Rempel, de Niagara-on-the-Lake, Ontario, pour inconduite sexuelle et faute dans l\u2019exercice de son minist\u00e8re. Nous, les institutions d\u2019\u00e9glise [&hellip;]","og_url":"https:\/\/mwc-cmm.org\/fr\/stories\/fonctions-pastorales-terminees\/","og_site_name":"Mennonite World Conference","article_publisher":"https:\/\/www.facebook.com\/MennoniteWorldConference","article_published_time":"2020-10-20T00:00:00+00:00","article_modified_time":"2024-12-10T17:17:27+00:00","og_image":[{"width":600,"height":600,"url":"https:\/\/mwc-cmm.org\/wp-content\/uploads\/2024\/11\/mwc_logo-600px_blue.png","type":"image\/png"}],"author":"mennworldcon","schema":{"@context":"https:\/\/schema.org","@graph":[{"@type":"Article","@id":"https:\/\/mwc-cmm.org\/fr\/stories\/fonctions-pastorales-terminees\/#article","isPartOf":{"@id":"https:\/\/mwc-cmm.org\/fr\/stories\/fonctions-pastorales-terminees\/"},"author":{"name":"mennworldcon","@id":"https:\/\/mwc-cmm.org\/en\/#\/schema\/person\/11f6ae0d7d1868ba20a1cc27f067c836"},"headline":"Fonctions pastorales termin\u00e9es","datePublished":"2020-10-20T00:00:00+00:00","dateModified":"2024-12-10T17:17:27+00:00","mainEntityOfPage":{"@id":"https:\/\/mwc-cmm.org\/fr\/stories\/fonctions-pastorales-terminees\/"},"wordCount":320,"publisher":{"@id":"https:\/\/mwc-cmm.org\/en\/#organization"},"image":{"@id":"https:\/\/mwc-cmm.org\/fr\/stories\/fonctions-pastorales-terminees\/#primaryimage"},"thumbnailUrl":"https:\/\/mwc-cmm.org\/wp-content\/uploads\/2024\/11\/mwc_logo-600px_blue.png","articleSection":["Non classifi\u00e9(e)"],"inLanguage":"fr-FR"},{"@type":"WebPage","@id":"https:\/\/mwc-cmm.org\/fr\/stories\/fonctions-pastorales-terminees\/","url":"https:\/\/mwc-cmm.org\/fr\/stories\/fonctions-pastorales-terminees\/","name":"Fonctions pastorales termin\u00e9es - Mennonite World Conference","isPartOf":{"@id":"https:\/\/mwc-cmm.org\/en\/#website"},"primaryImageOfPage":{"@id":"https:\/\/mwc-cmm.org\/fr\/stories\/fonctions-pastorales-terminees\/#primaryimage"},"image":{"@id":"https:\/\/mwc-cmm.org\/fr\/stories\/fonctions-pastorales-terminees\/#primaryimage"},"thumbnailUrl":"https:\/\/mwc-cmm.org\/wp-content\/uploads\/2024\/11\/mwc_logo-600px_blue.png","datePublished":"2020-10-20T00:00:00+00:00","dateModified":"2024-12-10T17:17:27+00:00","breadcrumb":{"@id":"https:\/\/mwc-cmm.org\/fr\/stories\/fonctions-pastorales-terminees\/#breadcrumb"},"inLanguage":"fr-FR","potentialAction":[{"@type":"ReadAction","target":["https:\/\/mwc-cmm.org\/fr\/stories\/fonctions-pastorales-terminees\/"]}]},{"@type":"ImageObject","inLanguage":"fr-FR","@id":"https:\/\/mwc-cmm.org\/fr\/stories\/fonctions-pastorales-terminees\/#primaryimage","url":"https:\/\/mwc-cmm.org\/wp-content\/uploads\/2024\/11\/mwc_logo-600px_blue.png","contentUrl":"https:\/\/mwc-cmm.org\/wp-content\/uploads\/2024\/11\/mwc_logo-600px_blue.png","width":600,"height":600},{"@type":"BreadcrumbList","@id":"https:\/\/mwc-cmm.org\/fr\/stories\/fonctions-pastorales-terminees\/#breadcrumb","itemListElement":[{"@type":"ListItem","position":1,"name":"Home","item":"https:\/\/mwc-cmm.org\/fr\/"},{"@type":"ListItem","position":2,"name":"Fonctions pastorales termin\u00e9es"}]},{"@type":"WebSite","@id":"https:\/\/mwc-cmm.org\/en\/#website","url":"https:\/\/mwc-cmm.org\/en\/","name":"Mennonite World Conference","description":"A communion of Anabaptist-related churches","publisher":{"@id":"https:\/\/mwc-cmm.org\/en\/#organization"},"alternateName":"MWC","potentialAction":[{"@type":"SearchAction","target":{"@type":"EntryPoint","urlTemplate":"https:\/\/mwc-cmm.org\/en\/?s={search_term_string}"},"query-input":{"@type":"PropertyValueSpecification","valueRequired":true,"valueName":"search_term_string"}}],"inLanguage":"fr-FR"},{"@type":"Organization","@id":"https:\/\/mwc-cmm.org\/en\/#organization","name":"Mennonite World Conference","alternateName":"MWC","url":"https:\/\/mwc-cmm.org\/en\/","logo":{"@type":"ImageObject","inLanguage":"fr-FR","@id":"https:\/\/mwc-cmm.org\/en\/#\/schema\/logo\/image\/","url":"https:\/\/mwc-cmm.org\/wp-content\/uploads\/2026\/01\/MWC_Sig_Blue_Horiz_webheader1-logo.svg","contentUrl":"https:\/\/mwc-cmm.org\/wp-content\/uploads\/2026\/01\/MWC_Sig_Blue_Horiz_webheader1-logo.svg","width":786,"height":82,"caption":"Mennonite World Conference"},"image":{"@id":"https:\/\/mwc-cmm.org\/en\/#\/schema\/logo\/image\/"},"sameAs":["https:\/\/www.facebook.com\/MennoniteWorldConference","https:\/\/www.linkedin.com\/company\/mennonite-world-conference-mwc\/","https:\/\/www.instagram.com\/mwcmm\/","https:\/\/www.youtube.com\/user\/mwccmm","https:\/\/bsky.app\/profile\/mwcmm.bsky.social"]},{"@type":"Person","@id":"https:\/\/mwc-cmm.org\/en\/#\/schema\/person\/11f6ae0d7d1868ba20a1cc27f067c836","name":"mennworldcon","image":{"@type":"ImageObject","inLanguage":"fr-FR","@id":"https:\/\/secure.gravatar.com\/avatar\/06fdc0dc81c157dfdb82ec42f252178a22307808988d22c043f9eb96f1e0fe80?s=96&d=mm&r=g","url":"https:\/\/secure.gravatar.com\/avatar\/06fdc0dc81c157dfdb82ec42f252178a22307808988d22c043f9eb96f1e0fe80?s=96&d=mm&r=g","contentUrl":"https:\/\/secure.gravatar.com\/avatar\/06fdc0dc81c157dfdb82ec42f252178a22307808988d22c043f9eb96f1e0fe80?s=96&d=mm&r=g","caption":"mennworldcon"},"sameAs":["https:\/\/mwc-cmm.org"],"url":"https:\/\/mwc-cmm.org\/fr\/stories\/author\/mennworldcon\/"}]}},"_links":{"self":[{"href":"https:\/\/mwc-cmm.org\/fr\/wp-json\/wp\/v2\/posts\/10214","targetHints":{"allow":["GET"]}}],"collection":[{"href":"https:\/\/mwc-cmm.org\/fr\/wp-json\/wp\/v2\/posts"}],"about":[{"href":"https:\/\/mwc-cmm.org\/fr\/wp-json\/wp\/v2\/types\/post"}],"author":[{"embeddable":true,"href":"https:\/\/mwc-cmm.org\/fr\/wp-json\/wp\/v2\/users\/1"}],"replies":[{"embeddable":true,"href":"https:\/\/mwc-cmm.org\/fr\/wp-json\/wp\/v2\/comments?post=10214"}],"version-history":[{"count":0,"href":"https:\/\/mwc-cmm.org\/fr\/wp-json\/wp\/v2\/posts\/10214\/revisions"}],"wp:featuredmedia":[{"embeddable":true,"href":"https:\/\/mwc-cmm.org\/fr\/wp-json\/wp\/v2\/media\/92204"}],"wp:attachment":[{"href":"https:\/\/mwc-cmm.org\/fr\/wp-json\/wp\/v2\/media?parent=10214"}],"wp:term":[{"taxonomy":"category","embeddable":true,"href":"https:\/\/mwc-cmm.org\/fr\/wp-json\/wp\/v2\/categories?post=10214"},{"taxonomy":"post_tag","embeddable":true,"href":"https:\/\/mwc-cmm.org\/fr\/wp-json\/wp\/v2\/tags?post=10214"},{"taxonomy":"network","embeddable":true,"href":"https:\/\/mwc-cmm.org\/fr\/wp-json\/wp\/v2\/network?post=10214"},{"taxonomy":"eventcategory","embeddable":true,"href":"https:\/\/mwc-cmm.org\/fr\/wp-json\/wp\/v2\/eventcategory?post=10214"}],"curies":[{"name":"wp","href":"https:\/\/api.w.org\/{rel}","templated":true}]}}