{"id":10209,"date":"2020-10-17T00:00:00","date_gmt":"2020-10-17T00:00:00","guid":{"rendered":"https:\/\/mwc-cmm.org\/anabaptist-world-fellowship-sunday-worship-materials-4\/"},"modified":"2024-12-10T17:17:25","modified_gmt":"2024-12-10T17:17:25","slug":"anabaptist-world-fellowship-sunday-worship-materials-4","status":"publish","type":"post","link":"https:\/\/mwc-cmm.org\/fr\/stories\/anabaptist-world-fellowship-sunday-worship-materials-4\/","title":{"rendered":"Mat\u00e9riel pour le culte : Dimanche de la Fraternit\u00e9 Anabaptiste Mondiale"},"content":{"rendered":"<p><a href=\"https:\/\/mwc-cmm.org\/node\/151\">Le Dimanche de la Fraternit\u00e9 Anabaptiste Mondiale<\/a> est l\u2019occasion de se rappeler, dans nos communaut\u00e9s spirituelles, que nous faisons partie d\u2019un seul peuple compos\u00e9 d\u2019une multitude de tribus, de langues et de nations (Apocalypse&nbsp;7\/9). Chaque ann\u00e9e, nous sugg\u00e9rons que les \u00e9glises de tradition anabaptiste partout dans le monde c\u00e9l\u00e8brent un culte autour d\u2019un th\u00e8me commun le dimanche le plus proche du 21 janvier, ce qui, en g\u00e9n\u00e9ral, tombe le 4e dimanche du mois. \u00ca cette date, en 1525, le premier bapt\u00eame eut lieu \u00e0 Zurich (Suisse). Nous c\u00e9l\u00e9brons qu\u2019en Christ et par le pouvoir de son Esprit, les barri\u00e8res culturelles et les nationalismes qui jadis nous s\u00e9paraient, ont \u00e9t\u00e9s vaincus par la croix.<\/p>\n<p>Les documents concernant 2021 ont \u00e9t\u00e9 pr\u00e9par\u00e9s par les \u00e9glises d\u2019Asie sur le th\u00e8me de l\u2019Assembl\u00e9e<strong> \u00ab&nbsp;<\/strong><strong>Suivre J\u00e9sus ensemble \u00e0 travers les fronti\u00e8res&nbsp;\u00bb<\/strong> bas\u00e9 sur les textes de Esa\u00efe&nbsp;55\/1-6, Psaume&nbsp;27, Jean&nbsp;4\/1\u201342, Philippiens&nbsp;2\/1\u201311.<\/p>\n<p>Le dimanche de la Fraternit\u00e9 Mondiale Anabaptiste, les assembl\u00e9es anabaptistes ont ensemble l\u2019occasion d\u2019exprimer leur souffrance, de refl\u00e9ter la gloire de Dieu en franchissant les barri\u00e8res religieuses, raciales \/ ethniques et de genre, et de suivre J\u00e9sus dans l\u2019ob\u00e9issance.<\/p>\n<p>T\u00e9l\u00e9chargez ces documents et c\u00e9l\u00e9brez le Dimanche de la Fraternit\u00e9 Anabaptiste Mondiale dans votre assembl\u00e9e locale avec la famille anabaptiste mondiale en janvier (ou \u00e0 un autre moment convenant mieux pour votre paroisse).<\/p>\n<p>Envoyez des photos et des t\u00e9moignages de votre c\u00e9l\u00e9bration \u00e0 <a href=\"mailto:photos@mwc-cmm.org\"><strong>photos@mwc-cmm.org<\/strong><\/a>.<\/p>\n<table style=\"width:300px\">\n<tbody>\n<tr>\n<td>\n<h5 class=\"rtecenter\"><a href=\"https:\/\/mwc-cmm.org\/fr\/node\/151\">mwc-cmm\/dimanchefraterniteanabaptistemondiale<\/a><\/h5>\n<\/td>\n<\/tr>\n<\/tbody>\n<\/table>\n<p>#mwcmm #DimancheFraterniteAnabaptisteMondiale<\/p>\n<p><img decoding=\"async\" alt=\"AWFS\" class=\"media-element file-default smush-dimensions lazyload\" data-delta=\"1\" data-fid=\"5305\" data-media-element=\"1\" data-src=\"https:\/\/mwc-cmm.org\/wp-content\/uploads\/2024\/12\/mwc-awfs-home-fr.png\" typeof=\"foaf:Image\" width=\"256\" style=\"--smush-image-width: 256px; --smush-image-aspect-ratio: 256\/256;\" src=\"data:image\/svg+xml;base64,PHN2ZyB3aWR0aD0iMSIgaGVpZ2h0PSIxIiB4bWxucz0iaHR0cDovL3d3dy53My5vcmcvMjAwMC9zdmciPjwvc3ZnPg==\" \/><\/p>\n","protected":false},"excerpt":{"rendered":"<p>Le Dimanche de la Fraternit\u00e9 Anabaptiste Mondiale est l\u2019occasion de se rappeler, dans nos communaut\u00e9s spirituelles, que nous faisons partie d\u2019un seul peuple compos\u00e9 d\u2019une multitude de tribus, de langues et de nations (Apocalypse&nbsp;7\/9). Chaque ann\u00e9e, nous sugg\u00e9rons que les \u00e9glises de tradition anabaptiste partout dans le monde c\u00e9l\u00e8brent un culte autour d\u2019un th\u00e8me commun [&hellip;]<\/p>\n","protected":false},"author":1,"featured_media":28574,"comment_status":"closed","ping_status":"closed","sticky":false,"template":"","format":"standard","meta":{"_acf_changed":false,"footnotes":""},"categories":[7],"tags":[],"network":[],"eventcategory":[1500],"class_list":["post-10209","post","type-post","status-publish","format-standard","has-post-thumbnail","hentry","category-non-classifiee","eventcategory-anabaptist-world-fellowship-sunday-fr"],"acf":[],"yoast_head":"<!-- This site is optimized with the Yoast SEO plugin v27.2 - https:\/\/yoast.com\/product\/yoast-seo-wordpress\/ -->\n<title>Mat\u00e9riel pour le culte : Dimanche de la Fraternit\u00e9 Anabaptiste Mondiale - Mennonite World Conference<\/title>\n<meta name=\"robots\" content=\"index, follow, max-snippet:-1, max-image-preview:large, max-video-preview:-1\" \/>\n<link rel=\"canonical\" href=\"https:\/\/mwc-cmm.org\/en\/stories\/anabaptist-world-fellowship-sunday-worship-materials-2\/\" \/>\n<meta property=\"og:locale\" content=\"fr_FR\" \/>\n<meta property=\"og:type\" content=\"article\" \/>\n<meta property=\"og:title\" content=\"Mat\u00e9riel pour le culte : Dimanche de la Fraternit\u00e9 Anabaptiste Mondiale - Mennonite World Conference\" \/>\n<meta property=\"og:description\" content=\"Le Dimanche de la Fraternit\u00e9 Anabaptiste Mondiale est l\u2019occasion de se rappeler, dans nos communaut\u00e9s spirituelles, que nous faisons partie d\u2019un seul peuple compos\u00e9 d\u2019une multitude de tribus, de langues et de nations (Apocalypse&nbsp;7\/9). Chaque ann\u00e9e, nous sugg\u00e9rons que les \u00e9glises de tradition anabaptiste partout dans le monde c\u00e9l\u00e8brent un culte autour d\u2019un th\u00e8me commun [&hellip;]\" \/>\n<meta property=\"og:url\" content=\"https:\/\/mwc-cmm.org\/en\/stories\/anabaptist-world-fellowship-sunday-worship-materials-2\/\" \/>\n<meta property=\"og:site_name\" content=\"Mennonite World Conference\" \/>\n<meta property=\"article:publisher\" content=\"https:\/\/www.facebook.com\/MennoniteWorldConference\" \/>\n<meta property=\"article:published_time\" content=\"2020-10-17T00:00:00+00:00\" \/>\n<meta property=\"article:modified_time\" content=\"2024-12-10T17:17:25+00:00\" \/>\n<meta property=\"og:image\" content=\"https:\/\/mwc-cmm.org\/wp-content\/uploads\/2024\/11\/awfs_2021_en-final_page_01.png\" \/>\n\t<meta property=\"og:image:width\" content=\"2550\" \/>\n\t<meta property=\"og:image:height\" content=\"3300\" \/>\n\t<meta property=\"og:image:type\" content=\"image\/png\" \/>\n<meta name=\"author\" content=\"mennworldcon\" \/>\n<script type=\"application\/ld+json\" class=\"yoast-schema-graph\">{\"@context\":\"https:\/\/schema.org\",\"@graph\":[{\"@type\":\"Article\",\"@id\":\"https:\/\/mwc-cmm.org\/en\/stories\/anabaptist-world-fellowship-sunday-worship-materials-2\/#article\",\"isPartOf\":{\"@id\":\"https:\/\/mwc-cmm.org\/en\/stories\/anabaptist-world-fellowship-sunday-worship-materials-2\/\"},\"author\":{\"name\":\"mennworldcon\",\"@id\":\"https:\/\/mwc-cmm.org\/en\/#\/schema\/person\/11f6ae0d7d1868ba20a1cc27f067c836\"},\"headline\":\"Mat\u00e9riel pour le culte : Dimanche de la Fraternit\u00e9 Anabaptiste Mondiale\",\"datePublished\":\"2020-10-17T00:00:00+00:00\",\"dateModified\":\"2024-12-10T17:17:25+00:00\",\"mainEntityOfPage\":{\"@id\":\"https:\/\/mwc-cmm.org\/en\/stories\/anabaptist-world-fellowship-sunday-worship-materials-2\/\"},\"wordCount\":288,\"publisher\":{\"@id\":\"https:\/\/mwc-cmm.org\/en\/#organization\"},\"image\":{\"@id\":\"https:\/\/mwc-cmm.org\/en\/stories\/anabaptist-world-fellowship-sunday-worship-materials-2\/#primaryimage\"},\"thumbnailUrl\":\"https:\/\/mwc-cmm.org\/wp-content\/uploads\/2024\/11\/awfs_2021_en-final_page_01.png\",\"articleSection\":[\"Non classifi\u00e9(e)\"],\"inLanguage\":\"fr-FR\"},{\"@type\":\"WebPage\",\"@id\":\"https:\/\/mwc-cmm.org\/en\/stories\/anabaptist-world-fellowship-sunday-worship-materials-2\/\",\"url\":\"https:\/\/mwc-cmm.org\/en\/stories\/anabaptist-world-fellowship-sunday-worship-materials-2\/\",\"name\":\"Mat\u00e9riel pour le culte : Dimanche de la Fraternit\u00e9 Anabaptiste Mondiale - Mennonite World Conference\",\"isPartOf\":{\"@id\":\"https:\/\/mwc-cmm.org\/en\/#website\"},\"primaryImageOfPage\":{\"@id\":\"https:\/\/mwc-cmm.org\/en\/stories\/anabaptist-world-fellowship-sunday-worship-materials-2\/#primaryimage\"},\"image\":{\"@id\":\"https:\/\/mwc-cmm.org\/en\/stories\/anabaptist-world-fellowship-sunday-worship-materials-2\/#primaryimage\"},\"thumbnailUrl\":\"https:\/\/mwc-cmm.org\/wp-content\/uploads\/2024\/11\/awfs_2021_en-final_page_01.png\",\"datePublished\":\"2020-10-17T00:00:00+00:00\",\"dateModified\":\"2024-12-10T17:17:25+00:00\",\"breadcrumb\":{\"@id\":\"https:\/\/mwc-cmm.org\/en\/stories\/anabaptist-world-fellowship-sunday-worship-materials-2\/#breadcrumb\"},\"inLanguage\":\"fr-FR\",\"potentialAction\":[{\"@type\":\"ReadAction\",\"target\":[\"https:\/\/mwc-cmm.org\/en\/stories\/anabaptist-world-fellowship-sunday-worship-materials-2\/\"]}]},{\"@type\":\"ImageObject\",\"inLanguage\":\"fr-FR\",\"@id\":\"https:\/\/mwc-cmm.org\/en\/stories\/anabaptist-world-fellowship-sunday-worship-materials-2\/#primaryimage\",\"url\":\"https:\/\/mwc-cmm.org\/wp-content\/uploads\/2024\/11\/awfs_2021_en-final_page_01.png\",\"contentUrl\":\"https:\/\/mwc-cmm.org\/wp-content\/uploads\/2024\/11\/awfs_2021_en-final_page_01.png\",\"width\":2550,\"height\":3300},{\"@type\":\"BreadcrumbList\",\"@id\":\"https:\/\/mwc-cmm.org\/en\/stories\/anabaptist-world-fellowship-sunday-worship-materials-2\/#breadcrumb\",\"itemListElement\":[{\"@type\":\"ListItem\",\"position\":1,\"name\":\"Home\",\"item\":\"https:\/\/mwc-cmm.org\/fr\/\"},{\"@type\":\"ListItem\",\"position\":2,\"name\":\"Mat\u00e9riel pour le culte : Dimanche de la Fraternit\u00e9 Anabaptiste Mondiale\"}]},{\"@type\":\"WebSite\",\"@id\":\"https:\/\/mwc-cmm.org\/en\/#website\",\"url\":\"https:\/\/mwc-cmm.org\/en\/\",\"name\":\"Mennonite World Conference\",\"description\":\"A communion of Anabaptist-related churches\",\"publisher\":{\"@id\":\"https:\/\/mwc-cmm.org\/en\/#organization\"},\"alternateName\":\"MWC\",\"potentialAction\":[{\"@type\":\"SearchAction\",\"target\":{\"@type\":\"EntryPoint\",\"urlTemplate\":\"https:\/\/mwc-cmm.org\/en\/?s={search_term_string}\"},\"query-input\":{\"@type\":\"PropertyValueSpecification\",\"valueRequired\":true,\"valueName\":\"search_term_string\"}}],\"inLanguage\":\"fr-FR\"},{\"@type\":\"Organization\",\"@id\":\"https:\/\/mwc-cmm.org\/en\/#organization\",\"name\":\"Mennonite World Conference\",\"alternateName\":\"MWC\",\"url\":\"https:\/\/mwc-cmm.org\/en\/\",\"logo\":{\"@type\":\"ImageObject\",\"inLanguage\":\"fr-FR\",\"@id\":\"https:\/\/mwc-cmm.org\/en\/#\/schema\/logo\/image\/\",\"url\":\"https:\/\/mwc-cmm.org\/wp-content\/uploads\/2026\/01\/MWC_Sig_Blue_Horiz_webheader1-logo.svg\",\"contentUrl\":\"https:\/\/mwc-cmm.org\/wp-content\/uploads\/2026\/01\/MWC_Sig_Blue_Horiz_webheader1-logo.svg\",\"width\":786,\"height\":82,\"caption\":\"Mennonite World Conference\"},\"image\":{\"@id\":\"https:\/\/mwc-cmm.org\/en\/#\/schema\/logo\/image\/\"},\"sameAs\":[\"https:\/\/www.facebook.com\/MennoniteWorldConference\",\"https:\/\/www.linkedin.com\/company\/mennonite-world-conference-mwc\/\",\"https:\/\/www.instagram.com\/mwcmm\/\",\"https:\/\/www.youtube.com\/user\/mwccmm\",\"https:\/\/bsky.app\/profile\/mwcmm.bsky.social\"]},{\"@type\":\"Person\",\"@id\":\"https:\/\/mwc-cmm.org\/en\/#\/schema\/person\/11f6ae0d7d1868ba20a1cc27f067c836\",\"name\":\"mennworldcon\",\"image\":{\"@type\":\"ImageObject\",\"inLanguage\":\"fr-FR\",\"@id\":\"https:\/\/secure.gravatar.com\/avatar\/06fdc0dc81c157dfdb82ec42f252178a22307808988d22c043f9eb96f1e0fe80?s=96&d=mm&r=g\",\"url\":\"https:\/\/secure.gravatar.com\/avatar\/06fdc0dc81c157dfdb82ec42f252178a22307808988d22c043f9eb96f1e0fe80?s=96&d=mm&r=g\",\"contentUrl\":\"https:\/\/secure.gravatar.com\/avatar\/06fdc0dc81c157dfdb82ec42f252178a22307808988d22c043f9eb96f1e0fe80?s=96&d=mm&r=g\",\"caption\":\"mennworldcon\"},\"sameAs\":[\"https:\/\/mwc-cmm.org\"],\"url\":\"https:\/\/mwc-cmm.org\/fr\/stories\/author\/mennworldcon\/\"}]}<\/script>\n<!-- \/ Yoast SEO plugin. -->","yoast_head_json":{"title":"Mat\u00e9riel pour le culte : Dimanche de la Fraternit\u00e9 Anabaptiste Mondiale - Mennonite World Conference","robots":{"index":"index","follow":"follow","max-snippet":"max-snippet:-1","max-image-preview":"max-image-preview:large","max-video-preview":"max-video-preview:-1"},"canonical":"https:\/\/mwc-cmm.org\/en\/stories\/anabaptist-world-fellowship-sunday-worship-materials-2\/","og_locale":"fr_FR","og_type":"article","og_title":"Mat\u00e9riel pour le culte : Dimanche de la Fraternit\u00e9 Anabaptiste Mondiale - Mennonite World Conference","og_description":"Le Dimanche de la Fraternit\u00e9 Anabaptiste Mondiale est l\u2019occasion de se rappeler, dans nos communaut\u00e9s spirituelles, que nous faisons partie d\u2019un seul peuple compos\u00e9 d\u2019une multitude de tribus, de langues et de nations (Apocalypse&nbsp;7\/9). Chaque ann\u00e9e, nous sugg\u00e9rons que les \u00e9glises de tradition anabaptiste partout dans le monde c\u00e9l\u00e8brent un culte autour d\u2019un th\u00e8me commun [&hellip;]","og_url":"https:\/\/mwc-cmm.org\/en\/stories\/anabaptist-world-fellowship-sunday-worship-materials-2\/","og_site_name":"Mennonite World Conference","article_publisher":"https:\/\/www.facebook.com\/MennoniteWorldConference","article_published_time":"2020-10-17T00:00:00+00:00","article_modified_time":"2024-12-10T17:17:25+00:00","og_image":[{"width":2550,"height":3300,"url":"https:\/\/mwc-cmm.org\/wp-content\/uploads\/2024\/11\/awfs_2021_en-final_page_01.png","type":"image\/png"}],"author":"mennworldcon","schema":{"@context":"https:\/\/schema.org","@graph":[{"@type":"Article","@id":"https:\/\/mwc-cmm.org\/en\/stories\/anabaptist-world-fellowship-sunday-worship-materials-2\/#article","isPartOf":{"@id":"https:\/\/mwc-cmm.org\/en\/stories\/anabaptist-world-fellowship-sunday-worship-materials-2\/"},"author":{"name":"mennworldcon","@id":"https:\/\/mwc-cmm.org\/en\/#\/schema\/person\/11f6ae0d7d1868ba20a1cc27f067c836"},"headline":"Mat\u00e9riel pour le culte : Dimanche de la Fraternit\u00e9 Anabaptiste Mondiale","datePublished":"2020-10-17T00:00:00+00:00","dateModified":"2024-12-10T17:17:25+00:00","mainEntityOfPage":{"@id":"https:\/\/mwc-cmm.org\/en\/stories\/anabaptist-world-fellowship-sunday-worship-materials-2\/"},"wordCount":288,"publisher":{"@id":"https:\/\/mwc-cmm.org\/en\/#organization"},"image":{"@id":"https:\/\/mwc-cmm.org\/en\/stories\/anabaptist-world-fellowship-sunday-worship-materials-2\/#primaryimage"},"thumbnailUrl":"https:\/\/mwc-cmm.org\/wp-content\/uploads\/2024\/11\/awfs_2021_en-final_page_01.png","articleSection":["Non classifi\u00e9(e)"],"inLanguage":"fr-FR"},{"@type":"WebPage","@id":"https:\/\/mwc-cmm.org\/en\/stories\/anabaptist-world-fellowship-sunday-worship-materials-2\/","url":"https:\/\/mwc-cmm.org\/en\/stories\/anabaptist-world-fellowship-sunday-worship-materials-2\/","name":"Mat\u00e9riel pour le culte : Dimanche de la Fraternit\u00e9 Anabaptiste Mondiale - Mennonite World Conference","isPartOf":{"@id":"https:\/\/mwc-cmm.org\/en\/#website"},"primaryImageOfPage":{"@id":"https:\/\/mwc-cmm.org\/en\/stories\/anabaptist-world-fellowship-sunday-worship-materials-2\/#primaryimage"},"image":{"@id":"https:\/\/mwc-cmm.org\/en\/stories\/anabaptist-world-fellowship-sunday-worship-materials-2\/#primaryimage"},"thumbnailUrl":"https:\/\/mwc-cmm.org\/wp-content\/uploads\/2024\/11\/awfs_2021_en-final_page_01.png","datePublished":"2020-10-17T00:00:00+00:00","dateModified":"2024-12-10T17:17:25+00:00","breadcrumb":{"@id":"https:\/\/mwc-cmm.org\/en\/stories\/anabaptist-world-fellowship-sunday-worship-materials-2\/#breadcrumb"},"inLanguage":"fr-FR","potentialAction":[{"@type":"ReadAction","target":["https:\/\/mwc-cmm.org\/en\/stories\/anabaptist-world-fellowship-sunday-worship-materials-2\/"]}]},{"@type":"ImageObject","inLanguage":"fr-FR","@id":"https:\/\/mwc-cmm.org\/en\/stories\/anabaptist-world-fellowship-sunday-worship-materials-2\/#primaryimage","url":"https:\/\/mwc-cmm.org\/wp-content\/uploads\/2024\/11\/awfs_2021_en-final_page_01.png","contentUrl":"https:\/\/mwc-cmm.org\/wp-content\/uploads\/2024\/11\/awfs_2021_en-final_page_01.png","width":2550,"height":3300},{"@type":"BreadcrumbList","@id":"https:\/\/mwc-cmm.org\/en\/stories\/anabaptist-world-fellowship-sunday-worship-materials-2\/#breadcrumb","itemListElement":[{"@type":"ListItem","position":1,"name":"Home","item":"https:\/\/mwc-cmm.org\/fr\/"},{"@type":"ListItem","position":2,"name":"Mat\u00e9riel pour le culte : Dimanche de la Fraternit\u00e9 Anabaptiste Mondiale"}]},{"@type":"WebSite","@id":"https:\/\/mwc-cmm.org\/en\/#website","url":"https:\/\/mwc-cmm.org\/en\/","name":"Mennonite World Conference","description":"A communion of Anabaptist-related churches","publisher":{"@id":"https:\/\/mwc-cmm.org\/en\/#organization"},"alternateName":"MWC","potentialAction":[{"@type":"SearchAction","target":{"@type":"EntryPoint","urlTemplate":"https:\/\/mwc-cmm.org\/en\/?s={search_term_string}"},"query-input":{"@type":"PropertyValueSpecification","valueRequired":true,"valueName":"search_term_string"}}],"inLanguage":"fr-FR"},{"@type":"Organization","@id":"https:\/\/mwc-cmm.org\/en\/#organization","name":"Mennonite World Conference","alternateName":"MWC","url":"https:\/\/mwc-cmm.org\/en\/","logo":{"@type":"ImageObject","inLanguage":"fr-FR","@id":"https:\/\/mwc-cmm.org\/en\/#\/schema\/logo\/image\/","url":"https:\/\/mwc-cmm.org\/wp-content\/uploads\/2026\/01\/MWC_Sig_Blue_Horiz_webheader1-logo.svg","contentUrl":"https:\/\/mwc-cmm.org\/wp-content\/uploads\/2026\/01\/MWC_Sig_Blue_Horiz_webheader1-logo.svg","width":786,"height":82,"caption":"Mennonite World Conference"},"image":{"@id":"https:\/\/mwc-cmm.org\/en\/#\/schema\/logo\/image\/"},"sameAs":["https:\/\/www.facebook.com\/MennoniteWorldConference","https:\/\/www.linkedin.com\/company\/mennonite-world-conference-mwc\/","https:\/\/www.instagram.com\/mwcmm\/","https:\/\/www.youtube.com\/user\/mwccmm","https:\/\/bsky.app\/profile\/mwcmm.bsky.social"]},{"@type":"Person","@id":"https:\/\/mwc-cmm.org\/en\/#\/schema\/person\/11f6ae0d7d1868ba20a1cc27f067c836","name":"mennworldcon","image":{"@type":"ImageObject","inLanguage":"fr-FR","@id":"https:\/\/secure.gravatar.com\/avatar\/06fdc0dc81c157dfdb82ec42f252178a22307808988d22c043f9eb96f1e0fe80?s=96&d=mm&r=g","url":"https:\/\/secure.gravatar.com\/avatar\/06fdc0dc81c157dfdb82ec42f252178a22307808988d22c043f9eb96f1e0fe80?s=96&d=mm&r=g","contentUrl":"https:\/\/secure.gravatar.com\/avatar\/06fdc0dc81c157dfdb82ec42f252178a22307808988d22c043f9eb96f1e0fe80?s=96&d=mm&r=g","caption":"mennworldcon"},"sameAs":["https:\/\/mwc-cmm.org"],"url":"https:\/\/mwc-cmm.org\/fr\/stories\/author\/mennworldcon\/"}]}},"_links":{"self":[{"href":"https:\/\/mwc-cmm.org\/fr\/wp-json\/wp\/v2\/posts\/10209","targetHints":{"allow":["GET"]}}],"collection":[{"href":"https:\/\/mwc-cmm.org\/fr\/wp-json\/wp\/v2\/posts"}],"about":[{"href":"https:\/\/mwc-cmm.org\/fr\/wp-json\/wp\/v2\/types\/post"}],"author":[{"embeddable":true,"href":"https:\/\/mwc-cmm.org\/fr\/wp-json\/wp\/v2\/users\/1"}],"replies":[{"embeddable":true,"href":"https:\/\/mwc-cmm.org\/fr\/wp-json\/wp\/v2\/comments?post=10209"}],"version-history":[{"count":0,"href":"https:\/\/mwc-cmm.org\/fr\/wp-json\/wp\/v2\/posts\/10209\/revisions"}],"wp:featuredmedia":[{"embeddable":true,"href":"https:\/\/mwc-cmm.org\/fr\/wp-json\/wp\/v2\/media\/28574"}],"wp:attachment":[{"href":"https:\/\/mwc-cmm.org\/fr\/wp-json\/wp\/v2\/media?parent=10209"}],"wp:term":[{"taxonomy":"category","embeddable":true,"href":"https:\/\/mwc-cmm.org\/fr\/wp-json\/wp\/v2\/categories?post=10209"},{"taxonomy":"post_tag","embeddable":true,"href":"https:\/\/mwc-cmm.org\/fr\/wp-json\/wp\/v2\/tags?post=10209"},{"taxonomy":"network","embeddable":true,"href":"https:\/\/mwc-cmm.org\/fr\/wp-json\/wp\/v2\/network?post=10209"},{"taxonomy":"eventcategory","embeddable":true,"href":"https:\/\/mwc-cmm.org\/fr\/wp-json\/wp\/v2\/eventcategory?post=10209"}],"curies":[{"name":"wp","href":"https:\/\/api.w.org\/{rel}","templated":true}]}}