{"id":10205,"date":"2020-10-09T00:00:00","date_gmt":"2020-10-09T00:00:00","guid":{"rendered":"https:\/\/mwc-cmm.org\/a-willingness-to-listen-4\/"},"modified":"2024-12-10T17:17:23","modified_gmt":"2024-12-10T17:17:23","slug":"disposes-a-ecouter","status":"publish","type":"post","link":"https:\/\/mwc-cmm.org\/fr\/stories\/disposes-a-ecouter\/","title":{"rendered":"Dispos\u00e9s \u00e0 \u00e9couter"},"content":{"rendered":"<h2>Dialogue entre les victimes et les FARC<\/h2>\n<p>\u00ab&nbsp;Fid\u00e9lit\u00e9 et V\u00e9rit\u00e9 se sont rencontr\u00e9e\u2026 La Justice marche devant lui&nbsp;\u00bb (Psaume 85\/11,14)<\/p>\n<p>Les membres de l\u2019\u00e9glise Iglesia Cristiana Menonita de Colombia croient en cette version de la justice et de la r\u00e9conciliation m\u00eame lorsque c\u2019est difficile. Le 27 juillet 2020, dans la r\u00e9gion de San Rafael, en Colombie, Carlos Sanchez de l\u2019\u00e9glise mennonite colombienne (IMCOL) a facilit\u00e9 une rencontre entre cinq habitants survivants des violences et des pers\u00e9cutions de la guerre et huit ex-combattants FARC signataires des accords de paix de 2017. La pr\u00e9sidente de IMCOL, Yalile Caballero, le pasteur mennonite Pedro Stucky et le directeur mennonite de Sembrandopaz, Ricardo Esquivia ont tous exprim\u00e9 leur soutien envers cette initiative.<\/p>\n<p>Cette rencontre a non seulement \u00e9t\u00e9 l\u2019occasion pour ces groupes de s\u2019\u00e9couter mutuellement, mais elle a \u00e9galement conduit \u00e0 la signature d\u2019un document d\u00e9clarant leur attachement \u00e0 la v\u00e9rit\u00e9 et \u00e0 la r\u00e9conciliation.<\/p>\n<p>D\u2019apr\u00e8s Carlos Sanchez, \u00ab&nbsp;les deux camps \u00e9taient dispos\u00e9s \u00e0 \u00e9couter&nbsp;\u00bb.<\/p>\n<p>En montrant des coupures de journaux, les survivants ont racont\u00e9 leurs histoires. L\u2019une d\u2019entre eux a perdu son p\u00e8re dans \u00ab&nbsp;le massacre du camion-benne de EPM&nbsp;\u00bb dans la zone rurale de Tesorito. Pour un autre, ce sont ses droits fondamentaux qui ont \u00e9t\u00e9 viol\u00e9s par la pr\u00e9sence de paramilitaires et de gu\u00e9rilleros dans son village et sa libert\u00e9 de mouvement restreinte. Un autre encore a vu des membres de sa famille dispara\u00eetre.<\/p>\n<p>Les survivants ont dit qu\u2019ils craignaient que la violence ne resurgisse \u00e0 San Rafael. La municipalit\u00e9 de San Rafael est compos\u00e9e de 54 villages ruraux d\u2019une population totale de 17 000 personnes. Il y a trois centrales \u00e9lectriques, des mines, des cultures de caf\u00e9 et de canne \u00e0 sucre. Ces richesses en font un territoire vuln\u00e9rable \u00e0 de futures actes violents \u00e0 cause des disputes pour l\u2019extraction des ressources et de la r\u00e9partition in\u00e9gale des b\u00e9n\u00e9fices \u00e9conomiques.<\/p>\n<p>Ils veulent changer cela&nbsp;: emplois pour les jeunes, recherche des personnes disparues et dignit\u00e9 pour les familles de ceux qui ont \u00e9t\u00e9 assassin\u00e9s. Ils ont demand\u00e9 aux signataires&nbsp;: <em>Que pouvons-nous faire&nbsp;? Comment pouvons-nous aider&nbsp;?<\/em><\/p>\n<p>Apr\u00e8s avoir \u00e9cout\u00e9 les survivants, les anciens membres des FARC ont r\u00e9it\u00e9r\u00e9 leur volont\u00e9 d\u2019apporter des clarifications et de faire la lumi\u00e8re sur les actes violents signal\u00e9s par les survivants.<\/p>\n<p>Ensemble, les survivants et les anciens combattants de la gu\u00e9rilla ont r\u00e9fl\u00e9chi aux prochaines \u00e9tapes.<\/p>\n<p>Parmi leurs id\u00e9es&nbsp;:<\/p>\n<ul>\n<li>Organiser des rencontres similaires avec les organisations de victimes,<\/li>\n<li>Mettre en place des activit\u00e9s pour raconter la v\u00e9rit\u00e9 et reconstruire la m\u00e9moire historique,<\/li>\n<li>Promouvoir une plus grande connaissance et l\u2019adoption des accords de paix,<\/li>\n<li>Organiser des forums publics pour le pardon, l\u2019espoir, la v\u00e9rit\u00e9 et la r\u00e9conciliation (avec des repr\u00e9sentants de l\u2019arm\u00e9e et de l\u2019entreprise d\u2019\u00e9lectricit\u00e9 et de service)<\/li>\n<li>Mener des recherches pour localiser les 253 personnes disparues aux mains des groupes arm\u00e9s,<\/li>\n<li>Offrir des r\u00e9parations aux victimes,<\/li>\n<li>Encourager les enfants \u00e0 construire la paix,<\/li>\n<li>Utiliser les m\u00e9dias de communication.<\/li>\n<\/ul>\n<p>La rencontre s\u2019est termin\u00e9e avec la mise en terre d\u2019un plant de caf\u00e9, un symbole de l\u2019identit\u00e9 et des valeurs de San Rafael avant que la violence n\u2019y fasse irruption.<\/p>\n<p style=\"margin-left:36.0pt;\"><em>\u2014Communiqu\u00e9 de la Conf\u00e9rence Mennonite Mondiale avec l\u2019apport de Carlos Sanchez<\/em><\/p>\n","protected":false},"excerpt":{"rendered":"<p>Dialogue entre les victimes et les FARC \u00ab&nbsp;Fid\u00e9lit\u00e9 et V\u00e9rit\u00e9 se sont rencontr\u00e9e\u2026 La Justice marche devant lui&nbsp;\u00bb (Psaume 85\/11,14) Les membres de l\u2019\u00e9glise Iglesia Cristiana Menonita de Colombia croient en cette version de la justice et de la r\u00e9conciliation m\u00eame lorsque c\u2019est difficile. Le 27 juillet 2020, dans la r\u00e9gion de San Rafael, en [&hellip;]<\/p>\n","protected":false},"author":1,"featured_media":70264,"comment_status":"closed","ping_status":"closed","sticky":false,"template":"","format":"standard","meta":{"_acf_changed":false,"footnotes":""},"categories":[7],"tags":[],"network":[],"eventcategory":[],"class_list":["post-10205","post","type-post","status-publish","format-standard","has-post-thumbnail","hentry","category-non-classifiee"],"acf":[],"yoast_head":"<!-- This site is optimized with the Yoast SEO plugin v27.2 - https:\/\/yoast.com\/product\/yoast-seo-wordpress\/ -->\n<title>Dispos\u00e9s \u00e0 \u00e9couter - Mennonite World Conference<\/title>\n<meta name=\"robots\" content=\"index, follow, max-snippet:-1, max-image-preview:large, max-video-preview:-1\" \/>\n<link rel=\"canonical\" href=\"https:\/\/mwc-cmm.org\/en\/stories\/a-willingness-to-listen-2\/\" \/>\n<meta property=\"og:locale\" content=\"fr_FR\" \/>\n<meta property=\"og:type\" content=\"article\" \/>\n<meta property=\"og:title\" content=\"Dispos\u00e9s \u00e0 \u00e9couter - Mennonite World Conference\" \/>\n<meta property=\"og:description\" content=\"Dialogue entre les victimes et les FARC \u00ab&nbsp;Fid\u00e9lit\u00e9 et V\u00e9rit\u00e9 se sont rencontr\u00e9e\u2026 La Justice marche devant lui&nbsp;\u00bb (Psaume 85\/11,14) Les membres de l\u2019\u00e9glise Iglesia Cristiana Menonita de Colombia croient en cette version de la justice et de la r\u00e9conciliation m\u00eame lorsque c\u2019est difficile. Le 27 juillet 2020, dans la r\u00e9gion de San Rafael, en [&hellip;]\" \/>\n<meta property=\"og:url\" content=\"https:\/\/mwc-cmm.org\/en\/stories\/a-willingness-to-listen-2\/\" \/>\n<meta property=\"og:site_name\" content=\"Mennonite World Conference\" \/>\n<meta property=\"article:publisher\" content=\"https:\/\/www.facebook.com\/MennoniteWorldConference\" \/>\n<meta property=\"article:published_time\" content=\"2020-10-09T00:00:00+00:00\" \/>\n<meta property=\"article:modified_time\" content=\"2024-12-10T17:17:23+00:00\" \/>\n<meta property=\"og:image\" content=\"https:\/\/mwc-cmm.org\/wp-content\/uploads\/2024\/11\/aiokr-chen-ytquwall2ge-unsplash.jpg\" \/>\n\t<meta property=\"og:image:width\" content=\"1920\" \/>\n\t<meta property=\"og:image:height\" content=\"1442\" \/>\n\t<meta property=\"og:image:type\" content=\"image\/jpeg\" \/>\n<meta name=\"author\" content=\"mennworldcon\" \/>\n<script type=\"application\/ld+json\" class=\"yoast-schema-graph\">{\"@context\":\"https:\/\/schema.org\",\"@graph\":[{\"@type\":\"Article\",\"@id\":\"https:\/\/mwc-cmm.org\/en\/stories\/a-willingness-to-listen-2\/#article\",\"isPartOf\":{\"@id\":\"https:\/\/mwc-cmm.org\/en\/stories\/a-willingness-to-listen-2\/\"},\"author\":{\"name\":\"mennworldcon\",\"@id\":\"https:\/\/mwc-cmm.org\/en\/#\/schema\/person\/11f6ae0d7d1868ba20a1cc27f067c836\"},\"headline\":\"Dispos\u00e9s \u00e0 \u00e9couter\",\"datePublished\":\"2020-10-09T00:00:00+00:00\",\"dateModified\":\"2024-12-10T17:17:23+00:00\",\"mainEntityOfPage\":{\"@id\":\"https:\/\/mwc-cmm.org\/en\/stories\/a-willingness-to-listen-2\/\"},\"wordCount\":588,\"publisher\":{\"@id\":\"https:\/\/mwc-cmm.org\/en\/#organization\"},\"image\":{\"@id\":\"https:\/\/mwc-cmm.org\/en\/stories\/a-willingness-to-listen-2\/#primaryimage\"},\"thumbnailUrl\":\"https:\/\/mwc-cmm.org\/wp-content\/uploads\/2024\/11\/aiokr-chen-ytquwall2ge-unsplash.jpg\",\"articleSection\":[\"Non classifi\u00e9(e)\"],\"inLanguage\":\"fr-FR\"},{\"@type\":\"WebPage\",\"@id\":\"https:\/\/mwc-cmm.org\/en\/stories\/a-willingness-to-listen-2\/\",\"url\":\"https:\/\/mwc-cmm.org\/en\/stories\/a-willingness-to-listen-2\/\",\"name\":\"Dispos\u00e9s \u00e0 \u00e9couter - Mennonite World Conference\",\"isPartOf\":{\"@id\":\"https:\/\/mwc-cmm.org\/en\/#website\"},\"primaryImageOfPage\":{\"@id\":\"https:\/\/mwc-cmm.org\/en\/stories\/a-willingness-to-listen-2\/#primaryimage\"},\"image\":{\"@id\":\"https:\/\/mwc-cmm.org\/en\/stories\/a-willingness-to-listen-2\/#primaryimage\"},\"thumbnailUrl\":\"https:\/\/mwc-cmm.org\/wp-content\/uploads\/2024\/11\/aiokr-chen-ytquwall2ge-unsplash.jpg\",\"datePublished\":\"2020-10-09T00:00:00+00:00\",\"dateModified\":\"2024-12-10T17:17:23+00:00\",\"breadcrumb\":{\"@id\":\"https:\/\/mwc-cmm.org\/en\/stories\/a-willingness-to-listen-2\/#breadcrumb\"},\"inLanguage\":\"fr-FR\",\"potentialAction\":[{\"@type\":\"ReadAction\",\"target\":[\"https:\/\/mwc-cmm.org\/en\/stories\/a-willingness-to-listen-2\/\"]}]},{\"@type\":\"ImageObject\",\"inLanguage\":\"fr-FR\",\"@id\":\"https:\/\/mwc-cmm.org\/en\/stories\/a-willingness-to-listen-2\/#primaryimage\",\"url\":\"https:\/\/mwc-cmm.org\/wp-content\/uploads\/2024\/11\/aiokr-chen-ytquwall2ge-unsplash.jpg\",\"contentUrl\":\"https:\/\/mwc-cmm.org\/wp-content\/uploads\/2024\/11\/aiokr-chen-ytquwall2ge-unsplash.jpg\",\"width\":1920,\"height\":1442},{\"@type\":\"BreadcrumbList\",\"@id\":\"https:\/\/mwc-cmm.org\/en\/stories\/a-willingness-to-listen-2\/#breadcrumb\",\"itemListElement\":[{\"@type\":\"ListItem\",\"position\":1,\"name\":\"Home\",\"item\":\"https:\/\/mwc-cmm.org\/fr\/\"},{\"@type\":\"ListItem\",\"position\":2,\"name\":\"Dispos\u00e9s \u00e0 \u00e9couter\"}]},{\"@type\":\"WebSite\",\"@id\":\"https:\/\/mwc-cmm.org\/en\/#website\",\"url\":\"https:\/\/mwc-cmm.org\/en\/\",\"name\":\"Mennonite World Conference\",\"description\":\"A communion of Anabaptist-related churches\",\"publisher\":{\"@id\":\"https:\/\/mwc-cmm.org\/en\/#organization\"},\"alternateName\":\"MWC\",\"potentialAction\":[{\"@type\":\"SearchAction\",\"target\":{\"@type\":\"EntryPoint\",\"urlTemplate\":\"https:\/\/mwc-cmm.org\/en\/?s={search_term_string}\"},\"query-input\":{\"@type\":\"PropertyValueSpecification\",\"valueRequired\":true,\"valueName\":\"search_term_string\"}}],\"inLanguage\":\"fr-FR\"},{\"@type\":\"Organization\",\"@id\":\"https:\/\/mwc-cmm.org\/en\/#organization\",\"name\":\"Mennonite World Conference\",\"alternateName\":\"MWC\",\"url\":\"https:\/\/mwc-cmm.org\/en\/\",\"logo\":{\"@type\":\"ImageObject\",\"inLanguage\":\"fr-FR\",\"@id\":\"https:\/\/mwc-cmm.org\/en\/#\/schema\/logo\/image\/\",\"url\":\"https:\/\/mwc-cmm.org\/wp-content\/uploads\/2026\/01\/MWC_Sig_Blue_Horiz_webheader1-logo.svg\",\"contentUrl\":\"https:\/\/mwc-cmm.org\/wp-content\/uploads\/2026\/01\/MWC_Sig_Blue_Horiz_webheader1-logo.svg\",\"width\":786,\"height\":82,\"caption\":\"Mennonite World Conference\"},\"image\":{\"@id\":\"https:\/\/mwc-cmm.org\/en\/#\/schema\/logo\/image\/\"},\"sameAs\":[\"https:\/\/www.facebook.com\/MennoniteWorldConference\",\"https:\/\/www.linkedin.com\/company\/mennonite-world-conference-mwc\/\",\"https:\/\/www.instagram.com\/mwcmm\/\",\"https:\/\/www.youtube.com\/user\/mwccmm\",\"https:\/\/bsky.app\/profile\/mwcmm.bsky.social\"]},{\"@type\":\"Person\",\"@id\":\"https:\/\/mwc-cmm.org\/en\/#\/schema\/person\/11f6ae0d7d1868ba20a1cc27f067c836\",\"name\":\"mennworldcon\",\"image\":{\"@type\":\"ImageObject\",\"inLanguage\":\"fr-FR\",\"@id\":\"https:\/\/secure.gravatar.com\/avatar\/06fdc0dc81c157dfdb82ec42f252178a22307808988d22c043f9eb96f1e0fe80?s=96&d=mm&r=g\",\"url\":\"https:\/\/secure.gravatar.com\/avatar\/06fdc0dc81c157dfdb82ec42f252178a22307808988d22c043f9eb96f1e0fe80?s=96&d=mm&r=g\",\"contentUrl\":\"https:\/\/secure.gravatar.com\/avatar\/06fdc0dc81c157dfdb82ec42f252178a22307808988d22c043f9eb96f1e0fe80?s=96&d=mm&r=g\",\"caption\":\"mennworldcon\"},\"sameAs\":[\"https:\/\/mwc-cmm.org\"],\"url\":\"https:\/\/mwc-cmm.org\/fr\/stories\/author\/mennworldcon\/\"}]}<\/script>\n<!-- \/ Yoast SEO plugin. -->","yoast_head_json":{"title":"Dispos\u00e9s \u00e0 \u00e9couter - Mennonite World Conference","robots":{"index":"index","follow":"follow","max-snippet":"max-snippet:-1","max-image-preview":"max-image-preview:large","max-video-preview":"max-video-preview:-1"},"canonical":"https:\/\/mwc-cmm.org\/en\/stories\/a-willingness-to-listen-2\/","og_locale":"fr_FR","og_type":"article","og_title":"Dispos\u00e9s \u00e0 \u00e9couter - Mennonite World Conference","og_description":"Dialogue entre les victimes et les FARC \u00ab&nbsp;Fid\u00e9lit\u00e9 et V\u00e9rit\u00e9 se sont rencontr\u00e9e\u2026 La Justice marche devant lui&nbsp;\u00bb (Psaume 85\/11,14) Les membres de l\u2019\u00e9glise Iglesia Cristiana Menonita de Colombia croient en cette version de la justice et de la r\u00e9conciliation m\u00eame lorsque c\u2019est difficile. Le 27 juillet 2020, dans la r\u00e9gion de San Rafael, en [&hellip;]","og_url":"https:\/\/mwc-cmm.org\/en\/stories\/a-willingness-to-listen-2\/","og_site_name":"Mennonite World Conference","article_publisher":"https:\/\/www.facebook.com\/MennoniteWorldConference","article_published_time":"2020-10-09T00:00:00+00:00","article_modified_time":"2024-12-10T17:17:23+00:00","og_image":[{"width":1920,"height":1442,"url":"https:\/\/mwc-cmm.org\/wp-content\/uploads\/2024\/11\/aiokr-chen-ytquwall2ge-unsplash.jpg","type":"image\/jpeg"}],"author":"mennworldcon","schema":{"@context":"https:\/\/schema.org","@graph":[{"@type":"Article","@id":"https:\/\/mwc-cmm.org\/en\/stories\/a-willingness-to-listen-2\/#article","isPartOf":{"@id":"https:\/\/mwc-cmm.org\/en\/stories\/a-willingness-to-listen-2\/"},"author":{"name":"mennworldcon","@id":"https:\/\/mwc-cmm.org\/en\/#\/schema\/person\/11f6ae0d7d1868ba20a1cc27f067c836"},"headline":"Dispos\u00e9s \u00e0 \u00e9couter","datePublished":"2020-10-09T00:00:00+00:00","dateModified":"2024-12-10T17:17:23+00:00","mainEntityOfPage":{"@id":"https:\/\/mwc-cmm.org\/en\/stories\/a-willingness-to-listen-2\/"},"wordCount":588,"publisher":{"@id":"https:\/\/mwc-cmm.org\/en\/#organization"},"image":{"@id":"https:\/\/mwc-cmm.org\/en\/stories\/a-willingness-to-listen-2\/#primaryimage"},"thumbnailUrl":"https:\/\/mwc-cmm.org\/wp-content\/uploads\/2024\/11\/aiokr-chen-ytquwall2ge-unsplash.jpg","articleSection":["Non classifi\u00e9(e)"],"inLanguage":"fr-FR"},{"@type":"WebPage","@id":"https:\/\/mwc-cmm.org\/en\/stories\/a-willingness-to-listen-2\/","url":"https:\/\/mwc-cmm.org\/en\/stories\/a-willingness-to-listen-2\/","name":"Dispos\u00e9s \u00e0 \u00e9couter - Mennonite World Conference","isPartOf":{"@id":"https:\/\/mwc-cmm.org\/en\/#website"},"primaryImageOfPage":{"@id":"https:\/\/mwc-cmm.org\/en\/stories\/a-willingness-to-listen-2\/#primaryimage"},"image":{"@id":"https:\/\/mwc-cmm.org\/en\/stories\/a-willingness-to-listen-2\/#primaryimage"},"thumbnailUrl":"https:\/\/mwc-cmm.org\/wp-content\/uploads\/2024\/11\/aiokr-chen-ytquwall2ge-unsplash.jpg","datePublished":"2020-10-09T00:00:00+00:00","dateModified":"2024-12-10T17:17:23+00:00","breadcrumb":{"@id":"https:\/\/mwc-cmm.org\/en\/stories\/a-willingness-to-listen-2\/#breadcrumb"},"inLanguage":"fr-FR","potentialAction":[{"@type":"ReadAction","target":["https:\/\/mwc-cmm.org\/en\/stories\/a-willingness-to-listen-2\/"]}]},{"@type":"ImageObject","inLanguage":"fr-FR","@id":"https:\/\/mwc-cmm.org\/en\/stories\/a-willingness-to-listen-2\/#primaryimage","url":"https:\/\/mwc-cmm.org\/wp-content\/uploads\/2024\/11\/aiokr-chen-ytquwall2ge-unsplash.jpg","contentUrl":"https:\/\/mwc-cmm.org\/wp-content\/uploads\/2024\/11\/aiokr-chen-ytquwall2ge-unsplash.jpg","width":1920,"height":1442},{"@type":"BreadcrumbList","@id":"https:\/\/mwc-cmm.org\/en\/stories\/a-willingness-to-listen-2\/#breadcrumb","itemListElement":[{"@type":"ListItem","position":1,"name":"Home","item":"https:\/\/mwc-cmm.org\/fr\/"},{"@type":"ListItem","position":2,"name":"Dispos\u00e9s \u00e0 \u00e9couter"}]},{"@type":"WebSite","@id":"https:\/\/mwc-cmm.org\/en\/#website","url":"https:\/\/mwc-cmm.org\/en\/","name":"Mennonite World Conference","description":"A communion of Anabaptist-related churches","publisher":{"@id":"https:\/\/mwc-cmm.org\/en\/#organization"},"alternateName":"MWC","potentialAction":[{"@type":"SearchAction","target":{"@type":"EntryPoint","urlTemplate":"https:\/\/mwc-cmm.org\/en\/?s={search_term_string}"},"query-input":{"@type":"PropertyValueSpecification","valueRequired":true,"valueName":"search_term_string"}}],"inLanguage":"fr-FR"},{"@type":"Organization","@id":"https:\/\/mwc-cmm.org\/en\/#organization","name":"Mennonite World Conference","alternateName":"MWC","url":"https:\/\/mwc-cmm.org\/en\/","logo":{"@type":"ImageObject","inLanguage":"fr-FR","@id":"https:\/\/mwc-cmm.org\/en\/#\/schema\/logo\/image\/","url":"https:\/\/mwc-cmm.org\/wp-content\/uploads\/2026\/01\/MWC_Sig_Blue_Horiz_webheader1-logo.svg","contentUrl":"https:\/\/mwc-cmm.org\/wp-content\/uploads\/2026\/01\/MWC_Sig_Blue_Horiz_webheader1-logo.svg","width":786,"height":82,"caption":"Mennonite World Conference"},"image":{"@id":"https:\/\/mwc-cmm.org\/en\/#\/schema\/logo\/image\/"},"sameAs":["https:\/\/www.facebook.com\/MennoniteWorldConference","https:\/\/www.linkedin.com\/company\/mennonite-world-conference-mwc\/","https:\/\/www.instagram.com\/mwcmm\/","https:\/\/www.youtube.com\/user\/mwccmm","https:\/\/bsky.app\/profile\/mwcmm.bsky.social"]},{"@type":"Person","@id":"https:\/\/mwc-cmm.org\/en\/#\/schema\/person\/11f6ae0d7d1868ba20a1cc27f067c836","name":"mennworldcon","image":{"@type":"ImageObject","inLanguage":"fr-FR","@id":"https:\/\/secure.gravatar.com\/avatar\/06fdc0dc81c157dfdb82ec42f252178a22307808988d22c043f9eb96f1e0fe80?s=96&d=mm&r=g","url":"https:\/\/secure.gravatar.com\/avatar\/06fdc0dc81c157dfdb82ec42f252178a22307808988d22c043f9eb96f1e0fe80?s=96&d=mm&r=g","contentUrl":"https:\/\/secure.gravatar.com\/avatar\/06fdc0dc81c157dfdb82ec42f252178a22307808988d22c043f9eb96f1e0fe80?s=96&d=mm&r=g","caption":"mennworldcon"},"sameAs":["https:\/\/mwc-cmm.org"],"url":"https:\/\/mwc-cmm.org\/fr\/stories\/author\/mennworldcon\/"}]}},"_links":{"self":[{"href":"https:\/\/mwc-cmm.org\/fr\/wp-json\/wp\/v2\/posts\/10205","targetHints":{"allow":["GET"]}}],"collection":[{"href":"https:\/\/mwc-cmm.org\/fr\/wp-json\/wp\/v2\/posts"}],"about":[{"href":"https:\/\/mwc-cmm.org\/fr\/wp-json\/wp\/v2\/types\/post"}],"author":[{"embeddable":true,"href":"https:\/\/mwc-cmm.org\/fr\/wp-json\/wp\/v2\/users\/1"}],"replies":[{"embeddable":true,"href":"https:\/\/mwc-cmm.org\/fr\/wp-json\/wp\/v2\/comments?post=10205"}],"version-history":[{"count":0,"href":"https:\/\/mwc-cmm.org\/fr\/wp-json\/wp\/v2\/posts\/10205\/revisions"}],"wp:featuredmedia":[{"embeddable":true,"href":"https:\/\/mwc-cmm.org\/fr\/wp-json\/wp\/v2\/media\/70264"}],"wp:attachment":[{"href":"https:\/\/mwc-cmm.org\/fr\/wp-json\/wp\/v2\/media?parent=10205"}],"wp:term":[{"taxonomy":"category","embeddable":true,"href":"https:\/\/mwc-cmm.org\/fr\/wp-json\/wp\/v2\/categories?post=10205"},{"taxonomy":"post_tag","embeddable":true,"href":"https:\/\/mwc-cmm.org\/fr\/wp-json\/wp\/v2\/tags?post=10205"},{"taxonomy":"network","embeddable":true,"href":"https:\/\/mwc-cmm.org\/fr\/wp-json\/wp\/v2\/network?post=10205"},{"taxonomy":"eventcategory","embeddable":true,"href":"https:\/\/mwc-cmm.org\/fr\/wp-json\/wp\/v2\/eventcategory?post=10205"}],"curies":[{"name":"wp","href":"https:\/\/api.w.org\/{rel}","templated":true}]}}