{"id":10202,"date":"2020-10-02T00:00:00","date_gmt":"2020-10-02T00:00:00","guid":{"rendered":"https:\/\/mwc-cmm.org\/go-into-the-community-4\/"},"modified":"2025-09-15T12:27:43","modified_gmt":"2025-09-15T12:27:43","slug":"allez-dans-les-villages","status":"publish","type":"post","link":"https:\/\/mwc-cmm.org\/fr\/stories\/allez-dans-les-villages\/","title":{"rendered":"Allez dans les villages"},"content":{"rendered":"\n<h2 class=\"wp-block-heading\">Le r\u00e9seau anabaptiste de sant\u00e9 agit contre la COVID-19<\/h2>\n\n\n\n<p>\u00ab&nbsp;Nous sommes li\u00e9s les uns aux autres en tant que communaut\u00e9, non seulement \u00e0 cause de cette pand\u00e9mie, mais aussi de par notre foi,&nbsp;\u00bb explique Rick Stiffney, membre du comit\u00e9 de pilotage du R\u00e9seau Anabaptiste Mondial de Sant\u00e9.<\/p>\n\n\n\n<p>Le R\u00e9seau Anabaptiste Mondial de Sant\u00e9 a organis\u00e9 sa premi\u00e8re r\u00e9union virtuelle le 16 septembre 2020. Une vingtaine de professionnels de la sant\u00e9 anabaptistes d\u2019Asie, d\u2019Afrique, d\u2019Am\u00e9rique du Nord et des Cara\u00efbes ont particip\u00e9.<\/p>\n\n\n\n<h3 class=\"wp-block-heading\"><strong>M\u00e8res de Mathare<\/strong><\/h3>\n\n\n\n<p>\u00ab&nbsp;Le changement est un processus&nbsp;: il faut donner \u00e0 tous une chance de l\u2019accueillir,&nbsp;\u00bb d\u00e9clare Judith Siambe Opiyo, responsable du projet de l\u2019\u00e9glise mennonite du Kenya \u2013 Centre for Peace and Nationhood (CPN) et facilitatrice de la r\u00e9union.<\/p>\n\n\n\n<p>En mars, lorsque le gouvernement kenyan a annonc\u00e9 le premier cas de COVID-19 du pays, tout a chang\u00e9 pour le programme de nutrition et de sant\u00e9 infantile de CPN dans les bidonvilles de Mathare, pr\u00e8s de Nairobi.<\/p>\n\n\n\n<p>Les activit\u00e9s des groupes de soutien ont cess\u00e9 et CPN s\u2019est tourn\u00e9 vers la pr\u00e9vention des contaminations.&nbsp;<\/p>\n\n\n\n<p>CPN a install\u00e9 50 points de lavage de main \u00e0 Mathare Village (environ un point pour 20 foyers) et a impliqu\u00e9 la communaut\u00e9 dans l\u2019entretien et l\u2019usage de ces installations.<\/p>\n\n\n\n<p>Judith Siambe Opiyo raconte&nbsp;: \u00ab&nbsp;Les populations \u00e9taient r\u00e9ticentes (septiques de la gravit\u00e9 du virus), mais gr\u00e2ce au travail constant de CPN avec les habitants, ils ont fini par adopter les recommandations sanitaires&nbsp;\u00bb.<\/p>\n\n\n\n<p>Jusqu\u2019\u00e0 pr\u00e9sent, il y a peu de cas de morts de COVID-19 signal\u00e9s \u00e0 Mathare Village malgr\u00e9 le fait que l\u2019isolation soit difficile \u00e0 cause de la surpopulation et de la n\u00e9cessit\u00e9 de sortir gagner sa vie au jour le jour sur le march\u00e9.<\/p>\n\n\n\n<p>Les activit\u00e9s de soin maternel et infantile ont pu \u00eatre maintenues gr\u00e2ce aux visites \u00e0 domicile, les points de lavage de main devraient r\u00e9pondre aux besoins en hygi\u00e8ne de la population sur le long terme.<\/p>\n\n\n\n<p>\u00ab&nbsp;Ces actions seront d\u2019autant plus b\u00e9n\u00e9fiques \u00e0 long terme qu\u2019elles lutteront \u00e9galement contre d\u2019autres maladies \u00e9vitables par lavage de main comme le chol\u00e9ra ou la diarrh\u00e9e.&nbsp;\u00bb<\/p>\n\n\n\n<div style=\"text-align: center;\">\n<figure class=\"image\" style=\"display: inline-block;\"><img decoding=\"async\" data-src=\"https:\/\/mwc-cmm.org\/wp-content\/uploads\/2024\/10\/2020_gahn-cpn-kenya-rosneka_mulalyah-paul_karuiki-mike_musyoki-mathare3b-scaled.jpg\" alt=\"CPN promoter Rosneka Mulalyah, Paul Karuiki, Mike Musyoki in Mathare, Kenya. \" width=\"840\" height=\"474\" src=\"data:image\/svg+xml;base64,PHN2ZyB3aWR0aD0iMSIgaGVpZ2h0PSIxIiB4bWxucz0iaHR0cDovL3d3dy53My5vcmcvMjAwMC9zdmciPjwvc3ZnPg==\" class=\"lazyload\" style=\"--smush-placeholder-width: 840px; --smush-placeholder-aspect-ratio: 840\/474;\">\n<figcaption>Rosneka Mulalyah, de CPN, transmet la responsabilit\u00e9 de la station de lavage de main \u00e0 Paul Karuiki et Mike Musyoki, des jeunes de la communaut\u00e9 3B de Mathare, Kenya.&nbsp; Photo : fournie par CPN Kenya<\/figcaption>\n<\/figure>\n<\/div>\n\n\n\n<p>&nbsp;<\/p>\n\n\n\n<h3 class=\"wp-block-heading\"><strong>Prot\u00e9ger les patients<\/strong><\/h3>\n\n\n\n<p>D\u2019apr\u00e8s le docteur Luis C. Torrellas Ru\u00edz, \u00ab&nbsp;l\u2019h\u00f4pital doit prendre le taureau par les cornes&nbsp;\u00bb. Luis est sp\u00e9cialiste en m\u00e9decine interne \u00e0 Sistema de Salud Menonita (SSM \u2013 un r\u00e9seau d\u2019h\u00f4pitaux mennonites \u00e0 Porto Rico) et membre du groupe de travail gouvernemental sur la COVID-19. \u00ab&nbsp;N\u2019attendez pas \u00e0 l\u2019h\u00f4pital que les patients arrivent. Allez dans les villages pour informer et sensibiliser.&nbsp;\u00bb<\/p>\n\n\n\n<p>Parce que Porto Rico pr\u00e9sentait peu de cas au d\u00e9but, SSM a pu pr\u00e9parer son personnel et son organisation en s\u2019\u00e9quipant de mat\u00e9riel de protection et en formant ses \u00e9quipes sur le virus. Jusqu\u2019\u00e0 pr\u00e9sent, aucun membre du personnel, aucun formateur n\u2019a \u00e9t\u00e9 contamin\u00e9 via l\u2019h\u00f4pital.&nbsp;&nbsp;<\/p>\n\n\n\n<p>\u00ab&nbsp;Tout le monde doit se prot\u00e9ger et adopter les gestes barri\u00e8re,&nbsp;\u00bb affirme Luis Torrellas Ru\u00edz.<\/p>\n\n\n\n<p>Cette situation d\u2019urgence sans fin est psychologiquement pesante pour les m\u00e9decins et les infirmiers qui travaillent avec ce virus extr\u00eamement contagieux et sans traitement r\u00e9el. \u00ab&nbsp;Soyez patients. Dieu est \u00e0 vos c\u00f4t\u00e9s, gardez espoir.&nbsp;\u00bb&nbsp;<\/p>\n\n\n\n<p>\u00ca l\u2019h\u00f4pital, le temps de pri\u00e8re quotidien est d\u2019un grand r\u00e9confort et permet \u00e0 SSM de remplir sa mission&nbsp;: \u00ab&nbsp;servir avec l\u2019amour du Christ pour apporter \u00e0 la communaut\u00e9 des soins de sant\u00e9 globaux et d\u2019excellence dans un environnement chaleureux et libre de discrimination&nbsp;\u00bb.<\/p>\n\n\n\n<p>La prochaine r\u00e9union virtuelle du GAHN aura lieu le 18 novembre 2020 avec le docteur Virgo Handojo qui parlera du r\u00f4le de la spiritualit\u00e9 dans la r\u00e9ponse \u00e0 la COVID-19, le docteur Chiang-Liang Wu sur le minist\u00e8re de l\u2019h\u00f4pital chr\u00e9tien mennonite de Hualien, \u00e0 Ta\u00efwan et Paul Shetler Fast sur l\u2019organisation des projets de sant\u00e9 du Comit\u00e9 Central Mennonite (MCC). &nbsp;<\/p>\n\n\n\n<p>Pour le docteur Virgo Handojo, participant de la r\u00e9union, \u00ab&nbsp;la distance n\u2019est plus un obstacle pour tisser des liens avec ceux qui partagent les m\u00eames valeurs et la m\u00eame foi en r\u00e9pendant l\u2019amour du Christ dans ce monde&nbsp;\u00bb.<\/p>\n\n\n\n<p><em>\u2014Mennonite World Conference release <\/em><\/p>\n\n\n\n<hr class=\"wp-block-separator has-alpha-channel-opacity\"\/>\n\n\n\n<div class=\"wp-block-group alignwide has-global-padding is-layout-constrained wp-block-group-is-layout-constrained\">\n<p class=\"has-text-align-center has-soft-gray-background-color has-background\"><strong>MWC\u2019s Executive Committee decided to dissolve the Global Anabaptist Health Network in May 2025 due to a failure to coalesce.<\/strong><\/p>\n<\/div>\n","protected":false},"excerpt":{"rendered":"<p>Le r\u00e9seau anabaptiste de sant\u00e9 agit contre la COVID-19 \u00ab&nbsp;Nous sommes li\u00e9s les uns aux autres en tant que communaut\u00e9, non seulement \u00e0 cause de cette pand\u00e9mie, mais aussi de par notre foi,&nbsp;\u00bb explique Rick Stiffney, membre du comit\u00e9 de pilotage du R\u00e9seau Anabaptiste Mondial de Sant\u00e9. Le R\u00e9seau Anabaptiste Mondial de Sant\u00e9 a organis\u00e9 [&hellip;]<\/p>\n","protected":false},"author":1,"featured_media":92776,"comment_status":"closed","ping_status":"closed","sticky":false,"template":"","format":"standard","meta":{"_acf_changed":false,"footnotes":""},"categories":[7],"tags":[683,1160],"network":[1294],"eventcategory":[],"class_list":["post-10202","post","type-post","status-publish","format-standard","has-post-thumbnail","hentry","category-non-classifiee","tag-gahn-fr","tag-sante","network-global-anabaptist-health-network-fr"],"acf":[],"yoast_head":"<!-- This site is optimized with the Yoast SEO plugin v27.5 - https:\/\/yoast.com\/product\/yoast-seo-wordpress\/ -->\n<title>Allez dans les villages - Mennonite World Conference<\/title>\n<meta name=\"robots\" content=\"index, follow, max-snippet:-1, max-image-preview:large, max-video-preview:-1\" \/>\n<link rel=\"canonical\" href=\"https:\/\/mwc-cmm.org\/fr\/stories\/allez-dans-les-villages\/\" \/>\n<meta property=\"og:locale\" content=\"fr_FR\" \/>\n<meta property=\"og:type\" content=\"article\" \/>\n<meta property=\"og:title\" content=\"Allez dans les villages - Mennonite World Conference\" \/>\n<meta property=\"og:description\" content=\"Le r\u00e9seau anabaptiste de sant\u00e9 agit contre la COVID-19 \u00ab&nbsp;Nous sommes li\u00e9s les uns aux autres en tant que communaut\u00e9, non seulement \u00e0 cause de cette pand\u00e9mie, mais aussi de par notre foi,&nbsp;\u00bb explique Rick Stiffney, membre du comit\u00e9 de pilotage du R\u00e9seau Anabaptiste Mondial de Sant\u00e9. Le R\u00e9seau Anabaptiste Mondial de Sant\u00e9 a organis\u00e9 [&hellip;]\" \/>\n<meta property=\"og:url\" content=\"https:\/\/mwc-cmm.org\/fr\/stories\/allez-dans-les-villages\/\" \/>\n<meta property=\"og:site_name\" content=\"Mennonite World Conference\" \/>\n<meta property=\"article:publisher\" content=\"https:\/\/www.facebook.com\/MennoniteWorldConference\" \/>\n<meta property=\"article:published_time\" content=\"2020-10-02T00:00:00+00:00\" \/>\n<meta property=\"article:modified_time\" content=\"2025-09-15T12:27:43+00:00\" \/>\n<meta property=\"og:image\" content=\"https:\/\/mwc-cmm.org\/wp-content\/uploads\/2024\/11\/20200409_gahn-cpn-kenya-120513-scaled.jpg\" \/>\n\t<meta property=\"og:image:width\" content=\"1535\" \/>\n\t<meta property=\"og:image:height\" content=\"2560\" \/>\n\t<meta property=\"og:image:type\" content=\"image\/jpeg\" \/>\n<meta name=\"author\" content=\"mennworldcon\" \/>\n<script type=\"application\/ld+json\" class=\"yoast-schema-graph\">{\"@context\":\"https:\\\/\\\/schema.org\",\"@graph\":[{\"@type\":\"Article\",\"@id\":\"https:\\\/\\\/mwc-cmm.org\\\/fr\\\/stories\\\/allez-dans-les-villages\\\/#article\",\"isPartOf\":{\"@id\":\"https:\\\/\\\/mwc-cmm.org\\\/fr\\\/stories\\\/allez-dans-les-villages\\\/\"},\"author\":{\"name\":\"mennworldcon\",\"@id\":\"https:\\\/\\\/mwc-cmm.org\\\/en\\\/#\\\/schema\\\/person\\\/11f6ae0d7d1868ba20a1cc27f067c836\"},\"headline\":\"Allez dans les villages\",\"datePublished\":\"2020-10-02T00:00:00+00:00\",\"dateModified\":\"2025-09-15T12:27:43+00:00\",\"mainEntityOfPage\":{\"@id\":\"https:\\\/\\\/mwc-cmm.org\\\/fr\\\/stories\\\/allez-dans-les-villages\\\/\"},\"wordCount\":785,\"publisher\":{\"@id\":\"https:\\\/\\\/mwc-cmm.org\\\/en\\\/#organization\"},\"image\":{\"@id\":\"https:\\\/\\\/mwc-cmm.org\\\/fr\\\/stories\\\/allez-dans-les-villages\\\/#primaryimage\"},\"thumbnailUrl\":\"https:\\\/\\\/mwc-cmm.org\\\/wp-content\\\/uploads\\\/2024\\\/11\\\/20200409_gahn-cpn-kenya-120513-scaled.jpg\",\"keywords\":[\"GAHN\",\"sant\u00e9\"],\"articleSection\":[\"Non classifi\u00e9(e)\"],\"inLanguage\":\"fr-FR\"},{\"@type\":\"WebPage\",\"@id\":\"https:\\\/\\\/mwc-cmm.org\\\/fr\\\/stories\\\/allez-dans-les-villages\\\/\",\"url\":\"https:\\\/\\\/mwc-cmm.org\\\/fr\\\/stories\\\/allez-dans-les-villages\\\/\",\"name\":\"Allez dans les villages - Mennonite World Conference\",\"isPartOf\":{\"@id\":\"https:\\\/\\\/mwc-cmm.org\\\/en\\\/#website\"},\"primaryImageOfPage\":{\"@id\":\"https:\\\/\\\/mwc-cmm.org\\\/fr\\\/stories\\\/allez-dans-les-villages\\\/#primaryimage\"},\"image\":{\"@id\":\"https:\\\/\\\/mwc-cmm.org\\\/fr\\\/stories\\\/allez-dans-les-villages\\\/#primaryimage\"},\"thumbnailUrl\":\"https:\\\/\\\/mwc-cmm.org\\\/wp-content\\\/uploads\\\/2024\\\/11\\\/20200409_gahn-cpn-kenya-120513-scaled.jpg\",\"datePublished\":\"2020-10-02T00:00:00+00:00\",\"dateModified\":\"2025-09-15T12:27:43+00:00\",\"breadcrumb\":{\"@id\":\"https:\\\/\\\/mwc-cmm.org\\\/fr\\\/stories\\\/allez-dans-les-villages\\\/#breadcrumb\"},\"inLanguage\":\"fr-FR\",\"potentialAction\":[{\"@type\":\"ReadAction\",\"target\":[\"https:\\\/\\\/mwc-cmm.org\\\/fr\\\/stories\\\/allez-dans-les-villages\\\/\"]}]},{\"@type\":\"ImageObject\",\"inLanguage\":\"fr-FR\",\"@id\":\"https:\\\/\\\/mwc-cmm.org\\\/fr\\\/stories\\\/allez-dans-les-villages\\\/#primaryimage\",\"url\":\"https:\\\/\\\/mwc-cmm.org\\\/wp-content\\\/uploads\\\/2024\\\/11\\\/20200409_gahn-cpn-kenya-120513-scaled.jpg\",\"contentUrl\":\"https:\\\/\\\/mwc-cmm.org\\\/wp-content\\\/uploads\\\/2024\\\/11\\\/20200409_gahn-cpn-kenya-120513-scaled.jpg\",\"width\":1535,\"height\":2560},{\"@type\":\"BreadcrumbList\",\"@id\":\"https:\\\/\\\/mwc-cmm.org\\\/fr\\\/stories\\\/allez-dans-les-villages\\\/#breadcrumb\",\"itemListElement\":[{\"@type\":\"ListItem\",\"position\":1,\"name\":\"Home\",\"item\":\"https:\\\/\\\/mwc-cmm.org\\\/fr\\\/\"},{\"@type\":\"ListItem\",\"position\":2,\"name\":\"Allez dans les villages\"}]},{\"@type\":\"WebSite\",\"@id\":\"https:\\\/\\\/mwc-cmm.org\\\/en\\\/#website\",\"url\":\"https:\\\/\\\/mwc-cmm.org\\\/en\\\/\",\"name\":\"Mennonite World Conference\",\"description\":\"A communion of Anabaptist-related churches\",\"publisher\":{\"@id\":\"https:\\\/\\\/mwc-cmm.org\\\/en\\\/#organization\"},\"alternateName\":\"MWC\",\"potentialAction\":[{\"@type\":\"SearchAction\",\"target\":{\"@type\":\"EntryPoint\",\"urlTemplate\":\"https:\\\/\\\/mwc-cmm.org\\\/en\\\/?s={search_term_string}\"},\"query-input\":{\"@type\":\"PropertyValueSpecification\",\"valueRequired\":true,\"valueName\":\"search_term_string\"}}],\"inLanguage\":\"fr-FR\"},{\"@type\":\"Organization\",\"@id\":\"https:\\\/\\\/mwc-cmm.org\\\/en\\\/#organization\",\"name\":\"Mennonite World Conference\",\"alternateName\":\"MWC\",\"url\":\"https:\\\/\\\/mwc-cmm.org\\\/en\\\/\",\"logo\":{\"@type\":\"ImageObject\",\"inLanguage\":\"fr-FR\",\"@id\":\"https:\\\/\\\/mwc-cmm.org\\\/en\\\/#\\\/schema\\\/logo\\\/image\\\/\",\"url\":\"https:\\\/\\\/mwc-cmm.org\\\/wp-content\\\/uploads\\\/2026\\\/01\\\/MWC_Sig_Blue_Horiz_webheader1-logo.svg\",\"contentUrl\":\"https:\\\/\\\/mwc-cmm.org\\\/wp-content\\\/uploads\\\/2026\\\/01\\\/MWC_Sig_Blue_Horiz_webheader1-logo.svg\",\"width\":786,\"height\":82,\"caption\":\"Mennonite World Conference\"},\"image\":{\"@id\":\"https:\\\/\\\/mwc-cmm.org\\\/en\\\/#\\\/schema\\\/logo\\\/image\\\/\"},\"sameAs\":[\"https:\\\/\\\/www.facebook.com\\\/MennoniteWorldConference\",\"https:\\\/\\\/www.linkedin.com\\\/company\\\/mennonite-world-conference-mwc\\\/\",\"https:\\\/\\\/www.instagram.com\\\/mwcmm\\\/\",\"https:\\\/\\\/www.youtube.com\\\/user\\\/mwccmm\",\"https:\\\/\\\/bsky.app\\\/profile\\\/mwcmm.bsky.social\"]},{\"@type\":\"Person\",\"@id\":\"https:\\\/\\\/mwc-cmm.org\\\/en\\\/#\\\/schema\\\/person\\\/11f6ae0d7d1868ba20a1cc27f067c836\",\"name\":\"mennworldcon\",\"image\":{\"@type\":\"ImageObject\",\"inLanguage\":\"fr-FR\",\"@id\":\"https:\\\/\\\/secure.gravatar.com\\\/avatar\\\/06fdc0dc81c157dfdb82ec42f252178a22307808988d22c043f9eb96f1e0fe80?s=96&d=mm&r=g\",\"url\":\"https:\\\/\\\/secure.gravatar.com\\\/avatar\\\/06fdc0dc81c157dfdb82ec42f252178a22307808988d22c043f9eb96f1e0fe80?s=96&d=mm&r=g\",\"contentUrl\":\"https:\\\/\\\/secure.gravatar.com\\\/avatar\\\/06fdc0dc81c157dfdb82ec42f252178a22307808988d22c043f9eb96f1e0fe80?s=96&d=mm&r=g\",\"caption\":\"mennworldcon\"},\"sameAs\":[\"https:\\\/\\\/mwc-cmm.org\"],\"url\":\"https:\\\/\\\/mwc-cmm.org\\\/fr\\\/stories\\\/author\\\/mennworldcon\\\/\"}]}<\/script>\n<!-- \/ Yoast SEO plugin. -->","yoast_head_json":{"title":"Allez dans les villages - Mennonite World Conference","robots":{"index":"index","follow":"follow","max-snippet":"max-snippet:-1","max-image-preview":"max-image-preview:large","max-video-preview":"max-video-preview:-1"},"canonical":"https:\/\/mwc-cmm.org\/fr\/stories\/allez-dans-les-villages\/","og_locale":"fr_FR","og_type":"article","og_title":"Allez dans les villages - Mennonite World Conference","og_description":"Le r\u00e9seau anabaptiste de sant\u00e9 agit contre la COVID-19 \u00ab&nbsp;Nous sommes li\u00e9s les uns aux autres en tant que communaut\u00e9, non seulement \u00e0 cause de cette pand\u00e9mie, mais aussi de par notre foi,&nbsp;\u00bb explique Rick Stiffney, membre du comit\u00e9 de pilotage du R\u00e9seau Anabaptiste Mondial de Sant\u00e9. Le R\u00e9seau Anabaptiste Mondial de Sant\u00e9 a organis\u00e9 [&hellip;]","og_url":"https:\/\/mwc-cmm.org\/fr\/stories\/allez-dans-les-villages\/","og_site_name":"Mennonite World Conference","article_publisher":"https:\/\/www.facebook.com\/MennoniteWorldConference","article_published_time":"2020-10-02T00:00:00+00:00","article_modified_time":"2025-09-15T12:27:43+00:00","og_image":[{"width":1535,"height":2560,"url":"https:\/\/mwc-cmm.org\/wp-content\/uploads\/2024\/11\/20200409_gahn-cpn-kenya-120513-scaled.jpg","type":"image\/jpeg"}],"author":"mennworldcon","schema":{"@context":"https:\/\/schema.org","@graph":[{"@type":"Article","@id":"https:\/\/mwc-cmm.org\/fr\/stories\/allez-dans-les-villages\/#article","isPartOf":{"@id":"https:\/\/mwc-cmm.org\/fr\/stories\/allez-dans-les-villages\/"},"author":{"name":"mennworldcon","@id":"https:\/\/mwc-cmm.org\/en\/#\/schema\/person\/11f6ae0d7d1868ba20a1cc27f067c836"},"headline":"Allez dans les villages","datePublished":"2020-10-02T00:00:00+00:00","dateModified":"2025-09-15T12:27:43+00:00","mainEntityOfPage":{"@id":"https:\/\/mwc-cmm.org\/fr\/stories\/allez-dans-les-villages\/"},"wordCount":785,"publisher":{"@id":"https:\/\/mwc-cmm.org\/en\/#organization"},"image":{"@id":"https:\/\/mwc-cmm.org\/fr\/stories\/allez-dans-les-villages\/#primaryimage"},"thumbnailUrl":"https:\/\/mwc-cmm.org\/wp-content\/uploads\/2024\/11\/20200409_gahn-cpn-kenya-120513-scaled.jpg","keywords":["GAHN","sant\u00e9"],"articleSection":["Non classifi\u00e9(e)"],"inLanguage":"fr-FR"},{"@type":"WebPage","@id":"https:\/\/mwc-cmm.org\/fr\/stories\/allez-dans-les-villages\/","url":"https:\/\/mwc-cmm.org\/fr\/stories\/allez-dans-les-villages\/","name":"Allez dans les villages - Mennonite World Conference","isPartOf":{"@id":"https:\/\/mwc-cmm.org\/en\/#website"},"primaryImageOfPage":{"@id":"https:\/\/mwc-cmm.org\/fr\/stories\/allez-dans-les-villages\/#primaryimage"},"image":{"@id":"https:\/\/mwc-cmm.org\/fr\/stories\/allez-dans-les-villages\/#primaryimage"},"thumbnailUrl":"https:\/\/mwc-cmm.org\/wp-content\/uploads\/2024\/11\/20200409_gahn-cpn-kenya-120513-scaled.jpg","datePublished":"2020-10-02T00:00:00+00:00","dateModified":"2025-09-15T12:27:43+00:00","breadcrumb":{"@id":"https:\/\/mwc-cmm.org\/fr\/stories\/allez-dans-les-villages\/#breadcrumb"},"inLanguage":"fr-FR","potentialAction":[{"@type":"ReadAction","target":["https:\/\/mwc-cmm.org\/fr\/stories\/allez-dans-les-villages\/"]}]},{"@type":"ImageObject","inLanguage":"fr-FR","@id":"https:\/\/mwc-cmm.org\/fr\/stories\/allez-dans-les-villages\/#primaryimage","url":"https:\/\/mwc-cmm.org\/wp-content\/uploads\/2024\/11\/20200409_gahn-cpn-kenya-120513-scaled.jpg","contentUrl":"https:\/\/mwc-cmm.org\/wp-content\/uploads\/2024\/11\/20200409_gahn-cpn-kenya-120513-scaled.jpg","width":1535,"height":2560},{"@type":"BreadcrumbList","@id":"https:\/\/mwc-cmm.org\/fr\/stories\/allez-dans-les-villages\/#breadcrumb","itemListElement":[{"@type":"ListItem","position":1,"name":"Home","item":"https:\/\/mwc-cmm.org\/fr\/"},{"@type":"ListItem","position":2,"name":"Allez dans les villages"}]},{"@type":"WebSite","@id":"https:\/\/mwc-cmm.org\/en\/#website","url":"https:\/\/mwc-cmm.org\/en\/","name":"Mennonite World Conference","description":"A communion of Anabaptist-related churches","publisher":{"@id":"https:\/\/mwc-cmm.org\/en\/#organization"},"alternateName":"MWC","potentialAction":[{"@type":"SearchAction","target":{"@type":"EntryPoint","urlTemplate":"https:\/\/mwc-cmm.org\/en\/?s={search_term_string}"},"query-input":{"@type":"PropertyValueSpecification","valueRequired":true,"valueName":"search_term_string"}}],"inLanguage":"fr-FR"},{"@type":"Organization","@id":"https:\/\/mwc-cmm.org\/en\/#organization","name":"Mennonite World Conference","alternateName":"MWC","url":"https:\/\/mwc-cmm.org\/en\/","logo":{"@type":"ImageObject","inLanguage":"fr-FR","@id":"https:\/\/mwc-cmm.org\/en\/#\/schema\/logo\/image\/","url":"https:\/\/mwc-cmm.org\/wp-content\/uploads\/2026\/01\/MWC_Sig_Blue_Horiz_webheader1-logo.svg","contentUrl":"https:\/\/mwc-cmm.org\/wp-content\/uploads\/2026\/01\/MWC_Sig_Blue_Horiz_webheader1-logo.svg","width":786,"height":82,"caption":"Mennonite World Conference"},"image":{"@id":"https:\/\/mwc-cmm.org\/en\/#\/schema\/logo\/image\/"},"sameAs":["https:\/\/www.facebook.com\/MennoniteWorldConference","https:\/\/www.linkedin.com\/company\/mennonite-world-conference-mwc\/","https:\/\/www.instagram.com\/mwcmm\/","https:\/\/www.youtube.com\/user\/mwccmm","https:\/\/bsky.app\/profile\/mwcmm.bsky.social"]},{"@type":"Person","@id":"https:\/\/mwc-cmm.org\/en\/#\/schema\/person\/11f6ae0d7d1868ba20a1cc27f067c836","name":"mennworldcon","image":{"@type":"ImageObject","inLanguage":"fr-FR","@id":"https:\/\/secure.gravatar.com\/avatar\/06fdc0dc81c157dfdb82ec42f252178a22307808988d22c043f9eb96f1e0fe80?s=96&d=mm&r=g","url":"https:\/\/secure.gravatar.com\/avatar\/06fdc0dc81c157dfdb82ec42f252178a22307808988d22c043f9eb96f1e0fe80?s=96&d=mm&r=g","contentUrl":"https:\/\/secure.gravatar.com\/avatar\/06fdc0dc81c157dfdb82ec42f252178a22307808988d22c043f9eb96f1e0fe80?s=96&d=mm&r=g","caption":"mennworldcon"},"sameAs":["https:\/\/mwc-cmm.org"],"url":"https:\/\/mwc-cmm.org\/fr\/stories\/author\/mennworldcon\/"}]}},"_links":{"self":[{"href":"https:\/\/mwc-cmm.org\/fr\/wp-json\/wp\/v2\/posts\/10202","targetHints":{"allow":["GET"]}}],"collection":[{"href":"https:\/\/mwc-cmm.org\/fr\/wp-json\/wp\/v2\/posts"}],"about":[{"href":"https:\/\/mwc-cmm.org\/fr\/wp-json\/wp\/v2\/types\/post"}],"author":[{"embeddable":true,"href":"https:\/\/mwc-cmm.org\/fr\/wp-json\/wp\/v2\/users\/1"}],"replies":[{"embeddable":true,"href":"https:\/\/mwc-cmm.org\/fr\/wp-json\/wp\/v2\/comments?post=10202"}],"version-history":[{"count":0,"href":"https:\/\/mwc-cmm.org\/fr\/wp-json\/wp\/v2\/posts\/10202\/revisions"}],"wp:featuredmedia":[{"embeddable":true,"href":"https:\/\/mwc-cmm.org\/fr\/wp-json\/wp\/v2\/media\/92776"}],"wp:attachment":[{"href":"https:\/\/mwc-cmm.org\/fr\/wp-json\/wp\/v2\/media?parent=10202"}],"wp:term":[{"taxonomy":"category","embeddable":true,"href":"https:\/\/mwc-cmm.org\/fr\/wp-json\/wp\/v2\/categories?post=10202"},{"taxonomy":"post_tag","embeddable":true,"href":"https:\/\/mwc-cmm.org\/fr\/wp-json\/wp\/v2\/tags?post=10202"},{"taxonomy":"network","embeddable":true,"href":"https:\/\/mwc-cmm.org\/fr\/wp-json\/wp\/v2\/network?post=10202"},{"taxonomy":"eventcategory","embeddable":true,"href":"https:\/\/mwc-cmm.org\/fr\/wp-json\/wp\/v2\/eventcategory?post=10202"}],"curies":[{"name":"wp","href":"https:\/\/api.w.org\/{rel}","templated":true}]}}