{"id":10195,"date":"2020-09-15T00:00:00","date_gmt":"2020-09-15T00:00:00","guid":{"rendered":"https:\/\/mwc-cmm.org\/season-of-creation-5-4\/"},"modified":"2024-12-10T17:17:17","modified_gmt":"2024-12-10T17:17:17","slug":"season-of-creation-5-4","status":"publish","type":"post","link":"https:\/\/mwc-cmm.org\/fr\/stories\/season-of-creation-5-4\/","title":{"rendered":"Temps de la Cr\u00e9ation \u2013 5"},"content":{"rendered":"<p>Dieu de la cr\u00e9ation<br \/>\nNous venons \u00e0 toi en cette saison pour reconnaitre que tu es le Cr\u00e9ateur, et nous ouvrons nos yeux \u00e0 la beaut\u00e9 contenue dans toutes les cr\u00e9atures, la terre, l\u2019air et l\u2019eau. &nbsp;<br \/>\nTu es le Cr\u00e9ateur, non seulement de l\u2019humanit\u00e9, mais aussi de tout ce qui remplit cette plan\u00e8te et l\u2019univers en entier.<\/p>\n<p>Dieu d\u2019aujourd\u2019hui<br \/>\nEn ces temps de pand\u00e9mie, de changement climatique, d\u2019in\u00e9galit\u00e9s raciales, de perte de la biodiversit\u00e9, et d\u2019autres menaces envers ta cr\u00e9ation, nous reconnaissons que nous sommes b\u00e9nis par ce que tu as cr\u00e9\u00e9, mais aussi que nous d\u00e9pendons de la fa\u00e7on dont nous prenons soin de cette cr\u00e9ation.<\/p>\n<p>Dieu de justice<br \/>\nNous venons \u00e0 toi en reconnaissant que nous sommes complices du manque de soin apport\u00e9 \u00e0 ce que tu as cr\u00e9\u00e9 pour nous b\u00e9nir.<br \/>\nNous faillons \u00e0 notre devoir envers nos fr\u00e8res et s\u0153urs du monde entier \u00e0 chaque fois que nos actions font du mal \u00e0 notre plan\u00e8te.&nbsp;<\/p>\n<p>Dieu de paix<br \/>\nNous te demandons de nous montrer comment honorer ta cr\u00e9ation en cette p\u00e9riode difficile.<br \/>\nNous ouvrons nos c\u0153urs et nos esprits avec humilit\u00e9 \u00e0 ce que nous pouvons faire pour \u00eatre tes instruments de paix, pour faire de l\u2019\u00c9glise anabaptiste mondiale une communaut\u00e9 dont on puisse dire&nbsp;: ils prennent au s\u00e9rieux la protection de la cr\u00e9ation, ce sont des chr\u00e9tiens fid\u00e8les.<\/p>\n<p>Dieu de l\u2019assurance<br \/>\nMerci parce que tu nous assures de ta pr\u00e9sence avec nous sur ce chemin.&nbsp;<br \/>\nRenouvelle nos esprits alors que nous \u0153uvrons au renouvellement de notre maison commune.<\/p>\n<p>Au nom de J\u00e9sus, Amen<\/p>\n<p>(R\u00e9dig\u00e9 \u00e0 partir de la pri\u00e8re d\u2019inauguration du groupe de travail pour la protection de la cr\u00e9ation)<\/p>\n<p><em>\u2014Doug Graber Neufeld, <\/em>professeur de biologie \u00e0 Eastern Mennonite university, Harrisonburg, USA&nbsp;; directeur du Center for Sustainable Climate Solutions. Paroisse&nbsp;: Community Mennonite Church (MCUSA), Harrisonburg, Virginie, \u00c9tats-Unis.<\/p>\n<table style=\"width:500px\">\n<tbody>\n<tr>\n<td>Les chr\u00e9tiens du monde entier s\u2019unissent en esprit pour prendre soin de la cr\u00e9ation. La c\u00e9l\u00e9bration du #TempsdelaCr\u00e9ation aura lieu du 1er septembre au 4 octobre 2020.<\/td>\n<\/tr>\n<\/tbody>\n<\/table>\n<p><strong>#SeasonofCreation<br \/>\n#TiempodelaCreaci\u00f3n<br \/>\n#TempsdelaCr\u00e9ation<br \/>\n#TempodaCria\u00e7\u00e3o<\/strong><\/p>\n<hr \/>\n<table border=\"1\" cellpadding=\"2\" cellspacing=\"2\" style=\"width:300px;\">\n<tbody>\n<tr>\n<td>\n<h4><a href=\"http:\/\/mwc-cmm.org\/fr\/node\/3762\">Prieres de Temps de la Cr\u00e9ation<\/a><\/h4>\n<\/td>\n<\/tr>\n<\/tbody>\n<\/table>\n<p>&nbsp;<\/p>\n<table border=\"1\" cellpadding=\"2\" cellspacing=\"2\" style=\"width:300px;\">\n<tbody>\n<tr>\n<td>\n<h4><a href=\"http:\/\/mwc-cmm.org\/fr\/node\/3766\">Questionnaire sur le Groupe de travail de la CMM pour la protection de la cr\u00e9ation<\/a><\/h4>\n<\/td>\n<\/tr>\n<\/tbody>\n<\/table>\n<p>&nbsp;<\/p>\n","protected":false},"excerpt":{"rendered":"<p>Dieu de la cr\u00e9ation Nous venons \u00e0 toi en cette saison pour reconnaitre que tu es le Cr\u00e9ateur, et nous ouvrons nos yeux \u00e0 la beaut\u00e9 contenue dans toutes les cr\u00e9atures, la terre, l\u2019air et l\u2019eau. &nbsp; Tu es le Cr\u00e9ateur, non seulement de l\u2019humanit\u00e9, mais aussi de tout ce qui remplit cette plan\u00e8te et [&hellip;]<\/p>\n","protected":false},"author":1,"featured_media":92692,"comment_status":"closed","ping_status":"closed","sticky":false,"template":"","format":"standard","meta":{"_acf_changed":false,"footnotes":""},"categories":[7],"tags":[],"network":[1307,1249],"eventcategory":[],"class_list":["post-10195","post","type-post","status-publish","format-standard","has-post-thumbnail","hentry","category-non-classifiee","network-courier-fr","network-creation-care-task-force-fr"],"acf":[],"yoast_head":"<!-- This site is optimized with the Yoast SEO plugin v27.2 - https:\/\/yoast.com\/product\/yoast-seo-wordpress\/ -->\n<title>Temps de la Cr\u00e9ation \u2013 5 - Mennonite World Conference<\/title>\n<meta name=\"robots\" content=\"index, follow, max-snippet:-1, max-image-preview:large, max-video-preview:-1\" \/>\n<link rel=\"canonical\" href=\"https:\/\/mwc-cmm.org\/fr\/stories\/season-of-creation-5-4\/\" \/>\n<meta property=\"og:locale\" content=\"fr_FR\" \/>\n<meta property=\"og:type\" content=\"article\" \/>\n<meta property=\"og:title\" content=\"Temps de la Cr\u00e9ation \u2013 5 - Mennonite World Conference\" \/>\n<meta property=\"og:description\" content=\"Dieu de la cr\u00e9ation Nous venons \u00e0 toi en cette saison pour reconnaitre que tu es le Cr\u00e9ateur, et nous ouvrons nos yeux \u00e0 la beaut\u00e9 contenue dans toutes les cr\u00e9atures, la terre, l\u2019air et l\u2019eau. &nbsp; Tu es le Cr\u00e9ateur, non seulement de l\u2019humanit\u00e9, mais aussi de tout ce qui remplit cette plan\u00e8te et [&hellip;]\" \/>\n<meta property=\"og:url\" content=\"https:\/\/mwc-cmm.org\/fr\/stories\/season-of-creation-5-4\/\" \/>\n<meta property=\"og:site_name\" content=\"Mennonite World Conference\" \/>\n<meta property=\"article:publisher\" content=\"https:\/\/www.facebook.com\/MennoniteWorldConference\" \/>\n<meta property=\"article:published_time\" content=\"2020-09-15T00:00:00+00:00\" \/>\n<meta property=\"article:modified_time\" content=\"2024-12-10T17:17:17+00:00\" \/>\n<meta property=\"og:image\" content=\"https:\/\/mwc-cmm.org\/wp-content\/uploads\/2024\/11\/49588181406_0901a72ae7_c.jpg\" \/>\n\t<meta property=\"og:image:width\" content=\"800\" \/>\n\t<meta property=\"og:image:height\" content=\"600\" \/>\n\t<meta property=\"og:image:type\" content=\"image\/jpeg\" \/>\n<meta name=\"author\" content=\"mennworldcon\" \/>\n<script type=\"application\/ld+json\" class=\"yoast-schema-graph\">{\"@context\":\"https:\/\/schema.org\",\"@graph\":[{\"@type\":\"Article\",\"@id\":\"https:\/\/mwc-cmm.org\/fr\/stories\/season-of-creation-5-4\/#article\",\"isPartOf\":{\"@id\":\"https:\/\/mwc-cmm.org\/fr\/stories\/season-of-creation-5-4\/\"},\"author\":{\"name\":\"mennworldcon\",\"@id\":\"https:\/\/mwc-cmm.org\/en\/#\/schema\/person\/11f6ae0d7d1868ba20a1cc27f067c836\"},\"headline\":\"Temps de la Cr\u00e9ation \u2013 5\",\"datePublished\":\"2020-09-15T00:00:00+00:00\",\"dateModified\":\"2024-12-10T17:17:17+00:00\",\"mainEntityOfPage\":{\"@id\":\"https:\/\/mwc-cmm.org\/fr\/stories\/season-of-creation-5-4\/\"},\"wordCount\":406,\"publisher\":{\"@id\":\"https:\/\/mwc-cmm.org\/en\/#organization\"},\"image\":{\"@id\":\"https:\/\/mwc-cmm.org\/fr\/stories\/season-of-creation-5-4\/#primaryimage\"},\"thumbnailUrl\":\"https:\/\/mwc-cmm.org\/wp-content\/uploads\/2024\/11\/49588181406_0901a72ae7_c.jpg\",\"articleSection\":[\"Non classifi\u00e9(e)\"],\"inLanguage\":\"fr-FR\"},{\"@type\":\"WebPage\",\"@id\":\"https:\/\/mwc-cmm.org\/fr\/stories\/season-of-creation-5-4\/\",\"url\":\"https:\/\/mwc-cmm.org\/fr\/stories\/season-of-creation-5-4\/\",\"name\":\"Temps de la Cr\u00e9ation \u2013 5 - Mennonite World Conference\",\"isPartOf\":{\"@id\":\"https:\/\/mwc-cmm.org\/en\/#website\"},\"primaryImageOfPage\":{\"@id\":\"https:\/\/mwc-cmm.org\/fr\/stories\/season-of-creation-5-4\/#primaryimage\"},\"image\":{\"@id\":\"https:\/\/mwc-cmm.org\/fr\/stories\/season-of-creation-5-4\/#primaryimage\"},\"thumbnailUrl\":\"https:\/\/mwc-cmm.org\/wp-content\/uploads\/2024\/11\/49588181406_0901a72ae7_c.jpg\",\"datePublished\":\"2020-09-15T00:00:00+00:00\",\"dateModified\":\"2024-12-10T17:17:17+00:00\",\"breadcrumb\":{\"@id\":\"https:\/\/mwc-cmm.org\/fr\/stories\/season-of-creation-5-4\/#breadcrumb\"},\"inLanguage\":\"fr-FR\",\"potentialAction\":[{\"@type\":\"ReadAction\",\"target\":[\"https:\/\/mwc-cmm.org\/fr\/stories\/season-of-creation-5-4\/\"]}]},{\"@type\":\"ImageObject\",\"inLanguage\":\"fr-FR\",\"@id\":\"https:\/\/mwc-cmm.org\/fr\/stories\/season-of-creation-5-4\/#primaryimage\",\"url\":\"https:\/\/mwc-cmm.org\/wp-content\/uploads\/2024\/11\/49588181406_0901a72ae7_c.jpg\",\"contentUrl\":\"https:\/\/mwc-cmm.org\/wp-content\/uploads\/2024\/11\/49588181406_0901a72ae7_c.jpg\",\"width\":800,\"height\":600},{\"@type\":\"BreadcrumbList\",\"@id\":\"https:\/\/mwc-cmm.org\/fr\/stories\/season-of-creation-5-4\/#breadcrumb\",\"itemListElement\":[{\"@type\":\"ListItem\",\"position\":1,\"name\":\"Home\",\"item\":\"https:\/\/mwc-cmm.org\/fr\/\"},{\"@type\":\"ListItem\",\"position\":2,\"name\":\"Temps de la Cr\u00e9ation \u2013 5\"}]},{\"@type\":\"WebSite\",\"@id\":\"https:\/\/mwc-cmm.org\/en\/#website\",\"url\":\"https:\/\/mwc-cmm.org\/en\/\",\"name\":\"Mennonite World Conference\",\"description\":\"A communion of Anabaptist-related churches\",\"publisher\":{\"@id\":\"https:\/\/mwc-cmm.org\/en\/#organization\"},\"alternateName\":\"MWC\",\"potentialAction\":[{\"@type\":\"SearchAction\",\"target\":{\"@type\":\"EntryPoint\",\"urlTemplate\":\"https:\/\/mwc-cmm.org\/en\/?s={search_term_string}\"},\"query-input\":{\"@type\":\"PropertyValueSpecification\",\"valueRequired\":true,\"valueName\":\"search_term_string\"}}],\"inLanguage\":\"fr-FR\"},{\"@type\":\"Organization\",\"@id\":\"https:\/\/mwc-cmm.org\/en\/#organization\",\"name\":\"Mennonite World Conference\",\"alternateName\":\"MWC\",\"url\":\"https:\/\/mwc-cmm.org\/en\/\",\"logo\":{\"@type\":\"ImageObject\",\"inLanguage\":\"fr-FR\",\"@id\":\"https:\/\/mwc-cmm.org\/en\/#\/schema\/logo\/image\/\",\"url\":\"https:\/\/mwc-cmm.org\/wp-content\/uploads\/2026\/01\/MWC_Sig_Blue_Horiz_webheader1-logo.svg\",\"contentUrl\":\"https:\/\/mwc-cmm.org\/wp-content\/uploads\/2026\/01\/MWC_Sig_Blue_Horiz_webheader1-logo.svg\",\"width\":786,\"height\":82,\"caption\":\"Mennonite World Conference\"},\"image\":{\"@id\":\"https:\/\/mwc-cmm.org\/en\/#\/schema\/logo\/image\/\"},\"sameAs\":[\"https:\/\/www.facebook.com\/MennoniteWorldConference\",\"https:\/\/www.linkedin.com\/company\/mennonite-world-conference-mwc\/\",\"https:\/\/www.instagram.com\/mwcmm\/\",\"https:\/\/www.youtube.com\/user\/mwccmm\",\"https:\/\/bsky.app\/profile\/mwcmm.bsky.social\"]},{\"@type\":\"Person\",\"@id\":\"https:\/\/mwc-cmm.org\/en\/#\/schema\/person\/11f6ae0d7d1868ba20a1cc27f067c836\",\"name\":\"mennworldcon\",\"image\":{\"@type\":\"ImageObject\",\"inLanguage\":\"fr-FR\",\"@id\":\"https:\/\/secure.gravatar.com\/avatar\/06fdc0dc81c157dfdb82ec42f252178a22307808988d22c043f9eb96f1e0fe80?s=96&d=mm&r=g\",\"url\":\"https:\/\/secure.gravatar.com\/avatar\/06fdc0dc81c157dfdb82ec42f252178a22307808988d22c043f9eb96f1e0fe80?s=96&d=mm&r=g\",\"contentUrl\":\"https:\/\/secure.gravatar.com\/avatar\/06fdc0dc81c157dfdb82ec42f252178a22307808988d22c043f9eb96f1e0fe80?s=96&d=mm&r=g\",\"caption\":\"mennworldcon\"},\"sameAs\":[\"https:\/\/mwc-cmm.org\"],\"url\":\"https:\/\/mwc-cmm.org\/fr\/stories\/author\/mennworldcon\/\"}]}<\/script>\n<!-- \/ Yoast SEO plugin. -->","yoast_head_json":{"title":"Temps de la Cr\u00e9ation \u2013 5 - Mennonite World Conference","robots":{"index":"index","follow":"follow","max-snippet":"max-snippet:-1","max-image-preview":"max-image-preview:large","max-video-preview":"max-video-preview:-1"},"canonical":"https:\/\/mwc-cmm.org\/fr\/stories\/season-of-creation-5-4\/","og_locale":"fr_FR","og_type":"article","og_title":"Temps de la Cr\u00e9ation \u2013 5 - Mennonite World Conference","og_description":"Dieu de la cr\u00e9ation Nous venons \u00e0 toi en cette saison pour reconnaitre que tu es le Cr\u00e9ateur, et nous ouvrons nos yeux \u00e0 la beaut\u00e9 contenue dans toutes les cr\u00e9atures, la terre, l\u2019air et l\u2019eau. &nbsp; Tu es le Cr\u00e9ateur, non seulement de l\u2019humanit\u00e9, mais aussi de tout ce qui remplit cette plan\u00e8te et [&hellip;]","og_url":"https:\/\/mwc-cmm.org\/fr\/stories\/season-of-creation-5-4\/","og_site_name":"Mennonite World Conference","article_publisher":"https:\/\/www.facebook.com\/MennoniteWorldConference","article_published_time":"2020-09-15T00:00:00+00:00","article_modified_time":"2024-12-10T17:17:17+00:00","og_image":[{"width":800,"height":600,"url":"https:\/\/mwc-cmm.org\/wp-content\/uploads\/2024\/11\/49588181406_0901a72ae7_c.jpg","type":"image\/jpeg"}],"author":"mennworldcon","schema":{"@context":"https:\/\/schema.org","@graph":[{"@type":"Article","@id":"https:\/\/mwc-cmm.org\/fr\/stories\/season-of-creation-5-4\/#article","isPartOf":{"@id":"https:\/\/mwc-cmm.org\/fr\/stories\/season-of-creation-5-4\/"},"author":{"name":"mennworldcon","@id":"https:\/\/mwc-cmm.org\/en\/#\/schema\/person\/11f6ae0d7d1868ba20a1cc27f067c836"},"headline":"Temps de la Cr\u00e9ation \u2013 5","datePublished":"2020-09-15T00:00:00+00:00","dateModified":"2024-12-10T17:17:17+00:00","mainEntityOfPage":{"@id":"https:\/\/mwc-cmm.org\/fr\/stories\/season-of-creation-5-4\/"},"wordCount":406,"publisher":{"@id":"https:\/\/mwc-cmm.org\/en\/#organization"},"image":{"@id":"https:\/\/mwc-cmm.org\/fr\/stories\/season-of-creation-5-4\/#primaryimage"},"thumbnailUrl":"https:\/\/mwc-cmm.org\/wp-content\/uploads\/2024\/11\/49588181406_0901a72ae7_c.jpg","articleSection":["Non classifi\u00e9(e)"],"inLanguage":"fr-FR"},{"@type":"WebPage","@id":"https:\/\/mwc-cmm.org\/fr\/stories\/season-of-creation-5-4\/","url":"https:\/\/mwc-cmm.org\/fr\/stories\/season-of-creation-5-4\/","name":"Temps de la Cr\u00e9ation \u2013 5 - Mennonite World Conference","isPartOf":{"@id":"https:\/\/mwc-cmm.org\/en\/#website"},"primaryImageOfPage":{"@id":"https:\/\/mwc-cmm.org\/fr\/stories\/season-of-creation-5-4\/#primaryimage"},"image":{"@id":"https:\/\/mwc-cmm.org\/fr\/stories\/season-of-creation-5-4\/#primaryimage"},"thumbnailUrl":"https:\/\/mwc-cmm.org\/wp-content\/uploads\/2024\/11\/49588181406_0901a72ae7_c.jpg","datePublished":"2020-09-15T00:00:00+00:00","dateModified":"2024-12-10T17:17:17+00:00","breadcrumb":{"@id":"https:\/\/mwc-cmm.org\/fr\/stories\/season-of-creation-5-4\/#breadcrumb"},"inLanguage":"fr-FR","potentialAction":[{"@type":"ReadAction","target":["https:\/\/mwc-cmm.org\/fr\/stories\/season-of-creation-5-4\/"]}]},{"@type":"ImageObject","inLanguage":"fr-FR","@id":"https:\/\/mwc-cmm.org\/fr\/stories\/season-of-creation-5-4\/#primaryimage","url":"https:\/\/mwc-cmm.org\/wp-content\/uploads\/2024\/11\/49588181406_0901a72ae7_c.jpg","contentUrl":"https:\/\/mwc-cmm.org\/wp-content\/uploads\/2024\/11\/49588181406_0901a72ae7_c.jpg","width":800,"height":600},{"@type":"BreadcrumbList","@id":"https:\/\/mwc-cmm.org\/fr\/stories\/season-of-creation-5-4\/#breadcrumb","itemListElement":[{"@type":"ListItem","position":1,"name":"Home","item":"https:\/\/mwc-cmm.org\/fr\/"},{"@type":"ListItem","position":2,"name":"Temps de la Cr\u00e9ation \u2013 5"}]},{"@type":"WebSite","@id":"https:\/\/mwc-cmm.org\/en\/#website","url":"https:\/\/mwc-cmm.org\/en\/","name":"Mennonite World Conference","description":"A communion of Anabaptist-related churches","publisher":{"@id":"https:\/\/mwc-cmm.org\/en\/#organization"},"alternateName":"MWC","potentialAction":[{"@type":"SearchAction","target":{"@type":"EntryPoint","urlTemplate":"https:\/\/mwc-cmm.org\/en\/?s={search_term_string}"},"query-input":{"@type":"PropertyValueSpecification","valueRequired":true,"valueName":"search_term_string"}}],"inLanguage":"fr-FR"},{"@type":"Organization","@id":"https:\/\/mwc-cmm.org\/en\/#organization","name":"Mennonite World Conference","alternateName":"MWC","url":"https:\/\/mwc-cmm.org\/en\/","logo":{"@type":"ImageObject","inLanguage":"fr-FR","@id":"https:\/\/mwc-cmm.org\/en\/#\/schema\/logo\/image\/","url":"https:\/\/mwc-cmm.org\/wp-content\/uploads\/2026\/01\/MWC_Sig_Blue_Horiz_webheader1-logo.svg","contentUrl":"https:\/\/mwc-cmm.org\/wp-content\/uploads\/2026\/01\/MWC_Sig_Blue_Horiz_webheader1-logo.svg","width":786,"height":82,"caption":"Mennonite World Conference"},"image":{"@id":"https:\/\/mwc-cmm.org\/en\/#\/schema\/logo\/image\/"},"sameAs":["https:\/\/www.facebook.com\/MennoniteWorldConference","https:\/\/www.linkedin.com\/company\/mennonite-world-conference-mwc\/","https:\/\/www.instagram.com\/mwcmm\/","https:\/\/www.youtube.com\/user\/mwccmm","https:\/\/bsky.app\/profile\/mwcmm.bsky.social"]},{"@type":"Person","@id":"https:\/\/mwc-cmm.org\/en\/#\/schema\/person\/11f6ae0d7d1868ba20a1cc27f067c836","name":"mennworldcon","image":{"@type":"ImageObject","inLanguage":"fr-FR","@id":"https:\/\/secure.gravatar.com\/avatar\/06fdc0dc81c157dfdb82ec42f252178a22307808988d22c043f9eb96f1e0fe80?s=96&d=mm&r=g","url":"https:\/\/secure.gravatar.com\/avatar\/06fdc0dc81c157dfdb82ec42f252178a22307808988d22c043f9eb96f1e0fe80?s=96&d=mm&r=g","contentUrl":"https:\/\/secure.gravatar.com\/avatar\/06fdc0dc81c157dfdb82ec42f252178a22307808988d22c043f9eb96f1e0fe80?s=96&d=mm&r=g","caption":"mennworldcon"},"sameAs":["https:\/\/mwc-cmm.org"],"url":"https:\/\/mwc-cmm.org\/fr\/stories\/author\/mennworldcon\/"}]}},"_links":{"self":[{"href":"https:\/\/mwc-cmm.org\/fr\/wp-json\/wp\/v2\/posts\/10195","targetHints":{"allow":["GET"]}}],"collection":[{"href":"https:\/\/mwc-cmm.org\/fr\/wp-json\/wp\/v2\/posts"}],"about":[{"href":"https:\/\/mwc-cmm.org\/fr\/wp-json\/wp\/v2\/types\/post"}],"author":[{"embeddable":true,"href":"https:\/\/mwc-cmm.org\/fr\/wp-json\/wp\/v2\/users\/1"}],"replies":[{"embeddable":true,"href":"https:\/\/mwc-cmm.org\/fr\/wp-json\/wp\/v2\/comments?post=10195"}],"version-history":[{"count":0,"href":"https:\/\/mwc-cmm.org\/fr\/wp-json\/wp\/v2\/posts\/10195\/revisions"}],"wp:featuredmedia":[{"embeddable":true,"href":"https:\/\/mwc-cmm.org\/fr\/wp-json\/wp\/v2\/media\/92692"}],"wp:attachment":[{"href":"https:\/\/mwc-cmm.org\/fr\/wp-json\/wp\/v2\/media?parent=10195"}],"wp:term":[{"taxonomy":"category","embeddable":true,"href":"https:\/\/mwc-cmm.org\/fr\/wp-json\/wp\/v2\/categories?post=10195"},{"taxonomy":"post_tag","embeddable":true,"href":"https:\/\/mwc-cmm.org\/fr\/wp-json\/wp\/v2\/tags?post=10195"},{"taxonomy":"network","embeddable":true,"href":"https:\/\/mwc-cmm.org\/fr\/wp-json\/wp\/v2\/network?post=10195"},{"taxonomy":"eventcategory","embeddable":true,"href":"https:\/\/mwc-cmm.org\/fr\/wp-json\/wp\/v2\/eventcategory?post=10195"}],"curies":[{"name":"wp","href":"https:\/\/api.w.org\/{rel}","templated":true}]}}