{"id":10192,"date":"2020-09-07T00:00:00","date_gmt":"2020-09-07T00:00:00","guid":{"rendered":"https:\/\/mwc-cmm.org\/an-incessant-demand-4\/"},"modified":"2024-12-10T17:17:16","modified_gmt":"2024-12-10T17:17:16","slug":"an-incessant-demand-4","status":"publish","type":"post","link":"https:\/\/mwc-cmm.org\/fr\/stories\/an-incessant-demand-4\/","title":{"rendered":"Une demande incessante"},"content":{"rendered":"<p><em>\u2018O\u00f9 \u00eates-vous, vous les mennonites ?\u2019&nbsp;<\/em><em> <\/em><\/p>\n<p>Je suis avec une coll\u00e8gue dans un caf\u00e9 de Winnipeg pour discuter des luttes actuelles de nombreux peuples autochtones dans le domaine foncier. J\u2019\u00e9coute attentivement alors qu\u2019elle parle des Unist\u2019ot\u2019en, de Muskrat Falls et des Tiny House Warriors. Je hoche la t\u00eate en signe de compr\u00e9hension et offre des \u2018hum hum\u2019 compr\u00e9hensifs. Mais soudain, au milieu de la conversation, elle me regarde avec impatience :<\/p>\n<p>\u00ab O\u00f9 \u00eates-vous, vous les mennonites ? Vous racontez toutes ces vieilles histoires de martyrs\u2026 Et nous alors ? Nous souffrons et nous mourons ! O\u00f9 sont vos martyrs maintenant ? \u00bb<\/p>\n<p>Je suis d\u00e9concert\u00e9, je ne sais pas trop comment r\u00e9pondre. J\u2019avoue que l\u2019\u00c9glise \u00e9choue souvent \u00e0 \u00eatre aux c\u00f4t\u00e9s des pauvres et \u00e0 courir les m\u00eames risques qu\u2019eux. Je parle un peu de ce que nous faisons pour aider et de l\u2019orientation \u00e0 prendre. Cela ne la satisfait pas. Ses yeux se tournent d\u00e9daigneusement vers une fen\u00eatre un peu plus loin. Une minute s\u2019\u00e9coule en silence, puis nous nous quittons, partant chacun de son c\u00f4t\u00e9.<\/p>\n<p>En route vers le bureau, sur mon v\u00e9lo, mon esprit r\u00e9p\u00e8te ses paroles sans rel\u00e2che : \u00ab O\u00f9 sont vos martyrs aujourd\u2019hui ? \u00bb Je suis tent\u00e9 de me d\u00e9fendre et de prendre mes distances. Pourtant, mon c\u0153ur entend ce cri \u2013 pour la terre, pour les pauvres et m\u00eame pour l\u2019\u00c9glise.<\/p>\n<p>Arriv\u00e9, en sueur, toujours en tenue de cycliste, je contemple le mur de mon bureau et je prie. Il est couvert de photos de martyrs et de paroles de saints : JeanBaptiste, Martin Luther King, Ellacur\u00eda, et d\u2019autres. Mes yeux s\u2019arr\u00eatent sur une d\u00e9claration des \u00e9v\u00eaques catholiques d\u2019Asie, vieille de 42 ans :<\/p>\n<p>\u00ab Tant que les pasteurs des \u00e9glises ne seront pas pr\u00eats \u00e0 \u00eatre des martyrs de la justice, mais se satisfont de rester en dehors de la vie [des opprim\u00e9s], et de vivre bien mieux qu\u2019eux, leur impact sera n\u00e9gligeable. \u00bb<\/p>\n<p>Je prends une profonde inspiration et je ferme les yeux. Comme beaucoup de mennonites, je garde en m\u00e9moire les r\u00e9cits des souffrances des anabaptistes du XVIe&nbsp;si\u00e8cle. Comme beaucoup, je suis hant\u00e9 par le souvenir dangereux du Crucifi\u00e9 \u00ab Prends ta croix et suis-moi \u00bb. Pourtant, un tel t\u00e9moignage me para\u00eet accablant. Suisje dispos\u00e9, comme Christ, \u00e0 porter le poids du salut ? Appartenant \u00e0 une confession qui se souvient souvent de ses martyrs, suis-je pr\u00eat \u00e0 suivre leur exemple, ou est-ce que je joue juste \u00e0 de dangereux jeux confessionnels ?<\/p>\n<p>Alors, j\u2019envoie un message \u00e0 Chris Huebner, professeur de philosophie et de th\u00e9ologie \u00e0 Canadian Mennonite University, qui donne des cours sur le martyre. Peu de temps apr\u00e8s, nous nous rencontrons dans un bar local et parlons pendant deux heures.<\/p>\n<p>De Chris, j\u2019apprends que :<\/p>\n<ol>\n<li><strong>C\u2019est le t\u00e9moignage exemplaire, et non la mort, qui compte<\/strong>. Habituellement, les \u00e9glises sont fi\u00e8res de leurs martyrs \u2013 ceux qui ont \u00e9t\u00e9 tu\u00e9s \u00e0 cause de leur t\u00e9moignage, et ceux qui ont surv\u00e9cu, tout en t\u00e9moignant et en \u00e9tant pers\u00e9cut\u00e9s. Nous ne pouvons pas fabriquer de martyrs, mais nous pouvons choisir de mener une vie courageuse.<\/li>\n<li><strong>Il y a des martyrs parmi nous<\/strong>. \u00ab Si nous croyons \u00bb, dit Chris, \u00ab le genre de choses que les chr\u00e9tiens croient traditionnellement \u00e0 propos de Dieu et de l\u2019\u00c9glise, il n\u2019y aura jamais de martyrs. Qui ils sont et \u00e0 quoi ils ressemblent, c\u2019est la partie difficile.&nbsp;Et pourtant, \u00bb poursuit Chris : \u00ab Si nous croyons ce que nous disons de Christ et des pauvres, il ne fait aucun doute que dans le contexte canadien, l\u2019histoire autochtone est pleine de martyrs. \u00bb<\/li>\n<\/ol>\n<p>Ce soir-l\u00e0, en rentrant chez moi \u00e0 v\u00e9lo, mon c\u0153ur est reconnaissant pour cette conversation si int\u00e9ressante\u2026 et toutes ces nouvelles questions ! Mais je sens que c\u2019est ce dont j\u2019ai besoin. Abraham Heschel (1907-1972), un juif brillant qui a persist\u00e9 dans son t\u00e9moignage proph\u00e9tique, a dit un jour :<\/p>\n<p>\u00ab Le proph\u00e8te d\u00e9daigne ceux pour qui la pr\u00e9sence de Dieu est confort et s\u00e9curit\u00e9 ; pour lui, c\u2019est un d\u00e9fi, une demande incessante.\u00bb<\/p>\n<p>Dans mon lit cette nuit-l\u00e0, je repense \u00e0 la demande impatiente de mon amie \u00ab O\u00f9 \u00eates-vous, vous les mennonites ? \u00bb et je remercie Dieu de sa question, sainte et d\u00e9rangeante.<\/p>\n<p><em>\u2014Steve Heinrichs est le directeur des relations autochtones-colons pour Mennonite Church Canada. Steve vit avec sa partenaire Ann et leurs 3 enfants \u00e0 Winnipeg \u2013 territoire du Trait\u00e9 1 et patrie de la Nation Metis. Il est membre de Hope Mennonite Church, une communaut\u00e9 de disciples de J\u00e9sus.<\/em><\/p>\n<p>&nbsp;<\/p>\n<p>Cet article a \u00e9t\u00e9 publi\u00e9 d\u2019abord par le&nbsp;<a href=\"https:\/\/canadianmennonite.org\/stories\/incessant-demand\">Canadian Mennonite<\/a>.&nbsp;<\/p>\n<p>&nbsp;<\/p>\n<h3>Cette histoire a \u00e9t\u00e9 publi\u00e9e dans le&nbsp;<a href=\"\/fr\/node\/3666\">Materiel pour le culte du dimanche de la paix 2020<\/a><\/h3>\n","protected":false},"excerpt":{"rendered":"<p>Comme beaucoup de mennonites, je garde en m\u00e9moire les r\u00e9cits des souffrances des anabaptistes du XVIe&nbsp;si\u00e8cle. Comme beaucoup, je suis hant\u00e9 par le souvenir dangereux du Crucifi\u00e9 \u00ab Prends ta croix et suis-moi \u00bb.<em> <\/em><\/p>\n","protected":false},"author":1,"featured_media":89830,"comment_status":"closed","ping_status":"closed","sticky":false,"template":"","format":"standard","meta":{"_acf_changed":false,"footnotes":""},"categories":[7],"tags":[],"network":[1254],"eventcategory":[],"class_list":["post-10192","post","type-post","status-publish","format-standard","has-post-thumbnail","hentry","category-non-classifiee","network-peace-commission-fr"],"acf":[],"yoast_head":"<!-- This site is optimized with the Yoast SEO plugin v27.2 - https:\/\/yoast.com\/product\/yoast-seo-wordpress\/ -->\n<title>Une demande incessante - Mennonite World Conference<\/title>\n<meta name=\"robots\" content=\"index, follow, max-snippet:-1, max-image-preview:large, max-video-preview:-1\" \/>\n<link rel=\"canonical\" href=\"https:\/\/mwc-cmm.org\/fr\/stories\/an-incessant-demand-4\/\" \/>\n<meta property=\"og:locale\" content=\"fr_FR\" \/>\n<meta property=\"og:type\" content=\"article\" \/>\n<meta property=\"og:title\" content=\"Une demande incessante - Mennonite World Conference\" \/>\n<meta property=\"og:description\" content=\"Comme beaucoup de mennonites, je garde en m\u00e9moire les r\u00e9cits des souffrances des anabaptistes du XVIe&nbsp;si\u00e8cle. Comme beaucoup, je suis hant\u00e9 par le souvenir dangereux du Crucifi\u00e9 \u00ab Prends ta croix et suis-moi \u00bb.\" \/>\n<meta property=\"og:url\" content=\"https:\/\/mwc-cmm.org\/fr\/stories\/an-incessant-demand-4\/\" \/>\n<meta property=\"og:site_name\" content=\"Mennonite World Conference\" \/>\n<meta property=\"article:publisher\" content=\"https:\/\/www.facebook.com\/MennoniteWorldConference\" \/>\n<meta property=\"article:published_time\" content=\"2020-09-07T00:00:00+00:00\" \/>\n<meta property=\"article:modified_time\" content=\"2024-12-10T17:17:16+00:00\" \/>\n<meta property=\"og:image\" content=\"https:\/\/mwc-cmm.org\/wp-content\/uploads\/2024\/11\/kathymoorheadthiessen-2018-solidary-scaled.jpg\" \/>\n\t<meta property=\"og:image:width\" content=\"2560\" \/>\n\t<meta property=\"og:image:height\" content=\"1707\" \/>\n\t<meta property=\"og:image:type\" content=\"image\/jpeg\" \/>\n<meta name=\"author\" content=\"mennworldcon\" \/>\n<script type=\"application\/ld+json\" class=\"yoast-schema-graph\">{\"@context\":\"https:\/\/schema.org\",\"@graph\":[{\"@type\":\"Article\",\"@id\":\"https:\/\/mwc-cmm.org\/fr\/stories\/an-incessant-demand-4\/#article\",\"isPartOf\":{\"@id\":\"https:\/\/mwc-cmm.org\/fr\/stories\/an-incessant-demand-4\/\"},\"author\":{\"name\":\"mennworldcon\",\"@id\":\"https:\/\/mwc-cmm.org\/en\/#\/schema\/person\/11f6ae0d7d1868ba20a1cc27f067c836\"},\"headline\":\"Une demande incessante\",\"datePublished\":\"2020-09-07T00:00:00+00:00\",\"dateModified\":\"2024-12-10T17:17:16+00:00\",\"mainEntityOfPage\":{\"@id\":\"https:\/\/mwc-cmm.org\/fr\/stories\/an-incessant-demand-4\/\"},\"wordCount\":819,\"publisher\":{\"@id\":\"https:\/\/mwc-cmm.org\/en\/#organization\"},\"image\":{\"@id\":\"https:\/\/mwc-cmm.org\/fr\/stories\/an-incessant-demand-4\/#primaryimage\"},\"thumbnailUrl\":\"https:\/\/mwc-cmm.org\/wp-content\/uploads\/2024\/11\/kathymoorheadthiessen-2018-solidary-scaled.jpg\",\"articleSection\":[\"Non classifi\u00e9(e)\"],\"inLanguage\":\"fr-FR\"},{\"@type\":\"WebPage\",\"@id\":\"https:\/\/mwc-cmm.org\/fr\/stories\/an-incessant-demand-4\/\",\"url\":\"https:\/\/mwc-cmm.org\/fr\/stories\/an-incessant-demand-4\/\",\"name\":\"Une demande incessante - Mennonite World Conference\",\"isPartOf\":{\"@id\":\"https:\/\/mwc-cmm.org\/en\/#website\"},\"primaryImageOfPage\":{\"@id\":\"https:\/\/mwc-cmm.org\/fr\/stories\/an-incessant-demand-4\/#primaryimage\"},\"image\":{\"@id\":\"https:\/\/mwc-cmm.org\/fr\/stories\/an-incessant-demand-4\/#primaryimage\"},\"thumbnailUrl\":\"https:\/\/mwc-cmm.org\/wp-content\/uploads\/2024\/11\/kathymoorheadthiessen-2018-solidary-scaled.jpg\",\"datePublished\":\"2020-09-07T00:00:00+00:00\",\"dateModified\":\"2024-12-10T17:17:16+00:00\",\"breadcrumb\":{\"@id\":\"https:\/\/mwc-cmm.org\/fr\/stories\/an-incessant-demand-4\/#breadcrumb\"},\"inLanguage\":\"fr-FR\",\"potentialAction\":[{\"@type\":\"ReadAction\",\"target\":[\"https:\/\/mwc-cmm.org\/fr\/stories\/an-incessant-demand-4\/\"]}]},{\"@type\":\"ImageObject\",\"inLanguage\":\"fr-FR\",\"@id\":\"https:\/\/mwc-cmm.org\/fr\/stories\/an-incessant-demand-4\/#primaryimage\",\"url\":\"https:\/\/mwc-cmm.org\/wp-content\/uploads\/2024\/11\/kathymoorheadthiessen-2018-solidary-scaled.jpg\",\"contentUrl\":\"https:\/\/mwc-cmm.org\/wp-content\/uploads\/2024\/11\/kathymoorheadthiessen-2018-solidary-scaled.jpg\",\"width\":2560,\"height\":1707},{\"@type\":\"BreadcrumbList\",\"@id\":\"https:\/\/mwc-cmm.org\/fr\/stories\/an-incessant-demand-4\/#breadcrumb\",\"itemListElement\":[{\"@type\":\"ListItem\",\"position\":1,\"name\":\"Home\",\"item\":\"https:\/\/mwc-cmm.org\/fr\/\"},{\"@type\":\"ListItem\",\"position\":2,\"name\":\"Une demande incessante\"}]},{\"@type\":\"WebSite\",\"@id\":\"https:\/\/mwc-cmm.org\/en\/#website\",\"url\":\"https:\/\/mwc-cmm.org\/en\/\",\"name\":\"Mennonite World Conference\",\"description\":\"A communion of Anabaptist-related churches\",\"publisher\":{\"@id\":\"https:\/\/mwc-cmm.org\/en\/#organization\"},\"alternateName\":\"MWC\",\"potentialAction\":[{\"@type\":\"SearchAction\",\"target\":{\"@type\":\"EntryPoint\",\"urlTemplate\":\"https:\/\/mwc-cmm.org\/en\/?s={search_term_string}\"},\"query-input\":{\"@type\":\"PropertyValueSpecification\",\"valueRequired\":true,\"valueName\":\"search_term_string\"}}],\"inLanguage\":\"fr-FR\"},{\"@type\":\"Organization\",\"@id\":\"https:\/\/mwc-cmm.org\/en\/#organization\",\"name\":\"Mennonite World Conference\",\"alternateName\":\"MWC\",\"url\":\"https:\/\/mwc-cmm.org\/en\/\",\"logo\":{\"@type\":\"ImageObject\",\"inLanguage\":\"fr-FR\",\"@id\":\"https:\/\/mwc-cmm.org\/en\/#\/schema\/logo\/image\/\",\"url\":\"https:\/\/mwc-cmm.org\/wp-content\/uploads\/2026\/01\/MWC_Sig_Blue_Horiz_webheader1-logo.svg\",\"contentUrl\":\"https:\/\/mwc-cmm.org\/wp-content\/uploads\/2026\/01\/MWC_Sig_Blue_Horiz_webheader1-logo.svg\",\"width\":786,\"height\":82,\"caption\":\"Mennonite World Conference\"},\"image\":{\"@id\":\"https:\/\/mwc-cmm.org\/en\/#\/schema\/logo\/image\/\"},\"sameAs\":[\"https:\/\/www.facebook.com\/MennoniteWorldConference\",\"https:\/\/www.linkedin.com\/company\/mennonite-world-conference-mwc\/\",\"https:\/\/www.instagram.com\/mwcmm\/\",\"https:\/\/www.youtube.com\/user\/mwccmm\",\"https:\/\/bsky.app\/profile\/mwcmm.bsky.social\"]},{\"@type\":\"Person\",\"@id\":\"https:\/\/mwc-cmm.org\/en\/#\/schema\/person\/11f6ae0d7d1868ba20a1cc27f067c836\",\"name\":\"mennworldcon\",\"image\":{\"@type\":\"ImageObject\",\"inLanguage\":\"fr-FR\",\"@id\":\"https:\/\/secure.gravatar.com\/avatar\/06fdc0dc81c157dfdb82ec42f252178a22307808988d22c043f9eb96f1e0fe80?s=96&d=mm&r=g\",\"url\":\"https:\/\/secure.gravatar.com\/avatar\/06fdc0dc81c157dfdb82ec42f252178a22307808988d22c043f9eb96f1e0fe80?s=96&d=mm&r=g\",\"contentUrl\":\"https:\/\/secure.gravatar.com\/avatar\/06fdc0dc81c157dfdb82ec42f252178a22307808988d22c043f9eb96f1e0fe80?s=96&d=mm&r=g\",\"caption\":\"mennworldcon\"},\"sameAs\":[\"https:\/\/mwc-cmm.org\"],\"url\":\"https:\/\/mwc-cmm.org\/fr\/stories\/author\/mennworldcon\/\"}]}<\/script>\n<!-- \/ Yoast SEO plugin. -->","yoast_head_json":{"title":"Une demande incessante - Mennonite World Conference","robots":{"index":"index","follow":"follow","max-snippet":"max-snippet:-1","max-image-preview":"max-image-preview:large","max-video-preview":"max-video-preview:-1"},"canonical":"https:\/\/mwc-cmm.org\/fr\/stories\/an-incessant-demand-4\/","og_locale":"fr_FR","og_type":"article","og_title":"Une demande incessante - Mennonite World Conference","og_description":"Comme beaucoup de mennonites, je garde en m\u00e9moire les r\u00e9cits des souffrances des anabaptistes du XVIe&nbsp;si\u00e8cle. Comme beaucoup, je suis hant\u00e9 par le souvenir dangereux du Crucifi\u00e9 \u00ab Prends ta croix et suis-moi \u00bb.","og_url":"https:\/\/mwc-cmm.org\/fr\/stories\/an-incessant-demand-4\/","og_site_name":"Mennonite World Conference","article_publisher":"https:\/\/www.facebook.com\/MennoniteWorldConference","article_published_time":"2020-09-07T00:00:00+00:00","article_modified_time":"2024-12-10T17:17:16+00:00","og_image":[{"width":2560,"height":1707,"url":"https:\/\/mwc-cmm.org\/wp-content\/uploads\/2024\/11\/kathymoorheadthiessen-2018-solidary-scaled.jpg","type":"image\/jpeg"}],"author":"mennworldcon","schema":{"@context":"https:\/\/schema.org","@graph":[{"@type":"Article","@id":"https:\/\/mwc-cmm.org\/fr\/stories\/an-incessant-demand-4\/#article","isPartOf":{"@id":"https:\/\/mwc-cmm.org\/fr\/stories\/an-incessant-demand-4\/"},"author":{"name":"mennworldcon","@id":"https:\/\/mwc-cmm.org\/en\/#\/schema\/person\/11f6ae0d7d1868ba20a1cc27f067c836"},"headline":"Une demande incessante","datePublished":"2020-09-07T00:00:00+00:00","dateModified":"2024-12-10T17:17:16+00:00","mainEntityOfPage":{"@id":"https:\/\/mwc-cmm.org\/fr\/stories\/an-incessant-demand-4\/"},"wordCount":819,"publisher":{"@id":"https:\/\/mwc-cmm.org\/en\/#organization"},"image":{"@id":"https:\/\/mwc-cmm.org\/fr\/stories\/an-incessant-demand-4\/#primaryimage"},"thumbnailUrl":"https:\/\/mwc-cmm.org\/wp-content\/uploads\/2024\/11\/kathymoorheadthiessen-2018-solidary-scaled.jpg","articleSection":["Non classifi\u00e9(e)"],"inLanguage":"fr-FR"},{"@type":"WebPage","@id":"https:\/\/mwc-cmm.org\/fr\/stories\/an-incessant-demand-4\/","url":"https:\/\/mwc-cmm.org\/fr\/stories\/an-incessant-demand-4\/","name":"Une demande incessante - Mennonite World Conference","isPartOf":{"@id":"https:\/\/mwc-cmm.org\/en\/#website"},"primaryImageOfPage":{"@id":"https:\/\/mwc-cmm.org\/fr\/stories\/an-incessant-demand-4\/#primaryimage"},"image":{"@id":"https:\/\/mwc-cmm.org\/fr\/stories\/an-incessant-demand-4\/#primaryimage"},"thumbnailUrl":"https:\/\/mwc-cmm.org\/wp-content\/uploads\/2024\/11\/kathymoorheadthiessen-2018-solidary-scaled.jpg","datePublished":"2020-09-07T00:00:00+00:00","dateModified":"2024-12-10T17:17:16+00:00","breadcrumb":{"@id":"https:\/\/mwc-cmm.org\/fr\/stories\/an-incessant-demand-4\/#breadcrumb"},"inLanguage":"fr-FR","potentialAction":[{"@type":"ReadAction","target":["https:\/\/mwc-cmm.org\/fr\/stories\/an-incessant-demand-4\/"]}]},{"@type":"ImageObject","inLanguage":"fr-FR","@id":"https:\/\/mwc-cmm.org\/fr\/stories\/an-incessant-demand-4\/#primaryimage","url":"https:\/\/mwc-cmm.org\/wp-content\/uploads\/2024\/11\/kathymoorheadthiessen-2018-solidary-scaled.jpg","contentUrl":"https:\/\/mwc-cmm.org\/wp-content\/uploads\/2024\/11\/kathymoorheadthiessen-2018-solidary-scaled.jpg","width":2560,"height":1707},{"@type":"BreadcrumbList","@id":"https:\/\/mwc-cmm.org\/fr\/stories\/an-incessant-demand-4\/#breadcrumb","itemListElement":[{"@type":"ListItem","position":1,"name":"Home","item":"https:\/\/mwc-cmm.org\/fr\/"},{"@type":"ListItem","position":2,"name":"Une demande incessante"}]},{"@type":"WebSite","@id":"https:\/\/mwc-cmm.org\/en\/#website","url":"https:\/\/mwc-cmm.org\/en\/","name":"Mennonite World Conference","description":"A communion of Anabaptist-related churches","publisher":{"@id":"https:\/\/mwc-cmm.org\/en\/#organization"},"alternateName":"MWC","potentialAction":[{"@type":"SearchAction","target":{"@type":"EntryPoint","urlTemplate":"https:\/\/mwc-cmm.org\/en\/?s={search_term_string}"},"query-input":{"@type":"PropertyValueSpecification","valueRequired":true,"valueName":"search_term_string"}}],"inLanguage":"fr-FR"},{"@type":"Organization","@id":"https:\/\/mwc-cmm.org\/en\/#organization","name":"Mennonite World Conference","alternateName":"MWC","url":"https:\/\/mwc-cmm.org\/en\/","logo":{"@type":"ImageObject","inLanguage":"fr-FR","@id":"https:\/\/mwc-cmm.org\/en\/#\/schema\/logo\/image\/","url":"https:\/\/mwc-cmm.org\/wp-content\/uploads\/2026\/01\/MWC_Sig_Blue_Horiz_webheader1-logo.svg","contentUrl":"https:\/\/mwc-cmm.org\/wp-content\/uploads\/2026\/01\/MWC_Sig_Blue_Horiz_webheader1-logo.svg","width":786,"height":82,"caption":"Mennonite World Conference"},"image":{"@id":"https:\/\/mwc-cmm.org\/en\/#\/schema\/logo\/image\/"},"sameAs":["https:\/\/www.facebook.com\/MennoniteWorldConference","https:\/\/www.linkedin.com\/company\/mennonite-world-conference-mwc\/","https:\/\/www.instagram.com\/mwcmm\/","https:\/\/www.youtube.com\/user\/mwccmm","https:\/\/bsky.app\/profile\/mwcmm.bsky.social"]},{"@type":"Person","@id":"https:\/\/mwc-cmm.org\/en\/#\/schema\/person\/11f6ae0d7d1868ba20a1cc27f067c836","name":"mennworldcon","image":{"@type":"ImageObject","inLanguage":"fr-FR","@id":"https:\/\/secure.gravatar.com\/avatar\/06fdc0dc81c157dfdb82ec42f252178a22307808988d22c043f9eb96f1e0fe80?s=96&d=mm&r=g","url":"https:\/\/secure.gravatar.com\/avatar\/06fdc0dc81c157dfdb82ec42f252178a22307808988d22c043f9eb96f1e0fe80?s=96&d=mm&r=g","contentUrl":"https:\/\/secure.gravatar.com\/avatar\/06fdc0dc81c157dfdb82ec42f252178a22307808988d22c043f9eb96f1e0fe80?s=96&d=mm&r=g","caption":"mennworldcon"},"sameAs":["https:\/\/mwc-cmm.org"],"url":"https:\/\/mwc-cmm.org\/fr\/stories\/author\/mennworldcon\/"}]}},"_links":{"self":[{"href":"https:\/\/mwc-cmm.org\/fr\/wp-json\/wp\/v2\/posts\/10192","targetHints":{"allow":["GET"]}}],"collection":[{"href":"https:\/\/mwc-cmm.org\/fr\/wp-json\/wp\/v2\/posts"}],"about":[{"href":"https:\/\/mwc-cmm.org\/fr\/wp-json\/wp\/v2\/types\/post"}],"author":[{"embeddable":true,"href":"https:\/\/mwc-cmm.org\/fr\/wp-json\/wp\/v2\/users\/1"}],"replies":[{"embeddable":true,"href":"https:\/\/mwc-cmm.org\/fr\/wp-json\/wp\/v2\/comments?post=10192"}],"version-history":[{"count":0,"href":"https:\/\/mwc-cmm.org\/fr\/wp-json\/wp\/v2\/posts\/10192\/revisions"}],"wp:featuredmedia":[{"embeddable":true,"href":"https:\/\/mwc-cmm.org\/fr\/wp-json\/wp\/v2\/media\/89830"}],"wp:attachment":[{"href":"https:\/\/mwc-cmm.org\/fr\/wp-json\/wp\/v2\/media?parent=10192"}],"wp:term":[{"taxonomy":"category","embeddable":true,"href":"https:\/\/mwc-cmm.org\/fr\/wp-json\/wp\/v2\/categories?post=10192"},{"taxonomy":"post_tag","embeddable":true,"href":"https:\/\/mwc-cmm.org\/fr\/wp-json\/wp\/v2\/tags?post=10192"},{"taxonomy":"network","embeddable":true,"href":"https:\/\/mwc-cmm.org\/fr\/wp-json\/wp\/v2\/network?post=10192"},{"taxonomy":"eventcategory","embeddable":true,"href":"https:\/\/mwc-cmm.org\/fr\/wp-json\/wp\/v2\/eventcategory?post=10192"}],"curies":[{"name":"wp","href":"https:\/\/api.w.org\/{rel}","templated":true}]}}