{"id":10188,"date":"2020-09-03T00:00:00","date_gmt":"2020-09-03T00:00:00","guid":{"rendered":"https:\/\/mwc-cmm.org\/follow-the-fire-walking-with-jesus-in-the-spirits-presence-4\/"},"modified":"2024-12-10T17:17:13","modified_gmt":"2024-12-10T17:17:13","slug":"follow-the-fire-walking-with-jesus-in-the-spirits-presence-4","status":"publish","type":"post","link":"https:\/\/mwc-cmm.org\/fr\/stories\/follow-the-fire-walking-with-jesus-in-the-spirits-presence-4\/","title":{"rendered":"\u2018Suivez le feu\u2019 : marcher avec J\u00e9sus en pr\u00e9sence de l\u2019Esprit"},"content":{"rendered":"<p>Il y avait plus de 15 ans que nous avions quitt\u00e9 Zagreb (aujourd\u2019hui capitale de la Croatie), lorsque nous y sommes revenus pour une br\u00e8ve visite en 2006. Assis \u00e0 la terrasse d\u2019un caf\u00e9 un samedi matin ensoleill\u00e9, ma femme Sara et moi avons aper\u00e7u des affiches qui n\u2019auraient s\u00fbrement pas \u00e9t\u00e9 autoris\u00e9es dans l\u2019ex-Yougoslavie, autrefois communiste&nbsp;: <em>\u2018Marche pour J\u00e9sus&nbsp;!<\/em>\u2019 L\u2019ayant lue, je n\u2019ai pas pu d\u00e9couvrir quelle d\u00e9nomination parrainait l\u2019\u00e9v\u00e9nement. Curieux, nous avons cherch\u00e9 et d\u00e9couvert la procession elle-m\u00eame, parcourant joyeusement le centre-ville jusqu\u2019\u00e0 ce que les habitants appellent <em>Cvjetni trg<\/em> (Place des Fleurs).<\/p>\n<p>Nous demandant toujours qui pouvait organiser une telle manifestation chr\u00e9tienne publique, nous avons soudain \u00e9t\u00e9 h\u00e9l\u00e9s par l\u2019un des organisateurs, qui s\u2019est exclam\u00e9 joyeusement&nbsp;: \u00ab&nbsp;Cela a commenc\u00e9 dans votre salon&nbsp;!&nbsp;\u00bb<\/p>\n<p>Stanko avait \u00e9t\u00e9 l\u2019un des nombreux jeunes responsables d\u2019\u00e9glises pentec\u00f4tistes qui se r\u00e9unissaient chaque mois chez nous en 1988 et 1989 pour prier, au-del\u00e0 des barri\u00e8res confessionnelles qui cantonnent habituellement chacun dans son groupe. Les baptistes, les pentec\u00f4tistes, les fr\u00e8res et plusieurs autres branches ind\u00e9pendantes de ce petit mouvement n\u00e9o-protestant appr\u00e9ciaient l\u2019opportunit\u00e9 de r\u00e9fl\u00e9chir, de prier et de tisser des liens d\u2019amiti\u00e9 pendant les p\u00e9riodes difficiles des ann\u00e9es 90, qui avaient plong\u00e9 la r\u00e9gion dans le chaos et la guerre.<\/p>\n<p>Bien apr\u00e8s notre retour en Am\u00e9rique du Nord, ces premiers liens se sont transform\u00e9s en collaboration pour t\u00e9moigner, secourir les victimes de guerre et sensibiliser nos voisins \u00e0 la foi chr\u00e9tienne<a href=\"#_msocom_1\">[KB1]<\/a>&nbsp;.<\/p>\n<p>Aux heures les plus sombres des conflits dans les Balkans (1991\u20131995 et au-del\u00e0), les efforts pour r\u00e9tablir la paix, fond\u00e9s sur la foi chr\u00e9tienne, \u00e9taient profond\u00e9ment ancr\u00e9s dans la coop\u00e9ration \u0153cum\u00e9nique et m\u00eame interconfessionnelle. En Bosnie, en Serbie et en Croatie, les disciples de J\u00e9sus s\u2019\u00e9taient sentis appel\u00e9s \u00e0 surmonter les fronti\u00e8res, construire des ponts, pratiquer le pardon et offrir une simple hospitalit\u00e9 aux personnes en grand danger de toutes parts.<\/p>\n<p>Les amis de la CMM connaissent le t\u00e9moignage de <em>Hleb \u017divota<\/em> (l\u2019organisation humanitaire l<em>e Pain de Vie<\/em>) \u00e0 Belgrade, ou de <em>Pontanima<\/em> (ch\u0153ur interconfessionnel) \u00e0 Sarajevo. Ces initiatives, et bien d\u2019autres, ont contribu\u00e9 durablement \u00e0 la consolidation de la paix suite aux d\u00e9sastres d\u2019origine humaine dans la r\u00e9gion.<\/p>\n<p>En raison de mon engagement avec les chr\u00e9tiens pentec\u00f4tistes des Balkans, ces derni\u00e8res ann\u00e9es j\u2019ai eu le privil\u00e8ge de participer aux dialogues interconfessionnels officiels entre l\u2019\u00c9glise mennonite des \u00c9tats-Unis et certaines branches du mouvement pentec\u00f4tiste.<\/p>\n<p>L\u2019\u00c9glise de Dieu (bas\u00e9e \u00e0 Cleveland &#8211; Tennessee) a particip\u00e9 \u00e0 plusieurs s\u00e9ries de discussions th\u00e9ologiques sur la pr\u00e9sence et la puissance du Saint-Esprit lors de cultes, dans l\u2019\u00e9vang\u00e9lisation et dans la mission. De nombreux participants ont exprim\u00e9 un vif int\u00e9r\u00eat pour les exp\u00e9riences anabaptistes lorsque les disciples de J\u00e9sus, par la puissance de l\u2019Esprit de Dieu, agissent en tant qu\u2019agents de r\u00e9conciliation et de paix dans les conflits actuels.<\/p>\n<p>Dieu cr\u00e9e continuellement du nouveau parmi nous, alors que l\u2019Esprit continue de d\u00e9truire les murs de l\u2019hostilit\u00e9 et de nous envoyer comme ambassadeurs avec la puissance de l\u2019amour du Christ.<\/p>\n<p>Dans ce but, Shane Claiborne, militant chr\u00e9tien de Philadelphie (Pennsylvanie), nous exhorte \u00e0 garder le meilleur de ce que les nombreuses et diverses traditions chr\u00e9tiennes ont \u00e0 nous offrir&nbsp;:<\/p>\n<p>\u2018Tout comme nous critiquons ce qu\u2019il y a de pire dans l\u2019\u00c9glise, nous devons nous r\u00e9jouir de ce qu\u2019elle a de meilleur\u2019, \u00e9crit Shane Claiborne dans le journal <em>Oneing<\/em>. \u2018Nous devons creuser les champs de l\u2019histoire de l\u2019\u00c9glise pour y trouver des tr\u00e9sors, des joyaux\u2026 Je d\u00e9sire le feu des pentec\u00f4tistes, l\u2019amour des \u00c9critures des luth\u00e9riens, l\u2019imagination politique des anabaptistes, l\u2019enracinement des ortodoxes, le myst\u00e8re des catholiques et le z\u00e8le des \u00e9vang\u00e9liques.\u2019<\/p>\n<p>Je suis convaincu que nous sommes beaucoup plus un panachage de ces nombreux courants que ce que nous admettons habituellement. Nous nous abreuvons tous \u00e0 des courants qui incluent d\u2019anciennes formes du culte chr\u00e9tien orthodoxe, des traditions de r\u00e9flexions profondes catholiques, des convictions luth\u00e9riennes solides, des doctrines r\u00e9form\u00e9es classiques et des pratiques pi\u00e9tistes chaleureuses &#8211; ainsi que certaines formes d\u2019engagements et de croyances anabaptistes que les premi\u00e8res g\u00e9n\u00e9rations pourraient ou non reconna\u00eetre comme leurs.<\/p>\n<p>Nous choisissons et r\u00e9pondons \u00e0 de nouvelles situations tout en puisant dans des mat\u00e9riaux venant de sources diverses. Ensemble, ces fils color\u00e9s et entrecrois\u00e9s forment un nouveau tissu, une tapisserie pour notre \u00e9poque destin\u00e9e \u00e0 \u00eatre un don pour nos contemporains.<\/p>\n<p>Le fleuve puissant des pentec\u00f4tistes d\u2019aujourd\u2019hui et celui des h\u00e9ritiers du courant anabaptiste peuvent sembler assez \u00e9loign\u00e9s l\u2019un de l\u2019autre, mais la r\u00e9alit\u00e9 souterraine est plus proche que ce que l\u2019on aurait pu penser. Lorsque nous travaillons ensemble, les forces de notre z\u00e8le proph\u00e9tique, de notre t\u00e9moignage passionn\u00e9 et de notre compassion quotidienne peuvent revitaliser un discipulat guid\u00e9 par l\u2019Esprit dans ce monde complexe. C\u2019est notre espoir&nbsp;!<\/p>\n<p>\u2014<em>Gerald Shenk a enseign\u00e9 dans des s\u00e9minaires en Croatie, en Serbie et aux \u00c9tats-Unis (Virginie et Indiana), avant de prendre ses fonctions de grand-p\u00e8re dans une petite ferme en Virginie. Il est membre de<\/em> Springdale Mennonite Church<em>.<\/em><\/p>\n<p>&nbsp;<\/p>\n<p><em>Cet article est paru pour la premi\u00e8re fois dans le num\u00e9ro&nbsp;d\u2019avril 2020&nbsp;de&nbsp;Courier\/Correo\/Courrier.&nbsp;<a href=\"https:\/\/mwc-cmm.org\/fr\/node\/3526\">Cliquez ici<\/a>&nbsp;pour lire d&rsquo;autres articles de ce dossier.<\/em><\/p>\n","protected":false},"excerpt":{"rendered":"<p><span data-contrast=\"auto\" lang=\"EN-US\">Side by side, the mighty river of Pentecostals today and the heirs of the Anabaptist stream of the Christian tradition may seem fairly remote from each other, but the underground reality is more closely connected than one would first detect. <\/span><\/p>\n","protected":false},"author":1,"featured_media":92623,"comment_status":"closed","ping_status":"closed","sticky":false,"template":"","format":"standard","meta":{"_acf_changed":false,"footnotes":""},"categories":[7],"tags":[],"network":[1307],"eventcategory":[],"class_list":["post-10188","post","type-post","status-publish","format-standard","has-post-thumbnail","hentry","category-non-classifiee","network-courier-fr"],"acf":[],"yoast_head":"<!-- This site is optimized with the Yoast SEO plugin v27.5 - https:\/\/yoast.com\/product\/yoast-seo-wordpress\/ -->\n<title>\u2018Suivez le feu\u2019 : marcher avec J\u00e9sus en pr\u00e9sence de l\u2019Esprit - Mennonite World Conference<\/title>\n<meta name=\"robots\" content=\"index, follow, max-snippet:-1, max-image-preview:large, max-video-preview:-1\" \/>\n<link rel=\"canonical\" href=\"https:\/\/mwc-cmm.org\/en\/stories\/follow-the-fire-walking-with-jesus-in-the-spirits-presence-2\/\" \/>\n<meta property=\"og:locale\" content=\"fr_FR\" \/>\n<meta property=\"og:type\" content=\"article\" \/>\n<meta property=\"og:title\" content=\"\u2018Suivez le feu\u2019 : marcher avec J\u00e9sus en pr\u00e9sence de l\u2019Esprit - Mennonite World Conference\" \/>\n<meta property=\"og:description\" content=\"Side by side, the mighty river of Pentecostals today and the heirs of the Anabaptist stream of the Christian tradition may seem fairly remote from each other, but the underground reality is more closely connected than one would first detect.\" \/>\n<meta property=\"og:url\" content=\"https:\/\/mwc-cmm.org\/en\/stories\/follow-the-fire-walking-with-jesus-in-the-spirits-presence-2\/\" \/>\n<meta property=\"og:site_name\" content=\"Mennonite World Conference\" \/>\n<meta property=\"article:publisher\" content=\"https:\/\/www.facebook.com\/MennoniteWorldConference\" \/>\n<meta property=\"article:published_time\" content=\"2020-09-03T00:00:00+00:00\" \/>\n<meta property=\"article:modified_time\" content=\"2024-12-10T17:17:13+00:00\" \/>\n<meta property=\"og:image\" content=\"https:\/\/mwc-cmm.org\/wp-content\/uploads\/2024\/11\/50048323216_8416675cb9_o-scaled.jpg\" \/>\n\t<meta property=\"og:image:width\" content=\"2560\" \/>\n\t<meta property=\"og:image:height\" content=\"1696\" \/>\n\t<meta property=\"og:image:type\" content=\"image\/jpeg\" \/>\n<meta name=\"author\" content=\"mennworldcon\" \/>\n<script type=\"application\/ld+json\" class=\"yoast-schema-graph\">{\"@context\":\"https:\\\/\\\/schema.org\",\"@graph\":[{\"@type\":\"Article\",\"@id\":\"https:\\\/\\\/mwc-cmm.org\\\/en\\\/stories\\\/follow-the-fire-walking-with-jesus-in-the-spirits-presence-2\\\/#article\",\"isPartOf\":{\"@id\":\"https:\\\/\\\/mwc-cmm.org\\\/en\\\/stories\\\/follow-the-fire-walking-with-jesus-in-the-spirits-presence-2\\\/\"},\"author\":{\"name\":\"mennworldcon\",\"@id\":\"https:\\\/\\\/mwc-cmm.org\\\/en\\\/#\\\/schema\\\/person\\\/11f6ae0d7d1868ba20a1cc27f067c836\"},\"headline\":\"\u2018Suivez le feu\u2019 : marcher avec J\u00e9sus en pr\u00e9sence de l\u2019Esprit\",\"datePublished\":\"2020-09-03T00:00:00+00:00\",\"dateModified\":\"2024-12-10T17:17:13+00:00\",\"mainEntityOfPage\":{\"@id\":\"https:\\\/\\\/mwc-cmm.org\\\/en\\\/stories\\\/follow-the-fire-walking-with-jesus-in-the-spirits-presence-2\\\/\"},\"wordCount\":990,\"publisher\":{\"@id\":\"https:\\\/\\\/mwc-cmm.org\\\/en\\\/#organization\"},\"image\":{\"@id\":\"https:\\\/\\\/mwc-cmm.org\\\/en\\\/stories\\\/follow-the-fire-walking-with-jesus-in-the-spirits-presence-2\\\/#primaryimage\"},\"thumbnailUrl\":\"https:\\\/\\\/mwc-cmm.org\\\/wp-content\\\/uploads\\\/2024\\\/11\\\/50048323216_8416675cb9_o-scaled.jpg\",\"articleSection\":[\"Non classifi\u00e9(e)\"],\"inLanguage\":\"fr-FR\"},{\"@type\":\"WebPage\",\"@id\":\"https:\\\/\\\/mwc-cmm.org\\\/en\\\/stories\\\/follow-the-fire-walking-with-jesus-in-the-spirits-presence-2\\\/\",\"url\":\"https:\\\/\\\/mwc-cmm.org\\\/en\\\/stories\\\/follow-the-fire-walking-with-jesus-in-the-spirits-presence-2\\\/\",\"name\":\"\u2018Suivez le feu\u2019 : marcher avec J\u00e9sus en pr\u00e9sence de l\u2019Esprit - Mennonite World Conference\",\"isPartOf\":{\"@id\":\"https:\\\/\\\/mwc-cmm.org\\\/en\\\/#website\"},\"primaryImageOfPage\":{\"@id\":\"https:\\\/\\\/mwc-cmm.org\\\/en\\\/stories\\\/follow-the-fire-walking-with-jesus-in-the-spirits-presence-2\\\/#primaryimage\"},\"image\":{\"@id\":\"https:\\\/\\\/mwc-cmm.org\\\/en\\\/stories\\\/follow-the-fire-walking-with-jesus-in-the-spirits-presence-2\\\/#primaryimage\"},\"thumbnailUrl\":\"https:\\\/\\\/mwc-cmm.org\\\/wp-content\\\/uploads\\\/2024\\\/11\\\/50048323216_8416675cb9_o-scaled.jpg\",\"datePublished\":\"2020-09-03T00:00:00+00:00\",\"dateModified\":\"2024-12-10T17:17:13+00:00\",\"breadcrumb\":{\"@id\":\"https:\\\/\\\/mwc-cmm.org\\\/en\\\/stories\\\/follow-the-fire-walking-with-jesus-in-the-spirits-presence-2\\\/#breadcrumb\"},\"inLanguage\":\"fr-FR\",\"potentialAction\":[{\"@type\":\"ReadAction\",\"target\":[\"https:\\\/\\\/mwc-cmm.org\\\/en\\\/stories\\\/follow-the-fire-walking-with-jesus-in-the-spirits-presence-2\\\/\"]}]},{\"@type\":\"ImageObject\",\"inLanguage\":\"fr-FR\",\"@id\":\"https:\\\/\\\/mwc-cmm.org\\\/en\\\/stories\\\/follow-the-fire-walking-with-jesus-in-the-spirits-presence-2\\\/#primaryimage\",\"url\":\"https:\\\/\\\/mwc-cmm.org\\\/wp-content\\\/uploads\\\/2024\\\/11\\\/50048323216_8416675cb9_o-scaled.jpg\",\"contentUrl\":\"https:\\\/\\\/mwc-cmm.org\\\/wp-content\\\/uploads\\\/2024\\\/11\\\/50048323216_8416675cb9_o-scaled.jpg\",\"width\":2560,\"height\":1696},{\"@type\":\"BreadcrumbList\",\"@id\":\"https:\\\/\\\/mwc-cmm.org\\\/en\\\/stories\\\/follow-the-fire-walking-with-jesus-in-the-spirits-presence-2\\\/#breadcrumb\",\"itemListElement\":[{\"@type\":\"ListItem\",\"position\":1,\"name\":\"Home\",\"item\":\"https:\\\/\\\/mwc-cmm.org\\\/fr\\\/\"},{\"@type\":\"ListItem\",\"position\":2,\"name\":\"\u2018Suivez le feu\u2019 : marcher avec J\u00e9sus en pr\u00e9sence de l\u2019Esprit\"}]},{\"@type\":\"WebSite\",\"@id\":\"https:\\\/\\\/mwc-cmm.org\\\/en\\\/#website\",\"url\":\"https:\\\/\\\/mwc-cmm.org\\\/en\\\/\",\"name\":\"Mennonite World Conference\",\"description\":\"A communion of Anabaptist-related churches\",\"publisher\":{\"@id\":\"https:\\\/\\\/mwc-cmm.org\\\/en\\\/#organization\"},\"alternateName\":\"MWC\",\"potentialAction\":[{\"@type\":\"SearchAction\",\"target\":{\"@type\":\"EntryPoint\",\"urlTemplate\":\"https:\\\/\\\/mwc-cmm.org\\\/en\\\/?s={search_term_string}\"},\"query-input\":{\"@type\":\"PropertyValueSpecification\",\"valueRequired\":true,\"valueName\":\"search_term_string\"}}],\"inLanguage\":\"fr-FR\"},{\"@type\":\"Organization\",\"@id\":\"https:\\\/\\\/mwc-cmm.org\\\/en\\\/#organization\",\"name\":\"Mennonite World Conference\",\"alternateName\":\"MWC\",\"url\":\"https:\\\/\\\/mwc-cmm.org\\\/en\\\/\",\"logo\":{\"@type\":\"ImageObject\",\"inLanguage\":\"fr-FR\",\"@id\":\"https:\\\/\\\/mwc-cmm.org\\\/en\\\/#\\\/schema\\\/logo\\\/image\\\/\",\"url\":\"https:\\\/\\\/mwc-cmm.org\\\/wp-content\\\/uploads\\\/2026\\\/01\\\/MWC_Sig_Blue_Horiz_webheader1-logo.svg\",\"contentUrl\":\"https:\\\/\\\/mwc-cmm.org\\\/wp-content\\\/uploads\\\/2026\\\/01\\\/MWC_Sig_Blue_Horiz_webheader1-logo.svg\",\"width\":786,\"height\":82,\"caption\":\"Mennonite World Conference\"},\"image\":{\"@id\":\"https:\\\/\\\/mwc-cmm.org\\\/en\\\/#\\\/schema\\\/logo\\\/image\\\/\"},\"sameAs\":[\"https:\\\/\\\/www.facebook.com\\\/MennoniteWorldConference\",\"https:\\\/\\\/www.linkedin.com\\\/company\\\/mennonite-world-conference-mwc\\\/\",\"https:\\\/\\\/www.instagram.com\\\/mwcmm\\\/\",\"https:\\\/\\\/www.youtube.com\\\/user\\\/mwccmm\",\"https:\\\/\\\/bsky.app\\\/profile\\\/mwcmm.bsky.social\"]},{\"@type\":\"Person\",\"@id\":\"https:\\\/\\\/mwc-cmm.org\\\/en\\\/#\\\/schema\\\/person\\\/11f6ae0d7d1868ba20a1cc27f067c836\",\"name\":\"mennworldcon\",\"image\":{\"@type\":\"ImageObject\",\"inLanguage\":\"fr-FR\",\"@id\":\"https:\\\/\\\/secure.gravatar.com\\\/avatar\\\/06fdc0dc81c157dfdb82ec42f252178a22307808988d22c043f9eb96f1e0fe80?s=96&d=mm&r=g\",\"url\":\"https:\\\/\\\/secure.gravatar.com\\\/avatar\\\/06fdc0dc81c157dfdb82ec42f252178a22307808988d22c043f9eb96f1e0fe80?s=96&d=mm&r=g\",\"contentUrl\":\"https:\\\/\\\/secure.gravatar.com\\\/avatar\\\/06fdc0dc81c157dfdb82ec42f252178a22307808988d22c043f9eb96f1e0fe80?s=96&d=mm&r=g\",\"caption\":\"mennworldcon\"},\"sameAs\":[\"https:\\\/\\\/mwc-cmm.org\"],\"url\":\"https:\\\/\\\/mwc-cmm.org\\\/fr\\\/stories\\\/author\\\/mennworldcon\\\/\"}]}<\/script>\n<!-- \/ Yoast SEO plugin. -->","yoast_head_json":{"title":"\u2018Suivez le feu\u2019 : marcher avec J\u00e9sus en pr\u00e9sence de l\u2019Esprit - Mennonite World Conference","robots":{"index":"index","follow":"follow","max-snippet":"max-snippet:-1","max-image-preview":"max-image-preview:large","max-video-preview":"max-video-preview:-1"},"canonical":"https:\/\/mwc-cmm.org\/en\/stories\/follow-the-fire-walking-with-jesus-in-the-spirits-presence-2\/","og_locale":"fr_FR","og_type":"article","og_title":"\u2018Suivez le feu\u2019 : marcher avec J\u00e9sus en pr\u00e9sence de l\u2019Esprit - Mennonite World Conference","og_description":"Side by side, the mighty river of Pentecostals today and the heirs of the Anabaptist stream of the Christian tradition may seem fairly remote from each other, but the underground reality is more closely connected than one would first detect.","og_url":"https:\/\/mwc-cmm.org\/en\/stories\/follow-the-fire-walking-with-jesus-in-the-spirits-presence-2\/","og_site_name":"Mennonite World Conference","article_publisher":"https:\/\/www.facebook.com\/MennoniteWorldConference","article_published_time":"2020-09-03T00:00:00+00:00","article_modified_time":"2024-12-10T17:17:13+00:00","og_image":[{"width":2560,"height":1696,"url":"https:\/\/mwc-cmm.org\/wp-content\/uploads\/2024\/11\/50048323216_8416675cb9_o-scaled.jpg","type":"image\/jpeg"}],"author":"mennworldcon","schema":{"@context":"https:\/\/schema.org","@graph":[{"@type":"Article","@id":"https:\/\/mwc-cmm.org\/en\/stories\/follow-the-fire-walking-with-jesus-in-the-spirits-presence-2\/#article","isPartOf":{"@id":"https:\/\/mwc-cmm.org\/en\/stories\/follow-the-fire-walking-with-jesus-in-the-spirits-presence-2\/"},"author":{"name":"mennworldcon","@id":"https:\/\/mwc-cmm.org\/en\/#\/schema\/person\/11f6ae0d7d1868ba20a1cc27f067c836"},"headline":"\u2018Suivez le feu\u2019 : marcher avec J\u00e9sus en pr\u00e9sence de l\u2019Esprit","datePublished":"2020-09-03T00:00:00+00:00","dateModified":"2024-12-10T17:17:13+00:00","mainEntityOfPage":{"@id":"https:\/\/mwc-cmm.org\/en\/stories\/follow-the-fire-walking-with-jesus-in-the-spirits-presence-2\/"},"wordCount":990,"publisher":{"@id":"https:\/\/mwc-cmm.org\/en\/#organization"},"image":{"@id":"https:\/\/mwc-cmm.org\/en\/stories\/follow-the-fire-walking-with-jesus-in-the-spirits-presence-2\/#primaryimage"},"thumbnailUrl":"https:\/\/mwc-cmm.org\/wp-content\/uploads\/2024\/11\/50048323216_8416675cb9_o-scaled.jpg","articleSection":["Non classifi\u00e9(e)"],"inLanguage":"fr-FR"},{"@type":"WebPage","@id":"https:\/\/mwc-cmm.org\/en\/stories\/follow-the-fire-walking-with-jesus-in-the-spirits-presence-2\/","url":"https:\/\/mwc-cmm.org\/en\/stories\/follow-the-fire-walking-with-jesus-in-the-spirits-presence-2\/","name":"\u2018Suivez le feu\u2019 : marcher avec J\u00e9sus en pr\u00e9sence de l\u2019Esprit - Mennonite World Conference","isPartOf":{"@id":"https:\/\/mwc-cmm.org\/en\/#website"},"primaryImageOfPage":{"@id":"https:\/\/mwc-cmm.org\/en\/stories\/follow-the-fire-walking-with-jesus-in-the-spirits-presence-2\/#primaryimage"},"image":{"@id":"https:\/\/mwc-cmm.org\/en\/stories\/follow-the-fire-walking-with-jesus-in-the-spirits-presence-2\/#primaryimage"},"thumbnailUrl":"https:\/\/mwc-cmm.org\/wp-content\/uploads\/2024\/11\/50048323216_8416675cb9_o-scaled.jpg","datePublished":"2020-09-03T00:00:00+00:00","dateModified":"2024-12-10T17:17:13+00:00","breadcrumb":{"@id":"https:\/\/mwc-cmm.org\/en\/stories\/follow-the-fire-walking-with-jesus-in-the-spirits-presence-2\/#breadcrumb"},"inLanguage":"fr-FR","potentialAction":[{"@type":"ReadAction","target":["https:\/\/mwc-cmm.org\/en\/stories\/follow-the-fire-walking-with-jesus-in-the-spirits-presence-2\/"]}]},{"@type":"ImageObject","inLanguage":"fr-FR","@id":"https:\/\/mwc-cmm.org\/en\/stories\/follow-the-fire-walking-with-jesus-in-the-spirits-presence-2\/#primaryimage","url":"https:\/\/mwc-cmm.org\/wp-content\/uploads\/2024\/11\/50048323216_8416675cb9_o-scaled.jpg","contentUrl":"https:\/\/mwc-cmm.org\/wp-content\/uploads\/2024\/11\/50048323216_8416675cb9_o-scaled.jpg","width":2560,"height":1696},{"@type":"BreadcrumbList","@id":"https:\/\/mwc-cmm.org\/en\/stories\/follow-the-fire-walking-with-jesus-in-the-spirits-presence-2\/#breadcrumb","itemListElement":[{"@type":"ListItem","position":1,"name":"Home","item":"https:\/\/mwc-cmm.org\/fr\/"},{"@type":"ListItem","position":2,"name":"\u2018Suivez le feu\u2019 : marcher avec J\u00e9sus en pr\u00e9sence de l\u2019Esprit"}]},{"@type":"WebSite","@id":"https:\/\/mwc-cmm.org\/en\/#website","url":"https:\/\/mwc-cmm.org\/en\/","name":"Mennonite World Conference","description":"A communion of Anabaptist-related churches","publisher":{"@id":"https:\/\/mwc-cmm.org\/en\/#organization"},"alternateName":"MWC","potentialAction":[{"@type":"SearchAction","target":{"@type":"EntryPoint","urlTemplate":"https:\/\/mwc-cmm.org\/en\/?s={search_term_string}"},"query-input":{"@type":"PropertyValueSpecification","valueRequired":true,"valueName":"search_term_string"}}],"inLanguage":"fr-FR"},{"@type":"Organization","@id":"https:\/\/mwc-cmm.org\/en\/#organization","name":"Mennonite World Conference","alternateName":"MWC","url":"https:\/\/mwc-cmm.org\/en\/","logo":{"@type":"ImageObject","inLanguage":"fr-FR","@id":"https:\/\/mwc-cmm.org\/en\/#\/schema\/logo\/image\/","url":"https:\/\/mwc-cmm.org\/wp-content\/uploads\/2026\/01\/MWC_Sig_Blue_Horiz_webheader1-logo.svg","contentUrl":"https:\/\/mwc-cmm.org\/wp-content\/uploads\/2026\/01\/MWC_Sig_Blue_Horiz_webheader1-logo.svg","width":786,"height":82,"caption":"Mennonite World Conference"},"image":{"@id":"https:\/\/mwc-cmm.org\/en\/#\/schema\/logo\/image\/"},"sameAs":["https:\/\/www.facebook.com\/MennoniteWorldConference","https:\/\/www.linkedin.com\/company\/mennonite-world-conference-mwc\/","https:\/\/www.instagram.com\/mwcmm\/","https:\/\/www.youtube.com\/user\/mwccmm","https:\/\/bsky.app\/profile\/mwcmm.bsky.social"]},{"@type":"Person","@id":"https:\/\/mwc-cmm.org\/en\/#\/schema\/person\/11f6ae0d7d1868ba20a1cc27f067c836","name":"mennworldcon","image":{"@type":"ImageObject","inLanguage":"fr-FR","@id":"https:\/\/secure.gravatar.com\/avatar\/06fdc0dc81c157dfdb82ec42f252178a22307808988d22c043f9eb96f1e0fe80?s=96&d=mm&r=g","url":"https:\/\/secure.gravatar.com\/avatar\/06fdc0dc81c157dfdb82ec42f252178a22307808988d22c043f9eb96f1e0fe80?s=96&d=mm&r=g","contentUrl":"https:\/\/secure.gravatar.com\/avatar\/06fdc0dc81c157dfdb82ec42f252178a22307808988d22c043f9eb96f1e0fe80?s=96&d=mm&r=g","caption":"mennworldcon"},"sameAs":["https:\/\/mwc-cmm.org"],"url":"https:\/\/mwc-cmm.org\/fr\/stories\/author\/mennworldcon\/"}]}},"_links":{"self":[{"href":"https:\/\/mwc-cmm.org\/fr\/wp-json\/wp\/v2\/posts\/10188","targetHints":{"allow":["GET"]}}],"collection":[{"href":"https:\/\/mwc-cmm.org\/fr\/wp-json\/wp\/v2\/posts"}],"about":[{"href":"https:\/\/mwc-cmm.org\/fr\/wp-json\/wp\/v2\/types\/post"}],"author":[{"embeddable":true,"href":"https:\/\/mwc-cmm.org\/fr\/wp-json\/wp\/v2\/users\/1"}],"replies":[{"embeddable":true,"href":"https:\/\/mwc-cmm.org\/fr\/wp-json\/wp\/v2\/comments?post=10188"}],"version-history":[{"count":0,"href":"https:\/\/mwc-cmm.org\/fr\/wp-json\/wp\/v2\/posts\/10188\/revisions"}],"wp:featuredmedia":[{"embeddable":true,"href":"https:\/\/mwc-cmm.org\/fr\/wp-json\/wp\/v2\/media\/92623"}],"wp:attachment":[{"href":"https:\/\/mwc-cmm.org\/fr\/wp-json\/wp\/v2\/media?parent=10188"}],"wp:term":[{"taxonomy":"category","embeddable":true,"href":"https:\/\/mwc-cmm.org\/fr\/wp-json\/wp\/v2\/categories?post=10188"},{"taxonomy":"post_tag","embeddable":true,"href":"https:\/\/mwc-cmm.org\/fr\/wp-json\/wp\/v2\/tags?post=10188"},{"taxonomy":"network","embeddable":true,"href":"https:\/\/mwc-cmm.org\/fr\/wp-json\/wp\/v2\/network?post=10188"},{"taxonomy":"eventcategory","embeddable":true,"href":"https:\/\/mwc-cmm.org\/fr\/wp-json\/wp\/v2\/eventcategory?post=10188"}],"curies":[{"name":"wp","href":"https:\/\/api.w.org\/{rel}","templated":true}]}}