{"id":10187,"date":"2020-08-31T00:00:00","date_gmt":"2020-08-31T00:00:00","guid":{"rendered":"https:\/\/mwc-cmm.org\/season-of-creation-2020-1-4\/"},"modified":"2024-12-10T17:17:13","modified_gmt":"2024-12-10T17:17:13","slug":"season-of-creation-2020-1-4","status":"publish","type":"post","link":"https:\/\/mwc-cmm.org\/fr\/stories\/season-of-creation-2020-1-4\/","title":{"rendered":"Temps de la Cr\u00e9ation 2020 \u2013 1"},"content":{"rendered":"<h2><strong>Humilit\u00e9<\/strong><\/h2>\n<p>Dieu de toute la Terre \u2013<\/p>\n<p>&nbsp;<\/p>\n<p>Fais-nous sortir, dehors, dans tes lieux saints.<\/p>\n<p>Am\u00e8ne-nous au-del\u00e0 de nos murs,<\/p>\n<p>l\u00e0 o\u00f9 nous pouvons voir nos voisins,<\/p>\n<p>dehors, au-del\u00e0 de nos potagers regorgeant de tomates m\u00fbres et de past\u00e8ques pr\u00eates \u00e0 \u00e9clater.<\/p>\n<p>Dehors, l\u00e0 o\u00f9 les fleurs ont \u00e9clos en p\u00e9tales jaunes et roses et<\/p>\n<p>o\u00f9 le vent les fait danser.<\/p>\n<p>Dehors, de la terre dont nous venons,<\/p>\n<p>l\u00e0 o\u00f9 les mots nous manquent pour d\u00e9crire<\/p>\n<p>ce que nous voyons et<\/p>\n<p>o\u00f9 nous ne pouvons que dire combien nous sommes petits.<\/p>\n<p>L\u00e0 \u2013 dehors \u2013 baisse-toi.<\/p>\n<p>Fais de la boue avec ta salive&nbsp;; \u00e9tale-la sur tes yeux.<\/p>\n<p>&nbsp;<\/p>\n<p>Et lorsque l\u2019argile s\u00e8che et se fissure,<\/p>\n<p>et que nous tournons nos visages vers ton vaste monde,<\/p>\n<p>que nous puissions y voir la gr\u00e2ce et non le d\u00e9sespoir<\/p>\n<p>et une r\u00e9colte si abondante qu\u2019elle nous bouleverse.<\/p>\n<p>&nbsp;<\/p>\n<p><em>Jennifer Schrock est l\u2019auteure de cette pri\u00e8re, inspir\u00e9e par un culte en plein-air \u00e0 l\u2019\u00e9glise de Berkey Avenue Mennonite Fellowship, Goshen, Indiana, USA. Jennifer Schrock est membre du <a href=\"\/fr\/node\/3653\">Groupe de travail pour la protection de la Cr\u00e9ation de la CMM<\/a>.&nbsp; <\/em><\/p>\n<table>\n<tbody>\n<tr>\n<td style=\"width:623px\">\n<p><em>Les chr\u00e9tiens du monde entier s\u2019unissent en esprit pour prendre soin de la cr\u00e9ation. La c\u00e9l\u00e9bration du #TempsdelaCr\u00e9ation aura lieu du 1er septembre au 4 octobre 2020.<\/em><\/p>\n<\/td>\n<\/tr>\n<\/tbody>\n<\/table>\n<hr \/>\n<table style=\"width:300px\">\n<tbody>\n<tr>\n<td>\n<h4><a href=\"http:\/\/mwc-cmm.org\/fr\/node\/3762\">Prieres de Temps de la Cr\u00e9ation<\/a><\/h4>\n<\/td>\n<\/tr>\n<\/tbody>\n<\/table>\n<p>&nbsp;<\/p>\n<table style=\"width:300px\">\n<tbody>\n<tr>\n<td>\n<h4><a href=\"http:\/\/mwc-cmm.org\/fr\/node\/3766\">Questionnaire sur le Groupe de travail de la CMM pour la protection de la cr\u00e9ation<\/a><\/h4>\n<\/td>\n<\/tr>\n<\/tbody>\n<\/table>\n<p><strong>Nous voulons votre avis&nbsp;!<\/strong><\/p>\n<p>Le groupe de travail pour la protection de la cr\u00e9ation vous demande de r\u00e9pondre \u00e0 ce questionnaire sur la protection de la cr\u00e9ation car nous avons besoin de votre avis&nbsp;! Le groupe de travail vient de commencer et nous consid\u00e9rons qu\u2019il est important de vous \u00e9couter, vous, les paroisses membres de la Conf\u00e9rence Mennonite Mondiale, \u00e0 propos de sujets comme la protection de la cr\u00e9ation et le changement climatique, entre autres. Votre opinion est essentielle pour que nous puissions \u00e9tablir un projet de protection de la cr\u00e9ation qui inclut les sujets que les \u00e9glises consid\u00e8rent prioritaires. Il nous est \u00e9galement utile de savoir quel genre de ressources les \u00e9glises aimeraient recevoir sur des sujets comme le changement climatique ou d\u2019autres formes de d\u00e9gradation de l\u2019environnement qui touchent nos \u00e9glises.<\/p>\n<p>Merci de prendre 15 minutes, seul ou avec d\u2019autres membres de votre paroisse, pour r\u00e9pondre \u00e0 ce questionnaire.&nbsp;<\/p>\n<p>Votre avis est pr\u00e9cieux&nbsp;; merci pour votre participation&nbsp;!<\/p>\n","protected":false},"excerpt":{"rendered":"<p>Humilit\u00e9 Dieu de toute la Terre \u2013 &nbsp; Fais-nous sortir, dehors, dans tes lieux saints. Am\u00e8ne-nous au-del\u00e0 de nos murs, l\u00e0 o\u00f9 nous pouvons voir nos voisins, dehors, au-del\u00e0 de nos potagers regorgeant de tomates m\u00fbres et de past\u00e8ques pr\u00eates \u00e0 \u00e9clater. Dehors, l\u00e0 o\u00f9 les fleurs ont \u00e9clos en p\u00e9tales jaunes et roses et [&hellip;]<\/p>\n","protected":false},"author":1,"featured_media":65004,"comment_status":"closed","ping_status":"closed","sticky":false,"template":"","format":"standard","meta":{"_acf_changed":false,"footnotes":""},"categories":[7],"tags":[],"network":[1307,1249],"eventcategory":[],"class_list":["post-10187","post","type-post","status-publish","format-standard","has-post-thumbnail","hentry","category-non-classifiee","network-courier-fr","network-creation-care-task-force-fr"],"acf":[],"yoast_head":"<!-- This site is optimized with the Yoast SEO plugin v27.2 - https:\/\/yoast.com\/product\/yoast-seo-wordpress\/ -->\n<title>Temps de la Cr\u00e9ation 2020 \u2013 1 - Mennonite World Conference<\/title>\n<meta name=\"robots\" content=\"index, follow, max-snippet:-1, max-image-preview:large, max-video-preview:-1\" \/>\n<link rel=\"canonical\" href=\"https:\/\/mwc-cmm.org\/en\/stories\/season-of-creation-2020-1-2\/\" \/>\n<meta property=\"og:locale\" content=\"fr_FR\" \/>\n<meta property=\"og:type\" content=\"article\" \/>\n<meta property=\"og:title\" content=\"Temps de la Cr\u00e9ation 2020 \u2013 1 - Mennonite World Conference\" \/>\n<meta property=\"og:description\" content=\"Humilit\u00e9 Dieu de toute la Terre \u2013 &nbsp; Fais-nous sortir, dehors, dans tes lieux saints. Am\u00e8ne-nous au-del\u00e0 de nos murs, l\u00e0 o\u00f9 nous pouvons voir nos voisins, dehors, au-del\u00e0 de nos potagers regorgeant de tomates m\u00fbres et de past\u00e8ques pr\u00eates \u00e0 \u00e9clater. Dehors, l\u00e0 o\u00f9 les fleurs ont \u00e9clos en p\u00e9tales jaunes et roses et [&hellip;]\" \/>\n<meta property=\"og:url\" content=\"https:\/\/mwc-cmm.org\/en\/stories\/season-of-creation-2020-1-2\/\" \/>\n<meta property=\"og:site_name\" content=\"Mennonite World Conference\" \/>\n<meta property=\"article:publisher\" content=\"https:\/\/www.facebook.com\/MennoniteWorldConference\" \/>\n<meta property=\"article:published_time\" content=\"2020-08-31T00:00:00+00:00\" \/>\n<meta property=\"article:modified_time\" content=\"2024-12-10T17:17:13+00:00\" \/>\n<meta property=\"og:image\" content=\"https:\/\/mwc-cmm.org\/wp-content\/uploads\/2024\/11\/img_4087-scaled.jpg\" \/>\n\t<meta property=\"og:image:width\" content=\"2560\" \/>\n\t<meta property=\"og:image:height\" content=\"1707\" \/>\n\t<meta property=\"og:image:type\" content=\"image\/jpeg\" \/>\n<meta name=\"author\" content=\"mennworldcon\" \/>\n<script type=\"application\/ld+json\" class=\"yoast-schema-graph\">{\"@context\":\"https:\/\/schema.org\",\"@graph\":[{\"@type\":\"Article\",\"@id\":\"https:\/\/mwc-cmm.org\/en\/stories\/season-of-creation-2020-1-2\/#article\",\"isPartOf\":{\"@id\":\"https:\/\/mwc-cmm.org\/en\/stories\/season-of-creation-2020-1-2\/\"},\"author\":{\"name\":\"mennworldcon\",\"@id\":\"https:\/\/mwc-cmm.org\/en\/#\/schema\/person\/11f6ae0d7d1868ba20a1cc27f067c836\"},\"headline\":\"Temps de la Cr\u00e9ation 2020 \u2013 1\",\"datePublished\":\"2020-08-31T00:00:00+00:00\",\"dateModified\":\"2024-12-10T17:17:13+00:00\",\"mainEntityOfPage\":{\"@id\":\"https:\/\/mwc-cmm.org\/en\/stories\/season-of-creation-2020-1-2\/\"},\"wordCount\":434,\"publisher\":{\"@id\":\"https:\/\/mwc-cmm.org\/en\/#organization\"},\"image\":{\"@id\":\"https:\/\/mwc-cmm.org\/en\/stories\/season-of-creation-2020-1-2\/#primaryimage\"},\"thumbnailUrl\":\"https:\/\/mwc-cmm.org\/wp-content\/uploads\/2024\/11\/img_4087-scaled.jpg\",\"articleSection\":[\"Non classifi\u00e9(e)\"],\"inLanguage\":\"fr-FR\"},{\"@type\":\"WebPage\",\"@id\":\"https:\/\/mwc-cmm.org\/en\/stories\/season-of-creation-2020-1-2\/\",\"url\":\"https:\/\/mwc-cmm.org\/en\/stories\/season-of-creation-2020-1-2\/\",\"name\":\"Temps de la Cr\u00e9ation 2020 \u2013 1 - Mennonite World Conference\",\"isPartOf\":{\"@id\":\"https:\/\/mwc-cmm.org\/en\/#website\"},\"primaryImageOfPage\":{\"@id\":\"https:\/\/mwc-cmm.org\/en\/stories\/season-of-creation-2020-1-2\/#primaryimage\"},\"image\":{\"@id\":\"https:\/\/mwc-cmm.org\/en\/stories\/season-of-creation-2020-1-2\/#primaryimage\"},\"thumbnailUrl\":\"https:\/\/mwc-cmm.org\/wp-content\/uploads\/2024\/11\/img_4087-scaled.jpg\",\"datePublished\":\"2020-08-31T00:00:00+00:00\",\"dateModified\":\"2024-12-10T17:17:13+00:00\",\"breadcrumb\":{\"@id\":\"https:\/\/mwc-cmm.org\/en\/stories\/season-of-creation-2020-1-2\/#breadcrumb\"},\"inLanguage\":\"fr-FR\",\"potentialAction\":[{\"@type\":\"ReadAction\",\"target\":[\"https:\/\/mwc-cmm.org\/en\/stories\/season-of-creation-2020-1-2\/\"]}]},{\"@type\":\"ImageObject\",\"inLanguage\":\"fr-FR\",\"@id\":\"https:\/\/mwc-cmm.org\/en\/stories\/season-of-creation-2020-1-2\/#primaryimage\",\"url\":\"https:\/\/mwc-cmm.org\/wp-content\/uploads\/2024\/11\/img_4087-scaled.jpg\",\"contentUrl\":\"https:\/\/mwc-cmm.org\/wp-content\/uploads\/2024\/11\/img_4087-scaled.jpg\",\"width\":2560,\"height\":1707},{\"@type\":\"BreadcrumbList\",\"@id\":\"https:\/\/mwc-cmm.org\/en\/stories\/season-of-creation-2020-1-2\/#breadcrumb\",\"itemListElement\":[{\"@type\":\"ListItem\",\"position\":1,\"name\":\"Home\",\"item\":\"https:\/\/mwc-cmm.org\/fr\/\"},{\"@type\":\"ListItem\",\"position\":2,\"name\":\"Temps de la Cr\u00e9ation 2020 \u2013 1\"}]},{\"@type\":\"WebSite\",\"@id\":\"https:\/\/mwc-cmm.org\/en\/#website\",\"url\":\"https:\/\/mwc-cmm.org\/en\/\",\"name\":\"Mennonite World Conference\",\"description\":\"A communion of Anabaptist-related churches\",\"publisher\":{\"@id\":\"https:\/\/mwc-cmm.org\/en\/#organization\"},\"alternateName\":\"MWC\",\"potentialAction\":[{\"@type\":\"SearchAction\",\"target\":{\"@type\":\"EntryPoint\",\"urlTemplate\":\"https:\/\/mwc-cmm.org\/en\/?s={search_term_string}\"},\"query-input\":{\"@type\":\"PropertyValueSpecification\",\"valueRequired\":true,\"valueName\":\"search_term_string\"}}],\"inLanguage\":\"fr-FR\"},{\"@type\":\"Organization\",\"@id\":\"https:\/\/mwc-cmm.org\/en\/#organization\",\"name\":\"Mennonite World Conference\",\"alternateName\":\"MWC\",\"url\":\"https:\/\/mwc-cmm.org\/en\/\",\"logo\":{\"@type\":\"ImageObject\",\"inLanguage\":\"fr-FR\",\"@id\":\"https:\/\/mwc-cmm.org\/en\/#\/schema\/logo\/image\/\",\"url\":\"https:\/\/mwc-cmm.org\/wp-content\/uploads\/2026\/01\/MWC_Sig_Blue_Horiz_webheader1-logo.svg\",\"contentUrl\":\"https:\/\/mwc-cmm.org\/wp-content\/uploads\/2026\/01\/MWC_Sig_Blue_Horiz_webheader1-logo.svg\",\"width\":786,\"height\":82,\"caption\":\"Mennonite World Conference\"},\"image\":{\"@id\":\"https:\/\/mwc-cmm.org\/en\/#\/schema\/logo\/image\/\"},\"sameAs\":[\"https:\/\/www.facebook.com\/MennoniteWorldConference\",\"https:\/\/www.linkedin.com\/company\/mennonite-world-conference-mwc\/\",\"https:\/\/www.instagram.com\/mwcmm\/\",\"https:\/\/www.youtube.com\/user\/mwccmm\",\"https:\/\/bsky.app\/profile\/mwcmm.bsky.social\"]},{\"@type\":\"Person\",\"@id\":\"https:\/\/mwc-cmm.org\/en\/#\/schema\/person\/11f6ae0d7d1868ba20a1cc27f067c836\",\"name\":\"mennworldcon\",\"image\":{\"@type\":\"ImageObject\",\"inLanguage\":\"fr-FR\",\"@id\":\"https:\/\/secure.gravatar.com\/avatar\/06fdc0dc81c157dfdb82ec42f252178a22307808988d22c043f9eb96f1e0fe80?s=96&d=mm&r=g\",\"url\":\"https:\/\/secure.gravatar.com\/avatar\/06fdc0dc81c157dfdb82ec42f252178a22307808988d22c043f9eb96f1e0fe80?s=96&d=mm&r=g\",\"contentUrl\":\"https:\/\/secure.gravatar.com\/avatar\/06fdc0dc81c157dfdb82ec42f252178a22307808988d22c043f9eb96f1e0fe80?s=96&d=mm&r=g\",\"caption\":\"mennworldcon\"},\"sameAs\":[\"https:\/\/mwc-cmm.org\"],\"url\":\"https:\/\/mwc-cmm.org\/fr\/stories\/author\/mennworldcon\/\"}]}<\/script>\n<!-- \/ Yoast SEO plugin. -->","yoast_head_json":{"title":"Temps de la Cr\u00e9ation 2020 \u2013 1 - Mennonite World Conference","robots":{"index":"index","follow":"follow","max-snippet":"max-snippet:-1","max-image-preview":"max-image-preview:large","max-video-preview":"max-video-preview:-1"},"canonical":"https:\/\/mwc-cmm.org\/en\/stories\/season-of-creation-2020-1-2\/","og_locale":"fr_FR","og_type":"article","og_title":"Temps de la Cr\u00e9ation 2020 \u2013 1 - Mennonite World Conference","og_description":"Humilit\u00e9 Dieu de toute la Terre \u2013 &nbsp; Fais-nous sortir, dehors, dans tes lieux saints. Am\u00e8ne-nous au-del\u00e0 de nos murs, l\u00e0 o\u00f9 nous pouvons voir nos voisins, dehors, au-del\u00e0 de nos potagers regorgeant de tomates m\u00fbres et de past\u00e8ques pr\u00eates \u00e0 \u00e9clater. Dehors, l\u00e0 o\u00f9 les fleurs ont \u00e9clos en p\u00e9tales jaunes et roses et [&hellip;]","og_url":"https:\/\/mwc-cmm.org\/en\/stories\/season-of-creation-2020-1-2\/","og_site_name":"Mennonite World Conference","article_publisher":"https:\/\/www.facebook.com\/MennoniteWorldConference","article_published_time":"2020-08-31T00:00:00+00:00","article_modified_time":"2024-12-10T17:17:13+00:00","og_image":[{"width":2560,"height":1707,"url":"https:\/\/mwc-cmm.org\/wp-content\/uploads\/2024\/11\/img_4087-scaled.jpg","type":"image\/jpeg"}],"author":"mennworldcon","schema":{"@context":"https:\/\/schema.org","@graph":[{"@type":"Article","@id":"https:\/\/mwc-cmm.org\/en\/stories\/season-of-creation-2020-1-2\/#article","isPartOf":{"@id":"https:\/\/mwc-cmm.org\/en\/stories\/season-of-creation-2020-1-2\/"},"author":{"name":"mennworldcon","@id":"https:\/\/mwc-cmm.org\/en\/#\/schema\/person\/11f6ae0d7d1868ba20a1cc27f067c836"},"headline":"Temps de la Cr\u00e9ation 2020 \u2013 1","datePublished":"2020-08-31T00:00:00+00:00","dateModified":"2024-12-10T17:17:13+00:00","mainEntityOfPage":{"@id":"https:\/\/mwc-cmm.org\/en\/stories\/season-of-creation-2020-1-2\/"},"wordCount":434,"publisher":{"@id":"https:\/\/mwc-cmm.org\/en\/#organization"},"image":{"@id":"https:\/\/mwc-cmm.org\/en\/stories\/season-of-creation-2020-1-2\/#primaryimage"},"thumbnailUrl":"https:\/\/mwc-cmm.org\/wp-content\/uploads\/2024\/11\/img_4087-scaled.jpg","articleSection":["Non classifi\u00e9(e)"],"inLanguage":"fr-FR"},{"@type":"WebPage","@id":"https:\/\/mwc-cmm.org\/en\/stories\/season-of-creation-2020-1-2\/","url":"https:\/\/mwc-cmm.org\/en\/stories\/season-of-creation-2020-1-2\/","name":"Temps de la Cr\u00e9ation 2020 \u2013 1 - Mennonite World Conference","isPartOf":{"@id":"https:\/\/mwc-cmm.org\/en\/#website"},"primaryImageOfPage":{"@id":"https:\/\/mwc-cmm.org\/en\/stories\/season-of-creation-2020-1-2\/#primaryimage"},"image":{"@id":"https:\/\/mwc-cmm.org\/en\/stories\/season-of-creation-2020-1-2\/#primaryimage"},"thumbnailUrl":"https:\/\/mwc-cmm.org\/wp-content\/uploads\/2024\/11\/img_4087-scaled.jpg","datePublished":"2020-08-31T00:00:00+00:00","dateModified":"2024-12-10T17:17:13+00:00","breadcrumb":{"@id":"https:\/\/mwc-cmm.org\/en\/stories\/season-of-creation-2020-1-2\/#breadcrumb"},"inLanguage":"fr-FR","potentialAction":[{"@type":"ReadAction","target":["https:\/\/mwc-cmm.org\/en\/stories\/season-of-creation-2020-1-2\/"]}]},{"@type":"ImageObject","inLanguage":"fr-FR","@id":"https:\/\/mwc-cmm.org\/en\/stories\/season-of-creation-2020-1-2\/#primaryimage","url":"https:\/\/mwc-cmm.org\/wp-content\/uploads\/2024\/11\/img_4087-scaled.jpg","contentUrl":"https:\/\/mwc-cmm.org\/wp-content\/uploads\/2024\/11\/img_4087-scaled.jpg","width":2560,"height":1707},{"@type":"BreadcrumbList","@id":"https:\/\/mwc-cmm.org\/en\/stories\/season-of-creation-2020-1-2\/#breadcrumb","itemListElement":[{"@type":"ListItem","position":1,"name":"Home","item":"https:\/\/mwc-cmm.org\/fr\/"},{"@type":"ListItem","position":2,"name":"Temps de la Cr\u00e9ation 2020 \u2013 1"}]},{"@type":"WebSite","@id":"https:\/\/mwc-cmm.org\/en\/#website","url":"https:\/\/mwc-cmm.org\/en\/","name":"Mennonite World Conference","description":"A communion of Anabaptist-related churches","publisher":{"@id":"https:\/\/mwc-cmm.org\/en\/#organization"},"alternateName":"MWC","potentialAction":[{"@type":"SearchAction","target":{"@type":"EntryPoint","urlTemplate":"https:\/\/mwc-cmm.org\/en\/?s={search_term_string}"},"query-input":{"@type":"PropertyValueSpecification","valueRequired":true,"valueName":"search_term_string"}}],"inLanguage":"fr-FR"},{"@type":"Organization","@id":"https:\/\/mwc-cmm.org\/en\/#organization","name":"Mennonite World Conference","alternateName":"MWC","url":"https:\/\/mwc-cmm.org\/en\/","logo":{"@type":"ImageObject","inLanguage":"fr-FR","@id":"https:\/\/mwc-cmm.org\/en\/#\/schema\/logo\/image\/","url":"https:\/\/mwc-cmm.org\/wp-content\/uploads\/2026\/01\/MWC_Sig_Blue_Horiz_webheader1-logo.svg","contentUrl":"https:\/\/mwc-cmm.org\/wp-content\/uploads\/2026\/01\/MWC_Sig_Blue_Horiz_webheader1-logo.svg","width":786,"height":82,"caption":"Mennonite World Conference"},"image":{"@id":"https:\/\/mwc-cmm.org\/en\/#\/schema\/logo\/image\/"},"sameAs":["https:\/\/www.facebook.com\/MennoniteWorldConference","https:\/\/www.linkedin.com\/company\/mennonite-world-conference-mwc\/","https:\/\/www.instagram.com\/mwcmm\/","https:\/\/www.youtube.com\/user\/mwccmm","https:\/\/bsky.app\/profile\/mwcmm.bsky.social"]},{"@type":"Person","@id":"https:\/\/mwc-cmm.org\/en\/#\/schema\/person\/11f6ae0d7d1868ba20a1cc27f067c836","name":"mennworldcon","image":{"@type":"ImageObject","inLanguage":"fr-FR","@id":"https:\/\/secure.gravatar.com\/avatar\/06fdc0dc81c157dfdb82ec42f252178a22307808988d22c043f9eb96f1e0fe80?s=96&d=mm&r=g","url":"https:\/\/secure.gravatar.com\/avatar\/06fdc0dc81c157dfdb82ec42f252178a22307808988d22c043f9eb96f1e0fe80?s=96&d=mm&r=g","contentUrl":"https:\/\/secure.gravatar.com\/avatar\/06fdc0dc81c157dfdb82ec42f252178a22307808988d22c043f9eb96f1e0fe80?s=96&d=mm&r=g","caption":"mennworldcon"},"sameAs":["https:\/\/mwc-cmm.org"],"url":"https:\/\/mwc-cmm.org\/fr\/stories\/author\/mennworldcon\/"}]}},"_links":{"self":[{"href":"https:\/\/mwc-cmm.org\/fr\/wp-json\/wp\/v2\/posts\/10187","targetHints":{"allow":["GET"]}}],"collection":[{"href":"https:\/\/mwc-cmm.org\/fr\/wp-json\/wp\/v2\/posts"}],"about":[{"href":"https:\/\/mwc-cmm.org\/fr\/wp-json\/wp\/v2\/types\/post"}],"author":[{"embeddable":true,"href":"https:\/\/mwc-cmm.org\/fr\/wp-json\/wp\/v2\/users\/1"}],"replies":[{"embeddable":true,"href":"https:\/\/mwc-cmm.org\/fr\/wp-json\/wp\/v2\/comments?post=10187"}],"version-history":[{"count":0,"href":"https:\/\/mwc-cmm.org\/fr\/wp-json\/wp\/v2\/posts\/10187\/revisions"}],"wp:featuredmedia":[{"embeddable":true,"href":"https:\/\/mwc-cmm.org\/fr\/wp-json\/wp\/v2\/media\/65004"}],"wp:attachment":[{"href":"https:\/\/mwc-cmm.org\/fr\/wp-json\/wp\/v2\/media?parent=10187"}],"wp:term":[{"taxonomy":"category","embeddable":true,"href":"https:\/\/mwc-cmm.org\/fr\/wp-json\/wp\/v2\/categories?post=10187"},{"taxonomy":"post_tag","embeddable":true,"href":"https:\/\/mwc-cmm.org\/fr\/wp-json\/wp\/v2\/tags?post=10187"},{"taxonomy":"network","embeddable":true,"href":"https:\/\/mwc-cmm.org\/fr\/wp-json\/wp\/v2\/network?post=10187"},{"taxonomy":"eventcategory","embeddable":true,"href":"https:\/\/mwc-cmm.org\/fr\/wp-json\/wp\/v2\/eventcategory?post=10187"}],"curies":[{"name":"wp","href":"https:\/\/api.w.org\/{rel}","templated":true}]}}