{"id":10182,"date":"2020-08-12T00:00:00","date_gmt":"2020-08-12T00:00:00","guid":{"rendered":"https:\/\/mwc-cmm.org\/peace-in-my-heart-4\/"},"modified":"2024-12-10T17:17:10","modified_gmt":"2024-12-10T17:17:10","slug":"ela-paix-dans-mon-cuure","status":"publish","type":"post","link":"https:\/\/mwc-cmm.org\/fr\/stories\/ela-paix-dans-mon-cuure\/","title":{"rendered":"\u2018La paix dans mon c\u0153ur\u2019"},"content":{"rendered":"<p><em>Verso 1: Esuno Kokoro uchini (El coraz\u00f3n de Jes\u00fas est\u00e1 reflejado en mi coraz\u00f3n) <\/em><\/p>\n<p><em>Verso 2: Esuno Heiwa uchini (Tengo la paz de Jes\u00fas en mi coraz\u00f3n).&nbsp;&nbsp;<\/em><\/p>\n<p>Mitsuru Ishido a \u00e9crit ce chant pour encourager Nasu Keiko, autre membre de l\u2019assembl\u00e9e mennonite, qui coud des masques pour les donner aux r\u00e9fugi\u00e9s, aux \u00e9tudiants \u00e9trangers et \u00e0 un membre de l\u2019\u00e9glise souffrant de probl\u00e8mes pulmonaires. Il a bas\u00e9 la musique sur l\u2019\u00e9chelle pentatonique d\u2019Okinawa et la joue sur le sanshin, un instrument japonais traditionnel utilis\u00e9 dans la r\u00e9gion de l\u2019\u00eele d\u2019Okinawa au Japon.<\/p>\n<p>Okinawa a une histoire de paix et de guerre. Autrefois Royaume de Ryukyu, c\u2019\u00e9tait une \u00eele pacifique et sans armes. Pendant 300 ans, Ryukyu a gard\u00e9 son ind\u00e9pendance gr\u00e2ce \u00e0 sa diplomatie de la musique et de la danse plut\u00f4t que de l\u2019\u00e9p\u00e9e.<\/p>\n<p>Le c\u0153ur de J\u00e9sus en tant que \u2018prince de la paix\u2019 et le \u2018c\u0153ur de la paix\u2019 des \u00eeles de Ryukyu ont ce m\u00eame t\u00e9moignage. J\u2019ai donc essay\u00e9 d\u2019utiliser l\u2019\u00e9chelle traditionnelle de Ryukyu [pour composer un chant chr\u00e9tien]. Je joue ce chant sur le shamisen d\u2019Okinawa (sanshin), un instrument \u00e0 trois cordes avec un tambour en peau de serpent.<\/p>\n<figure class=\"image\" style=\"float:left\"><img decoding=\"async\" alt=\"\" height=\"346\" data-src=\"https:\/\/mwc-cmm.org\/wp-content\/uploads\/2024\/10\/50038980477_23140c9c95_o.jpg\" width=\"200\" src=\"data:image\/svg+xml;base64,PHN2ZyB3aWR0aD0iMSIgaGVpZ2h0PSIxIiB4bWxucz0iaHR0cDovL3d3dy53My5vcmcvMjAwMC9zdmciPjwvc3ZnPg==\" class=\"lazyload\" style=\"--smush-placeholder-width: 200px; --smush-placeholder-aspect-ratio: 200\/346;\" \/><figcaption>Mitsuru Ishido avec un sanshin, un instrument \u00e0 trois cordes,<br \/>\nutilis\u00e9 dans la r\u00e9gion de l\u2019\u00eele d\u2019Okinawa au Japon.<\/figcaption><\/figure>\n<p>De nos jours, le royaume Ryukyu est annex\u00e9 au Shimadzu Han du Japon. Avant la seconde Guerre mondiale, on y fabriquait du mat\u00e9riel militaire, et aujourd\u2019hui, une base strat\u00e9gique appel\u00e9e \u2018Cl\u00e9 de vo\u00fbte du Pacifique\u2019 y a \u00e9t\u00e9 construite, \u00e0 l\u2019oppos\u00e9 des traditions de paix de l\u2019\u00eele.<\/p>\n<p>Pendant la seconde Guerre mondiale, la bataille terrestre la plus intense au Japon a eu lieu \u00e0 Okinawa. La protection du quartier g\u00e9n\u00e9ral principal de la partie continentale de Tokyo a entra\u00een\u00e9 la mort de nombreux civils et de soldats (au cours de longues op\u00e9rations). Ils s\u2019\u00e9taient cach\u00e9s dans des grottes de calcaire appel\u00e9es Gama, mais \u00e0 la fin, les civils ont \u00e9t\u00e9 forc\u00e9s de choisir la mort plut\u00f4t que d\u2019\u00eatre pris par l\u2019ennemi et de potentiellement divulguer des informations. Cela a conduit \u00e0 l\u2019ordre de \u2018l\u2019autod\u00e9termination de masse.\u2019 Les hommes devaient tuer leur m\u00e8re ou leur fille et finalement ils tentaient de se suicider. C\u2019est une trag\u00e9die qui a laiss\u00e9 de profondes s\u00e9quelles.<\/p>\n<p>Apr\u00e8s la guerre, les habitants de l\u2019\u00eele ont \u00e9t\u00e9 d\u00e9tenus dans des camps de concentration. Ils ont beaucoup souffert de la faim car les militaires de la base am\u00e9ricaine s\u2019\u00e9taient empar\u00e9s des maisons et des champs. Cependant, tout en survivant p\u00e9niblement dans les camps de concentration, les prisonniers d\u2019Okinawa ont puis\u00e9 dans leur tradition de paix par la musique. Ils ont surv\u00e9cu en cr\u00e9ant des instruments de musique fabriqu\u00e9s \u00e0 partir de bo\u00eetes ramass\u00e9es dans les tas d\u2019ordures. Ils les ont appel\u00e9s Trash Can Sanshin. L\u2019esprit de la musique et de la paix d\u2019Okinawa n\u2019est jamais mort. Bien que pi\u00e9ti\u00e9 \u00e0 plusieurs reprises, le d\u00e9sir de vivre fond\u00e9 sur la paix et la musique a maintenu leur musique jusqu\u2019\u00e0 nos jours.<\/p>\n<p><em>\u2014Mitsuru Ishido est le repr\u00e9sentant au Conseil G\u00e9n\u00e9ral de Tokyo Chiku Menonaito Kyokai Rengo, une paroisse mennonite du Japon.<\/em><\/p>\n<p>&nbsp;<\/p>\n<p>Cette histoire a \u00e9t\u00e9 publi\u00e9e dans le <a href=\"https:\/\/mwc-cmm.org\/resources\/peace-sunday-2020-worship-resources?language=fr\">Materiel pour le culte du dimanche de la paix 2020<\/a><\/p>\n<h4><a href=\"\/fr\/node\/3636\">Cliquez ici pour \u00e9couter la chanson de Mitsuru Ishido<\/a><\/h4>\n","protected":false},"excerpt":{"rendered":"<p><em>Esuno Kokoro uchini (El coraz\u00f3n de Jes\u00fas est\u00e1 reflejado en mi coraz\u00f3n). Esuno Heiwa uchini (Tengo la paz de Jes\u00fas en mi coraz\u00f3n).&nbsp;<\/em>Mitsuru Ishido a \u00e9crit ce chant pour encourager Nasu Keiko, autre membre de l\u2019assembl\u00e9e mennonite, qui coud des masques pour les donner aux r\u00e9fugi\u00e9s, aux \u00e9tudiants \u00e9trangers et \u00e0 un membre de l\u2019\u00e9glise souffrant de probl\u00e8mes pulmonaires.<\/p>\n","protected":false},"author":1,"featured_media":92553,"comment_status":"closed","ping_status":"closed","sticky":false,"template":"","format":"standard","meta":{"_acf_changed":false,"footnotes":""},"categories":[7],"tags":[],"network":[1254],"eventcategory":[],"class_list":["post-10182","post","type-post","status-publish","format-standard","has-post-thumbnail","hentry","category-non-classifiee","network-peace-commission-fr"],"acf":[],"yoast_head":"<!-- This site is optimized with the Yoast SEO plugin v27.5 - https:\/\/yoast.com\/product\/yoast-seo-wordpress\/ -->\n<title>\u2018La paix dans mon c\u0153ur\u2019 - Mennonite World Conference<\/title>\n<meta name=\"robots\" content=\"index, follow, max-snippet:-1, max-image-preview:large, max-video-preview:-1\" \/>\n<link rel=\"canonical\" href=\"https:\/\/mwc-cmm.org\/fr\/stories\/ela-paix-dans-mon-cuure\/\" \/>\n<meta property=\"og:locale\" content=\"fr_FR\" \/>\n<meta property=\"og:type\" content=\"article\" \/>\n<meta property=\"og:title\" content=\"\u2018La paix dans mon c\u0153ur\u2019 - Mennonite World Conference\" \/>\n<meta property=\"og:description\" content=\"Esuno Kokoro uchini (El coraz\u00f3n de Jes\u00fas est\u00e1 reflejado en mi coraz\u00f3n). Esuno Heiwa uchini (Tengo la paz de Jes\u00fas en mi coraz\u00f3n).&nbsp;Mitsuru Ishido a \u00e9crit ce chant pour encourager Nasu Keiko, autre membre de l\u2019assembl\u00e9e mennonite, qui coud des masques pour les donner aux r\u00e9fugi\u00e9s, aux \u00e9tudiants \u00e9trangers et \u00e0 un membre de l\u2019\u00e9glise souffrant de probl\u00e8mes pulmonaires.\" \/>\n<meta property=\"og:url\" content=\"https:\/\/mwc-cmm.org\/fr\/stories\/ela-paix-dans-mon-cuure\/\" \/>\n<meta property=\"og:site_name\" content=\"Mennonite World Conference\" \/>\n<meta property=\"article:publisher\" content=\"https:\/\/www.facebook.com\/MennoniteWorldConference\" \/>\n<meta property=\"article:published_time\" content=\"2020-08-12T00:00:00+00:00\" \/>\n<meta property=\"article:modified_time\" content=\"2024-12-10T17:17:10+00:00\" \/>\n<meta property=\"og:image\" content=\"https:\/\/mwc-cmm.org\/wp-content\/uploads\/2024\/11\/headshot_japan.jpg\" \/>\n\t<meta property=\"og:image:width\" content=\"1076\" \/>\n\t<meta property=\"og:image:height\" content=\"808\" \/>\n\t<meta property=\"og:image:type\" content=\"image\/jpeg\" \/>\n<meta name=\"author\" content=\"mennworldcon\" \/>\n<script type=\"application\/ld+json\" class=\"yoast-schema-graph\">{\"@context\":\"https:\\\/\\\/schema.org\",\"@graph\":[{\"@type\":\"Article\",\"@id\":\"https:\\\/\\\/mwc-cmm.org\\\/fr\\\/stories\\\/ela-paix-dans-mon-cuure\\\/#article\",\"isPartOf\":{\"@id\":\"https:\\\/\\\/mwc-cmm.org\\\/fr\\\/stories\\\/ela-paix-dans-mon-cuure\\\/\"},\"author\":{\"name\":\"mennworldcon\",\"@id\":\"https:\\\/\\\/mwc-cmm.org\\\/en\\\/#\\\/schema\\\/person\\\/11f6ae0d7d1868ba20a1cc27f067c836\"},\"headline\":\"\u2018La paix dans mon c\u0153ur\u2019\",\"datePublished\":\"2020-08-12T00:00:00+00:00\",\"dateModified\":\"2024-12-10T17:17:10+00:00\",\"mainEntityOfPage\":{\"@id\":\"https:\\\/\\\/mwc-cmm.org\\\/fr\\\/stories\\\/ela-paix-dans-mon-cuure\\\/\"},\"wordCount\":619,\"publisher\":{\"@id\":\"https:\\\/\\\/mwc-cmm.org\\\/en\\\/#organization\"},\"image\":{\"@id\":\"https:\\\/\\\/mwc-cmm.org\\\/fr\\\/stories\\\/ela-paix-dans-mon-cuure\\\/#primaryimage\"},\"thumbnailUrl\":\"https:\\\/\\\/mwc-cmm.org\\\/wp-content\\\/uploads\\\/2024\\\/11\\\/headshot_japan.jpg\",\"articleSection\":[\"Non classifi\u00e9(e)\"],\"inLanguage\":\"fr-FR\"},{\"@type\":\"WebPage\",\"@id\":\"https:\\\/\\\/mwc-cmm.org\\\/fr\\\/stories\\\/ela-paix-dans-mon-cuure\\\/\",\"url\":\"https:\\\/\\\/mwc-cmm.org\\\/fr\\\/stories\\\/ela-paix-dans-mon-cuure\\\/\",\"name\":\"\u2018La paix dans mon c\u0153ur\u2019 - Mennonite World Conference\",\"isPartOf\":{\"@id\":\"https:\\\/\\\/mwc-cmm.org\\\/en\\\/#website\"},\"primaryImageOfPage\":{\"@id\":\"https:\\\/\\\/mwc-cmm.org\\\/fr\\\/stories\\\/ela-paix-dans-mon-cuure\\\/#primaryimage\"},\"image\":{\"@id\":\"https:\\\/\\\/mwc-cmm.org\\\/fr\\\/stories\\\/ela-paix-dans-mon-cuure\\\/#primaryimage\"},\"thumbnailUrl\":\"https:\\\/\\\/mwc-cmm.org\\\/wp-content\\\/uploads\\\/2024\\\/11\\\/headshot_japan.jpg\",\"datePublished\":\"2020-08-12T00:00:00+00:00\",\"dateModified\":\"2024-12-10T17:17:10+00:00\",\"breadcrumb\":{\"@id\":\"https:\\\/\\\/mwc-cmm.org\\\/fr\\\/stories\\\/ela-paix-dans-mon-cuure\\\/#breadcrumb\"},\"inLanguage\":\"fr-FR\",\"potentialAction\":[{\"@type\":\"ReadAction\",\"target\":[\"https:\\\/\\\/mwc-cmm.org\\\/fr\\\/stories\\\/ela-paix-dans-mon-cuure\\\/\"]}]},{\"@type\":\"ImageObject\",\"inLanguage\":\"fr-FR\",\"@id\":\"https:\\\/\\\/mwc-cmm.org\\\/fr\\\/stories\\\/ela-paix-dans-mon-cuure\\\/#primaryimage\",\"url\":\"https:\\\/\\\/mwc-cmm.org\\\/wp-content\\\/uploads\\\/2024\\\/11\\\/headshot_japan.jpg\",\"contentUrl\":\"https:\\\/\\\/mwc-cmm.org\\\/wp-content\\\/uploads\\\/2024\\\/11\\\/headshot_japan.jpg\",\"width\":1076,\"height\":808},{\"@type\":\"BreadcrumbList\",\"@id\":\"https:\\\/\\\/mwc-cmm.org\\\/fr\\\/stories\\\/ela-paix-dans-mon-cuure\\\/#breadcrumb\",\"itemListElement\":[{\"@type\":\"ListItem\",\"position\":1,\"name\":\"Home\",\"item\":\"https:\\\/\\\/mwc-cmm.org\\\/fr\\\/\"},{\"@type\":\"ListItem\",\"position\":2,\"name\":\"\u2018La paix dans mon c\u0153ur\u2019\"}]},{\"@type\":\"WebSite\",\"@id\":\"https:\\\/\\\/mwc-cmm.org\\\/en\\\/#website\",\"url\":\"https:\\\/\\\/mwc-cmm.org\\\/en\\\/\",\"name\":\"Mennonite World Conference\",\"description\":\"A communion of Anabaptist-related churches\",\"publisher\":{\"@id\":\"https:\\\/\\\/mwc-cmm.org\\\/en\\\/#organization\"},\"alternateName\":\"MWC\",\"potentialAction\":[{\"@type\":\"SearchAction\",\"target\":{\"@type\":\"EntryPoint\",\"urlTemplate\":\"https:\\\/\\\/mwc-cmm.org\\\/en\\\/?s={search_term_string}\"},\"query-input\":{\"@type\":\"PropertyValueSpecification\",\"valueRequired\":true,\"valueName\":\"search_term_string\"}}],\"inLanguage\":\"fr-FR\"},{\"@type\":\"Organization\",\"@id\":\"https:\\\/\\\/mwc-cmm.org\\\/en\\\/#organization\",\"name\":\"Mennonite World Conference\",\"alternateName\":\"MWC\",\"url\":\"https:\\\/\\\/mwc-cmm.org\\\/en\\\/\",\"logo\":{\"@type\":\"ImageObject\",\"inLanguage\":\"fr-FR\",\"@id\":\"https:\\\/\\\/mwc-cmm.org\\\/en\\\/#\\\/schema\\\/logo\\\/image\\\/\",\"url\":\"https:\\\/\\\/mwc-cmm.org\\\/wp-content\\\/uploads\\\/2026\\\/01\\\/MWC_Sig_Blue_Horiz_webheader1-logo.svg\",\"contentUrl\":\"https:\\\/\\\/mwc-cmm.org\\\/wp-content\\\/uploads\\\/2026\\\/01\\\/MWC_Sig_Blue_Horiz_webheader1-logo.svg\",\"width\":786,\"height\":82,\"caption\":\"Mennonite World Conference\"},\"image\":{\"@id\":\"https:\\\/\\\/mwc-cmm.org\\\/en\\\/#\\\/schema\\\/logo\\\/image\\\/\"},\"sameAs\":[\"https:\\\/\\\/www.facebook.com\\\/MennoniteWorldConference\",\"https:\\\/\\\/www.linkedin.com\\\/company\\\/mennonite-world-conference-mwc\\\/\",\"https:\\\/\\\/www.instagram.com\\\/mwcmm\\\/\",\"https:\\\/\\\/www.youtube.com\\\/user\\\/mwccmm\",\"https:\\\/\\\/bsky.app\\\/profile\\\/mwcmm.bsky.social\"]},{\"@type\":\"Person\",\"@id\":\"https:\\\/\\\/mwc-cmm.org\\\/en\\\/#\\\/schema\\\/person\\\/11f6ae0d7d1868ba20a1cc27f067c836\",\"name\":\"mennworldcon\",\"image\":{\"@type\":\"ImageObject\",\"inLanguage\":\"fr-FR\",\"@id\":\"https:\\\/\\\/secure.gravatar.com\\\/avatar\\\/06fdc0dc81c157dfdb82ec42f252178a22307808988d22c043f9eb96f1e0fe80?s=96&d=mm&r=g\",\"url\":\"https:\\\/\\\/secure.gravatar.com\\\/avatar\\\/06fdc0dc81c157dfdb82ec42f252178a22307808988d22c043f9eb96f1e0fe80?s=96&d=mm&r=g\",\"contentUrl\":\"https:\\\/\\\/secure.gravatar.com\\\/avatar\\\/06fdc0dc81c157dfdb82ec42f252178a22307808988d22c043f9eb96f1e0fe80?s=96&d=mm&r=g\",\"caption\":\"mennworldcon\"},\"sameAs\":[\"https:\\\/\\\/mwc-cmm.org\"],\"url\":\"https:\\\/\\\/mwc-cmm.org\\\/fr\\\/stories\\\/author\\\/mennworldcon\\\/\"}]}<\/script>\n<!-- \/ Yoast SEO plugin. -->","yoast_head_json":{"title":"\u2018La paix dans mon c\u0153ur\u2019 - Mennonite World Conference","robots":{"index":"index","follow":"follow","max-snippet":"max-snippet:-1","max-image-preview":"max-image-preview:large","max-video-preview":"max-video-preview:-1"},"canonical":"https:\/\/mwc-cmm.org\/fr\/stories\/ela-paix-dans-mon-cuure\/","og_locale":"fr_FR","og_type":"article","og_title":"\u2018La paix dans mon c\u0153ur\u2019 - Mennonite World Conference","og_description":"Esuno Kokoro uchini (El coraz\u00f3n de Jes\u00fas est\u00e1 reflejado en mi coraz\u00f3n). Esuno Heiwa uchini (Tengo la paz de Jes\u00fas en mi coraz\u00f3n).&nbsp;Mitsuru Ishido a \u00e9crit ce chant pour encourager Nasu Keiko, autre membre de l\u2019assembl\u00e9e mennonite, qui coud des masques pour les donner aux r\u00e9fugi\u00e9s, aux \u00e9tudiants \u00e9trangers et \u00e0 un membre de l\u2019\u00e9glise souffrant de probl\u00e8mes pulmonaires.","og_url":"https:\/\/mwc-cmm.org\/fr\/stories\/ela-paix-dans-mon-cuure\/","og_site_name":"Mennonite World Conference","article_publisher":"https:\/\/www.facebook.com\/MennoniteWorldConference","article_published_time":"2020-08-12T00:00:00+00:00","article_modified_time":"2024-12-10T17:17:10+00:00","og_image":[{"width":1076,"height":808,"url":"https:\/\/mwc-cmm.org\/wp-content\/uploads\/2024\/11\/headshot_japan.jpg","type":"image\/jpeg"}],"author":"mennworldcon","schema":{"@context":"https:\/\/schema.org","@graph":[{"@type":"Article","@id":"https:\/\/mwc-cmm.org\/fr\/stories\/ela-paix-dans-mon-cuure\/#article","isPartOf":{"@id":"https:\/\/mwc-cmm.org\/fr\/stories\/ela-paix-dans-mon-cuure\/"},"author":{"name":"mennworldcon","@id":"https:\/\/mwc-cmm.org\/en\/#\/schema\/person\/11f6ae0d7d1868ba20a1cc27f067c836"},"headline":"\u2018La paix dans mon c\u0153ur\u2019","datePublished":"2020-08-12T00:00:00+00:00","dateModified":"2024-12-10T17:17:10+00:00","mainEntityOfPage":{"@id":"https:\/\/mwc-cmm.org\/fr\/stories\/ela-paix-dans-mon-cuure\/"},"wordCount":619,"publisher":{"@id":"https:\/\/mwc-cmm.org\/en\/#organization"},"image":{"@id":"https:\/\/mwc-cmm.org\/fr\/stories\/ela-paix-dans-mon-cuure\/#primaryimage"},"thumbnailUrl":"https:\/\/mwc-cmm.org\/wp-content\/uploads\/2024\/11\/headshot_japan.jpg","articleSection":["Non classifi\u00e9(e)"],"inLanguage":"fr-FR"},{"@type":"WebPage","@id":"https:\/\/mwc-cmm.org\/fr\/stories\/ela-paix-dans-mon-cuure\/","url":"https:\/\/mwc-cmm.org\/fr\/stories\/ela-paix-dans-mon-cuure\/","name":"\u2018La paix dans mon c\u0153ur\u2019 - Mennonite World Conference","isPartOf":{"@id":"https:\/\/mwc-cmm.org\/en\/#website"},"primaryImageOfPage":{"@id":"https:\/\/mwc-cmm.org\/fr\/stories\/ela-paix-dans-mon-cuure\/#primaryimage"},"image":{"@id":"https:\/\/mwc-cmm.org\/fr\/stories\/ela-paix-dans-mon-cuure\/#primaryimage"},"thumbnailUrl":"https:\/\/mwc-cmm.org\/wp-content\/uploads\/2024\/11\/headshot_japan.jpg","datePublished":"2020-08-12T00:00:00+00:00","dateModified":"2024-12-10T17:17:10+00:00","breadcrumb":{"@id":"https:\/\/mwc-cmm.org\/fr\/stories\/ela-paix-dans-mon-cuure\/#breadcrumb"},"inLanguage":"fr-FR","potentialAction":[{"@type":"ReadAction","target":["https:\/\/mwc-cmm.org\/fr\/stories\/ela-paix-dans-mon-cuure\/"]}]},{"@type":"ImageObject","inLanguage":"fr-FR","@id":"https:\/\/mwc-cmm.org\/fr\/stories\/ela-paix-dans-mon-cuure\/#primaryimage","url":"https:\/\/mwc-cmm.org\/wp-content\/uploads\/2024\/11\/headshot_japan.jpg","contentUrl":"https:\/\/mwc-cmm.org\/wp-content\/uploads\/2024\/11\/headshot_japan.jpg","width":1076,"height":808},{"@type":"BreadcrumbList","@id":"https:\/\/mwc-cmm.org\/fr\/stories\/ela-paix-dans-mon-cuure\/#breadcrumb","itemListElement":[{"@type":"ListItem","position":1,"name":"Home","item":"https:\/\/mwc-cmm.org\/fr\/"},{"@type":"ListItem","position":2,"name":"\u2018La paix dans mon c\u0153ur\u2019"}]},{"@type":"WebSite","@id":"https:\/\/mwc-cmm.org\/en\/#website","url":"https:\/\/mwc-cmm.org\/en\/","name":"Mennonite World Conference","description":"A communion of Anabaptist-related churches","publisher":{"@id":"https:\/\/mwc-cmm.org\/en\/#organization"},"alternateName":"MWC","potentialAction":[{"@type":"SearchAction","target":{"@type":"EntryPoint","urlTemplate":"https:\/\/mwc-cmm.org\/en\/?s={search_term_string}"},"query-input":{"@type":"PropertyValueSpecification","valueRequired":true,"valueName":"search_term_string"}}],"inLanguage":"fr-FR"},{"@type":"Organization","@id":"https:\/\/mwc-cmm.org\/en\/#organization","name":"Mennonite World Conference","alternateName":"MWC","url":"https:\/\/mwc-cmm.org\/en\/","logo":{"@type":"ImageObject","inLanguage":"fr-FR","@id":"https:\/\/mwc-cmm.org\/en\/#\/schema\/logo\/image\/","url":"https:\/\/mwc-cmm.org\/wp-content\/uploads\/2026\/01\/MWC_Sig_Blue_Horiz_webheader1-logo.svg","contentUrl":"https:\/\/mwc-cmm.org\/wp-content\/uploads\/2026\/01\/MWC_Sig_Blue_Horiz_webheader1-logo.svg","width":786,"height":82,"caption":"Mennonite World Conference"},"image":{"@id":"https:\/\/mwc-cmm.org\/en\/#\/schema\/logo\/image\/"},"sameAs":["https:\/\/www.facebook.com\/MennoniteWorldConference","https:\/\/www.linkedin.com\/company\/mennonite-world-conference-mwc\/","https:\/\/www.instagram.com\/mwcmm\/","https:\/\/www.youtube.com\/user\/mwccmm","https:\/\/bsky.app\/profile\/mwcmm.bsky.social"]},{"@type":"Person","@id":"https:\/\/mwc-cmm.org\/en\/#\/schema\/person\/11f6ae0d7d1868ba20a1cc27f067c836","name":"mennworldcon","image":{"@type":"ImageObject","inLanguage":"fr-FR","@id":"https:\/\/secure.gravatar.com\/avatar\/06fdc0dc81c157dfdb82ec42f252178a22307808988d22c043f9eb96f1e0fe80?s=96&d=mm&r=g","url":"https:\/\/secure.gravatar.com\/avatar\/06fdc0dc81c157dfdb82ec42f252178a22307808988d22c043f9eb96f1e0fe80?s=96&d=mm&r=g","contentUrl":"https:\/\/secure.gravatar.com\/avatar\/06fdc0dc81c157dfdb82ec42f252178a22307808988d22c043f9eb96f1e0fe80?s=96&d=mm&r=g","caption":"mennworldcon"},"sameAs":["https:\/\/mwc-cmm.org"],"url":"https:\/\/mwc-cmm.org\/fr\/stories\/author\/mennworldcon\/"}]}},"_links":{"self":[{"href":"https:\/\/mwc-cmm.org\/fr\/wp-json\/wp\/v2\/posts\/10182","targetHints":{"allow":["GET"]}}],"collection":[{"href":"https:\/\/mwc-cmm.org\/fr\/wp-json\/wp\/v2\/posts"}],"about":[{"href":"https:\/\/mwc-cmm.org\/fr\/wp-json\/wp\/v2\/types\/post"}],"author":[{"embeddable":true,"href":"https:\/\/mwc-cmm.org\/fr\/wp-json\/wp\/v2\/users\/1"}],"replies":[{"embeddable":true,"href":"https:\/\/mwc-cmm.org\/fr\/wp-json\/wp\/v2\/comments?post=10182"}],"version-history":[{"count":0,"href":"https:\/\/mwc-cmm.org\/fr\/wp-json\/wp\/v2\/posts\/10182\/revisions"}],"wp:featuredmedia":[{"embeddable":true,"href":"https:\/\/mwc-cmm.org\/fr\/wp-json\/wp\/v2\/media\/92553"}],"wp:attachment":[{"href":"https:\/\/mwc-cmm.org\/fr\/wp-json\/wp\/v2\/media?parent=10182"}],"wp:term":[{"taxonomy":"category","embeddable":true,"href":"https:\/\/mwc-cmm.org\/fr\/wp-json\/wp\/v2\/categories?post=10182"},{"taxonomy":"post_tag","embeddable":true,"href":"https:\/\/mwc-cmm.org\/fr\/wp-json\/wp\/v2\/tags?post=10182"},{"taxonomy":"network","embeddable":true,"href":"https:\/\/mwc-cmm.org\/fr\/wp-json\/wp\/v2\/network?post=10182"},{"taxonomy":"eventcategory","embeddable":true,"href":"https:\/\/mwc-cmm.org\/fr\/wp-json\/wp\/v2\/eventcategory?post=10182"}],"curies":[{"name":"wp","href":"https:\/\/api.w.org\/{rel}","templated":true}]}}