{"id":10179,"date":"2020-08-09T00:00:00","date_gmt":"2020-08-09T00:00:00","guid":{"rendered":"https:\/\/mwc-cmm.org\/grace-at-the-heart-of-our-witness-4\/"},"modified":"2024-12-10T17:17:09","modified_gmt":"2024-12-10T17:17:09","slug":"grace-at-the-heart-of-our-witness-4","status":"publish","type":"post","link":"https:\/\/mwc-cmm.org\/fr\/stories\/grace-at-the-heart-of-our-witness-4\/","title":{"rendered":"La gr\u00e2ce au c\u0153ur de notre t\u00e9moignage"},"content":{"rendered":"<p>\u00ab&nbsp;Les premiers anabaptistes pratiquaient le lavement des pieds comme les b\u00e9n\u00e9dictins le font aujourd\u2019hui!&nbsp;\u00bb s\u2019exclama P\u00e8re Augustinus [Sander], un moine b\u00e9n\u00e9dictin que j\u2019ai rencontr\u00e9 en Suisse. Il venait de faire des recherches sur Michael Sattler sur internet.<\/p>\n<p>\u00ab&nbsp;Ce n\u2019est pas \u00e9tonnant,&nbsp;\u00bb dis-je, \u00ab&nbsp;Michael Sattler faisait partie de l\u2019ordre des b\u00e9n\u00e9dictins.&nbsp;\u00bb<\/p>\n<p>Michael Sattler est le principal auteur de la Confession de Schleitheim (1527), dans laquelle les anabaptistes en appellent \u00e0 la v\u00e9rit\u00e9, au rejet de la violence, \u00e0 la responsabilit\u00e9 mutuelle dans la communaut\u00e9, \u00e0 la s\u00e9paration de l\u2019\u00c9glise et de l\u2019\u00c9tat et \u00e0 une vie sainte dans l\u2019ob\u00e9issance \u00e0 J\u00e9sus&nbsp;; des convictions qui, pour le fr\u00e8re Augustinus, ressemblent fort aux pratiques de son ordre religieux.<\/p>\n<p>Les premiers anabaptistes ont quitt\u00e9 de gr\u00e9 ou de force les monast\u00e8res et les congr\u00e9gations religieuses de l\u2019\u00e9glise catholique romaine, souvent dans des circonstances douloureuses, parfois aux risques de leur vie. Mais les anabaptistes ont conserv\u00e9 cet id\u00e9al tr\u00e8s monastique&nbsp;: il est possible \u2013 essentiel m\u00eame \u2013 pour les chr\u00e9tiens de prendre au s\u00e9rieux le Sermon sur la Montagne (Matthieu 5-6) et d\u2019autres enseignements du Nouveau Testament concernant l\u2019\u00e9thique, la non-violence, la communaut\u00e9 et la saintet\u00e9.<\/p>\n<figure class=\"image file-default media-element\" style=\"float:left\"><img decoding=\"async\" alt=\"\" data-delta=\"1\" data-fid=\"4982\" data-media-element=\"1\" height=\"204\" data-src=\"https:\/\/mwc-cmm.org\/wp-content\/uploads\/2024\/12\/jnk-june2019-augustinus-img_1661_2.jpg\" typeof=\"foaf:Image\" width=\"300\" src=\"data:image\/svg+xml;base64,PHN2ZyB3aWR0aD0iMSIgaGVpZ2h0PSIxIiB4bWxucz0iaHR0cDovL3d3dy53My5vcmcvMjAwMC9zdmciPjwvc3ZnPg==\" class=\"lazyload\" style=\"--smush-placeholder-width: 300px; --smush-placeholder-aspect-ratio: 300\/204;\" \/><figcaption>P\u00e8re Augustinu et J. Nelson Kraybill<\/figcaption><\/figure>\n<p>Les anabaptistes ne voulaient pas se d\u00e9barrasser des id\u00e9aux monastiques qui impliquent un style de vie disciplin\u00e9, mais plut\u00f4t que tous les chr\u00e9tiens vivent cette m\u00eame ob\u00e9issance \u00e0 J\u00e9sus.<\/p>\n<p>Je me r\u00e9jouis de ce que mennonites, catholiques, luth\u00e9riens, r\u00e9form\u00e9s et d\u2019autres chr\u00e9tiens trouvent souvent aujourd\u2019hui des moyens de communier et de collaborer en tant que s\u0153urs et fr\u00e8res en Christ. Nous avons beaucoup \u00e0 apprendre d\u2019Augustinus, et d\u2019autres chr\u00e9tiens dans le monde, qui partagent un niveau \u00e9lev\u00e9 d\u2019ob\u00e9issance \u00e0 J\u00e9sus.<\/p>\n<p>Augustinus et moi \u00e9tions des invit\u00e9s \u0153cum\u00e9niques \u00e0 un rassemblement luth\u00e9rien. Demandez aux luth\u00e9riens ce qui distingue leur tradition, et vous entendrez tr\u00e8s probablement \u00ab&nbsp;le salut par la foi, par gr\u00e2ce&nbsp;\u00bb.<\/p>\n<p>C\u2019est aussi une conviction pour les mennonites.<\/p>\n<p>Mais parfois, nous insistons tellement sur le service et les actions pour la paix comme caract\u00e9ristiques de l\u2019\u00c9vangile, que nous oublions la gr\u00e2ce. Nous oublions que nous sommes toujours des p\u00e9cheurs dont la relation juste avec Dieu et avec les autres \u00eatres humains est le r\u00e9sultat de la gr\u00e2ce par la puissance du Saint-Esprit, et non de nos remarquables efforts.<\/p>\n<p style=\"margin-left:4.65pt\"><em>\u2014J. Nelson Kraybill est pr\u00e9sident de la CMM (2015\u20132021). Il vit en Indiana (\u00c9tats-Unis).<\/em><\/p>\n<p>&nbsp;<\/p>\n<p><em>Cet article est paru pour la premi\u00e8re fois dans le num\u00e9ro&nbsp;d\u2019avril 2020&nbsp;de&nbsp;Courier\/Correo\/Courrier.&nbsp;<a href=\"http:\/\/mwc-cmm.org\/resources\/courier-2020-april?language=fr\">Cliquez ici<\/a>&nbsp;pour lire d&rsquo;autres articles de ce dossier.<\/em><\/p>\n","protected":false},"excerpt":{"rendered":"<p>Les premiers anabaptistes ont quitt\u00e9 de gr\u00e9 ou de force les monast\u00e8res et les congr\u00e9gations religieuses de l\u2019\u00e9glise catholique romaine. Mais les anabaptistes ont conserv\u00e9 cet id\u00e9al tr\u00e8s monastique&nbsp;: il est possible \u2013 essentiel m\u00eame \u2013 pour les chr\u00e9tiens de prendre au s\u00e9rieux le Sermon sur la Montagne (Matthieu 5-6) et d\u2019autres enseignements du Nouveau Testament concernant l\u2019\u00e9thique, la non-violence, la communaut\u00e9 et la saintet\u00e9.&nbsp;Je me r\u00e9jouis de ce que mennonites, catholiques, luth\u00e9riens, r\u00e9form\u00e9s et d\u2019autres chr\u00e9tiens trouvent souvent aujourd\u2019hui des moyens de communier et de collaborer en tant que s\u0153urs et fr\u00e8res en Christ.<\/p>\n","protected":false},"author":1,"featured_media":92511,"comment_status":"closed","ping_status":"closed","sticky":false,"template":"","format":"standard","meta":{"_acf_changed":false,"footnotes":""},"categories":[7],"tags":[],"network":[1307],"eventcategory":[],"class_list":["post-10179","post","type-post","status-publish","format-standard","has-post-thumbnail","hentry","category-non-classifiee","network-courier-fr"],"acf":[],"yoast_head":"<!-- This site is optimized with the Yoast SEO plugin v27.2 - https:\/\/yoast.com\/product\/yoast-seo-wordpress\/ -->\n<title>La gr\u00e2ce au c\u0153ur de notre t\u00e9moignage - Mennonite World Conference<\/title>\n<meta name=\"robots\" content=\"index, follow, max-snippet:-1, max-image-preview:large, max-video-preview:-1\" \/>\n<link rel=\"canonical\" href=\"https:\/\/mwc-cmm.org\/en\/stories\/grace-at-the-heart-of-our-witness-2\/\" \/>\n<meta property=\"og:locale\" content=\"fr_FR\" \/>\n<meta property=\"og:type\" content=\"article\" \/>\n<meta property=\"og:title\" content=\"La gr\u00e2ce au c\u0153ur de notre t\u00e9moignage - Mennonite World Conference\" \/>\n<meta property=\"og:description\" content=\"Les premiers anabaptistes ont quitt\u00e9 de gr\u00e9 ou de force les monast\u00e8res et les congr\u00e9gations religieuses de l\u2019\u00e9glise catholique romaine. Mais les anabaptistes ont conserv\u00e9 cet id\u00e9al tr\u00e8s monastique&nbsp;: il est possible \u2013 essentiel m\u00eame \u2013 pour les chr\u00e9tiens de prendre au s\u00e9rieux le Sermon sur la Montagne (Matthieu 5-6) et d\u2019autres enseignements du Nouveau Testament concernant l\u2019\u00e9thique, la non-violence, la communaut\u00e9 et la saintet\u00e9.&nbsp;Je me r\u00e9jouis de ce que mennonites, catholiques, luth\u00e9riens, r\u00e9form\u00e9s et d\u2019autres chr\u00e9tiens trouvent souvent aujourd\u2019hui des moyens de communier et de collaborer en tant que s\u0153urs et fr\u00e8res en Christ.\" \/>\n<meta property=\"og:url\" content=\"https:\/\/mwc-cmm.org\/en\/stories\/grace-at-the-heart-of-our-witness-2\/\" \/>\n<meta property=\"og:site_name\" content=\"Mennonite World Conference\" \/>\n<meta property=\"article:publisher\" content=\"https:\/\/www.facebook.com\/MennoniteWorldConference\" \/>\n<meta property=\"article:published_time\" content=\"2020-08-09T00:00:00+00:00\" \/>\n<meta property=\"article:modified_time\" content=\"2024-12-10T17:17:09+00:00\" \/>\n<meta property=\"og:image\" content=\"https:\/\/mwc-cmm.org\/wp-content\/uploads\/2024\/11\/48066353666_cb28ecfaff_o-scaled.jpg\" \/>\n\t<meta property=\"og:image:width\" content=\"2560\" \/>\n\t<meta property=\"og:image:height\" content=\"1579\" \/>\n\t<meta property=\"og:image:type\" content=\"image\/jpeg\" \/>\n<meta name=\"author\" content=\"mennworldcon\" \/>\n<script type=\"application\/ld+json\" class=\"yoast-schema-graph\">{\"@context\":\"https:\/\/schema.org\",\"@graph\":[{\"@type\":\"Article\",\"@id\":\"https:\/\/mwc-cmm.org\/en\/stories\/grace-at-the-heart-of-our-witness-2\/#article\",\"isPartOf\":{\"@id\":\"https:\/\/mwc-cmm.org\/en\/stories\/grace-at-the-heart-of-our-witness-2\/\"},\"author\":{\"name\":\"mennworldcon\",\"@id\":\"https:\/\/mwc-cmm.org\/en\/#\/schema\/person\/11f6ae0d7d1868ba20a1cc27f067c836\"},\"headline\":\"La gr\u00e2ce au c\u0153ur de notre t\u00e9moignage\",\"datePublished\":\"2020-08-09T00:00:00+00:00\",\"dateModified\":\"2024-12-10T17:17:09+00:00\",\"mainEntityOfPage\":{\"@id\":\"https:\/\/mwc-cmm.org\/en\/stories\/grace-at-the-heart-of-our-witness-2\/\"},\"wordCount\":498,\"publisher\":{\"@id\":\"https:\/\/mwc-cmm.org\/en\/#organization\"},\"image\":{\"@id\":\"https:\/\/mwc-cmm.org\/en\/stories\/grace-at-the-heart-of-our-witness-2\/#primaryimage\"},\"thumbnailUrl\":\"https:\/\/mwc-cmm.org\/wp-content\/uploads\/2024\/11\/48066353666_cb28ecfaff_o-scaled.jpg\",\"articleSection\":[\"Non classifi\u00e9(e)\"],\"inLanguage\":\"fr-FR\"},{\"@type\":\"WebPage\",\"@id\":\"https:\/\/mwc-cmm.org\/en\/stories\/grace-at-the-heart-of-our-witness-2\/\",\"url\":\"https:\/\/mwc-cmm.org\/en\/stories\/grace-at-the-heart-of-our-witness-2\/\",\"name\":\"La gr\u00e2ce au c\u0153ur de notre t\u00e9moignage - Mennonite World Conference\",\"isPartOf\":{\"@id\":\"https:\/\/mwc-cmm.org\/en\/#website\"},\"primaryImageOfPage\":{\"@id\":\"https:\/\/mwc-cmm.org\/en\/stories\/grace-at-the-heart-of-our-witness-2\/#primaryimage\"},\"image\":{\"@id\":\"https:\/\/mwc-cmm.org\/en\/stories\/grace-at-the-heart-of-our-witness-2\/#primaryimage\"},\"thumbnailUrl\":\"https:\/\/mwc-cmm.org\/wp-content\/uploads\/2024\/11\/48066353666_cb28ecfaff_o-scaled.jpg\",\"datePublished\":\"2020-08-09T00:00:00+00:00\",\"dateModified\":\"2024-12-10T17:17:09+00:00\",\"breadcrumb\":{\"@id\":\"https:\/\/mwc-cmm.org\/en\/stories\/grace-at-the-heart-of-our-witness-2\/#breadcrumb\"},\"inLanguage\":\"fr-FR\",\"potentialAction\":[{\"@type\":\"ReadAction\",\"target\":[\"https:\/\/mwc-cmm.org\/en\/stories\/grace-at-the-heart-of-our-witness-2\/\"]}]},{\"@type\":\"ImageObject\",\"inLanguage\":\"fr-FR\",\"@id\":\"https:\/\/mwc-cmm.org\/en\/stories\/grace-at-the-heart-of-our-witness-2\/#primaryimage\",\"url\":\"https:\/\/mwc-cmm.org\/wp-content\/uploads\/2024\/11\/48066353666_cb28ecfaff_o-scaled.jpg\",\"contentUrl\":\"https:\/\/mwc-cmm.org\/wp-content\/uploads\/2024\/11\/48066353666_cb28ecfaff_o-scaled.jpg\",\"width\":2560,\"height\":1579},{\"@type\":\"BreadcrumbList\",\"@id\":\"https:\/\/mwc-cmm.org\/en\/stories\/grace-at-the-heart-of-our-witness-2\/#breadcrumb\",\"itemListElement\":[{\"@type\":\"ListItem\",\"position\":1,\"name\":\"Home\",\"item\":\"https:\/\/mwc-cmm.org\/fr\/\"},{\"@type\":\"ListItem\",\"position\":2,\"name\":\"La gr\u00e2ce au c\u0153ur de notre t\u00e9moignage\"}]},{\"@type\":\"WebSite\",\"@id\":\"https:\/\/mwc-cmm.org\/en\/#website\",\"url\":\"https:\/\/mwc-cmm.org\/en\/\",\"name\":\"Mennonite World Conference\",\"description\":\"A communion of Anabaptist-related churches\",\"publisher\":{\"@id\":\"https:\/\/mwc-cmm.org\/en\/#organization\"},\"alternateName\":\"MWC\",\"potentialAction\":[{\"@type\":\"SearchAction\",\"target\":{\"@type\":\"EntryPoint\",\"urlTemplate\":\"https:\/\/mwc-cmm.org\/en\/?s={search_term_string}\"},\"query-input\":{\"@type\":\"PropertyValueSpecification\",\"valueRequired\":true,\"valueName\":\"search_term_string\"}}],\"inLanguage\":\"fr-FR\"},{\"@type\":\"Organization\",\"@id\":\"https:\/\/mwc-cmm.org\/en\/#organization\",\"name\":\"Mennonite World Conference\",\"alternateName\":\"MWC\",\"url\":\"https:\/\/mwc-cmm.org\/en\/\",\"logo\":{\"@type\":\"ImageObject\",\"inLanguage\":\"fr-FR\",\"@id\":\"https:\/\/mwc-cmm.org\/en\/#\/schema\/logo\/image\/\",\"url\":\"https:\/\/mwc-cmm.org\/wp-content\/uploads\/2026\/01\/MWC_Sig_Blue_Horiz_webheader1-logo.svg\",\"contentUrl\":\"https:\/\/mwc-cmm.org\/wp-content\/uploads\/2026\/01\/MWC_Sig_Blue_Horiz_webheader1-logo.svg\",\"width\":786,\"height\":82,\"caption\":\"Mennonite World Conference\"},\"image\":{\"@id\":\"https:\/\/mwc-cmm.org\/en\/#\/schema\/logo\/image\/\"},\"sameAs\":[\"https:\/\/www.facebook.com\/MennoniteWorldConference\",\"https:\/\/www.linkedin.com\/company\/mennonite-world-conference-mwc\/\",\"https:\/\/www.instagram.com\/mwcmm\/\",\"https:\/\/www.youtube.com\/user\/mwccmm\",\"https:\/\/bsky.app\/profile\/mwcmm.bsky.social\"]},{\"@type\":\"Person\",\"@id\":\"https:\/\/mwc-cmm.org\/en\/#\/schema\/person\/11f6ae0d7d1868ba20a1cc27f067c836\",\"name\":\"mennworldcon\",\"image\":{\"@type\":\"ImageObject\",\"inLanguage\":\"fr-FR\",\"@id\":\"https:\/\/secure.gravatar.com\/avatar\/06fdc0dc81c157dfdb82ec42f252178a22307808988d22c043f9eb96f1e0fe80?s=96&d=mm&r=g\",\"url\":\"https:\/\/secure.gravatar.com\/avatar\/06fdc0dc81c157dfdb82ec42f252178a22307808988d22c043f9eb96f1e0fe80?s=96&d=mm&r=g\",\"contentUrl\":\"https:\/\/secure.gravatar.com\/avatar\/06fdc0dc81c157dfdb82ec42f252178a22307808988d22c043f9eb96f1e0fe80?s=96&d=mm&r=g\",\"caption\":\"mennworldcon\"},\"sameAs\":[\"https:\/\/mwc-cmm.org\"],\"url\":\"https:\/\/mwc-cmm.org\/fr\/stories\/author\/mennworldcon\/\"}]}<\/script>\n<!-- \/ Yoast SEO plugin. -->","yoast_head_json":{"title":"La gr\u00e2ce au c\u0153ur de notre t\u00e9moignage - Mennonite World Conference","robots":{"index":"index","follow":"follow","max-snippet":"max-snippet:-1","max-image-preview":"max-image-preview:large","max-video-preview":"max-video-preview:-1"},"canonical":"https:\/\/mwc-cmm.org\/en\/stories\/grace-at-the-heart-of-our-witness-2\/","og_locale":"fr_FR","og_type":"article","og_title":"La gr\u00e2ce au c\u0153ur de notre t\u00e9moignage - Mennonite World Conference","og_description":"Les premiers anabaptistes ont quitt\u00e9 de gr\u00e9 ou de force les monast\u00e8res et les congr\u00e9gations religieuses de l\u2019\u00e9glise catholique romaine. Mais les anabaptistes ont conserv\u00e9 cet id\u00e9al tr\u00e8s monastique&nbsp;: il est possible \u2013 essentiel m\u00eame \u2013 pour les chr\u00e9tiens de prendre au s\u00e9rieux le Sermon sur la Montagne (Matthieu 5-6) et d\u2019autres enseignements du Nouveau Testament concernant l\u2019\u00e9thique, la non-violence, la communaut\u00e9 et la saintet\u00e9.&nbsp;Je me r\u00e9jouis de ce que mennonites, catholiques, luth\u00e9riens, r\u00e9form\u00e9s et d\u2019autres chr\u00e9tiens trouvent souvent aujourd\u2019hui des moyens de communier et de collaborer en tant que s\u0153urs et fr\u00e8res en Christ.","og_url":"https:\/\/mwc-cmm.org\/en\/stories\/grace-at-the-heart-of-our-witness-2\/","og_site_name":"Mennonite World Conference","article_publisher":"https:\/\/www.facebook.com\/MennoniteWorldConference","article_published_time":"2020-08-09T00:00:00+00:00","article_modified_time":"2024-12-10T17:17:09+00:00","og_image":[{"width":2560,"height":1579,"url":"https:\/\/mwc-cmm.org\/wp-content\/uploads\/2024\/11\/48066353666_cb28ecfaff_o-scaled.jpg","type":"image\/jpeg"}],"author":"mennworldcon","schema":{"@context":"https:\/\/schema.org","@graph":[{"@type":"Article","@id":"https:\/\/mwc-cmm.org\/en\/stories\/grace-at-the-heart-of-our-witness-2\/#article","isPartOf":{"@id":"https:\/\/mwc-cmm.org\/en\/stories\/grace-at-the-heart-of-our-witness-2\/"},"author":{"name":"mennworldcon","@id":"https:\/\/mwc-cmm.org\/en\/#\/schema\/person\/11f6ae0d7d1868ba20a1cc27f067c836"},"headline":"La gr\u00e2ce au c\u0153ur de notre t\u00e9moignage","datePublished":"2020-08-09T00:00:00+00:00","dateModified":"2024-12-10T17:17:09+00:00","mainEntityOfPage":{"@id":"https:\/\/mwc-cmm.org\/en\/stories\/grace-at-the-heart-of-our-witness-2\/"},"wordCount":498,"publisher":{"@id":"https:\/\/mwc-cmm.org\/en\/#organization"},"image":{"@id":"https:\/\/mwc-cmm.org\/en\/stories\/grace-at-the-heart-of-our-witness-2\/#primaryimage"},"thumbnailUrl":"https:\/\/mwc-cmm.org\/wp-content\/uploads\/2024\/11\/48066353666_cb28ecfaff_o-scaled.jpg","articleSection":["Non classifi\u00e9(e)"],"inLanguage":"fr-FR"},{"@type":"WebPage","@id":"https:\/\/mwc-cmm.org\/en\/stories\/grace-at-the-heart-of-our-witness-2\/","url":"https:\/\/mwc-cmm.org\/en\/stories\/grace-at-the-heart-of-our-witness-2\/","name":"La gr\u00e2ce au c\u0153ur de notre t\u00e9moignage - Mennonite World Conference","isPartOf":{"@id":"https:\/\/mwc-cmm.org\/en\/#website"},"primaryImageOfPage":{"@id":"https:\/\/mwc-cmm.org\/en\/stories\/grace-at-the-heart-of-our-witness-2\/#primaryimage"},"image":{"@id":"https:\/\/mwc-cmm.org\/en\/stories\/grace-at-the-heart-of-our-witness-2\/#primaryimage"},"thumbnailUrl":"https:\/\/mwc-cmm.org\/wp-content\/uploads\/2024\/11\/48066353666_cb28ecfaff_o-scaled.jpg","datePublished":"2020-08-09T00:00:00+00:00","dateModified":"2024-12-10T17:17:09+00:00","breadcrumb":{"@id":"https:\/\/mwc-cmm.org\/en\/stories\/grace-at-the-heart-of-our-witness-2\/#breadcrumb"},"inLanguage":"fr-FR","potentialAction":[{"@type":"ReadAction","target":["https:\/\/mwc-cmm.org\/en\/stories\/grace-at-the-heart-of-our-witness-2\/"]}]},{"@type":"ImageObject","inLanguage":"fr-FR","@id":"https:\/\/mwc-cmm.org\/en\/stories\/grace-at-the-heart-of-our-witness-2\/#primaryimage","url":"https:\/\/mwc-cmm.org\/wp-content\/uploads\/2024\/11\/48066353666_cb28ecfaff_o-scaled.jpg","contentUrl":"https:\/\/mwc-cmm.org\/wp-content\/uploads\/2024\/11\/48066353666_cb28ecfaff_o-scaled.jpg","width":2560,"height":1579},{"@type":"BreadcrumbList","@id":"https:\/\/mwc-cmm.org\/en\/stories\/grace-at-the-heart-of-our-witness-2\/#breadcrumb","itemListElement":[{"@type":"ListItem","position":1,"name":"Home","item":"https:\/\/mwc-cmm.org\/fr\/"},{"@type":"ListItem","position":2,"name":"La gr\u00e2ce au c\u0153ur de notre t\u00e9moignage"}]},{"@type":"WebSite","@id":"https:\/\/mwc-cmm.org\/en\/#website","url":"https:\/\/mwc-cmm.org\/en\/","name":"Mennonite World Conference","description":"A communion of Anabaptist-related churches","publisher":{"@id":"https:\/\/mwc-cmm.org\/en\/#organization"},"alternateName":"MWC","potentialAction":[{"@type":"SearchAction","target":{"@type":"EntryPoint","urlTemplate":"https:\/\/mwc-cmm.org\/en\/?s={search_term_string}"},"query-input":{"@type":"PropertyValueSpecification","valueRequired":true,"valueName":"search_term_string"}}],"inLanguage":"fr-FR"},{"@type":"Organization","@id":"https:\/\/mwc-cmm.org\/en\/#organization","name":"Mennonite World Conference","alternateName":"MWC","url":"https:\/\/mwc-cmm.org\/en\/","logo":{"@type":"ImageObject","inLanguage":"fr-FR","@id":"https:\/\/mwc-cmm.org\/en\/#\/schema\/logo\/image\/","url":"https:\/\/mwc-cmm.org\/wp-content\/uploads\/2026\/01\/MWC_Sig_Blue_Horiz_webheader1-logo.svg","contentUrl":"https:\/\/mwc-cmm.org\/wp-content\/uploads\/2026\/01\/MWC_Sig_Blue_Horiz_webheader1-logo.svg","width":786,"height":82,"caption":"Mennonite World Conference"},"image":{"@id":"https:\/\/mwc-cmm.org\/en\/#\/schema\/logo\/image\/"},"sameAs":["https:\/\/www.facebook.com\/MennoniteWorldConference","https:\/\/www.linkedin.com\/company\/mennonite-world-conference-mwc\/","https:\/\/www.instagram.com\/mwcmm\/","https:\/\/www.youtube.com\/user\/mwccmm","https:\/\/bsky.app\/profile\/mwcmm.bsky.social"]},{"@type":"Person","@id":"https:\/\/mwc-cmm.org\/en\/#\/schema\/person\/11f6ae0d7d1868ba20a1cc27f067c836","name":"mennworldcon","image":{"@type":"ImageObject","inLanguage":"fr-FR","@id":"https:\/\/secure.gravatar.com\/avatar\/06fdc0dc81c157dfdb82ec42f252178a22307808988d22c043f9eb96f1e0fe80?s=96&d=mm&r=g","url":"https:\/\/secure.gravatar.com\/avatar\/06fdc0dc81c157dfdb82ec42f252178a22307808988d22c043f9eb96f1e0fe80?s=96&d=mm&r=g","contentUrl":"https:\/\/secure.gravatar.com\/avatar\/06fdc0dc81c157dfdb82ec42f252178a22307808988d22c043f9eb96f1e0fe80?s=96&d=mm&r=g","caption":"mennworldcon"},"sameAs":["https:\/\/mwc-cmm.org"],"url":"https:\/\/mwc-cmm.org\/fr\/stories\/author\/mennworldcon\/"}]}},"_links":{"self":[{"href":"https:\/\/mwc-cmm.org\/fr\/wp-json\/wp\/v2\/posts\/10179","targetHints":{"allow":["GET"]}}],"collection":[{"href":"https:\/\/mwc-cmm.org\/fr\/wp-json\/wp\/v2\/posts"}],"about":[{"href":"https:\/\/mwc-cmm.org\/fr\/wp-json\/wp\/v2\/types\/post"}],"author":[{"embeddable":true,"href":"https:\/\/mwc-cmm.org\/fr\/wp-json\/wp\/v2\/users\/1"}],"replies":[{"embeddable":true,"href":"https:\/\/mwc-cmm.org\/fr\/wp-json\/wp\/v2\/comments?post=10179"}],"version-history":[{"count":0,"href":"https:\/\/mwc-cmm.org\/fr\/wp-json\/wp\/v2\/posts\/10179\/revisions"}],"wp:featuredmedia":[{"embeddable":true,"href":"https:\/\/mwc-cmm.org\/fr\/wp-json\/wp\/v2\/media\/92511"}],"wp:attachment":[{"href":"https:\/\/mwc-cmm.org\/fr\/wp-json\/wp\/v2\/media?parent=10179"}],"wp:term":[{"taxonomy":"category","embeddable":true,"href":"https:\/\/mwc-cmm.org\/fr\/wp-json\/wp\/v2\/categories?post=10179"},{"taxonomy":"post_tag","embeddable":true,"href":"https:\/\/mwc-cmm.org\/fr\/wp-json\/wp\/v2\/tags?post=10179"},{"taxonomy":"network","embeddable":true,"href":"https:\/\/mwc-cmm.org\/fr\/wp-json\/wp\/v2\/network?post=10179"},{"taxonomy":"eventcategory","embeddable":true,"href":"https:\/\/mwc-cmm.org\/fr\/wp-json\/wp\/v2\/eventcategory?post=10179"}],"curies":[{"name":"wp","href":"https:\/\/api.w.org\/{rel}","templated":true}]}}