{"id":10175,"date":"2020-07-31T00:00:00","date_gmt":"2020-07-31T00:00:00","guid":{"rendered":"https:\/\/mwc-cmm.org\/renewal-will-come-by-daring-4\/"},"modified":"2024-12-10T17:17:07","modified_gmt":"2024-12-10T17:17:07","slug":"le-renouveau-viendra-en-osant","status":"publish","type":"post","link":"https:\/\/mwc-cmm.org\/fr\/stories\/le-renouveau-viendra-en-osant\/","title":{"rendered":"\u00ab Le renouveau viendra en osant \u00bb"},"content":{"rendered":"<p>Il n\u2019y avait pas une \u00ab&nbsp;th\u00e9ologie anabaptiste&nbsp;\u00bb au 16e si\u00e8cle \u2013 il y avait <em>plusieurs<\/em> th\u00e9ologies anabaptistes, dit Astrid von Schlachta.<\/p>\n<p>L\u2019historienne mennonite dirige la comm\u00e9moration du mouvement anabaptisme qui c\u00e9l\u00e9brera son 500e anniversaire en 2025. \u00ab&nbsp;Oser&nbsp;\u00bb est le th\u00e8me de cette comm\u00e9moration, projet commun des mennonites et des baptistes, qui examine ce que signifie un mouvement anabaptiste pour l\u2019\u00e9glise d\u2019aujourd\u2019hui \u00e0 la lumi\u00e8re de son histoire.<\/p>\n<p>\u00ab&nbsp;Il y avait des diff\u00e9rences dans la th\u00e9ologie, des diff\u00e9rences dans les attitudes \u00e0 l\u2019\u00e9gard de l\u2019utilisation de l\u2019\u00e9p\u00e9e, des diff\u00e9rences dans d\u2019autres domaines&nbsp;\u00bb, dit Astrid von Schlachta. \u00ab&nbsp;En 500 ans, depuis 1525, les anabaptistes ont v\u00e9cu des exp\u00e9riences totalement diff\u00e9rentes dans diff\u00e9rentes parties du monde. Nous pouvons \u00eatre fiers de la diversit\u00e9, mais elle pose des d\u00e9fis.&nbsp;\u00bb<\/p>\n<p>\u00ab&nbsp;Nous voulons nous rappeler le pass\u00e9, mais regarder aussi vers l\u2019avenir&nbsp;\u00bb, ajoute Astrid von Schlachta. \u00ab&nbsp;Quels sont les d\u00e9fis aujourd\u2019hui et comment l\u2019histoire pourrait-elle nous aider \u00e0 cheminer vers l\u2019avenir&nbsp;? Il n\u2019y a pas de renouveau sans audace.&nbsp;\u00bb<\/p>\n<p>Les mennonites, les baptistes et d\u2019autres groupes anabaptistes \u0153cum\u00e9niques avec le Conseil des \u00c9glises chr\u00e9tiennes en Allemagne ont pr\u00e9vu une s\u00e9rie d\u2019\u00e9v\u00e9nements \u00e9tal\u00e9s sur cinq ans&nbsp;:<\/p>\n<ul>\n<li>2020&nbsp;: Oser vivre avec maturit\u00e9.&nbsp;: bapt\u00eame, libre arbitre, libert\u00e9 de religion<\/li>\n<li>2021&nbsp;: Oser vivre ensemble&nbsp;: \u00e9galit\u00e9, responsabilit\u00e9, autonomie<\/li>\n<li>2022&nbsp;: Oser vivre de mani\u00e8re coh\u00e9rente&nbsp;: tourn\u00e9 vers J\u00e9sus, non conformiste, confesser la foi, martyre<\/li>\n<li>2023&nbsp;: Oser vivre sans violence&nbsp;: \u00e9glise de paix, r\u00e9sistance, r\u00e9conciliation<\/li>\n<li>2024&nbsp;: Oser vivre avec espoir&nbsp;: royaume de Dieu, utopie, renouveau<\/li>\n<\/ul>\n<p>Chaque ann\u00e9e, les \u00e9glises collaboratrices publieront un volume sur les th\u00e8mes ci-dessus. Les \u00e9v\u00e9nements aboutiront \u00e0 une c\u00e9l\u00e9bration \u00e0 Zurich le 29&nbsp;mai&nbsp;2025.<\/p>\n<p>L\u2019\u00e9v\u00e9nement de 2020 est pr\u00e9vu le 10 octobre 2020 \u00e0 Hambourg, en Allemagne. Le livre th\u00e9matique, \u00e9crit par Astrid von Schlachta et portant sur les mennonites de la R\u00e9forme jusqu\u2019au 21e si\u00e8cle, <a href=\"https:\/\/www.narr.de\/t%C3%A4ufer-45336-2\/\">a \u00e9t\u00e9 publi\u00e9<\/a>. L\u2019\u00e9v\u00e9nement explorera des questions telles que \u00ab&nbsp;\u00e0 quoi ressemble la libert\u00e9 de religion sans restriction dans une soci\u00e9t\u00e9 pluraliste sur le plan de la religion&nbsp;?&nbsp;\u00bb, \u00ab&nbsp;quelles influences de la tradition anabaptiste ouvrent des perspectives sur l\u2019interaction humaine pour une coexistence juste&nbsp;?&nbsp;\u00bb, \u00ab&nbsp;que signifie vivre fid\u00e8lement en tant que chr\u00e9tiens matures aujourd\u2019hui&nbsp;?&nbsp;\u00bb.<\/p>\n<p>Astrid von Schlachta est directrice du Centre de recherche mennonite \u00e0 Weierhof, en Allemagne, et l\u2019autrice de plusieurs livres sur l\u2019histoire anabaptiste.<\/p>\n<p>Les autres mennonites impliqu\u00e9s dans la planification de l\u2019\u00e9v\u00e9nement sont Liesa Unger (CMM), Johannes Dyck (Bibelseminar Bonn), Walter Jakobeit (Arbeitsgemeinschaft Mennonitischer Br\u00fcdergemeinden Deutschland) et Ulrike Arnold (Mennonitischer Geschichtsverein). Pour plus d\u2019information, voir <a href=\"http:\/\/www.taeuferbewegung2025.de\/\">www.taeuferbewegung2025.de<\/a><em>.<\/em><\/p>\n<p><em>\u2014Communiqu\u00e9 de la Conf\u00e9rence Mennonite Mondiale<\/em><\/p>\n<p><span style=\"font-size:9px;\"><em>Mise \u00e0 jour 25 aout 2020: ajout\u00e9 \u00ab\u00a0<\/em>Conseil des \u00c9glises chr\u00e9tiennes\u00a0\u00bb<\/span><\/p>\n","protected":false},"excerpt":{"rendered":"<p>Il n\u2019y avait pas une \u00ab&nbsp;th\u00e9ologie anabaptiste&nbsp;\u00bb au 16e si\u00e8cle \u2013 il y avait <em>plusieurs<\/em> th\u00e9ologies anabaptistes, dit Astrid von Schlachta. L\u2019historienne mennonite dirige la comm\u00e9moration du mouvement anabaptisme qui c\u00e9l\u00e9brera son 500e anniversaire en 2025. \u00ab&nbsp;Oser&nbsp;\u00bb est le th\u00e8me de cette comm\u00e9moration, projet commun des mennonites et des baptistes, qui examine ce que signifie un mouvement anabaptiste pour l\u2019\u00e9glise d\u2019aujourd\u2019hui \u00e0 la lumi\u00e8re de son histoire.<\/p>\n","protected":false},"author":1,"featured_media":92469,"comment_status":"closed","ping_status":"closed","sticky":false,"template":"","format":"standard","meta":{"_acf_changed":false,"footnotes":""},"categories":[7],"tags":[],"network":[],"eventcategory":[],"class_list":["post-10175","post","type-post","status-publish","format-standard","has-post-thumbnail","hentry","category-non-classifiee"],"acf":[],"yoast_head":"<!-- This site is optimized with the Yoast SEO plugin v27.5 - https:\/\/yoast.com\/product\/yoast-seo-wordpress\/ -->\n<title>\u00ab Le renouveau viendra en osant \u00bb - Mennonite World Conference<\/title>\n<meta name=\"robots\" content=\"index, follow, max-snippet:-1, max-image-preview:large, max-video-preview:-1\" \/>\n<link rel=\"canonical\" href=\"https:\/\/mwc-cmm.org\/fr\/stories\/le-renouveau-viendra-en-osant\/\" \/>\n<meta property=\"og:locale\" content=\"fr_FR\" \/>\n<meta property=\"og:type\" content=\"article\" \/>\n<meta property=\"og:title\" content=\"\u00ab Le renouveau viendra en osant \u00bb - Mennonite World Conference\" \/>\n<meta property=\"og:description\" content=\"Il n\u2019y avait pas une \u00ab&nbsp;th\u00e9ologie anabaptiste&nbsp;\u00bb au 16e si\u00e8cle \u2013 il y avait plusieurs th\u00e9ologies anabaptistes, dit Astrid von Schlachta. L\u2019historienne mennonite dirige la comm\u00e9moration du mouvement anabaptisme qui c\u00e9l\u00e9brera son 500e anniversaire en 2025. \u00ab&nbsp;Oser&nbsp;\u00bb est le th\u00e8me de cette comm\u00e9moration, projet commun des mennonites et des baptistes, qui examine ce que signifie un mouvement anabaptiste pour l\u2019\u00e9glise d\u2019aujourd\u2019hui \u00e0 la lumi\u00e8re de son histoire.\" \/>\n<meta property=\"og:url\" content=\"https:\/\/mwc-cmm.org\/fr\/stories\/le-renouveau-viendra-en-osant\/\" \/>\n<meta property=\"og:site_name\" content=\"Mennonite World Conference\" \/>\n<meta property=\"article:publisher\" content=\"https:\/\/www.facebook.com\/MennoniteWorldConference\" \/>\n<meta property=\"article:published_time\" content=\"2020-07-31T00:00:00+00:00\" \/>\n<meta property=\"article:modified_time\" content=\"2024-12-10T17:17:07+00:00\" \/>\n<meta property=\"og:image\" content=\"https:\/\/mwc-cmm.org\/wp-content\/uploads\/2024\/11\/201911-jnk-daring-astrid-walter-scaled.jpg\" \/>\n\t<meta property=\"og:image:width\" content=\"2560\" \/>\n\t<meta property=\"og:image:height\" content=\"2107\" \/>\n\t<meta property=\"og:image:type\" content=\"image\/jpeg\" \/>\n<meta name=\"author\" content=\"mennworldcon\" \/>\n<script type=\"application\/ld+json\" class=\"yoast-schema-graph\">{\"@context\":\"https:\\\/\\\/schema.org\",\"@graph\":[{\"@type\":\"Article\",\"@id\":\"https:\\\/\\\/mwc-cmm.org\\\/fr\\\/stories\\\/le-renouveau-viendra-en-osant\\\/#article\",\"isPartOf\":{\"@id\":\"https:\\\/\\\/mwc-cmm.org\\\/fr\\\/stories\\\/le-renouveau-viendra-en-osant\\\/\"},\"author\":{\"name\":\"mennworldcon\",\"@id\":\"https:\\\/\\\/mwc-cmm.org\\\/en\\\/#\\\/schema\\\/person\\\/11f6ae0d7d1868ba20a1cc27f067c836\"},\"headline\":\"\u00ab Le renouveau viendra en osant \u00bb\",\"datePublished\":\"2020-07-31T00:00:00+00:00\",\"dateModified\":\"2024-12-10T17:17:07+00:00\",\"mainEntityOfPage\":{\"@id\":\"https:\\\/\\\/mwc-cmm.org\\\/fr\\\/stories\\\/le-renouveau-viendra-en-osant\\\/\"},\"wordCount\":517,\"publisher\":{\"@id\":\"https:\\\/\\\/mwc-cmm.org\\\/en\\\/#organization\"},\"image\":{\"@id\":\"https:\\\/\\\/mwc-cmm.org\\\/fr\\\/stories\\\/le-renouveau-viendra-en-osant\\\/#primaryimage\"},\"thumbnailUrl\":\"https:\\\/\\\/mwc-cmm.org\\\/wp-content\\\/uploads\\\/2024\\\/11\\\/201911-jnk-daring-astrid-walter-scaled.jpg\",\"articleSection\":[\"Non classifi\u00e9(e)\"],\"inLanguage\":\"fr-FR\"},{\"@type\":\"WebPage\",\"@id\":\"https:\\\/\\\/mwc-cmm.org\\\/fr\\\/stories\\\/le-renouveau-viendra-en-osant\\\/\",\"url\":\"https:\\\/\\\/mwc-cmm.org\\\/fr\\\/stories\\\/le-renouveau-viendra-en-osant\\\/\",\"name\":\"\u00ab Le renouveau viendra en osant \u00bb - Mennonite World Conference\",\"isPartOf\":{\"@id\":\"https:\\\/\\\/mwc-cmm.org\\\/en\\\/#website\"},\"primaryImageOfPage\":{\"@id\":\"https:\\\/\\\/mwc-cmm.org\\\/fr\\\/stories\\\/le-renouveau-viendra-en-osant\\\/#primaryimage\"},\"image\":{\"@id\":\"https:\\\/\\\/mwc-cmm.org\\\/fr\\\/stories\\\/le-renouveau-viendra-en-osant\\\/#primaryimage\"},\"thumbnailUrl\":\"https:\\\/\\\/mwc-cmm.org\\\/wp-content\\\/uploads\\\/2024\\\/11\\\/201911-jnk-daring-astrid-walter-scaled.jpg\",\"datePublished\":\"2020-07-31T00:00:00+00:00\",\"dateModified\":\"2024-12-10T17:17:07+00:00\",\"breadcrumb\":{\"@id\":\"https:\\\/\\\/mwc-cmm.org\\\/fr\\\/stories\\\/le-renouveau-viendra-en-osant\\\/#breadcrumb\"},\"inLanguage\":\"fr-FR\",\"potentialAction\":[{\"@type\":\"ReadAction\",\"target\":[\"https:\\\/\\\/mwc-cmm.org\\\/fr\\\/stories\\\/le-renouveau-viendra-en-osant\\\/\"]}]},{\"@type\":\"ImageObject\",\"inLanguage\":\"fr-FR\",\"@id\":\"https:\\\/\\\/mwc-cmm.org\\\/fr\\\/stories\\\/le-renouveau-viendra-en-osant\\\/#primaryimage\",\"url\":\"https:\\\/\\\/mwc-cmm.org\\\/wp-content\\\/uploads\\\/2024\\\/11\\\/201911-jnk-daring-astrid-walter-scaled.jpg\",\"contentUrl\":\"https:\\\/\\\/mwc-cmm.org\\\/wp-content\\\/uploads\\\/2024\\\/11\\\/201911-jnk-daring-astrid-walter-scaled.jpg\",\"width\":2560,\"height\":2107,\"caption\":\"\u0907\u0924\u093f\u0939\u093e\u0938\u0915\u093e\u0930 \u0905\u0938\u094d\u091f\u094d\u0930\u093f\u0921 \u0935\u094b\u0928 \u0936\u094d\u0915\u0932\u093e\u0915\u094d\u091f\u093e \u0935 \u0928\u094d\u092f\u0942\u0935\u0947\u092f\u0921 \u092e\u0947\u0928\u094b\u0928\u093e\u0907\u091f \u092c\u094d\u0930\u0926\u0930\u0928 \u091a\u0930\u094d\u091a \u0915\u0947 \u092a\u093e\u0938\u094d\u091f\u0930 \u0935\u093e\u0932\u094d\u091f\u0930 \u091c\u093e\u0915\u094b\u092c\u093e\u0907\u091f \u0915\u0947 \u092c\u0940\u091a \u092c\u093e\u0924\u091a\u0940\u0924\u0964 \u092b\u094b\u091f\u094b\u0903 \u091c\u0947 \u0928\u0947\u0932\u0938\u0928 \u0915\u094d\u0930\u0947\u092f\u092c\u093f\u0932\"},{\"@type\":\"BreadcrumbList\",\"@id\":\"https:\\\/\\\/mwc-cmm.org\\\/fr\\\/stories\\\/le-renouveau-viendra-en-osant\\\/#breadcrumb\",\"itemListElement\":[{\"@type\":\"ListItem\",\"position\":1,\"name\":\"Home\",\"item\":\"https:\\\/\\\/mwc-cmm.org\\\/fr\\\/\"},{\"@type\":\"ListItem\",\"position\":2,\"name\":\"\u00ab Le renouveau viendra en osant \u00bb\"}]},{\"@type\":\"WebSite\",\"@id\":\"https:\\\/\\\/mwc-cmm.org\\\/en\\\/#website\",\"url\":\"https:\\\/\\\/mwc-cmm.org\\\/en\\\/\",\"name\":\"Mennonite World Conference\",\"description\":\"A communion of Anabaptist-related churches\",\"publisher\":{\"@id\":\"https:\\\/\\\/mwc-cmm.org\\\/en\\\/#organization\"},\"alternateName\":\"MWC\",\"potentialAction\":[{\"@type\":\"SearchAction\",\"target\":{\"@type\":\"EntryPoint\",\"urlTemplate\":\"https:\\\/\\\/mwc-cmm.org\\\/en\\\/?s={search_term_string}\"},\"query-input\":{\"@type\":\"PropertyValueSpecification\",\"valueRequired\":true,\"valueName\":\"search_term_string\"}}],\"inLanguage\":\"fr-FR\"},{\"@type\":\"Organization\",\"@id\":\"https:\\\/\\\/mwc-cmm.org\\\/en\\\/#organization\",\"name\":\"Mennonite World Conference\",\"alternateName\":\"MWC\",\"url\":\"https:\\\/\\\/mwc-cmm.org\\\/en\\\/\",\"logo\":{\"@type\":\"ImageObject\",\"inLanguage\":\"fr-FR\",\"@id\":\"https:\\\/\\\/mwc-cmm.org\\\/en\\\/#\\\/schema\\\/logo\\\/image\\\/\",\"url\":\"https:\\\/\\\/mwc-cmm.org\\\/wp-content\\\/uploads\\\/2026\\\/01\\\/MWC_Sig_Blue_Horiz_webheader1-logo.svg\",\"contentUrl\":\"https:\\\/\\\/mwc-cmm.org\\\/wp-content\\\/uploads\\\/2026\\\/01\\\/MWC_Sig_Blue_Horiz_webheader1-logo.svg\",\"width\":786,\"height\":82,\"caption\":\"Mennonite World Conference\"},\"image\":{\"@id\":\"https:\\\/\\\/mwc-cmm.org\\\/en\\\/#\\\/schema\\\/logo\\\/image\\\/\"},\"sameAs\":[\"https:\\\/\\\/www.facebook.com\\\/MennoniteWorldConference\",\"https:\\\/\\\/www.linkedin.com\\\/company\\\/mennonite-world-conference-mwc\\\/\",\"https:\\\/\\\/www.instagram.com\\\/mwcmm\\\/\",\"https:\\\/\\\/www.youtube.com\\\/user\\\/mwccmm\",\"https:\\\/\\\/bsky.app\\\/profile\\\/mwcmm.bsky.social\"]},{\"@type\":\"Person\",\"@id\":\"https:\\\/\\\/mwc-cmm.org\\\/en\\\/#\\\/schema\\\/person\\\/11f6ae0d7d1868ba20a1cc27f067c836\",\"name\":\"mennworldcon\",\"image\":{\"@type\":\"ImageObject\",\"inLanguage\":\"fr-FR\",\"@id\":\"https:\\\/\\\/secure.gravatar.com\\\/avatar\\\/06fdc0dc81c157dfdb82ec42f252178a22307808988d22c043f9eb96f1e0fe80?s=96&d=mm&r=g\",\"url\":\"https:\\\/\\\/secure.gravatar.com\\\/avatar\\\/06fdc0dc81c157dfdb82ec42f252178a22307808988d22c043f9eb96f1e0fe80?s=96&d=mm&r=g\",\"contentUrl\":\"https:\\\/\\\/secure.gravatar.com\\\/avatar\\\/06fdc0dc81c157dfdb82ec42f252178a22307808988d22c043f9eb96f1e0fe80?s=96&d=mm&r=g\",\"caption\":\"mennworldcon\"},\"sameAs\":[\"https:\\\/\\\/mwc-cmm.org\"],\"url\":\"https:\\\/\\\/mwc-cmm.org\\\/fr\\\/stories\\\/author\\\/mennworldcon\\\/\"}]}<\/script>\n<!-- \/ Yoast SEO plugin. -->","yoast_head_json":{"title":"\u00ab Le renouveau viendra en osant \u00bb - Mennonite World Conference","robots":{"index":"index","follow":"follow","max-snippet":"max-snippet:-1","max-image-preview":"max-image-preview:large","max-video-preview":"max-video-preview:-1"},"canonical":"https:\/\/mwc-cmm.org\/fr\/stories\/le-renouveau-viendra-en-osant\/","og_locale":"fr_FR","og_type":"article","og_title":"\u00ab Le renouveau viendra en osant \u00bb - Mennonite World Conference","og_description":"Il n\u2019y avait pas une \u00ab&nbsp;th\u00e9ologie anabaptiste&nbsp;\u00bb au 16e si\u00e8cle \u2013 il y avait plusieurs th\u00e9ologies anabaptistes, dit Astrid von Schlachta. L\u2019historienne mennonite dirige la comm\u00e9moration du mouvement anabaptisme qui c\u00e9l\u00e9brera son 500e anniversaire en 2025. \u00ab&nbsp;Oser&nbsp;\u00bb est le th\u00e8me de cette comm\u00e9moration, projet commun des mennonites et des baptistes, qui examine ce que signifie un mouvement anabaptiste pour l\u2019\u00e9glise d\u2019aujourd\u2019hui \u00e0 la lumi\u00e8re de son histoire.","og_url":"https:\/\/mwc-cmm.org\/fr\/stories\/le-renouveau-viendra-en-osant\/","og_site_name":"Mennonite World Conference","article_publisher":"https:\/\/www.facebook.com\/MennoniteWorldConference","article_published_time":"2020-07-31T00:00:00+00:00","article_modified_time":"2024-12-10T17:17:07+00:00","og_image":[{"width":2560,"height":2107,"url":"https:\/\/mwc-cmm.org\/wp-content\/uploads\/2024\/11\/201911-jnk-daring-astrid-walter-scaled.jpg","type":"image\/jpeg"}],"author":"mennworldcon","schema":{"@context":"https:\/\/schema.org","@graph":[{"@type":"Article","@id":"https:\/\/mwc-cmm.org\/fr\/stories\/le-renouveau-viendra-en-osant\/#article","isPartOf":{"@id":"https:\/\/mwc-cmm.org\/fr\/stories\/le-renouveau-viendra-en-osant\/"},"author":{"name":"mennworldcon","@id":"https:\/\/mwc-cmm.org\/en\/#\/schema\/person\/11f6ae0d7d1868ba20a1cc27f067c836"},"headline":"\u00ab Le renouveau viendra en osant \u00bb","datePublished":"2020-07-31T00:00:00+00:00","dateModified":"2024-12-10T17:17:07+00:00","mainEntityOfPage":{"@id":"https:\/\/mwc-cmm.org\/fr\/stories\/le-renouveau-viendra-en-osant\/"},"wordCount":517,"publisher":{"@id":"https:\/\/mwc-cmm.org\/en\/#organization"},"image":{"@id":"https:\/\/mwc-cmm.org\/fr\/stories\/le-renouveau-viendra-en-osant\/#primaryimage"},"thumbnailUrl":"https:\/\/mwc-cmm.org\/wp-content\/uploads\/2024\/11\/201911-jnk-daring-astrid-walter-scaled.jpg","articleSection":["Non classifi\u00e9(e)"],"inLanguage":"fr-FR"},{"@type":"WebPage","@id":"https:\/\/mwc-cmm.org\/fr\/stories\/le-renouveau-viendra-en-osant\/","url":"https:\/\/mwc-cmm.org\/fr\/stories\/le-renouveau-viendra-en-osant\/","name":"\u00ab Le renouveau viendra en osant \u00bb - Mennonite World Conference","isPartOf":{"@id":"https:\/\/mwc-cmm.org\/en\/#website"},"primaryImageOfPage":{"@id":"https:\/\/mwc-cmm.org\/fr\/stories\/le-renouveau-viendra-en-osant\/#primaryimage"},"image":{"@id":"https:\/\/mwc-cmm.org\/fr\/stories\/le-renouveau-viendra-en-osant\/#primaryimage"},"thumbnailUrl":"https:\/\/mwc-cmm.org\/wp-content\/uploads\/2024\/11\/201911-jnk-daring-astrid-walter-scaled.jpg","datePublished":"2020-07-31T00:00:00+00:00","dateModified":"2024-12-10T17:17:07+00:00","breadcrumb":{"@id":"https:\/\/mwc-cmm.org\/fr\/stories\/le-renouveau-viendra-en-osant\/#breadcrumb"},"inLanguage":"fr-FR","potentialAction":[{"@type":"ReadAction","target":["https:\/\/mwc-cmm.org\/fr\/stories\/le-renouveau-viendra-en-osant\/"]}]},{"@type":"ImageObject","inLanguage":"fr-FR","@id":"https:\/\/mwc-cmm.org\/fr\/stories\/le-renouveau-viendra-en-osant\/#primaryimage","url":"https:\/\/mwc-cmm.org\/wp-content\/uploads\/2024\/11\/201911-jnk-daring-astrid-walter-scaled.jpg","contentUrl":"https:\/\/mwc-cmm.org\/wp-content\/uploads\/2024\/11\/201911-jnk-daring-astrid-walter-scaled.jpg","width":2560,"height":2107,"caption":"\u0907\u0924\u093f\u0939\u093e\u0938\u0915\u093e\u0930 \u0905\u0938\u094d\u091f\u094d\u0930\u093f\u0921 \u0935\u094b\u0928 \u0936\u094d\u0915\u0932\u093e\u0915\u094d\u091f\u093e \u0935 \u0928\u094d\u092f\u0942\u0935\u0947\u092f\u0921 \u092e\u0947\u0928\u094b\u0928\u093e\u0907\u091f \u092c\u094d\u0930\u0926\u0930\u0928 \u091a\u0930\u094d\u091a \u0915\u0947 \u092a\u093e\u0938\u094d\u091f\u0930 \u0935\u093e\u0932\u094d\u091f\u0930 \u091c\u093e\u0915\u094b\u092c\u093e\u0907\u091f \u0915\u0947 \u092c\u0940\u091a \u092c\u093e\u0924\u091a\u0940\u0924\u0964 \u092b\u094b\u091f\u094b\u0903 \u091c\u0947 \u0928\u0947\u0932\u0938\u0928 \u0915\u094d\u0930\u0947\u092f\u092c\u093f\u0932"},{"@type":"BreadcrumbList","@id":"https:\/\/mwc-cmm.org\/fr\/stories\/le-renouveau-viendra-en-osant\/#breadcrumb","itemListElement":[{"@type":"ListItem","position":1,"name":"Home","item":"https:\/\/mwc-cmm.org\/fr\/"},{"@type":"ListItem","position":2,"name":"\u00ab Le renouveau viendra en osant \u00bb"}]},{"@type":"WebSite","@id":"https:\/\/mwc-cmm.org\/en\/#website","url":"https:\/\/mwc-cmm.org\/en\/","name":"Mennonite World Conference","description":"A communion of Anabaptist-related churches","publisher":{"@id":"https:\/\/mwc-cmm.org\/en\/#organization"},"alternateName":"MWC","potentialAction":[{"@type":"SearchAction","target":{"@type":"EntryPoint","urlTemplate":"https:\/\/mwc-cmm.org\/en\/?s={search_term_string}"},"query-input":{"@type":"PropertyValueSpecification","valueRequired":true,"valueName":"search_term_string"}}],"inLanguage":"fr-FR"},{"@type":"Organization","@id":"https:\/\/mwc-cmm.org\/en\/#organization","name":"Mennonite World Conference","alternateName":"MWC","url":"https:\/\/mwc-cmm.org\/en\/","logo":{"@type":"ImageObject","inLanguage":"fr-FR","@id":"https:\/\/mwc-cmm.org\/en\/#\/schema\/logo\/image\/","url":"https:\/\/mwc-cmm.org\/wp-content\/uploads\/2026\/01\/MWC_Sig_Blue_Horiz_webheader1-logo.svg","contentUrl":"https:\/\/mwc-cmm.org\/wp-content\/uploads\/2026\/01\/MWC_Sig_Blue_Horiz_webheader1-logo.svg","width":786,"height":82,"caption":"Mennonite World Conference"},"image":{"@id":"https:\/\/mwc-cmm.org\/en\/#\/schema\/logo\/image\/"},"sameAs":["https:\/\/www.facebook.com\/MennoniteWorldConference","https:\/\/www.linkedin.com\/company\/mennonite-world-conference-mwc\/","https:\/\/www.instagram.com\/mwcmm\/","https:\/\/www.youtube.com\/user\/mwccmm","https:\/\/bsky.app\/profile\/mwcmm.bsky.social"]},{"@type":"Person","@id":"https:\/\/mwc-cmm.org\/en\/#\/schema\/person\/11f6ae0d7d1868ba20a1cc27f067c836","name":"mennworldcon","image":{"@type":"ImageObject","inLanguage":"fr-FR","@id":"https:\/\/secure.gravatar.com\/avatar\/06fdc0dc81c157dfdb82ec42f252178a22307808988d22c043f9eb96f1e0fe80?s=96&d=mm&r=g","url":"https:\/\/secure.gravatar.com\/avatar\/06fdc0dc81c157dfdb82ec42f252178a22307808988d22c043f9eb96f1e0fe80?s=96&d=mm&r=g","contentUrl":"https:\/\/secure.gravatar.com\/avatar\/06fdc0dc81c157dfdb82ec42f252178a22307808988d22c043f9eb96f1e0fe80?s=96&d=mm&r=g","caption":"mennworldcon"},"sameAs":["https:\/\/mwc-cmm.org"],"url":"https:\/\/mwc-cmm.org\/fr\/stories\/author\/mennworldcon\/"}]}},"_links":{"self":[{"href":"https:\/\/mwc-cmm.org\/fr\/wp-json\/wp\/v2\/posts\/10175","targetHints":{"allow":["GET"]}}],"collection":[{"href":"https:\/\/mwc-cmm.org\/fr\/wp-json\/wp\/v2\/posts"}],"about":[{"href":"https:\/\/mwc-cmm.org\/fr\/wp-json\/wp\/v2\/types\/post"}],"author":[{"embeddable":true,"href":"https:\/\/mwc-cmm.org\/fr\/wp-json\/wp\/v2\/users\/1"}],"replies":[{"embeddable":true,"href":"https:\/\/mwc-cmm.org\/fr\/wp-json\/wp\/v2\/comments?post=10175"}],"version-history":[{"count":0,"href":"https:\/\/mwc-cmm.org\/fr\/wp-json\/wp\/v2\/posts\/10175\/revisions"}],"wp:featuredmedia":[{"embeddable":true,"href":"https:\/\/mwc-cmm.org\/fr\/wp-json\/wp\/v2\/media\/92469"}],"wp:attachment":[{"href":"https:\/\/mwc-cmm.org\/fr\/wp-json\/wp\/v2\/media?parent=10175"}],"wp:term":[{"taxonomy":"category","embeddable":true,"href":"https:\/\/mwc-cmm.org\/fr\/wp-json\/wp\/v2\/categories?post=10175"},{"taxonomy":"post_tag","embeddable":true,"href":"https:\/\/mwc-cmm.org\/fr\/wp-json\/wp\/v2\/tags?post=10175"},{"taxonomy":"network","embeddable":true,"href":"https:\/\/mwc-cmm.org\/fr\/wp-json\/wp\/v2\/network?post=10175"},{"taxonomy":"eventcategory","embeddable":true,"href":"https:\/\/mwc-cmm.org\/fr\/wp-json\/wp\/v2\/eventcategory?post=10175"}],"curies":[{"name":"wp","href":"https:\/\/api.w.org\/{rel}","templated":true}]}}