{"id":10172,"date":"2020-07-17T00:00:00","date_gmt":"2020-07-17T00:00:00","guid":{"rendered":"https:\/\/mwc-cmm.org\/ministry-partner-update-icomb-july-2020-4\/"},"modified":"2024-12-10T17:17:05","modified_gmt":"2024-12-10T17:17:05","slug":"mise-a-jour-du-ministere-partenaire-icomb-d-julliet-2020","status":"publish","type":"post","link":"https:\/\/mwc-cmm.org\/fr\/stories\/mise-a-jour-du-ministere-partenaire-icomb-d-julliet-2020\/","title":{"rendered":"Mise \u00e0 jour du minist\u00e8re partenaire : ICOMB \u2013 julliet 2020"},"content":{"rendered":"<p><em>La International Community of Mennonite Brethren (ICOMB, ou Communaut\u00e9 internationale des Fr\u00e8res Mennonites) est form\u00e9e de 21 communaut\u00e9s d\u2019\u00e9glises dans 19 pays, avec approximativement 450 000 membres. ICOMB veut faciliter les relations entre les diff\u00e9rents minist\u00e8res, et am\u00e9liorer le t\u00e9moignage et le discipulat de ses communaut\u00e9s d\u2019\u00e9glises membres&nbsp;: connecter, renforcer, r\u00e9pandre.<\/em><\/p>\n<p><strong>Mise \u00e0 jour sur l&rsquo;Angola<\/strong><\/p>\n<p>Jean-Claude Ambeke est confront\u00e9 \u00e0 des d\u00e9fis importants en tant que leader des conf\u00e9rences FM en Angola &#8211; Igreja Evangelica dos Irmaos Menonitas en Angola (IEIMA). IEIMA tente de lever des fonds pour rouvrir les 17 \u00e9glises que le gouvernement a ferm\u00e9es l&rsquo;ann\u00e9e derni\u00e8re. Les b\u00e2timents de l&rsquo;\u00e9glise n&rsquo;\u00e9taient pas en assez bon \u00e9tat pour passer une nouvelle l\u00e9gislation gouvernementale. Les d\u00e9fis financiers de la conf\u00e9rence sont importants, et Jean-Claude travaille sur l&rsquo;\u00e9ducation et l&rsquo;\u00e9tablissement de relations afin que les pasteurs locaux comprennent l&rsquo;importance de soutenir le travail de la conf\u00e9rence nationale.<\/p>\n<p>En raison de COVID-19, les membres d&rsquo;\u00e9glise n&rsquo;ont pas la libert\u00e9 de voyager et la situation \u00e9conomique a conduit \u00e0 un manque important de nourriture. La conf\u00e9rence encourage les membres \u00e0 cultiver des l\u00e9gumes \u00e0 la maison afin qu&rsquo;ils aient quelque chose \u00e0 manger. Ils ont \u00e9galement mis l&rsquo;accent sur l&rsquo;hygi\u00e8ne et le lavage des mains. Les membres ont tenu des r\u00e9unions de pri\u00e8re dans leurs maisons et approfondi leur foi par l&rsquo;\u00e9tude personnelle de la Bible. Les membres ont \u00e9vang\u00e9lis\u00e9 dans leurs communaut\u00e9s locales et ont conduit de nombreuses personnes \u00e0 Christ.<\/p>\n<p>Priez pour IEIMA, pour l&rsquo;unit\u00e9 pendant les moments difficiles, pour la sant\u00e9 et la s\u00e9curit\u00e9 de ses membres et dirigeants, et pour la sagesse et les conseils de Dieu \u00e0 travers la temp\u00eate actuelle.<\/p>\n<p><strong><em>\u2014<\/em><\/strong><strong><em>Mise \u00e0 jour de la pri\u00e8re<\/em><\/strong><\/p>\n","protected":false},"excerpt":{"rendered":"<p>Jean-Claude Ambeke est confront\u00e9 \u00e0 des d\u00e9fis importants en tant que leader des conf\u00e9rences FM en Angola &#8211; Igreja Evangelica dos Irmaos Menonitas en Angola (IEIMA). IEIMA tente de lever des fonds pour rouvrir les 17 \u00e9glises que le gouvernement a ferm\u00e9es l&rsquo;ann\u00e9e derni\u00e8re.<\/p>\n","protected":false},"author":1,"featured_media":92399,"comment_status":"closed","ping_status":"closed","sticky":false,"template":"","format":"standard","meta":{"_acf_changed":false,"footnotes":""},"categories":[7],"tags":[],"network":[],"eventcategory":[],"class_list":["post-10172","post","type-post","status-publish","format-standard","has-post-thumbnail","hentry","category-non-classifiee"],"acf":[],"yoast_head":"<!-- This site is optimized with the Yoast SEO plugin v27.2 - https:\/\/yoast.com\/product\/yoast-seo-wordpress\/ -->\n<title>Mise \u00e0 jour du minist\u00e8re partenaire : ICOMB \u2013 julliet 2020 - Mennonite World Conference<\/title>\n<meta name=\"robots\" content=\"index, follow, max-snippet:-1, max-image-preview:large, max-video-preview:-1\" \/>\n<link rel=\"canonical\" href=\"https:\/\/mwc-cmm.org\/fr\/stories\/mise-a-jour-du-ministere-partenaire-icomb-d-julliet-2020\/\" \/>\n<meta property=\"og:locale\" content=\"fr_FR\" \/>\n<meta property=\"og:type\" content=\"article\" \/>\n<meta property=\"og:title\" content=\"Mise \u00e0 jour du minist\u00e8re partenaire : ICOMB \u2013 julliet 2020 - Mennonite World Conference\" \/>\n<meta property=\"og:description\" content=\"Jean-Claude Ambeke est confront\u00e9 \u00e0 des d\u00e9fis importants en tant que leader des conf\u00e9rences FM en Angola - Igreja Evangelica dos Irmaos Menonitas en Angola (IEIMA). IEIMA tente de lever des fonds pour rouvrir les 17 \u00e9glises que le gouvernement a ferm\u00e9es l&#039;ann\u00e9e derni\u00e8re.\" \/>\n<meta property=\"og:url\" content=\"https:\/\/mwc-cmm.org\/fr\/stories\/mise-a-jour-du-ministere-partenaire-icomb-d-julliet-2020\/\" \/>\n<meta property=\"og:site_name\" content=\"Mennonite World Conference\" \/>\n<meta property=\"article:publisher\" content=\"https:\/\/www.facebook.com\/MennoniteWorldConference\" \/>\n<meta property=\"article:published_time\" content=\"2020-07-17T00:00:00+00:00\" \/>\n<meta property=\"article:modified_time\" content=\"2024-12-10T17:17:05+00:00\" \/>\n<meta property=\"og:image\" content=\"https:\/\/mwc-cmm.org\/wp-content\/uploads\/2024\/11\/33373418180_8bf4b9100d_o-scaled.jpg\" \/>\n\t<meta property=\"og:image:width\" content=\"1904\" \/>\n\t<meta property=\"og:image:height\" content=\"2560\" \/>\n\t<meta property=\"og:image:type\" content=\"image\/jpeg\" \/>\n<meta name=\"author\" content=\"mennworldcon\" \/>\n<script type=\"application\/ld+json\" class=\"yoast-schema-graph\">{\"@context\":\"https:\/\/schema.org\",\"@graph\":[{\"@type\":\"Article\",\"@id\":\"https:\/\/mwc-cmm.org\/fr\/stories\/mise-a-jour-du-ministere-partenaire-icomb-d-julliet-2020\/#article\",\"isPartOf\":{\"@id\":\"https:\/\/mwc-cmm.org\/fr\/stories\/mise-a-jour-du-ministere-partenaire-icomb-d-julliet-2020\/\"},\"author\":{\"name\":\"mennworldcon\",\"@id\":\"https:\/\/mwc-cmm.org\/en\/#\/schema\/person\/11f6ae0d7d1868ba20a1cc27f067c836\"},\"headline\":\"Mise \u00e0 jour du minist\u00e8re partenaire : ICOMB \u2013 julliet 2020\",\"datePublished\":\"2020-07-17T00:00:00+00:00\",\"dateModified\":\"2024-12-10T17:17:05+00:00\",\"mainEntityOfPage\":{\"@id\":\"https:\/\/mwc-cmm.org\/fr\/stories\/mise-a-jour-du-ministere-partenaire-icomb-d-julliet-2020\/\"},\"wordCount\":321,\"publisher\":{\"@id\":\"https:\/\/mwc-cmm.org\/en\/#organization\"},\"image\":{\"@id\":\"https:\/\/mwc-cmm.org\/fr\/stories\/mise-a-jour-du-ministere-partenaire-icomb-d-julliet-2020\/#primaryimage\"},\"thumbnailUrl\":\"https:\/\/mwc-cmm.org\/wp-content\/uploads\/2024\/11\/33373418180_8bf4b9100d_o-scaled.jpg\",\"articleSection\":[\"Non classifi\u00e9(e)\"],\"inLanguage\":\"fr-FR\"},{\"@type\":\"WebPage\",\"@id\":\"https:\/\/mwc-cmm.org\/fr\/stories\/mise-a-jour-du-ministere-partenaire-icomb-d-julliet-2020\/\",\"url\":\"https:\/\/mwc-cmm.org\/fr\/stories\/mise-a-jour-du-ministere-partenaire-icomb-d-julliet-2020\/\",\"name\":\"Mise \u00e0 jour du minist\u00e8re partenaire : ICOMB \u2013 julliet 2020 - Mennonite World Conference\",\"isPartOf\":{\"@id\":\"https:\/\/mwc-cmm.org\/en\/#website\"},\"primaryImageOfPage\":{\"@id\":\"https:\/\/mwc-cmm.org\/fr\/stories\/mise-a-jour-du-ministere-partenaire-icomb-d-julliet-2020\/#primaryimage\"},\"image\":{\"@id\":\"https:\/\/mwc-cmm.org\/fr\/stories\/mise-a-jour-du-ministere-partenaire-icomb-d-julliet-2020\/#primaryimage\"},\"thumbnailUrl\":\"https:\/\/mwc-cmm.org\/wp-content\/uploads\/2024\/11\/33373418180_8bf4b9100d_o-scaled.jpg\",\"datePublished\":\"2020-07-17T00:00:00+00:00\",\"dateModified\":\"2024-12-10T17:17:05+00:00\",\"breadcrumb\":{\"@id\":\"https:\/\/mwc-cmm.org\/fr\/stories\/mise-a-jour-du-ministere-partenaire-icomb-d-julliet-2020\/#breadcrumb\"},\"inLanguage\":\"fr-FR\",\"potentialAction\":[{\"@type\":\"ReadAction\",\"target\":[\"https:\/\/mwc-cmm.org\/fr\/stories\/mise-a-jour-du-ministere-partenaire-icomb-d-julliet-2020\/\"]}]},{\"@type\":\"ImageObject\",\"inLanguage\":\"fr-FR\",\"@id\":\"https:\/\/mwc-cmm.org\/fr\/stories\/mise-a-jour-du-ministere-partenaire-icomb-d-julliet-2020\/#primaryimage\",\"url\":\"https:\/\/mwc-cmm.org\/wp-content\/uploads\/2024\/11\/33373418180_8bf4b9100d_o-scaled.jpg\",\"contentUrl\":\"https:\/\/mwc-cmm.org\/wp-content\/uploads\/2024\/11\/33373418180_8bf4b9100d_o-scaled.jpg\",\"width\":1904,\"height\":2560},{\"@type\":\"BreadcrumbList\",\"@id\":\"https:\/\/mwc-cmm.org\/fr\/stories\/mise-a-jour-du-ministere-partenaire-icomb-d-julliet-2020\/#breadcrumb\",\"itemListElement\":[{\"@type\":\"ListItem\",\"position\":1,\"name\":\"Home\",\"item\":\"https:\/\/mwc-cmm.org\/fr\/\"},{\"@type\":\"ListItem\",\"position\":2,\"name\":\"Mise \u00e0 jour du minist\u00e8re partenaire : ICOMB \u2013 julliet 2020\"}]},{\"@type\":\"WebSite\",\"@id\":\"https:\/\/mwc-cmm.org\/en\/#website\",\"url\":\"https:\/\/mwc-cmm.org\/en\/\",\"name\":\"Mennonite World Conference\",\"description\":\"A communion of Anabaptist-related churches\",\"publisher\":{\"@id\":\"https:\/\/mwc-cmm.org\/en\/#organization\"},\"alternateName\":\"MWC\",\"potentialAction\":[{\"@type\":\"SearchAction\",\"target\":{\"@type\":\"EntryPoint\",\"urlTemplate\":\"https:\/\/mwc-cmm.org\/en\/?s={search_term_string}\"},\"query-input\":{\"@type\":\"PropertyValueSpecification\",\"valueRequired\":true,\"valueName\":\"search_term_string\"}}],\"inLanguage\":\"fr-FR\"},{\"@type\":\"Organization\",\"@id\":\"https:\/\/mwc-cmm.org\/en\/#organization\",\"name\":\"Mennonite World Conference\",\"alternateName\":\"MWC\",\"url\":\"https:\/\/mwc-cmm.org\/en\/\",\"logo\":{\"@type\":\"ImageObject\",\"inLanguage\":\"fr-FR\",\"@id\":\"https:\/\/mwc-cmm.org\/en\/#\/schema\/logo\/image\/\",\"url\":\"https:\/\/mwc-cmm.org\/wp-content\/uploads\/2026\/01\/MWC_Sig_Blue_Horiz_webheader1-logo.svg\",\"contentUrl\":\"https:\/\/mwc-cmm.org\/wp-content\/uploads\/2026\/01\/MWC_Sig_Blue_Horiz_webheader1-logo.svg\",\"width\":786,\"height\":82,\"caption\":\"Mennonite World Conference\"},\"image\":{\"@id\":\"https:\/\/mwc-cmm.org\/en\/#\/schema\/logo\/image\/\"},\"sameAs\":[\"https:\/\/www.facebook.com\/MennoniteWorldConference\",\"https:\/\/www.linkedin.com\/company\/mennonite-world-conference-mwc\/\",\"https:\/\/www.instagram.com\/mwcmm\/\",\"https:\/\/www.youtube.com\/user\/mwccmm\",\"https:\/\/bsky.app\/profile\/mwcmm.bsky.social\"]},{\"@type\":\"Person\",\"@id\":\"https:\/\/mwc-cmm.org\/en\/#\/schema\/person\/11f6ae0d7d1868ba20a1cc27f067c836\",\"name\":\"mennworldcon\",\"image\":{\"@type\":\"ImageObject\",\"inLanguage\":\"fr-FR\",\"@id\":\"https:\/\/secure.gravatar.com\/avatar\/06fdc0dc81c157dfdb82ec42f252178a22307808988d22c043f9eb96f1e0fe80?s=96&d=mm&r=g\",\"url\":\"https:\/\/secure.gravatar.com\/avatar\/06fdc0dc81c157dfdb82ec42f252178a22307808988d22c043f9eb96f1e0fe80?s=96&d=mm&r=g\",\"contentUrl\":\"https:\/\/secure.gravatar.com\/avatar\/06fdc0dc81c157dfdb82ec42f252178a22307808988d22c043f9eb96f1e0fe80?s=96&d=mm&r=g\",\"caption\":\"mennworldcon\"},\"sameAs\":[\"https:\/\/mwc-cmm.org\"],\"url\":\"https:\/\/mwc-cmm.org\/fr\/stories\/author\/mennworldcon\/\"}]}<\/script>\n<!-- \/ Yoast SEO plugin. -->","yoast_head_json":{"title":"Mise \u00e0 jour du minist\u00e8re partenaire : ICOMB \u2013 julliet 2020 - Mennonite World Conference","robots":{"index":"index","follow":"follow","max-snippet":"max-snippet:-1","max-image-preview":"max-image-preview:large","max-video-preview":"max-video-preview:-1"},"canonical":"https:\/\/mwc-cmm.org\/fr\/stories\/mise-a-jour-du-ministere-partenaire-icomb-d-julliet-2020\/","og_locale":"fr_FR","og_type":"article","og_title":"Mise \u00e0 jour du minist\u00e8re partenaire : ICOMB \u2013 julliet 2020 - Mennonite World Conference","og_description":"Jean-Claude Ambeke est confront\u00e9 \u00e0 des d\u00e9fis importants en tant que leader des conf\u00e9rences FM en Angola - Igreja Evangelica dos Irmaos Menonitas en Angola (IEIMA). IEIMA tente de lever des fonds pour rouvrir les 17 \u00e9glises que le gouvernement a ferm\u00e9es l'ann\u00e9e derni\u00e8re.","og_url":"https:\/\/mwc-cmm.org\/fr\/stories\/mise-a-jour-du-ministere-partenaire-icomb-d-julliet-2020\/","og_site_name":"Mennonite World Conference","article_publisher":"https:\/\/www.facebook.com\/MennoniteWorldConference","article_published_time":"2020-07-17T00:00:00+00:00","article_modified_time":"2024-12-10T17:17:05+00:00","og_image":[{"width":1904,"height":2560,"url":"https:\/\/mwc-cmm.org\/wp-content\/uploads\/2024\/11\/33373418180_8bf4b9100d_o-scaled.jpg","type":"image\/jpeg"}],"author":"mennworldcon","schema":{"@context":"https:\/\/schema.org","@graph":[{"@type":"Article","@id":"https:\/\/mwc-cmm.org\/fr\/stories\/mise-a-jour-du-ministere-partenaire-icomb-d-julliet-2020\/#article","isPartOf":{"@id":"https:\/\/mwc-cmm.org\/fr\/stories\/mise-a-jour-du-ministere-partenaire-icomb-d-julliet-2020\/"},"author":{"name":"mennworldcon","@id":"https:\/\/mwc-cmm.org\/en\/#\/schema\/person\/11f6ae0d7d1868ba20a1cc27f067c836"},"headline":"Mise \u00e0 jour du minist\u00e8re partenaire : ICOMB \u2013 julliet 2020","datePublished":"2020-07-17T00:00:00+00:00","dateModified":"2024-12-10T17:17:05+00:00","mainEntityOfPage":{"@id":"https:\/\/mwc-cmm.org\/fr\/stories\/mise-a-jour-du-ministere-partenaire-icomb-d-julliet-2020\/"},"wordCount":321,"publisher":{"@id":"https:\/\/mwc-cmm.org\/en\/#organization"},"image":{"@id":"https:\/\/mwc-cmm.org\/fr\/stories\/mise-a-jour-du-ministere-partenaire-icomb-d-julliet-2020\/#primaryimage"},"thumbnailUrl":"https:\/\/mwc-cmm.org\/wp-content\/uploads\/2024\/11\/33373418180_8bf4b9100d_o-scaled.jpg","articleSection":["Non classifi\u00e9(e)"],"inLanguage":"fr-FR"},{"@type":"WebPage","@id":"https:\/\/mwc-cmm.org\/fr\/stories\/mise-a-jour-du-ministere-partenaire-icomb-d-julliet-2020\/","url":"https:\/\/mwc-cmm.org\/fr\/stories\/mise-a-jour-du-ministere-partenaire-icomb-d-julliet-2020\/","name":"Mise \u00e0 jour du minist\u00e8re partenaire : ICOMB \u2013 julliet 2020 - Mennonite World Conference","isPartOf":{"@id":"https:\/\/mwc-cmm.org\/en\/#website"},"primaryImageOfPage":{"@id":"https:\/\/mwc-cmm.org\/fr\/stories\/mise-a-jour-du-ministere-partenaire-icomb-d-julliet-2020\/#primaryimage"},"image":{"@id":"https:\/\/mwc-cmm.org\/fr\/stories\/mise-a-jour-du-ministere-partenaire-icomb-d-julliet-2020\/#primaryimage"},"thumbnailUrl":"https:\/\/mwc-cmm.org\/wp-content\/uploads\/2024\/11\/33373418180_8bf4b9100d_o-scaled.jpg","datePublished":"2020-07-17T00:00:00+00:00","dateModified":"2024-12-10T17:17:05+00:00","breadcrumb":{"@id":"https:\/\/mwc-cmm.org\/fr\/stories\/mise-a-jour-du-ministere-partenaire-icomb-d-julliet-2020\/#breadcrumb"},"inLanguage":"fr-FR","potentialAction":[{"@type":"ReadAction","target":["https:\/\/mwc-cmm.org\/fr\/stories\/mise-a-jour-du-ministere-partenaire-icomb-d-julliet-2020\/"]}]},{"@type":"ImageObject","inLanguage":"fr-FR","@id":"https:\/\/mwc-cmm.org\/fr\/stories\/mise-a-jour-du-ministere-partenaire-icomb-d-julliet-2020\/#primaryimage","url":"https:\/\/mwc-cmm.org\/wp-content\/uploads\/2024\/11\/33373418180_8bf4b9100d_o-scaled.jpg","contentUrl":"https:\/\/mwc-cmm.org\/wp-content\/uploads\/2024\/11\/33373418180_8bf4b9100d_o-scaled.jpg","width":1904,"height":2560},{"@type":"BreadcrumbList","@id":"https:\/\/mwc-cmm.org\/fr\/stories\/mise-a-jour-du-ministere-partenaire-icomb-d-julliet-2020\/#breadcrumb","itemListElement":[{"@type":"ListItem","position":1,"name":"Home","item":"https:\/\/mwc-cmm.org\/fr\/"},{"@type":"ListItem","position":2,"name":"Mise \u00e0 jour du minist\u00e8re partenaire : ICOMB \u2013 julliet 2020"}]},{"@type":"WebSite","@id":"https:\/\/mwc-cmm.org\/en\/#website","url":"https:\/\/mwc-cmm.org\/en\/","name":"Mennonite World Conference","description":"A communion of Anabaptist-related churches","publisher":{"@id":"https:\/\/mwc-cmm.org\/en\/#organization"},"alternateName":"MWC","potentialAction":[{"@type":"SearchAction","target":{"@type":"EntryPoint","urlTemplate":"https:\/\/mwc-cmm.org\/en\/?s={search_term_string}"},"query-input":{"@type":"PropertyValueSpecification","valueRequired":true,"valueName":"search_term_string"}}],"inLanguage":"fr-FR"},{"@type":"Organization","@id":"https:\/\/mwc-cmm.org\/en\/#organization","name":"Mennonite World Conference","alternateName":"MWC","url":"https:\/\/mwc-cmm.org\/en\/","logo":{"@type":"ImageObject","inLanguage":"fr-FR","@id":"https:\/\/mwc-cmm.org\/en\/#\/schema\/logo\/image\/","url":"https:\/\/mwc-cmm.org\/wp-content\/uploads\/2026\/01\/MWC_Sig_Blue_Horiz_webheader1-logo.svg","contentUrl":"https:\/\/mwc-cmm.org\/wp-content\/uploads\/2026\/01\/MWC_Sig_Blue_Horiz_webheader1-logo.svg","width":786,"height":82,"caption":"Mennonite World Conference"},"image":{"@id":"https:\/\/mwc-cmm.org\/en\/#\/schema\/logo\/image\/"},"sameAs":["https:\/\/www.facebook.com\/MennoniteWorldConference","https:\/\/www.linkedin.com\/company\/mennonite-world-conference-mwc\/","https:\/\/www.instagram.com\/mwcmm\/","https:\/\/www.youtube.com\/user\/mwccmm","https:\/\/bsky.app\/profile\/mwcmm.bsky.social"]},{"@type":"Person","@id":"https:\/\/mwc-cmm.org\/en\/#\/schema\/person\/11f6ae0d7d1868ba20a1cc27f067c836","name":"mennworldcon","image":{"@type":"ImageObject","inLanguage":"fr-FR","@id":"https:\/\/secure.gravatar.com\/avatar\/06fdc0dc81c157dfdb82ec42f252178a22307808988d22c043f9eb96f1e0fe80?s=96&d=mm&r=g","url":"https:\/\/secure.gravatar.com\/avatar\/06fdc0dc81c157dfdb82ec42f252178a22307808988d22c043f9eb96f1e0fe80?s=96&d=mm&r=g","contentUrl":"https:\/\/secure.gravatar.com\/avatar\/06fdc0dc81c157dfdb82ec42f252178a22307808988d22c043f9eb96f1e0fe80?s=96&d=mm&r=g","caption":"mennworldcon"},"sameAs":["https:\/\/mwc-cmm.org"],"url":"https:\/\/mwc-cmm.org\/fr\/stories\/author\/mennworldcon\/"}]}},"_links":{"self":[{"href":"https:\/\/mwc-cmm.org\/fr\/wp-json\/wp\/v2\/posts\/10172","targetHints":{"allow":["GET"]}}],"collection":[{"href":"https:\/\/mwc-cmm.org\/fr\/wp-json\/wp\/v2\/posts"}],"about":[{"href":"https:\/\/mwc-cmm.org\/fr\/wp-json\/wp\/v2\/types\/post"}],"author":[{"embeddable":true,"href":"https:\/\/mwc-cmm.org\/fr\/wp-json\/wp\/v2\/users\/1"}],"replies":[{"embeddable":true,"href":"https:\/\/mwc-cmm.org\/fr\/wp-json\/wp\/v2\/comments?post=10172"}],"version-history":[{"count":0,"href":"https:\/\/mwc-cmm.org\/fr\/wp-json\/wp\/v2\/posts\/10172\/revisions"}],"wp:featuredmedia":[{"embeddable":true,"href":"https:\/\/mwc-cmm.org\/fr\/wp-json\/wp\/v2\/media\/92399"}],"wp:attachment":[{"href":"https:\/\/mwc-cmm.org\/fr\/wp-json\/wp\/v2\/media?parent=10172"}],"wp:term":[{"taxonomy":"category","embeddable":true,"href":"https:\/\/mwc-cmm.org\/fr\/wp-json\/wp\/v2\/categories?post=10172"},{"taxonomy":"post_tag","embeddable":true,"href":"https:\/\/mwc-cmm.org\/fr\/wp-json\/wp\/v2\/tags?post=10172"},{"taxonomy":"network","embeddable":true,"href":"https:\/\/mwc-cmm.org\/fr\/wp-json\/wp\/v2\/network?post=10172"},{"taxonomy":"eventcategory","embeddable":true,"href":"https:\/\/mwc-cmm.org\/fr\/wp-json\/wp\/v2\/eventcategory?post=10172"}],"curies":[{"name":"wp","href":"https:\/\/api.w.org\/{rel}","templated":true}]}}