{"id":10171,"date":"2020-07-16T00:00:00","date_gmt":"2020-07-16T00:00:00","guid":{"rendered":"https:\/\/mwc-cmm.org\/covid-19-global-response-fund-helps-churches-10\/"},"modified":"2024-12-10T17:17:04","modified_gmt":"2024-12-10T17:17:04","slug":"covid-19-global-response-fund-helps-churches-10","status":"publish","type":"post","link":"https:\/\/mwc-cmm.org\/fr\/stories\/covid-19-global-response-fund-helps-churches-10\/","title":{"rendered":"Le Fonds mondial de solidarit\u00e9 COVID-19 vient en aide aux \u00e9glises"},"content":{"rendered":"<p>\u00ab&nbsp;Notre amour du Christ se r\u00e9percute sur eux, c\u2019est la marque de notre int\u00e9r\u00eat et de notre pr\u00e9occupation pour eux et nous apportons \u00e9galement un sourire sur leur visage,&nbsp;\u00bb d\u00e9clare le Dr. Bijoy Kumar Roul, \u00e9v\u00eaque et pr\u00e9sident de l\u2019\u00c9glise des Fr\u00e8res en Christ, Odisha, Inde.<\/p>\n<p>Le groupe de travail inter-organisations de la Conf\u00e9rence Mennonite Mondiale pour l\u2019action COVID-19 a approuv\u00e9 21 propositions d\u2019actions humanitaires dont celle de l\u2019\u00e9v\u00eaque Bijoy Roul de l\u2019\u00c9glise Fr\u00e8re en Christ d\u2019Odisha. &nbsp;<\/p>\n<p>L\u2019aide alimentaire et les besoins en assainissement figurent dans toutes les demandes \u00e9manant des \u00e9glises anabaptiste membres en Afrique, en Asie et en Am\u00e9rique latine. Gr\u00e2ce au fonds de solidarit\u00e9 COVID-19, les paroisses de plus d&rsquo;une dizaine pays vont pouvoir venir en aide \u00e0 des milliers de familles, partager l\u2019amour du Christ de fa\u00e7on concr\u00e8te avec les membres de l\u2019\u00e9glise et leurs prochains.<\/p>\n<ul>\n<li>Aides financi\u00e8res ponctuelles et microcr\u00e9dits pour une plus grande autonomie \u00e9conomique des agriculteurs et des entrepreneurs \u00e0 Kennedougou, au <strong>Burkina Faso.<\/strong><\/li>\n<li>Denr\u00e9es alimentaires et mat\u00e9riel m\u00e9dical distribu\u00e9s \u00e0 700 foyers dans six r\u00e9gions d\u2019Odisha (<strong>Inde<\/strong>) touch\u00e9es par un ch\u00f4mage massif.<\/li>\n<li>Denr\u00e9es alimentaires et produits d\u2019hygi\u00e8ne distribu\u00e9s \u00e0 500 membres de communaut\u00e9s \u00e0 faible revenu en <strong>\u00c9quateur<\/strong>.<\/li>\n<li>\u00c9ducation en <strong>RDC<\/strong>&nbsp;: Formation de responsables d\u2019\u00e9glise en tant que r\u00e9f\u00e9rents sant\u00e9 et hygi\u00e8ne dans leurs communaut\u00e9s, distribution de documents informatifs en fran\u00e7ais, kikongo, lingala et tshiluba ainsi que diffusion de spots radiophoniques, distribution de mat\u00e9riaux pour l\u2019assainissement des \u00e9glises et des \u00e9coles.<\/li>\n<li>Aide alimentaire pour les membres d\u2019une \u00e9glise dans une r\u00e9gion recul\u00e9e de l\u2019<strong>Indon\u00e9sie<\/strong>, sur la petite \u00eele de Sumba qui est souvent n\u00e9glig\u00e9e par l\u2019\u00e9tat indon\u00e9sien et ne re\u00e7oit l\u2019aide d\u2019aucune ONG.<\/li>\n<li>Aide humanitaire pour 900 foyers de six r\u00e9gions de Kisumu, <strong>Kenya<\/strong>, ayant \u00e9t\u00e9 touch\u00e9es par de graves inondations en plus des mesures de confinement li\u00e9es \u00e0 la COVID-19.<\/li>\n<li>Des aides \u00e9conomiques pour les femmes et les hommes dont les possibilit\u00e9s de g\u00e9n\u00e9rer un revenu dans l\u2019\u00e9conomie informelle ont disparues en raison du confinement en <strong>Angola<\/strong>.&nbsp;<\/li>\n<li>L\u2019achat de savon, de gants, de masques et de thermom\u00e8tres ainsi que de tables et de chaises pour rouvrir les \u00e9coles et les \u00e9glises de l\u2019Union des \u00e9glises mennonites en <strong>Angola <\/strong>(ICMA) dans le respect des mesures sanitaires et de distanciation pr\u00e9conis\u00e9es par le gouvernement.<\/li>\n<li>Des formations, des distributions de mat\u00e9riel sanitaire et de feuillets explicatifs pour les pasteurs et les responsables pour aider leurs \u00e9glises \u00e0 \u00eatre mieux prot\u00e9g\u00e9es durant la p\u00e9riode de COVID-19 en <strong>Angola<\/strong>.&nbsp;<\/li>\n<\/ul>\n<figure class=\"image\" style=\"float:right\"><img decoding=\"async\" alt=\"Odisha market\" height=\"225\" data-src=\"https:\/\/mwc-cmm.org\/wp-content\/uploads\/2024\/10\/20191128_110104-scaled.jpg\" width=\"300\" src=\"data:image\/svg+xml;base64,PHN2ZyB3aWR0aD0iMSIgaGVpZ2h0PSIxIiB4bWxucz0iaHR0cDovL3d3dy53My5vcmcvMjAwMC9zdmciPjwvc3ZnPg==\" class=\"lazyload\" style=\"--smush-placeholder-width: 300px; --smush-placeholder-aspect-ratio: 300\/225;\" \/><figcaption>L&rsquo;\u00e9v\u00eaque Bijoy Roul dans un march\u00e9 en les temps avant COVID-19.<\/figcaption><\/figure>\n<p>\u00ab&nbsp;Dans la plupart des cas, les membres des paroisses avaient d\u00e9j\u00e0 des liens forts avec leurs voisins les plus vuln\u00e9rables. En donnant de la nourriture et du mat\u00e9riel, ils renforcent encore plus ce lien et rendent visible le message d\u2019amour de J\u00e9sus en se montrant solidaires en p\u00e9riode de besoin et de manque.&nbsp;\u00bb&nbsp; Henk Stenvers, secr\u00e9taire de la Commission Diacres. &nbsp;<\/p>\n<p>La perte d\u2019emploi et le manque de nourriture touchent \u00e9galement les membres des \u00e9glises. \u00ab&nbsp;L\u2019aide provenant du Fonds de Partage de l\u2019\u00c9glise Mondiale permet aux responsables d\u2019\u00e9glise et \u00e0 leurs paroisses de tendre la main \u00e0 leurs membres et \u00e0 leurs prochains dans ce moment de crises multiples&nbsp;: pand\u00e9mie, ralentissement \u00e9conomique, catastrophes environnementales,&nbsp;\u00bb explique la secr\u00e9taire de la Commission Paix, Joji Pantoja.&nbsp;<\/p>\n<h3>Les b\u00e9n\u00e9ficiaires du premier Fonds de solidarit\u00e9 COVID-19 du Fonds de Partage de l\u2019\u00c9glise Mondiale sont&nbsp;:<\/h3>\n<ul>\n<li><strong>Burkina Faso&nbsp;: <\/strong>\u00c9glise \u00c9vang\u00e9lique Mennonite du Burkina Faso<\/li>\n<li><strong>Inde&nbsp;: <\/strong>Mennonite Church Service Fellowship of India (MCSFI)<\/li>\n<li><strong>\u00c9quateur&nbsp;: <\/strong>Evang\u00e9lica Menonita Ecuatoriana<\/li>\n<li>CONIM (Comit\u00e9 National Inter Mennonite) \u2013 collaboration entre les trois unions d\u2019\u00e9glises mennonites en <strong>RDC<\/strong>: Communaut\u00e9 des \u00c9glises de Fr\u00e8res Mennonites au Congo (CEFMC), Communaut\u00e9 Mennonite au Congo (CMCo), Communaut\u00e9 \u00c9vang\u00e9lique Mennonite (CEM)<\/li>\n<li><strong>Indon\u00e9sie&nbsp;<\/strong>: GKMI Ekklesia (Gereja Kristen Muria Indonesia).<\/li>\n<li><strong>Kenya&nbsp;<\/strong>: Kenya Mennonite Church.<\/li>\n<li><strong>Angola<\/strong>: Igreja Evangelica Menonita em Angola (IEMA)<\/li>\n<li><strong>Angola<\/strong>: Igreja da Comunidade Menonita em Angola (ICMA)<\/li>\n<li><strong>Angola<\/strong>: Igreja Evangelica Irm\u00e3os Menonitas en Angola (IEIMA)<\/li>\n<\/ul>\n<h3>Le Fonds de solidarit\u00e9 COVID-19 de la CMM<\/h3>\n<p>La Conf\u00e9rence Mennonite Mondiale a cr\u00e9\u00e9 le groupe de travail COVID-19 avec le soutien de 10 organisations internationales anabaptistes pour r\u00e9pondre aux besoins caus\u00e9s par la pand\u00e9mie dans les pays du Sud.<\/p>\n<p>La Commission Diacre de la CMM dirige le groupe de travail compos\u00e9 de d\u00e9l\u00e9gu\u00e9s du monde entier. Ensemble, ils d\u00e9terminent les crit\u00e8res de suivi des projets et organisent les r\u00e9ponses aux propositions re\u00e7ues. Cette <a href=\"\/fr\/node\/3610\">action inter-organisationnelle <\/a>permet de maximiser la capacit\u00e9 des diff\u00e9rentes organisations, de s\u2019appuyer sur les r\u00e9seaux existants et d\u2019att\u00e9nuer la concurrence pour obtenir des financements alors qu\u2019ils sont limit\u00e9s. &nbsp;<\/p>\n<p><a href=\"https:\/\/mwc-cmm.org\/fr\/comment-donner\">Cliquez ici pour faire un don en soutien \u00e0 cette action<\/a><\/p>\n<p>Cliquez ici pour en savoir plus sur <a href=\"https:\/\/mwc-cmm.org\/resources\/2020-covid-19-fund-appeal\">le fonds de solidarit\u00e9 COVID-19 de la CMM<\/a>.<\/p>\n<p>&nbsp;<\/p>\n","protected":false},"excerpt":{"rendered":"<p>\u00ab&nbsp;Notre amour du Christ se r\u00e9percute sur eux, c\u2019est la marque de notre int\u00e9r\u00eat et de notre pr\u00e9occupation pour eux et nous apportons \u00e9galement un sourire sur leur visage,&nbsp;\u00bb d\u00e9clare le Dr. Bijoy Kumar Roul, \u00e9v\u00eaque et pr\u00e9sident de l\u2019\u00c9glise des Fr\u00e8res en Christ, Odisha, Inde. Le groupe de travail inter-organisations de la Conf\u00e9rence Mennonite [&hellip;]<\/p>\n","protected":false},"author":1,"featured_media":92385,"comment_status":"closed","ping_status":"closed","sticky":false,"template":"","format":"standard","meta":{"_acf_changed":false,"footnotes":""},"categories":[7],"tags":[],"network":[1262],"eventcategory":[],"class_list":["post-10171","post","type-post","status-publish","format-standard","has-post-thumbnail","hentry","category-non-classifiee","network-deacons-commission-fr"],"acf":[],"yoast_head":"<!-- This site is optimized with the Yoast SEO plugin v27.2 - https:\/\/yoast.com\/product\/yoast-seo-wordpress\/ -->\n<title>Le Fonds mondial de solidarit\u00e9 COVID-19 vient en aide aux \u00e9glises - Mennonite World Conference<\/title>\n<meta name=\"robots\" content=\"index, follow, max-snippet:-1, max-image-preview:large, max-video-preview:-1\" \/>\n<link rel=\"canonical\" href=\"https:\/\/mwc-cmm.org\/fr\/stories\/covid-19-global-response-fund-helps-churches-10\/\" \/>\n<meta property=\"og:locale\" content=\"fr_FR\" \/>\n<meta property=\"og:type\" content=\"article\" \/>\n<meta property=\"og:title\" content=\"Le Fonds mondial de solidarit\u00e9 COVID-19 vient en aide aux \u00e9glises - Mennonite World Conference\" \/>\n<meta property=\"og:description\" content=\"\u00ab&nbsp;Notre amour du Christ se r\u00e9percute sur eux, c\u2019est la marque de notre int\u00e9r\u00eat et de notre pr\u00e9occupation pour eux et nous apportons \u00e9galement un sourire sur leur visage,&nbsp;\u00bb d\u00e9clare le Dr. Bijoy Kumar Roul, \u00e9v\u00eaque et pr\u00e9sident de l\u2019\u00c9glise des Fr\u00e8res en Christ, Odisha, Inde. Le groupe de travail inter-organisations de la Conf\u00e9rence Mennonite [&hellip;]\" \/>\n<meta property=\"og:url\" content=\"https:\/\/mwc-cmm.org\/fr\/stories\/covid-19-global-response-fund-helps-churches-10\/\" \/>\n<meta property=\"og:site_name\" content=\"Mennonite World Conference\" \/>\n<meta property=\"article:publisher\" content=\"https:\/\/www.facebook.com\/MennoniteWorldConference\" \/>\n<meta property=\"article:published_time\" content=\"2020-07-16T00:00:00+00:00\" \/>\n<meta property=\"article:modified_time\" content=\"2024-12-10T17:17:04+00:00\" \/>\n<meta property=\"og:image\" content=\"https:\/\/mwc-cmm.org\/wp-content\/uploads\/2024\/10\/20191128_110226.jpg\" \/>\n\t<meta property=\"og:image:width\" content=\"180\" \/>\n\t<meta property=\"og:image:height\" content=\"135\" \/>\n\t<meta property=\"og:image:type\" content=\"image\/jpeg\" \/>\n<meta name=\"author\" content=\"mennworldcon\" \/>\n<script type=\"application\/ld+json\" class=\"yoast-schema-graph\">{\"@context\":\"https:\/\/schema.org\",\"@graph\":[{\"@type\":\"Article\",\"@id\":\"https:\/\/mwc-cmm.org\/fr\/stories\/covid-19-global-response-fund-helps-churches-10\/#article\",\"isPartOf\":{\"@id\":\"https:\/\/mwc-cmm.org\/fr\/stories\/covid-19-global-response-fund-helps-churches-10\/\"},\"author\":{\"name\":\"mennworldcon\",\"@id\":\"https:\/\/mwc-cmm.org\/en\/#\/schema\/person\/11f6ae0d7d1868ba20a1cc27f067c836\"},\"headline\":\"Le Fonds mondial de solidarit\u00e9 COVID-19 vient en aide aux \u00e9glises\",\"datePublished\":\"2020-07-16T00:00:00+00:00\",\"dateModified\":\"2024-12-10T17:17:04+00:00\",\"mainEntityOfPage\":{\"@id\":\"https:\/\/mwc-cmm.org\/fr\/stories\/covid-19-global-response-fund-helps-churches-10\/\"},\"wordCount\":903,\"publisher\":{\"@id\":\"https:\/\/mwc-cmm.org\/en\/#organization\"},\"image\":{\"@id\":\"https:\/\/mwc-cmm.org\/fr\/stories\/covid-19-global-response-fund-helps-churches-10\/#primaryimage\"},\"thumbnailUrl\":\"https:\/\/mwc-cmm.org\/wp-content\/uploads\/2024\/10\/20191128_110226.jpg\",\"articleSection\":[\"Non classifi\u00e9(e)\"],\"inLanguage\":\"fr-FR\"},{\"@type\":\"WebPage\",\"@id\":\"https:\/\/mwc-cmm.org\/fr\/stories\/covid-19-global-response-fund-helps-churches-10\/\",\"url\":\"https:\/\/mwc-cmm.org\/fr\/stories\/covid-19-global-response-fund-helps-churches-10\/\",\"name\":\"Le Fonds mondial de solidarit\u00e9 COVID-19 vient en aide aux \u00e9glises - Mennonite World Conference\",\"isPartOf\":{\"@id\":\"https:\/\/mwc-cmm.org\/en\/#website\"},\"primaryImageOfPage\":{\"@id\":\"https:\/\/mwc-cmm.org\/fr\/stories\/covid-19-global-response-fund-helps-churches-10\/#primaryimage\"},\"image\":{\"@id\":\"https:\/\/mwc-cmm.org\/fr\/stories\/covid-19-global-response-fund-helps-churches-10\/#primaryimage\"},\"thumbnailUrl\":\"https:\/\/mwc-cmm.org\/wp-content\/uploads\/2024\/10\/20191128_110226.jpg\",\"datePublished\":\"2020-07-16T00:00:00+00:00\",\"dateModified\":\"2024-12-10T17:17:04+00:00\",\"breadcrumb\":{\"@id\":\"https:\/\/mwc-cmm.org\/fr\/stories\/covid-19-global-response-fund-helps-churches-10\/#breadcrumb\"},\"inLanguage\":\"fr-FR\",\"potentialAction\":[{\"@type\":\"ReadAction\",\"target\":[\"https:\/\/mwc-cmm.org\/fr\/stories\/covid-19-global-response-fund-helps-churches-10\/\"]}]},{\"@type\":\"ImageObject\",\"inLanguage\":\"fr-FR\",\"@id\":\"https:\/\/mwc-cmm.org\/fr\/stories\/covid-19-global-response-fund-helps-churches-10\/#primaryimage\",\"url\":\"https:\/\/mwc-cmm.org\/wp-content\/uploads\/2024\/10\/20191128_110226.jpg\",\"contentUrl\":\"https:\/\/mwc-cmm.org\/wp-content\/uploads\/2024\/10\/20191128_110226.jpg\",\"width\":180,\"height\":135},{\"@type\":\"BreadcrumbList\",\"@id\":\"https:\/\/mwc-cmm.org\/fr\/stories\/covid-19-global-response-fund-helps-churches-10\/#breadcrumb\",\"itemListElement\":[{\"@type\":\"ListItem\",\"position\":1,\"name\":\"Home\",\"item\":\"https:\/\/mwc-cmm.org\/fr\/\"},{\"@type\":\"ListItem\",\"position\":2,\"name\":\"Le Fonds mondial de solidarit\u00e9 COVID-19 vient en aide aux \u00e9glises\"}]},{\"@type\":\"WebSite\",\"@id\":\"https:\/\/mwc-cmm.org\/en\/#website\",\"url\":\"https:\/\/mwc-cmm.org\/en\/\",\"name\":\"Mennonite World Conference\",\"description\":\"A communion of Anabaptist-related churches\",\"publisher\":{\"@id\":\"https:\/\/mwc-cmm.org\/en\/#organization\"},\"alternateName\":\"MWC\",\"potentialAction\":[{\"@type\":\"SearchAction\",\"target\":{\"@type\":\"EntryPoint\",\"urlTemplate\":\"https:\/\/mwc-cmm.org\/en\/?s={search_term_string}\"},\"query-input\":{\"@type\":\"PropertyValueSpecification\",\"valueRequired\":true,\"valueName\":\"search_term_string\"}}],\"inLanguage\":\"fr-FR\"},{\"@type\":\"Organization\",\"@id\":\"https:\/\/mwc-cmm.org\/en\/#organization\",\"name\":\"Mennonite World Conference\",\"alternateName\":\"MWC\",\"url\":\"https:\/\/mwc-cmm.org\/en\/\",\"logo\":{\"@type\":\"ImageObject\",\"inLanguage\":\"fr-FR\",\"@id\":\"https:\/\/mwc-cmm.org\/en\/#\/schema\/logo\/image\/\",\"url\":\"https:\/\/mwc-cmm.org\/wp-content\/uploads\/2026\/01\/MWC_Sig_Blue_Horiz_webheader1-logo.svg\",\"contentUrl\":\"https:\/\/mwc-cmm.org\/wp-content\/uploads\/2026\/01\/MWC_Sig_Blue_Horiz_webheader1-logo.svg\",\"width\":786,\"height\":82,\"caption\":\"Mennonite World Conference\"},\"image\":{\"@id\":\"https:\/\/mwc-cmm.org\/en\/#\/schema\/logo\/image\/\"},\"sameAs\":[\"https:\/\/www.facebook.com\/MennoniteWorldConference\",\"https:\/\/www.linkedin.com\/company\/mennonite-world-conference-mwc\/\",\"https:\/\/www.instagram.com\/mwcmm\/\",\"https:\/\/www.youtube.com\/user\/mwccmm\",\"https:\/\/bsky.app\/profile\/mwcmm.bsky.social\"]},{\"@type\":\"Person\",\"@id\":\"https:\/\/mwc-cmm.org\/en\/#\/schema\/person\/11f6ae0d7d1868ba20a1cc27f067c836\",\"name\":\"mennworldcon\",\"image\":{\"@type\":\"ImageObject\",\"inLanguage\":\"fr-FR\",\"@id\":\"https:\/\/secure.gravatar.com\/avatar\/06fdc0dc81c157dfdb82ec42f252178a22307808988d22c043f9eb96f1e0fe80?s=96&d=mm&r=g\",\"url\":\"https:\/\/secure.gravatar.com\/avatar\/06fdc0dc81c157dfdb82ec42f252178a22307808988d22c043f9eb96f1e0fe80?s=96&d=mm&r=g\",\"contentUrl\":\"https:\/\/secure.gravatar.com\/avatar\/06fdc0dc81c157dfdb82ec42f252178a22307808988d22c043f9eb96f1e0fe80?s=96&d=mm&r=g\",\"caption\":\"mennworldcon\"},\"sameAs\":[\"https:\/\/mwc-cmm.org\"],\"url\":\"https:\/\/mwc-cmm.org\/fr\/stories\/author\/mennworldcon\/\"}]}<\/script>\n<!-- \/ Yoast SEO plugin. -->","yoast_head_json":{"title":"Le Fonds mondial de solidarit\u00e9 COVID-19 vient en aide aux \u00e9glises - Mennonite World Conference","robots":{"index":"index","follow":"follow","max-snippet":"max-snippet:-1","max-image-preview":"max-image-preview:large","max-video-preview":"max-video-preview:-1"},"canonical":"https:\/\/mwc-cmm.org\/fr\/stories\/covid-19-global-response-fund-helps-churches-10\/","og_locale":"fr_FR","og_type":"article","og_title":"Le Fonds mondial de solidarit\u00e9 COVID-19 vient en aide aux \u00e9glises - Mennonite World Conference","og_description":"\u00ab&nbsp;Notre amour du Christ se r\u00e9percute sur eux, c\u2019est la marque de notre int\u00e9r\u00eat et de notre pr\u00e9occupation pour eux et nous apportons \u00e9galement un sourire sur leur visage,&nbsp;\u00bb d\u00e9clare le Dr. Bijoy Kumar Roul, \u00e9v\u00eaque et pr\u00e9sident de l\u2019\u00c9glise des Fr\u00e8res en Christ, Odisha, Inde. Le groupe de travail inter-organisations de la Conf\u00e9rence Mennonite [&hellip;]","og_url":"https:\/\/mwc-cmm.org\/fr\/stories\/covid-19-global-response-fund-helps-churches-10\/","og_site_name":"Mennonite World Conference","article_publisher":"https:\/\/www.facebook.com\/MennoniteWorldConference","article_published_time":"2020-07-16T00:00:00+00:00","article_modified_time":"2024-12-10T17:17:04+00:00","og_image":[{"width":180,"height":135,"url":"https:\/\/mwc-cmm.org\/wp-content\/uploads\/2024\/10\/20191128_110226.jpg","type":"image\/jpeg"}],"author":"mennworldcon","schema":{"@context":"https:\/\/schema.org","@graph":[{"@type":"Article","@id":"https:\/\/mwc-cmm.org\/fr\/stories\/covid-19-global-response-fund-helps-churches-10\/#article","isPartOf":{"@id":"https:\/\/mwc-cmm.org\/fr\/stories\/covid-19-global-response-fund-helps-churches-10\/"},"author":{"name":"mennworldcon","@id":"https:\/\/mwc-cmm.org\/en\/#\/schema\/person\/11f6ae0d7d1868ba20a1cc27f067c836"},"headline":"Le Fonds mondial de solidarit\u00e9 COVID-19 vient en aide aux \u00e9glises","datePublished":"2020-07-16T00:00:00+00:00","dateModified":"2024-12-10T17:17:04+00:00","mainEntityOfPage":{"@id":"https:\/\/mwc-cmm.org\/fr\/stories\/covid-19-global-response-fund-helps-churches-10\/"},"wordCount":903,"publisher":{"@id":"https:\/\/mwc-cmm.org\/en\/#organization"},"image":{"@id":"https:\/\/mwc-cmm.org\/fr\/stories\/covid-19-global-response-fund-helps-churches-10\/#primaryimage"},"thumbnailUrl":"https:\/\/mwc-cmm.org\/wp-content\/uploads\/2024\/10\/20191128_110226.jpg","articleSection":["Non classifi\u00e9(e)"],"inLanguage":"fr-FR"},{"@type":"WebPage","@id":"https:\/\/mwc-cmm.org\/fr\/stories\/covid-19-global-response-fund-helps-churches-10\/","url":"https:\/\/mwc-cmm.org\/fr\/stories\/covid-19-global-response-fund-helps-churches-10\/","name":"Le Fonds mondial de solidarit\u00e9 COVID-19 vient en aide aux \u00e9glises - Mennonite World Conference","isPartOf":{"@id":"https:\/\/mwc-cmm.org\/en\/#website"},"primaryImageOfPage":{"@id":"https:\/\/mwc-cmm.org\/fr\/stories\/covid-19-global-response-fund-helps-churches-10\/#primaryimage"},"image":{"@id":"https:\/\/mwc-cmm.org\/fr\/stories\/covid-19-global-response-fund-helps-churches-10\/#primaryimage"},"thumbnailUrl":"https:\/\/mwc-cmm.org\/wp-content\/uploads\/2024\/10\/20191128_110226.jpg","datePublished":"2020-07-16T00:00:00+00:00","dateModified":"2024-12-10T17:17:04+00:00","breadcrumb":{"@id":"https:\/\/mwc-cmm.org\/fr\/stories\/covid-19-global-response-fund-helps-churches-10\/#breadcrumb"},"inLanguage":"fr-FR","potentialAction":[{"@type":"ReadAction","target":["https:\/\/mwc-cmm.org\/fr\/stories\/covid-19-global-response-fund-helps-churches-10\/"]}]},{"@type":"ImageObject","inLanguage":"fr-FR","@id":"https:\/\/mwc-cmm.org\/fr\/stories\/covid-19-global-response-fund-helps-churches-10\/#primaryimage","url":"https:\/\/mwc-cmm.org\/wp-content\/uploads\/2024\/10\/20191128_110226.jpg","contentUrl":"https:\/\/mwc-cmm.org\/wp-content\/uploads\/2024\/10\/20191128_110226.jpg","width":180,"height":135},{"@type":"BreadcrumbList","@id":"https:\/\/mwc-cmm.org\/fr\/stories\/covid-19-global-response-fund-helps-churches-10\/#breadcrumb","itemListElement":[{"@type":"ListItem","position":1,"name":"Home","item":"https:\/\/mwc-cmm.org\/fr\/"},{"@type":"ListItem","position":2,"name":"Le Fonds mondial de solidarit\u00e9 COVID-19 vient en aide aux \u00e9glises"}]},{"@type":"WebSite","@id":"https:\/\/mwc-cmm.org\/en\/#website","url":"https:\/\/mwc-cmm.org\/en\/","name":"Mennonite World Conference","description":"A communion of Anabaptist-related churches","publisher":{"@id":"https:\/\/mwc-cmm.org\/en\/#organization"},"alternateName":"MWC","potentialAction":[{"@type":"SearchAction","target":{"@type":"EntryPoint","urlTemplate":"https:\/\/mwc-cmm.org\/en\/?s={search_term_string}"},"query-input":{"@type":"PropertyValueSpecification","valueRequired":true,"valueName":"search_term_string"}}],"inLanguage":"fr-FR"},{"@type":"Organization","@id":"https:\/\/mwc-cmm.org\/en\/#organization","name":"Mennonite World Conference","alternateName":"MWC","url":"https:\/\/mwc-cmm.org\/en\/","logo":{"@type":"ImageObject","inLanguage":"fr-FR","@id":"https:\/\/mwc-cmm.org\/en\/#\/schema\/logo\/image\/","url":"https:\/\/mwc-cmm.org\/wp-content\/uploads\/2026\/01\/MWC_Sig_Blue_Horiz_webheader1-logo.svg","contentUrl":"https:\/\/mwc-cmm.org\/wp-content\/uploads\/2026\/01\/MWC_Sig_Blue_Horiz_webheader1-logo.svg","width":786,"height":82,"caption":"Mennonite World Conference"},"image":{"@id":"https:\/\/mwc-cmm.org\/en\/#\/schema\/logo\/image\/"},"sameAs":["https:\/\/www.facebook.com\/MennoniteWorldConference","https:\/\/www.linkedin.com\/company\/mennonite-world-conference-mwc\/","https:\/\/www.instagram.com\/mwcmm\/","https:\/\/www.youtube.com\/user\/mwccmm","https:\/\/bsky.app\/profile\/mwcmm.bsky.social"]},{"@type":"Person","@id":"https:\/\/mwc-cmm.org\/en\/#\/schema\/person\/11f6ae0d7d1868ba20a1cc27f067c836","name":"mennworldcon","image":{"@type":"ImageObject","inLanguage":"fr-FR","@id":"https:\/\/secure.gravatar.com\/avatar\/06fdc0dc81c157dfdb82ec42f252178a22307808988d22c043f9eb96f1e0fe80?s=96&d=mm&r=g","url":"https:\/\/secure.gravatar.com\/avatar\/06fdc0dc81c157dfdb82ec42f252178a22307808988d22c043f9eb96f1e0fe80?s=96&d=mm&r=g","contentUrl":"https:\/\/secure.gravatar.com\/avatar\/06fdc0dc81c157dfdb82ec42f252178a22307808988d22c043f9eb96f1e0fe80?s=96&d=mm&r=g","caption":"mennworldcon"},"sameAs":["https:\/\/mwc-cmm.org"],"url":"https:\/\/mwc-cmm.org\/fr\/stories\/author\/mennworldcon\/"}]}},"_links":{"self":[{"href":"https:\/\/mwc-cmm.org\/fr\/wp-json\/wp\/v2\/posts\/10171","targetHints":{"allow":["GET"]}}],"collection":[{"href":"https:\/\/mwc-cmm.org\/fr\/wp-json\/wp\/v2\/posts"}],"about":[{"href":"https:\/\/mwc-cmm.org\/fr\/wp-json\/wp\/v2\/types\/post"}],"author":[{"embeddable":true,"href":"https:\/\/mwc-cmm.org\/fr\/wp-json\/wp\/v2\/users\/1"}],"replies":[{"embeddable":true,"href":"https:\/\/mwc-cmm.org\/fr\/wp-json\/wp\/v2\/comments?post=10171"}],"version-history":[{"count":0,"href":"https:\/\/mwc-cmm.org\/fr\/wp-json\/wp\/v2\/posts\/10171\/revisions"}],"wp:featuredmedia":[{"embeddable":true,"href":"https:\/\/mwc-cmm.org\/fr\/wp-json\/wp\/v2\/media\/92385"}],"wp:attachment":[{"href":"https:\/\/mwc-cmm.org\/fr\/wp-json\/wp\/v2\/media?parent=10171"}],"wp:term":[{"taxonomy":"category","embeddable":true,"href":"https:\/\/mwc-cmm.org\/fr\/wp-json\/wp\/v2\/categories?post=10171"},{"taxonomy":"post_tag","embeddable":true,"href":"https:\/\/mwc-cmm.org\/fr\/wp-json\/wp\/v2\/tags?post=10171"},{"taxonomy":"network","embeddable":true,"href":"https:\/\/mwc-cmm.org\/fr\/wp-json\/wp\/v2\/network?post=10171"},{"taxonomy":"eventcategory","embeddable":true,"href":"https:\/\/mwc-cmm.org\/fr\/wp-json\/wp\/v2\/eventcategory?post=10171"}],"curies":[{"name":"wp","href":"https:\/\/api.w.org\/{rel}","templated":true}]}}