{"id":10159,"date":"2020-05-25T00:00:00","date_gmt":"2020-05-25T00:00:00","guid":{"rendered":"https:\/\/mwc-cmm.org\/ministry-partner-update-icomb-may-2020-4\/"},"modified":"2024-12-10T17:16:55","modified_gmt":"2024-12-10T17:16:55","slug":"mise-a-jour-du-ministere-partenaire-icomb-d-mai-2020","status":"publish","type":"post","link":"https:\/\/mwc-cmm.org\/fr\/stories\/mise-a-jour-du-ministere-partenaire-icomb-d-mai-2020\/","title":{"rendered":"Mise \u00e0 jour du minist\u00e8re partenaire : ICOMB \u2013 mai 2020"},"content":{"rendered":"<div style=\"clear:both\">\n<p><em>La International Community of Mennonite Brethren (ICOMB, ou Communaut\u00e9 internationale des Fr\u00e8res Mennonites) est form\u00e9e de 21 communaut\u00e9s d\u2019\u00e9glises dans 19 pays, avec approximativement 450 000 membres. ICOMB veut faciliter les relations entre les diff\u00e9rents minist\u00e8res, et am\u00e9liorer le t\u00e9moignage et le discipulat de ses communaut\u00e9s d\u2019\u00e9glises membres&nbsp;: connecter, renforcer, r\u00e9pandre.<\/em><\/p>\n<p><strong>Rapport sur COVID-19 de l\u2019Allemagne (Bavi\u00e8re)&nbsp;:<\/strong><\/p>\n<p>Les circonstances ont chang\u00e9 ici en Allemagne au cours des derni\u00e8res semaines des crises COVID19: sant\u00e9, socialement, relationnellement et \u00e9conomiquement. \u00ca une \u00e9poque o\u00f9 les gens ne peuvent pas faire du shopping, aller dans les restaurants et autres endroits pour s\u2019amuser, les choses sont devenues diff\u00e9rentes mais les priorit\u00e9s ont \u00e9galement chang\u00e9. J\u2019exp\u00e9rimente et constate que les gens sont de plus en plus ouverts \u00e0 parler les uns avec les autres: face \u00e0 face, de l\u2019autre c\u00f4t\u00e9 de la rue et des chantiers, mais surtout via les r\u00e9seaux sociaux.<\/p>\n<p>De nombreuses \u00e9glises sont all\u00e9es en ligne avec leurs services et ont re\u00e7u trois ou quatre fois plus de visiteurs qu\u2019auparavant. Les gens sont ouverts \u00e0 discuter sur diff\u00e9rents sujets de la vie et sur le sens de la vie \u00e0 travers les m\u00e9dias sociaux. Ils font partie de livestreams et de nombreux outils virtuels diff\u00e9rents afin d\u2019interagir les uns avec les autres.<\/p>\n<p>Le 8 Avril 2020, une maison de pri\u00e8re en Allemagne a commenc\u00e9 un temps de pri\u00e8re direc 90 minutes sur Internet avec des cha\u00eenes de t\u00e9l\u00e9vision etradiocause. M\u00eame des politiciens y ont particip\u00e9, comme le Premier ministre de Bavi\u00e8re. Selon les estimations, jusqu\u2019\u00e0 un million d\u2019Allemands priaient \u00e0 cette \u00e9poque.<\/p>\n<p>J\u2019envoie des d\u00e9votions par SMS quelques fois par semaine aux t\u00e9l\u00e9phones de plus d\u2019une centaine de personnes. Ils les transmettent parfois \u00e0 d\u2019autres \u00e0 l\u2019aide des m\u00e9dias sociaux. J\u2019ai entendu dire que les gens ont connu J\u00e9sus dans d\u2019autres parties du pays \u00e0 travers ces messages de d\u00e9votion.<\/p>\n<p>Voici quelques r\u00e9flexions que j\u2019ai faites au cours des derni\u00e8res semaines. Que cela vous aide:<\/p>\n<ul>\n<li>qu\u2019\u00e9crivons-nous aux gens?<\/li>\n<li>Comment communiquons-nous avec les autres?<\/li>\n<li>Et sommes-nous pr\u00eats \u00e0 utiliser tous les moyens pour propager l\u2019\u00c9vangile m\u00eame \u00e0 des \u00e9trangers dans diff\u00e9rentes parties du monde?<\/li>\n<\/ul>\n<p>Que Dieu vous b\u00e9nisse&nbsp;!<\/p>\n<p><strong><em>\u2014<\/em><\/strong><em>Andreas Isaak, ICOMB secr\u00e9taire et leader de Verband Mennonitischer Br\u00fcdergemeinden in Bayern (VMBB), Mise \u00e0 jour sur la pri\u00e8re de l\u2019ICOMB <\/em><\/p>\n<\/div>\n","protected":false},"excerpt":{"rendered":"<p>Les circonstances ont chang\u00e9 ici en Allemagne au cours des derni\u00e8res semaines des crises COVID19: sant\u00e9, socialement, relationnellement et \u00e9conomiquement. \u00ca une \u00e9poque o\u00f9 les gens ne peuvent pas faire du shopping, aller dans les restaurants et autres endroits pour s\u2019amuser, les choses sont devenues diff\u00e9rentes mais les priorit\u00e9s ont \u00e9galement chang\u00e9. &nbsp;+H613<span data-contrast=\"none\" lang=\"EN-CA\"> <\/span><\/p>\n","protected":false},"author":1,"featured_media":92149,"comment_status":"closed","ping_status":"closed","sticky":false,"template":"","format":"standard","meta":{"_acf_changed":false,"footnotes":""},"categories":[7],"tags":[],"network":[],"eventcategory":[],"class_list":["post-10159","post","type-post","status-publish","format-standard","has-post-thumbnail","hentry","category-non-classifiee"],"acf":[],"yoast_head":"<!-- This site is optimized with the Yoast SEO plugin v27.5 - https:\/\/yoast.com\/product\/yoast-seo-wordpress\/ -->\n<title>Mise \u00e0 jour du minist\u00e8re partenaire : ICOMB \u2013 mai 2020 - Mennonite World Conference<\/title>\n<meta name=\"robots\" content=\"index, follow, max-snippet:-1, max-image-preview:large, max-video-preview:-1\" \/>\n<link rel=\"canonical\" href=\"https:\/\/mwc-cmm.org\/en\/stories\/ministry-partner-update-icomb-may-2020-2\/\" \/>\n<meta property=\"og:locale\" content=\"fr_FR\" \/>\n<meta property=\"og:type\" content=\"article\" \/>\n<meta property=\"og:title\" content=\"Mise \u00e0 jour du minist\u00e8re partenaire : ICOMB \u2013 mai 2020 - Mennonite World Conference\" \/>\n<meta property=\"og:description\" content=\"Les circonstances ont chang\u00e9 ici en Allemagne au cours des derni\u00e8res semaines des crises COVID19: sant\u00e9, socialement, relationnellement et \u00e9conomiquement. \u00ca une \u00e9poque o\u00f9 les gens ne peuvent pas faire du shopping, aller dans les restaurants et autres endroits pour s\u2019amuser, les choses sont devenues diff\u00e9rentes mais les priorit\u00e9s ont \u00e9galement chang\u00e9. &nbsp;+H613\" \/>\n<meta property=\"og:url\" content=\"https:\/\/mwc-cmm.org\/en\/stories\/ministry-partner-update-icomb-may-2020-2\/\" \/>\n<meta property=\"og:site_name\" content=\"Mennonite World Conference\" \/>\n<meta property=\"article:publisher\" content=\"https:\/\/www.facebook.com\/MennoniteWorldConference\" \/>\n<meta property=\"article:published_time\" content=\"2020-05-25T00:00:00+00:00\" \/>\n<meta property=\"article:modified_time\" content=\"2024-12-10T17:16:55+00:00\" \/>\n<meta property=\"og:image\" content=\"https:\/\/mwc-cmm.org\/wp-content\/uploads\/2024\/11\/2019_andreasisaak_002-scaled.jpg\" \/>\n\t<meta property=\"og:image:width\" content=\"1709\" \/>\n\t<meta property=\"og:image:height\" content=\"2560\" \/>\n\t<meta property=\"og:image:type\" content=\"image\/jpeg\" \/>\n<meta name=\"author\" content=\"mennworldcon\" \/>\n<script type=\"application\/ld+json\" class=\"yoast-schema-graph\">{\"@context\":\"https:\\\/\\\/schema.org\",\"@graph\":[{\"@type\":\"Article\",\"@id\":\"https:\\\/\\\/mwc-cmm.org\\\/en\\\/stories\\\/ministry-partner-update-icomb-may-2020-2\\\/#article\",\"isPartOf\":{\"@id\":\"https:\\\/\\\/mwc-cmm.org\\\/en\\\/stories\\\/ministry-partner-update-icomb-may-2020-2\\\/\"},\"author\":{\"name\":\"mennworldcon\",\"@id\":\"https:\\\/\\\/mwc-cmm.org\\\/en\\\/#\\\/schema\\\/person\\\/11f6ae0d7d1868ba20a1cc27f067c836\"},\"headline\":\"Mise \u00e0 jour du minist\u00e8re partenaire : ICOMB \u2013 mai 2020\",\"datePublished\":\"2020-05-25T00:00:00+00:00\",\"dateModified\":\"2024-12-10T17:16:55+00:00\",\"mainEntityOfPage\":{\"@id\":\"https:\\\/\\\/mwc-cmm.org\\\/en\\\/stories\\\/ministry-partner-update-icomb-may-2020-2\\\/\"},\"wordCount\":429,\"publisher\":{\"@id\":\"https:\\\/\\\/mwc-cmm.org\\\/en\\\/#organization\"},\"image\":{\"@id\":\"https:\\\/\\\/mwc-cmm.org\\\/en\\\/stories\\\/ministry-partner-update-icomb-may-2020-2\\\/#primaryimage\"},\"thumbnailUrl\":\"https:\\\/\\\/mwc-cmm.org\\\/wp-content\\\/uploads\\\/2024\\\/11\\\/2019_andreasisaak_002-scaled.jpg\",\"articleSection\":[\"Non classifi\u00e9(e)\"],\"inLanguage\":\"fr-FR\"},{\"@type\":\"WebPage\",\"@id\":\"https:\\\/\\\/mwc-cmm.org\\\/en\\\/stories\\\/ministry-partner-update-icomb-may-2020-2\\\/\",\"url\":\"https:\\\/\\\/mwc-cmm.org\\\/en\\\/stories\\\/ministry-partner-update-icomb-may-2020-2\\\/\",\"name\":\"Mise \u00e0 jour du minist\u00e8re partenaire : ICOMB \u2013 mai 2020 - Mennonite World Conference\",\"isPartOf\":{\"@id\":\"https:\\\/\\\/mwc-cmm.org\\\/en\\\/#website\"},\"primaryImageOfPage\":{\"@id\":\"https:\\\/\\\/mwc-cmm.org\\\/en\\\/stories\\\/ministry-partner-update-icomb-may-2020-2\\\/#primaryimage\"},\"image\":{\"@id\":\"https:\\\/\\\/mwc-cmm.org\\\/en\\\/stories\\\/ministry-partner-update-icomb-may-2020-2\\\/#primaryimage\"},\"thumbnailUrl\":\"https:\\\/\\\/mwc-cmm.org\\\/wp-content\\\/uploads\\\/2024\\\/11\\\/2019_andreasisaak_002-scaled.jpg\",\"datePublished\":\"2020-05-25T00:00:00+00:00\",\"dateModified\":\"2024-12-10T17:16:55+00:00\",\"breadcrumb\":{\"@id\":\"https:\\\/\\\/mwc-cmm.org\\\/en\\\/stories\\\/ministry-partner-update-icomb-may-2020-2\\\/#breadcrumb\"},\"inLanguage\":\"fr-FR\",\"potentialAction\":[{\"@type\":\"ReadAction\",\"target\":[\"https:\\\/\\\/mwc-cmm.org\\\/en\\\/stories\\\/ministry-partner-update-icomb-may-2020-2\\\/\"]}]},{\"@type\":\"ImageObject\",\"inLanguage\":\"fr-FR\",\"@id\":\"https:\\\/\\\/mwc-cmm.org\\\/en\\\/stories\\\/ministry-partner-update-icomb-may-2020-2\\\/#primaryimage\",\"url\":\"https:\\\/\\\/mwc-cmm.org\\\/wp-content\\\/uploads\\\/2024\\\/11\\\/2019_andreasisaak_002-scaled.jpg\",\"contentUrl\":\"https:\\\/\\\/mwc-cmm.org\\\/wp-content\\\/uploads\\\/2024\\\/11\\\/2019_andreasisaak_002-scaled.jpg\",\"width\":1709,\"height\":2560},{\"@type\":\"BreadcrumbList\",\"@id\":\"https:\\\/\\\/mwc-cmm.org\\\/en\\\/stories\\\/ministry-partner-update-icomb-may-2020-2\\\/#breadcrumb\",\"itemListElement\":[{\"@type\":\"ListItem\",\"position\":1,\"name\":\"Home\",\"item\":\"https:\\\/\\\/mwc-cmm.org\\\/fr\\\/\"},{\"@type\":\"ListItem\",\"position\":2,\"name\":\"Mise \u00e0 jour du minist\u00e8re partenaire : ICOMB \u2013 mai 2020\"}]},{\"@type\":\"WebSite\",\"@id\":\"https:\\\/\\\/mwc-cmm.org\\\/en\\\/#website\",\"url\":\"https:\\\/\\\/mwc-cmm.org\\\/en\\\/\",\"name\":\"Mennonite World Conference\",\"description\":\"A communion of Anabaptist-related churches\",\"publisher\":{\"@id\":\"https:\\\/\\\/mwc-cmm.org\\\/en\\\/#organization\"},\"alternateName\":\"MWC\",\"potentialAction\":[{\"@type\":\"SearchAction\",\"target\":{\"@type\":\"EntryPoint\",\"urlTemplate\":\"https:\\\/\\\/mwc-cmm.org\\\/en\\\/?s={search_term_string}\"},\"query-input\":{\"@type\":\"PropertyValueSpecification\",\"valueRequired\":true,\"valueName\":\"search_term_string\"}}],\"inLanguage\":\"fr-FR\"},{\"@type\":\"Organization\",\"@id\":\"https:\\\/\\\/mwc-cmm.org\\\/en\\\/#organization\",\"name\":\"Mennonite World Conference\",\"alternateName\":\"MWC\",\"url\":\"https:\\\/\\\/mwc-cmm.org\\\/en\\\/\",\"logo\":{\"@type\":\"ImageObject\",\"inLanguage\":\"fr-FR\",\"@id\":\"https:\\\/\\\/mwc-cmm.org\\\/en\\\/#\\\/schema\\\/logo\\\/image\\\/\",\"url\":\"https:\\\/\\\/mwc-cmm.org\\\/wp-content\\\/uploads\\\/2026\\\/01\\\/MWC_Sig_Blue_Horiz_webheader1-logo.svg\",\"contentUrl\":\"https:\\\/\\\/mwc-cmm.org\\\/wp-content\\\/uploads\\\/2026\\\/01\\\/MWC_Sig_Blue_Horiz_webheader1-logo.svg\",\"width\":786,\"height\":82,\"caption\":\"Mennonite World Conference\"},\"image\":{\"@id\":\"https:\\\/\\\/mwc-cmm.org\\\/en\\\/#\\\/schema\\\/logo\\\/image\\\/\"},\"sameAs\":[\"https:\\\/\\\/www.facebook.com\\\/MennoniteWorldConference\",\"https:\\\/\\\/www.linkedin.com\\\/company\\\/mennonite-world-conference-mwc\\\/\",\"https:\\\/\\\/www.instagram.com\\\/mwcmm\\\/\",\"https:\\\/\\\/www.youtube.com\\\/user\\\/mwccmm\",\"https:\\\/\\\/bsky.app\\\/profile\\\/mwcmm.bsky.social\"]},{\"@type\":\"Person\",\"@id\":\"https:\\\/\\\/mwc-cmm.org\\\/en\\\/#\\\/schema\\\/person\\\/11f6ae0d7d1868ba20a1cc27f067c836\",\"name\":\"mennworldcon\",\"image\":{\"@type\":\"ImageObject\",\"inLanguage\":\"fr-FR\",\"@id\":\"https:\\\/\\\/secure.gravatar.com\\\/avatar\\\/06fdc0dc81c157dfdb82ec42f252178a22307808988d22c043f9eb96f1e0fe80?s=96&d=mm&r=g\",\"url\":\"https:\\\/\\\/secure.gravatar.com\\\/avatar\\\/06fdc0dc81c157dfdb82ec42f252178a22307808988d22c043f9eb96f1e0fe80?s=96&d=mm&r=g\",\"contentUrl\":\"https:\\\/\\\/secure.gravatar.com\\\/avatar\\\/06fdc0dc81c157dfdb82ec42f252178a22307808988d22c043f9eb96f1e0fe80?s=96&d=mm&r=g\",\"caption\":\"mennworldcon\"},\"sameAs\":[\"https:\\\/\\\/mwc-cmm.org\"],\"url\":\"https:\\\/\\\/mwc-cmm.org\\\/fr\\\/stories\\\/author\\\/mennworldcon\\\/\"}]}<\/script>\n<!-- \/ Yoast SEO plugin. -->","yoast_head_json":{"title":"Mise \u00e0 jour du minist\u00e8re partenaire : ICOMB \u2013 mai 2020 - Mennonite World Conference","robots":{"index":"index","follow":"follow","max-snippet":"max-snippet:-1","max-image-preview":"max-image-preview:large","max-video-preview":"max-video-preview:-1"},"canonical":"https:\/\/mwc-cmm.org\/en\/stories\/ministry-partner-update-icomb-may-2020-2\/","og_locale":"fr_FR","og_type":"article","og_title":"Mise \u00e0 jour du minist\u00e8re partenaire : ICOMB \u2013 mai 2020 - Mennonite World Conference","og_description":"Les circonstances ont chang\u00e9 ici en Allemagne au cours des derni\u00e8res semaines des crises COVID19: sant\u00e9, socialement, relationnellement et \u00e9conomiquement. \u00ca une \u00e9poque o\u00f9 les gens ne peuvent pas faire du shopping, aller dans les restaurants et autres endroits pour s\u2019amuser, les choses sont devenues diff\u00e9rentes mais les priorit\u00e9s ont \u00e9galement chang\u00e9. &nbsp;+H613","og_url":"https:\/\/mwc-cmm.org\/en\/stories\/ministry-partner-update-icomb-may-2020-2\/","og_site_name":"Mennonite World Conference","article_publisher":"https:\/\/www.facebook.com\/MennoniteWorldConference","article_published_time":"2020-05-25T00:00:00+00:00","article_modified_time":"2024-12-10T17:16:55+00:00","og_image":[{"width":1709,"height":2560,"url":"https:\/\/mwc-cmm.org\/wp-content\/uploads\/2024\/11\/2019_andreasisaak_002-scaled.jpg","type":"image\/jpeg"}],"author":"mennworldcon","schema":{"@context":"https:\/\/schema.org","@graph":[{"@type":"Article","@id":"https:\/\/mwc-cmm.org\/en\/stories\/ministry-partner-update-icomb-may-2020-2\/#article","isPartOf":{"@id":"https:\/\/mwc-cmm.org\/en\/stories\/ministry-partner-update-icomb-may-2020-2\/"},"author":{"name":"mennworldcon","@id":"https:\/\/mwc-cmm.org\/en\/#\/schema\/person\/11f6ae0d7d1868ba20a1cc27f067c836"},"headline":"Mise \u00e0 jour du minist\u00e8re partenaire : ICOMB \u2013 mai 2020","datePublished":"2020-05-25T00:00:00+00:00","dateModified":"2024-12-10T17:16:55+00:00","mainEntityOfPage":{"@id":"https:\/\/mwc-cmm.org\/en\/stories\/ministry-partner-update-icomb-may-2020-2\/"},"wordCount":429,"publisher":{"@id":"https:\/\/mwc-cmm.org\/en\/#organization"},"image":{"@id":"https:\/\/mwc-cmm.org\/en\/stories\/ministry-partner-update-icomb-may-2020-2\/#primaryimage"},"thumbnailUrl":"https:\/\/mwc-cmm.org\/wp-content\/uploads\/2024\/11\/2019_andreasisaak_002-scaled.jpg","articleSection":["Non classifi\u00e9(e)"],"inLanguage":"fr-FR"},{"@type":"WebPage","@id":"https:\/\/mwc-cmm.org\/en\/stories\/ministry-partner-update-icomb-may-2020-2\/","url":"https:\/\/mwc-cmm.org\/en\/stories\/ministry-partner-update-icomb-may-2020-2\/","name":"Mise \u00e0 jour du minist\u00e8re partenaire : ICOMB \u2013 mai 2020 - Mennonite World Conference","isPartOf":{"@id":"https:\/\/mwc-cmm.org\/en\/#website"},"primaryImageOfPage":{"@id":"https:\/\/mwc-cmm.org\/en\/stories\/ministry-partner-update-icomb-may-2020-2\/#primaryimage"},"image":{"@id":"https:\/\/mwc-cmm.org\/en\/stories\/ministry-partner-update-icomb-may-2020-2\/#primaryimage"},"thumbnailUrl":"https:\/\/mwc-cmm.org\/wp-content\/uploads\/2024\/11\/2019_andreasisaak_002-scaled.jpg","datePublished":"2020-05-25T00:00:00+00:00","dateModified":"2024-12-10T17:16:55+00:00","breadcrumb":{"@id":"https:\/\/mwc-cmm.org\/en\/stories\/ministry-partner-update-icomb-may-2020-2\/#breadcrumb"},"inLanguage":"fr-FR","potentialAction":[{"@type":"ReadAction","target":["https:\/\/mwc-cmm.org\/en\/stories\/ministry-partner-update-icomb-may-2020-2\/"]}]},{"@type":"ImageObject","inLanguage":"fr-FR","@id":"https:\/\/mwc-cmm.org\/en\/stories\/ministry-partner-update-icomb-may-2020-2\/#primaryimage","url":"https:\/\/mwc-cmm.org\/wp-content\/uploads\/2024\/11\/2019_andreasisaak_002-scaled.jpg","contentUrl":"https:\/\/mwc-cmm.org\/wp-content\/uploads\/2024\/11\/2019_andreasisaak_002-scaled.jpg","width":1709,"height":2560},{"@type":"BreadcrumbList","@id":"https:\/\/mwc-cmm.org\/en\/stories\/ministry-partner-update-icomb-may-2020-2\/#breadcrumb","itemListElement":[{"@type":"ListItem","position":1,"name":"Home","item":"https:\/\/mwc-cmm.org\/fr\/"},{"@type":"ListItem","position":2,"name":"Mise \u00e0 jour du minist\u00e8re partenaire : ICOMB \u2013 mai 2020"}]},{"@type":"WebSite","@id":"https:\/\/mwc-cmm.org\/en\/#website","url":"https:\/\/mwc-cmm.org\/en\/","name":"Mennonite World Conference","description":"A communion of Anabaptist-related churches","publisher":{"@id":"https:\/\/mwc-cmm.org\/en\/#organization"},"alternateName":"MWC","potentialAction":[{"@type":"SearchAction","target":{"@type":"EntryPoint","urlTemplate":"https:\/\/mwc-cmm.org\/en\/?s={search_term_string}"},"query-input":{"@type":"PropertyValueSpecification","valueRequired":true,"valueName":"search_term_string"}}],"inLanguage":"fr-FR"},{"@type":"Organization","@id":"https:\/\/mwc-cmm.org\/en\/#organization","name":"Mennonite World Conference","alternateName":"MWC","url":"https:\/\/mwc-cmm.org\/en\/","logo":{"@type":"ImageObject","inLanguage":"fr-FR","@id":"https:\/\/mwc-cmm.org\/en\/#\/schema\/logo\/image\/","url":"https:\/\/mwc-cmm.org\/wp-content\/uploads\/2026\/01\/MWC_Sig_Blue_Horiz_webheader1-logo.svg","contentUrl":"https:\/\/mwc-cmm.org\/wp-content\/uploads\/2026\/01\/MWC_Sig_Blue_Horiz_webheader1-logo.svg","width":786,"height":82,"caption":"Mennonite World Conference"},"image":{"@id":"https:\/\/mwc-cmm.org\/en\/#\/schema\/logo\/image\/"},"sameAs":["https:\/\/www.facebook.com\/MennoniteWorldConference","https:\/\/www.linkedin.com\/company\/mennonite-world-conference-mwc\/","https:\/\/www.instagram.com\/mwcmm\/","https:\/\/www.youtube.com\/user\/mwccmm","https:\/\/bsky.app\/profile\/mwcmm.bsky.social"]},{"@type":"Person","@id":"https:\/\/mwc-cmm.org\/en\/#\/schema\/person\/11f6ae0d7d1868ba20a1cc27f067c836","name":"mennworldcon","image":{"@type":"ImageObject","inLanguage":"fr-FR","@id":"https:\/\/secure.gravatar.com\/avatar\/06fdc0dc81c157dfdb82ec42f252178a22307808988d22c043f9eb96f1e0fe80?s=96&d=mm&r=g","url":"https:\/\/secure.gravatar.com\/avatar\/06fdc0dc81c157dfdb82ec42f252178a22307808988d22c043f9eb96f1e0fe80?s=96&d=mm&r=g","contentUrl":"https:\/\/secure.gravatar.com\/avatar\/06fdc0dc81c157dfdb82ec42f252178a22307808988d22c043f9eb96f1e0fe80?s=96&d=mm&r=g","caption":"mennworldcon"},"sameAs":["https:\/\/mwc-cmm.org"],"url":"https:\/\/mwc-cmm.org\/fr\/stories\/author\/mennworldcon\/"}]}},"_links":{"self":[{"href":"https:\/\/mwc-cmm.org\/fr\/wp-json\/wp\/v2\/posts\/10159","targetHints":{"allow":["GET"]}}],"collection":[{"href":"https:\/\/mwc-cmm.org\/fr\/wp-json\/wp\/v2\/posts"}],"about":[{"href":"https:\/\/mwc-cmm.org\/fr\/wp-json\/wp\/v2\/types\/post"}],"author":[{"embeddable":true,"href":"https:\/\/mwc-cmm.org\/fr\/wp-json\/wp\/v2\/users\/1"}],"replies":[{"embeddable":true,"href":"https:\/\/mwc-cmm.org\/fr\/wp-json\/wp\/v2\/comments?post=10159"}],"version-history":[{"count":0,"href":"https:\/\/mwc-cmm.org\/fr\/wp-json\/wp\/v2\/posts\/10159\/revisions"}],"wp:featuredmedia":[{"embeddable":true,"href":"https:\/\/mwc-cmm.org\/fr\/wp-json\/wp\/v2\/media\/92149"}],"wp:attachment":[{"href":"https:\/\/mwc-cmm.org\/fr\/wp-json\/wp\/v2\/media?parent=10159"}],"wp:term":[{"taxonomy":"category","embeddable":true,"href":"https:\/\/mwc-cmm.org\/fr\/wp-json\/wp\/v2\/categories?post=10159"},{"taxonomy":"post_tag","embeddable":true,"href":"https:\/\/mwc-cmm.org\/fr\/wp-json\/wp\/v2\/tags?post=10159"},{"taxonomy":"network","embeddable":true,"href":"https:\/\/mwc-cmm.org\/fr\/wp-json\/wp\/v2\/network?post=10159"},{"taxonomy":"eventcategory","embeddable":true,"href":"https:\/\/mwc-cmm.org\/fr\/wp-json\/wp\/v2\/eventcategory?post=10159"}],"curies":[{"name":"wp","href":"https:\/\/api.w.org\/{rel}","templated":true}]}}