{"id":10152,"date":"2020-03-17T00:00:00","date_gmt":"2020-03-17T00:00:00","guid":{"rendered":"https:\/\/mwc-cmm.org\/gods-call-for-our-church-and-mission-4\/"},"modified":"2024-12-10T17:16:52","modified_gmt":"2024-12-10T17:16:52","slug":"lappel-de-dieu-pour-notre-eglise-et-pour-notre-mission","status":"publish","type":"post","link":"https:\/\/mwc-cmm.org\/fr\/stories\/lappel-de-dieu-pour-notre-eglise-et-pour-notre-mission\/","title":{"rendered":"L\u2019appel de Dieu pour notre \u00c9glise et pour notre mission"},"content":{"rendered":"<p>\u00ab L\u2019\u00c9glise va ralentir le travail du Comit\u00e9 Central Mennonite \u00bb m\u2019a-t-on dit lors de la r\u00e9union de consultation New Wineskins, MCC New Wine 2008, \u00e0 Winnipeg. \u00ab Si l\u2019on veut \u00eatre une ONG plus efficace, il faut pouvoir \u00eatre ind\u00e9pendant de l\u2019\u00c9glise. \u00bb <\/p>\n<p>C\u2019est vrai, l\u2019\u00c9glise n\u2019est sans doute pas tr\u00e8s efficace selon les crit\u00e8res des ONG et du point de vue de la gestion professionnelle structur\u00e9e, mais elle incarne la m\u00e9thode de Dieu, celle qui am\u00e8ne \u00e0 une transformation sociale r\u00e9elle et durable.<\/p>\n<p>De plus, la mission, dans la vision anabaptiste, est men\u00e9e par l\u2019\u00c9glise, t\u00e9moin du Christ dans le monde. Elle ne peut pas \u00eatre d\u00e9l\u00e9gu\u00e9e \u00e0 des sp\u00e9cialistes ou \u00e0 des institutions ind\u00e9pendantes. Le MCC et la CMM partagent ce point de vue qui sous-tend des ann\u00e9es de collaboration entre ces deux organisations.<\/p>\n<h3>Histoire commune<\/h3>\n<p>La CMM et le MCC ont tous deux commenc\u00e9 pour r\u00e9pondre \u00e0 la violence exerc\u00e9e sur les mennonites et \u00e0 leur pers\u00e9cution en Europe et en Russie dans les ann\u00e9es 1920.<\/p>\n<p>Le MCC \u00e9tait dans les ann\u00e9es 1920 la branche sociale des \u00e9glises d\u2019Am\u00e9rique du Nord et il venait en aide aux r\u00e9fugi\u00e9s mennonite touch\u00e9s par la guerre et la famine dans ce qui est aujourd\u2019hui l\u2019Ukraine.<\/p>\n<p>En 1925, la CMM est n\u00e9e pour rassembler les mennonites, sur l\u2019id\u00e9e que la foi multiculturelle en J\u00e9sus pouvait vaincre les nationalismes et le racisme.<\/p>\n<p>Tout au long de leur histoire, le MCC et la CMM ont mis l\u2019accent sur la solidarit\u00e9 inter-mennonite, le partage de leadership, le soutien mutuel et l\u2019union des \u00e9glises autour d\u2019objectifs communs. Ces objectifs convergents d\u00e9coulent de la compr\u00e9hension eccl\u00e9siologique anabaptiste de la mission.<\/p>\n<h3>La mission au centre<\/h3>\n<p>Le Christ a inaugur\u00e9 une cr\u00e9ation eschatologique mondiale et multiculturelle. Elle d\u00e9passe les nationalismes et d\u2019autres types de fronti\u00e8res, facilite l\u2019interd\u00e9pendance, l\u2019amour et la pr\u00e9occupation les uns pour les autres.<\/p>\n<p>En devenant une communion mondiale, la CMM manifeste aujourd\u2019hui cette r\u00e9alit\u00e9 eschatologique.<\/p>\n<p>La CMM est l\u2019\u00e9glise mondiale de tradition anabaptiste, c\u2019est le lieu o\u00f9 toutes les \u00e9glises membres se retrouvent autour de la table sur un plan d\u2019\u00e9galit\u00e9 peu importe leur origine ethnique, leur capacit\u00e9 financi\u00e8re et de leurs caract\u00e9ristiques anabaptistes. C\u2019est l\u00e0 que la th\u00e9ologie, le service, l\u2019\u00e9ducation, le travail pour la paix, l\u2019implantation d\u2019\u00e9glises, les soins de sant\u00e9, l\u2019accompagnement pastoral, le culte, les minist\u00e8res des femmes et des jeunes et d\u2019autres activit\u00e9s d\u2019\u00e9glise ont lieu \u00e0 l\u2019\u00e9chelle mondiale et interculturelle. C\u2019est une alternative communautaire mondiale aux \u00c9tats de notre monde.<\/p>\n<h3>Collaboration inter-anabaptiste<\/h3>\n<p>De nouvelles possibilit\u00e9s de collaborations mondiales inter-anabaptistes ont \u00e9merg\u00e9 ces dix derni\u00e8res ann\u00e9es entre la CMM, le MCC et d\u2019autres agences anabaptistes au sein du R\u00e9seau Anabaptiste Mondial d\u2019Entraide (GASN) : coordination entre agences des interventions lors de catastrophes naturelles ou autres crises, opportunit\u00e9s de service dans des programmes transculturels communs, aide aux \u00e9glises dans la cr\u00e9ation de leurs propres structures d\u2019action sociale et renforcement des capacit\u00e9s des agences d\u2019entraides anabaptistes.<\/p>\n<p>Alors que nous entamons le deuxi\u00e8me centenaire du MCC et bient\u00f4t celui de la CMM, osons r\u00eaver ensemble d\u2019\u00e9quipes anabaptistes multiculturelles qui servent ensemble pour apporter secours, \u00e9ducation, sant\u00e9, paix, cr\u00e9ation d\u2019\u00e9glises et d\u00e9veloppement social. C\u2019est l\u2019appel de Dieu pour notre \u00c9glise et pour notre mission.<\/p>\n<p><em>\u2014Un communiqu\u00e9 de la Conf\u00e9rence Mennonite Mondiale \u00e9crit par C\u00e9sar Garc\u00eda, secr\u00e9taire g\u00e9n\u00e9ral de la CMM. La version compl\u00e8te de cet article sera publi\u00e9e dans le num\u00e9ro d\u2019automne 2020 d\u2019 <\/em>Intersections: MCC theory and practice quarterly<em>, publication du Comit\u00e9 Central Mennonite. Utilis\u00e9 avec permission.<\/em><\/p>\n","protected":false},"excerpt":{"rendered":"<p>\u00ab L\u2019\u00c9glise va ralentir le travail du Comit\u00e9 Central Mennonite \u00bb m\u2019a-t-on dit lors de la r\u00e9union de consultation New Wineskins, MCC New Wine 2008, \u00e0 Winnipeg. \u00ab Si l\u2019on veut \u00eatre une ONG plus efficace, il faut pouvoir \u00eatre ind\u00e9pendant de l\u2019\u00c9glise. \u00bb C\u2019est vrai, l\u2019\u00c9glise n\u2019est sans doute pas tr\u00e8s efficace selon les [&hellip;]<\/p>\n","protected":false},"author":1,"featured_media":91997,"comment_status":"closed","ping_status":"closed","sticky":false,"template":"","format":"standard","meta":{"_acf_changed":false,"footnotes":""},"categories":[7],"tags":[],"network":[],"eventcategory":[],"class_list":["post-10152","post","type-post","status-publish","format-standard","has-post-thumbnail","hentry","category-non-classifiee"],"acf":[],"yoast_head":"<!-- This site is optimized with the Yoast SEO plugin v27.2 - https:\/\/yoast.com\/product\/yoast-seo-wordpress\/ -->\n<title>L\u2019appel de Dieu pour notre \u00c9glise et pour notre mission - Mennonite World Conference<\/title>\n<meta name=\"robots\" content=\"index, follow, max-snippet:-1, max-image-preview:large, max-video-preview:-1\" \/>\n<link rel=\"canonical\" href=\"https:\/\/mwc-cmm.org\/fr\/stories\/lappel-de-dieu-pour-notre-eglise-et-pour-notre-mission\/\" \/>\n<meta property=\"og:locale\" content=\"fr_FR\" \/>\n<meta property=\"og:type\" content=\"article\" \/>\n<meta property=\"og:title\" content=\"L\u2019appel de Dieu pour notre \u00c9glise et pour notre mission - Mennonite World Conference\" \/>\n<meta property=\"og:description\" content=\"\u00ab L\u2019\u00c9glise va ralentir le travail du Comit\u00e9 Central Mennonite \u00bb m\u2019a-t-on dit lors de la r\u00e9union de consultation New Wineskins, MCC New Wine 2008, \u00e0 Winnipeg. \u00ab Si l\u2019on veut \u00eatre une ONG plus efficace, il faut pouvoir \u00eatre ind\u00e9pendant de l\u2019\u00c9glise. \u00bb C\u2019est vrai, l\u2019\u00c9glise n\u2019est sans doute pas tr\u00e8s efficace selon les [&hellip;]\" \/>\n<meta property=\"og:url\" content=\"https:\/\/mwc-cmm.org\/fr\/stories\/lappel-de-dieu-pour-notre-eglise-et-pour-notre-mission\/\" \/>\n<meta property=\"og:site_name\" content=\"Mennonite World Conference\" \/>\n<meta property=\"article:publisher\" content=\"https:\/\/www.facebook.com\/MennoniteWorldConference\" \/>\n<meta property=\"article:published_time\" content=\"2020-03-17T00:00:00+00:00\" \/>\n<meta property=\"article:modified_time\" content=\"2024-12-10T17:16:52+00:00\" \/>\n<meta property=\"og:image\" content=\"https:\/\/mwc-cmm.org\/wp-content\/uploads\/2024\/11\/rs86398_img_3737_11.jpg\" \/>\n\t<meta property=\"og:image:width\" content=\"450\" \/>\n\t<meta property=\"og:image:height\" content=\"300\" \/>\n\t<meta property=\"og:image:type\" content=\"image\/jpeg\" \/>\n<meta name=\"author\" content=\"mennworldcon\" \/>\n<script type=\"application\/ld+json\" class=\"yoast-schema-graph\">{\"@context\":\"https:\/\/schema.org\",\"@graph\":[{\"@type\":\"Article\",\"@id\":\"https:\/\/mwc-cmm.org\/fr\/stories\/lappel-de-dieu-pour-notre-eglise-et-pour-notre-mission\/#article\",\"isPartOf\":{\"@id\":\"https:\/\/mwc-cmm.org\/fr\/stories\/lappel-de-dieu-pour-notre-eglise-et-pour-notre-mission\/\"},\"author\":{\"name\":\"mennworldcon\",\"@id\":\"https:\/\/mwc-cmm.org\/en\/#\/schema\/person\/11f6ae0d7d1868ba20a1cc27f067c836\"},\"headline\":\"L\u2019appel de Dieu pour notre \u00c9glise et pour notre mission\",\"datePublished\":\"2020-03-17T00:00:00+00:00\",\"dateModified\":\"2024-12-10T17:16:52+00:00\",\"mainEntityOfPage\":{\"@id\":\"https:\/\/mwc-cmm.org\/fr\/stories\/lappel-de-dieu-pour-notre-eglise-et-pour-notre-mission\/\"},\"wordCount\":671,\"publisher\":{\"@id\":\"https:\/\/mwc-cmm.org\/en\/#organization\"},\"image\":{\"@id\":\"https:\/\/mwc-cmm.org\/fr\/stories\/lappel-de-dieu-pour-notre-eglise-et-pour-notre-mission\/#primaryimage\"},\"thumbnailUrl\":\"https:\/\/mwc-cmm.org\/wp-content\/uploads\/2024\/11\/rs86398_img_3737_11.jpg\",\"articleSection\":[\"Non classifi\u00e9(e)\"],\"inLanguage\":\"fr-FR\"},{\"@type\":\"WebPage\",\"@id\":\"https:\/\/mwc-cmm.org\/fr\/stories\/lappel-de-dieu-pour-notre-eglise-et-pour-notre-mission\/\",\"url\":\"https:\/\/mwc-cmm.org\/fr\/stories\/lappel-de-dieu-pour-notre-eglise-et-pour-notre-mission\/\",\"name\":\"L\u2019appel de Dieu pour notre \u00c9glise et pour notre mission - Mennonite World Conference\",\"isPartOf\":{\"@id\":\"https:\/\/mwc-cmm.org\/en\/#website\"},\"primaryImageOfPage\":{\"@id\":\"https:\/\/mwc-cmm.org\/fr\/stories\/lappel-de-dieu-pour-notre-eglise-et-pour-notre-mission\/#primaryimage\"},\"image\":{\"@id\":\"https:\/\/mwc-cmm.org\/fr\/stories\/lappel-de-dieu-pour-notre-eglise-et-pour-notre-mission\/#primaryimage\"},\"thumbnailUrl\":\"https:\/\/mwc-cmm.org\/wp-content\/uploads\/2024\/11\/rs86398_img_3737_11.jpg\",\"datePublished\":\"2020-03-17T00:00:00+00:00\",\"dateModified\":\"2024-12-10T17:16:52+00:00\",\"breadcrumb\":{\"@id\":\"https:\/\/mwc-cmm.org\/fr\/stories\/lappel-de-dieu-pour-notre-eglise-et-pour-notre-mission\/#breadcrumb\"},\"inLanguage\":\"fr-FR\",\"potentialAction\":[{\"@type\":\"ReadAction\",\"target\":[\"https:\/\/mwc-cmm.org\/fr\/stories\/lappel-de-dieu-pour-notre-eglise-et-pour-notre-mission\/\"]}]},{\"@type\":\"ImageObject\",\"inLanguage\":\"fr-FR\",\"@id\":\"https:\/\/mwc-cmm.org\/fr\/stories\/lappel-de-dieu-pour-notre-eglise-et-pour-notre-mission\/#primaryimage\",\"url\":\"https:\/\/mwc-cmm.org\/wp-content\/uploads\/2024\/11\/rs86398_img_3737_11.jpg\",\"contentUrl\":\"https:\/\/mwc-cmm.org\/wp-content\/uploads\/2024\/11\/rs86398_img_3737_11.jpg\",\"width\":450,\"height\":300},{\"@type\":\"BreadcrumbList\",\"@id\":\"https:\/\/mwc-cmm.org\/fr\/stories\/lappel-de-dieu-pour-notre-eglise-et-pour-notre-mission\/#breadcrumb\",\"itemListElement\":[{\"@type\":\"ListItem\",\"position\":1,\"name\":\"Home\",\"item\":\"https:\/\/mwc-cmm.org\/fr\/\"},{\"@type\":\"ListItem\",\"position\":2,\"name\":\"L\u2019appel de Dieu pour notre \u00c9glise et pour notre mission\"}]},{\"@type\":\"WebSite\",\"@id\":\"https:\/\/mwc-cmm.org\/en\/#website\",\"url\":\"https:\/\/mwc-cmm.org\/en\/\",\"name\":\"Mennonite World Conference\",\"description\":\"A communion of Anabaptist-related churches\",\"publisher\":{\"@id\":\"https:\/\/mwc-cmm.org\/en\/#organization\"},\"alternateName\":\"MWC\",\"potentialAction\":[{\"@type\":\"SearchAction\",\"target\":{\"@type\":\"EntryPoint\",\"urlTemplate\":\"https:\/\/mwc-cmm.org\/en\/?s={search_term_string}\"},\"query-input\":{\"@type\":\"PropertyValueSpecification\",\"valueRequired\":true,\"valueName\":\"search_term_string\"}}],\"inLanguage\":\"fr-FR\"},{\"@type\":\"Organization\",\"@id\":\"https:\/\/mwc-cmm.org\/en\/#organization\",\"name\":\"Mennonite World Conference\",\"alternateName\":\"MWC\",\"url\":\"https:\/\/mwc-cmm.org\/en\/\",\"logo\":{\"@type\":\"ImageObject\",\"inLanguage\":\"fr-FR\",\"@id\":\"https:\/\/mwc-cmm.org\/en\/#\/schema\/logo\/image\/\",\"url\":\"https:\/\/mwc-cmm.org\/wp-content\/uploads\/2026\/01\/MWC_Sig_Blue_Horiz_webheader1-logo.svg\",\"contentUrl\":\"https:\/\/mwc-cmm.org\/wp-content\/uploads\/2026\/01\/MWC_Sig_Blue_Horiz_webheader1-logo.svg\",\"width\":786,\"height\":82,\"caption\":\"Mennonite World Conference\"},\"image\":{\"@id\":\"https:\/\/mwc-cmm.org\/en\/#\/schema\/logo\/image\/\"},\"sameAs\":[\"https:\/\/www.facebook.com\/MennoniteWorldConference\",\"https:\/\/www.linkedin.com\/company\/mennonite-world-conference-mwc\/\",\"https:\/\/www.instagram.com\/mwcmm\/\",\"https:\/\/www.youtube.com\/user\/mwccmm\",\"https:\/\/bsky.app\/profile\/mwcmm.bsky.social\"]},{\"@type\":\"Person\",\"@id\":\"https:\/\/mwc-cmm.org\/en\/#\/schema\/person\/11f6ae0d7d1868ba20a1cc27f067c836\",\"name\":\"mennworldcon\",\"image\":{\"@type\":\"ImageObject\",\"inLanguage\":\"fr-FR\",\"@id\":\"https:\/\/secure.gravatar.com\/avatar\/06fdc0dc81c157dfdb82ec42f252178a22307808988d22c043f9eb96f1e0fe80?s=96&d=mm&r=g\",\"url\":\"https:\/\/secure.gravatar.com\/avatar\/06fdc0dc81c157dfdb82ec42f252178a22307808988d22c043f9eb96f1e0fe80?s=96&d=mm&r=g\",\"contentUrl\":\"https:\/\/secure.gravatar.com\/avatar\/06fdc0dc81c157dfdb82ec42f252178a22307808988d22c043f9eb96f1e0fe80?s=96&d=mm&r=g\",\"caption\":\"mennworldcon\"},\"sameAs\":[\"https:\/\/mwc-cmm.org\"],\"url\":\"https:\/\/mwc-cmm.org\/fr\/stories\/author\/mennworldcon\/\"}]}<\/script>\n<!-- \/ Yoast SEO plugin. -->","yoast_head_json":{"title":"L\u2019appel de Dieu pour notre \u00c9glise et pour notre mission - Mennonite World Conference","robots":{"index":"index","follow":"follow","max-snippet":"max-snippet:-1","max-image-preview":"max-image-preview:large","max-video-preview":"max-video-preview:-1"},"canonical":"https:\/\/mwc-cmm.org\/fr\/stories\/lappel-de-dieu-pour-notre-eglise-et-pour-notre-mission\/","og_locale":"fr_FR","og_type":"article","og_title":"L\u2019appel de Dieu pour notre \u00c9glise et pour notre mission - Mennonite World Conference","og_description":"\u00ab L\u2019\u00c9glise va ralentir le travail du Comit\u00e9 Central Mennonite \u00bb m\u2019a-t-on dit lors de la r\u00e9union de consultation New Wineskins, MCC New Wine 2008, \u00e0 Winnipeg. \u00ab Si l\u2019on veut \u00eatre une ONG plus efficace, il faut pouvoir \u00eatre ind\u00e9pendant de l\u2019\u00c9glise. \u00bb C\u2019est vrai, l\u2019\u00c9glise n\u2019est sans doute pas tr\u00e8s efficace selon les [&hellip;]","og_url":"https:\/\/mwc-cmm.org\/fr\/stories\/lappel-de-dieu-pour-notre-eglise-et-pour-notre-mission\/","og_site_name":"Mennonite World Conference","article_publisher":"https:\/\/www.facebook.com\/MennoniteWorldConference","article_published_time":"2020-03-17T00:00:00+00:00","article_modified_time":"2024-12-10T17:16:52+00:00","og_image":[{"width":450,"height":300,"url":"https:\/\/mwc-cmm.org\/wp-content\/uploads\/2024\/11\/rs86398_img_3737_11.jpg","type":"image\/jpeg"}],"author":"mennworldcon","schema":{"@context":"https:\/\/schema.org","@graph":[{"@type":"Article","@id":"https:\/\/mwc-cmm.org\/fr\/stories\/lappel-de-dieu-pour-notre-eglise-et-pour-notre-mission\/#article","isPartOf":{"@id":"https:\/\/mwc-cmm.org\/fr\/stories\/lappel-de-dieu-pour-notre-eglise-et-pour-notre-mission\/"},"author":{"name":"mennworldcon","@id":"https:\/\/mwc-cmm.org\/en\/#\/schema\/person\/11f6ae0d7d1868ba20a1cc27f067c836"},"headline":"L\u2019appel de Dieu pour notre \u00c9glise et pour notre mission","datePublished":"2020-03-17T00:00:00+00:00","dateModified":"2024-12-10T17:16:52+00:00","mainEntityOfPage":{"@id":"https:\/\/mwc-cmm.org\/fr\/stories\/lappel-de-dieu-pour-notre-eglise-et-pour-notre-mission\/"},"wordCount":671,"publisher":{"@id":"https:\/\/mwc-cmm.org\/en\/#organization"},"image":{"@id":"https:\/\/mwc-cmm.org\/fr\/stories\/lappel-de-dieu-pour-notre-eglise-et-pour-notre-mission\/#primaryimage"},"thumbnailUrl":"https:\/\/mwc-cmm.org\/wp-content\/uploads\/2024\/11\/rs86398_img_3737_11.jpg","articleSection":["Non classifi\u00e9(e)"],"inLanguage":"fr-FR"},{"@type":"WebPage","@id":"https:\/\/mwc-cmm.org\/fr\/stories\/lappel-de-dieu-pour-notre-eglise-et-pour-notre-mission\/","url":"https:\/\/mwc-cmm.org\/fr\/stories\/lappel-de-dieu-pour-notre-eglise-et-pour-notre-mission\/","name":"L\u2019appel de Dieu pour notre \u00c9glise et pour notre mission - Mennonite World Conference","isPartOf":{"@id":"https:\/\/mwc-cmm.org\/en\/#website"},"primaryImageOfPage":{"@id":"https:\/\/mwc-cmm.org\/fr\/stories\/lappel-de-dieu-pour-notre-eglise-et-pour-notre-mission\/#primaryimage"},"image":{"@id":"https:\/\/mwc-cmm.org\/fr\/stories\/lappel-de-dieu-pour-notre-eglise-et-pour-notre-mission\/#primaryimage"},"thumbnailUrl":"https:\/\/mwc-cmm.org\/wp-content\/uploads\/2024\/11\/rs86398_img_3737_11.jpg","datePublished":"2020-03-17T00:00:00+00:00","dateModified":"2024-12-10T17:16:52+00:00","breadcrumb":{"@id":"https:\/\/mwc-cmm.org\/fr\/stories\/lappel-de-dieu-pour-notre-eglise-et-pour-notre-mission\/#breadcrumb"},"inLanguage":"fr-FR","potentialAction":[{"@type":"ReadAction","target":["https:\/\/mwc-cmm.org\/fr\/stories\/lappel-de-dieu-pour-notre-eglise-et-pour-notre-mission\/"]}]},{"@type":"ImageObject","inLanguage":"fr-FR","@id":"https:\/\/mwc-cmm.org\/fr\/stories\/lappel-de-dieu-pour-notre-eglise-et-pour-notre-mission\/#primaryimage","url":"https:\/\/mwc-cmm.org\/wp-content\/uploads\/2024\/11\/rs86398_img_3737_11.jpg","contentUrl":"https:\/\/mwc-cmm.org\/wp-content\/uploads\/2024\/11\/rs86398_img_3737_11.jpg","width":450,"height":300},{"@type":"BreadcrumbList","@id":"https:\/\/mwc-cmm.org\/fr\/stories\/lappel-de-dieu-pour-notre-eglise-et-pour-notre-mission\/#breadcrumb","itemListElement":[{"@type":"ListItem","position":1,"name":"Home","item":"https:\/\/mwc-cmm.org\/fr\/"},{"@type":"ListItem","position":2,"name":"L\u2019appel de Dieu pour notre \u00c9glise et pour notre mission"}]},{"@type":"WebSite","@id":"https:\/\/mwc-cmm.org\/en\/#website","url":"https:\/\/mwc-cmm.org\/en\/","name":"Mennonite World Conference","description":"A communion of Anabaptist-related churches","publisher":{"@id":"https:\/\/mwc-cmm.org\/en\/#organization"},"alternateName":"MWC","potentialAction":[{"@type":"SearchAction","target":{"@type":"EntryPoint","urlTemplate":"https:\/\/mwc-cmm.org\/en\/?s={search_term_string}"},"query-input":{"@type":"PropertyValueSpecification","valueRequired":true,"valueName":"search_term_string"}}],"inLanguage":"fr-FR"},{"@type":"Organization","@id":"https:\/\/mwc-cmm.org\/en\/#organization","name":"Mennonite World Conference","alternateName":"MWC","url":"https:\/\/mwc-cmm.org\/en\/","logo":{"@type":"ImageObject","inLanguage":"fr-FR","@id":"https:\/\/mwc-cmm.org\/en\/#\/schema\/logo\/image\/","url":"https:\/\/mwc-cmm.org\/wp-content\/uploads\/2026\/01\/MWC_Sig_Blue_Horiz_webheader1-logo.svg","contentUrl":"https:\/\/mwc-cmm.org\/wp-content\/uploads\/2026\/01\/MWC_Sig_Blue_Horiz_webheader1-logo.svg","width":786,"height":82,"caption":"Mennonite World Conference"},"image":{"@id":"https:\/\/mwc-cmm.org\/en\/#\/schema\/logo\/image\/"},"sameAs":["https:\/\/www.facebook.com\/MennoniteWorldConference","https:\/\/www.linkedin.com\/company\/mennonite-world-conference-mwc\/","https:\/\/www.instagram.com\/mwcmm\/","https:\/\/www.youtube.com\/user\/mwccmm","https:\/\/bsky.app\/profile\/mwcmm.bsky.social"]},{"@type":"Person","@id":"https:\/\/mwc-cmm.org\/en\/#\/schema\/person\/11f6ae0d7d1868ba20a1cc27f067c836","name":"mennworldcon","image":{"@type":"ImageObject","inLanguage":"fr-FR","@id":"https:\/\/secure.gravatar.com\/avatar\/06fdc0dc81c157dfdb82ec42f252178a22307808988d22c043f9eb96f1e0fe80?s=96&d=mm&r=g","url":"https:\/\/secure.gravatar.com\/avatar\/06fdc0dc81c157dfdb82ec42f252178a22307808988d22c043f9eb96f1e0fe80?s=96&d=mm&r=g","contentUrl":"https:\/\/secure.gravatar.com\/avatar\/06fdc0dc81c157dfdb82ec42f252178a22307808988d22c043f9eb96f1e0fe80?s=96&d=mm&r=g","caption":"mennworldcon"},"sameAs":["https:\/\/mwc-cmm.org"],"url":"https:\/\/mwc-cmm.org\/fr\/stories\/author\/mennworldcon\/"}]}},"_links":{"self":[{"href":"https:\/\/mwc-cmm.org\/fr\/wp-json\/wp\/v2\/posts\/10152","targetHints":{"allow":["GET"]}}],"collection":[{"href":"https:\/\/mwc-cmm.org\/fr\/wp-json\/wp\/v2\/posts"}],"about":[{"href":"https:\/\/mwc-cmm.org\/fr\/wp-json\/wp\/v2\/types\/post"}],"author":[{"embeddable":true,"href":"https:\/\/mwc-cmm.org\/fr\/wp-json\/wp\/v2\/users\/1"}],"replies":[{"embeddable":true,"href":"https:\/\/mwc-cmm.org\/fr\/wp-json\/wp\/v2\/comments?post=10152"}],"version-history":[{"count":0,"href":"https:\/\/mwc-cmm.org\/fr\/wp-json\/wp\/v2\/posts\/10152\/revisions"}],"wp:featuredmedia":[{"embeddable":true,"href":"https:\/\/mwc-cmm.org\/fr\/wp-json\/wp\/v2\/media\/91997"}],"wp:attachment":[{"href":"https:\/\/mwc-cmm.org\/fr\/wp-json\/wp\/v2\/media?parent=10152"}],"wp:term":[{"taxonomy":"category","embeddable":true,"href":"https:\/\/mwc-cmm.org\/fr\/wp-json\/wp\/v2\/categories?post=10152"},{"taxonomy":"post_tag","embeddable":true,"href":"https:\/\/mwc-cmm.org\/fr\/wp-json\/wp\/v2\/tags?post=10152"},{"taxonomy":"network","embeddable":true,"href":"https:\/\/mwc-cmm.org\/fr\/wp-json\/wp\/v2\/network?post=10152"},{"taxonomy":"eventcategory","embeddable":true,"href":"https:\/\/mwc-cmm.org\/fr\/wp-json\/wp\/v2\/eventcategory?post=10152"}],"curies":[{"name":"wp","href":"https:\/\/api.w.org\/{rel}","templated":true}]}}