{"id":10134,"date":"2020-03-11T00:00:00","date_gmt":"2020-03-11T00:00:00","guid":{"rendered":"https:\/\/mwc-cmm.org\/amnesty-for-sangmin-lee-4\/"},"modified":"2024-12-10T17:16:45","modified_gmt":"2024-12-10T17:16:45","slug":"amnesty-for-sangmin-lee-4","status":"publish","type":"post","link":"https:\/\/mwc-cmm.org\/fr\/stories\/amnesty-for-sangmin-lee-4\/","title":{"rendered":"Amnistie pour Sangmin Lee"},"content":{"rendered":"<p>Mardi 31 d\u00e9cembre, le dernier jour de l\u2019ann\u00e9e 2019, Sangmin Lee m\u2019a appel\u00e9 tout heureux de m\u2019annoncer qu\u2019il avait \u00e9t\u00e9 amnisti\u00e9.<\/p>\n<p>Au d\u00e9but de l\u2019ann\u00e9e 2014, Lee a \u00e9t\u00e9 condamn\u00e9 \u00e0 18 mois de prison pour avoir refus\u00e9 de participer au service militaire \u00e0 cause de sa foi.<\/p>\n<p>Lee a \u00e9t\u00e9 lib\u00e9r\u00e9 le 30 juillet 2015 apr\u00e8s avoir purg\u00e9 une peine de 15 mois, mais la mention de refus de service militaire est rest\u00e9e inscrite dans son casier judiciaire l\u2019emp\u00eachant d\u2019occuper un emploi dans de nombreuses entreprises et dans le secteur public.<\/p>\n<p>M\u00eame si j\u2019avais entendu parler des pardons officiels accord\u00e9s \u00e0 5174 personnes d\u2019ici la fin de l\u2019ann\u00e9e, je ne pensais pas qu\u2019il puisse faire partie des 1879 objecteurs de conscience \u00e0 en b\u00e9n\u00e9ficier. La d\u00e9cision a \u00e9t\u00e9 prise gr\u00e2ce aux jugements rendus par le tribunal en 2018 qui reconnaissent l\u2019existence de demandes r\u00e9p\u00e9t\u00e9es au cours de plusieurs dizaines d\u2019ann\u00e9es d\u2019alternatives au service militaire de la part d\u2019objecteurs de conscience.<\/p>\n<p>Le 27 d\u00e9cembre 2019, l\u2019Assembl\u00e9e nationale de la R\u00e9publique de Cor\u00e9e a fini par approuver une loi permettant aux objecteurs de conscience d\u2019effectuer un service alternatif de 36 mois. Actuellement, le service militaire obligatoire en Cor\u00e9e est d\u2019une dur\u00e9e de 21 mois (arm\u00e9e de terre) \u00e0 23 ou 24 mois (marine et arm\u00e9e de l\u2019air).<\/p>\n<p>Aujourd\u2019hui, au moins, il existe une alternative au service militaire pour les objecteurs de conscience en Cor\u00e9e du Sud.<\/p>\n<p>Cependant, cette possibilit\u00e9 s\u2019apparente plus \u00e0 une punition qu\u2019\u00e0 une r\u00e9elle alternative. En d\u00e9cembre 2019, le minist\u00e8re de la d\u00e9fense (non pas le minist\u00e8re de la justice) a annonc\u00e9 une r\u00e9vision de la loi. Cette nouvelle loi pr\u00e9voit que les objecteurs de conscience devront servir durant 36 mois dans des centres p\u00e9nitentiaires. Sous supervision du minist\u00e8re de la d\u00e9fense, ils doivent rester dans ces centres sans possibilit\u00e9 d\u2019aller et venir.<\/p>\n<p>Sangmin Lee (comme d\u2019autres objecteurs de conscience) a d\u00e9j\u00e0 purg\u00e9 sa peine en tant que prisonnier \u00e0 cause de sa foi et sa conscience. Quelle est la diff\u00e9rence entre une peine de prison et \u00ab 36 mois dans un centre p\u00e9nitentiaire \u00bb, \u00e0 part la dur\u00e9e ?<\/p>\n<p>Je suis soulag\u00e9 que Sangmin Lee ait pu faire partie des plus de 1800 personnes qui ont enfin retrouv\u00e9 un statut judiciaire vierge dans la soci\u00e9t\u00e9 cor\u00e9enne. Malheureusement, il nous faut maintenant nous pr\u00e9parer \u00e0 des peines plus lourdes pour les condamn\u00e9s pour objection de conscience. Qui leur donnera la vraie amnistie ?&nbsp;<\/p>\n<p>Prions pour ceux dont la conscience s\u2019oppose \u00e0 la violence. Qu\u2019ils re\u00e7oivent une vraie amnistie ou un pardon officiel.<\/p>\n<p><em>\u2014SeongHan Kim est un \u00e9ducateur sur la paix pour le MCC Asie du nord-est. Il vit \u00e0 Gangwon-do, en Cor\u00e9e du Sud. Ce communiqu\u00e9 de la Conf\u00e9rence Mennonite Mondiale a \u00e9t\u00e9 publi\u00e9 pour la premi\u00e8re fois dans <\/em><a href=\"http:\/\/martyrstories.org\/\">Bearing Witness Stories Project<\/a>.<\/p>\n<div>\n<strong>Lisez le reste de l\u2019histoire de SangMin Lee :<\/strong><\/div>\n<div><a href=\"https:\/\/mwc-cmm.org\/fr\/node\/373\">Un objecteur de conscience sud-cor\u00e9en lib\u00e9r\u00e9 de prison<\/a><\/div>\n<div><a href=\"https:\/\/mwc-cmm.org\/fr\/node\/418\">Un objecteur de conscience sud-cor\u00e9en se demande : \u00ab Puis-je tuer? \u00bb<\/a><\/div>\n<div><a href=\"https:\/\/mwc-cmm.org\/fr\/node\/625\">La Cor\u00e9e du Sud reconnait les droits des objecteurs de conscience<\/a><\/div>\n<div>&nbsp;<\/div>\n<div>&nbsp;<\/div>\n","protected":false},"excerpt":{"rendered":"<p>Mardi 31 d\u00e9cembre, le dernier jour de l\u2019ann\u00e9e 2019, Sangmin Lee m\u2019a appel\u00e9 tout heureux de m\u2019annoncer qu\u2019il avait \u00e9t\u00e9 amnisti\u00e9. Au d\u00e9but de l\u2019ann\u00e9e 2014, Lee a \u00e9t\u00e9 condamn\u00e9 \u00e0 18 mois de prison pour avoir refus\u00e9 de participer au service militaire \u00e0 cause de sa foi. Lee a \u00e9t\u00e9 lib\u00e9r\u00e9 le 30 juillet [&hellip;]<\/p>\n","protected":false},"author":1,"featured_media":91803,"comment_status":"closed","ping_status":"closed","sticky":false,"template":"","format":"standard","meta":{"_acf_changed":false,"footnotes":""},"categories":[7],"tags":[],"network":[1254],"eventcategory":[],"class_list":["post-10134","post","type-post","status-publish","format-standard","has-post-thumbnail","hentry","category-non-classifiee","network-peace-commission-fr"],"acf":[],"yoast_head":"<!-- This site is optimized with the Yoast SEO plugin v27.2 - https:\/\/yoast.com\/product\/yoast-seo-wordpress\/ -->\n<title>Amnistie pour Sangmin Lee - Mennonite World Conference<\/title>\n<meta name=\"robots\" content=\"index, follow, max-snippet:-1, max-image-preview:large, max-video-preview:-1\" \/>\n<link rel=\"canonical\" href=\"https:\/\/mwc-cmm.org\/fr\/stories\/amnesty-for-sangmin-lee-4\/\" \/>\n<meta property=\"og:locale\" content=\"fr_FR\" \/>\n<meta property=\"og:type\" content=\"article\" \/>\n<meta property=\"og:title\" content=\"Amnistie pour Sangmin Lee - Mennonite World Conference\" \/>\n<meta property=\"og:description\" content=\"Mardi 31 d\u00e9cembre, le dernier jour de l\u2019ann\u00e9e 2019, Sangmin Lee m\u2019a appel\u00e9 tout heureux de m\u2019annoncer qu\u2019il avait \u00e9t\u00e9 amnisti\u00e9. Au d\u00e9but de l\u2019ann\u00e9e 2014, Lee a \u00e9t\u00e9 condamn\u00e9 \u00e0 18 mois de prison pour avoir refus\u00e9 de participer au service militaire \u00e0 cause de sa foi. Lee a \u00e9t\u00e9 lib\u00e9r\u00e9 le 30 juillet [&hellip;]\" \/>\n<meta property=\"og:url\" content=\"https:\/\/mwc-cmm.org\/fr\/stories\/amnesty-for-sangmin-lee-4\/\" \/>\n<meta property=\"og:site_name\" content=\"Mennonite World Conference\" \/>\n<meta property=\"article:publisher\" content=\"https:\/\/www.facebook.com\/MennoniteWorldConference\" \/>\n<meta property=\"article:published_time\" content=\"2020-03-11T00:00:00+00:00\" \/>\n<meta property=\"article:modified_time\" content=\"2024-12-10T17:16:45+00:00\" \/>\n<meta property=\"og:image\" content=\"https:\/\/mwc-cmm.org\/wp-content\/uploads\/2024\/11\/sangmin_lee2-web_edit_0.jpg\" \/>\n\t<meta property=\"og:image:width\" content=\"798\" \/>\n\t<meta property=\"og:image:height\" content=\"1066\" \/>\n\t<meta property=\"og:image:type\" content=\"image\/jpeg\" \/>\n<meta name=\"author\" content=\"mennworldcon\" \/>\n<script type=\"application\/ld+json\" class=\"yoast-schema-graph\">{\"@context\":\"https:\/\/schema.org\",\"@graph\":[{\"@type\":\"Article\",\"@id\":\"https:\/\/mwc-cmm.org\/fr\/stories\/amnesty-for-sangmin-lee-4\/#article\",\"isPartOf\":{\"@id\":\"https:\/\/mwc-cmm.org\/fr\/stories\/amnesty-for-sangmin-lee-4\/\"},\"author\":{\"name\":\"mennworldcon\",\"@id\":\"https:\/\/mwc-cmm.org\/en\/#\/schema\/person\/11f6ae0d7d1868ba20a1cc27f067c836\"},\"headline\":\"Amnistie pour Sangmin Lee\",\"datePublished\":\"2020-03-11T00:00:00+00:00\",\"dateModified\":\"2024-12-10T17:16:45+00:00\",\"mainEntityOfPage\":{\"@id\":\"https:\/\/mwc-cmm.org\/fr\/stories\/amnesty-for-sangmin-lee-4\/\"},\"wordCount\":553,\"publisher\":{\"@id\":\"https:\/\/mwc-cmm.org\/en\/#organization\"},\"image\":{\"@id\":\"https:\/\/mwc-cmm.org\/fr\/stories\/amnesty-for-sangmin-lee-4\/#primaryimage\"},\"thumbnailUrl\":\"https:\/\/mwc-cmm.org\/wp-content\/uploads\/2024\/11\/sangmin_lee2-web_edit_0.jpg\",\"articleSection\":[\"Non classifi\u00e9(e)\"],\"inLanguage\":\"fr-FR\"},{\"@type\":\"WebPage\",\"@id\":\"https:\/\/mwc-cmm.org\/fr\/stories\/amnesty-for-sangmin-lee-4\/\",\"url\":\"https:\/\/mwc-cmm.org\/fr\/stories\/amnesty-for-sangmin-lee-4\/\",\"name\":\"Amnistie pour Sangmin Lee - Mennonite World Conference\",\"isPartOf\":{\"@id\":\"https:\/\/mwc-cmm.org\/en\/#website\"},\"primaryImageOfPage\":{\"@id\":\"https:\/\/mwc-cmm.org\/fr\/stories\/amnesty-for-sangmin-lee-4\/#primaryimage\"},\"image\":{\"@id\":\"https:\/\/mwc-cmm.org\/fr\/stories\/amnesty-for-sangmin-lee-4\/#primaryimage\"},\"thumbnailUrl\":\"https:\/\/mwc-cmm.org\/wp-content\/uploads\/2024\/11\/sangmin_lee2-web_edit_0.jpg\",\"datePublished\":\"2020-03-11T00:00:00+00:00\",\"dateModified\":\"2024-12-10T17:16:45+00:00\",\"breadcrumb\":{\"@id\":\"https:\/\/mwc-cmm.org\/fr\/stories\/amnesty-for-sangmin-lee-4\/#breadcrumb\"},\"inLanguage\":\"fr-FR\",\"potentialAction\":[{\"@type\":\"ReadAction\",\"target\":[\"https:\/\/mwc-cmm.org\/fr\/stories\/amnesty-for-sangmin-lee-4\/\"]}]},{\"@type\":\"ImageObject\",\"inLanguage\":\"fr-FR\",\"@id\":\"https:\/\/mwc-cmm.org\/fr\/stories\/amnesty-for-sangmin-lee-4\/#primaryimage\",\"url\":\"https:\/\/mwc-cmm.org\/wp-content\/uploads\/2024\/11\/sangmin_lee2-web_edit_0.jpg\",\"contentUrl\":\"https:\/\/mwc-cmm.org\/wp-content\/uploads\/2024\/11\/sangmin_lee2-web_edit_0.jpg\",\"width\":798,\"height\":1066},{\"@type\":\"BreadcrumbList\",\"@id\":\"https:\/\/mwc-cmm.org\/fr\/stories\/amnesty-for-sangmin-lee-4\/#breadcrumb\",\"itemListElement\":[{\"@type\":\"ListItem\",\"position\":1,\"name\":\"Home\",\"item\":\"https:\/\/mwc-cmm.org\/fr\/\"},{\"@type\":\"ListItem\",\"position\":2,\"name\":\"Amnistie pour Sangmin Lee\"}]},{\"@type\":\"WebSite\",\"@id\":\"https:\/\/mwc-cmm.org\/en\/#website\",\"url\":\"https:\/\/mwc-cmm.org\/en\/\",\"name\":\"Mennonite World Conference\",\"description\":\"A communion of Anabaptist-related churches\",\"publisher\":{\"@id\":\"https:\/\/mwc-cmm.org\/en\/#organization\"},\"alternateName\":\"MWC\",\"potentialAction\":[{\"@type\":\"SearchAction\",\"target\":{\"@type\":\"EntryPoint\",\"urlTemplate\":\"https:\/\/mwc-cmm.org\/en\/?s={search_term_string}\"},\"query-input\":{\"@type\":\"PropertyValueSpecification\",\"valueRequired\":true,\"valueName\":\"search_term_string\"}}],\"inLanguage\":\"fr-FR\"},{\"@type\":\"Organization\",\"@id\":\"https:\/\/mwc-cmm.org\/en\/#organization\",\"name\":\"Mennonite World Conference\",\"alternateName\":\"MWC\",\"url\":\"https:\/\/mwc-cmm.org\/en\/\",\"logo\":{\"@type\":\"ImageObject\",\"inLanguage\":\"fr-FR\",\"@id\":\"https:\/\/mwc-cmm.org\/en\/#\/schema\/logo\/image\/\",\"url\":\"https:\/\/mwc-cmm.org\/wp-content\/uploads\/2026\/01\/MWC_Sig_Blue_Horiz_webheader1-logo.svg\",\"contentUrl\":\"https:\/\/mwc-cmm.org\/wp-content\/uploads\/2026\/01\/MWC_Sig_Blue_Horiz_webheader1-logo.svg\",\"width\":786,\"height\":82,\"caption\":\"Mennonite World Conference\"},\"image\":{\"@id\":\"https:\/\/mwc-cmm.org\/en\/#\/schema\/logo\/image\/\"},\"sameAs\":[\"https:\/\/www.facebook.com\/MennoniteWorldConference\",\"https:\/\/www.linkedin.com\/company\/mennonite-world-conference-mwc\/\",\"https:\/\/www.instagram.com\/mwcmm\/\",\"https:\/\/www.youtube.com\/user\/mwccmm\",\"https:\/\/bsky.app\/profile\/mwcmm.bsky.social\"]},{\"@type\":\"Person\",\"@id\":\"https:\/\/mwc-cmm.org\/en\/#\/schema\/person\/11f6ae0d7d1868ba20a1cc27f067c836\",\"name\":\"mennworldcon\",\"image\":{\"@type\":\"ImageObject\",\"inLanguage\":\"fr-FR\",\"@id\":\"https:\/\/secure.gravatar.com\/avatar\/06fdc0dc81c157dfdb82ec42f252178a22307808988d22c043f9eb96f1e0fe80?s=96&d=mm&r=g\",\"url\":\"https:\/\/secure.gravatar.com\/avatar\/06fdc0dc81c157dfdb82ec42f252178a22307808988d22c043f9eb96f1e0fe80?s=96&d=mm&r=g\",\"contentUrl\":\"https:\/\/secure.gravatar.com\/avatar\/06fdc0dc81c157dfdb82ec42f252178a22307808988d22c043f9eb96f1e0fe80?s=96&d=mm&r=g\",\"caption\":\"mennworldcon\"},\"sameAs\":[\"https:\/\/mwc-cmm.org\"],\"url\":\"https:\/\/mwc-cmm.org\/fr\/stories\/author\/mennworldcon\/\"}]}<\/script>\n<!-- \/ Yoast SEO plugin. -->","yoast_head_json":{"title":"Amnistie pour Sangmin Lee - Mennonite World Conference","robots":{"index":"index","follow":"follow","max-snippet":"max-snippet:-1","max-image-preview":"max-image-preview:large","max-video-preview":"max-video-preview:-1"},"canonical":"https:\/\/mwc-cmm.org\/fr\/stories\/amnesty-for-sangmin-lee-4\/","og_locale":"fr_FR","og_type":"article","og_title":"Amnistie pour Sangmin Lee - Mennonite World Conference","og_description":"Mardi 31 d\u00e9cembre, le dernier jour de l\u2019ann\u00e9e 2019, Sangmin Lee m\u2019a appel\u00e9 tout heureux de m\u2019annoncer qu\u2019il avait \u00e9t\u00e9 amnisti\u00e9. Au d\u00e9but de l\u2019ann\u00e9e 2014, Lee a \u00e9t\u00e9 condamn\u00e9 \u00e0 18 mois de prison pour avoir refus\u00e9 de participer au service militaire \u00e0 cause de sa foi. Lee a \u00e9t\u00e9 lib\u00e9r\u00e9 le 30 juillet [&hellip;]","og_url":"https:\/\/mwc-cmm.org\/fr\/stories\/amnesty-for-sangmin-lee-4\/","og_site_name":"Mennonite World Conference","article_publisher":"https:\/\/www.facebook.com\/MennoniteWorldConference","article_published_time":"2020-03-11T00:00:00+00:00","article_modified_time":"2024-12-10T17:16:45+00:00","og_image":[{"width":798,"height":1066,"url":"https:\/\/mwc-cmm.org\/wp-content\/uploads\/2024\/11\/sangmin_lee2-web_edit_0.jpg","type":"image\/jpeg"}],"author":"mennworldcon","schema":{"@context":"https:\/\/schema.org","@graph":[{"@type":"Article","@id":"https:\/\/mwc-cmm.org\/fr\/stories\/amnesty-for-sangmin-lee-4\/#article","isPartOf":{"@id":"https:\/\/mwc-cmm.org\/fr\/stories\/amnesty-for-sangmin-lee-4\/"},"author":{"name":"mennworldcon","@id":"https:\/\/mwc-cmm.org\/en\/#\/schema\/person\/11f6ae0d7d1868ba20a1cc27f067c836"},"headline":"Amnistie pour Sangmin Lee","datePublished":"2020-03-11T00:00:00+00:00","dateModified":"2024-12-10T17:16:45+00:00","mainEntityOfPage":{"@id":"https:\/\/mwc-cmm.org\/fr\/stories\/amnesty-for-sangmin-lee-4\/"},"wordCount":553,"publisher":{"@id":"https:\/\/mwc-cmm.org\/en\/#organization"},"image":{"@id":"https:\/\/mwc-cmm.org\/fr\/stories\/amnesty-for-sangmin-lee-4\/#primaryimage"},"thumbnailUrl":"https:\/\/mwc-cmm.org\/wp-content\/uploads\/2024\/11\/sangmin_lee2-web_edit_0.jpg","articleSection":["Non classifi\u00e9(e)"],"inLanguage":"fr-FR"},{"@type":"WebPage","@id":"https:\/\/mwc-cmm.org\/fr\/stories\/amnesty-for-sangmin-lee-4\/","url":"https:\/\/mwc-cmm.org\/fr\/stories\/amnesty-for-sangmin-lee-4\/","name":"Amnistie pour Sangmin Lee - Mennonite World Conference","isPartOf":{"@id":"https:\/\/mwc-cmm.org\/en\/#website"},"primaryImageOfPage":{"@id":"https:\/\/mwc-cmm.org\/fr\/stories\/amnesty-for-sangmin-lee-4\/#primaryimage"},"image":{"@id":"https:\/\/mwc-cmm.org\/fr\/stories\/amnesty-for-sangmin-lee-4\/#primaryimage"},"thumbnailUrl":"https:\/\/mwc-cmm.org\/wp-content\/uploads\/2024\/11\/sangmin_lee2-web_edit_0.jpg","datePublished":"2020-03-11T00:00:00+00:00","dateModified":"2024-12-10T17:16:45+00:00","breadcrumb":{"@id":"https:\/\/mwc-cmm.org\/fr\/stories\/amnesty-for-sangmin-lee-4\/#breadcrumb"},"inLanguage":"fr-FR","potentialAction":[{"@type":"ReadAction","target":["https:\/\/mwc-cmm.org\/fr\/stories\/amnesty-for-sangmin-lee-4\/"]}]},{"@type":"ImageObject","inLanguage":"fr-FR","@id":"https:\/\/mwc-cmm.org\/fr\/stories\/amnesty-for-sangmin-lee-4\/#primaryimage","url":"https:\/\/mwc-cmm.org\/wp-content\/uploads\/2024\/11\/sangmin_lee2-web_edit_0.jpg","contentUrl":"https:\/\/mwc-cmm.org\/wp-content\/uploads\/2024\/11\/sangmin_lee2-web_edit_0.jpg","width":798,"height":1066},{"@type":"BreadcrumbList","@id":"https:\/\/mwc-cmm.org\/fr\/stories\/amnesty-for-sangmin-lee-4\/#breadcrumb","itemListElement":[{"@type":"ListItem","position":1,"name":"Home","item":"https:\/\/mwc-cmm.org\/fr\/"},{"@type":"ListItem","position":2,"name":"Amnistie pour Sangmin Lee"}]},{"@type":"WebSite","@id":"https:\/\/mwc-cmm.org\/en\/#website","url":"https:\/\/mwc-cmm.org\/en\/","name":"Mennonite World Conference","description":"A communion of Anabaptist-related churches","publisher":{"@id":"https:\/\/mwc-cmm.org\/en\/#organization"},"alternateName":"MWC","potentialAction":[{"@type":"SearchAction","target":{"@type":"EntryPoint","urlTemplate":"https:\/\/mwc-cmm.org\/en\/?s={search_term_string}"},"query-input":{"@type":"PropertyValueSpecification","valueRequired":true,"valueName":"search_term_string"}}],"inLanguage":"fr-FR"},{"@type":"Organization","@id":"https:\/\/mwc-cmm.org\/en\/#organization","name":"Mennonite World Conference","alternateName":"MWC","url":"https:\/\/mwc-cmm.org\/en\/","logo":{"@type":"ImageObject","inLanguage":"fr-FR","@id":"https:\/\/mwc-cmm.org\/en\/#\/schema\/logo\/image\/","url":"https:\/\/mwc-cmm.org\/wp-content\/uploads\/2026\/01\/MWC_Sig_Blue_Horiz_webheader1-logo.svg","contentUrl":"https:\/\/mwc-cmm.org\/wp-content\/uploads\/2026\/01\/MWC_Sig_Blue_Horiz_webheader1-logo.svg","width":786,"height":82,"caption":"Mennonite World Conference"},"image":{"@id":"https:\/\/mwc-cmm.org\/en\/#\/schema\/logo\/image\/"},"sameAs":["https:\/\/www.facebook.com\/MennoniteWorldConference","https:\/\/www.linkedin.com\/company\/mennonite-world-conference-mwc\/","https:\/\/www.instagram.com\/mwcmm\/","https:\/\/www.youtube.com\/user\/mwccmm","https:\/\/bsky.app\/profile\/mwcmm.bsky.social"]},{"@type":"Person","@id":"https:\/\/mwc-cmm.org\/en\/#\/schema\/person\/11f6ae0d7d1868ba20a1cc27f067c836","name":"mennworldcon","image":{"@type":"ImageObject","inLanguage":"fr-FR","@id":"https:\/\/secure.gravatar.com\/avatar\/06fdc0dc81c157dfdb82ec42f252178a22307808988d22c043f9eb96f1e0fe80?s=96&d=mm&r=g","url":"https:\/\/secure.gravatar.com\/avatar\/06fdc0dc81c157dfdb82ec42f252178a22307808988d22c043f9eb96f1e0fe80?s=96&d=mm&r=g","contentUrl":"https:\/\/secure.gravatar.com\/avatar\/06fdc0dc81c157dfdb82ec42f252178a22307808988d22c043f9eb96f1e0fe80?s=96&d=mm&r=g","caption":"mennworldcon"},"sameAs":["https:\/\/mwc-cmm.org"],"url":"https:\/\/mwc-cmm.org\/fr\/stories\/author\/mennworldcon\/"}]}},"_links":{"self":[{"href":"https:\/\/mwc-cmm.org\/fr\/wp-json\/wp\/v2\/posts\/10134","targetHints":{"allow":["GET"]}}],"collection":[{"href":"https:\/\/mwc-cmm.org\/fr\/wp-json\/wp\/v2\/posts"}],"about":[{"href":"https:\/\/mwc-cmm.org\/fr\/wp-json\/wp\/v2\/types\/post"}],"author":[{"embeddable":true,"href":"https:\/\/mwc-cmm.org\/fr\/wp-json\/wp\/v2\/users\/1"}],"replies":[{"embeddable":true,"href":"https:\/\/mwc-cmm.org\/fr\/wp-json\/wp\/v2\/comments?post=10134"}],"version-history":[{"count":0,"href":"https:\/\/mwc-cmm.org\/fr\/wp-json\/wp\/v2\/posts\/10134\/revisions"}],"wp:featuredmedia":[{"embeddable":true,"href":"https:\/\/mwc-cmm.org\/fr\/wp-json\/wp\/v2\/media\/91803"}],"wp:attachment":[{"href":"https:\/\/mwc-cmm.org\/fr\/wp-json\/wp\/v2\/media?parent=10134"}],"wp:term":[{"taxonomy":"category","embeddable":true,"href":"https:\/\/mwc-cmm.org\/fr\/wp-json\/wp\/v2\/categories?post=10134"},{"taxonomy":"post_tag","embeddable":true,"href":"https:\/\/mwc-cmm.org\/fr\/wp-json\/wp\/v2\/tags?post=10134"},{"taxonomy":"network","embeddable":true,"href":"https:\/\/mwc-cmm.org\/fr\/wp-json\/wp\/v2\/network?post=10134"},{"taxonomy":"eventcategory","embeddable":true,"href":"https:\/\/mwc-cmm.org\/fr\/wp-json\/wp\/v2\/eventcategory?post=10134"}],"curies":[{"name":"wp","href":"https:\/\/api.w.org\/{rel}","templated":true}]}}