{"id":10128,"date":"2020-02-13T00:00:00","date_gmt":"2020-02-13T00:00:00","guid":{"rendered":"https:\/\/mwc-cmm.org\/our-god-is-a-restorer-4\/"},"modified":"2024-12-10T17:16:42","modified_gmt":"2024-12-10T17:16:42","slug":"our-god-is-a-restorer-4","status":"publish","type":"post","link":"https:\/\/mwc-cmm.org\/fr\/stories\/our-god-is-a-restorer-4\/","title":{"rendered":"Notre Dieu restaure"},"content":{"rendered":"<p><em>\u00ca renouveau 2027 \u2013 De nos jours, la migration de masse est une pr\u00e9occupation pour de nombreux pays : elle fait partie \u00e0 la fois du pass\u00e9 et du pr\u00e9sent des anabaptistes-mennonites. Nous sommes en m\u00eame temps ceux qui ont \u00e9migr\u00e9 et ceux qui accueillent de nouveaux voisins dans leur nouvelle maison. Lors de\u2019 Justice sur le Chemin : Migration et Histoire Anabaptiste-Mennonite\u2019, le 6 avril 2019, des orateurs du monde entier ont pr\u00e9sent\u00e9 des t\u00e9moignages sur la migration.<\/em><\/p>\n<hr \/>\n<p>\u00ab Car le SEIGNEUR restaure la majest\u00e9 de Jacob, ainsi que la majest\u00e9 d\u2019Isra\u00ebl, bien que des ravageurs les aient ravag\u00e9s et aient ruin\u00e9 leurs branches \u00bb (Nahum 2\/2).<\/p>\n<p><strong>Introduction<\/strong><\/p>\n<p>Les relations sont un don de Dieu. Il est le Dieu des relations. Dieu nous a donn\u00e9 trois mani\u00e8res d\u2019appr\u00e9cier ce magnifique don :<\/p>\n<ol>\n<li>en envoyant son Fils unique, ce qui nous permet d\u2019avoir une relation avec Lui.<\/li>\n<li>\u00e0 travers le corps de Christ, l\u2019\u00c9glise.<\/li>\n<li>\u00e0 travers la famille humaine.<\/li>\n<\/ol>\n<p>J\u2019aimerais me concentrer sur les relations familiales. La famille est voulue par Dieu. Dieu a des projets pour chacun de nous \u00e0 travers notre famille.<\/p>\n<p>Malheureusement, l\u2019ennemi a d\u00e9truit et bris\u00e9 les liens familiaux en employant diverses strat\u00e9gies telles que l\u2019\u00e9go\u00efsme, la convoitise, le mat\u00e9rialisme, les syst\u00e8mes politiques, les guerres, la famine et les migrations.<\/p>\n<p>Quels que soient les moyens employ\u00e9s par l\u2019ennemi, n\u2019oublions pas que notre Dieu est le Dieu de la restauration.<\/p>\n<p><strong>Coop\u00e9rer avec Dieu<\/strong><\/p>\n<p>Nous sommes le peuple de Dieu. En tant qu\u2019\u00c9glise, nous sommes la famille de Dieu. Il est imp\u00e9ratif de coop\u00e9rer avec Dieu dans le processus de restauration.<\/p>\n<p>Joseph est un bon exemple. Son p\u00e8re, Jacob, \u00e9tait b\u00e9ni de Dieu. Tout au long de sa vie, la main de Dieu fut sur lui malgr\u00e9 ses d\u00e9fauts. Dieu l\u2019a b\u00e9ni en lui donnant 12 fils, et Joseph \u00e9tait son favori.<\/p>\n<p>D\u00e8s le d\u00e9but de sa vie, nous percevons le plan de Dieu pour Joseph, qui montre ainsi qu\u2019Il est le Dieu de la restauration.<\/p>\n<p>Joseph a d\u00fb passer par une exp\u00e9rience de d\u00e9sespoir avant que Dieu ne le rel\u00e8ve pour restaurer sa famille et par elle, les autres g\u00e9n\u00e9rations.<\/p>\n<p>Tout au long du processus, nous voyons comment Dieu a merveilleusement utilis\u00e9 diff\u00e9rentes situations de la vie de Joseph pour restaurer et unifier sa famille.<\/p>\n<p>De la vie de Joseph, nous apprenons qu\u2019il est n\u00e9cessaire que chaque enfant de Dieu s\u2019occupe des \u00e9trangers, c\u2019est un minist\u00e8re pour tous.<\/p>\n<p><strong>Ob\u00e9ir au commandement<\/strong><\/p>\n<p>C\u2019est aussi le commandement de J\u00e9sus dans le Nouveau Testament. Chaque paroisse et chaque enfant de Dieu devrait y ob\u00e9ir.<\/p>\n<p>Le r\u00f4le de l\u2019\u00e9glise locale est d\u2019aimer et d\u2019accueillir les \u00e9trangers dans nos communaut\u00e9s (voir Deut\u00e9ronome 19\/34 et Matthieu 25\/34-36). Les r\u00e9fugi\u00e9s, les demandeurs d\u2019asile et les personnes d\u00e9plac\u00e9es sont parmi les plus vuln\u00e9rables du monde. Dieu nous appelle \u00e0 nous occuper de leur protection et de leur bien-\u00eatre.<\/p>\n<p><strong>Le t\u00e9moignage d\u2019une famille<\/strong><\/p>\n<p>Voici l\u2019histoire d\u2019une r\u00e9fugi\u00e9e qui a retrouv\u00e9 sa famille gr\u00e2ce \u00e0 l\u2019amour et \u00e0 l\u2019affection d\u2019une assembl\u00e9e locale.<\/p>\n<p>Pendant la guerre civile entre Tamouls et Cinghalais, au Sri Lanka, Mala, \u00e2g\u00e9e de 12 ans, a \u00e9t\u00e9 s\u00e9par\u00e9e de sa famille. Elle a \u00e9t\u00e9 d\u00e9port\u00e9e en Inde avec d\u2019autres r\u00e9fugi\u00e9s du Sri Lanka et plac\u00e9e dans un camp de r\u00e9fugi\u00e9s \u00e0 Pollachi.<\/p>\n<p>Alors qu\u2019elle vivait dans ce camp, un pasteur de la paroisse voisine s\u2019y est rendu pour annoncer l\u2019\u00e9vangile. Il a rencontr\u00e9 Mala, qui a re\u00e7u l\u2019\u00e9vangile et a assist\u00e9 aux r\u00e9unions de l\u2019assembl\u00e9e locale.<\/p>\n<p>Au fil du temps, le pasteur a d\u00e9couvert que Mala avait \u00e9t\u00e9 s\u00e9par\u00e9e de sa famille et ne savait pas ce qu\u2019elle \u00e9tait devenue. Elle est rest\u00e9e sous la protection du pasteur et de l\u2019assembl\u00e9e pendant plus de 19 ans. Puis elle s\u2019est mari\u00e9e et a eu un enfant.<\/p>\n<p>Un jour, un des pasteurs associ\u00e9s, en visite au Sri Lanka, a rencontr\u00e9 ses parents par hasard. Ainsi, elle a retrouv\u00e9 sa famille apr\u00e8s 19 longues ann\u00e9es de s\u00e9paration.<\/p>\n<p>Elle vit maintenant avec ses parents, son mari et son enfant.<\/p>\n<p>Ceci est arriv\u00e9 gr\u00e2ce \u00e0 une paroisse. C\u2019est la responsabilit\u00e9 de toutes les \u00e9glises de montrer de l\u2019amour et de l\u2019affection aux personnes d\u00e9plac\u00e9es. Les \u00e9glises peuvent aider \u00e0 sauver et \u00e0 soutenir de nombreuses personnes ayant des histoires comme celle de Mala.<\/p>\n<p>Il est \u00e9vident que les \u00e9glises et les responsables locaux ont davantage de responsabilit\u00e9s \u00e0 l\u2019\u00e9gard de ces personnes vuln\u00e9rable et doivent les aider \u00e0 s\u2019int\u00e9grer dans la soci\u00e9t\u00e9.<\/p>\n<p><em>\u2014Paul Phinehas est repr\u00e9sentant de l\u2019Asie au Comit\u00e9 Ex\u00e9cutif de la CMM. Il est pr\u00e9sident de <\/em>Gilgal Mission Trust<em>, une \u00c9glise membre anabaptiste du sud de l\u2019Inde. Il a parl\u00e9 \u00e0 Renouveau 2027 \u2013 Justice sur le Chemin: Migration et Histoire Anabaptiste-Mennonite\u2019 \u00e0 San Rafael de Heredia (Costa Rica) le 6 avril 2019. Cet article est adapt\u00e9 de sa pr\u00e9sentation.<\/em><\/p>\n<p><em>Cet article est paru pour la premi\u00e8re fois dans le num\u00e9ro <\/em><em><a href=\"https:\/\/mwc-cmm.org\/article\/courrier?language=fr\">d\u2019octobre 2019 de Courier\/Correo\/Courrier.<\/a><\/em><\/p>\n","protected":false},"excerpt":{"rendered":"<p>NULL<\/p>\n","protected":false},"author":1,"featured_media":91734,"comment_status":"closed","ping_status":"closed","sticky":false,"template":"","format":"standard","meta":{"_acf_changed":false,"footnotes":""},"categories":[7],"tags":[],"network":[1307],"eventcategory":[],"class_list":["post-10128","post","type-post","status-publish","format-standard","has-post-thumbnail","hentry","category-non-classifiee","network-courier-fr"],"acf":[],"yoast_head":"<!-- This site is optimized with the Yoast SEO plugin v27.5 - https:\/\/yoast.com\/product\/yoast-seo-wordpress\/ -->\n<title>Notre Dieu restaure - Mennonite World Conference<\/title>\n<meta name=\"robots\" content=\"index, follow, max-snippet:-1, max-image-preview:large, max-video-preview:-1\" \/>\n<link rel=\"canonical\" href=\"https:\/\/mwc-cmm.org\/fr\/stories\/our-god-is-a-restorer-4\/\" \/>\n<meta property=\"og:locale\" content=\"fr_FR\" \/>\n<meta property=\"og:type\" content=\"article\" \/>\n<meta property=\"og:title\" content=\"Notre Dieu restaure - Mennonite World Conference\" \/>\n<meta property=\"og:description\" content=\"NULL\" \/>\n<meta property=\"og:url\" content=\"https:\/\/mwc-cmm.org\/fr\/stories\/our-god-is-a-restorer-4\/\" \/>\n<meta property=\"og:site_name\" content=\"Mennonite World Conference\" \/>\n<meta property=\"article:publisher\" content=\"https:\/\/www.facebook.com\/MennoniteWorldConference\" \/>\n<meta property=\"article:published_time\" content=\"2020-02-13T00:00:00+00:00\" \/>\n<meta property=\"article:modified_time\" content=\"2024-12-10T17:16:42+00:00\" \/>\n<meta property=\"og:image\" content=\"https:\/\/mwc-cmm.org\/wp-content\/uploads\/2024\/11\/20150725_rhodashirk_306_2_1_2.jpg\" \/>\n\t<meta property=\"og:image:width\" content=\"1200\" \/>\n\t<meta property=\"og:image:height\" content=\"800\" \/>\n\t<meta property=\"og:image:type\" content=\"image\/jpeg\" \/>\n<meta name=\"author\" content=\"mennworldcon\" \/>\n<script type=\"application\/ld+json\" class=\"yoast-schema-graph\">{\"@context\":\"https:\\\/\\\/schema.org\",\"@graph\":[{\"@type\":\"Article\",\"@id\":\"https:\\\/\\\/mwc-cmm.org\\\/fr\\\/stories\\\/our-god-is-a-restorer-4\\\/#article\",\"isPartOf\":{\"@id\":\"https:\\\/\\\/mwc-cmm.org\\\/fr\\\/stories\\\/our-god-is-a-restorer-4\\\/\"},\"author\":{\"name\":\"mennworldcon\",\"@id\":\"https:\\\/\\\/mwc-cmm.org\\\/en\\\/#\\\/schema\\\/person\\\/11f6ae0d7d1868ba20a1cc27f067c836\"},\"headline\":\"Notre Dieu restaure\",\"datePublished\":\"2020-02-13T00:00:00+00:00\",\"dateModified\":\"2024-12-10T17:16:42+00:00\",\"mainEntityOfPage\":{\"@id\":\"https:\\\/\\\/mwc-cmm.org\\\/fr\\\/stories\\\/our-god-is-a-restorer-4\\\/\"},\"wordCount\":905,\"publisher\":{\"@id\":\"https:\\\/\\\/mwc-cmm.org\\\/en\\\/#organization\"},\"image\":{\"@id\":\"https:\\\/\\\/mwc-cmm.org\\\/fr\\\/stories\\\/our-god-is-a-restorer-4\\\/#primaryimage\"},\"thumbnailUrl\":\"https:\\\/\\\/mwc-cmm.org\\\/wp-content\\\/uploads\\\/2024\\\/11\\\/20150725_rhodashirk_306_2_1_2.jpg\",\"articleSection\":[\"Non classifi\u00e9(e)\"],\"inLanguage\":\"fr-FR\"},{\"@type\":\"WebPage\",\"@id\":\"https:\\\/\\\/mwc-cmm.org\\\/fr\\\/stories\\\/our-god-is-a-restorer-4\\\/\",\"url\":\"https:\\\/\\\/mwc-cmm.org\\\/fr\\\/stories\\\/our-god-is-a-restorer-4\\\/\",\"name\":\"Notre Dieu restaure - Mennonite World Conference\",\"isPartOf\":{\"@id\":\"https:\\\/\\\/mwc-cmm.org\\\/en\\\/#website\"},\"primaryImageOfPage\":{\"@id\":\"https:\\\/\\\/mwc-cmm.org\\\/fr\\\/stories\\\/our-god-is-a-restorer-4\\\/#primaryimage\"},\"image\":{\"@id\":\"https:\\\/\\\/mwc-cmm.org\\\/fr\\\/stories\\\/our-god-is-a-restorer-4\\\/#primaryimage\"},\"thumbnailUrl\":\"https:\\\/\\\/mwc-cmm.org\\\/wp-content\\\/uploads\\\/2024\\\/11\\\/20150725_rhodashirk_306_2_1_2.jpg\",\"datePublished\":\"2020-02-13T00:00:00+00:00\",\"dateModified\":\"2024-12-10T17:16:42+00:00\",\"breadcrumb\":{\"@id\":\"https:\\\/\\\/mwc-cmm.org\\\/fr\\\/stories\\\/our-god-is-a-restorer-4\\\/#breadcrumb\"},\"inLanguage\":\"fr-FR\",\"potentialAction\":[{\"@type\":\"ReadAction\",\"target\":[\"https:\\\/\\\/mwc-cmm.org\\\/fr\\\/stories\\\/our-god-is-a-restorer-4\\\/\"]}]},{\"@type\":\"ImageObject\",\"inLanguage\":\"fr-FR\",\"@id\":\"https:\\\/\\\/mwc-cmm.org\\\/fr\\\/stories\\\/our-god-is-a-restorer-4\\\/#primaryimage\",\"url\":\"https:\\\/\\\/mwc-cmm.org\\\/wp-content\\\/uploads\\\/2024\\\/11\\\/20150725_rhodashirk_306_2_1_2.jpg\",\"contentUrl\":\"https:\\\/\\\/mwc-cmm.org\\\/wp-content\\\/uploads\\\/2024\\\/11\\\/20150725_rhodashirk_306_2_1_2.jpg\",\"width\":1200,\"height\":800},{\"@type\":\"BreadcrumbList\",\"@id\":\"https:\\\/\\\/mwc-cmm.org\\\/fr\\\/stories\\\/our-god-is-a-restorer-4\\\/#breadcrumb\",\"itemListElement\":[{\"@type\":\"ListItem\",\"position\":1,\"name\":\"Home\",\"item\":\"https:\\\/\\\/mwc-cmm.org\\\/fr\\\/\"},{\"@type\":\"ListItem\",\"position\":2,\"name\":\"Notre Dieu restaure\"}]},{\"@type\":\"WebSite\",\"@id\":\"https:\\\/\\\/mwc-cmm.org\\\/en\\\/#website\",\"url\":\"https:\\\/\\\/mwc-cmm.org\\\/en\\\/\",\"name\":\"Mennonite World Conference\",\"description\":\"A communion of Anabaptist-related churches\",\"publisher\":{\"@id\":\"https:\\\/\\\/mwc-cmm.org\\\/en\\\/#organization\"},\"alternateName\":\"MWC\",\"potentialAction\":[{\"@type\":\"SearchAction\",\"target\":{\"@type\":\"EntryPoint\",\"urlTemplate\":\"https:\\\/\\\/mwc-cmm.org\\\/en\\\/?s={search_term_string}\"},\"query-input\":{\"@type\":\"PropertyValueSpecification\",\"valueRequired\":true,\"valueName\":\"search_term_string\"}}],\"inLanguage\":\"fr-FR\"},{\"@type\":\"Organization\",\"@id\":\"https:\\\/\\\/mwc-cmm.org\\\/en\\\/#organization\",\"name\":\"Mennonite World Conference\",\"alternateName\":\"MWC\",\"url\":\"https:\\\/\\\/mwc-cmm.org\\\/en\\\/\",\"logo\":{\"@type\":\"ImageObject\",\"inLanguage\":\"fr-FR\",\"@id\":\"https:\\\/\\\/mwc-cmm.org\\\/en\\\/#\\\/schema\\\/logo\\\/image\\\/\",\"url\":\"https:\\\/\\\/mwc-cmm.org\\\/wp-content\\\/uploads\\\/2026\\\/01\\\/MWC_Sig_Blue_Horiz_webheader1-logo.svg\",\"contentUrl\":\"https:\\\/\\\/mwc-cmm.org\\\/wp-content\\\/uploads\\\/2026\\\/01\\\/MWC_Sig_Blue_Horiz_webheader1-logo.svg\",\"width\":786,\"height\":82,\"caption\":\"Mennonite World Conference\"},\"image\":{\"@id\":\"https:\\\/\\\/mwc-cmm.org\\\/en\\\/#\\\/schema\\\/logo\\\/image\\\/\"},\"sameAs\":[\"https:\\\/\\\/www.facebook.com\\\/MennoniteWorldConference\",\"https:\\\/\\\/www.linkedin.com\\\/company\\\/mennonite-world-conference-mwc\\\/\",\"https:\\\/\\\/www.instagram.com\\\/mwcmm\\\/\",\"https:\\\/\\\/www.youtube.com\\\/user\\\/mwccmm\",\"https:\\\/\\\/bsky.app\\\/profile\\\/mwcmm.bsky.social\"]},{\"@type\":\"Person\",\"@id\":\"https:\\\/\\\/mwc-cmm.org\\\/en\\\/#\\\/schema\\\/person\\\/11f6ae0d7d1868ba20a1cc27f067c836\",\"name\":\"mennworldcon\",\"image\":{\"@type\":\"ImageObject\",\"inLanguage\":\"fr-FR\",\"@id\":\"https:\\\/\\\/secure.gravatar.com\\\/avatar\\\/06fdc0dc81c157dfdb82ec42f252178a22307808988d22c043f9eb96f1e0fe80?s=96&d=mm&r=g\",\"url\":\"https:\\\/\\\/secure.gravatar.com\\\/avatar\\\/06fdc0dc81c157dfdb82ec42f252178a22307808988d22c043f9eb96f1e0fe80?s=96&d=mm&r=g\",\"contentUrl\":\"https:\\\/\\\/secure.gravatar.com\\\/avatar\\\/06fdc0dc81c157dfdb82ec42f252178a22307808988d22c043f9eb96f1e0fe80?s=96&d=mm&r=g\",\"caption\":\"mennworldcon\"},\"sameAs\":[\"https:\\\/\\\/mwc-cmm.org\"],\"url\":\"https:\\\/\\\/mwc-cmm.org\\\/fr\\\/stories\\\/author\\\/mennworldcon\\\/\"}]}<\/script>\n<!-- \/ Yoast SEO plugin. -->","yoast_head_json":{"title":"Notre Dieu restaure - Mennonite World Conference","robots":{"index":"index","follow":"follow","max-snippet":"max-snippet:-1","max-image-preview":"max-image-preview:large","max-video-preview":"max-video-preview:-1"},"canonical":"https:\/\/mwc-cmm.org\/fr\/stories\/our-god-is-a-restorer-4\/","og_locale":"fr_FR","og_type":"article","og_title":"Notre Dieu restaure - Mennonite World Conference","og_description":"NULL","og_url":"https:\/\/mwc-cmm.org\/fr\/stories\/our-god-is-a-restorer-4\/","og_site_name":"Mennonite World Conference","article_publisher":"https:\/\/www.facebook.com\/MennoniteWorldConference","article_published_time":"2020-02-13T00:00:00+00:00","article_modified_time":"2024-12-10T17:16:42+00:00","og_image":[{"width":1200,"height":800,"url":"https:\/\/mwc-cmm.org\/wp-content\/uploads\/2024\/11\/20150725_rhodashirk_306_2_1_2.jpg","type":"image\/jpeg"}],"author":"mennworldcon","schema":{"@context":"https:\/\/schema.org","@graph":[{"@type":"Article","@id":"https:\/\/mwc-cmm.org\/fr\/stories\/our-god-is-a-restorer-4\/#article","isPartOf":{"@id":"https:\/\/mwc-cmm.org\/fr\/stories\/our-god-is-a-restorer-4\/"},"author":{"name":"mennworldcon","@id":"https:\/\/mwc-cmm.org\/en\/#\/schema\/person\/11f6ae0d7d1868ba20a1cc27f067c836"},"headline":"Notre Dieu restaure","datePublished":"2020-02-13T00:00:00+00:00","dateModified":"2024-12-10T17:16:42+00:00","mainEntityOfPage":{"@id":"https:\/\/mwc-cmm.org\/fr\/stories\/our-god-is-a-restorer-4\/"},"wordCount":905,"publisher":{"@id":"https:\/\/mwc-cmm.org\/en\/#organization"},"image":{"@id":"https:\/\/mwc-cmm.org\/fr\/stories\/our-god-is-a-restorer-4\/#primaryimage"},"thumbnailUrl":"https:\/\/mwc-cmm.org\/wp-content\/uploads\/2024\/11\/20150725_rhodashirk_306_2_1_2.jpg","articleSection":["Non classifi\u00e9(e)"],"inLanguage":"fr-FR"},{"@type":"WebPage","@id":"https:\/\/mwc-cmm.org\/fr\/stories\/our-god-is-a-restorer-4\/","url":"https:\/\/mwc-cmm.org\/fr\/stories\/our-god-is-a-restorer-4\/","name":"Notre Dieu restaure - Mennonite World Conference","isPartOf":{"@id":"https:\/\/mwc-cmm.org\/en\/#website"},"primaryImageOfPage":{"@id":"https:\/\/mwc-cmm.org\/fr\/stories\/our-god-is-a-restorer-4\/#primaryimage"},"image":{"@id":"https:\/\/mwc-cmm.org\/fr\/stories\/our-god-is-a-restorer-4\/#primaryimage"},"thumbnailUrl":"https:\/\/mwc-cmm.org\/wp-content\/uploads\/2024\/11\/20150725_rhodashirk_306_2_1_2.jpg","datePublished":"2020-02-13T00:00:00+00:00","dateModified":"2024-12-10T17:16:42+00:00","breadcrumb":{"@id":"https:\/\/mwc-cmm.org\/fr\/stories\/our-god-is-a-restorer-4\/#breadcrumb"},"inLanguage":"fr-FR","potentialAction":[{"@type":"ReadAction","target":["https:\/\/mwc-cmm.org\/fr\/stories\/our-god-is-a-restorer-4\/"]}]},{"@type":"ImageObject","inLanguage":"fr-FR","@id":"https:\/\/mwc-cmm.org\/fr\/stories\/our-god-is-a-restorer-4\/#primaryimage","url":"https:\/\/mwc-cmm.org\/wp-content\/uploads\/2024\/11\/20150725_rhodashirk_306_2_1_2.jpg","contentUrl":"https:\/\/mwc-cmm.org\/wp-content\/uploads\/2024\/11\/20150725_rhodashirk_306_2_1_2.jpg","width":1200,"height":800},{"@type":"BreadcrumbList","@id":"https:\/\/mwc-cmm.org\/fr\/stories\/our-god-is-a-restorer-4\/#breadcrumb","itemListElement":[{"@type":"ListItem","position":1,"name":"Home","item":"https:\/\/mwc-cmm.org\/fr\/"},{"@type":"ListItem","position":2,"name":"Notre Dieu restaure"}]},{"@type":"WebSite","@id":"https:\/\/mwc-cmm.org\/en\/#website","url":"https:\/\/mwc-cmm.org\/en\/","name":"Mennonite World Conference","description":"A communion of Anabaptist-related churches","publisher":{"@id":"https:\/\/mwc-cmm.org\/en\/#organization"},"alternateName":"MWC","potentialAction":[{"@type":"SearchAction","target":{"@type":"EntryPoint","urlTemplate":"https:\/\/mwc-cmm.org\/en\/?s={search_term_string}"},"query-input":{"@type":"PropertyValueSpecification","valueRequired":true,"valueName":"search_term_string"}}],"inLanguage":"fr-FR"},{"@type":"Organization","@id":"https:\/\/mwc-cmm.org\/en\/#organization","name":"Mennonite World Conference","alternateName":"MWC","url":"https:\/\/mwc-cmm.org\/en\/","logo":{"@type":"ImageObject","inLanguage":"fr-FR","@id":"https:\/\/mwc-cmm.org\/en\/#\/schema\/logo\/image\/","url":"https:\/\/mwc-cmm.org\/wp-content\/uploads\/2026\/01\/MWC_Sig_Blue_Horiz_webheader1-logo.svg","contentUrl":"https:\/\/mwc-cmm.org\/wp-content\/uploads\/2026\/01\/MWC_Sig_Blue_Horiz_webheader1-logo.svg","width":786,"height":82,"caption":"Mennonite World Conference"},"image":{"@id":"https:\/\/mwc-cmm.org\/en\/#\/schema\/logo\/image\/"},"sameAs":["https:\/\/www.facebook.com\/MennoniteWorldConference","https:\/\/www.linkedin.com\/company\/mennonite-world-conference-mwc\/","https:\/\/www.instagram.com\/mwcmm\/","https:\/\/www.youtube.com\/user\/mwccmm","https:\/\/bsky.app\/profile\/mwcmm.bsky.social"]},{"@type":"Person","@id":"https:\/\/mwc-cmm.org\/en\/#\/schema\/person\/11f6ae0d7d1868ba20a1cc27f067c836","name":"mennworldcon","image":{"@type":"ImageObject","inLanguage":"fr-FR","@id":"https:\/\/secure.gravatar.com\/avatar\/06fdc0dc81c157dfdb82ec42f252178a22307808988d22c043f9eb96f1e0fe80?s=96&d=mm&r=g","url":"https:\/\/secure.gravatar.com\/avatar\/06fdc0dc81c157dfdb82ec42f252178a22307808988d22c043f9eb96f1e0fe80?s=96&d=mm&r=g","contentUrl":"https:\/\/secure.gravatar.com\/avatar\/06fdc0dc81c157dfdb82ec42f252178a22307808988d22c043f9eb96f1e0fe80?s=96&d=mm&r=g","caption":"mennworldcon"},"sameAs":["https:\/\/mwc-cmm.org"],"url":"https:\/\/mwc-cmm.org\/fr\/stories\/author\/mennworldcon\/"}]}},"_links":{"self":[{"href":"https:\/\/mwc-cmm.org\/fr\/wp-json\/wp\/v2\/posts\/10128","targetHints":{"allow":["GET"]}}],"collection":[{"href":"https:\/\/mwc-cmm.org\/fr\/wp-json\/wp\/v2\/posts"}],"about":[{"href":"https:\/\/mwc-cmm.org\/fr\/wp-json\/wp\/v2\/types\/post"}],"author":[{"embeddable":true,"href":"https:\/\/mwc-cmm.org\/fr\/wp-json\/wp\/v2\/users\/1"}],"replies":[{"embeddable":true,"href":"https:\/\/mwc-cmm.org\/fr\/wp-json\/wp\/v2\/comments?post=10128"}],"version-history":[{"count":0,"href":"https:\/\/mwc-cmm.org\/fr\/wp-json\/wp\/v2\/posts\/10128\/revisions"}],"wp:featuredmedia":[{"embeddable":true,"href":"https:\/\/mwc-cmm.org\/fr\/wp-json\/wp\/v2\/media\/91734"}],"wp:attachment":[{"href":"https:\/\/mwc-cmm.org\/fr\/wp-json\/wp\/v2\/media?parent=10128"}],"wp:term":[{"taxonomy":"category","embeddable":true,"href":"https:\/\/mwc-cmm.org\/fr\/wp-json\/wp\/v2\/categories?post=10128"},{"taxonomy":"post_tag","embeddable":true,"href":"https:\/\/mwc-cmm.org\/fr\/wp-json\/wp\/v2\/tags?post=10128"},{"taxonomy":"network","embeddable":true,"href":"https:\/\/mwc-cmm.org\/fr\/wp-json\/wp\/v2\/network?post=10128"},{"taxonomy":"eventcategory","embeddable":true,"href":"https:\/\/mwc-cmm.org\/fr\/wp-json\/wp\/v2\/eventcategory?post=10128"}],"curies":[{"name":"wp","href":"https:\/\/api.w.org\/{rel}","templated":true}]}}