{"id":10125,"date":"2020-01-16T00:00:00","date_gmt":"2020-01-16T00:00:00","guid":{"rendered":"https:\/\/mwc-cmm.org\/responding-to-displaced-people-4\/"},"modified":"2024-12-10T17:16:41","modified_gmt":"2024-12-10T17:16:41","slug":"responding-to-displaced-people-4","status":"publish","type":"post","link":"https:\/\/mwc-cmm.org\/fr\/stories\/responding-to-displaced-people-4\/","title":{"rendered":"S\u2019int\u00e9resser aux personnes d\u00e9plac\u00e9es"},"content":{"rendered":"<p><em>\u00ca renouveau 2027 \u2013 De nos jours, la migration de masse est une pr\u00e9occupation pour de nombreux pays : elle fait partie \u00e0 la fois du pass\u00e9 et du pr\u00e9sent des anabaptistes-mennonites. Nous sommes en m\u00eame temps ceux qui ont \u00e9migr\u00e9 et ceux qui accueillent de nouveaux voisins dans leur nouvelle maison. Lors de\u2019 Justice sur le Chemin : Migration et Histoire Anabaptiste-Mennonite\u2019, le 6 avril 2019, des orateurs du monde entier ont pr\u00e9sent\u00e9 des t\u00e9moignages sur la migration.<\/em><\/p>\n<div>\n<hr \/>\n<p>Le r\u00f4le de l\u2019\u00c9glise est d\u2019aimer et d\u2019accueillir les \u00e9trangers dans nos communaut\u00e9s, ainsi que nous le lisons dans L\u00e9vitique 19\/34 et Mathieu 25\/34-36. Les r\u00e9fugi\u00e9s, les demandeurs d\u2019asile et les personnes d\u00e9plac\u00e9es sont parmi les plus vuln\u00e9rables du monde. Dieu nous appelle \u00e0 nous pr\u00e9occuper de leur protection et de leur bien-\u00eatre.<\/p>\n<p><strong>Sensibiliser \u00e0 la r\u00e9alit\u00e9 des r\u00e9fugi\u00e9s<\/strong><\/p>\n<p>Les responsables des assembl\u00e9es locales ont la t\u00e2che de parler \u00e0 leurs membres de la r\u00e9alit\u00e9 des d\u00e9placements forc\u00e9s afin que tous soient mieux inform\u00e9s. Bien que, dans la presse, les grands titres n\u2019attirent pas souvent l\u2019attention sur la crise mondiale des r\u00e9fugi\u00e9s, de nombreuses ressources sont disponibles. Il est donc de notre devoir d\u2019informer correctement les membres de notre paroisse.<\/p>\n<p><strong>Dans une perspective biblique<\/strong><\/p>\n<p>C\u2019est \u00e0 partir des textes bibliques concernant le contexte des d\u00e9placements forc\u00e9s que les responsables doivent enseigner et pr\u00eacher. Lorsqu\u2019un passage biblique concerne la r\u00e9alit\u00e9 des r\u00e9fugi\u00e9s d\u2019aujourd\u2019hui, l\u2019impact est tr\u00e8s fort. Il est important que les disciples du Christ voient le plan de Dieu \u00e0 l\u2019\u0153uvre dans les \u00c9critures concernant les d\u00e9placements forc\u00e9s, de mani\u00e8re \u00e0 ce qu\u2019ils s\u2019attendent \u00e0 ce que Dieu agissent en faveur des r\u00e9fugi\u00e9s d\u2019aujourd\u2019hui.<\/p>\n<p>En effet, le r\u00e9cit biblique est rempli d\u2019histoires de d\u00e9placements forc\u00e9s, comme par exemple, l\u2019exil de Jean sur l\u2019\u00eele de Patmos.<\/p>\n<p><strong>Prier pour les personnes d\u00e9plac\u00e9es<\/strong><\/p>\n<p>Les responsables des paroisses nous encouragent \u00e0 prier au nom des r\u00e9fugi\u00e9s dans le monde. Il est aussi naturel d\u2019encourager les membres \u00e0 prier pour les r\u00e9fugi\u00e9s et les demandeurs d\u2019asile de leur propre ville.<\/p>\n<p>Lorsque les nouvelles r\u00e9centes mentionnent des personnes d\u00e9plac\u00e9es, nous devrions les inclure dans nos pri\u00e8res.<\/p>\n<p><strong>Prier pour des rencontres<\/strong><\/p>\n<p>Nous ne devrions pas \u00eatre surpris de rencontrer dans notre vie quotidienne des personnes d\u00e9plac\u00e9es. Pr\u00eatez attention \u00e0 ceux que vous c\u00f4toyez, au travail, \u00e0 l\u2019\u00e9cole et \u00e0 l\u2019\u00e9glise, et vous remarquerez des r\u00e9fugi\u00e9s, des immigr\u00e9s et des migrants. Recherchez-les. Priez pour avoir des occasions de leur manifester de l\u2019amour dans votre communaut\u00e9.<\/p>\n<p>Ne soyez pas surpris que Dieu mette sur votre chemin des occasions de rencontre.<\/p>\n<p><strong>Aider les r\u00e9fugi\u00e9s \u00e0 faire face aux probl\u00e8mes li\u00e9s \u00e0 leur nouveau pays<\/strong><\/p>\n<p>Les demandeurs d\u2019asile et les r\u00e9fugi\u00e9s nouvellement arriv\u00e9s ont besoin d\u2019aide pour r\u00e9pondre \u00e0 leurs besoins fondamentaux, tels que :<\/p>\n<ol>\n<li>abri temporaire<\/li>\n<li>nourriture de base<\/li>\n<li>v\u00eatements<\/li>\n<li>services de sant\u00e9<\/li>\n<li>\u00e9ducation<\/li>\n<\/ol>\n<p>Les \u00e9glises locales peuvent aider les r\u00e9fugi\u00e9s et les demandeurs d\u2019asile avec les moyens \u00e0 leur port\u00e9e, puis s\u2019adresser au gouvernement et \u00e0 d\u2019autres organisations ayant davantage de moyens pour g\u00e9rer des groupes.<\/p>\n<p>Leurs besoins sont aussi soulign\u00e9s dans les \u00c9critures par J\u00e9sus-Christ, dans Matthieu 25\/35\u201336.<\/p>\n<p><strong>Br\u00e8ve histoire du Kenya<\/strong><\/p>\n<p>Dans ce contexte, l\u2019\u00c9glise mennonite du Kenya a cr\u00e9\u00e9 le Eastleigh Fellowship Centre (EFC) \u00e0 Nairobi, dans un quartier \u00e0 majorit\u00e9 somalienne o\u00f9 vivent de nombreux r\u00e9fugi\u00e9s. Le centre encourage la coexistence pacifique entre musulmans et chr\u00e9tiens.<\/p>\n<p>L\u2019activit\u00e9 principale consiste \u00e0 r\u00e9unir des jeunes musulmans et des jeunes chr\u00e9tiens, pour qu\u2019ils d\u00e9veloppent de solides relations au-del\u00e0 des divisions ethniques et religieuses.<\/p>\n<p>Le basketball est tr\u00e8s appr\u00e9ci\u00e9s par les gar\u00e7ons et les filles. Des tournois ont lieu tous les deux mois. R\u00e9cemment, les activit\u00e9s sportives ont \u00e9t\u00e9 \u00e9tendues au football, qui maintenant, attire davantage de jeunes. Il s\u2019agit de cr\u00e9er des amiti\u00e9s entre immigr\u00e9s et Kenyans, afin d\u2019\u0153uvrer \u00e0 la paix entre jeunes.<\/p>\n<p>Outre les activit\u00e9s sportives, les jeunes ont le temps et l\u2019occasion de discuter de la paix et de ses valeurs. Les responsables religieux viennent enseigner aux jeunes la paix \u00e0 partir de leur point de vue traditionnel.<\/p>\n<p>Tous les deux mois, un autre aspect du minist\u00e8re de EFC pour promouvoir la paix et la mission consiste \u00e0 organiser un dialogue entre chr\u00e9tiens et musulmans Il r\u00e9unit des musulmans (g\u00e9n\u00e9ralement des immigr\u00e9s somaliens) et des chr\u00e9tiens pour discuter des questions de foi. Ils discutent de sujets tels que \u2018J\u00e9sus est-il Dieu ?\u2019. L\u2019objectif est de trouver des personnes qui poseront davantage de questions sur la foi chr\u00e9tienne. Nous savons que le Saint-Esprit travaille dans le c\u0153ur de personnes qui seront pr\u00eates \u00e0 le suivre.<\/p>\n<p>Nous saisissons ces occasions pour nouer des relations qui permettront plus tard de parler du Christ et de travailler \u00e0 la paix.<\/p>\n<p><em>\u2014<\/em><em>Samson Omondi Ongode est le repr\u00e9sentant de l\u2019Afrique au Comit\u00e9 Ex\u00e9cutif de la CMM. Il est secr\u00e9taire g\u00e9n\u00e9ral de l\u2019\u00c9glise mennonite du Kenya. <\/em><em>La vice-pr\u00e9sidente de la CMM, Rebecca Osiro, a pr\u00e9sent\u00e9 ce t\u00e9moignage au nom de Samson Omondi Ongode lors de la conf\u00e9rence Renouveau 2027 au Costa Rica.<\/em><\/p>\n<\/p>\n<p><em>Cet article est paru pour la premi\u00e8re fois dans le num\u00e9ro <\/em><em><a href=\"https:\/\/mwc-cmm.org\/article\/courrier?language=fr\">d\u2019octobre 2019 de Courier\/Correo\/Courrier.<\/a><\/em><\/p>\n<\/div>\n","protected":false},"excerpt":{"rendered":"<p>NULL<\/p>\n","protected":false},"author":1,"featured_media":91692,"comment_status":"closed","ping_status":"closed","sticky":false,"template":"","format":"standard","meta":{"_acf_changed":false,"footnotes":""},"categories":[7],"tags":[],"network":[1307],"eventcategory":[],"class_list":["post-10125","post","type-post","status-publish","format-standard","has-post-thumbnail","hentry","category-non-classifiee","network-courier-fr"],"acf":[],"yoast_head":"<!-- This site is optimized with the Yoast SEO plugin v27.5 - https:\/\/yoast.com\/product\/yoast-seo-wordpress\/ -->\n<title>S\u2019int\u00e9resser aux personnes d\u00e9plac\u00e9es - Mennonite World Conference<\/title>\n<meta name=\"robots\" content=\"index, follow, max-snippet:-1, max-image-preview:large, max-video-preview:-1\" \/>\n<link rel=\"canonical\" href=\"https:\/\/mwc-cmm.org\/fr\/stories\/responding-to-displaced-people-4\/\" \/>\n<meta property=\"og:locale\" content=\"fr_FR\" \/>\n<meta property=\"og:type\" content=\"article\" \/>\n<meta property=\"og:title\" content=\"S\u2019int\u00e9resser aux personnes d\u00e9plac\u00e9es - Mennonite World Conference\" \/>\n<meta property=\"og:description\" content=\"NULL\" \/>\n<meta property=\"og:url\" content=\"https:\/\/mwc-cmm.org\/fr\/stories\/responding-to-displaced-people-4\/\" \/>\n<meta property=\"og:site_name\" content=\"Mennonite World Conference\" \/>\n<meta property=\"article:publisher\" content=\"https:\/\/www.facebook.com\/MennoniteWorldConference\" \/>\n<meta property=\"article:published_time\" content=\"2020-01-16T00:00:00+00:00\" \/>\n<meta property=\"article:modified_time\" content=\"2024-12-10T17:16:41+00:00\" \/>\n<meta property=\"og:image\" content=\"https:\/\/mwc-cmm.org\/wp-content\/uploads\/2024\/11\/40169654851_bcda2b96f8_o-min.jpg\" \/>\n\t<meta property=\"og:image:width\" content=\"1200\" \/>\n\t<meta property=\"og:image:height\" content=\"800\" \/>\n\t<meta property=\"og:image:type\" content=\"image\/jpeg\" \/>\n<meta name=\"author\" content=\"mennworldcon\" \/>\n<script type=\"application\/ld+json\" class=\"yoast-schema-graph\">{\"@context\":\"https:\\\/\\\/schema.org\",\"@graph\":[{\"@type\":\"Article\",\"@id\":\"https:\\\/\\\/mwc-cmm.org\\\/fr\\\/stories\\\/responding-to-displaced-people-4\\\/#article\",\"isPartOf\":{\"@id\":\"https:\\\/\\\/mwc-cmm.org\\\/fr\\\/stories\\\/responding-to-displaced-people-4\\\/\"},\"author\":{\"name\":\"mennworldcon\",\"@id\":\"https:\\\/\\\/mwc-cmm.org\\\/en\\\/#\\\/schema\\\/person\\\/11f6ae0d7d1868ba20a1cc27f067c836\"},\"headline\":\"S\u2019int\u00e9resser aux personnes d\u00e9plac\u00e9es\",\"datePublished\":\"2020-01-16T00:00:00+00:00\",\"dateModified\":\"2024-12-10T17:16:41+00:00\",\"mainEntityOfPage\":{\"@id\":\"https:\\\/\\\/mwc-cmm.org\\\/fr\\\/stories\\\/responding-to-displaced-people-4\\\/\"},\"wordCount\":957,\"publisher\":{\"@id\":\"https:\\\/\\\/mwc-cmm.org\\\/en\\\/#organization\"},\"image\":{\"@id\":\"https:\\\/\\\/mwc-cmm.org\\\/fr\\\/stories\\\/responding-to-displaced-people-4\\\/#primaryimage\"},\"thumbnailUrl\":\"https:\\\/\\\/mwc-cmm.org\\\/wp-content\\\/uploads\\\/2024\\\/11\\\/40169654851_bcda2b96f8_o-min.jpg\",\"articleSection\":[\"Non classifi\u00e9(e)\"],\"inLanguage\":\"fr-FR\"},{\"@type\":\"WebPage\",\"@id\":\"https:\\\/\\\/mwc-cmm.org\\\/fr\\\/stories\\\/responding-to-displaced-people-4\\\/\",\"url\":\"https:\\\/\\\/mwc-cmm.org\\\/fr\\\/stories\\\/responding-to-displaced-people-4\\\/\",\"name\":\"S\u2019int\u00e9resser aux personnes d\u00e9plac\u00e9es - Mennonite World Conference\",\"isPartOf\":{\"@id\":\"https:\\\/\\\/mwc-cmm.org\\\/en\\\/#website\"},\"primaryImageOfPage\":{\"@id\":\"https:\\\/\\\/mwc-cmm.org\\\/fr\\\/stories\\\/responding-to-displaced-people-4\\\/#primaryimage\"},\"image\":{\"@id\":\"https:\\\/\\\/mwc-cmm.org\\\/fr\\\/stories\\\/responding-to-displaced-people-4\\\/#primaryimage\"},\"thumbnailUrl\":\"https:\\\/\\\/mwc-cmm.org\\\/wp-content\\\/uploads\\\/2024\\\/11\\\/40169654851_bcda2b96f8_o-min.jpg\",\"datePublished\":\"2020-01-16T00:00:00+00:00\",\"dateModified\":\"2024-12-10T17:16:41+00:00\",\"breadcrumb\":{\"@id\":\"https:\\\/\\\/mwc-cmm.org\\\/fr\\\/stories\\\/responding-to-displaced-people-4\\\/#breadcrumb\"},\"inLanguage\":\"fr-FR\",\"potentialAction\":[{\"@type\":\"ReadAction\",\"target\":[\"https:\\\/\\\/mwc-cmm.org\\\/fr\\\/stories\\\/responding-to-displaced-people-4\\\/\"]}]},{\"@type\":\"ImageObject\",\"inLanguage\":\"fr-FR\",\"@id\":\"https:\\\/\\\/mwc-cmm.org\\\/fr\\\/stories\\\/responding-to-displaced-people-4\\\/#primaryimage\",\"url\":\"https:\\\/\\\/mwc-cmm.org\\\/wp-content\\\/uploads\\\/2024\\\/11\\\/40169654851_bcda2b96f8_o-min.jpg\",\"contentUrl\":\"https:\\\/\\\/mwc-cmm.org\\\/wp-content\\\/uploads\\\/2024\\\/11\\\/40169654851_bcda2b96f8_o-min.jpg\",\"width\":1200,\"height\":800},{\"@type\":\"BreadcrumbList\",\"@id\":\"https:\\\/\\\/mwc-cmm.org\\\/fr\\\/stories\\\/responding-to-displaced-people-4\\\/#breadcrumb\",\"itemListElement\":[{\"@type\":\"ListItem\",\"position\":1,\"name\":\"Home\",\"item\":\"https:\\\/\\\/mwc-cmm.org\\\/fr\\\/\"},{\"@type\":\"ListItem\",\"position\":2,\"name\":\"S\u2019int\u00e9resser aux personnes d\u00e9plac\u00e9es\"}]},{\"@type\":\"WebSite\",\"@id\":\"https:\\\/\\\/mwc-cmm.org\\\/en\\\/#website\",\"url\":\"https:\\\/\\\/mwc-cmm.org\\\/en\\\/\",\"name\":\"Mennonite World Conference\",\"description\":\"A communion of Anabaptist-related churches\",\"publisher\":{\"@id\":\"https:\\\/\\\/mwc-cmm.org\\\/en\\\/#organization\"},\"alternateName\":\"MWC\",\"potentialAction\":[{\"@type\":\"SearchAction\",\"target\":{\"@type\":\"EntryPoint\",\"urlTemplate\":\"https:\\\/\\\/mwc-cmm.org\\\/en\\\/?s={search_term_string}\"},\"query-input\":{\"@type\":\"PropertyValueSpecification\",\"valueRequired\":true,\"valueName\":\"search_term_string\"}}],\"inLanguage\":\"fr-FR\"},{\"@type\":\"Organization\",\"@id\":\"https:\\\/\\\/mwc-cmm.org\\\/en\\\/#organization\",\"name\":\"Mennonite World Conference\",\"alternateName\":\"MWC\",\"url\":\"https:\\\/\\\/mwc-cmm.org\\\/en\\\/\",\"logo\":{\"@type\":\"ImageObject\",\"inLanguage\":\"fr-FR\",\"@id\":\"https:\\\/\\\/mwc-cmm.org\\\/en\\\/#\\\/schema\\\/logo\\\/image\\\/\",\"url\":\"https:\\\/\\\/mwc-cmm.org\\\/wp-content\\\/uploads\\\/2026\\\/01\\\/MWC_Sig_Blue_Horiz_webheader1-logo.svg\",\"contentUrl\":\"https:\\\/\\\/mwc-cmm.org\\\/wp-content\\\/uploads\\\/2026\\\/01\\\/MWC_Sig_Blue_Horiz_webheader1-logo.svg\",\"width\":786,\"height\":82,\"caption\":\"Mennonite World Conference\"},\"image\":{\"@id\":\"https:\\\/\\\/mwc-cmm.org\\\/en\\\/#\\\/schema\\\/logo\\\/image\\\/\"},\"sameAs\":[\"https:\\\/\\\/www.facebook.com\\\/MennoniteWorldConference\",\"https:\\\/\\\/www.linkedin.com\\\/company\\\/mennonite-world-conference-mwc\\\/\",\"https:\\\/\\\/www.instagram.com\\\/mwcmm\\\/\",\"https:\\\/\\\/www.youtube.com\\\/user\\\/mwccmm\",\"https:\\\/\\\/bsky.app\\\/profile\\\/mwcmm.bsky.social\"]},{\"@type\":\"Person\",\"@id\":\"https:\\\/\\\/mwc-cmm.org\\\/en\\\/#\\\/schema\\\/person\\\/11f6ae0d7d1868ba20a1cc27f067c836\",\"name\":\"mennworldcon\",\"image\":{\"@type\":\"ImageObject\",\"inLanguage\":\"fr-FR\",\"@id\":\"https:\\\/\\\/secure.gravatar.com\\\/avatar\\\/06fdc0dc81c157dfdb82ec42f252178a22307808988d22c043f9eb96f1e0fe80?s=96&d=mm&r=g\",\"url\":\"https:\\\/\\\/secure.gravatar.com\\\/avatar\\\/06fdc0dc81c157dfdb82ec42f252178a22307808988d22c043f9eb96f1e0fe80?s=96&d=mm&r=g\",\"contentUrl\":\"https:\\\/\\\/secure.gravatar.com\\\/avatar\\\/06fdc0dc81c157dfdb82ec42f252178a22307808988d22c043f9eb96f1e0fe80?s=96&d=mm&r=g\",\"caption\":\"mennworldcon\"},\"sameAs\":[\"https:\\\/\\\/mwc-cmm.org\"],\"url\":\"https:\\\/\\\/mwc-cmm.org\\\/fr\\\/stories\\\/author\\\/mennworldcon\\\/\"}]}<\/script>\n<!-- \/ Yoast SEO plugin. -->","yoast_head_json":{"title":"S\u2019int\u00e9resser aux personnes d\u00e9plac\u00e9es - Mennonite World Conference","robots":{"index":"index","follow":"follow","max-snippet":"max-snippet:-1","max-image-preview":"max-image-preview:large","max-video-preview":"max-video-preview:-1"},"canonical":"https:\/\/mwc-cmm.org\/fr\/stories\/responding-to-displaced-people-4\/","og_locale":"fr_FR","og_type":"article","og_title":"S\u2019int\u00e9resser aux personnes d\u00e9plac\u00e9es - Mennonite World Conference","og_description":"NULL","og_url":"https:\/\/mwc-cmm.org\/fr\/stories\/responding-to-displaced-people-4\/","og_site_name":"Mennonite World Conference","article_publisher":"https:\/\/www.facebook.com\/MennoniteWorldConference","article_published_time":"2020-01-16T00:00:00+00:00","article_modified_time":"2024-12-10T17:16:41+00:00","og_image":[{"width":1200,"height":800,"url":"https:\/\/mwc-cmm.org\/wp-content\/uploads\/2024\/11\/40169654851_bcda2b96f8_o-min.jpg","type":"image\/jpeg"}],"author":"mennworldcon","schema":{"@context":"https:\/\/schema.org","@graph":[{"@type":"Article","@id":"https:\/\/mwc-cmm.org\/fr\/stories\/responding-to-displaced-people-4\/#article","isPartOf":{"@id":"https:\/\/mwc-cmm.org\/fr\/stories\/responding-to-displaced-people-4\/"},"author":{"name":"mennworldcon","@id":"https:\/\/mwc-cmm.org\/en\/#\/schema\/person\/11f6ae0d7d1868ba20a1cc27f067c836"},"headline":"S\u2019int\u00e9resser aux personnes d\u00e9plac\u00e9es","datePublished":"2020-01-16T00:00:00+00:00","dateModified":"2024-12-10T17:16:41+00:00","mainEntityOfPage":{"@id":"https:\/\/mwc-cmm.org\/fr\/stories\/responding-to-displaced-people-4\/"},"wordCount":957,"publisher":{"@id":"https:\/\/mwc-cmm.org\/en\/#organization"},"image":{"@id":"https:\/\/mwc-cmm.org\/fr\/stories\/responding-to-displaced-people-4\/#primaryimage"},"thumbnailUrl":"https:\/\/mwc-cmm.org\/wp-content\/uploads\/2024\/11\/40169654851_bcda2b96f8_o-min.jpg","articleSection":["Non classifi\u00e9(e)"],"inLanguage":"fr-FR"},{"@type":"WebPage","@id":"https:\/\/mwc-cmm.org\/fr\/stories\/responding-to-displaced-people-4\/","url":"https:\/\/mwc-cmm.org\/fr\/stories\/responding-to-displaced-people-4\/","name":"S\u2019int\u00e9resser aux personnes d\u00e9plac\u00e9es - Mennonite World Conference","isPartOf":{"@id":"https:\/\/mwc-cmm.org\/en\/#website"},"primaryImageOfPage":{"@id":"https:\/\/mwc-cmm.org\/fr\/stories\/responding-to-displaced-people-4\/#primaryimage"},"image":{"@id":"https:\/\/mwc-cmm.org\/fr\/stories\/responding-to-displaced-people-4\/#primaryimage"},"thumbnailUrl":"https:\/\/mwc-cmm.org\/wp-content\/uploads\/2024\/11\/40169654851_bcda2b96f8_o-min.jpg","datePublished":"2020-01-16T00:00:00+00:00","dateModified":"2024-12-10T17:16:41+00:00","breadcrumb":{"@id":"https:\/\/mwc-cmm.org\/fr\/stories\/responding-to-displaced-people-4\/#breadcrumb"},"inLanguage":"fr-FR","potentialAction":[{"@type":"ReadAction","target":["https:\/\/mwc-cmm.org\/fr\/stories\/responding-to-displaced-people-4\/"]}]},{"@type":"ImageObject","inLanguage":"fr-FR","@id":"https:\/\/mwc-cmm.org\/fr\/stories\/responding-to-displaced-people-4\/#primaryimage","url":"https:\/\/mwc-cmm.org\/wp-content\/uploads\/2024\/11\/40169654851_bcda2b96f8_o-min.jpg","contentUrl":"https:\/\/mwc-cmm.org\/wp-content\/uploads\/2024\/11\/40169654851_bcda2b96f8_o-min.jpg","width":1200,"height":800},{"@type":"BreadcrumbList","@id":"https:\/\/mwc-cmm.org\/fr\/stories\/responding-to-displaced-people-4\/#breadcrumb","itemListElement":[{"@type":"ListItem","position":1,"name":"Home","item":"https:\/\/mwc-cmm.org\/fr\/"},{"@type":"ListItem","position":2,"name":"S\u2019int\u00e9resser aux personnes d\u00e9plac\u00e9es"}]},{"@type":"WebSite","@id":"https:\/\/mwc-cmm.org\/en\/#website","url":"https:\/\/mwc-cmm.org\/en\/","name":"Mennonite World Conference","description":"A communion of Anabaptist-related churches","publisher":{"@id":"https:\/\/mwc-cmm.org\/en\/#organization"},"alternateName":"MWC","potentialAction":[{"@type":"SearchAction","target":{"@type":"EntryPoint","urlTemplate":"https:\/\/mwc-cmm.org\/en\/?s={search_term_string}"},"query-input":{"@type":"PropertyValueSpecification","valueRequired":true,"valueName":"search_term_string"}}],"inLanguage":"fr-FR"},{"@type":"Organization","@id":"https:\/\/mwc-cmm.org\/en\/#organization","name":"Mennonite World Conference","alternateName":"MWC","url":"https:\/\/mwc-cmm.org\/en\/","logo":{"@type":"ImageObject","inLanguage":"fr-FR","@id":"https:\/\/mwc-cmm.org\/en\/#\/schema\/logo\/image\/","url":"https:\/\/mwc-cmm.org\/wp-content\/uploads\/2026\/01\/MWC_Sig_Blue_Horiz_webheader1-logo.svg","contentUrl":"https:\/\/mwc-cmm.org\/wp-content\/uploads\/2026\/01\/MWC_Sig_Blue_Horiz_webheader1-logo.svg","width":786,"height":82,"caption":"Mennonite World Conference"},"image":{"@id":"https:\/\/mwc-cmm.org\/en\/#\/schema\/logo\/image\/"},"sameAs":["https:\/\/www.facebook.com\/MennoniteWorldConference","https:\/\/www.linkedin.com\/company\/mennonite-world-conference-mwc\/","https:\/\/www.instagram.com\/mwcmm\/","https:\/\/www.youtube.com\/user\/mwccmm","https:\/\/bsky.app\/profile\/mwcmm.bsky.social"]},{"@type":"Person","@id":"https:\/\/mwc-cmm.org\/en\/#\/schema\/person\/11f6ae0d7d1868ba20a1cc27f067c836","name":"mennworldcon","image":{"@type":"ImageObject","inLanguage":"fr-FR","@id":"https:\/\/secure.gravatar.com\/avatar\/06fdc0dc81c157dfdb82ec42f252178a22307808988d22c043f9eb96f1e0fe80?s=96&d=mm&r=g","url":"https:\/\/secure.gravatar.com\/avatar\/06fdc0dc81c157dfdb82ec42f252178a22307808988d22c043f9eb96f1e0fe80?s=96&d=mm&r=g","contentUrl":"https:\/\/secure.gravatar.com\/avatar\/06fdc0dc81c157dfdb82ec42f252178a22307808988d22c043f9eb96f1e0fe80?s=96&d=mm&r=g","caption":"mennworldcon"},"sameAs":["https:\/\/mwc-cmm.org"],"url":"https:\/\/mwc-cmm.org\/fr\/stories\/author\/mennworldcon\/"}]}},"_links":{"self":[{"href":"https:\/\/mwc-cmm.org\/fr\/wp-json\/wp\/v2\/posts\/10125","targetHints":{"allow":["GET"]}}],"collection":[{"href":"https:\/\/mwc-cmm.org\/fr\/wp-json\/wp\/v2\/posts"}],"about":[{"href":"https:\/\/mwc-cmm.org\/fr\/wp-json\/wp\/v2\/types\/post"}],"author":[{"embeddable":true,"href":"https:\/\/mwc-cmm.org\/fr\/wp-json\/wp\/v2\/users\/1"}],"replies":[{"embeddable":true,"href":"https:\/\/mwc-cmm.org\/fr\/wp-json\/wp\/v2\/comments?post=10125"}],"version-history":[{"count":0,"href":"https:\/\/mwc-cmm.org\/fr\/wp-json\/wp\/v2\/posts\/10125\/revisions"}],"wp:featuredmedia":[{"embeddable":true,"href":"https:\/\/mwc-cmm.org\/fr\/wp-json\/wp\/v2\/media\/91692"}],"wp:attachment":[{"href":"https:\/\/mwc-cmm.org\/fr\/wp-json\/wp\/v2\/media?parent=10125"}],"wp:term":[{"taxonomy":"category","embeddable":true,"href":"https:\/\/mwc-cmm.org\/fr\/wp-json\/wp\/v2\/categories?post=10125"},{"taxonomy":"post_tag","embeddable":true,"href":"https:\/\/mwc-cmm.org\/fr\/wp-json\/wp\/v2\/tags?post=10125"},{"taxonomy":"network","embeddable":true,"href":"https:\/\/mwc-cmm.org\/fr\/wp-json\/wp\/v2\/network?post=10125"},{"taxonomy":"eventcategory","embeddable":true,"href":"https:\/\/mwc-cmm.org\/fr\/wp-json\/wp\/v2\/eventcategory?post=10125"}],"curies":[{"name":"wp","href":"https:\/\/api.w.org\/{rel}","templated":true}]}}