{"id":10122,"date":"2020-01-14T00:00:00","date_gmt":"2020-01-14T00:00:00","guid":{"rendered":"https:\/\/mwc-cmm.org\/growing-team-serves-church-4\/"},"modified":"2024-12-10T17:16:40","modified_gmt":"2024-12-10T17:16:40","slug":"lequipe-sagrandit-au-service-de-leglise","status":"publish","type":"post","link":"https:\/\/mwc-cmm.org\/fr\/stories\/lequipe-sagrandit-au-service-de-leglise\/","title":{"rendered":"L\u2019\u00e9quipe s\u2019agrandit au service de l\u2019\u00c9glise"},"content":{"rendered":"<p>Un compositeur, un professionnel de la sant\u00e9 et un m\u00e9canicien automobile, tous trois responsables d\u2019\u00e9glises, ont rejoint l\u2019\u00e9quipe de la Conf\u00e9rence Mennonite Mondiale. Ces nouveaux repr\u00e9sentants r\u00e9gionaux viennent compl\u00e9ter l\u2019\u00e9quipe qui travaille pour que la Conf\u00e9rence Mennonite Mondiale et ses \u00e9glises membres restent proches afin de s\u2019encourager mutuellement \u00e0 suivre J\u00e9sus, notre esp\u00e9rance.<\/p>\n<p>Les repr\u00e9sentants r\u00e9gionaux sont des b\u00e9n\u00e9voles \u00e0 temps partiel qui nourrissent des relations avec les \u00e9glises membres de la CMM, les membres-associ\u00e9s et les membres potentiels. Ils repr\u00e9sentent la CMM aupr\u00e8s de ces \u00e9glises en partageant les informations, les ressources et les nouvelles des \u00e9glises autour du monde. Ils repr\u00e9sentent leurs \u00e9glises aupr\u00e8s de la CMM en partageant des sujets de pri\u00e8re.<\/p>\n<figure class=\"image\" style=\"float:left\"><img decoding=\"async\" alt=\"\" height=\"137\" data-src=\"https:\/\/mwc.staging13.peaceworks.ca\/sites\/default\/files\/jeremiah_choi_0.jpg\" width=\"100\" src=\"data:image\/svg+xml;base64,PHN2ZyB3aWR0aD0iMSIgaGVpZ2h0PSIxIiB4bWxucz0iaHR0cDovL3d3dy53My5vcmcvMjAwMC9zdmciPjwvc3ZnPg==\" class=\"lazyload\" style=\"--smush-placeholder-width: 100px; --smush-placeholder-aspect-ratio: 100\/137;\" \/><figcaption>Jeremiah Choi<\/figcaption><\/figure>\n<h3>Jeremiah Choi<\/h3>\n<p>En plus de son r\u00f4le en tant que d\u00e9l\u00e9gu\u00e9 de l\u2019\u00e9glise mennonite de Hong Kong au Conseil g\u00e9n\u00e9ral et de son travail au sein de la Commission Paix (2018-2021), Jeremiah Choi est d\u00e9sormais \u00e9galement repr\u00e9sentant r\u00e9gional pour l\u2019Asie du nord-est. Il a un dipl\u00f4me de compositeur de musique, il a aussi \u00e9tudi\u00e9 l\u2019accompagnement pastoral au s\u00e9minaire et a \u00e9crit des chants d\u2019\u00e9glise en chinois. Il a commenc\u00e9 son travail de pasteur en 1989, et a particip\u00e9 \u00e0 la cr\u00e9ation de Hope Mennonite Church. Aujourd\u2019hui il est pasteur de l\u2019\u00e9glise mennonite Agap\u00e9 \u00e0 Hong Kong. Avec sa femme Wendy Lee, ils ont deux enfants.<\/p>\n<p>&nbsp;<\/p>\n<figure class=\"image\" style=\"float:left\"><img decoding=\"async\" alt=\"\" height=\"139\" data-src=\"https:\/\/mwc.staging13.peaceworks.ca\/sites\/default\/files\/jumanne.jpg\" width=\"100\" src=\"data:image\/svg+xml;base64,PHN2ZyB3aWR0aD0iMSIgaGVpZ2h0PSIxIiB4bWxucz0iaHR0cDovL3d3dy53My5vcmcvMjAwMC9zdmciPjwvc3ZnPg==\" class=\"lazyload\" style=\"--smush-placeholder-width: 100px; --smush-placeholder-aspect-ratio: 100\/139;\" \/><figcaption>Jumanne Magiri<\/figcaption><\/figure>\n<h3>Jumanne Magiri Mafwiri<\/h3>\n<p>Jumanne Magiri Mafwiri apporte au poste de repr\u00e9sentant r\u00e9gional pour l\u2019Afrique de l\u2019est des comp\u00e9tences professionnelles dans le domaine de la sant\u00e9 au service de l\u2019\u00e9glise. Il est diacre et membre du comit\u00e9 de Kanisa Mennonita Tanzania, il est \u00e9galement d\u00e9l\u00e9gu\u00e9 au Conseil g\u00e9n\u00e9ral de la CMM. Il a form\u00e9 des professionnels de la sant\u00e9 au Kenya et en RDC. Il vient d\u2019une famille nombreuse, et a \u00e9t\u00e9 ravi de pouvoir faire la connaissance de la famille anabaptiste-mennonite lors des assembl\u00e9es r\u00e9unies au Zimbabwe (2003), au Paraguay (2009) et aux \u00c9tats-Unis (2015). Jumanne Magiri Mafwiri et sa femme ont six enfants adultes.<\/p>\n<p>&nbsp;<\/p>\n<figure class=\"image\" style=\"float:left\"><img decoding=\"async\" alt=\"\" height=\"132\" data-src=\"https:\/\/mwc.staging13.peaceworks.ca\/sites\/default\/files\/freddyy.jpg\" width=\"100\" src=\"data:image\/svg+xml;base64,PHN2ZyB3aWR0aD0iMSIgaGVpZ2h0PSIxIiB4bWxucz0iaHR0cDovL3d3dy53My5vcmcvMjAwMC9zdmciPjwvc3ZnPg==\" class=\"lazyload\" style=\"--smush-placeholder-width: 100px; --smush-placeholder-aspect-ratio: 100\/132;\" \/><figcaption>Freddy Iban Barr\u00f3n Tapia&nbsp;<\/figcaption><\/figure>\n<h3>Freddy Iban Barr\u00f3n Tapia<\/h3>\n<p>Freddy Barr\u00f3n est responsable d\u2019\u00e9glise, directeur d\u2019\u00e9cole, th\u00e9ologien et m\u00e9canicien automobile. Il rev\u00eat une casquette suppl\u00e9mentaire en devenant repr\u00e9sentant r\u00e9gional de la CMM pour le C\u00f4ne Sud (l\u2019Am\u00e9rique latine). Il est vice-pr\u00e9sident de Iglesia Evang\u00e9lica Menonita Boliviana et pasteur d\u2019une de ses paroisses. Avec son \u00e9pouse, il est \u00e9galement directeur d\u2019une \u00e9cole missionnaire (SAC) et d\u2019un institut pour la formation de responsables (IMFOLID). Freddy Barr\u00f3n et sa femme Kipfer ont quatre enfants.<\/p>\n<h3>&nbsp;<\/h3>\n<h3>\u00c9quipe de la communication<\/h3>\n<p>L\u2019\u00e9quipe de la communication de la CMM accueille Elina Ciptadi Perkins en tant que directrice int\u00e9rimaire de la communication. Elle \u00e9tait repr\u00e9sentante de AMIGOS pour l\u2019Asie (programme pr\u00e9curseur de YABs- le comit\u00e9 des Jeunes AnaBaptistes). Elle a grandi dans Gereja Kristen Muria Indonesia (GKMI), une \u00e9glise mennonite membre de la CMM et travaille actuellement dans la communication \u00e0 Singapour. Elina Ciptadi vient travailler aux c\u00f4t\u00e9s de Karla Braun pendant le cong\u00e9 maternit\u00e9 de Kristina Toews. Alexandro Marthin occupe toujours le poste b\u00e9n\u00e9vole de coordinateur des m\u00e9dias depuis l\u2019Indon\u00e9sie.<\/p>\n<p><em>\u2014Communiqu\u00e9 de la Conf\u00e9rence Mennonite Mondiale<\/em><\/p>\n","protected":false},"excerpt":{"rendered":"<p>Un compositeur, un professionnel de la sant\u00e9 et un m\u00e9canicien automobile, tous trois responsables d\u2019\u00e9glises, ont rejoint l\u2019\u00e9quipe de la Conf\u00e9rence Mennonite Mondiale. Ces nouveaux repr\u00e9sentants r\u00e9gionaux viennent compl\u00e9ter l\u2019\u00e9quipe qui travaille pour que la Conf\u00e9rence Mennonite Mondiale et ses \u00e9glises membres restent proches afin de s\u2019encourager mutuellement \u00e0 suivre J\u00e9sus, notre esp\u00e9rance. Les repr\u00e9sentants [&hellip;]<\/p>\n","protected":false},"author":1,"featured_media":92039,"comment_status":"closed","ping_status":"closed","sticky":false,"template":"","format":"standard","meta":{"_acf_changed":false,"footnotes":""},"categories":[7],"tags":[],"network":[],"eventcategory":[],"class_list":["post-10122","post","type-post","status-publish","format-standard","has-post-thumbnail","hentry","category-non-classifiee"],"acf":[],"yoast_head":"<!-- This site is optimized with the Yoast SEO plugin v27.2 - https:\/\/yoast.com\/product\/yoast-seo-wordpress\/ -->\n<title>L\u2019\u00e9quipe s\u2019agrandit au service de l\u2019\u00c9glise - Mennonite World Conference<\/title>\n<meta name=\"robots\" content=\"index, follow, max-snippet:-1, max-image-preview:large, max-video-preview:-1\" \/>\n<link rel=\"canonical\" href=\"https:\/\/mwc-cmm.org\/fr\/stories\/lequipe-sagrandit-au-service-de-leglise\/\" \/>\n<meta property=\"og:locale\" content=\"fr_FR\" \/>\n<meta property=\"og:type\" content=\"article\" \/>\n<meta property=\"og:title\" content=\"L\u2019\u00e9quipe s\u2019agrandit au service de l\u2019\u00c9glise - Mennonite World Conference\" \/>\n<meta property=\"og:description\" content=\"Un compositeur, un professionnel de la sant\u00e9 et un m\u00e9canicien automobile, tous trois responsables d\u2019\u00e9glises, ont rejoint l\u2019\u00e9quipe de la Conf\u00e9rence Mennonite Mondiale. Ces nouveaux repr\u00e9sentants r\u00e9gionaux viennent compl\u00e9ter l\u2019\u00e9quipe qui travaille pour que la Conf\u00e9rence Mennonite Mondiale et ses \u00e9glises membres restent proches afin de s\u2019encourager mutuellement \u00e0 suivre J\u00e9sus, notre esp\u00e9rance. Les repr\u00e9sentants [&hellip;]\" \/>\n<meta property=\"og:url\" content=\"https:\/\/mwc-cmm.org\/fr\/stories\/lequipe-sagrandit-au-service-de-leglise\/\" \/>\n<meta property=\"og:site_name\" content=\"Mennonite World Conference\" \/>\n<meta property=\"article:publisher\" content=\"https:\/\/www.facebook.com\/MennoniteWorldConference\" \/>\n<meta property=\"article:published_time\" content=\"2020-01-14T00:00:00+00:00\" \/>\n<meta property=\"article:modified_time\" content=\"2024-12-10T17:16:40+00:00\" \/>\n<meta property=\"og:image\" content=\"https:\/\/mwc-cmm.org\/wp-content\/uploads\/2024\/11\/48302675832_8062b3c7a0_o-scaled.jpg\" \/>\n\t<meta property=\"og:image:width\" content=\"2560\" \/>\n\t<meta property=\"og:image:height\" content=\"1707\" \/>\n\t<meta property=\"og:image:type\" content=\"image\/jpeg\" \/>\n<meta name=\"author\" content=\"mennworldcon\" \/>\n<script type=\"application\/ld+json\" class=\"yoast-schema-graph\">{\"@context\":\"https:\/\/schema.org\",\"@graph\":[{\"@type\":\"Article\",\"@id\":\"https:\/\/mwc-cmm.org\/fr\/stories\/lequipe-sagrandit-au-service-de-leglise\/#article\",\"isPartOf\":{\"@id\":\"https:\/\/mwc-cmm.org\/fr\/stories\/lequipe-sagrandit-au-service-de-leglise\/\"},\"author\":{\"name\":\"mennworldcon\",\"@id\":\"https:\/\/mwc-cmm.org\/en\/#\/schema\/person\/11f6ae0d7d1868ba20a1cc27f067c836\"},\"headline\":\"L\u2019\u00e9quipe s\u2019agrandit au service de l\u2019\u00c9glise\",\"datePublished\":\"2020-01-14T00:00:00+00:00\",\"dateModified\":\"2024-12-10T17:16:40+00:00\",\"mainEntityOfPage\":{\"@id\":\"https:\/\/mwc-cmm.org\/fr\/stories\/lequipe-sagrandit-au-service-de-leglise\/\"},\"wordCount\":596,\"publisher\":{\"@id\":\"https:\/\/mwc-cmm.org\/en\/#organization\"},\"image\":{\"@id\":\"https:\/\/mwc-cmm.org\/fr\/stories\/lequipe-sagrandit-au-service-de-leglise\/#primaryimage\"},\"thumbnailUrl\":\"https:\/\/mwc-cmm.org\/wp-content\/uploads\/2024\/11\/48302675832_8062b3c7a0_o-scaled.jpg\",\"articleSection\":[\"Non classifi\u00e9(e)\"],\"inLanguage\":\"fr-FR\"},{\"@type\":\"WebPage\",\"@id\":\"https:\/\/mwc-cmm.org\/fr\/stories\/lequipe-sagrandit-au-service-de-leglise\/\",\"url\":\"https:\/\/mwc-cmm.org\/fr\/stories\/lequipe-sagrandit-au-service-de-leglise\/\",\"name\":\"L\u2019\u00e9quipe s\u2019agrandit au service de l\u2019\u00c9glise - Mennonite World Conference\",\"isPartOf\":{\"@id\":\"https:\/\/mwc-cmm.org\/en\/#website\"},\"primaryImageOfPage\":{\"@id\":\"https:\/\/mwc-cmm.org\/fr\/stories\/lequipe-sagrandit-au-service-de-leglise\/#primaryimage\"},\"image\":{\"@id\":\"https:\/\/mwc-cmm.org\/fr\/stories\/lequipe-sagrandit-au-service-de-leglise\/#primaryimage\"},\"thumbnailUrl\":\"https:\/\/mwc-cmm.org\/wp-content\/uploads\/2024\/11\/48302675832_8062b3c7a0_o-scaled.jpg\",\"datePublished\":\"2020-01-14T00:00:00+00:00\",\"dateModified\":\"2024-12-10T17:16:40+00:00\",\"breadcrumb\":{\"@id\":\"https:\/\/mwc-cmm.org\/fr\/stories\/lequipe-sagrandit-au-service-de-leglise\/#breadcrumb\"},\"inLanguage\":\"fr-FR\",\"potentialAction\":[{\"@type\":\"ReadAction\",\"target\":[\"https:\/\/mwc-cmm.org\/fr\/stories\/lequipe-sagrandit-au-service-de-leglise\/\"]}]},{\"@type\":\"ImageObject\",\"inLanguage\":\"fr-FR\",\"@id\":\"https:\/\/mwc-cmm.org\/fr\/stories\/lequipe-sagrandit-au-service-de-leglise\/#primaryimage\",\"url\":\"https:\/\/mwc-cmm.org\/wp-content\/uploads\/2024\/11\/48302675832_8062b3c7a0_o-scaled.jpg\",\"contentUrl\":\"https:\/\/mwc-cmm.org\/wp-content\/uploads\/2024\/11\/48302675832_8062b3c7a0_o-scaled.jpg\",\"width\":2560,\"height\":1707},{\"@type\":\"BreadcrumbList\",\"@id\":\"https:\/\/mwc-cmm.org\/fr\/stories\/lequipe-sagrandit-au-service-de-leglise\/#breadcrumb\",\"itemListElement\":[{\"@type\":\"ListItem\",\"position\":1,\"name\":\"Home\",\"item\":\"https:\/\/mwc-cmm.org\/fr\/\"},{\"@type\":\"ListItem\",\"position\":2,\"name\":\"L\u2019\u00e9quipe s\u2019agrandit au service de l\u2019\u00c9glise\"}]},{\"@type\":\"WebSite\",\"@id\":\"https:\/\/mwc-cmm.org\/en\/#website\",\"url\":\"https:\/\/mwc-cmm.org\/en\/\",\"name\":\"Mennonite World Conference\",\"description\":\"A communion of Anabaptist-related churches\",\"publisher\":{\"@id\":\"https:\/\/mwc-cmm.org\/en\/#organization\"},\"alternateName\":\"MWC\",\"potentialAction\":[{\"@type\":\"SearchAction\",\"target\":{\"@type\":\"EntryPoint\",\"urlTemplate\":\"https:\/\/mwc-cmm.org\/en\/?s={search_term_string}\"},\"query-input\":{\"@type\":\"PropertyValueSpecification\",\"valueRequired\":true,\"valueName\":\"search_term_string\"}}],\"inLanguage\":\"fr-FR\"},{\"@type\":\"Organization\",\"@id\":\"https:\/\/mwc-cmm.org\/en\/#organization\",\"name\":\"Mennonite World Conference\",\"alternateName\":\"MWC\",\"url\":\"https:\/\/mwc-cmm.org\/en\/\",\"logo\":{\"@type\":\"ImageObject\",\"inLanguage\":\"fr-FR\",\"@id\":\"https:\/\/mwc-cmm.org\/en\/#\/schema\/logo\/image\/\",\"url\":\"https:\/\/mwc-cmm.org\/wp-content\/uploads\/2026\/01\/MWC_Sig_Blue_Horiz_webheader1-logo.svg\",\"contentUrl\":\"https:\/\/mwc-cmm.org\/wp-content\/uploads\/2026\/01\/MWC_Sig_Blue_Horiz_webheader1-logo.svg\",\"width\":786,\"height\":82,\"caption\":\"Mennonite World Conference\"},\"image\":{\"@id\":\"https:\/\/mwc-cmm.org\/en\/#\/schema\/logo\/image\/\"},\"sameAs\":[\"https:\/\/www.facebook.com\/MennoniteWorldConference\",\"https:\/\/www.linkedin.com\/company\/mennonite-world-conference-mwc\/\",\"https:\/\/www.instagram.com\/mwcmm\/\",\"https:\/\/www.youtube.com\/user\/mwccmm\",\"https:\/\/bsky.app\/profile\/mwcmm.bsky.social\"]},{\"@type\":\"Person\",\"@id\":\"https:\/\/mwc-cmm.org\/en\/#\/schema\/person\/11f6ae0d7d1868ba20a1cc27f067c836\",\"name\":\"mennworldcon\",\"image\":{\"@type\":\"ImageObject\",\"inLanguage\":\"fr-FR\",\"@id\":\"https:\/\/secure.gravatar.com\/avatar\/06fdc0dc81c157dfdb82ec42f252178a22307808988d22c043f9eb96f1e0fe80?s=96&d=mm&r=g\",\"url\":\"https:\/\/secure.gravatar.com\/avatar\/06fdc0dc81c157dfdb82ec42f252178a22307808988d22c043f9eb96f1e0fe80?s=96&d=mm&r=g\",\"contentUrl\":\"https:\/\/secure.gravatar.com\/avatar\/06fdc0dc81c157dfdb82ec42f252178a22307808988d22c043f9eb96f1e0fe80?s=96&d=mm&r=g\",\"caption\":\"mennworldcon\"},\"sameAs\":[\"https:\/\/mwc-cmm.org\"],\"url\":\"https:\/\/mwc-cmm.org\/fr\/stories\/author\/mennworldcon\/\"}]}<\/script>\n<!-- \/ Yoast SEO plugin. -->","yoast_head_json":{"title":"L\u2019\u00e9quipe s\u2019agrandit au service de l\u2019\u00c9glise - Mennonite World Conference","robots":{"index":"index","follow":"follow","max-snippet":"max-snippet:-1","max-image-preview":"max-image-preview:large","max-video-preview":"max-video-preview:-1"},"canonical":"https:\/\/mwc-cmm.org\/fr\/stories\/lequipe-sagrandit-au-service-de-leglise\/","og_locale":"fr_FR","og_type":"article","og_title":"L\u2019\u00e9quipe s\u2019agrandit au service de l\u2019\u00c9glise - Mennonite World Conference","og_description":"Un compositeur, un professionnel de la sant\u00e9 et un m\u00e9canicien automobile, tous trois responsables d\u2019\u00e9glises, ont rejoint l\u2019\u00e9quipe de la Conf\u00e9rence Mennonite Mondiale. Ces nouveaux repr\u00e9sentants r\u00e9gionaux viennent compl\u00e9ter l\u2019\u00e9quipe qui travaille pour que la Conf\u00e9rence Mennonite Mondiale et ses \u00e9glises membres restent proches afin de s\u2019encourager mutuellement \u00e0 suivre J\u00e9sus, notre esp\u00e9rance. Les repr\u00e9sentants [&hellip;]","og_url":"https:\/\/mwc-cmm.org\/fr\/stories\/lequipe-sagrandit-au-service-de-leglise\/","og_site_name":"Mennonite World Conference","article_publisher":"https:\/\/www.facebook.com\/MennoniteWorldConference","article_published_time":"2020-01-14T00:00:00+00:00","article_modified_time":"2024-12-10T17:16:40+00:00","og_image":[{"width":2560,"height":1707,"url":"https:\/\/mwc-cmm.org\/wp-content\/uploads\/2024\/11\/48302675832_8062b3c7a0_o-scaled.jpg","type":"image\/jpeg"}],"author":"mennworldcon","schema":{"@context":"https:\/\/schema.org","@graph":[{"@type":"Article","@id":"https:\/\/mwc-cmm.org\/fr\/stories\/lequipe-sagrandit-au-service-de-leglise\/#article","isPartOf":{"@id":"https:\/\/mwc-cmm.org\/fr\/stories\/lequipe-sagrandit-au-service-de-leglise\/"},"author":{"name":"mennworldcon","@id":"https:\/\/mwc-cmm.org\/en\/#\/schema\/person\/11f6ae0d7d1868ba20a1cc27f067c836"},"headline":"L\u2019\u00e9quipe s\u2019agrandit au service de l\u2019\u00c9glise","datePublished":"2020-01-14T00:00:00+00:00","dateModified":"2024-12-10T17:16:40+00:00","mainEntityOfPage":{"@id":"https:\/\/mwc-cmm.org\/fr\/stories\/lequipe-sagrandit-au-service-de-leglise\/"},"wordCount":596,"publisher":{"@id":"https:\/\/mwc-cmm.org\/en\/#organization"},"image":{"@id":"https:\/\/mwc-cmm.org\/fr\/stories\/lequipe-sagrandit-au-service-de-leglise\/#primaryimage"},"thumbnailUrl":"https:\/\/mwc-cmm.org\/wp-content\/uploads\/2024\/11\/48302675832_8062b3c7a0_o-scaled.jpg","articleSection":["Non classifi\u00e9(e)"],"inLanguage":"fr-FR"},{"@type":"WebPage","@id":"https:\/\/mwc-cmm.org\/fr\/stories\/lequipe-sagrandit-au-service-de-leglise\/","url":"https:\/\/mwc-cmm.org\/fr\/stories\/lequipe-sagrandit-au-service-de-leglise\/","name":"L\u2019\u00e9quipe s\u2019agrandit au service de l\u2019\u00c9glise - Mennonite World Conference","isPartOf":{"@id":"https:\/\/mwc-cmm.org\/en\/#website"},"primaryImageOfPage":{"@id":"https:\/\/mwc-cmm.org\/fr\/stories\/lequipe-sagrandit-au-service-de-leglise\/#primaryimage"},"image":{"@id":"https:\/\/mwc-cmm.org\/fr\/stories\/lequipe-sagrandit-au-service-de-leglise\/#primaryimage"},"thumbnailUrl":"https:\/\/mwc-cmm.org\/wp-content\/uploads\/2024\/11\/48302675832_8062b3c7a0_o-scaled.jpg","datePublished":"2020-01-14T00:00:00+00:00","dateModified":"2024-12-10T17:16:40+00:00","breadcrumb":{"@id":"https:\/\/mwc-cmm.org\/fr\/stories\/lequipe-sagrandit-au-service-de-leglise\/#breadcrumb"},"inLanguage":"fr-FR","potentialAction":[{"@type":"ReadAction","target":["https:\/\/mwc-cmm.org\/fr\/stories\/lequipe-sagrandit-au-service-de-leglise\/"]}]},{"@type":"ImageObject","inLanguage":"fr-FR","@id":"https:\/\/mwc-cmm.org\/fr\/stories\/lequipe-sagrandit-au-service-de-leglise\/#primaryimage","url":"https:\/\/mwc-cmm.org\/wp-content\/uploads\/2024\/11\/48302675832_8062b3c7a0_o-scaled.jpg","contentUrl":"https:\/\/mwc-cmm.org\/wp-content\/uploads\/2024\/11\/48302675832_8062b3c7a0_o-scaled.jpg","width":2560,"height":1707},{"@type":"BreadcrumbList","@id":"https:\/\/mwc-cmm.org\/fr\/stories\/lequipe-sagrandit-au-service-de-leglise\/#breadcrumb","itemListElement":[{"@type":"ListItem","position":1,"name":"Home","item":"https:\/\/mwc-cmm.org\/fr\/"},{"@type":"ListItem","position":2,"name":"L\u2019\u00e9quipe s\u2019agrandit au service de l\u2019\u00c9glise"}]},{"@type":"WebSite","@id":"https:\/\/mwc-cmm.org\/en\/#website","url":"https:\/\/mwc-cmm.org\/en\/","name":"Mennonite World Conference","description":"A communion of Anabaptist-related churches","publisher":{"@id":"https:\/\/mwc-cmm.org\/en\/#organization"},"alternateName":"MWC","potentialAction":[{"@type":"SearchAction","target":{"@type":"EntryPoint","urlTemplate":"https:\/\/mwc-cmm.org\/en\/?s={search_term_string}"},"query-input":{"@type":"PropertyValueSpecification","valueRequired":true,"valueName":"search_term_string"}}],"inLanguage":"fr-FR"},{"@type":"Organization","@id":"https:\/\/mwc-cmm.org\/en\/#organization","name":"Mennonite World Conference","alternateName":"MWC","url":"https:\/\/mwc-cmm.org\/en\/","logo":{"@type":"ImageObject","inLanguage":"fr-FR","@id":"https:\/\/mwc-cmm.org\/en\/#\/schema\/logo\/image\/","url":"https:\/\/mwc-cmm.org\/wp-content\/uploads\/2026\/01\/MWC_Sig_Blue_Horiz_webheader1-logo.svg","contentUrl":"https:\/\/mwc-cmm.org\/wp-content\/uploads\/2026\/01\/MWC_Sig_Blue_Horiz_webheader1-logo.svg","width":786,"height":82,"caption":"Mennonite World Conference"},"image":{"@id":"https:\/\/mwc-cmm.org\/en\/#\/schema\/logo\/image\/"},"sameAs":["https:\/\/www.facebook.com\/MennoniteWorldConference","https:\/\/www.linkedin.com\/company\/mennonite-world-conference-mwc\/","https:\/\/www.instagram.com\/mwcmm\/","https:\/\/www.youtube.com\/user\/mwccmm","https:\/\/bsky.app\/profile\/mwcmm.bsky.social"]},{"@type":"Person","@id":"https:\/\/mwc-cmm.org\/en\/#\/schema\/person\/11f6ae0d7d1868ba20a1cc27f067c836","name":"mennworldcon","image":{"@type":"ImageObject","inLanguage":"fr-FR","@id":"https:\/\/secure.gravatar.com\/avatar\/06fdc0dc81c157dfdb82ec42f252178a22307808988d22c043f9eb96f1e0fe80?s=96&d=mm&r=g","url":"https:\/\/secure.gravatar.com\/avatar\/06fdc0dc81c157dfdb82ec42f252178a22307808988d22c043f9eb96f1e0fe80?s=96&d=mm&r=g","contentUrl":"https:\/\/secure.gravatar.com\/avatar\/06fdc0dc81c157dfdb82ec42f252178a22307808988d22c043f9eb96f1e0fe80?s=96&d=mm&r=g","caption":"mennworldcon"},"sameAs":["https:\/\/mwc-cmm.org"],"url":"https:\/\/mwc-cmm.org\/fr\/stories\/author\/mennworldcon\/"}]}},"_links":{"self":[{"href":"https:\/\/mwc-cmm.org\/fr\/wp-json\/wp\/v2\/posts\/10122","targetHints":{"allow":["GET"]}}],"collection":[{"href":"https:\/\/mwc-cmm.org\/fr\/wp-json\/wp\/v2\/posts"}],"about":[{"href":"https:\/\/mwc-cmm.org\/fr\/wp-json\/wp\/v2\/types\/post"}],"author":[{"embeddable":true,"href":"https:\/\/mwc-cmm.org\/fr\/wp-json\/wp\/v2\/users\/1"}],"replies":[{"embeddable":true,"href":"https:\/\/mwc-cmm.org\/fr\/wp-json\/wp\/v2\/comments?post=10122"}],"version-history":[{"count":0,"href":"https:\/\/mwc-cmm.org\/fr\/wp-json\/wp\/v2\/posts\/10122\/revisions"}],"wp:featuredmedia":[{"embeddable":true,"href":"https:\/\/mwc-cmm.org\/fr\/wp-json\/wp\/v2\/media\/92039"}],"wp:attachment":[{"href":"https:\/\/mwc-cmm.org\/fr\/wp-json\/wp\/v2\/media?parent=10122"}],"wp:term":[{"taxonomy":"category","embeddable":true,"href":"https:\/\/mwc-cmm.org\/fr\/wp-json\/wp\/v2\/categories?post=10122"},{"taxonomy":"post_tag","embeddable":true,"href":"https:\/\/mwc-cmm.org\/fr\/wp-json\/wp\/v2\/tags?post=10122"},{"taxonomy":"network","embeddable":true,"href":"https:\/\/mwc-cmm.org\/fr\/wp-json\/wp\/v2\/network?post=10122"},{"taxonomy":"eventcategory","embeddable":true,"href":"https:\/\/mwc-cmm.org\/fr\/wp-json\/wp\/v2\/eventcategory?post=10122"}],"curies":[{"name":"wp","href":"https:\/\/api.w.org\/{rel}","templated":true}]}}