{"id":10114,"date":"2020-01-27T00:00:00","date_gmt":"2020-01-27T00:00:00","guid":{"rendered":"https:\/\/mwc-cmm.org\/following-jesus-into-assembly-4\/"},"modified":"2024-12-10T17:16:35","modified_gmt":"2024-12-10T17:16:35","slug":"following-jesus-into-assembly-4","status":"publish","type":"post","link":"https:\/\/mwc-cmm.org\/fr\/stories\/following-jesus-into-assembly-4\/","title":{"rendered":"Suivre J\u00e9sus \u00e0 l\u2019Assembl\u00e9e r\u00e9unie"},"content":{"rendered":"<p>Pour pouvoir traverser les fronti\u00e8res \u00e0 l\u2019assembl\u00e9e r\u00e9unie de 2021 en Indon\u00e9sie, il faut d\u2019abord constituer un comit\u00e9 de supervision du programme de l\u2019assembl\u00e9e. Les b\u00e9n\u00e9voles choisis pour organiser les activit\u00e9s et le programme de l\u2019Assembl\u00e9e r\u00e9unie, le temps fort de la Conf\u00e9rence Mennonite Mondiale, proviennent des cinq continents et sont \u00e2g\u00e9s de 20 \u00e0 60 ans.<\/p>\n<p>Ce comit\u00e9 de 6 personnes s\u2019est r\u00e9uni en Indon\u00e9sie du 1er au 5 novembre 2019 pour concevoir les th\u00e8mes de chaque journ\u00e9e et commencer la pr\u00e9paration de programme qui r\u00e9jouira tous les participants \u00e0 l\u2019Assembl\u00e9e r\u00e9unie \u00e0 Semarang, Indon\u00e9sie, du 6 au 11 juillet 2021.<\/p>\n<p>\u00ab \u00c7a a \u00e9t\u00e9 une exp\u00e9rience incroyable de voir que malgr\u00e9 les foss\u00e9s g\u00e9ographiques, notre \u00e9quipe a pu travailler d\u2019un seul c\u0153ur et suivre J\u00e9sus \u00e0 travers les fronti\u00e8res nationales, \u00bb t\u00e9moigne Natalie Frisk.<\/p>\n<p>Les fronti\u00e8res de l\u2019\u00e2ge sont aussi un sujet de pr\u00e9occupation.<\/p>\n<p>Les jeunes peuvent se sentirent exclus des prises de d\u00e9cisions, de diff\u00e9rentes responsabilit\u00e9s ou tout simplement sentir qu\u2019ils ne font pas partie int\u00e9grante de l\u2019\u00c9glise, selon Jardely Mart\u00ednez. \u00ab C\u2019est \u00e0 la fois un d\u00e9fi et un sujet d\u2019esp\u00e9rance que les jeunes puissent prendre part au type d\u2019\u00e9glise qh\u2019ils imaginent, qu\u2019ils puissent d\u00e9couvrir leurs dons au sein de la communaut\u00e9 et qu\u2019ils puissent avoir un moyen d\u2019\u00e9changer et d\u2019apprendre des autres Jeunes Anabaptistes (YABs) de la plan\u00e8te. \u00bb<\/p>\n<h3>Th\u00e8mes<\/h3>\n<p>Le comit\u00e9 de supervision a choisi un th\u00e8me pour chaque journ\u00e9e de l\u2019Assembl\u00e9e :<\/p>\n<p style=\"margin-left: 40px;\">Mardi, culte d\u2019inauguration : Suivre J\u00e9sus ensemble \u00e0 travers les fronti\u00e8res<br \/>Mercredi : Suivre J\u00e9sus \u2013 apprendre ensemble<br \/>Jeudi : Suivre J\u00e9sus \u2013 vivre ensemble<br \/>Vendredi : Suivre J\u00e9sus \u2013 aimer ensemble<br \/>Samedi : Suivre J\u00e9sus \u2013 f\u00eater ensemble<br \/>Dimanche : Suivre J\u00e9sus ensemble<\/p>\n<p>\u00ab Ces th\u00e8mes touchent au discipula, \u00e0 la paix, \u00e0 la r\u00e9conciliation et permettent l\u2019\u00e9coute, l\u2019apprentissage et l\u2019empathie, \u00bb explique Benjamin Bergey.<\/p>\n<p>Tous les jours une personne d\u2019un des cinq continents (Am\u00e9rique du nord, Am\u00e9rique latine, Europe, Asie et Afrique) apportera un message. Le dimanche sera une journ\u00e9e internationale et la manifestation Renouveau 2027 aura lieu ce jour-l\u00e0.<\/p>\n<p>Chaque journ\u00e9e commencera par un temps de louange, suivi de deux pr\u00e9dications (l\u2019une apport\u00e9e par un(e) jeune). Puis les participants se retrouveront en petits groupes.<br \/>Les jeunes et les ados pourront participer \u00e0 leurs propres activit\u00e9s de groupe et \u00e0 un culte du soir sp\u00e9cial suivi d\u2019activit\u00e9s de fin de soir\u00e9e facultatives.<\/p>\n<p>Le programme des enfants commencera apr\u00e8s la louange du matin et terminera avant le diner.<\/p>\n<p>Les inscriptions seront ouvertes en d\u00e9cembre 2020.<\/p>\n<p>\u00ab \u00ca l\u2019Assembl\u00e9e, nous serons de plusieurs cultures diff\u00e9rentes, de partout dans le monde, \u00bb raconte Estifanos Gedlu. \u00ab C\u2019est \u00e9mouvant de voir comme il est beau de suivre J\u00e9sus qui a an\u00e9anti les fronti\u00e8res et les murs s\u00e9parateurs. \u00bb<\/p>\n<h3>Membres du comit\u00e9 de supervision du programme de l\u2019Assembl\u00e9e<\/h3>\n<ul>\n<li>Benjamin Bergey (USA) \u2013 musique<\/li>\n<li>Frieder Boller (Allemagne) \u2013 cultes en commun<\/li>\n<li>Natalie Frisk (Canada) \u2013 enfants<\/li>\n<li>Estifanos Gedlu (\u00c9thiopie) \u2013 ateliers<\/li>\n<li>Jardely Mart\u00ednez (Colombie) \u2013 jeunes et adolescents<\/li>\n<li>Jessica Mondal Lakra (Inde) \u2013 Village de l\u2019\u00c9glise Mondiale<\/li>\n<\/ul>\n<p><em>\u2014Communiqu\u00e9 de la Conf\u00e9rence Mennonite Mondiale<\/em><\/p>\n<p><a href=\"http:\/\/mwc-cmm.org\/article\/indonesia-2021\">Cliquez ici pour plus d\u2019information sur l\u2019Assembl\u00e9e<\/a><\/p>\n","protected":false},"excerpt":{"rendered":"<p>NULL<\/p>\n","protected":false},"author":1,"featured_media":91566,"comment_status":"closed","ping_status":"closed","sticky":false,"template":"","format":"standard","meta":{"_acf_changed":false,"footnotes":""},"categories":[7],"tags":[],"network":[],"eventcategory":[1494],"class_list":["post-10114","post","type-post","status-publish","format-standard","has-post-thumbnail","hentry","category-non-classifiee","eventcategory-assembly-fr"],"acf":[],"yoast_head":"<!-- This site is optimized with the Yoast SEO plugin v27.5 - https:\/\/yoast.com\/product\/yoast-seo-wordpress\/ -->\n<title>Suivre J\u00e9sus \u00e0 l\u2019Assembl\u00e9e r\u00e9unie - Mennonite World Conference<\/title>\n<meta name=\"robots\" content=\"index, follow, max-snippet:-1, max-image-preview:large, max-video-preview:-1\" \/>\n<link rel=\"canonical\" href=\"https:\/\/mwc-cmm.org\/fr\/stories\/following-jesus-into-assembly-4\/\" \/>\n<meta property=\"og:locale\" content=\"fr_FR\" \/>\n<meta property=\"og:type\" content=\"article\" \/>\n<meta property=\"og:title\" content=\"Suivre J\u00e9sus \u00e0 l\u2019Assembl\u00e9e r\u00e9unie - Mennonite World Conference\" \/>\n<meta property=\"og:description\" content=\"NULL\" \/>\n<meta property=\"og:url\" content=\"https:\/\/mwc-cmm.org\/fr\/stories\/following-jesus-into-assembly-4\/\" \/>\n<meta property=\"og:site_name\" content=\"Mennonite World Conference\" \/>\n<meta property=\"article:publisher\" content=\"https:\/\/www.facebook.com\/MennoniteWorldConference\" \/>\n<meta property=\"article:published_time\" content=\"2020-01-27T00:00:00+00:00\" \/>\n<meta property=\"article:modified_time\" content=\"2024-12-10T17:16:35+00:00\" \/>\n<meta property=\"og:image\" content=\"https:\/\/mwc-cmm.org\/wp-content\/uploads\/2024\/11\/img_3142-web.png\" \/>\n\t<meta property=\"og:image:width\" content=\"600\" \/>\n\t<meta property=\"og:image:height\" content=\"400\" \/>\n\t<meta property=\"og:image:type\" content=\"image\/png\" \/>\n<meta name=\"author\" content=\"mennworldcon\" \/>\n<script type=\"application\/ld+json\" class=\"yoast-schema-graph\">{\"@context\":\"https:\\\/\\\/schema.org\",\"@graph\":[{\"@type\":\"Article\",\"@id\":\"https:\\\/\\\/mwc-cmm.org\\\/fr\\\/stories\\\/following-jesus-into-assembly-4\\\/#article\",\"isPartOf\":{\"@id\":\"https:\\\/\\\/mwc-cmm.org\\\/fr\\\/stories\\\/following-jesus-into-assembly-4\\\/\"},\"author\":{\"name\":\"mennworldcon\",\"@id\":\"https:\\\/\\\/mwc-cmm.org\\\/en\\\/#\\\/schema\\\/person\\\/11f6ae0d7d1868ba20a1cc27f067c836\"},\"headline\":\"Suivre J\u00e9sus \u00e0 l\u2019Assembl\u00e9e r\u00e9unie\",\"datePublished\":\"2020-01-27T00:00:00+00:00\",\"dateModified\":\"2024-12-10T17:16:35+00:00\",\"mainEntityOfPage\":{\"@id\":\"https:\\\/\\\/mwc-cmm.org\\\/fr\\\/stories\\\/following-jesus-into-assembly-4\\\/\"},\"wordCount\":576,\"publisher\":{\"@id\":\"https:\\\/\\\/mwc-cmm.org\\\/en\\\/#organization\"},\"image\":{\"@id\":\"https:\\\/\\\/mwc-cmm.org\\\/fr\\\/stories\\\/following-jesus-into-assembly-4\\\/#primaryimage\"},\"thumbnailUrl\":\"https:\\\/\\\/mwc-cmm.org\\\/wp-content\\\/uploads\\\/2024\\\/11\\\/img_3142-web.png\",\"articleSection\":[\"Non classifi\u00e9(e)\"],\"inLanguage\":\"fr-FR\"},{\"@type\":\"WebPage\",\"@id\":\"https:\\\/\\\/mwc-cmm.org\\\/fr\\\/stories\\\/following-jesus-into-assembly-4\\\/\",\"url\":\"https:\\\/\\\/mwc-cmm.org\\\/fr\\\/stories\\\/following-jesus-into-assembly-4\\\/\",\"name\":\"Suivre J\u00e9sus \u00e0 l\u2019Assembl\u00e9e r\u00e9unie - Mennonite World Conference\",\"isPartOf\":{\"@id\":\"https:\\\/\\\/mwc-cmm.org\\\/en\\\/#website\"},\"primaryImageOfPage\":{\"@id\":\"https:\\\/\\\/mwc-cmm.org\\\/fr\\\/stories\\\/following-jesus-into-assembly-4\\\/#primaryimage\"},\"image\":{\"@id\":\"https:\\\/\\\/mwc-cmm.org\\\/fr\\\/stories\\\/following-jesus-into-assembly-4\\\/#primaryimage\"},\"thumbnailUrl\":\"https:\\\/\\\/mwc-cmm.org\\\/wp-content\\\/uploads\\\/2024\\\/11\\\/img_3142-web.png\",\"datePublished\":\"2020-01-27T00:00:00+00:00\",\"dateModified\":\"2024-12-10T17:16:35+00:00\",\"breadcrumb\":{\"@id\":\"https:\\\/\\\/mwc-cmm.org\\\/fr\\\/stories\\\/following-jesus-into-assembly-4\\\/#breadcrumb\"},\"inLanguage\":\"fr-FR\",\"potentialAction\":[{\"@type\":\"ReadAction\",\"target\":[\"https:\\\/\\\/mwc-cmm.org\\\/fr\\\/stories\\\/following-jesus-into-assembly-4\\\/\"]}]},{\"@type\":\"ImageObject\",\"inLanguage\":\"fr-FR\",\"@id\":\"https:\\\/\\\/mwc-cmm.org\\\/fr\\\/stories\\\/following-jesus-into-assembly-4\\\/#primaryimage\",\"url\":\"https:\\\/\\\/mwc-cmm.org\\\/wp-content\\\/uploads\\\/2024\\\/11\\\/img_3142-web.png\",\"contentUrl\":\"https:\\\/\\\/mwc-cmm.org\\\/wp-content\\\/uploads\\\/2024\\\/11\\\/img_3142-web.png\",\"width\":600,\"height\":400},{\"@type\":\"BreadcrumbList\",\"@id\":\"https:\\\/\\\/mwc-cmm.org\\\/fr\\\/stories\\\/following-jesus-into-assembly-4\\\/#breadcrumb\",\"itemListElement\":[{\"@type\":\"ListItem\",\"position\":1,\"name\":\"Home\",\"item\":\"https:\\\/\\\/mwc-cmm.org\\\/fr\\\/\"},{\"@type\":\"ListItem\",\"position\":2,\"name\":\"Suivre J\u00e9sus \u00e0 l\u2019Assembl\u00e9e r\u00e9unie\"}]},{\"@type\":\"WebSite\",\"@id\":\"https:\\\/\\\/mwc-cmm.org\\\/en\\\/#website\",\"url\":\"https:\\\/\\\/mwc-cmm.org\\\/en\\\/\",\"name\":\"Mennonite World Conference\",\"description\":\"A communion of Anabaptist-related churches\",\"publisher\":{\"@id\":\"https:\\\/\\\/mwc-cmm.org\\\/en\\\/#organization\"},\"alternateName\":\"MWC\",\"potentialAction\":[{\"@type\":\"SearchAction\",\"target\":{\"@type\":\"EntryPoint\",\"urlTemplate\":\"https:\\\/\\\/mwc-cmm.org\\\/en\\\/?s={search_term_string}\"},\"query-input\":{\"@type\":\"PropertyValueSpecification\",\"valueRequired\":true,\"valueName\":\"search_term_string\"}}],\"inLanguage\":\"fr-FR\"},{\"@type\":\"Organization\",\"@id\":\"https:\\\/\\\/mwc-cmm.org\\\/en\\\/#organization\",\"name\":\"Mennonite World Conference\",\"alternateName\":\"MWC\",\"url\":\"https:\\\/\\\/mwc-cmm.org\\\/en\\\/\",\"logo\":{\"@type\":\"ImageObject\",\"inLanguage\":\"fr-FR\",\"@id\":\"https:\\\/\\\/mwc-cmm.org\\\/en\\\/#\\\/schema\\\/logo\\\/image\\\/\",\"url\":\"https:\\\/\\\/mwc-cmm.org\\\/wp-content\\\/uploads\\\/2026\\\/01\\\/MWC_Sig_Blue_Horiz_webheader1-logo.svg\",\"contentUrl\":\"https:\\\/\\\/mwc-cmm.org\\\/wp-content\\\/uploads\\\/2026\\\/01\\\/MWC_Sig_Blue_Horiz_webheader1-logo.svg\",\"width\":786,\"height\":82,\"caption\":\"Mennonite World Conference\"},\"image\":{\"@id\":\"https:\\\/\\\/mwc-cmm.org\\\/en\\\/#\\\/schema\\\/logo\\\/image\\\/\"},\"sameAs\":[\"https:\\\/\\\/www.facebook.com\\\/MennoniteWorldConference\",\"https:\\\/\\\/www.linkedin.com\\\/company\\\/mennonite-world-conference-mwc\\\/\",\"https:\\\/\\\/www.instagram.com\\\/mwcmm\\\/\",\"https:\\\/\\\/www.youtube.com\\\/user\\\/mwccmm\",\"https:\\\/\\\/bsky.app\\\/profile\\\/mwcmm.bsky.social\"]},{\"@type\":\"Person\",\"@id\":\"https:\\\/\\\/mwc-cmm.org\\\/en\\\/#\\\/schema\\\/person\\\/11f6ae0d7d1868ba20a1cc27f067c836\",\"name\":\"mennworldcon\",\"image\":{\"@type\":\"ImageObject\",\"inLanguage\":\"fr-FR\",\"@id\":\"https:\\\/\\\/secure.gravatar.com\\\/avatar\\\/06fdc0dc81c157dfdb82ec42f252178a22307808988d22c043f9eb96f1e0fe80?s=96&d=mm&r=g\",\"url\":\"https:\\\/\\\/secure.gravatar.com\\\/avatar\\\/06fdc0dc81c157dfdb82ec42f252178a22307808988d22c043f9eb96f1e0fe80?s=96&d=mm&r=g\",\"contentUrl\":\"https:\\\/\\\/secure.gravatar.com\\\/avatar\\\/06fdc0dc81c157dfdb82ec42f252178a22307808988d22c043f9eb96f1e0fe80?s=96&d=mm&r=g\",\"caption\":\"mennworldcon\"},\"sameAs\":[\"https:\\\/\\\/mwc-cmm.org\"],\"url\":\"https:\\\/\\\/mwc-cmm.org\\\/fr\\\/stories\\\/author\\\/mennworldcon\\\/\"}]}<\/script>\n<!-- \/ Yoast SEO plugin. -->","yoast_head_json":{"title":"Suivre J\u00e9sus \u00e0 l\u2019Assembl\u00e9e r\u00e9unie - Mennonite World Conference","robots":{"index":"index","follow":"follow","max-snippet":"max-snippet:-1","max-image-preview":"max-image-preview:large","max-video-preview":"max-video-preview:-1"},"canonical":"https:\/\/mwc-cmm.org\/fr\/stories\/following-jesus-into-assembly-4\/","og_locale":"fr_FR","og_type":"article","og_title":"Suivre J\u00e9sus \u00e0 l\u2019Assembl\u00e9e r\u00e9unie - Mennonite World Conference","og_description":"NULL","og_url":"https:\/\/mwc-cmm.org\/fr\/stories\/following-jesus-into-assembly-4\/","og_site_name":"Mennonite World Conference","article_publisher":"https:\/\/www.facebook.com\/MennoniteWorldConference","article_published_time":"2020-01-27T00:00:00+00:00","article_modified_time":"2024-12-10T17:16:35+00:00","og_image":[{"width":600,"height":400,"url":"https:\/\/mwc-cmm.org\/wp-content\/uploads\/2024\/11\/img_3142-web.png","type":"image\/png"}],"author":"mennworldcon","schema":{"@context":"https:\/\/schema.org","@graph":[{"@type":"Article","@id":"https:\/\/mwc-cmm.org\/fr\/stories\/following-jesus-into-assembly-4\/#article","isPartOf":{"@id":"https:\/\/mwc-cmm.org\/fr\/stories\/following-jesus-into-assembly-4\/"},"author":{"name":"mennworldcon","@id":"https:\/\/mwc-cmm.org\/en\/#\/schema\/person\/11f6ae0d7d1868ba20a1cc27f067c836"},"headline":"Suivre J\u00e9sus \u00e0 l\u2019Assembl\u00e9e r\u00e9unie","datePublished":"2020-01-27T00:00:00+00:00","dateModified":"2024-12-10T17:16:35+00:00","mainEntityOfPage":{"@id":"https:\/\/mwc-cmm.org\/fr\/stories\/following-jesus-into-assembly-4\/"},"wordCount":576,"publisher":{"@id":"https:\/\/mwc-cmm.org\/en\/#organization"},"image":{"@id":"https:\/\/mwc-cmm.org\/fr\/stories\/following-jesus-into-assembly-4\/#primaryimage"},"thumbnailUrl":"https:\/\/mwc-cmm.org\/wp-content\/uploads\/2024\/11\/img_3142-web.png","articleSection":["Non classifi\u00e9(e)"],"inLanguage":"fr-FR"},{"@type":"WebPage","@id":"https:\/\/mwc-cmm.org\/fr\/stories\/following-jesus-into-assembly-4\/","url":"https:\/\/mwc-cmm.org\/fr\/stories\/following-jesus-into-assembly-4\/","name":"Suivre J\u00e9sus \u00e0 l\u2019Assembl\u00e9e r\u00e9unie - Mennonite World Conference","isPartOf":{"@id":"https:\/\/mwc-cmm.org\/en\/#website"},"primaryImageOfPage":{"@id":"https:\/\/mwc-cmm.org\/fr\/stories\/following-jesus-into-assembly-4\/#primaryimage"},"image":{"@id":"https:\/\/mwc-cmm.org\/fr\/stories\/following-jesus-into-assembly-4\/#primaryimage"},"thumbnailUrl":"https:\/\/mwc-cmm.org\/wp-content\/uploads\/2024\/11\/img_3142-web.png","datePublished":"2020-01-27T00:00:00+00:00","dateModified":"2024-12-10T17:16:35+00:00","breadcrumb":{"@id":"https:\/\/mwc-cmm.org\/fr\/stories\/following-jesus-into-assembly-4\/#breadcrumb"},"inLanguage":"fr-FR","potentialAction":[{"@type":"ReadAction","target":["https:\/\/mwc-cmm.org\/fr\/stories\/following-jesus-into-assembly-4\/"]}]},{"@type":"ImageObject","inLanguage":"fr-FR","@id":"https:\/\/mwc-cmm.org\/fr\/stories\/following-jesus-into-assembly-4\/#primaryimage","url":"https:\/\/mwc-cmm.org\/wp-content\/uploads\/2024\/11\/img_3142-web.png","contentUrl":"https:\/\/mwc-cmm.org\/wp-content\/uploads\/2024\/11\/img_3142-web.png","width":600,"height":400},{"@type":"BreadcrumbList","@id":"https:\/\/mwc-cmm.org\/fr\/stories\/following-jesus-into-assembly-4\/#breadcrumb","itemListElement":[{"@type":"ListItem","position":1,"name":"Home","item":"https:\/\/mwc-cmm.org\/fr\/"},{"@type":"ListItem","position":2,"name":"Suivre J\u00e9sus \u00e0 l\u2019Assembl\u00e9e r\u00e9unie"}]},{"@type":"WebSite","@id":"https:\/\/mwc-cmm.org\/en\/#website","url":"https:\/\/mwc-cmm.org\/en\/","name":"Mennonite World Conference","description":"A communion of Anabaptist-related churches","publisher":{"@id":"https:\/\/mwc-cmm.org\/en\/#organization"},"alternateName":"MWC","potentialAction":[{"@type":"SearchAction","target":{"@type":"EntryPoint","urlTemplate":"https:\/\/mwc-cmm.org\/en\/?s={search_term_string}"},"query-input":{"@type":"PropertyValueSpecification","valueRequired":true,"valueName":"search_term_string"}}],"inLanguage":"fr-FR"},{"@type":"Organization","@id":"https:\/\/mwc-cmm.org\/en\/#organization","name":"Mennonite World Conference","alternateName":"MWC","url":"https:\/\/mwc-cmm.org\/en\/","logo":{"@type":"ImageObject","inLanguage":"fr-FR","@id":"https:\/\/mwc-cmm.org\/en\/#\/schema\/logo\/image\/","url":"https:\/\/mwc-cmm.org\/wp-content\/uploads\/2026\/01\/MWC_Sig_Blue_Horiz_webheader1-logo.svg","contentUrl":"https:\/\/mwc-cmm.org\/wp-content\/uploads\/2026\/01\/MWC_Sig_Blue_Horiz_webheader1-logo.svg","width":786,"height":82,"caption":"Mennonite World Conference"},"image":{"@id":"https:\/\/mwc-cmm.org\/en\/#\/schema\/logo\/image\/"},"sameAs":["https:\/\/www.facebook.com\/MennoniteWorldConference","https:\/\/www.linkedin.com\/company\/mennonite-world-conference-mwc\/","https:\/\/www.instagram.com\/mwcmm\/","https:\/\/www.youtube.com\/user\/mwccmm","https:\/\/bsky.app\/profile\/mwcmm.bsky.social"]},{"@type":"Person","@id":"https:\/\/mwc-cmm.org\/en\/#\/schema\/person\/11f6ae0d7d1868ba20a1cc27f067c836","name":"mennworldcon","image":{"@type":"ImageObject","inLanguage":"fr-FR","@id":"https:\/\/secure.gravatar.com\/avatar\/06fdc0dc81c157dfdb82ec42f252178a22307808988d22c043f9eb96f1e0fe80?s=96&d=mm&r=g","url":"https:\/\/secure.gravatar.com\/avatar\/06fdc0dc81c157dfdb82ec42f252178a22307808988d22c043f9eb96f1e0fe80?s=96&d=mm&r=g","contentUrl":"https:\/\/secure.gravatar.com\/avatar\/06fdc0dc81c157dfdb82ec42f252178a22307808988d22c043f9eb96f1e0fe80?s=96&d=mm&r=g","caption":"mennworldcon"},"sameAs":["https:\/\/mwc-cmm.org"],"url":"https:\/\/mwc-cmm.org\/fr\/stories\/author\/mennworldcon\/"}]}},"_links":{"self":[{"href":"https:\/\/mwc-cmm.org\/fr\/wp-json\/wp\/v2\/posts\/10114","targetHints":{"allow":["GET"]}}],"collection":[{"href":"https:\/\/mwc-cmm.org\/fr\/wp-json\/wp\/v2\/posts"}],"about":[{"href":"https:\/\/mwc-cmm.org\/fr\/wp-json\/wp\/v2\/types\/post"}],"author":[{"embeddable":true,"href":"https:\/\/mwc-cmm.org\/fr\/wp-json\/wp\/v2\/users\/1"}],"replies":[{"embeddable":true,"href":"https:\/\/mwc-cmm.org\/fr\/wp-json\/wp\/v2\/comments?post=10114"}],"version-history":[{"count":0,"href":"https:\/\/mwc-cmm.org\/fr\/wp-json\/wp\/v2\/posts\/10114\/revisions"}],"wp:featuredmedia":[{"embeddable":true,"href":"https:\/\/mwc-cmm.org\/fr\/wp-json\/wp\/v2\/media\/91566"}],"wp:attachment":[{"href":"https:\/\/mwc-cmm.org\/fr\/wp-json\/wp\/v2\/media?parent=10114"}],"wp:term":[{"taxonomy":"category","embeddable":true,"href":"https:\/\/mwc-cmm.org\/fr\/wp-json\/wp\/v2\/categories?post=10114"},{"taxonomy":"post_tag","embeddable":true,"href":"https:\/\/mwc-cmm.org\/fr\/wp-json\/wp\/v2\/tags?post=10114"},{"taxonomy":"network","embeddable":true,"href":"https:\/\/mwc-cmm.org\/fr\/wp-json\/wp\/v2\/network?post=10114"},{"taxonomy":"eventcategory","embeddable":true,"href":"https:\/\/mwc-cmm.org\/fr\/wp-json\/wp\/v2\/eventcategory?post=10114"}],"curies":[{"name":"wp","href":"https:\/\/api.w.org\/{rel}","templated":true}]}}