{"id":10111,"date":"2019-12-07T00:00:00","date_gmt":"2019-12-07T00:00:00","guid":{"rendered":"https:\/\/mwc-cmm.org\/a-requirement-to-love-and-be-obedient-4\/"},"modified":"2024-12-10T17:16:34","modified_gmt":"2024-12-10T17:16:34","slug":"a-requirement-to-love-and-be-obedient-4","status":"publish","type":"post","link":"https:\/\/mwc-cmm.org\/fr\/stories\/a-requirement-to-love-and-be-obedient-4\/","title":{"rendered":"Aimer et ob\u00e9ir : une exigence biblique"},"content":{"rendered":"<p>Ceux d\u2019entre nous qui ont vu la migration de pr\u00e8s savent que c\u2019est un probl\u00e8me qui concerne le peuple de Dieu.<\/p>\n<p>Ceux qui \u00e9migrent \u2013 laissant derri\u00e8re eux leur s\u00e9curit\u00e9 et leur confort \u2013 s\u2019exposent \u00e0 de nombreuses difficult\u00e9s et \u00e0 un avenir incertain. Certains migrent volontairement, mais l\u2019histoire r\u00e9cente r\u00e9v\u00e8le que la migration actuelle est g\u00e9n\u00e9ralement forc\u00e9e. Les circonstances obligent les gens \u00e0 prendre la d\u00e9cision de partir avec l\u2019espoir que l\u2019avenir sera meilleur pour eux et leur famille. Pour les femmes qui d\u00e9cident de se lancer dans le voyage avec leurs enfants mineurs afin de les prot\u00e9ger d\u2019une situation sans issue, les difficult\u00e9s sont encore plus grandes. Elles sont multipli\u00e9es selon le nombre d\u2019enfants qu\u2019elles emm\u00e8nent.<\/p>\n<p>Ce qui est triste, c\u2019est que de l\u2019autre c\u00f4t\u00e9 du mur, de la barri\u00e8re, de la fronti\u00e8re (quel que soit le mot) il n\u2019y a ni promesse ou solution.<\/p>\n<p>En fait, certains le savent d\u00e9j\u00e0 avant de partir, et leur attitude suscite une r\u00e9ponse n\u00e9gative et les portes se ferment devant eux.<\/p>\n<p><strong>Le contexte<\/strong><\/p>\n<p>Selon une enqu\u00eate r\u00e9alis\u00e9e par la Commission d\u2019Action sociale mennonite (CASM) *, 250 \u00e0 300 personnes en moyenne \u00e9migrent quotidiennement du Honduras. La plupart d\u2019entre eux partent \u00e0 cause de la violence, du manque d\u2019opportunit\u00e9s et pour rejoindre leur famille. Parmi ces groupes, il y a des jeunes qui partent avec un \u2018code vert \/ liste noire\u2019, ce qui signifie qu\u2019ils sont destin\u00e9s \u00e0 mourir. Des articles de presse dans les m\u00e9dias montrent que si leur tentative de migration \u00e9choue, ces jeunes risquent la mort \u00e0 leur retour.<\/p>\n<p>Un de ces jeunes, d\u00e9tenu et attendant son renvoi dans son pays, a d\u00e9clar\u00e9 dans une interview : \u00ab Je sais que je suis sur une liste noire. Je suis ici avec ma m\u00e8re et mes fr\u00e8res et s\u0153urs. J\u2019ai tu\u00e9 un membre d\u2019un gang parce qu\u2019il abusait de ma m\u00e8re et de mes deux s\u0153urs. C\u2019est pourquoi ma vie est menac\u00e9e et que nous sommes venus. Peu importe qu\u2019ils me tuent ; ce qui compte, c\u2019est que ma famille soit en s\u00e9curit\u00e9. \u00bb<\/p>\n<p>Une autre r\u00e9alit\u00e9 est le drame que doivent vivre les personnes d\u00e9port\u00e9es.<\/p>\n<p>On ne leur donne m\u00eame pas le droit de changer de v\u00eatements pour rentrer. Lorsqu\u2019ils sont emprisonn\u00e9s, les v\u00eatements sales qu\u2019ils portaient sont saisis et remplac\u00e9s par un uniforme de prison, comme si l\u2019immigration \u00e9tait un crime et non un droit humain fondamental. Lorsqu\u2019ils sont expuls\u00e9s apr\u00e8s deux ou trois mois, leurs v\u00eatements sales leur sont rendus. Ils n\u2019ont que cela \u00e0 se mettre car l\u2019expulsion est imm\u00e9diate.<\/p>\n<p>Les femmes et les enfants arrivent en pleurant. Les m\u00e8res qui ont accouch\u00e9 seulement vingt jours auparavant font un voyage de 14 heures \u00e0 partir du Mexique.<\/p>\n<p><strong>Les \u00c9critures<\/strong><\/p>\n<p>C\u2019est la r\u00e9alit\u00e9 \u00e0 laquelle nous sommes confront\u00e9s et sur laquelle vous et moi pouvons et devons agir.<\/p>\n<p>La question est : Que voulons-nous faire ? Eh bien\u2026 chacun de nous choisit la mani\u00e8re de r\u00e9agir aux situations de la vie en fonction de son r\u00f4le, qu\u2019il ou elle soit responsable d\u2019\u00e9glise ou de communaut\u00e9, dirigeant politique, chef de famille, pasteur, ami ou citoyen.<\/p>\n<p>Pour les enfants de Dieu, il y a une exigence d\u2019amour et d\u2019ob\u00e9issance.<\/p>\n<p>\u00ab <em>Lorsqu\u2019un \u00e9tranger habite avec vous dans votre pays, vous ne l\u2019opprimerez pas <\/em>\u00bb (L\u00e9vitique 19\/33).<\/p>\n<p>Mais je ne les ai pas opprim\u00e9s. Tout ce que j\u2019ai fait a \u00e9t\u00e9 de fermer ma porte. C\u2019est mon droit. Je me prot\u00e8ge, car ils peuvent m\u2019attaquer.<\/p>\n<p>Je ne sais pas ce qui pourrait \u00eatre une excuse valable et socialement acceptable, m\u00eame dans le contexte de l\u2019\u00e9glise.<\/p>\n<p>La r\u00e9alit\u00e9 est qu\u2019en tant que chr\u00e9tiens, nous ne faisons pas ce que nous voulons, mais plut\u00f4t ce que nous devrions faire. La Parole de Dieu est claire sur cette situation sp\u00e9cifique.<\/p>\n<p>Comment dois-je me comporter face au probl\u00e8me de la migration ?<\/p>\n<p>\u00ab <em>J\u2019\u00e9tais un \u00e9tranger et vous m\u2019avez accueilli<\/em> \u00bb (Matthieu 25\/35).<\/p>\n<p>\u00ca travers la Parole, Dieu nous appelle \u00e0 agir de mani\u00e8re \u00e0 \u00eatre sensible et avoir de l\u2019empathie.<\/p>\n<p>Personnellement, je pense que c\u2019est la meilleure fa\u00e7on de comprendre la r\u00e9alit\u00e9 v\u00e9cue par les personnes qui migrent. Lorsque j\u2019essaie de comprendre ce qu\u2019une personne ressent, je retourne \u00e0 la Parole de Dieu qui dit : \u00ab Car vous \u00e9tiez \u00e9trangers dans le pays d\u2019\u00c9gypte \u00bb (L\u00e9vitique 19\/34a).<\/p>\n<p>En d\u2019autres termes, vous savez \u00e9galement ce que l\u2019on ressent lorsque vous n\u2019\u00eates pas en terrain connu, loin de la s\u00e9curit\u00e9 de votre maison.<\/p>\n<p><strong>Conclusion<\/strong><\/p>\n<p>Nous manifester de l\u2019amour afin d\u2019\u00eatre solidaires de la meilleure mani\u00e8re possible avec ceux qui n\u2019ont d\u2019autre choix que d\u2019\u00e9migrer et en subissent les cons\u00e9quences. M\u00eame si ce n\u2019est pas notre cas maintenant, cela peut le devenir. Nous devons prendre position devant ce probl\u00e8me social, et le mieux est d\u2019ob\u00e9ir \u00e0 la Parole de Dieu en offrant un lieu de vie et en nous mettant \u00e0 leur place, plut\u00f4t qu\u2019en les opprimant.<\/p>\n<p><em>\u2014<\/em><em>Adriana Belinda Rodr\u00edguez est mari\u00e9e, elle est psychologue et fait partie de la Commission Paix. Elle est \u00e9galement \u00e9tudiante en th\u00e9ologie \u00e0 SEMILLA et membre de l\u2019\u00c9glise mennonite \u2018Caminando con Dios\u2019 (Marcher avec Dieu) \u00e0 La Ceiba (Honduras), o\u00f9 elle participe \u00e0 l\u2019enseignement. <\/em><\/p>\n<p><em>Elle dirige l\u2019organisation des services sociaux de l\u2019\u00c9glise \u00e9vang\u00e9lique mennonite hondurienne : le Projet pour la Paix et la Justice, qui promeut une culture de la paix.<\/em><\/p>\n<\/p>\n<p><em>Cet article est paru pour la premi\u00e8re fois dans le num\u00e9ro <\/em><em><a href=\"https:\/\/mwc-cmm.org\/article\/courrier?language=fr\">d\u2019octobre 2019 de Courier\/Correo\/Courrier.<\/a><\/em><\/p>\n","protected":false},"excerpt":{"rendered":"<p>NULL<\/p>\n","protected":false},"author":1,"featured_media":91524,"comment_status":"closed","ping_status":"closed","sticky":false,"template":"","format":"standard","meta":{"_acf_changed":false,"footnotes":""},"categories":[7],"tags":[],"network":[1307],"eventcategory":[],"class_list":["post-10111","post","type-post","status-publish","format-standard","has-post-thumbnail","hentry","category-non-classifiee","network-courier-fr"],"acf":[],"yoast_head":"<!-- This site is optimized with the Yoast SEO plugin v27.5 - https:\/\/yoast.com\/product\/yoast-seo-wordpress\/ -->\n<title>Aimer et ob\u00e9ir : une exigence biblique - Mennonite World Conference<\/title>\n<meta name=\"robots\" content=\"index, follow, max-snippet:-1, max-image-preview:large, max-video-preview:-1\" \/>\n<link rel=\"canonical\" href=\"https:\/\/mwc-cmm.org\/fr\/stories\/a-requirement-to-love-and-be-obedient-4\/\" \/>\n<meta property=\"og:locale\" content=\"fr_FR\" \/>\n<meta property=\"og:type\" content=\"article\" \/>\n<meta property=\"og:title\" content=\"Aimer et ob\u00e9ir : une exigence biblique - Mennonite World Conference\" \/>\n<meta property=\"og:description\" content=\"NULL\" \/>\n<meta property=\"og:url\" content=\"https:\/\/mwc-cmm.org\/fr\/stories\/a-requirement-to-love-and-be-obedient-4\/\" \/>\n<meta property=\"og:site_name\" content=\"Mennonite World Conference\" \/>\n<meta property=\"article:publisher\" content=\"https:\/\/www.facebook.com\/MennoniteWorldConference\" \/>\n<meta property=\"article:published_time\" content=\"2019-12-07T00:00:00+00:00\" \/>\n<meta property=\"article:modified_time\" content=\"2024-12-10T17:16:34+00:00\" \/>\n<meta property=\"og:image\" content=\"https:\/\/mwc-cmm.org\/wp-content\/uploads\/2024\/11\/78359771_2730223560368023_8757573762632646656_o.jpg\" \/>\n\t<meta property=\"og:image:width\" content=\"1200\" \/>\n\t<meta property=\"og:image:height\" content=\"755\" \/>\n\t<meta property=\"og:image:type\" content=\"image\/jpeg\" \/>\n<meta name=\"author\" content=\"mennworldcon\" \/>\n<script type=\"application\/ld+json\" class=\"yoast-schema-graph\">{\"@context\":\"https:\\\/\\\/schema.org\",\"@graph\":[{\"@type\":\"Article\",\"@id\":\"https:\\\/\\\/mwc-cmm.org\\\/fr\\\/stories\\\/a-requirement-to-love-and-be-obedient-4\\\/#article\",\"isPartOf\":{\"@id\":\"https:\\\/\\\/mwc-cmm.org\\\/fr\\\/stories\\\/a-requirement-to-love-and-be-obedient-4\\\/\"},\"author\":{\"name\":\"mennworldcon\",\"@id\":\"https:\\\/\\\/mwc-cmm.org\\\/en\\\/#\\\/schema\\\/person\\\/11f6ae0d7d1868ba20a1cc27f067c836\"},\"headline\":\"Aimer et ob\u00e9ir : une exigence biblique\",\"datePublished\":\"2019-12-07T00:00:00+00:00\",\"dateModified\":\"2024-12-10T17:16:34+00:00\",\"mainEntityOfPage\":{\"@id\":\"https:\\\/\\\/mwc-cmm.org\\\/fr\\\/stories\\\/a-requirement-to-love-and-be-obedient-4\\\/\"},\"wordCount\":1008,\"publisher\":{\"@id\":\"https:\\\/\\\/mwc-cmm.org\\\/en\\\/#organization\"},\"image\":{\"@id\":\"https:\\\/\\\/mwc-cmm.org\\\/fr\\\/stories\\\/a-requirement-to-love-and-be-obedient-4\\\/#primaryimage\"},\"thumbnailUrl\":\"https:\\\/\\\/mwc-cmm.org\\\/wp-content\\\/uploads\\\/2024\\\/11\\\/78359771_2730223560368023_8757573762632646656_o.jpg\",\"articleSection\":[\"Non classifi\u00e9(e)\"],\"inLanguage\":\"fr-FR\"},{\"@type\":\"WebPage\",\"@id\":\"https:\\\/\\\/mwc-cmm.org\\\/fr\\\/stories\\\/a-requirement-to-love-and-be-obedient-4\\\/\",\"url\":\"https:\\\/\\\/mwc-cmm.org\\\/fr\\\/stories\\\/a-requirement-to-love-and-be-obedient-4\\\/\",\"name\":\"Aimer et ob\u00e9ir : une exigence biblique - Mennonite World Conference\",\"isPartOf\":{\"@id\":\"https:\\\/\\\/mwc-cmm.org\\\/en\\\/#website\"},\"primaryImageOfPage\":{\"@id\":\"https:\\\/\\\/mwc-cmm.org\\\/fr\\\/stories\\\/a-requirement-to-love-and-be-obedient-4\\\/#primaryimage\"},\"image\":{\"@id\":\"https:\\\/\\\/mwc-cmm.org\\\/fr\\\/stories\\\/a-requirement-to-love-and-be-obedient-4\\\/#primaryimage\"},\"thumbnailUrl\":\"https:\\\/\\\/mwc-cmm.org\\\/wp-content\\\/uploads\\\/2024\\\/11\\\/78359771_2730223560368023_8757573762632646656_o.jpg\",\"datePublished\":\"2019-12-07T00:00:00+00:00\",\"dateModified\":\"2024-12-10T17:16:34+00:00\",\"breadcrumb\":{\"@id\":\"https:\\\/\\\/mwc-cmm.org\\\/fr\\\/stories\\\/a-requirement-to-love-and-be-obedient-4\\\/#breadcrumb\"},\"inLanguage\":\"fr-FR\",\"potentialAction\":[{\"@type\":\"ReadAction\",\"target\":[\"https:\\\/\\\/mwc-cmm.org\\\/fr\\\/stories\\\/a-requirement-to-love-and-be-obedient-4\\\/\"]}]},{\"@type\":\"ImageObject\",\"inLanguage\":\"fr-FR\",\"@id\":\"https:\\\/\\\/mwc-cmm.org\\\/fr\\\/stories\\\/a-requirement-to-love-and-be-obedient-4\\\/#primaryimage\",\"url\":\"https:\\\/\\\/mwc-cmm.org\\\/wp-content\\\/uploads\\\/2024\\\/11\\\/78359771_2730223560368023_8757573762632646656_o.jpg\",\"contentUrl\":\"https:\\\/\\\/mwc-cmm.org\\\/wp-content\\\/uploads\\\/2024\\\/11\\\/78359771_2730223560368023_8757573762632646656_o.jpg\",\"width\":1200,\"height\":755},{\"@type\":\"BreadcrumbList\",\"@id\":\"https:\\\/\\\/mwc-cmm.org\\\/fr\\\/stories\\\/a-requirement-to-love-and-be-obedient-4\\\/#breadcrumb\",\"itemListElement\":[{\"@type\":\"ListItem\",\"position\":1,\"name\":\"Home\",\"item\":\"https:\\\/\\\/mwc-cmm.org\\\/fr\\\/\"},{\"@type\":\"ListItem\",\"position\":2,\"name\":\"Aimer et ob\u00e9ir : une exigence biblique\"}]},{\"@type\":\"WebSite\",\"@id\":\"https:\\\/\\\/mwc-cmm.org\\\/en\\\/#website\",\"url\":\"https:\\\/\\\/mwc-cmm.org\\\/en\\\/\",\"name\":\"Mennonite World Conference\",\"description\":\"A communion of Anabaptist-related churches\",\"publisher\":{\"@id\":\"https:\\\/\\\/mwc-cmm.org\\\/en\\\/#organization\"},\"alternateName\":\"MWC\",\"potentialAction\":[{\"@type\":\"SearchAction\",\"target\":{\"@type\":\"EntryPoint\",\"urlTemplate\":\"https:\\\/\\\/mwc-cmm.org\\\/en\\\/?s={search_term_string}\"},\"query-input\":{\"@type\":\"PropertyValueSpecification\",\"valueRequired\":true,\"valueName\":\"search_term_string\"}}],\"inLanguage\":\"fr-FR\"},{\"@type\":\"Organization\",\"@id\":\"https:\\\/\\\/mwc-cmm.org\\\/en\\\/#organization\",\"name\":\"Mennonite World Conference\",\"alternateName\":\"MWC\",\"url\":\"https:\\\/\\\/mwc-cmm.org\\\/en\\\/\",\"logo\":{\"@type\":\"ImageObject\",\"inLanguage\":\"fr-FR\",\"@id\":\"https:\\\/\\\/mwc-cmm.org\\\/en\\\/#\\\/schema\\\/logo\\\/image\\\/\",\"url\":\"https:\\\/\\\/mwc-cmm.org\\\/wp-content\\\/uploads\\\/2026\\\/01\\\/MWC_Sig_Blue_Horiz_webheader1-logo.svg\",\"contentUrl\":\"https:\\\/\\\/mwc-cmm.org\\\/wp-content\\\/uploads\\\/2026\\\/01\\\/MWC_Sig_Blue_Horiz_webheader1-logo.svg\",\"width\":786,\"height\":82,\"caption\":\"Mennonite World Conference\"},\"image\":{\"@id\":\"https:\\\/\\\/mwc-cmm.org\\\/en\\\/#\\\/schema\\\/logo\\\/image\\\/\"},\"sameAs\":[\"https:\\\/\\\/www.facebook.com\\\/MennoniteWorldConference\",\"https:\\\/\\\/www.linkedin.com\\\/company\\\/mennonite-world-conference-mwc\\\/\",\"https:\\\/\\\/www.instagram.com\\\/mwcmm\\\/\",\"https:\\\/\\\/www.youtube.com\\\/user\\\/mwccmm\",\"https:\\\/\\\/bsky.app\\\/profile\\\/mwcmm.bsky.social\"]},{\"@type\":\"Person\",\"@id\":\"https:\\\/\\\/mwc-cmm.org\\\/en\\\/#\\\/schema\\\/person\\\/11f6ae0d7d1868ba20a1cc27f067c836\",\"name\":\"mennworldcon\",\"image\":{\"@type\":\"ImageObject\",\"inLanguage\":\"fr-FR\",\"@id\":\"https:\\\/\\\/secure.gravatar.com\\\/avatar\\\/06fdc0dc81c157dfdb82ec42f252178a22307808988d22c043f9eb96f1e0fe80?s=96&d=mm&r=g\",\"url\":\"https:\\\/\\\/secure.gravatar.com\\\/avatar\\\/06fdc0dc81c157dfdb82ec42f252178a22307808988d22c043f9eb96f1e0fe80?s=96&d=mm&r=g\",\"contentUrl\":\"https:\\\/\\\/secure.gravatar.com\\\/avatar\\\/06fdc0dc81c157dfdb82ec42f252178a22307808988d22c043f9eb96f1e0fe80?s=96&d=mm&r=g\",\"caption\":\"mennworldcon\"},\"sameAs\":[\"https:\\\/\\\/mwc-cmm.org\"],\"url\":\"https:\\\/\\\/mwc-cmm.org\\\/fr\\\/stories\\\/author\\\/mennworldcon\\\/\"}]}<\/script>\n<!-- \/ Yoast SEO plugin. -->","yoast_head_json":{"title":"Aimer et ob\u00e9ir : une exigence biblique - Mennonite World Conference","robots":{"index":"index","follow":"follow","max-snippet":"max-snippet:-1","max-image-preview":"max-image-preview:large","max-video-preview":"max-video-preview:-1"},"canonical":"https:\/\/mwc-cmm.org\/fr\/stories\/a-requirement-to-love-and-be-obedient-4\/","og_locale":"fr_FR","og_type":"article","og_title":"Aimer et ob\u00e9ir : une exigence biblique - Mennonite World Conference","og_description":"NULL","og_url":"https:\/\/mwc-cmm.org\/fr\/stories\/a-requirement-to-love-and-be-obedient-4\/","og_site_name":"Mennonite World Conference","article_publisher":"https:\/\/www.facebook.com\/MennoniteWorldConference","article_published_time":"2019-12-07T00:00:00+00:00","article_modified_time":"2024-12-10T17:16:34+00:00","og_image":[{"width":1200,"height":755,"url":"https:\/\/mwc-cmm.org\/wp-content\/uploads\/2024\/11\/78359771_2730223560368023_8757573762632646656_o.jpg","type":"image\/jpeg"}],"author":"mennworldcon","schema":{"@context":"https:\/\/schema.org","@graph":[{"@type":"Article","@id":"https:\/\/mwc-cmm.org\/fr\/stories\/a-requirement-to-love-and-be-obedient-4\/#article","isPartOf":{"@id":"https:\/\/mwc-cmm.org\/fr\/stories\/a-requirement-to-love-and-be-obedient-4\/"},"author":{"name":"mennworldcon","@id":"https:\/\/mwc-cmm.org\/en\/#\/schema\/person\/11f6ae0d7d1868ba20a1cc27f067c836"},"headline":"Aimer et ob\u00e9ir : une exigence biblique","datePublished":"2019-12-07T00:00:00+00:00","dateModified":"2024-12-10T17:16:34+00:00","mainEntityOfPage":{"@id":"https:\/\/mwc-cmm.org\/fr\/stories\/a-requirement-to-love-and-be-obedient-4\/"},"wordCount":1008,"publisher":{"@id":"https:\/\/mwc-cmm.org\/en\/#organization"},"image":{"@id":"https:\/\/mwc-cmm.org\/fr\/stories\/a-requirement-to-love-and-be-obedient-4\/#primaryimage"},"thumbnailUrl":"https:\/\/mwc-cmm.org\/wp-content\/uploads\/2024\/11\/78359771_2730223560368023_8757573762632646656_o.jpg","articleSection":["Non classifi\u00e9(e)"],"inLanguage":"fr-FR"},{"@type":"WebPage","@id":"https:\/\/mwc-cmm.org\/fr\/stories\/a-requirement-to-love-and-be-obedient-4\/","url":"https:\/\/mwc-cmm.org\/fr\/stories\/a-requirement-to-love-and-be-obedient-4\/","name":"Aimer et ob\u00e9ir : une exigence biblique - Mennonite World Conference","isPartOf":{"@id":"https:\/\/mwc-cmm.org\/en\/#website"},"primaryImageOfPage":{"@id":"https:\/\/mwc-cmm.org\/fr\/stories\/a-requirement-to-love-and-be-obedient-4\/#primaryimage"},"image":{"@id":"https:\/\/mwc-cmm.org\/fr\/stories\/a-requirement-to-love-and-be-obedient-4\/#primaryimage"},"thumbnailUrl":"https:\/\/mwc-cmm.org\/wp-content\/uploads\/2024\/11\/78359771_2730223560368023_8757573762632646656_o.jpg","datePublished":"2019-12-07T00:00:00+00:00","dateModified":"2024-12-10T17:16:34+00:00","breadcrumb":{"@id":"https:\/\/mwc-cmm.org\/fr\/stories\/a-requirement-to-love-and-be-obedient-4\/#breadcrumb"},"inLanguage":"fr-FR","potentialAction":[{"@type":"ReadAction","target":["https:\/\/mwc-cmm.org\/fr\/stories\/a-requirement-to-love-and-be-obedient-4\/"]}]},{"@type":"ImageObject","inLanguage":"fr-FR","@id":"https:\/\/mwc-cmm.org\/fr\/stories\/a-requirement-to-love-and-be-obedient-4\/#primaryimage","url":"https:\/\/mwc-cmm.org\/wp-content\/uploads\/2024\/11\/78359771_2730223560368023_8757573762632646656_o.jpg","contentUrl":"https:\/\/mwc-cmm.org\/wp-content\/uploads\/2024\/11\/78359771_2730223560368023_8757573762632646656_o.jpg","width":1200,"height":755},{"@type":"BreadcrumbList","@id":"https:\/\/mwc-cmm.org\/fr\/stories\/a-requirement-to-love-and-be-obedient-4\/#breadcrumb","itemListElement":[{"@type":"ListItem","position":1,"name":"Home","item":"https:\/\/mwc-cmm.org\/fr\/"},{"@type":"ListItem","position":2,"name":"Aimer et ob\u00e9ir : une exigence biblique"}]},{"@type":"WebSite","@id":"https:\/\/mwc-cmm.org\/en\/#website","url":"https:\/\/mwc-cmm.org\/en\/","name":"Mennonite World Conference","description":"A communion of Anabaptist-related churches","publisher":{"@id":"https:\/\/mwc-cmm.org\/en\/#organization"},"alternateName":"MWC","potentialAction":[{"@type":"SearchAction","target":{"@type":"EntryPoint","urlTemplate":"https:\/\/mwc-cmm.org\/en\/?s={search_term_string}"},"query-input":{"@type":"PropertyValueSpecification","valueRequired":true,"valueName":"search_term_string"}}],"inLanguage":"fr-FR"},{"@type":"Organization","@id":"https:\/\/mwc-cmm.org\/en\/#organization","name":"Mennonite World Conference","alternateName":"MWC","url":"https:\/\/mwc-cmm.org\/en\/","logo":{"@type":"ImageObject","inLanguage":"fr-FR","@id":"https:\/\/mwc-cmm.org\/en\/#\/schema\/logo\/image\/","url":"https:\/\/mwc-cmm.org\/wp-content\/uploads\/2026\/01\/MWC_Sig_Blue_Horiz_webheader1-logo.svg","contentUrl":"https:\/\/mwc-cmm.org\/wp-content\/uploads\/2026\/01\/MWC_Sig_Blue_Horiz_webheader1-logo.svg","width":786,"height":82,"caption":"Mennonite World Conference"},"image":{"@id":"https:\/\/mwc-cmm.org\/en\/#\/schema\/logo\/image\/"},"sameAs":["https:\/\/www.facebook.com\/MennoniteWorldConference","https:\/\/www.linkedin.com\/company\/mennonite-world-conference-mwc\/","https:\/\/www.instagram.com\/mwcmm\/","https:\/\/www.youtube.com\/user\/mwccmm","https:\/\/bsky.app\/profile\/mwcmm.bsky.social"]},{"@type":"Person","@id":"https:\/\/mwc-cmm.org\/en\/#\/schema\/person\/11f6ae0d7d1868ba20a1cc27f067c836","name":"mennworldcon","image":{"@type":"ImageObject","inLanguage":"fr-FR","@id":"https:\/\/secure.gravatar.com\/avatar\/06fdc0dc81c157dfdb82ec42f252178a22307808988d22c043f9eb96f1e0fe80?s=96&d=mm&r=g","url":"https:\/\/secure.gravatar.com\/avatar\/06fdc0dc81c157dfdb82ec42f252178a22307808988d22c043f9eb96f1e0fe80?s=96&d=mm&r=g","contentUrl":"https:\/\/secure.gravatar.com\/avatar\/06fdc0dc81c157dfdb82ec42f252178a22307808988d22c043f9eb96f1e0fe80?s=96&d=mm&r=g","caption":"mennworldcon"},"sameAs":["https:\/\/mwc-cmm.org"],"url":"https:\/\/mwc-cmm.org\/fr\/stories\/author\/mennworldcon\/"}]}},"_links":{"self":[{"href":"https:\/\/mwc-cmm.org\/fr\/wp-json\/wp\/v2\/posts\/10111","targetHints":{"allow":["GET"]}}],"collection":[{"href":"https:\/\/mwc-cmm.org\/fr\/wp-json\/wp\/v2\/posts"}],"about":[{"href":"https:\/\/mwc-cmm.org\/fr\/wp-json\/wp\/v2\/types\/post"}],"author":[{"embeddable":true,"href":"https:\/\/mwc-cmm.org\/fr\/wp-json\/wp\/v2\/users\/1"}],"replies":[{"embeddable":true,"href":"https:\/\/mwc-cmm.org\/fr\/wp-json\/wp\/v2\/comments?post=10111"}],"version-history":[{"count":0,"href":"https:\/\/mwc-cmm.org\/fr\/wp-json\/wp\/v2\/posts\/10111\/revisions"}],"wp:featuredmedia":[{"embeddable":true,"href":"https:\/\/mwc-cmm.org\/fr\/wp-json\/wp\/v2\/media\/91524"}],"wp:attachment":[{"href":"https:\/\/mwc-cmm.org\/fr\/wp-json\/wp\/v2\/media?parent=10111"}],"wp:term":[{"taxonomy":"category","embeddable":true,"href":"https:\/\/mwc-cmm.org\/fr\/wp-json\/wp\/v2\/categories?post=10111"},{"taxonomy":"post_tag","embeddable":true,"href":"https:\/\/mwc-cmm.org\/fr\/wp-json\/wp\/v2\/tags?post=10111"},{"taxonomy":"network","embeddable":true,"href":"https:\/\/mwc-cmm.org\/fr\/wp-json\/wp\/v2\/network?post=10111"},{"taxonomy":"eventcategory","embeddable":true,"href":"https:\/\/mwc-cmm.org\/fr\/wp-json\/wp\/v2\/eventcategory?post=10111"}],"curies":[{"name":"wp","href":"https:\/\/api.w.org\/{rel}","templated":true}]}}