{"id":10091,"date":"2017-02-02T00:00:00","date_gmt":"2017-02-02T00:00:00","guid":{"rendered":"https:\/\/mwc-cmm.org\/learning-with-iraqi-refugees-in-the-department-of-ain-france-4\/"},"modified":"2024-12-10T17:16:25","modified_gmt":"2024-12-10T17:16:25","slug":"laccueil-de-refugies-irakiens-dans-une-ville-de-lain-d-france","status":"publish","type":"post","link":"https:\/\/mwc-cmm.org\/fr\/stories\/laccueil-de-refugies-irakiens-dans-une-ville-de-lain-d-france\/","title":{"rendered":"L\u2019accueil de r\u00e9fugi\u00e9s irakiens dans une ville de l\u2019Ain \u2013 France"},"content":{"rendered":"<div>\n<div>\u00c9mus par la situation provoqu\u00e9e par l\u2019avance de Daesh \u00e0 la fin de 2014, un collectif d\u2019une vingtaine de membres des trois communaut\u00e9s chr\u00e9tiennes de la petite ville de Bellegarde se d\u00e9cident finalement \u00e0 accueillir une famille de r\u00e9fugi\u00e9s d\u2019Irak. Apr\u00e8s un processus de neuf mois d\u2019attente, la famille Mikho avec ses deux grands-m\u00e8res, deux parents et trois gar\u00e7ons est annonc\u00e9e \u00e0 la station de train un samedi soir.<\/div>\n<div>&nbsp;<\/div>\n<div>Les m\u00e9dias ont h\u00e2te de montrer une histoire plus positive que celle du repli d\u2019une Europe apeur\u00e9e. Le soir m\u00eame, un photographe et un journaliste couvrent l\u2019arriv\u00e9e de la famille. Les jours et les semaines suivants, le d\u00e9fil\u00e9 des m\u00e9dias se poursuit et l\u2019\u00e9cho donn\u00e9 \u00e0 notre modeste accueil se r\u00e9v\u00e8le disproportionn\u00e9.<\/div>\n<div>&nbsp;<\/div>\n<div>Un mois apr\u00e8s, la famille per\u00e7oit un revenu minimum et une allocation logement. Neuf mois plus tard, la famille s\u2019int\u00e8gre bien; les traducteurs en arabe-fran\u00e7ais ne sont plus n\u00e9cessaires; le mari et l\u2019\u00e9pouse commencent \u00e0 occuper un emploi. Les communaut\u00e9s chr\u00e9tiennes sont pour eux une nouvelle famille qui soulage l\u2019arrachement \u00e0 leur patrie s\u00e9culaire.<\/div>\n<div>&nbsp;<\/div>\n<div>Les membres du collectif sont rejoints par d\u2019autres aux comp\u00e9tences vari\u00e9es. Cette richesse est pr\u00e9cieuse pour donner des id\u00e9es, les saluer dans la rue, leur faire savoir qu\u2019ils sont chez eux. Notre collectif accompagne la famille dans l\u2019obtention du statut de r\u00e9fugi\u00e9s, de la carte de s\u00e9jour, des papiers permettant la prise en charge m\u00e9dicale, etc. Il faut \u00e9galement appuyer les parents dans le suivi de la scolarit\u00e9, les activit\u00e9s des enfants, l\u2019acc\u00e8s \u00e0 l\u2019emploi.<\/div>\n<div>&nbsp;<\/div>\n<div>Les communaut\u00e9s catholiques, protestantes, mennonites rejointes par les adventistes apprennent \u00e0 mieux se conna\u00eetre et s\u2019appr\u00e9cier. Nous nous retrouvons souvent dans la situation de l\u2019apprenant : mes quelques notions d\u2019arabe me font ressentir tout le chemin \u00e0 parcourir pour que je puisse m\u2019exprimer dans leur langue \u2026 et je r\u00e9alise le chemin qu\u2019ils doivent parcourir pour nous rejoindre. Afficher autant que possible les chants et les lectures en fran\u00e7ais et en arabe est une pratique qui se g\u00e9n\u00e9ralise, Nous sommes heureux de partager ainsi avec eux notre compr\u00e9hension de la foi chr\u00e9tienne.<\/div>\n<div>&nbsp;<\/div>\n<div>Les deux grands-mamans passent beaucoup de temps \u00e0 broder des fresques aux couleurs vives \u00e9voquant des sc\u00e8nes bibliques ou religieuses. Nous d\u00e9couvrons ainsi toute une culture mill\u00e9naire; nos amis irakiens viennent de la province de Ninive.<\/div>\n<div>&nbsp;<\/div>\n<div>L\u2019\u00e9tude de leur histoire m\u2019impressionne. Depuis l\u2019\u00e9poque romaine, ils n\u2019ont cess\u00e9 de r\u00e9sister aux influences venues de l\u2019Est (la Perse avec sa religion des myst\u00e8res) ou de l\u2019Ouest : Rome, l\u2019orthodoxie byzantine, l\u2019islam, les missionnaires chr\u00e9tiens catholiques puis protestants). L\u2019intervention du grand gendarme am\u00e9ricain en ce XXe si\u00e8cle finissant appelle en r\u00e9ponse un radicalisme import\u00e9 du royaume voisin, avec les cons\u00e9quences catastrophiques que nous voyons maintenant.<\/div>\n<div>&nbsp;<\/div>\n<div>C\u2019est tout un parcours que nous faisons avec nos amis, par la langue, l\u2019histoire, la culture. Ce ne sont pas des accueillants et des accueillis, mais des fr\u00e8res et des s\u0153urs en humanit\u00e9 qui se rencontrent au-del\u00e0 des fronti\u00e8res.<\/div>\n<div>&nbsp;<\/div>\n<div><em>Par Daniel Goldschmidt, membre de l\u2019\u00c9glise \u00e9vang\u00e9lique mennonite Saint-Genis-Pouilly en France.<\/em><\/div>\n<\/div>\n<p>Ce t\u00e9moignage fait parti du materiel pour le culte du Dimanche de la Fraternit\u00e9 Mennonite Mondiale de 2017. Pour en savoir plus, cliquez ici : www.mwc-cmm.org\/dimanchefraternitemondiale<\/p>\n<p>&nbsp;<\/p>\n","protected":false},"excerpt":{"rendered":"<p>\u00c9mus par la situation provoqu\u00e9e par l\u2019avance de Daesh \u00e0 la fin de 2014, un collectif d\u2019une vingtaine de membres des trois communaut\u00e9s chr\u00e9tiennes de la petite ville de Bellegarde se d\u00e9cident finalement \u00e0 accueillir une famille de r\u00e9fugi\u00e9s d\u2019Irak. Apr\u00e8s un processus de neuf mois d\u2019attente, la famille Mikho avec ses deux grands-m\u00e8res, deux [&hellip;]<\/p>\n","protected":false},"author":1,"featured_media":91062,"comment_status":"closed","ping_status":"closed","sticky":false,"template":"","format":"standard","meta":{"_acf_changed":false,"footnotes":""},"categories":[7],"tags":[],"network":[],"eventcategory":[1500],"class_list":["post-10091","post","type-post","status-publish","format-standard","has-post-thumbnail","hentry","category-non-classifiee","eventcategory-anabaptist-world-fellowship-sunday-fr"],"acf":[],"yoast_head":"<!-- This site is optimized with the Yoast SEO plugin v27.5 - https:\/\/yoast.com\/product\/yoast-seo-wordpress\/ -->\n<title>L\u2019accueil de r\u00e9fugi\u00e9s irakiens dans une ville de l\u2019Ain \u2013 France - Mennonite World Conference<\/title>\n<meta name=\"robots\" content=\"index, follow, max-snippet:-1, max-image-preview:large, max-video-preview:-1\" \/>\n<link rel=\"canonical\" href=\"https:\/\/mwc-cmm.org\/en\/stories\/learning-with-iraqi-refugees-in-the-department-of-ain-france-2\/\" \/>\n<meta property=\"og:locale\" content=\"fr_FR\" \/>\n<meta property=\"og:type\" content=\"article\" \/>\n<meta property=\"og:title\" content=\"L\u2019accueil de r\u00e9fugi\u00e9s irakiens dans une ville de l\u2019Ain \u2013 France - Mennonite World Conference\" \/>\n<meta property=\"og:description\" content=\"\u00c9mus par la situation provoqu\u00e9e par l\u2019avance de Daesh \u00e0 la fin de 2014, un collectif d\u2019une vingtaine de membres des trois communaut\u00e9s chr\u00e9tiennes de la petite ville de Bellegarde se d\u00e9cident finalement \u00e0 accueillir une famille de r\u00e9fugi\u00e9s d\u2019Irak. Apr\u00e8s un processus de neuf mois d\u2019attente, la famille Mikho avec ses deux grands-m\u00e8res, deux [&hellip;]\" \/>\n<meta property=\"og:url\" content=\"https:\/\/mwc-cmm.org\/en\/stories\/learning-with-iraqi-refugees-in-the-department-of-ain-france-2\/\" \/>\n<meta property=\"og:site_name\" content=\"Mennonite World Conference\" \/>\n<meta property=\"article:publisher\" content=\"https:\/\/www.facebook.com\/MennoniteWorldConference\" \/>\n<meta property=\"article:published_time\" content=\"2017-02-02T00:00:00+00:00\" \/>\n<meta property=\"article:modified_time\" content=\"2024-12-10T17:16:25+00:00\" \/>\n<meta property=\"og:image\" content=\"https:\/\/mwc-cmm.org\/wp-content\/uploads\/2024\/11\/liesa_unger11_0.jpg\" \/>\n\t<meta property=\"og:image:width\" content=\"360\" \/>\n\t<meta property=\"og:image:height\" content=\"240\" \/>\n\t<meta property=\"og:image:type\" content=\"image\/jpeg\" \/>\n<meta name=\"author\" content=\"mennworldcon\" \/>\n<script type=\"application\/ld+json\" class=\"yoast-schema-graph\">{\"@context\":\"https:\\\/\\\/schema.org\",\"@graph\":[{\"@type\":\"Article\",\"@id\":\"https:\\\/\\\/mwc-cmm.org\\\/en\\\/stories\\\/learning-with-iraqi-refugees-in-the-department-of-ain-france-2\\\/#article\",\"isPartOf\":{\"@id\":\"https:\\\/\\\/mwc-cmm.org\\\/en\\\/stories\\\/learning-with-iraqi-refugees-in-the-department-of-ain-france-2\\\/\"},\"author\":{\"name\":\"mennworldcon\",\"@id\":\"https:\\\/\\\/mwc-cmm.org\\\/en\\\/#\\\/schema\\\/person\\\/11f6ae0d7d1868ba20a1cc27f067c836\"},\"headline\":\"L\u2019accueil de r\u00e9fugi\u00e9s irakiens dans une ville de l\u2019Ain \u2013 France\",\"datePublished\":\"2017-02-02T00:00:00+00:00\",\"dateModified\":\"2024-12-10T17:16:25+00:00\",\"mainEntityOfPage\":{\"@id\":\"https:\\\/\\\/mwc-cmm.org\\\/en\\\/stories\\\/learning-with-iraqi-refugees-in-the-department-of-ain-france-2\\\/\"},\"wordCount\":623,\"publisher\":{\"@id\":\"https:\\\/\\\/mwc-cmm.org\\\/en\\\/#organization\"},\"image\":{\"@id\":\"https:\\\/\\\/mwc-cmm.org\\\/en\\\/stories\\\/learning-with-iraqi-refugees-in-the-department-of-ain-france-2\\\/#primaryimage\"},\"thumbnailUrl\":\"https:\\\/\\\/mwc-cmm.org\\\/wp-content\\\/uploads\\\/2024\\\/11\\\/liesa_unger11_0.jpg\",\"articleSection\":[\"Non classifi\u00e9(e)\"],\"inLanguage\":\"fr-FR\"},{\"@type\":\"WebPage\",\"@id\":\"https:\\\/\\\/mwc-cmm.org\\\/en\\\/stories\\\/learning-with-iraqi-refugees-in-the-department-of-ain-france-2\\\/\",\"url\":\"https:\\\/\\\/mwc-cmm.org\\\/en\\\/stories\\\/learning-with-iraqi-refugees-in-the-department-of-ain-france-2\\\/\",\"name\":\"L\u2019accueil de r\u00e9fugi\u00e9s irakiens dans une ville de l\u2019Ain \u2013 France - Mennonite World Conference\",\"isPartOf\":{\"@id\":\"https:\\\/\\\/mwc-cmm.org\\\/en\\\/#website\"},\"primaryImageOfPage\":{\"@id\":\"https:\\\/\\\/mwc-cmm.org\\\/en\\\/stories\\\/learning-with-iraqi-refugees-in-the-department-of-ain-france-2\\\/#primaryimage\"},\"image\":{\"@id\":\"https:\\\/\\\/mwc-cmm.org\\\/en\\\/stories\\\/learning-with-iraqi-refugees-in-the-department-of-ain-france-2\\\/#primaryimage\"},\"thumbnailUrl\":\"https:\\\/\\\/mwc-cmm.org\\\/wp-content\\\/uploads\\\/2024\\\/11\\\/liesa_unger11_0.jpg\",\"datePublished\":\"2017-02-02T00:00:00+00:00\",\"dateModified\":\"2024-12-10T17:16:25+00:00\",\"breadcrumb\":{\"@id\":\"https:\\\/\\\/mwc-cmm.org\\\/en\\\/stories\\\/learning-with-iraqi-refugees-in-the-department-of-ain-france-2\\\/#breadcrumb\"},\"inLanguage\":\"fr-FR\",\"potentialAction\":[{\"@type\":\"ReadAction\",\"target\":[\"https:\\\/\\\/mwc-cmm.org\\\/en\\\/stories\\\/learning-with-iraqi-refugees-in-the-department-of-ain-france-2\\\/\"]}]},{\"@type\":\"ImageObject\",\"inLanguage\":\"fr-FR\",\"@id\":\"https:\\\/\\\/mwc-cmm.org\\\/en\\\/stories\\\/learning-with-iraqi-refugees-in-the-department-of-ain-france-2\\\/#primaryimage\",\"url\":\"https:\\\/\\\/mwc-cmm.org\\\/wp-content\\\/uploads\\\/2024\\\/11\\\/liesa_unger11_0.jpg\",\"contentUrl\":\"https:\\\/\\\/mwc-cmm.org\\\/wp-content\\\/uploads\\\/2024\\\/11\\\/liesa_unger11_0.jpg\",\"width\":360,\"height\":240},{\"@type\":\"BreadcrumbList\",\"@id\":\"https:\\\/\\\/mwc-cmm.org\\\/en\\\/stories\\\/learning-with-iraqi-refugees-in-the-department-of-ain-france-2\\\/#breadcrumb\",\"itemListElement\":[{\"@type\":\"ListItem\",\"position\":1,\"name\":\"Home\",\"item\":\"https:\\\/\\\/mwc-cmm.org\\\/fr\\\/\"},{\"@type\":\"ListItem\",\"position\":2,\"name\":\"L\u2019accueil de r\u00e9fugi\u00e9s irakiens dans une ville de l\u2019Ain \u2013 France\"}]},{\"@type\":\"WebSite\",\"@id\":\"https:\\\/\\\/mwc-cmm.org\\\/en\\\/#website\",\"url\":\"https:\\\/\\\/mwc-cmm.org\\\/en\\\/\",\"name\":\"Mennonite World Conference\",\"description\":\"A communion of Anabaptist-related churches\",\"publisher\":{\"@id\":\"https:\\\/\\\/mwc-cmm.org\\\/en\\\/#organization\"},\"alternateName\":\"MWC\",\"potentialAction\":[{\"@type\":\"SearchAction\",\"target\":{\"@type\":\"EntryPoint\",\"urlTemplate\":\"https:\\\/\\\/mwc-cmm.org\\\/en\\\/?s={search_term_string}\"},\"query-input\":{\"@type\":\"PropertyValueSpecification\",\"valueRequired\":true,\"valueName\":\"search_term_string\"}}],\"inLanguage\":\"fr-FR\"},{\"@type\":\"Organization\",\"@id\":\"https:\\\/\\\/mwc-cmm.org\\\/en\\\/#organization\",\"name\":\"Mennonite World Conference\",\"alternateName\":\"MWC\",\"url\":\"https:\\\/\\\/mwc-cmm.org\\\/en\\\/\",\"logo\":{\"@type\":\"ImageObject\",\"inLanguage\":\"fr-FR\",\"@id\":\"https:\\\/\\\/mwc-cmm.org\\\/en\\\/#\\\/schema\\\/logo\\\/image\\\/\",\"url\":\"https:\\\/\\\/mwc-cmm.org\\\/wp-content\\\/uploads\\\/2026\\\/01\\\/MWC_Sig_Blue_Horiz_webheader1-logo.svg\",\"contentUrl\":\"https:\\\/\\\/mwc-cmm.org\\\/wp-content\\\/uploads\\\/2026\\\/01\\\/MWC_Sig_Blue_Horiz_webheader1-logo.svg\",\"width\":786,\"height\":82,\"caption\":\"Mennonite World Conference\"},\"image\":{\"@id\":\"https:\\\/\\\/mwc-cmm.org\\\/en\\\/#\\\/schema\\\/logo\\\/image\\\/\"},\"sameAs\":[\"https:\\\/\\\/www.facebook.com\\\/MennoniteWorldConference\",\"https:\\\/\\\/www.linkedin.com\\\/company\\\/mennonite-world-conference-mwc\\\/\",\"https:\\\/\\\/www.instagram.com\\\/mwcmm\\\/\",\"https:\\\/\\\/www.youtube.com\\\/user\\\/mwccmm\",\"https:\\\/\\\/bsky.app\\\/profile\\\/mwcmm.bsky.social\"]},{\"@type\":\"Person\",\"@id\":\"https:\\\/\\\/mwc-cmm.org\\\/en\\\/#\\\/schema\\\/person\\\/11f6ae0d7d1868ba20a1cc27f067c836\",\"name\":\"mennworldcon\",\"image\":{\"@type\":\"ImageObject\",\"inLanguage\":\"fr-FR\",\"@id\":\"https:\\\/\\\/secure.gravatar.com\\\/avatar\\\/06fdc0dc81c157dfdb82ec42f252178a22307808988d22c043f9eb96f1e0fe80?s=96&d=mm&r=g\",\"url\":\"https:\\\/\\\/secure.gravatar.com\\\/avatar\\\/06fdc0dc81c157dfdb82ec42f252178a22307808988d22c043f9eb96f1e0fe80?s=96&d=mm&r=g\",\"contentUrl\":\"https:\\\/\\\/secure.gravatar.com\\\/avatar\\\/06fdc0dc81c157dfdb82ec42f252178a22307808988d22c043f9eb96f1e0fe80?s=96&d=mm&r=g\",\"caption\":\"mennworldcon\"},\"sameAs\":[\"https:\\\/\\\/mwc-cmm.org\"],\"url\":\"https:\\\/\\\/mwc-cmm.org\\\/fr\\\/stories\\\/author\\\/mennworldcon\\\/\"}]}<\/script>\n<!-- \/ Yoast SEO plugin. -->","yoast_head_json":{"title":"L\u2019accueil de r\u00e9fugi\u00e9s irakiens dans une ville de l\u2019Ain \u2013 France - Mennonite World Conference","robots":{"index":"index","follow":"follow","max-snippet":"max-snippet:-1","max-image-preview":"max-image-preview:large","max-video-preview":"max-video-preview:-1"},"canonical":"https:\/\/mwc-cmm.org\/en\/stories\/learning-with-iraqi-refugees-in-the-department-of-ain-france-2\/","og_locale":"fr_FR","og_type":"article","og_title":"L\u2019accueil de r\u00e9fugi\u00e9s irakiens dans une ville de l\u2019Ain \u2013 France - Mennonite World Conference","og_description":"\u00c9mus par la situation provoqu\u00e9e par l\u2019avance de Daesh \u00e0 la fin de 2014, un collectif d\u2019une vingtaine de membres des trois communaut\u00e9s chr\u00e9tiennes de la petite ville de Bellegarde se d\u00e9cident finalement \u00e0 accueillir une famille de r\u00e9fugi\u00e9s d\u2019Irak. Apr\u00e8s un processus de neuf mois d\u2019attente, la famille Mikho avec ses deux grands-m\u00e8res, deux [&hellip;]","og_url":"https:\/\/mwc-cmm.org\/en\/stories\/learning-with-iraqi-refugees-in-the-department-of-ain-france-2\/","og_site_name":"Mennonite World Conference","article_publisher":"https:\/\/www.facebook.com\/MennoniteWorldConference","article_published_time":"2017-02-02T00:00:00+00:00","article_modified_time":"2024-12-10T17:16:25+00:00","og_image":[{"width":360,"height":240,"url":"https:\/\/mwc-cmm.org\/wp-content\/uploads\/2024\/11\/liesa_unger11_0.jpg","type":"image\/jpeg"}],"author":"mennworldcon","schema":{"@context":"https:\/\/schema.org","@graph":[{"@type":"Article","@id":"https:\/\/mwc-cmm.org\/en\/stories\/learning-with-iraqi-refugees-in-the-department-of-ain-france-2\/#article","isPartOf":{"@id":"https:\/\/mwc-cmm.org\/en\/stories\/learning-with-iraqi-refugees-in-the-department-of-ain-france-2\/"},"author":{"name":"mennworldcon","@id":"https:\/\/mwc-cmm.org\/en\/#\/schema\/person\/11f6ae0d7d1868ba20a1cc27f067c836"},"headline":"L\u2019accueil de r\u00e9fugi\u00e9s irakiens dans une ville de l\u2019Ain \u2013 France","datePublished":"2017-02-02T00:00:00+00:00","dateModified":"2024-12-10T17:16:25+00:00","mainEntityOfPage":{"@id":"https:\/\/mwc-cmm.org\/en\/stories\/learning-with-iraqi-refugees-in-the-department-of-ain-france-2\/"},"wordCount":623,"publisher":{"@id":"https:\/\/mwc-cmm.org\/en\/#organization"},"image":{"@id":"https:\/\/mwc-cmm.org\/en\/stories\/learning-with-iraqi-refugees-in-the-department-of-ain-france-2\/#primaryimage"},"thumbnailUrl":"https:\/\/mwc-cmm.org\/wp-content\/uploads\/2024\/11\/liesa_unger11_0.jpg","articleSection":["Non classifi\u00e9(e)"],"inLanguage":"fr-FR"},{"@type":"WebPage","@id":"https:\/\/mwc-cmm.org\/en\/stories\/learning-with-iraqi-refugees-in-the-department-of-ain-france-2\/","url":"https:\/\/mwc-cmm.org\/en\/stories\/learning-with-iraqi-refugees-in-the-department-of-ain-france-2\/","name":"L\u2019accueil de r\u00e9fugi\u00e9s irakiens dans une ville de l\u2019Ain \u2013 France - Mennonite World Conference","isPartOf":{"@id":"https:\/\/mwc-cmm.org\/en\/#website"},"primaryImageOfPage":{"@id":"https:\/\/mwc-cmm.org\/en\/stories\/learning-with-iraqi-refugees-in-the-department-of-ain-france-2\/#primaryimage"},"image":{"@id":"https:\/\/mwc-cmm.org\/en\/stories\/learning-with-iraqi-refugees-in-the-department-of-ain-france-2\/#primaryimage"},"thumbnailUrl":"https:\/\/mwc-cmm.org\/wp-content\/uploads\/2024\/11\/liesa_unger11_0.jpg","datePublished":"2017-02-02T00:00:00+00:00","dateModified":"2024-12-10T17:16:25+00:00","breadcrumb":{"@id":"https:\/\/mwc-cmm.org\/en\/stories\/learning-with-iraqi-refugees-in-the-department-of-ain-france-2\/#breadcrumb"},"inLanguage":"fr-FR","potentialAction":[{"@type":"ReadAction","target":["https:\/\/mwc-cmm.org\/en\/stories\/learning-with-iraqi-refugees-in-the-department-of-ain-france-2\/"]}]},{"@type":"ImageObject","inLanguage":"fr-FR","@id":"https:\/\/mwc-cmm.org\/en\/stories\/learning-with-iraqi-refugees-in-the-department-of-ain-france-2\/#primaryimage","url":"https:\/\/mwc-cmm.org\/wp-content\/uploads\/2024\/11\/liesa_unger11_0.jpg","contentUrl":"https:\/\/mwc-cmm.org\/wp-content\/uploads\/2024\/11\/liesa_unger11_0.jpg","width":360,"height":240},{"@type":"BreadcrumbList","@id":"https:\/\/mwc-cmm.org\/en\/stories\/learning-with-iraqi-refugees-in-the-department-of-ain-france-2\/#breadcrumb","itemListElement":[{"@type":"ListItem","position":1,"name":"Home","item":"https:\/\/mwc-cmm.org\/fr\/"},{"@type":"ListItem","position":2,"name":"L\u2019accueil de r\u00e9fugi\u00e9s irakiens dans une ville de l\u2019Ain \u2013 France"}]},{"@type":"WebSite","@id":"https:\/\/mwc-cmm.org\/en\/#website","url":"https:\/\/mwc-cmm.org\/en\/","name":"Mennonite World Conference","description":"A communion of Anabaptist-related churches","publisher":{"@id":"https:\/\/mwc-cmm.org\/en\/#organization"},"alternateName":"MWC","potentialAction":[{"@type":"SearchAction","target":{"@type":"EntryPoint","urlTemplate":"https:\/\/mwc-cmm.org\/en\/?s={search_term_string}"},"query-input":{"@type":"PropertyValueSpecification","valueRequired":true,"valueName":"search_term_string"}}],"inLanguage":"fr-FR"},{"@type":"Organization","@id":"https:\/\/mwc-cmm.org\/en\/#organization","name":"Mennonite World Conference","alternateName":"MWC","url":"https:\/\/mwc-cmm.org\/en\/","logo":{"@type":"ImageObject","inLanguage":"fr-FR","@id":"https:\/\/mwc-cmm.org\/en\/#\/schema\/logo\/image\/","url":"https:\/\/mwc-cmm.org\/wp-content\/uploads\/2026\/01\/MWC_Sig_Blue_Horiz_webheader1-logo.svg","contentUrl":"https:\/\/mwc-cmm.org\/wp-content\/uploads\/2026\/01\/MWC_Sig_Blue_Horiz_webheader1-logo.svg","width":786,"height":82,"caption":"Mennonite World Conference"},"image":{"@id":"https:\/\/mwc-cmm.org\/en\/#\/schema\/logo\/image\/"},"sameAs":["https:\/\/www.facebook.com\/MennoniteWorldConference","https:\/\/www.linkedin.com\/company\/mennonite-world-conference-mwc\/","https:\/\/www.instagram.com\/mwcmm\/","https:\/\/www.youtube.com\/user\/mwccmm","https:\/\/bsky.app\/profile\/mwcmm.bsky.social"]},{"@type":"Person","@id":"https:\/\/mwc-cmm.org\/en\/#\/schema\/person\/11f6ae0d7d1868ba20a1cc27f067c836","name":"mennworldcon","image":{"@type":"ImageObject","inLanguage":"fr-FR","@id":"https:\/\/secure.gravatar.com\/avatar\/06fdc0dc81c157dfdb82ec42f252178a22307808988d22c043f9eb96f1e0fe80?s=96&d=mm&r=g","url":"https:\/\/secure.gravatar.com\/avatar\/06fdc0dc81c157dfdb82ec42f252178a22307808988d22c043f9eb96f1e0fe80?s=96&d=mm&r=g","contentUrl":"https:\/\/secure.gravatar.com\/avatar\/06fdc0dc81c157dfdb82ec42f252178a22307808988d22c043f9eb96f1e0fe80?s=96&d=mm&r=g","caption":"mennworldcon"},"sameAs":["https:\/\/mwc-cmm.org"],"url":"https:\/\/mwc-cmm.org\/fr\/stories\/author\/mennworldcon\/"}]}},"_links":{"self":[{"href":"https:\/\/mwc-cmm.org\/fr\/wp-json\/wp\/v2\/posts\/10091","targetHints":{"allow":["GET"]}}],"collection":[{"href":"https:\/\/mwc-cmm.org\/fr\/wp-json\/wp\/v2\/posts"}],"about":[{"href":"https:\/\/mwc-cmm.org\/fr\/wp-json\/wp\/v2\/types\/post"}],"author":[{"embeddable":true,"href":"https:\/\/mwc-cmm.org\/fr\/wp-json\/wp\/v2\/users\/1"}],"replies":[{"embeddable":true,"href":"https:\/\/mwc-cmm.org\/fr\/wp-json\/wp\/v2\/comments?post=10091"}],"version-history":[{"count":0,"href":"https:\/\/mwc-cmm.org\/fr\/wp-json\/wp\/v2\/posts\/10091\/revisions"}],"wp:featuredmedia":[{"embeddable":true,"href":"https:\/\/mwc-cmm.org\/fr\/wp-json\/wp\/v2\/media\/91062"}],"wp:attachment":[{"href":"https:\/\/mwc-cmm.org\/fr\/wp-json\/wp\/v2\/media?parent=10091"}],"wp:term":[{"taxonomy":"category","embeddable":true,"href":"https:\/\/mwc-cmm.org\/fr\/wp-json\/wp\/v2\/categories?post=10091"},{"taxonomy":"post_tag","embeddable":true,"href":"https:\/\/mwc-cmm.org\/fr\/wp-json\/wp\/v2\/tags?post=10091"},{"taxonomy":"network","embeddable":true,"href":"https:\/\/mwc-cmm.org\/fr\/wp-json\/wp\/v2\/network?post=10091"},{"taxonomy":"eventcategory","embeddable":true,"href":"https:\/\/mwc-cmm.org\/fr\/wp-json\/wp\/v2\/eventcategory?post=10091"}],"curies":[{"name":"wp","href":"https:\/\/api.w.org\/{rel}","templated":true}]}}