{"id":10084,"date":"2019-09-16T00:00:00","date_gmt":"2019-09-16T00:00:00","guid":{"rendered":"https:\/\/mwc-cmm.org\/unity-for-the-glory-of-god-4\/"},"modified":"2024-12-10T17:16:23","modified_gmt":"2024-12-10T17:16:23","slug":"lunite-pour-la-gloire-de-dieu","status":"publish","type":"post","link":"https:\/\/mwc-cmm.org\/fr\/stories\/lunite-pour-la-gloire-de-dieu\/","title":{"rendered":"L\u2019unit\u00e9 pour la gloire de Dieu"},"content":{"rendered":"<p>\u00ab L\u2019unit\u00e9 ce n\u2019est pas \u00eatre \u00e0 l\u2019unisson, mais, avec toutes nos diff\u00e9rences, nous venons dans un seul but- pour la gloire de Dieu. \u00bb d\u00e9clare Dawit Getachew Abraham, musicien dans un groupe de musique qui a particip\u00e9 \u00e0 la louange des rassemblements de la Conf\u00e9rence Mennonite Mondiale.<\/p>\n<p>Il \u00e9crit et arrange de la musique pour exprimer la diversit\u00e9. En \u00c9thiopie, la musique traditionnelle est bas\u00e9e sur le rythme et sur la gamme pentatonique et il y a un saxophone dans tous les groupes. Il incorpore donc ces \u00e9l\u00e9ments m\u00eame lorsqu\u2019il joue des chants de louange occidentaux.<\/p>\n<p>\u00ab Je suis si content que le Conseil g\u00e9n\u00e9ral soit venu en Afrique de l\u2019est. Nous avons pu venir avec tout le groupe et nous avons senti que nous nous connaissions d\u00e9j\u00e0, \u00bb explique Dawit Getachew Abraham.<\/p>\n<p><strong>Minist\u00e8re de la musique <\/strong><\/p>\n<p>En plus de jouer \u00e0 la paroisse de Meserete Kristos Church (\u00e9glise mennonite en \u00c9thiopie) presque tous les dimanches et de participer \u00e0 des concerts dans le cadre d\u2019autres minist\u00e8res, Dawit Getachew Abraham dirige \u00e9galement une \u00e9cole de musique, <em>Heavens Echo<\/em> et un minist\u00e8re appel\u00e9 <em>Love and Care for his Little Ones<\/em>.<\/p>\n<p>Avec <em>Heavens Echo<\/em>, Dawit Getachew Abraham cherche \u00e0 apporter un soutien \u00e0 la musique dans l\u2019\u00e9glise. Les enfants sont initi\u00e9s \u00e0 un instrument, ont des cours de bible, de chant, de danse et d\u2019art. Les adolescents apprennent \u00e0 jouer un instrument, ils ont \u00e9galement des cours de solf\u00e8ge et d\u2019\u00e9tude biblique. C\u2019est un programme de 20 semaines qui est offert plusieurs fois dans l\u2019ann\u00e9e.  <\/p>\n<p><em>Love and Care<\/em> organise des visites hebdomadaires aupr\u00e8s d\u2019environ 500 enfants dans 18 orphelinats. Pr\u00e8s de 300 b\u00e9n\u00e9voles ont \u00e9t\u00e9 recrut\u00e9s dans les groupes de jeunes des \u00e9glises, dont beaucoup sont de MKC.<\/p>\n<p><img decoding=\"async\" alt=\"Dawit Getachew Abraham. Photo : @realfoto_Kenya\" data-src=\"https:\/\/mwc-cmm.org\/wp-content\/uploads\/2024\/10\/20180423realfoto_kenyaimg_0684-min_0.jpg\" style=\"--smush-image-width: 2000px; --smush-image-aspect-ratio: 2000\/1333;width: 300px; height: 200px; float: right; margin-left: 5px; margin-right: 5px;\" width=\"2000\" class=\"smush-dimensions lazyload\" src=\"data:image\/svg+xml;base64,PHN2ZyB3aWR0aD0iMSIgaGVpZ2h0PSIxIiB4bWxucz0iaHR0cDovL3d3dy53My5vcmcvMjAwMC9zdmciPjwvc3ZnPg==\" \/><\/p>\n<p>\u00ab Partager de l\u2019amour avec eux, chanter et lire la parole de Dieu, jouer avec eux et les aider dans leurs besoins psychologiques et d\u2019\u00e9ducation- nous appelons cela : la louange en action, \u00bb d\u00e9clare Dawit Getachew Abraham qui a fond\u00e9 ce minist\u00e8re avec Rahel Ashebir en 2012.<\/p>\n<p>\u00ab La louange est r\u00e9ellement un mode de vie majestueux qui impr\u00e8gne chaque instant de la vie du croyant \u00bb, \u00e9crit-il sur la page de pr\u00e9sentation de son site internet. \u00ab Par la gr\u00e2ce de Dieu, nous pouvons offrir jusqu\u2019\u00e0 notre souffle en adoration \u00e0 Celui qui est la source de notre vie. Ainsi, nous pouvons le conna\u00eetre davantage et approfondir notre relation avec lui &#8230; Alors, tout ce que nous faisons ; nous le faisons pour la gloire de Dieu. \u00bb<\/p>\n<p><em>\u2014Karla Braun, Communiqu\u00e9 de la Conf\u00e9rence Mennonite Mondiale<\/em><\/p>\n","protected":false},"excerpt":{"rendered":"<p>NULL<\/p>\n","protected":false},"author":1,"featured_media":90978,"comment_status":"closed","ping_status":"closed","sticky":false,"template":"","format":"standard","meta":{"_acf_changed":false,"footnotes":""},"categories":[7],"tags":[],"network":[],"eventcategory":[],"class_list":["post-10084","post","type-post","status-publish","format-standard","has-post-thumbnail","hentry","category-non-classifiee"],"acf":[],"yoast_head":"<!-- This site is optimized with the Yoast SEO plugin v27.5 - https:\/\/yoast.com\/product\/yoast-seo-wordpress\/ -->\n<title>L\u2019unit\u00e9 pour la gloire de Dieu - Mennonite World Conference<\/title>\n<meta name=\"robots\" content=\"index, follow, max-snippet:-1, max-image-preview:large, max-video-preview:-1\" \/>\n<link rel=\"canonical\" href=\"https:\/\/mwc-cmm.org\/fr\/stories\/lunite-pour-la-gloire-de-dieu\/\" \/>\n<meta property=\"og:locale\" content=\"fr_FR\" \/>\n<meta property=\"og:type\" content=\"article\" \/>\n<meta property=\"og:title\" content=\"L\u2019unit\u00e9 pour la gloire de Dieu - Mennonite World Conference\" \/>\n<meta property=\"og:description\" content=\"NULL\" \/>\n<meta property=\"og:url\" content=\"https:\/\/mwc-cmm.org\/fr\/stories\/lunite-pour-la-gloire-de-dieu\/\" \/>\n<meta property=\"og:site_name\" content=\"Mennonite World Conference\" \/>\n<meta property=\"article:publisher\" content=\"https:\/\/www.facebook.com\/MennoniteWorldConference\" \/>\n<meta property=\"article:published_time\" content=\"2019-09-16T00:00:00+00:00\" \/>\n<meta property=\"article:modified_time\" content=\"2024-12-10T17:16:23+00:00\" \/>\n<meta property=\"og:image\" content=\"https:\/\/mwc-cmm.org\/wp-content\/uploads\/2024\/11\/20180426wilhelm_ungerdsc_2918-min_0.jpg\" \/>\n\t<meta property=\"og:image:width\" content=\"1000\" \/>\n\t<meta property=\"og:image:height\" content=\"662\" \/>\n\t<meta property=\"og:image:type\" content=\"image\/jpeg\" \/>\n<meta name=\"author\" content=\"mennworldcon\" \/>\n<script type=\"application\/ld+json\" class=\"yoast-schema-graph\">{\"@context\":\"https:\\\/\\\/schema.org\",\"@graph\":[{\"@type\":\"Article\",\"@id\":\"https:\\\/\\\/mwc-cmm.org\\\/fr\\\/stories\\\/lunite-pour-la-gloire-de-dieu\\\/#article\",\"isPartOf\":{\"@id\":\"https:\\\/\\\/mwc-cmm.org\\\/fr\\\/stories\\\/lunite-pour-la-gloire-de-dieu\\\/\"},\"author\":{\"name\":\"mennworldcon\",\"@id\":\"https:\\\/\\\/mwc-cmm.org\\\/en\\\/#\\\/schema\\\/person\\\/11f6ae0d7d1868ba20a1cc27f067c836\"},\"headline\":\"L\u2019unit\u00e9 pour la gloire de Dieu\",\"datePublished\":\"2019-09-16T00:00:00+00:00\",\"dateModified\":\"2024-12-10T17:16:23+00:00\",\"mainEntityOfPage\":{\"@id\":\"https:\\\/\\\/mwc-cmm.org\\\/fr\\\/stories\\\/lunite-pour-la-gloire-de-dieu\\\/\"},\"wordCount\":447,\"publisher\":{\"@id\":\"https:\\\/\\\/mwc-cmm.org\\\/en\\\/#organization\"},\"image\":{\"@id\":\"https:\\\/\\\/mwc-cmm.org\\\/fr\\\/stories\\\/lunite-pour-la-gloire-de-dieu\\\/#primaryimage\"},\"thumbnailUrl\":\"https:\\\/\\\/mwc-cmm.org\\\/wp-content\\\/uploads\\\/2024\\\/11\\\/20180426wilhelm_ungerdsc_2918-min_0.jpg\",\"articleSection\":[\"Non classifi\u00e9(e)\"],\"inLanguage\":\"fr-FR\"},{\"@type\":\"WebPage\",\"@id\":\"https:\\\/\\\/mwc-cmm.org\\\/fr\\\/stories\\\/lunite-pour-la-gloire-de-dieu\\\/\",\"url\":\"https:\\\/\\\/mwc-cmm.org\\\/fr\\\/stories\\\/lunite-pour-la-gloire-de-dieu\\\/\",\"name\":\"L\u2019unit\u00e9 pour la gloire de Dieu - Mennonite World Conference\",\"isPartOf\":{\"@id\":\"https:\\\/\\\/mwc-cmm.org\\\/en\\\/#website\"},\"primaryImageOfPage\":{\"@id\":\"https:\\\/\\\/mwc-cmm.org\\\/fr\\\/stories\\\/lunite-pour-la-gloire-de-dieu\\\/#primaryimage\"},\"image\":{\"@id\":\"https:\\\/\\\/mwc-cmm.org\\\/fr\\\/stories\\\/lunite-pour-la-gloire-de-dieu\\\/#primaryimage\"},\"thumbnailUrl\":\"https:\\\/\\\/mwc-cmm.org\\\/wp-content\\\/uploads\\\/2024\\\/11\\\/20180426wilhelm_ungerdsc_2918-min_0.jpg\",\"datePublished\":\"2019-09-16T00:00:00+00:00\",\"dateModified\":\"2024-12-10T17:16:23+00:00\",\"breadcrumb\":{\"@id\":\"https:\\\/\\\/mwc-cmm.org\\\/fr\\\/stories\\\/lunite-pour-la-gloire-de-dieu\\\/#breadcrumb\"},\"inLanguage\":\"fr-FR\",\"potentialAction\":[{\"@type\":\"ReadAction\",\"target\":[\"https:\\\/\\\/mwc-cmm.org\\\/fr\\\/stories\\\/lunite-pour-la-gloire-de-dieu\\\/\"]}]},{\"@type\":\"ImageObject\",\"inLanguage\":\"fr-FR\",\"@id\":\"https:\\\/\\\/mwc-cmm.org\\\/fr\\\/stories\\\/lunite-pour-la-gloire-de-dieu\\\/#primaryimage\",\"url\":\"https:\\\/\\\/mwc-cmm.org\\\/wp-content\\\/uploads\\\/2024\\\/11\\\/20180426wilhelm_ungerdsc_2918-min_0.jpg\",\"contentUrl\":\"https:\\\/\\\/mwc-cmm.org\\\/wp-content\\\/uploads\\\/2024\\\/11\\\/20180426wilhelm_ungerdsc_2918-min_0.jpg\",\"width\":1000,\"height\":662},{\"@type\":\"BreadcrumbList\",\"@id\":\"https:\\\/\\\/mwc-cmm.org\\\/fr\\\/stories\\\/lunite-pour-la-gloire-de-dieu\\\/#breadcrumb\",\"itemListElement\":[{\"@type\":\"ListItem\",\"position\":1,\"name\":\"Home\",\"item\":\"https:\\\/\\\/mwc-cmm.org\\\/fr\\\/\"},{\"@type\":\"ListItem\",\"position\":2,\"name\":\"L\u2019unit\u00e9 pour la gloire de Dieu\"}]},{\"@type\":\"WebSite\",\"@id\":\"https:\\\/\\\/mwc-cmm.org\\\/en\\\/#website\",\"url\":\"https:\\\/\\\/mwc-cmm.org\\\/en\\\/\",\"name\":\"Mennonite World Conference\",\"description\":\"A communion of Anabaptist-related churches\",\"publisher\":{\"@id\":\"https:\\\/\\\/mwc-cmm.org\\\/en\\\/#organization\"},\"alternateName\":\"MWC\",\"potentialAction\":[{\"@type\":\"SearchAction\",\"target\":{\"@type\":\"EntryPoint\",\"urlTemplate\":\"https:\\\/\\\/mwc-cmm.org\\\/en\\\/?s={search_term_string}\"},\"query-input\":{\"@type\":\"PropertyValueSpecification\",\"valueRequired\":true,\"valueName\":\"search_term_string\"}}],\"inLanguage\":\"fr-FR\"},{\"@type\":\"Organization\",\"@id\":\"https:\\\/\\\/mwc-cmm.org\\\/en\\\/#organization\",\"name\":\"Mennonite World Conference\",\"alternateName\":\"MWC\",\"url\":\"https:\\\/\\\/mwc-cmm.org\\\/en\\\/\",\"logo\":{\"@type\":\"ImageObject\",\"inLanguage\":\"fr-FR\",\"@id\":\"https:\\\/\\\/mwc-cmm.org\\\/en\\\/#\\\/schema\\\/logo\\\/image\\\/\",\"url\":\"https:\\\/\\\/mwc-cmm.org\\\/wp-content\\\/uploads\\\/2026\\\/01\\\/MWC_Sig_Blue_Horiz_webheader1-logo.svg\",\"contentUrl\":\"https:\\\/\\\/mwc-cmm.org\\\/wp-content\\\/uploads\\\/2026\\\/01\\\/MWC_Sig_Blue_Horiz_webheader1-logo.svg\",\"width\":786,\"height\":82,\"caption\":\"Mennonite World Conference\"},\"image\":{\"@id\":\"https:\\\/\\\/mwc-cmm.org\\\/en\\\/#\\\/schema\\\/logo\\\/image\\\/\"},\"sameAs\":[\"https:\\\/\\\/www.facebook.com\\\/MennoniteWorldConference\",\"https:\\\/\\\/www.linkedin.com\\\/company\\\/mennonite-world-conference-mwc\\\/\",\"https:\\\/\\\/www.instagram.com\\\/mwcmm\\\/\",\"https:\\\/\\\/www.youtube.com\\\/user\\\/mwccmm\",\"https:\\\/\\\/bsky.app\\\/profile\\\/mwcmm.bsky.social\"]},{\"@type\":\"Person\",\"@id\":\"https:\\\/\\\/mwc-cmm.org\\\/en\\\/#\\\/schema\\\/person\\\/11f6ae0d7d1868ba20a1cc27f067c836\",\"name\":\"mennworldcon\",\"image\":{\"@type\":\"ImageObject\",\"inLanguage\":\"fr-FR\",\"@id\":\"https:\\\/\\\/secure.gravatar.com\\\/avatar\\\/06fdc0dc81c157dfdb82ec42f252178a22307808988d22c043f9eb96f1e0fe80?s=96&d=mm&r=g\",\"url\":\"https:\\\/\\\/secure.gravatar.com\\\/avatar\\\/06fdc0dc81c157dfdb82ec42f252178a22307808988d22c043f9eb96f1e0fe80?s=96&d=mm&r=g\",\"contentUrl\":\"https:\\\/\\\/secure.gravatar.com\\\/avatar\\\/06fdc0dc81c157dfdb82ec42f252178a22307808988d22c043f9eb96f1e0fe80?s=96&d=mm&r=g\",\"caption\":\"mennworldcon\"},\"sameAs\":[\"https:\\\/\\\/mwc-cmm.org\"],\"url\":\"https:\\\/\\\/mwc-cmm.org\\\/fr\\\/stories\\\/author\\\/mennworldcon\\\/\"}]}<\/script>\n<!-- \/ Yoast SEO plugin. -->","yoast_head_json":{"title":"L\u2019unit\u00e9 pour la gloire de Dieu - Mennonite World Conference","robots":{"index":"index","follow":"follow","max-snippet":"max-snippet:-1","max-image-preview":"max-image-preview:large","max-video-preview":"max-video-preview:-1"},"canonical":"https:\/\/mwc-cmm.org\/fr\/stories\/lunite-pour-la-gloire-de-dieu\/","og_locale":"fr_FR","og_type":"article","og_title":"L\u2019unit\u00e9 pour la gloire de Dieu - Mennonite World Conference","og_description":"NULL","og_url":"https:\/\/mwc-cmm.org\/fr\/stories\/lunite-pour-la-gloire-de-dieu\/","og_site_name":"Mennonite World Conference","article_publisher":"https:\/\/www.facebook.com\/MennoniteWorldConference","article_published_time":"2019-09-16T00:00:00+00:00","article_modified_time":"2024-12-10T17:16:23+00:00","og_image":[{"width":1000,"height":662,"url":"https:\/\/mwc-cmm.org\/wp-content\/uploads\/2024\/11\/20180426wilhelm_ungerdsc_2918-min_0.jpg","type":"image\/jpeg"}],"author":"mennworldcon","schema":{"@context":"https:\/\/schema.org","@graph":[{"@type":"Article","@id":"https:\/\/mwc-cmm.org\/fr\/stories\/lunite-pour-la-gloire-de-dieu\/#article","isPartOf":{"@id":"https:\/\/mwc-cmm.org\/fr\/stories\/lunite-pour-la-gloire-de-dieu\/"},"author":{"name":"mennworldcon","@id":"https:\/\/mwc-cmm.org\/en\/#\/schema\/person\/11f6ae0d7d1868ba20a1cc27f067c836"},"headline":"L\u2019unit\u00e9 pour la gloire de Dieu","datePublished":"2019-09-16T00:00:00+00:00","dateModified":"2024-12-10T17:16:23+00:00","mainEntityOfPage":{"@id":"https:\/\/mwc-cmm.org\/fr\/stories\/lunite-pour-la-gloire-de-dieu\/"},"wordCount":447,"publisher":{"@id":"https:\/\/mwc-cmm.org\/en\/#organization"},"image":{"@id":"https:\/\/mwc-cmm.org\/fr\/stories\/lunite-pour-la-gloire-de-dieu\/#primaryimage"},"thumbnailUrl":"https:\/\/mwc-cmm.org\/wp-content\/uploads\/2024\/11\/20180426wilhelm_ungerdsc_2918-min_0.jpg","articleSection":["Non classifi\u00e9(e)"],"inLanguage":"fr-FR"},{"@type":"WebPage","@id":"https:\/\/mwc-cmm.org\/fr\/stories\/lunite-pour-la-gloire-de-dieu\/","url":"https:\/\/mwc-cmm.org\/fr\/stories\/lunite-pour-la-gloire-de-dieu\/","name":"L\u2019unit\u00e9 pour la gloire de Dieu - Mennonite World Conference","isPartOf":{"@id":"https:\/\/mwc-cmm.org\/en\/#website"},"primaryImageOfPage":{"@id":"https:\/\/mwc-cmm.org\/fr\/stories\/lunite-pour-la-gloire-de-dieu\/#primaryimage"},"image":{"@id":"https:\/\/mwc-cmm.org\/fr\/stories\/lunite-pour-la-gloire-de-dieu\/#primaryimage"},"thumbnailUrl":"https:\/\/mwc-cmm.org\/wp-content\/uploads\/2024\/11\/20180426wilhelm_ungerdsc_2918-min_0.jpg","datePublished":"2019-09-16T00:00:00+00:00","dateModified":"2024-12-10T17:16:23+00:00","breadcrumb":{"@id":"https:\/\/mwc-cmm.org\/fr\/stories\/lunite-pour-la-gloire-de-dieu\/#breadcrumb"},"inLanguage":"fr-FR","potentialAction":[{"@type":"ReadAction","target":["https:\/\/mwc-cmm.org\/fr\/stories\/lunite-pour-la-gloire-de-dieu\/"]}]},{"@type":"ImageObject","inLanguage":"fr-FR","@id":"https:\/\/mwc-cmm.org\/fr\/stories\/lunite-pour-la-gloire-de-dieu\/#primaryimage","url":"https:\/\/mwc-cmm.org\/wp-content\/uploads\/2024\/11\/20180426wilhelm_ungerdsc_2918-min_0.jpg","contentUrl":"https:\/\/mwc-cmm.org\/wp-content\/uploads\/2024\/11\/20180426wilhelm_ungerdsc_2918-min_0.jpg","width":1000,"height":662},{"@type":"BreadcrumbList","@id":"https:\/\/mwc-cmm.org\/fr\/stories\/lunite-pour-la-gloire-de-dieu\/#breadcrumb","itemListElement":[{"@type":"ListItem","position":1,"name":"Home","item":"https:\/\/mwc-cmm.org\/fr\/"},{"@type":"ListItem","position":2,"name":"L\u2019unit\u00e9 pour la gloire de Dieu"}]},{"@type":"WebSite","@id":"https:\/\/mwc-cmm.org\/en\/#website","url":"https:\/\/mwc-cmm.org\/en\/","name":"Mennonite World Conference","description":"A communion of Anabaptist-related churches","publisher":{"@id":"https:\/\/mwc-cmm.org\/en\/#organization"},"alternateName":"MWC","potentialAction":[{"@type":"SearchAction","target":{"@type":"EntryPoint","urlTemplate":"https:\/\/mwc-cmm.org\/en\/?s={search_term_string}"},"query-input":{"@type":"PropertyValueSpecification","valueRequired":true,"valueName":"search_term_string"}}],"inLanguage":"fr-FR"},{"@type":"Organization","@id":"https:\/\/mwc-cmm.org\/en\/#organization","name":"Mennonite World Conference","alternateName":"MWC","url":"https:\/\/mwc-cmm.org\/en\/","logo":{"@type":"ImageObject","inLanguage":"fr-FR","@id":"https:\/\/mwc-cmm.org\/en\/#\/schema\/logo\/image\/","url":"https:\/\/mwc-cmm.org\/wp-content\/uploads\/2026\/01\/MWC_Sig_Blue_Horiz_webheader1-logo.svg","contentUrl":"https:\/\/mwc-cmm.org\/wp-content\/uploads\/2026\/01\/MWC_Sig_Blue_Horiz_webheader1-logo.svg","width":786,"height":82,"caption":"Mennonite World Conference"},"image":{"@id":"https:\/\/mwc-cmm.org\/en\/#\/schema\/logo\/image\/"},"sameAs":["https:\/\/www.facebook.com\/MennoniteWorldConference","https:\/\/www.linkedin.com\/company\/mennonite-world-conference-mwc\/","https:\/\/www.instagram.com\/mwcmm\/","https:\/\/www.youtube.com\/user\/mwccmm","https:\/\/bsky.app\/profile\/mwcmm.bsky.social"]},{"@type":"Person","@id":"https:\/\/mwc-cmm.org\/en\/#\/schema\/person\/11f6ae0d7d1868ba20a1cc27f067c836","name":"mennworldcon","image":{"@type":"ImageObject","inLanguage":"fr-FR","@id":"https:\/\/secure.gravatar.com\/avatar\/06fdc0dc81c157dfdb82ec42f252178a22307808988d22c043f9eb96f1e0fe80?s=96&d=mm&r=g","url":"https:\/\/secure.gravatar.com\/avatar\/06fdc0dc81c157dfdb82ec42f252178a22307808988d22c043f9eb96f1e0fe80?s=96&d=mm&r=g","contentUrl":"https:\/\/secure.gravatar.com\/avatar\/06fdc0dc81c157dfdb82ec42f252178a22307808988d22c043f9eb96f1e0fe80?s=96&d=mm&r=g","caption":"mennworldcon"},"sameAs":["https:\/\/mwc-cmm.org"],"url":"https:\/\/mwc-cmm.org\/fr\/stories\/author\/mennworldcon\/"}]}},"_links":{"self":[{"href":"https:\/\/mwc-cmm.org\/fr\/wp-json\/wp\/v2\/posts\/10084","targetHints":{"allow":["GET"]}}],"collection":[{"href":"https:\/\/mwc-cmm.org\/fr\/wp-json\/wp\/v2\/posts"}],"about":[{"href":"https:\/\/mwc-cmm.org\/fr\/wp-json\/wp\/v2\/types\/post"}],"author":[{"embeddable":true,"href":"https:\/\/mwc-cmm.org\/fr\/wp-json\/wp\/v2\/users\/1"}],"replies":[{"embeddable":true,"href":"https:\/\/mwc-cmm.org\/fr\/wp-json\/wp\/v2\/comments?post=10084"}],"version-history":[{"count":0,"href":"https:\/\/mwc-cmm.org\/fr\/wp-json\/wp\/v2\/posts\/10084\/revisions"}],"wp:featuredmedia":[{"embeddable":true,"href":"https:\/\/mwc-cmm.org\/fr\/wp-json\/wp\/v2\/media\/90978"}],"wp:attachment":[{"href":"https:\/\/mwc-cmm.org\/fr\/wp-json\/wp\/v2\/media?parent=10084"}],"wp:term":[{"taxonomy":"category","embeddable":true,"href":"https:\/\/mwc-cmm.org\/fr\/wp-json\/wp\/v2\/categories?post=10084"},{"taxonomy":"post_tag","embeddable":true,"href":"https:\/\/mwc-cmm.org\/fr\/wp-json\/wp\/v2\/tags?post=10084"},{"taxonomy":"network","embeddable":true,"href":"https:\/\/mwc-cmm.org\/fr\/wp-json\/wp\/v2\/network?post=10084"},{"taxonomy":"eventcategory","embeddable":true,"href":"https:\/\/mwc-cmm.org\/fr\/wp-json\/wp\/v2\/eventcategory?post=10084"}],"curies":[{"name":"wp","href":"https:\/\/api.w.org\/{rel}","templated":true}]}}