{"id":10080,"date":"2019-09-05T00:00:00","date_gmt":"2019-09-05T00:00:00","guid":{"rendered":"https:\/\/mwc-cmm.org\/more-curious-more-daring-4\/"},"modified":"2025-03-11T19:26:23","modified_gmt":"2025-03-11T19:26:23","slug":"more-curious-more-daring-4","status":"publish","type":"post","link":"https:\/\/mwc-cmm.org\/fr\/stories\/more-curious-more-daring-4\/","title":{"rendered":"Plus curieux, plus audacieux !"},"content":{"rendered":"<p>\u00ab&nbsp;Cette ann\u00e9e de service m\u2019a appris \u00e0 \u00eatre plus curieux, plus audacieux et j\u2019esp\u00e8re qu\u2019une fois rentr\u00e9 chez moi, je saurai \u00eatre un meilleur serviteur du Christ et de l\u2019\u00e9glise et \u00eatre plus entreprenant pour assumer des responsabilit\u00e9s&nbsp;\u00bb, dit Gerhard Peters, un participant de YAMEN 2019.<\/p>\n<p>Le jeune homme, d\u2019une colonie mennonite de l&rsquo;\u00c9tat de Chihuahua dans le nord du Mexique, a servi au Centre Meno qui est un centre de ressources \u00e0 Santa Cruz en Bolivie. Le centre offre des programmes de sant\u00e9 et d\u2019agriculture ainsi que de la litt\u00e9rature en bas allemand aux quelque 100 000 mennonites parlant le bas allemand en Bolivie. Ces mennonites \u00e0 la fois innovants et traditionnels vivent dans quelque 90 colonies dans des r\u00e9gions rurales de la Bolivie.<\/p>\n<p>\u00ab&nbsp;Chaque fois que je peux aider une personne \u00e0 trouver un livre qui l\u2019int\u00e9resse ou lui apporter une r\u00e9ponse \u00e0 sa question, cela me rend content&nbsp;\u00bb.<\/p>\n<p>Gerhard Peters travaille dans la biblioth\u00e8que du centre o\u00f9 il aide les gens \u00e0 trouver des livres et le journal <em>Die Mennonitische Post <\/em>ou bien simplement il parle avec les visiteurs.&nbsp;<\/p>\n<p>Gerhard emploie quatre langues \u00e0 son travail&nbsp;: il parle le bas-allemand\/Plautdietsh avec les mennonites de la colonie&nbsp;; l\u2019anglais avec les membres internationaux de l\u2019\u00e9quipe du MCC du Centre Meno&nbsp;; l\u2019allemand \u2013 principalement pour lire les livres et les journaux de la biblioth\u00e8que&nbsp;; et l\u2019espagnol avec sa famille h\u00f4te et \u00e0 l\u2019\u00e9glise.<\/p>\n<p><img decoding=\"async\" alt=\" Gerhard Peters\" data-src=\"https:\/\/mwc-cmm.org\/wp-content\/uploads\/2024\/10\/cropped.png\" style=\"--smush-image-width: 971px; --smush-image-aspect-ratio: 971\/467;width:400px; height:192px; margin:5px 10px; float:right\" width=\"971\" class=\"smush-dimensions lazyload\" src=\"data:image\/svg+xml;base64,PHN2ZyB3aWR0aD0iMSIgaGVpZ2h0PSIxIiB4bWxucz0iaHR0cDovL3d3dy53My5vcmcvMjAwMC9zdmciPjwvc3ZnPg==\" \/><\/p>\n<p>Tout est un peu diff\u00e9rent de ce qu\u2019il avait l\u2019habitude de faire, m\u00eame la fa\u00e7on dont les langues sont parl\u00e9es, mais Gerhard Peters apprend rapidement.<\/p>\n<p>\u00ab&nbsp;Nous louons le m\u00eame Dieu et je me suis senti comme chez moi dans cette \u00e9glise&nbsp;\u00bb, dit Gerhard.<\/p>\n<p>\u00ab&nbsp;Je suis tr\u00e8s content d\u2019avoir \u00e9t\u00e9 int\u00e9gr\u00e9 dans le groupe de louange malgr\u00e9 le fait que je ne connaissais pas la majorit\u00e9 des chants&nbsp;\u00bb, dit Gerhard Peters qui chante dans l\u2019\u00e9quipe musicale \u00e0 l\u2019\u00e9glise mennonite \u00e9vang\u00e9lique Boliviana Sinai. \u00ab&nbsp;Ils sont patients avec moi pendant que j\u2019apprends les nouveaux chants.&nbsp;\u00bb<\/p>\n<p>\u00ab&nbsp;Je me suis senti accueilli comme \u00e0 la maison par les jeunes de l\u2019\u00e9glise et les gens en g\u00e9n\u00e9ral&nbsp;\u00bb&nbsp; dit-il en \u00e9voquant les championnats de football, les camps organis\u00e9s les jours f\u00e9ri\u00e9s et les nombreuses occasions o\u00f9 les jeunes participaient ensemble au culte d\u2019adoration et \u00e0 des activit\u00e9s r\u00e9cr\u00e9atives.<\/p>\n<p>Un moment inoubliable a \u00e9t\u00e9 le culte de P\u00e2ques ALBA, c\u00e9l\u00e9br\u00e9 cette ann\u00e9e \u00e0 Santa Cruz. Le culte a commenc\u00e9 \u00e0 minuit&nbsp;; louange, pri\u00e8res, pi\u00e8ce de th\u00e9\u00e2tre et pr\u00e9dication se sont succ\u00e9d\u00e9 pendant six heures en pr\u00e9sence de 40&nbsp;000 personnes provenant de 600 \u00e9glises. \u00ab&nbsp;C\u2019\u00e9tait impressionnant de voir le grand nombre d\u2019\u00e9glises r\u00e9unies et l\u2019unit\u00e9 qui r\u00e9gnait \u00e0 cette c\u00e9l\u00e9bration d\u2019un \u00e9v\u00e9nement tr\u00e8s important du calendrier chr\u00e9tien&nbsp;\u00bb.<\/p>\n<p>Gerhard Peters appr\u00e9cie les relations amicales qu\u2019il a d\u00e9velopp\u00e9es avec les travailleurs du MCC Bolivie et les autres jeunes du programme d\u2019\u00e9change. \u00ab&nbsp;Toutes et tous travaillent pour construire un monde meilleur et gr\u00e2ce au soutien de chacun, mon ann\u00e9e de service a pass\u00e9 bien vite. Je rentre chez moi avec plein de bonnes exp\u00e9riences et de moments de joie inoubliables&nbsp;\u00bb.<\/p>\n<p>\u00ab&nbsp;J\u2019ai beaucoup appris durant cette ann\u00e9e et je suis tr\u00e8s reconnaissant pour toutes les personnes qui ont pris part \u00e0 cette ann\u00e9e de b\u00e9n\u00e9volat&nbsp;\u00bb dit Gerhard Peters. \u00ab&nbsp;Tout n\u2019a pas \u00e9t\u00e9 facile, tout ne s\u2019est pas pass\u00e9 comme je l\u2019esp\u00e9rais, mais dans ces moments et comme dans tous les autres, Dieu \u00e9tait avec moi. Je sais que je peux me confier en lui enti\u00e8rement. \u00ca Dieu soient toute la gloire et l\u2019honneur&nbsp;!&nbsp;\u00bb.<\/p>\n<p>&nbsp;<\/p>\n<p><em><a href=\"\/fr\/node\/751\">YAMEN<\/a> est un programme commun du Comit\u00e9 central mennonite (MCC) et de la Conf\u00e9rence Mennonite Mondiale<\/em><\/p>\n<p>&nbsp;<\/p>\n<p><em>\u2014<\/em><em>Communiqu\u00e9 commun de la Conf\u00e9rence Mennonite Mondiale et du Comit\u00e9 Central Mennonite.<\/em><\/p>\n","protected":false},"excerpt":{"rendered":"<p>\u00ab&nbsp;Cette ann\u00e9e de service m\u2019a appris \u00e0 \u00eatre plus curieux, plus audacieux et j\u2019esp\u00e8re qu\u2019une fois rentr\u00e9 chez moi, je saurai \u00eatre un meilleur serviteur du Christ et de l\u2019\u00e9glise et \u00eatre plus entreprenant pour assumer des responsabilit\u00e9s&nbsp;\u00bb, dit Gerhard Peters, un participant de YAMEN 2019. Le jeune homme, d\u2019une colonie mennonite de l&rsquo;\u00c9tat de [&hellip;]<\/p>\n","protected":false},"author":1,"featured_media":13016,"comment_status":"closed","ping_status":"closed","sticky":false,"template":"","format":"standard","meta":{"_acf_changed":false,"footnotes":""},"categories":[7],"tags":[396],"network":[1302,1285],"eventcategory":[],"class_list":["post-10080","post","type-post","status-publish","format-standard","has-post-thumbnail","hentry","category-non-classifiee","tag-yabs-fr","network-yamen-fr","network-young-anabaptists-fr"],"acf":[],"yoast_head":"<!-- This site is optimized with the Yoast SEO plugin v27.2 - https:\/\/yoast.com\/product\/yoast-seo-wordpress\/ -->\n<title>Plus curieux, plus audacieux ! - Mennonite World Conference<\/title>\n<meta name=\"robots\" content=\"index, follow, max-snippet:-1, max-image-preview:large, max-video-preview:-1\" \/>\n<link rel=\"canonical\" href=\"https:\/\/mwc-cmm.org\/fr\/stories\/more-curious-more-daring-4\/\" \/>\n<meta property=\"og:locale\" content=\"fr_FR\" \/>\n<meta property=\"og:type\" content=\"article\" \/>\n<meta property=\"og:title\" content=\"Plus curieux, plus audacieux ! - Mennonite World Conference\" \/>\n<meta property=\"og:description\" content=\"\u00ab&nbsp;Cette ann\u00e9e de service m\u2019a appris \u00e0 \u00eatre plus curieux, plus audacieux et j\u2019esp\u00e8re qu\u2019une fois rentr\u00e9 chez moi, je saurai \u00eatre un meilleur serviteur du Christ et de l\u2019\u00e9glise et \u00eatre plus entreprenant pour assumer des responsabilit\u00e9s&nbsp;\u00bb, dit Gerhard Peters, un participant de YAMEN 2019. Le jeune homme, d\u2019une colonie mennonite de l&rsquo;\u00c9tat de [&hellip;]\" \/>\n<meta property=\"og:url\" content=\"https:\/\/mwc-cmm.org\/fr\/stories\/more-curious-more-daring-4\/\" \/>\n<meta property=\"og:site_name\" content=\"Mennonite World Conference\" \/>\n<meta property=\"article:publisher\" content=\"https:\/\/www.facebook.com\/MennoniteWorldConference\" \/>\n<meta property=\"article:published_time\" content=\"2019-09-05T00:00:00+00:00\" \/>\n<meta property=\"article:modified_time\" content=\"2025-03-11T19:26:23+00:00\" \/>\n<meta property=\"og:image\" content=\"https:\/\/mwc-cmm.org\/wp-content\/uploads\/2024\/10\/yamen-gp-2019-centromeno.jpg\" \/>\n\t<meta property=\"og:image:width\" content=\"180\" \/>\n\t<meta property=\"og:image:height\" content=\"135\" \/>\n\t<meta property=\"og:image:type\" content=\"image\/jpeg\" \/>\n<meta name=\"author\" content=\"mennworldcon\" \/>\n<script type=\"application\/ld+json\" class=\"yoast-schema-graph\">{\"@context\":\"https:\/\/schema.org\",\"@graph\":[{\"@type\":\"Article\",\"@id\":\"https:\/\/mwc-cmm.org\/fr\/stories\/more-curious-more-daring-4\/#article\",\"isPartOf\":{\"@id\":\"https:\/\/mwc-cmm.org\/fr\/stories\/more-curious-more-daring-4\/\"},\"author\":{\"name\":\"mennworldcon\",\"@id\":\"https:\/\/mwc-cmm.org\/en\/#\/schema\/person\/11f6ae0d7d1868ba20a1cc27f067c836\"},\"headline\":\"Plus curieux, plus audacieux !\",\"datePublished\":\"2019-09-05T00:00:00+00:00\",\"dateModified\":\"2025-03-11T19:26:23+00:00\",\"mainEntityOfPage\":{\"@id\":\"https:\/\/mwc-cmm.org\/fr\/stories\/more-curious-more-daring-4\/\"},\"wordCount\":704,\"publisher\":{\"@id\":\"https:\/\/mwc-cmm.org\/en\/#organization\"},\"image\":{\"@id\":\"https:\/\/mwc-cmm.org\/fr\/stories\/more-curious-more-daring-4\/#primaryimage\"},\"thumbnailUrl\":\"https:\/\/mwc-cmm.org\/wp-content\/uploads\/2024\/10\/yamen-gp-2019-centromeno.jpg\",\"keywords\":[\"YABs\"],\"articleSection\":[\"Non classifi\u00e9(e)\"],\"inLanguage\":\"fr-FR\"},{\"@type\":\"WebPage\",\"@id\":\"https:\/\/mwc-cmm.org\/fr\/stories\/more-curious-more-daring-4\/\",\"url\":\"https:\/\/mwc-cmm.org\/fr\/stories\/more-curious-more-daring-4\/\",\"name\":\"Plus curieux, plus audacieux ! - Mennonite World Conference\",\"isPartOf\":{\"@id\":\"https:\/\/mwc-cmm.org\/en\/#website\"},\"primaryImageOfPage\":{\"@id\":\"https:\/\/mwc-cmm.org\/fr\/stories\/more-curious-more-daring-4\/#primaryimage\"},\"image\":{\"@id\":\"https:\/\/mwc-cmm.org\/fr\/stories\/more-curious-more-daring-4\/#primaryimage\"},\"thumbnailUrl\":\"https:\/\/mwc-cmm.org\/wp-content\/uploads\/2024\/10\/yamen-gp-2019-centromeno.jpg\",\"datePublished\":\"2019-09-05T00:00:00+00:00\",\"dateModified\":\"2025-03-11T19:26:23+00:00\",\"breadcrumb\":{\"@id\":\"https:\/\/mwc-cmm.org\/fr\/stories\/more-curious-more-daring-4\/#breadcrumb\"},\"inLanguage\":\"fr-FR\",\"potentialAction\":[{\"@type\":\"ReadAction\",\"target\":[\"https:\/\/mwc-cmm.org\/fr\/stories\/more-curious-more-daring-4\/\"]}]},{\"@type\":\"ImageObject\",\"inLanguage\":\"fr-FR\",\"@id\":\"https:\/\/mwc-cmm.org\/fr\/stories\/more-curious-more-daring-4\/#primaryimage\",\"url\":\"https:\/\/mwc-cmm.org\/wp-content\/uploads\/2024\/10\/yamen-gp-2019-centromeno.jpg\",\"contentUrl\":\"https:\/\/mwc-cmm.org\/wp-content\/uploads\/2024\/10\/yamen-gp-2019-centromeno.jpg\",\"width\":180,\"height\":135},{\"@type\":\"BreadcrumbList\",\"@id\":\"https:\/\/mwc-cmm.org\/fr\/stories\/more-curious-more-daring-4\/#breadcrumb\",\"itemListElement\":[{\"@type\":\"ListItem\",\"position\":1,\"name\":\"Home\",\"item\":\"https:\/\/mwc-cmm.org\/fr\/\"},{\"@type\":\"ListItem\",\"position\":2,\"name\":\"Plus curieux, plus audacieux !\"}]},{\"@type\":\"WebSite\",\"@id\":\"https:\/\/mwc-cmm.org\/en\/#website\",\"url\":\"https:\/\/mwc-cmm.org\/en\/\",\"name\":\"Mennonite World Conference\",\"description\":\"A communion of Anabaptist-related churches\",\"publisher\":{\"@id\":\"https:\/\/mwc-cmm.org\/en\/#organization\"},\"alternateName\":\"MWC\",\"potentialAction\":[{\"@type\":\"SearchAction\",\"target\":{\"@type\":\"EntryPoint\",\"urlTemplate\":\"https:\/\/mwc-cmm.org\/en\/?s={search_term_string}\"},\"query-input\":{\"@type\":\"PropertyValueSpecification\",\"valueRequired\":true,\"valueName\":\"search_term_string\"}}],\"inLanguage\":\"fr-FR\"},{\"@type\":\"Organization\",\"@id\":\"https:\/\/mwc-cmm.org\/en\/#organization\",\"name\":\"Mennonite World Conference\",\"alternateName\":\"MWC\",\"url\":\"https:\/\/mwc-cmm.org\/en\/\",\"logo\":{\"@type\":\"ImageObject\",\"inLanguage\":\"fr-FR\",\"@id\":\"https:\/\/mwc-cmm.org\/en\/#\/schema\/logo\/image\/\",\"url\":\"https:\/\/mwc-cmm.org\/wp-content\/uploads\/2026\/01\/MWC_Sig_Blue_Horiz_webheader1-logo.svg\",\"contentUrl\":\"https:\/\/mwc-cmm.org\/wp-content\/uploads\/2026\/01\/MWC_Sig_Blue_Horiz_webheader1-logo.svg\",\"width\":786,\"height\":82,\"caption\":\"Mennonite World Conference\"},\"image\":{\"@id\":\"https:\/\/mwc-cmm.org\/en\/#\/schema\/logo\/image\/\"},\"sameAs\":[\"https:\/\/www.facebook.com\/MennoniteWorldConference\",\"https:\/\/www.linkedin.com\/company\/mennonite-world-conference-mwc\/\",\"https:\/\/www.instagram.com\/mwcmm\/\",\"https:\/\/www.youtube.com\/user\/mwccmm\",\"https:\/\/bsky.app\/profile\/mwcmm.bsky.social\"]},{\"@type\":\"Person\",\"@id\":\"https:\/\/mwc-cmm.org\/en\/#\/schema\/person\/11f6ae0d7d1868ba20a1cc27f067c836\",\"name\":\"mennworldcon\",\"image\":{\"@type\":\"ImageObject\",\"inLanguage\":\"fr-FR\",\"@id\":\"https:\/\/secure.gravatar.com\/avatar\/06fdc0dc81c157dfdb82ec42f252178a22307808988d22c043f9eb96f1e0fe80?s=96&d=mm&r=g\",\"url\":\"https:\/\/secure.gravatar.com\/avatar\/06fdc0dc81c157dfdb82ec42f252178a22307808988d22c043f9eb96f1e0fe80?s=96&d=mm&r=g\",\"contentUrl\":\"https:\/\/secure.gravatar.com\/avatar\/06fdc0dc81c157dfdb82ec42f252178a22307808988d22c043f9eb96f1e0fe80?s=96&d=mm&r=g\",\"caption\":\"mennworldcon\"},\"sameAs\":[\"https:\/\/mwc-cmm.org\"],\"url\":\"https:\/\/mwc-cmm.org\/fr\/stories\/author\/mennworldcon\/\"}]}<\/script>\n<!-- \/ Yoast SEO plugin. -->","yoast_head_json":{"title":"Plus curieux, plus audacieux ! - Mennonite World Conference","robots":{"index":"index","follow":"follow","max-snippet":"max-snippet:-1","max-image-preview":"max-image-preview:large","max-video-preview":"max-video-preview:-1"},"canonical":"https:\/\/mwc-cmm.org\/fr\/stories\/more-curious-more-daring-4\/","og_locale":"fr_FR","og_type":"article","og_title":"Plus curieux, plus audacieux ! - Mennonite World Conference","og_description":"\u00ab&nbsp;Cette ann\u00e9e de service m\u2019a appris \u00e0 \u00eatre plus curieux, plus audacieux et j\u2019esp\u00e8re qu\u2019une fois rentr\u00e9 chez moi, je saurai \u00eatre un meilleur serviteur du Christ et de l\u2019\u00e9glise et \u00eatre plus entreprenant pour assumer des responsabilit\u00e9s&nbsp;\u00bb, dit Gerhard Peters, un participant de YAMEN 2019. Le jeune homme, d\u2019une colonie mennonite de l&rsquo;\u00c9tat de [&hellip;]","og_url":"https:\/\/mwc-cmm.org\/fr\/stories\/more-curious-more-daring-4\/","og_site_name":"Mennonite World Conference","article_publisher":"https:\/\/www.facebook.com\/MennoniteWorldConference","article_published_time":"2019-09-05T00:00:00+00:00","article_modified_time":"2025-03-11T19:26:23+00:00","og_image":[{"width":180,"height":135,"url":"https:\/\/mwc-cmm.org\/wp-content\/uploads\/2024\/10\/yamen-gp-2019-centromeno.jpg","type":"image\/jpeg"}],"author":"mennworldcon","schema":{"@context":"https:\/\/schema.org","@graph":[{"@type":"Article","@id":"https:\/\/mwc-cmm.org\/fr\/stories\/more-curious-more-daring-4\/#article","isPartOf":{"@id":"https:\/\/mwc-cmm.org\/fr\/stories\/more-curious-more-daring-4\/"},"author":{"name":"mennworldcon","@id":"https:\/\/mwc-cmm.org\/en\/#\/schema\/person\/11f6ae0d7d1868ba20a1cc27f067c836"},"headline":"Plus curieux, plus audacieux !","datePublished":"2019-09-05T00:00:00+00:00","dateModified":"2025-03-11T19:26:23+00:00","mainEntityOfPage":{"@id":"https:\/\/mwc-cmm.org\/fr\/stories\/more-curious-more-daring-4\/"},"wordCount":704,"publisher":{"@id":"https:\/\/mwc-cmm.org\/en\/#organization"},"image":{"@id":"https:\/\/mwc-cmm.org\/fr\/stories\/more-curious-more-daring-4\/#primaryimage"},"thumbnailUrl":"https:\/\/mwc-cmm.org\/wp-content\/uploads\/2024\/10\/yamen-gp-2019-centromeno.jpg","keywords":["YABs"],"articleSection":["Non classifi\u00e9(e)"],"inLanguage":"fr-FR"},{"@type":"WebPage","@id":"https:\/\/mwc-cmm.org\/fr\/stories\/more-curious-more-daring-4\/","url":"https:\/\/mwc-cmm.org\/fr\/stories\/more-curious-more-daring-4\/","name":"Plus curieux, plus audacieux ! - Mennonite World Conference","isPartOf":{"@id":"https:\/\/mwc-cmm.org\/en\/#website"},"primaryImageOfPage":{"@id":"https:\/\/mwc-cmm.org\/fr\/stories\/more-curious-more-daring-4\/#primaryimage"},"image":{"@id":"https:\/\/mwc-cmm.org\/fr\/stories\/more-curious-more-daring-4\/#primaryimage"},"thumbnailUrl":"https:\/\/mwc-cmm.org\/wp-content\/uploads\/2024\/10\/yamen-gp-2019-centromeno.jpg","datePublished":"2019-09-05T00:00:00+00:00","dateModified":"2025-03-11T19:26:23+00:00","breadcrumb":{"@id":"https:\/\/mwc-cmm.org\/fr\/stories\/more-curious-more-daring-4\/#breadcrumb"},"inLanguage":"fr-FR","potentialAction":[{"@type":"ReadAction","target":["https:\/\/mwc-cmm.org\/fr\/stories\/more-curious-more-daring-4\/"]}]},{"@type":"ImageObject","inLanguage":"fr-FR","@id":"https:\/\/mwc-cmm.org\/fr\/stories\/more-curious-more-daring-4\/#primaryimage","url":"https:\/\/mwc-cmm.org\/wp-content\/uploads\/2024\/10\/yamen-gp-2019-centromeno.jpg","contentUrl":"https:\/\/mwc-cmm.org\/wp-content\/uploads\/2024\/10\/yamen-gp-2019-centromeno.jpg","width":180,"height":135},{"@type":"BreadcrumbList","@id":"https:\/\/mwc-cmm.org\/fr\/stories\/more-curious-more-daring-4\/#breadcrumb","itemListElement":[{"@type":"ListItem","position":1,"name":"Home","item":"https:\/\/mwc-cmm.org\/fr\/"},{"@type":"ListItem","position":2,"name":"Plus curieux, plus audacieux !"}]},{"@type":"WebSite","@id":"https:\/\/mwc-cmm.org\/en\/#website","url":"https:\/\/mwc-cmm.org\/en\/","name":"Mennonite World Conference","description":"A communion of Anabaptist-related churches","publisher":{"@id":"https:\/\/mwc-cmm.org\/en\/#organization"},"alternateName":"MWC","potentialAction":[{"@type":"SearchAction","target":{"@type":"EntryPoint","urlTemplate":"https:\/\/mwc-cmm.org\/en\/?s={search_term_string}"},"query-input":{"@type":"PropertyValueSpecification","valueRequired":true,"valueName":"search_term_string"}}],"inLanguage":"fr-FR"},{"@type":"Organization","@id":"https:\/\/mwc-cmm.org\/en\/#organization","name":"Mennonite World Conference","alternateName":"MWC","url":"https:\/\/mwc-cmm.org\/en\/","logo":{"@type":"ImageObject","inLanguage":"fr-FR","@id":"https:\/\/mwc-cmm.org\/en\/#\/schema\/logo\/image\/","url":"https:\/\/mwc-cmm.org\/wp-content\/uploads\/2026\/01\/MWC_Sig_Blue_Horiz_webheader1-logo.svg","contentUrl":"https:\/\/mwc-cmm.org\/wp-content\/uploads\/2026\/01\/MWC_Sig_Blue_Horiz_webheader1-logo.svg","width":786,"height":82,"caption":"Mennonite World Conference"},"image":{"@id":"https:\/\/mwc-cmm.org\/en\/#\/schema\/logo\/image\/"},"sameAs":["https:\/\/www.facebook.com\/MennoniteWorldConference","https:\/\/www.linkedin.com\/company\/mennonite-world-conference-mwc\/","https:\/\/www.instagram.com\/mwcmm\/","https:\/\/www.youtube.com\/user\/mwccmm","https:\/\/bsky.app\/profile\/mwcmm.bsky.social"]},{"@type":"Person","@id":"https:\/\/mwc-cmm.org\/en\/#\/schema\/person\/11f6ae0d7d1868ba20a1cc27f067c836","name":"mennworldcon","image":{"@type":"ImageObject","inLanguage":"fr-FR","@id":"https:\/\/secure.gravatar.com\/avatar\/06fdc0dc81c157dfdb82ec42f252178a22307808988d22c043f9eb96f1e0fe80?s=96&d=mm&r=g","url":"https:\/\/secure.gravatar.com\/avatar\/06fdc0dc81c157dfdb82ec42f252178a22307808988d22c043f9eb96f1e0fe80?s=96&d=mm&r=g","contentUrl":"https:\/\/secure.gravatar.com\/avatar\/06fdc0dc81c157dfdb82ec42f252178a22307808988d22c043f9eb96f1e0fe80?s=96&d=mm&r=g","caption":"mennworldcon"},"sameAs":["https:\/\/mwc-cmm.org"],"url":"https:\/\/mwc-cmm.org\/fr\/stories\/author\/mennworldcon\/"}]}},"_links":{"self":[{"href":"https:\/\/mwc-cmm.org\/fr\/wp-json\/wp\/v2\/posts\/10080","targetHints":{"allow":["GET"]}}],"collection":[{"href":"https:\/\/mwc-cmm.org\/fr\/wp-json\/wp\/v2\/posts"}],"about":[{"href":"https:\/\/mwc-cmm.org\/fr\/wp-json\/wp\/v2\/types\/post"}],"author":[{"embeddable":true,"href":"https:\/\/mwc-cmm.org\/fr\/wp-json\/wp\/v2\/users\/1"}],"replies":[{"embeddable":true,"href":"https:\/\/mwc-cmm.org\/fr\/wp-json\/wp\/v2\/comments?post=10080"}],"version-history":[{"count":0,"href":"https:\/\/mwc-cmm.org\/fr\/wp-json\/wp\/v2\/posts\/10080\/revisions"}],"wp:featuredmedia":[{"embeddable":true,"href":"https:\/\/mwc-cmm.org\/fr\/wp-json\/wp\/v2\/media\/13016"}],"wp:attachment":[{"href":"https:\/\/mwc-cmm.org\/fr\/wp-json\/wp\/v2\/media?parent=10080"}],"wp:term":[{"taxonomy":"category","embeddable":true,"href":"https:\/\/mwc-cmm.org\/fr\/wp-json\/wp\/v2\/categories?post=10080"},{"taxonomy":"post_tag","embeddable":true,"href":"https:\/\/mwc-cmm.org\/fr\/wp-json\/wp\/v2\/tags?post=10080"},{"taxonomy":"network","embeddable":true,"href":"https:\/\/mwc-cmm.org\/fr\/wp-json\/wp\/v2\/network?post=10080"},{"taxonomy":"eventcategory","embeddable":true,"href":"https:\/\/mwc-cmm.org\/fr\/wp-json\/wp\/v2\/eventcategory?post=10080"}],"curies":[{"name":"wp","href":"https:\/\/api.w.org\/{rel}","templated":true}]}}